{"id":6654,"date":"2011-06-09T15:39:52","date_gmt":"2011-06-09T12:39:52","guid":{"rendered":"http:\/\/localhost\/wordpress\/2011\/06\/09\/yalniz-yerdir-cehennem\/"},"modified":"2011-06-09T15:39:52","modified_gmt":"2011-06-09T12:39:52","slug":"yalniz-yerdir-cehennem","status":"publish","type":"post","link":"https:\/\/narteks.net\/index.php\/2011\/06\/09\/yalniz-yerdir-cehennem\/","title":{"rendered":"YALNIZ YERD\u0130R CEHENNEM"},"content":{"rendered":"<p>\u00a0<\/p>\n<p>adam 65&#8217;indeydi, kar\u0131s\u0131 66, alzheimer<br \/>hastas\u0131.<\/p>\n<p>adam\u0131n a\u011fz\u0131<br \/>kanserdi.<br \/>ge\u00e7irdi\u011fi ameliyatlar ve g\u00f6rd\u00fc\u011f\u00fc<br \/>\u0131\u015f\u0131n tedavileri<br \/>\u00e7ene kemi\u011fini eritince<br \/>tel takm\u0131\u015flard\u0131<br \/>\u00e7enesine.<\/p>\n<p>bir bebe\u011fin alt\u0131n\u0131<br \/>de\u011fi\u015ftirir gibi<br \/>herg\u00fcn<br \/>alt\u0131n\u0131 de\u011fi\u015ftirirdi<br \/>kar\u0131s\u0131n\u0131n.<\/p>\n<p>durumundan dolay\u0131<br \/>araba s\u00fcremedi\u011fi i\u00e7in<br \/>hastaneye taksi ile<br \/>gider,<br \/>konu\u015fmakta zorland\u0131\u011f\u0131 i\u00e7in<br \/>adresi ka\u011f\u0131da yazard\u0131.<\/p>\n<p>son ziyaretine<br \/>bir ameliyat daha<br \/>gerekti\u011fini s\u00f6ylediler<br \/>ona; sol<br \/>yana\u011f\u0131n\u0131n ve dilinin<br \/>biraz daha temizlenmesi gerekiyordu.<br \/>eve d\u00f6nd\u00fc\u011f\u00fcnde<br \/>kar\u0131s\u0131n\u0131n alt\u0131n\u0131 de\u011fi\u015ftirdi,<br \/>f\u0131r\u0131na dondurulmu\u015f haz\u0131r yemeklerden<br \/>koydu, ak\u015fam haberlerini<br \/>izledikten sonra<br \/>yatak odas\u0131na gitti, silah\u0131<br \/>ald\u0131, kar\u0131s\u0131n\u0131n \u015faka\u011f\u0131na<br \/>dayad\u0131 ve ate\u015fledi.<\/p>\n<p>kad\u0131n soluna<br \/>y\u0131\u011f\u0131ld\u0131, adam<br \/>kanepeye<br \/>oturdu,<br \/>namluyu a\u011fz\u0131na soktu ve<br \/>teti\u011fi \u00e7ekti.<br \/>silah sesleri kom\u015fular\u0131<br \/>harekete ge\u00e7irmedi.<br \/>daha sonra f\u0131r\u0131nda<br \/>yanan yeme\u011fin kokusu<br \/>ge\u00e7irdi.<\/p>\n<p>biri geldi, kap\u0131y\u0131<br \/>omuzlayarak a\u00e7t\u0131 ve g\u00f6rd\u00fc<br \/>\u00e7ok ge\u00e7meden<br \/>polisler gelip<br \/>i\u015fe koyuldular, baz\u0131 \u015feyler<br \/>buldular:<\/p>\n<p>bakiyesi bir dolar on d\u00f6rt sent olan<br \/>bir tasarruf hesab\u0131 defteri<br \/>sonuca vard\u0131lar<br \/>intihar.<\/p>\n<p>\u00fc\u00e7 hafta sonra<br \/>iki yeni kirac\u0131<br \/>ta\u015f\u0131nd\u0131 daireye:<\/p>\n<p>ross ad\u0131nda<br \/>bir bilgisayar m\u00fchendisi ile<br \/>bale e\u011fitimi alan<br \/>kar\u0131s\u0131 anatana.<\/p>\n<p>y\u00fckselme e\u011filiminde<br \/>\u00e7iftlerden biri gibi<br \/>g\u00f6r\u00fcn\u00fcyorlard\u0131.<\/p>\n<p>Charles BUKOWSK\u0130<\/p>\n","protected":false},"excerpt":{"rendered":"<p>\u00a0 adam 65&#8217;indeydi, kar\u0131s\u0131 66, alzheimerhastas\u0131. adam\u0131n a\u011fz\u0131kanserdi.ge\u00e7irdi\u011fi ameliyatlar ve g\u00f6rd\u00fc\u011f\u00fc\u0131\u015f\u0131n tedavileri\u00e7ene kemi\u011fini eritincetel takm\u0131\u015flard\u0131\u00e7enesine. bir bebe\u011fin alt\u0131n\u0131de\u011fi\u015ftirir gibiherg\u00fcnalt\u0131n\u0131 de\u011fi\u015ftirirdikar\u0131s\u0131n\u0131n. durumundan dolay\u0131araba s\u00fcremedi\u011fi i\u00e7inhastaneye taksi ilegider,konu\u015fmakta zorland\u0131\u011f\u0131 i\u00e7inadresi ka\u011f\u0131da yazard\u0131. son ziyaretinebir ameliyat dahagerekti\u011fini s\u00f6yledilerona; solyana\u011f\u0131n\u0131n ve dilininbiraz daha temizlenmesi gerekiyordu.eve d\u00f6nd\u00fc\u011f\u00fcndekar\u0131s\u0131n\u0131n alt\u0131n\u0131 de\u011fi\u015ftirdi,f\u0131r\u0131na dondurulmu\u015f haz\u0131r yemeklerdenkoydu, ak\u015fam haberleriniizledikten sonrayatak odas\u0131na gitti, silah\u0131ald\u0131, kar\u0131s\u0131n\u0131n \u015faka\u011f\u0131nadayad\u0131 [&hellip;]<\/p>\n","protected":false},"author":1,"featured_media":0,"comment_status":"open","ping_status":"open","sticky":false,"template":"","format":"standard","meta":{"footnotes":""},"categories":[132],"tags":[],"class_list":{"0":"post-6654","1":"post","2":"type-post","3":"status-publish","4":"format-standard","6":"category-charles-bukowski"},"yoast_head":"<!-- This site is optimized with the Yoast SEO Premium plugin v24.9 (Yoast SEO v24.9) - https:\/\/yoast.com\/wordpress\/plugins\/seo\/ -->\n<title>YALNIZ YERD\u0130R CEHENNEM - narteks.net<\/title>\n<meta name=\"robots\" content=\"index, follow, max-snippet:-1, max-image-preview:large, max-video-preview:-1\" \/>\n<link rel=\"canonical\" href=\"https:\/\/narteks.net\/index.php\/2011\/06\/09\/yalniz-yerdir-cehennem\/\" \/>\n<meta property=\"og:locale\" content=\"tr_TR\" \/>\n<meta property=\"og:type\" content=\"article\" \/>\n<meta property=\"og:title\" content=\"YALNIZ YERD\u0130R CEHENNEM\" \/>\n<meta property=\"og:description\" content=\"\u00a0 adam 65&#8217;indeydi, kar\u0131s\u0131 66, alzheimerhastas\u0131. adam\u0131n a\u011fz\u0131kanserdi.ge\u00e7irdi\u011fi ameliyatlar ve g\u00f6rd\u00fc\u011f\u00fc\u0131\u015f\u0131n tedavileri\u00e7ene kemi\u011fini eritincetel takm\u0131\u015flard\u0131\u00e7enesine. bir bebe\u011fin alt\u0131n\u0131de\u011fi\u015ftirir gibiherg\u00fcnalt\u0131n\u0131 de\u011fi\u015ftirirdikar\u0131s\u0131n\u0131n. durumundan dolay\u0131araba s\u00fcremedi\u011fi i\u00e7inhastaneye taksi ilegider,konu\u015fmakta zorland\u0131\u011f\u0131 i\u00e7inadresi ka\u011f\u0131da yazard\u0131. son ziyaretinebir ameliyat dahagerekti\u011fini s\u00f6yledilerona; solyana\u011f\u0131n\u0131n ve dilininbiraz daha temizlenmesi gerekiyordu.eve d\u00f6nd\u00fc\u011f\u00fcndekar\u0131s\u0131n\u0131n alt\u0131n\u0131 de\u011fi\u015ftirdi,f\u0131r\u0131na dondurulmu\u015f haz\u0131r yemeklerdenkoydu, ak\u015fam haberleriniizledikten sonrayatak odas\u0131na gitti, silah\u0131ald\u0131, kar\u0131s\u0131n\u0131n \u015faka\u011f\u0131nadayad\u0131 [&hellip;]\" \/>\n<meta property=\"og:url\" content=\"https:\/\/narteks.net\/index.php\/2011\/06\/09\/yalniz-yerdir-cehennem\/\" \/>\n<meta property=\"og:site_name\" content=\"narteks.net\" \/>\n<meta property=\"article:published_time\" content=\"2011-06-09T12:39:52+00:00\" \/>\n<meta property=\"og:image\" content=\"https:\/\/narteks.net\/wp-content\/uploads\/narteks.png\" \/>\n\t<meta property=\"og:image:width\" content=\"300\" \/>\n\t<meta property=\"og:image:height\" content=\"90\" \/>\n\t<meta property=\"og:image:type\" content=\"image\/png\" \/>\n<meta name=\"author\" content=\"Tar\u0131k\" \/>\n<meta name=\"twitter:card\" content=\"summary_large_image\" \/>\n<meta name=\"twitter:creator\" content=\"@narteks\" \/>\n<meta name=\"twitter:site\" content=\"@narteks\" \/>\n<meta name=\"twitter:label1\" content=\"Yazan:\" \/>\n\t<meta name=\"twitter:data1\" content=\"Tar\u0131k\" \/>\n\t<meta name=\"twitter:label2\" content=\"Tahmini okuma s\u00fcresi\" \/>\n\t<meta name=\"twitter:data2\" content=\"1 dakika\" \/>\n<script type=\"application\/ld+json\" class=\"yoast-schema-graph\">{\"@context\":\"https:\/\/schema.org\",\"@graph\":[{\"@type\":\"Article\",\"@id\":\"https:\/\/narteks.net\/index.php\/2011\/06\/09\/yalniz-yerdir-cehennem\/#article\",\"isPartOf\":{\"@id\":\"https:\/\/narteks.net\/index.php\/2011\/06\/09\/yalniz-yerdir-cehennem\/\"},\"author\":{\"name\":\"Tar\u0131k\",\"@id\":\"https:\/\/narteks.net\/#\/schema\/person\/61f37d9834294b72d31d274e7ed79bca\"},\"headline\":\"YALNIZ YERD\u0130R CEHENNEM\",\"datePublished\":\"2011-06-09T12:39:52+00:00\",\"mainEntityOfPage\":{\"@id\":\"https:\/\/narteks.net\/index.php\/2011\/06\/09\/yalniz-yerdir-cehennem\/\"},\"wordCount\":208,\"commentCount\":0,\"publisher\":{\"@id\":\"https:\/\/narteks.net\/#organization\"},\"articleSection\":[\"Charles BUKOWSK\u0130\"],\"inLanguage\":\"tr\",\"potentialAction\":[{\"@type\":\"CommentAction\",\"name\":\"Comment\",\"target\":[\"https:\/\/narteks.net\/index.php\/2011\/06\/09\/yalniz-yerdir-cehennem\/#respond\"]}]},{\"@type\":\"WebPage\",\"@id\":\"https:\/\/narteks.net\/index.php\/2011\/06\/09\/yalniz-yerdir-cehennem\/\",\"url\":\"https:\/\/narteks.net\/index.php\/2011\/06\/09\/yalniz-yerdir-cehennem\/\",\"name\":\"YALNIZ YERD\u0130R CEHENNEM - narteks.net\",\"isPartOf\":{\"@id\":\"https:\/\/narteks.net\/#website\"},\"datePublished\":\"2011-06-09T12:39:52+00:00\",\"breadcrumb\":{\"@id\":\"https:\/\/narteks.net\/index.php\/2011\/06\/09\/yalniz-yerdir-cehennem\/#breadcrumb\"},\"inLanguage\":\"tr\",\"potentialAction\":[{\"@type\":\"ReadAction\",\"target\":[\"https:\/\/narteks.net\/index.php\/2011\/06\/09\/yalniz-yerdir-cehennem\/\"]}]},{\"@type\":\"BreadcrumbList\",\"@id\":\"https:\/\/narteks.net\/index.php\/2011\/06\/09\/yalniz-yerdir-cehennem\/#breadcrumb\",\"itemListElement\":[{\"@type\":\"ListItem\",\"position\":1,\"name\":\"Anasayfa\",\"item\":\"https:\/\/narteks.net\/\"},{\"@type\":\"ListItem\",\"position\":2,\"name\":\"YALNIZ YERD\u0130R CEHENNEM\"}]},{\"@type\":\"WebSite\",\"@id\":\"https:\/\/narteks.net\/#website\",\"url\":\"https:\/\/narteks.net\/\",\"name\":\"narteks.net\",\"description\":\"K\u00fclt\u00fcr Sanat Edebiyat Felsefe\",\"publisher\":{\"@id\":\"https:\/\/narteks.net\/#organization\"},\"alternateName\":\"K\u00fclt\u00fcr Sanat Edebiyat Felsefe\",\"potentialAction\":[{\"@type\":\"SearchAction\",\"target\":{\"@type\":\"EntryPoint\",\"urlTemplate\":\"https:\/\/narteks.net\/?s={search_term_string}\"},\"query-input\":{\"@type\":\"PropertyValueSpecification\",\"valueRequired\":true,\"valueName\":\"search_term_string\"}}],\"inLanguage\":\"tr\"},{\"@type\":\"Organization\",\"@id\":\"https:\/\/narteks.net\/#organization\",\"name\":\"narteks.net\",\"url\":\"https:\/\/narteks.net\/\",\"logo\":{\"@type\":\"ImageObject\",\"inLanguage\":\"tr\",\"@id\":\"https:\/\/narteks.net\/#\/schema\/logo\/image\/\",\"url\":\"https:\/\/narteks.net\/wp-content\/uploads\/narteks.png\",\"contentUrl\":\"https:\/\/narteks.net\/wp-content\/uploads\/narteks.png\",\"width\":300,\"height\":90,\"caption\":\"narteks.net\"},\"image\":{\"@id\":\"https:\/\/narteks.net\/#\/schema\/logo\/image\/\"},\"sameAs\":[\"https:\/\/x.com\/narteks\",\"https:\/\/instagram.com\/narteksnet\"]},{\"@type\":\"Person\",\"@id\":\"https:\/\/narteks.net\/#\/schema\/person\/61f37d9834294b72d31d274e7ed79bca\",\"name\":\"Tar\u0131k\",\"image\":{\"@type\":\"ImageObject\",\"inLanguage\":\"tr\",\"@id\":\"https:\/\/narteks.net\/#\/schema\/person\/image\/\",\"url\":\"https:\/\/secure.gravatar.com\/avatar\/50865afb55632c4ae467e0af0930f6510aa2297d8014be502a55b14f3b7550cf?s=96&d=mm&r=g\",\"contentUrl\":\"https:\/\/secure.gravatar.com\/avatar\/50865afb55632c4ae467e0af0930f6510aa2297d8014be502a55b14f3b7550cf?s=96&d=mm&r=g\",\"caption\":\"Tar\u0131k\"},\"sameAs\":[\"http:\/\/narteks.net\"],\"url\":\"https:\/\/narteks.net\/index.php\/author\/narbak\/\"}]}<\/script>\n<!-- \/ Yoast SEO Premium plugin. -->","yoast_head_json":{"title":"YALNIZ YERD\u0130R CEHENNEM - narteks.net","robots":{"index":"index","follow":"follow","max-snippet":"max-snippet:-1","max-image-preview":"max-image-preview:large","max-video-preview":"max-video-preview:-1"},"canonical":"https:\/\/narteks.net\/index.php\/2011\/06\/09\/yalniz-yerdir-cehennem\/","og_locale":"tr_TR","og_type":"article","og_title":"YALNIZ YERD\u0130R CEHENNEM","og_description":"\u00a0 adam 65&#8217;indeydi, kar\u0131s\u0131 66, alzheimerhastas\u0131. adam\u0131n a\u011fz\u0131kanserdi.ge\u00e7irdi\u011fi ameliyatlar ve g\u00f6rd\u00fc\u011f\u00fc\u0131\u015f\u0131n tedavileri\u00e7ene kemi\u011fini eritincetel takm\u0131\u015flard\u0131\u00e7enesine. bir bebe\u011fin alt\u0131n\u0131de\u011fi\u015ftirir gibiherg\u00fcnalt\u0131n\u0131 de\u011fi\u015ftirirdikar\u0131s\u0131n\u0131n. durumundan dolay\u0131araba s\u00fcremedi\u011fi i\u00e7inhastaneye taksi ilegider,konu\u015fmakta zorland\u0131\u011f\u0131 i\u00e7inadresi ka\u011f\u0131da yazard\u0131. son ziyaretinebir ameliyat dahagerekti\u011fini s\u00f6yledilerona; solyana\u011f\u0131n\u0131n ve dilininbiraz daha temizlenmesi gerekiyordu.eve d\u00f6nd\u00fc\u011f\u00fcndekar\u0131s\u0131n\u0131n alt\u0131n\u0131 de\u011fi\u015ftirdi,f\u0131r\u0131na dondurulmu\u015f haz\u0131r yemeklerdenkoydu, ak\u015fam haberleriniizledikten sonrayatak odas\u0131na gitti, silah\u0131ald\u0131, kar\u0131s\u0131n\u0131n \u015faka\u011f\u0131nadayad\u0131 [&hellip;]","og_url":"https:\/\/narteks.net\/index.php\/2011\/06\/09\/yalniz-yerdir-cehennem\/","og_site_name":"narteks.net","article_published_time":"2011-06-09T12:39:52+00:00","og_image":[{"width":300,"height":90,"url":"https:\/\/narteks.net\/wp-content\/uploads\/narteks.png","type":"image\/png"}],"author":"Tar\u0131k","twitter_card":"summary_large_image","twitter_creator":"@narteks","twitter_site":"@narteks","twitter_misc":{"Yazan:":"Tar\u0131k","Tahmini okuma s\u00fcresi":"1 dakika"},"schema":{"@context":"https:\/\/schema.org","@graph":[{"@type":"Article","@id":"https:\/\/narteks.net\/index.php\/2011\/06\/09\/yalniz-yerdir-cehennem\/#article","isPartOf":{"@id":"https:\/\/narteks.net\/index.php\/2011\/06\/09\/yalniz-yerdir-cehennem\/"},"author":{"name":"Tar\u0131k","@id":"https:\/\/narteks.net\/#\/schema\/person\/61f37d9834294b72d31d274e7ed79bca"},"headline":"YALNIZ YERD\u0130R CEHENNEM","datePublished":"2011-06-09T12:39:52+00:00","mainEntityOfPage":{"@id":"https:\/\/narteks.net\/index.php\/2011\/06\/09\/yalniz-yerdir-cehennem\/"},"wordCount":208,"commentCount":0,"publisher":{"@id":"https:\/\/narteks.net\/#organization"},"articleSection":["Charles BUKOWSK\u0130"],"inLanguage":"tr","potentialAction":[{"@type":"CommentAction","name":"Comment","target":["https:\/\/narteks.net\/index.php\/2011\/06\/09\/yalniz-yerdir-cehennem\/#respond"]}]},{"@type":"WebPage","@id":"https:\/\/narteks.net\/index.php\/2011\/06\/09\/yalniz-yerdir-cehennem\/","url":"https:\/\/narteks.net\/index.php\/2011\/06\/09\/yalniz-yerdir-cehennem\/","name":"YALNIZ YERD\u0130R CEHENNEM - narteks.net","isPartOf":{"@id":"https:\/\/narteks.net\/#website"},"datePublished":"2011-06-09T12:39:52+00:00","breadcrumb":{"@id":"https:\/\/narteks.net\/index.php\/2011\/06\/09\/yalniz-yerdir-cehennem\/#breadcrumb"},"inLanguage":"tr","potentialAction":[{"@type":"ReadAction","target":["https:\/\/narteks.net\/index.php\/2011\/06\/09\/yalniz-yerdir-cehennem\/"]}]},{"@type":"BreadcrumbList","@id":"https:\/\/narteks.net\/index.php\/2011\/06\/09\/yalniz-yerdir-cehennem\/#breadcrumb","itemListElement":[{"@type":"ListItem","position":1,"name":"Anasayfa","item":"https:\/\/narteks.net\/"},{"@type":"ListItem","position":2,"name":"YALNIZ YERD\u0130R CEHENNEM"}]},{"@type":"WebSite","@id":"https:\/\/narteks.net\/#website","url":"https:\/\/narteks.net\/","name":"narteks.net","description":"K\u00fclt\u00fcr Sanat Edebiyat Felsefe","publisher":{"@id":"https:\/\/narteks.net\/#organization"},"alternateName":"K\u00fclt\u00fcr Sanat Edebiyat Felsefe","potentialAction":[{"@type":"SearchAction","target":{"@type":"EntryPoint","urlTemplate":"https:\/\/narteks.net\/?s={search_term_string}"},"query-input":{"@type":"PropertyValueSpecification","valueRequired":true,"valueName":"search_term_string"}}],"inLanguage":"tr"},{"@type":"Organization","@id":"https:\/\/narteks.net\/#organization","name":"narteks.net","url":"https:\/\/narteks.net\/","logo":{"@type":"ImageObject","inLanguage":"tr","@id":"https:\/\/narteks.net\/#\/schema\/logo\/image\/","url":"https:\/\/narteks.net\/wp-content\/uploads\/narteks.png","contentUrl":"https:\/\/narteks.net\/wp-content\/uploads\/narteks.png","width":300,"height":90,"caption":"narteks.net"},"image":{"@id":"https:\/\/narteks.net\/#\/schema\/logo\/image\/"},"sameAs":["https:\/\/x.com\/narteks","https:\/\/instagram.com\/narteksnet"]},{"@type":"Person","@id":"https:\/\/narteks.net\/#\/schema\/person\/61f37d9834294b72d31d274e7ed79bca","name":"Tar\u0131k","image":{"@type":"ImageObject","inLanguage":"tr","@id":"https:\/\/narteks.net\/#\/schema\/person\/image\/","url":"https:\/\/secure.gravatar.com\/avatar\/50865afb55632c4ae467e0af0930f6510aa2297d8014be502a55b14f3b7550cf?s=96&d=mm&r=g","contentUrl":"https:\/\/secure.gravatar.com\/avatar\/50865afb55632c4ae467e0af0930f6510aa2297d8014be502a55b14f3b7550cf?s=96&d=mm&r=g","caption":"Tar\u0131k"},"sameAs":["http:\/\/narteks.net"],"url":"https:\/\/narteks.net\/index.php\/author\/narbak\/"}]}},"_links":{"self":[{"href":"https:\/\/narteks.net\/index.php\/wp-json\/wp\/v2\/posts\/6654","targetHints":{"allow":["GET"]}}],"collection":[{"href":"https:\/\/narteks.net\/index.php\/wp-json\/wp\/v2\/posts"}],"about":[{"href":"https:\/\/narteks.net\/index.php\/wp-json\/wp\/v2\/types\/post"}],"author":[{"embeddable":true,"href":"https:\/\/narteks.net\/index.php\/wp-json\/wp\/v2\/users\/1"}],"replies":[{"embeddable":true,"href":"https:\/\/narteks.net\/index.php\/wp-json\/wp\/v2\/comments?post=6654"}],"version-history":[{"count":0,"href":"https:\/\/narteks.net\/index.php\/wp-json\/wp\/v2\/posts\/6654\/revisions"}],"wp:attachment":[{"href":"https:\/\/narteks.net\/index.php\/wp-json\/wp\/v2\/media?parent=6654"}],"wp:term":[{"taxonomy":"category","embeddable":true,"href":"https:\/\/narteks.net\/index.php\/wp-json\/wp\/v2\/categories?post=6654"},{"taxonomy":"post_tag","embeddable":true,"href":"https:\/\/narteks.net\/index.php\/wp-json\/wp\/v2\/tags?post=6654"}],"curies":[{"name":"wp","href":"https:\/\/api.w.org\/{rel}","templated":true}]}}