{"id":667,"date":"2009-04-16T11:10:04","date_gmt":"2009-04-16T08:10:04","guid":{"rendered":"http:\/\/localhost\/wordpress\/2009\/04\/16\/aciyi-bal-eyledik\/"},"modified":"2009-04-16T11:10:04","modified_gmt":"2009-04-16T08:10:04","slug":"aciyi-bal-eyledik","status":"publish","type":"post","link":"https:\/\/narteks.net\/index.php\/2009\/04\/16\/aciyi-bal-eyledik\/","title":{"rendered":"ACIYI BAL EYLED\u0130K"},"content":{"rendered":"<p>\u00a0<\/p>\n<p>\u00abpir sultan \u00f6l\u00fcr dirilir\u00bb <\/p>\n<p>bak \u015fu bebelerin g\u00fczelli\u011fine <br \/> ka\u015f\u0131 destan <br \/> g\u00f6z\u00fc destan <br \/> elleri kan i\u00e7inde <\/p>\n<p>k\u00f6r olas\u0131n demiyorum <br \/>k\u00f6r olma da  <br \/> g\u00f6r beni <\/p>\n<p>damda birlikte yatm\u0131\u015f\u0131z <br \/>\u00f6k\u00fcz\u00fc ho\u015f\u00e7a tutmu\u015fuz <br \/>koyun de\u011fil \u015fu da\u011flarda <br \/>san kendimizi g\u00fctm\u00fc\u015f\u00fcz <br \/>hor bakt\u0131k m\u0131 kar\u0131ncaya <br \/>k\u0131rd\u0131k m\u0131 kanad\u0131n\u0131 ser\u00e7enin <br \/>vurduk mu karacan\u0131n yavrulusunu <br \/>ya nas\u0131l k\u0131yar\u0131z insana <\/p>\n<p>sen olmasan \u00f6ld\u00fcrmek ne <br \/>\u00e7\u00fcr\u00fcmek ne zindanlarda <br \/>\u00f6zlem ne ayr\u0131l\u0131k ne <br \/>yokluk ne yoksulluk ne <br \/>ilenmek ne dilenmek ne <br \/>i\u015fsiz g\u00fc\u00e7s\u00fcz dolanmak ne <br \/>g\u00fcn g\u00fcn ile bar\u0131\u015fmal\u0131 <br \/>karde\u015f karde\u015f duru\u015fmal\u0131 <br \/>kokla\u015fmal\u0131 s\u00f6yle\u015fmeli <br \/>korka korka ya\u015famak ne <\/p>\n<p>kahrolas\u0131n demiyorum <br \/>kahrolma da <br \/> g\u00f6r beni <\/p>\n<p>kanad\u0131k toprak olduk <br \/>\u00e7ekildik bayrak olduk <br \/>d\u00f6k\u00fcld\u00fck yaprak olduk <br \/>geldik bug\u00fcne <\/p>\n<p>ekme\u011fi bol eyledik <br \/>ac\u0131y\u0131 bal eyledik <br \/>s\u0131rat\u0131 yol eyledik <br \/>geldik bug\u00fcne <\/p>\n<p>ekilir ekin geliriz <br \/>ezilir un geliriz <br \/>bir gider bin geliriz <br \/>beni vurmak kurtulu\u015f mu <\/p>\n<p>k\u00f6r olsan\u0131 demiyorum <br \/>k\u00f6r olma da <br \/> g\u00f6r beni<\/p>\n<p>Hasan H\u00fcseyin KORKMAZG\u0130L<\/p>\n","protected":false},"excerpt":{"rendered":"<p>\u00a0 \u00abpir sultan \u00f6l\u00fcr dirilir\u00bb bak \u015fu bebelerin g\u00fczelli\u011fine ka\u015f\u0131 destan g\u00f6z\u00fc destan elleri kan i\u00e7inde k\u00f6r olas\u0131n demiyorum k\u00f6r olma da g\u00f6r beni damda birlikte yatm\u0131\u015f\u0131z \u00f6k\u00fcz\u00fc ho\u015f\u00e7a tutmu\u015fuz koyun de\u011fil \u015fu da\u011flarda san kendimizi g\u00fctm\u00fc\u015f\u00fcz hor bakt\u0131k m\u0131 kar\u0131ncaya k\u0131rd\u0131k m\u0131 kanad\u0131n\u0131 ser\u00e7enin vurduk mu karacan\u0131n yavrulusunu ya nas\u0131l k\u0131yar\u0131z insana sen olmasan [&hellip;]<\/p>\n","protected":false},"author":1,"featured_media":0,"comment_status":"open","ping_status":"open","sticky":false,"template":"","format":"standard","meta":{"footnotes":""},"categories":[21],"tags":[],"class_list":{"0":"post-667","1":"post","2":"type-post","3":"status-publish","4":"format-standard","6":"category-h-huseyin-korkmazgil"},"yoast_head":"<!-- This site is optimized with the Yoast SEO Premium plugin v24.9 (Yoast SEO v24.9) - https:\/\/yoast.com\/wordpress\/plugins\/seo\/ -->\n<title>ACIYI BAL EYLED\u0130K - narteks.net<\/title>\n<meta name=\"robots\" content=\"index, follow, max-snippet:-1, max-image-preview:large, max-video-preview:-1\" \/>\n<link rel=\"canonical\" href=\"https:\/\/narteks.net\/index.php\/2009\/04\/16\/aciyi-bal-eyledik\/\" \/>\n<meta property=\"og:locale\" content=\"tr_TR\" \/>\n<meta property=\"og:type\" content=\"article\" \/>\n<meta property=\"og:title\" content=\"ACIYI BAL EYLED\u0130K\" \/>\n<meta property=\"og:description\" content=\"\u00a0 \u00abpir sultan \u00f6l\u00fcr dirilir\u00bb bak \u015fu bebelerin g\u00fczelli\u011fine ka\u015f\u0131 destan g\u00f6z\u00fc destan elleri kan i\u00e7inde k\u00f6r olas\u0131n demiyorum k\u00f6r olma da g\u00f6r beni damda birlikte yatm\u0131\u015f\u0131z \u00f6k\u00fcz\u00fc ho\u015f\u00e7a tutmu\u015fuz koyun de\u011fil \u015fu da\u011flarda san kendimizi g\u00fctm\u00fc\u015f\u00fcz hor bakt\u0131k m\u0131 kar\u0131ncaya k\u0131rd\u0131k m\u0131 kanad\u0131n\u0131 ser\u00e7enin vurduk mu karacan\u0131n yavrulusunu ya nas\u0131l k\u0131yar\u0131z insana sen olmasan [&hellip;]\" \/>\n<meta property=\"og:url\" content=\"https:\/\/narteks.net\/index.php\/2009\/04\/16\/aciyi-bal-eyledik\/\" \/>\n<meta property=\"og:site_name\" content=\"narteks.net\" \/>\n<meta property=\"article:published_time\" content=\"2009-04-16T08:10:04+00:00\" \/>\n<meta property=\"og:image\" content=\"https:\/\/narteks.net\/wp-content\/uploads\/narteks.png\" \/>\n\t<meta property=\"og:image:width\" content=\"300\" \/>\n\t<meta property=\"og:image:height\" content=\"90\" \/>\n\t<meta property=\"og:image:type\" content=\"image\/png\" \/>\n<meta name=\"author\" content=\"Tar\u0131k\" \/>\n<meta name=\"twitter:card\" content=\"summary_large_image\" \/>\n<meta name=\"twitter:creator\" content=\"@narteks\" \/>\n<meta name=\"twitter:site\" content=\"@narteks\" \/>\n<meta name=\"twitter:label1\" content=\"Yazan:\" \/>\n\t<meta name=\"twitter:data1\" content=\"Tar\u0131k\" \/>\n\t<meta name=\"twitter:label2\" content=\"Tahmini okuma s\u00fcresi\" \/>\n\t<meta name=\"twitter:data2\" content=\"1 dakika\" \/>\n<script type=\"application\/ld+json\" class=\"yoast-schema-graph\">{\"@context\":\"https:\/\/schema.org\",\"@graph\":[{\"@type\":\"Article\",\"@id\":\"https:\/\/narteks.net\/index.php\/2009\/04\/16\/aciyi-bal-eyledik\/#article\",\"isPartOf\":{\"@id\":\"https:\/\/narteks.net\/index.php\/2009\/04\/16\/aciyi-bal-eyledik\/\"},\"author\":{\"name\":\"Tar\u0131k\",\"@id\":\"https:\/\/narteks.net\/#\/schema\/person\/61f37d9834294b72d31d274e7ed79bca\"},\"headline\":\"ACIYI BAL EYLED\u0130K\",\"datePublished\":\"2009-04-16T08:10:04+00:00\",\"mainEntityOfPage\":{\"@id\":\"https:\/\/narteks.net\/index.php\/2009\/04\/16\/aciyi-bal-eyledik\/\"},\"wordCount\":203,\"commentCount\":0,\"publisher\":{\"@id\":\"https:\/\/narteks.net\/#organization\"},\"articleSection\":[\"H.H\u00fcseyin KORKMAZG\u0130L\"],\"inLanguage\":\"tr\",\"potentialAction\":[{\"@type\":\"CommentAction\",\"name\":\"Comment\",\"target\":[\"https:\/\/narteks.net\/index.php\/2009\/04\/16\/aciyi-bal-eyledik\/#respond\"]}]},{\"@type\":\"WebPage\",\"@id\":\"https:\/\/narteks.net\/index.php\/2009\/04\/16\/aciyi-bal-eyledik\/\",\"url\":\"https:\/\/narteks.net\/index.php\/2009\/04\/16\/aciyi-bal-eyledik\/\",\"name\":\"ACIYI BAL EYLED\u0130K - narteks.net\",\"isPartOf\":{\"@id\":\"https:\/\/narteks.net\/#website\"},\"datePublished\":\"2009-04-16T08:10:04+00:00\",\"breadcrumb\":{\"@id\":\"https:\/\/narteks.net\/index.php\/2009\/04\/16\/aciyi-bal-eyledik\/#breadcrumb\"},\"inLanguage\":\"tr\",\"potentialAction\":[{\"@type\":\"ReadAction\",\"target\":[\"https:\/\/narteks.net\/index.php\/2009\/04\/16\/aciyi-bal-eyledik\/\"]}]},{\"@type\":\"BreadcrumbList\",\"@id\":\"https:\/\/narteks.net\/index.php\/2009\/04\/16\/aciyi-bal-eyledik\/#breadcrumb\",\"itemListElement\":[{\"@type\":\"ListItem\",\"position\":1,\"name\":\"Anasayfa\",\"item\":\"https:\/\/narteks.net\/\"},{\"@type\":\"ListItem\",\"position\":2,\"name\":\"ACIYI BAL EYLED\u0130K\"}]},{\"@type\":\"WebSite\",\"@id\":\"https:\/\/narteks.net\/#website\",\"url\":\"https:\/\/narteks.net\/\",\"name\":\"narteks.net\",\"description\":\"K\u00fclt\u00fcr Sanat Edebiyat Felsefe\",\"publisher\":{\"@id\":\"https:\/\/narteks.net\/#organization\"},\"alternateName\":\"K\u00fclt\u00fcr Sanat Edebiyat Felsefe\",\"potentialAction\":[{\"@type\":\"SearchAction\",\"target\":{\"@type\":\"EntryPoint\",\"urlTemplate\":\"https:\/\/narteks.net\/?s={search_term_string}\"},\"query-input\":{\"@type\":\"PropertyValueSpecification\",\"valueRequired\":true,\"valueName\":\"search_term_string\"}}],\"inLanguage\":\"tr\"},{\"@type\":\"Organization\",\"@id\":\"https:\/\/narteks.net\/#organization\",\"name\":\"narteks.net\",\"url\":\"https:\/\/narteks.net\/\",\"logo\":{\"@type\":\"ImageObject\",\"inLanguage\":\"tr\",\"@id\":\"https:\/\/narteks.net\/#\/schema\/logo\/image\/\",\"url\":\"https:\/\/narteks.net\/wp-content\/uploads\/narteks.png\",\"contentUrl\":\"https:\/\/narteks.net\/wp-content\/uploads\/narteks.png\",\"width\":300,\"height\":90,\"caption\":\"narteks.net\"},\"image\":{\"@id\":\"https:\/\/narteks.net\/#\/schema\/logo\/image\/\"},\"sameAs\":[\"https:\/\/x.com\/narteks\",\"https:\/\/instagram.com\/narteksnet\"]},{\"@type\":\"Person\",\"@id\":\"https:\/\/narteks.net\/#\/schema\/person\/61f37d9834294b72d31d274e7ed79bca\",\"name\":\"Tar\u0131k\",\"image\":{\"@type\":\"ImageObject\",\"inLanguage\":\"tr\",\"@id\":\"https:\/\/narteks.net\/#\/schema\/person\/image\/\",\"url\":\"https:\/\/secure.gravatar.com\/avatar\/50865afb55632c4ae467e0af0930f6510aa2297d8014be502a55b14f3b7550cf?s=96&d=mm&r=g\",\"contentUrl\":\"https:\/\/secure.gravatar.com\/avatar\/50865afb55632c4ae467e0af0930f6510aa2297d8014be502a55b14f3b7550cf?s=96&d=mm&r=g\",\"caption\":\"Tar\u0131k\"},\"sameAs\":[\"http:\/\/narteks.net\"],\"url\":\"https:\/\/narteks.net\/index.php\/author\/narbak\/\"}]}<\/script>\n<!-- \/ Yoast SEO Premium plugin. -->","yoast_head_json":{"title":"ACIYI BAL EYLED\u0130K - narteks.net","robots":{"index":"index","follow":"follow","max-snippet":"max-snippet:-1","max-image-preview":"max-image-preview:large","max-video-preview":"max-video-preview:-1"},"canonical":"https:\/\/narteks.net\/index.php\/2009\/04\/16\/aciyi-bal-eyledik\/","og_locale":"tr_TR","og_type":"article","og_title":"ACIYI BAL EYLED\u0130K","og_description":"\u00a0 \u00abpir sultan \u00f6l\u00fcr dirilir\u00bb bak \u015fu bebelerin g\u00fczelli\u011fine ka\u015f\u0131 destan g\u00f6z\u00fc destan elleri kan i\u00e7inde k\u00f6r olas\u0131n demiyorum k\u00f6r olma da g\u00f6r beni damda birlikte yatm\u0131\u015f\u0131z \u00f6k\u00fcz\u00fc ho\u015f\u00e7a tutmu\u015fuz koyun de\u011fil \u015fu da\u011flarda san kendimizi g\u00fctm\u00fc\u015f\u00fcz hor bakt\u0131k m\u0131 kar\u0131ncaya k\u0131rd\u0131k m\u0131 kanad\u0131n\u0131 ser\u00e7enin vurduk mu karacan\u0131n yavrulusunu ya nas\u0131l k\u0131yar\u0131z insana sen olmasan [&hellip;]","og_url":"https:\/\/narteks.net\/index.php\/2009\/04\/16\/aciyi-bal-eyledik\/","og_site_name":"narteks.net","article_published_time":"2009-04-16T08:10:04+00:00","og_image":[{"width":300,"height":90,"url":"https:\/\/narteks.net\/wp-content\/uploads\/narteks.png","type":"image\/png"}],"author":"Tar\u0131k","twitter_card":"summary_large_image","twitter_creator":"@narteks","twitter_site":"@narteks","twitter_misc":{"Yazan:":"Tar\u0131k","Tahmini okuma s\u00fcresi":"1 dakika"},"schema":{"@context":"https:\/\/schema.org","@graph":[{"@type":"Article","@id":"https:\/\/narteks.net\/index.php\/2009\/04\/16\/aciyi-bal-eyledik\/#article","isPartOf":{"@id":"https:\/\/narteks.net\/index.php\/2009\/04\/16\/aciyi-bal-eyledik\/"},"author":{"name":"Tar\u0131k","@id":"https:\/\/narteks.net\/#\/schema\/person\/61f37d9834294b72d31d274e7ed79bca"},"headline":"ACIYI BAL EYLED\u0130K","datePublished":"2009-04-16T08:10:04+00:00","mainEntityOfPage":{"@id":"https:\/\/narteks.net\/index.php\/2009\/04\/16\/aciyi-bal-eyledik\/"},"wordCount":203,"commentCount":0,"publisher":{"@id":"https:\/\/narteks.net\/#organization"},"articleSection":["H.H\u00fcseyin KORKMAZG\u0130L"],"inLanguage":"tr","potentialAction":[{"@type":"CommentAction","name":"Comment","target":["https:\/\/narteks.net\/index.php\/2009\/04\/16\/aciyi-bal-eyledik\/#respond"]}]},{"@type":"WebPage","@id":"https:\/\/narteks.net\/index.php\/2009\/04\/16\/aciyi-bal-eyledik\/","url":"https:\/\/narteks.net\/index.php\/2009\/04\/16\/aciyi-bal-eyledik\/","name":"ACIYI BAL EYLED\u0130K - narteks.net","isPartOf":{"@id":"https:\/\/narteks.net\/#website"},"datePublished":"2009-04-16T08:10:04+00:00","breadcrumb":{"@id":"https:\/\/narteks.net\/index.php\/2009\/04\/16\/aciyi-bal-eyledik\/#breadcrumb"},"inLanguage":"tr","potentialAction":[{"@type":"ReadAction","target":["https:\/\/narteks.net\/index.php\/2009\/04\/16\/aciyi-bal-eyledik\/"]}]},{"@type":"BreadcrumbList","@id":"https:\/\/narteks.net\/index.php\/2009\/04\/16\/aciyi-bal-eyledik\/#breadcrumb","itemListElement":[{"@type":"ListItem","position":1,"name":"Anasayfa","item":"https:\/\/narteks.net\/"},{"@type":"ListItem","position":2,"name":"ACIYI BAL EYLED\u0130K"}]},{"@type":"WebSite","@id":"https:\/\/narteks.net\/#website","url":"https:\/\/narteks.net\/","name":"narteks.net","description":"K\u00fclt\u00fcr Sanat Edebiyat Felsefe","publisher":{"@id":"https:\/\/narteks.net\/#organization"},"alternateName":"K\u00fclt\u00fcr Sanat Edebiyat Felsefe","potentialAction":[{"@type":"SearchAction","target":{"@type":"EntryPoint","urlTemplate":"https:\/\/narteks.net\/?s={search_term_string}"},"query-input":{"@type":"PropertyValueSpecification","valueRequired":true,"valueName":"search_term_string"}}],"inLanguage":"tr"},{"@type":"Organization","@id":"https:\/\/narteks.net\/#organization","name":"narteks.net","url":"https:\/\/narteks.net\/","logo":{"@type":"ImageObject","inLanguage":"tr","@id":"https:\/\/narteks.net\/#\/schema\/logo\/image\/","url":"https:\/\/narteks.net\/wp-content\/uploads\/narteks.png","contentUrl":"https:\/\/narteks.net\/wp-content\/uploads\/narteks.png","width":300,"height":90,"caption":"narteks.net"},"image":{"@id":"https:\/\/narteks.net\/#\/schema\/logo\/image\/"},"sameAs":["https:\/\/x.com\/narteks","https:\/\/instagram.com\/narteksnet"]},{"@type":"Person","@id":"https:\/\/narteks.net\/#\/schema\/person\/61f37d9834294b72d31d274e7ed79bca","name":"Tar\u0131k","image":{"@type":"ImageObject","inLanguage":"tr","@id":"https:\/\/narteks.net\/#\/schema\/person\/image\/","url":"https:\/\/secure.gravatar.com\/avatar\/50865afb55632c4ae467e0af0930f6510aa2297d8014be502a55b14f3b7550cf?s=96&d=mm&r=g","contentUrl":"https:\/\/secure.gravatar.com\/avatar\/50865afb55632c4ae467e0af0930f6510aa2297d8014be502a55b14f3b7550cf?s=96&d=mm&r=g","caption":"Tar\u0131k"},"sameAs":["http:\/\/narteks.net"],"url":"https:\/\/narteks.net\/index.php\/author\/narbak\/"}]}},"_links":{"self":[{"href":"https:\/\/narteks.net\/index.php\/wp-json\/wp\/v2\/posts\/667","targetHints":{"allow":["GET"]}}],"collection":[{"href":"https:\/\/narteks.net\/index.php\/wp-json\/wp\/v2\/posts"}],"about":[{"href":"https:\/\/narteks.net\/index.php\/wp-json\/wp\/v2\/types\/post"}],"author":[{"embeddable":true,"href":"https:\/\/narteks.net\/index.php\/wp-json\/wp\/v2\/users\/1"}],"replies":[{"embeddable":true,"href":"https:\/\/narteks.net\/index.php\/wp-json\/wp\/v2\/comments?post=667"}],"version-history":[{"count":0,"href":"https:\/\/narteks.net\/index.php\/wp-json\/wp\/v2\/posts\/667\/revisions"}],"wp:attachment":[{"href":"https:\/\/narteks.net\/index.php\/wp-json\/wp\/v2\/media?parent=667"}],"wp:term":[{"taxonomy":"category","embeddable":true,"href":"https:\/\/narteks.net\/index.php\/wp-json\/wp\/v2\/categories?post=667"},{"taxonomy":"post_tag","embeddable":true,"href":"https:\/\/narteks.net\/index.php\/wp-json\/wp\/v2\/tags?post=667"}],"curies":[{"name":"wp","href":"https:\/\/api.w.org\/{rel}","templated":true}]}}