{"id":6673,"date":"2011-06-09T16:10:46","date_gmt":"2011-06-09T13:10:46","guid":{"rendered":"http:\/\/localhost\/wordpress\/2011\/06\/09\/charles-bukowski-biyografisi\/"},"modified":"2011-06-09T16:10:46","modified_gmt":"2011-06-09T13:10:46","slug":"charles-bukowski-biyografisi","status":"publish","type":"post","link":"https:\/\/narteks.net\/index.php\/2011\/06\/09\/charles-bukowski-biyografisi\/","title":{"rendered":"Charles BUKOWSK\u0130 Biyografisi"},"content":{"rendered":"<p style=\"text-align: justify;\"><img loading=\"lazy\" decoding=\"async\" src=\"images\/stories\/charlesbukowski.jpg\" border=\"0\" width=\"155\" height=\"205\" style=\"float: left;\" \/>Charles Bukowski (16 A\u011fustos 1920 \u2013 9 Mart 1994), as\u0131l ad\u0131 Heinrich Karl Bukowski olan Amerikal\u0131 yazar ve \u015fair. Yap\u0131tlar\u0131nda bazen Henry Chinaski ismini de kullanm\u0131\u015ft\u0131r. Hayat\u0131n\u0131n \u00e7o\u011funu ABD&#8217;nin Los Angeles \u015fehrinde ge\u00e7irmi\u015ftir.<\/p>\n<p>Eserlerinde genellikle toplum d\u0131\u015f\u0131 insanlar\u0131 ve depresyonu konu almas\u0131 ve alkolizme yak\u0131n bir hayat tarz\u0131n\u0131 anlatmas\u0131yla \u00fcnl\u00fcd\u00fcr. Bunun nedeni olarak kendisinin bu hayat\u0131 ya\u015famas\u0131 g\u00f6sterilebilir. Bukowski\u2019nin yaz\u0131lar\u0131nda kendi hayat\u0131n\u0131 yaz\u0131p yazmad\u0131\u011f\u0131 tart\u0131\u015fma konusu olmu\u015ftur hayranlar\u0131n\u0131n bir k\u0131sm\u0131 bunlar\u0131 kurgulad\u0131\u011f\u0131n\u0131, \u00e7o\u011funlu\u011fu ise ya\u015famadan bu tip kurgular\u0131 yapmas\u0131n\u0131n m\u00fcmk\u00fcn olmayaca\u011f\u0131n\u0131 ve o karakterde bir insan\u0131n bu hayat\u0131 s\u00fcrmesinin zaten do\u011fal oldu\u011fu g\u00f6r\u00fc\u015f\u00fcn\u00fc savunmaktad\u0131r.<\/p>\n<p>I. D\u00fcnya Sava\u015f\u0131&#8217;n\u0131n sonlar\u0131nda Almanya&#8217;ya askeri hizmet nedeniyle gelen Polonya as\u0131ll\u0131 Amerikan bir baban\u0131n ve terzilikle u\u011fra\u015fan Alman bir annenin \u00e7ocu\u011fu olan Charles Bukowski 1920 y\u0131l\u0131nda Andernach, Almanya&#8217;da do\u011fdu. 2 ya\u015f\u0131ndayken Los Angeles&#8217;a ta\u015f\u0131nd\u0131lar. 1929 Krizi s\u0131ras\u0131nda Bukowski&#8217;nin babas\u0131 genelde i\u015fsizdi ve Bukowski&#8217;ye \u015fiddet uygulard\u0131. \u00c7ocuklu\u011funda genelde sessiz ve bu nedenle dikkat \u00e7eken yazar bazen \u00e7\u0131ld\u0131r\u0131\u015f noktas\u0131na geliyor kendinden hi\u00e7 beklenmedik kabaday\u0131l\u0131klar yap\u0131yordu. \u0130lk okul y\u0131llar\u0131ndandan itibaren korkusuz olan Bukowski kendi yazd\u0131\u011f\u0131 bir eserinde ilkokul \u00f6\u011fretmenine &#8220;sevi\u015felim&#8221; dedi\u011fini s\u00f6ylemektedir. Daha o zamandan nas\u0131l birisi olaca\u011f\u0131 netlik kazanan Bukowski, Los Angeles Lisesi&#8217;nden mezun olduktan sonra sanat, gazetecilik ve edebiyat dersleri ald\u0131\u011f\u0131 Los Angeles \u015eehir \u00dcniversitesi&#8217;nde 1 y\u0131l okudu.<\/p>\n<p>Yazmaya ba\u015flad\u0131\u011f\u0131 g\u00fcnden itibaren yaz\u0131lar\u0131n\u0131 yay\u0131mlanmas\u0131 i\u00e7in dergilere g\u00f6nderen Bukowski\u2019nin yaz\u0131lar\u0131 hep geri g\u00f6nderilmi\u015ftir.<\/p>\n<p>Ancak 24 ya\u015f\u0131ndayken &#8220;Aftermath of a Lenghty Rejection Slip&#8221; isimli k\u0131sa \u00f6yk\u00fcs\u00fc yay\u0131mland\u0131. \u0130ki y\u0131l sonra bir ba\u015fka k\u0131sa \u00f6yk\u00fcs\u00fc olan &#8220;20 Tanks From Kasseldown&#8221; isimli eseri yay\u0131mland\u0131. Bukowski yay\u0131nc\u0131l\u0131k y\u00f6nteminlerinden hayal k\u0131r\u0131kl\u0131\u011f\u0131na u\u011frad\u0131 ve neredeyse 10 y\u0131ll\u0131\u011f\u0131na yazmay\u0131 b\u0131rakt\u0131. Hayat\u0131n\u0131n bu b\u00f6l\u00fcm\u00fcn\u00fc A.B.D.&#8217;yi gezerek, \u00e7e\u015fitli i\u015flerde genellikle k\u0131sa vadeli \u00e7al\u0131\u015farak ve ucuz pansiyonlarda konaklayarak ge\u00e7irdi. Hayat\u0131n\u0131n di\u011fer b\u00f6l\u00fcmlerinde oldu\u011fundan daha yo\u011fun bir tempo ile a\u00e7l\u0131k ile bo\u011fu\u015fan ve kad\u0131nlarla zaman ge\u00e7iren Bukowski daha sonra bu y\u0131llar\u0131n\u0131 Factotum isimli kitab\u0131nda da anlatm\u0131\u015ft\u0131r. Bu d\u00f6nemde ki i\u015flerinin k\u0131sa vadeli olmas\u0131n\u0131n nedeni de d\u00fczen tan\u0131maz ki\u015fili\u011fi ve alkol ba\u011f\u0131ml\u0131l\u0131\u011f\u0131ndand\u0131. Bukowski babas\u0131na olan nefretini onun aksine bir hayat ya\u015fayarak g\u00f6stermi\u015f ve bir yaz\u0131s\u0131nda da bu y\u00fczden bir hi\u00e7 olmay\u0131 se\u00e7ti\u011fini s\u00f6ylemi\u015ftir. O babas\u0131n\u0131n aksine oldu\u011fu gibi g\u00f6r\u00fcnen ve bir \u015fey olmamay\u0131 hedefliyen birisi olarak kazand\u0131\u011f\u0131 paraya \u00f6nem vermiyor ve barlarda g\u00fcn\u00fc birlik bir hayat s\u00fcr\u00fcyordu. Zengin amerikal\u0131 kad\u0131nlarla ili\u015fkiye girdi\u011fi d\u00f6nemlerde onlara kaba dahi davransa etkiliyor onlar\u0131n evlerinde ya\u015famaya ba\u015fl\u0131yor ama bir t\u00fcrl\u00fc o hayata adapte olamayarak eski hayat\u0131na geri d\u00f6n\u00fcyordu ki 1969\u2019da da bunu a\u00e7 kalmay\u0131 se\u00e7ti\u011fini s\u00f6yleyerek ispat etmi\u015f oluyor adeta.Ayr\u0131ca \u00f6mr\u00fcn\u00fcn \u00e7o\u011fu denilebilinecek kadar k\u0131sm\u0131n\u0131 da hipodromlarda gecirmi\u015f ve bundan yaz\u0131lar\u0131nda s\u0131k s\u0131k s\u00f6z etmi\u015ftir. 1950&#8217;lerin ba\u015f\u0131nda Bukowski, iki y\u0131ldan az bir s\u00fcre A.B.D. Posta \u0130daresi&#8217;nde posta kuryesi olarak \u00e7al\u0131\u015ft\u0131. 1955&#8217;te \u00f6l\u00fcm\u00fcn ucundan d\u00f6nd\u00fc\u011f\u00fc alkol komas\u0131ndan dolay\u0131 hastaneye kald\u0131r\u0131ld\u0131. Taburcu olduktan sonra bir daktilo sat\u0131n ald\u0131 ve \u015fiir yazmaya ba\u015flad\u0131.1957&#8217;de Barbara Fry ile evlendi fakat 1959&#8217;da bo\u015fand\u0131lar. Bukowski, \u015fiir yazmaya ve i\u00e7ki i\u00e7me\u011fe devam etti ve sonra Los Angeles&#8217;taki postaneye geri d\u00f6nd\u00fc. 1965&#8217;te hi\u00e7 evlenmedi\u011fi Francis Smith&#8217;ten bir k\u0131z\u0131 oldu. 1969&#8217;da Black Sparrow Yay\u0131nevi&#8217;nden \u00f6m\u00fcr boyu 100 dolar maa\u015f teklifini al\u0131nca postaneden ayr\u0131ld\u0131. Bir mektubunda \u015f\u00f6yle bir a\u00e7\u0131klamas\u0131 vard\u0131 &#8220;\u0130ki se\u00e7enekten birini se\u00e7mek zorundayd\u0131m: Posta ofisinde kal\u0131p delirmek ya da yazmaya oynay\u0131p a\u00e7l\u0131ktan \u00f6lmek. Ben a\u00e7 kalmay\u0131 se\u00e7tim.&#8221; Posta ofisini b\u0131rakal\u0131 bir ay olmayal\u0131 Bukowski Postane ismindeki ilk roman\u0131n\u0131 bitirdi. 1976&#8217;da Bukowski, Linda Lee Beighle ile tan\u0131\u015ft\u0131. \u0130ki y\u0131l sonra birlikte Los Angeles&#8217;ta bir liman \u015fehri olan San Pedro&#8217;ya ta\u015f\u0131nd\u0131lar. Bukowski ve Beighle 1985&#8217;te evlendiler.<\/p>\n<p>Bukowski, Pulp roman\u0131n\u0131 hen\u00fcz bitirdikten sonra 9 Mart 1994&#8217;te 73 ya\u015f\u0131ndayken omurilikten yay\u0131lan l\u00f6semi sebebiyle San Pedro, Kaliforniya&#8217;da \u00f6ld\u00fc. \u00d6l\u00fcm t\u00f6reni budist rahipler taraf\u0131ndan y\u00f6netildi.<\/p>\n<p>Bu tip bir hayat ya\u015fad\u0131\u011f\u0131 i\u00e7in bir \u00e7ok kez tutuklanm\u0131\u015f, dayak yemi\u015f hatta baz\u0131 kitaplar\u0131nda adam \u00f6ld\u00fcrd\u00fc\u011f\u00fcn\u00fc dahi s\u00f6ylemi\u015f olan Bukowski hayat\u0131, \u00f6zg\u00fcn dili ve tarz\u0131 ile Amerikan edebiyat\u0131na damgas\u0131n\u0131 vurmu\u015f, \u00fclkemizde ise ilk kez Sokak dergisi\u2019nde \u00e7\u0131kan \u00f6yk\u00fcleri ile tan\u0131nm\u0131\u015ft\u0131r.<\/p>\n<p><strong>Eserleri<\/strong><\/p>\n<p>Bukowski\u2019nin \u015fiir ve \u00f6yk\u00fclerinden olu\u015fan toplam 45 kitap bulunmaktad\u0131r. Pek \u00e7ok dile \u00e7evirisi olan yaz\u0131lar\u0131 bir\u00e7ok dergide de yay\u0131mlanm\u0131\u015f olan yazar\u0131n kitaplar\u0131n\u0131n \u00e7evirisi Avi Pardo\u2019ya aittir.<\/p>\n<p>Kad\u0131nlar<\/p>\n<p>Yazar\u0131n hayat\u0131na giren kad\u0131nlardan bahsetti\u011fi k\u00fclt olmu\u015f kitab\u0131d\u0131r.<\/p>\n<p> S\u0131cak Su M\u00fczi\u011fi<br \/> Bir Tek Ben miyim B\u00f6yle Ya\u015fayan<br \/> D\u00fcnyevi \u015eiirlerin Son Gecesi (2 Cilt)<br \/> Kapal\u0131 Bir Kap\u0131d\u0131r Cehennem<br \/> G\u00fcl\u00fcn G\u00f6lgesinde<br \/> Postane (roman)<\/p>\n<p>Bir d\u00f6nem \u00e7al\u0131\u015ft\u0131\u011f\u0131 postaneden ayr\u0131ld\u0131ktan sonra yazd\u0131\u011f\u0131 ilk kitab\u0131d\u0131r.<\/p>\n<p> Pis Moru\u011fun Notlar\u0131<br \/> Sevimli Bir A\u015fk Hikayesi<br \/> S\u0131radan Delilik \u00d6yk\u00fcleri<br \/> Kendimizde A\u00e7t\u0131\u011f\u0131m\u0131z Yaralar<br \/> Sarho\u015f \u00c7al Piyanoyu, Vurmal\u0131 \u00c7alg\u0131 Gibi, Parmaklar Biraz Kanamaya Ba\u015flayana Dek<\/p>\n<p>\u00dclkemizde ismi duyulmu\u015f bir \u015fiir kitab\u0131d\u0131r. \u00d6zg\u00fcn \u015fiir tarz\u0131 ile dikkat \u00e7eker.<\/p>\n<p> Pansiyon Manzumeleri<br \/> Gece \u00c7\u0131lg\u0131n Ayak Sesleriyle Y\u0131rt\u0131ld\u0131<br \/> \u00d6l\u00fcler B\u00f6yle Sever<br \/> Shakespeare Bunu Asla Yapmazd\u0131<\/p>\n<p>Do\u011fum yeri olan Almanya\u2019ya yapt\u0131\u011f\u0131 ziyaretini d\u00fcz yaz\u0131 ve \u015fiirlerle hatta resimlerle anlatt\u0131\u011f\u0131 kitab\u0131d\u0131r.<\/p>\n<p>G\u00fcne\u015fe Uzan<\/p>\n<p>Bukowski&#8217;nin 9 Mart 1994&#8217;teki \u00f6l\u00fcm\u00fcne kadar yazm\u0131\u015f oldu\u011fu mektuplar\u0131 i\u00e7erir.<\/p>\n<p> En K\u0131sa And\u0131r Mucize<br \/> G\u00fcne\u015f \u0130\u015fte Burday\u0131m<br \/> Kimse Bilmez Ne \u00c7ekti\u011fimi<br \/> Kaptan Yeme\u011fe \u00c7\u0131kt\u0131 ve Tayfalar Gemiyi Ele Ge\u00e7irdi<br \/> Pulp<br \/> Factotum<\/p>\n<p>Evden ka\u00e7t\u0131\u011f\u0131 d\u00f6nemde ki hayat\u0131n\u0131 anlatt\u0131\u011f\u0131 k\u00fclt eserlerinden birisidir. Kendini en iyi anlatt\u0131\u011f\u0131 kitaplar\u0131ndand\u0131r.<\/p>\n<p> Ekmek Aras\u0131<\/p>\n<p>\u00c7ocuklu\u011fu, lise y\u0131llar\u0131n\u0131, ailesini vesaireyi anlatt\u0131\u011f\u0131 k\u00fclt eserlerinden birisidir.<\/p>\n<p> Kaybedenin \u00d6nde Gideni<br \/> Bana A\u015fk\u0131n\u0131 Getir<br \/> En \u0130yi Adamlar Yaln\u0131zken G\u00fc\u00e7l\u00fcd\u00fcr<br \/> Hollywood<\/p>\n","protected":false},"excerpt":{"rendered":"<p>Charles Bukowski (16 A\u011fustos 1920 \u2013 9 Mart 1994), as\u0131l ad\u0131 Heinrich Karl Bukowski olan Amerikal\u0131 yazar ve \u015fair. Yap\u0131tlar\u0131nda bazen Henry Chinaski ismini de kullanm\u0131\u015ft\u0131r. Hayat\u0131n\u0131n \u00e7o\u011funu ABD&#8217;nin Los Angeles \u015fehrinde ge\u00e7irmi\u015ftir. Eserlerinde genellikle toplum d\u0131\u015f\u0131 insanlar\u0131 ve depresyonu konu almas\u0131 ve alkolizme yak\u0131n bir hayat tarz\u0131n\u0131 anlatmas\u0131yla \u00fcnl\u00fcd\u00fcr. Bunun nedeni olarak kendisinin bu [&hellip;]<\/p>\n","protected":false},"author":1,"featured_media":0,"comment_status":"open","ping_status":"open","sticky":false,"template":"","format":"standard","meta":{"footnotes":""},"categories":[132],"tags":[],"class_list":{"0":"post-6673","1":"post","2":"type-post","3":"status-publish","4":"format-standard","6":"category-charles-bukowski"},"yoast_head":"<!-- This site is optimized with the Yoast SEO Premium plugin v24.9 (Yoast SEO v24.9) - https:\/\/yoast.com\/wordpress\/plugins\/seo\/ -->\n<title>Charles BUKOWSK\u0130 Biyografisi - narteks.net<\/title>\n<meta name=\"robots\" content=\"index, follow, max-snippet:-1, max-image-preview:large, max-video-preview:-1\" \/>\n<link rel=\"canonical\" href=\"https:\/\/narteks.net\/index.php\/2011\/06\/09\/charles-bukowski-biyografisi\/\" \/>\n<meta property=\"og:locale\" content=\"tr_TR\" \/>\n<meta property=\"og:type\" content=\"article\" \/>\n<meta property=\"og:title\" content=\"Charles BUKOWSK\u0130 Biyografisi\" \/>\n<meta property=\"og:description\" content=\"Charles Bukowski (16 A\u011fustos 1920 \u2013 9 Mart 1994), as\u0131l ad\u0131 Heinrich Karl Bukowski olan Amerikal\u0131 yazar ve \u015fair. Yap\u0131tlar\u0131nda bazen Henry Chinaski ismini de kullanm\u0131\u015ft\u0131r. Hayat\u0131n\u0131n \u00e7o\u011funu ABD&#8217;nin Los Angeles \u015fehrinde ge\u00e7irmi\u015ftir. Eserlerinde genellikle toplum d\u0131\u015f\u0131 insanlar\u0131 ve depresyonu konu almas\u0131 ve alkolizme yak\u0131n bir hayat tarz\u0131n\u0131 anlatmas\u0131yla \u00fcnl\u00fcd\u00fcr. Bunun nedeni olarak kendisinin bu [&hellip;]\" \/>\n<meta property=\"og:url\" content=\"https:\/\/narteks.net\/index.php\/2011\/06\/09\/charles-bukowski-biyografisi\/\" \/>\n<meta property=\"og:site_name\" content=\"narteks.net\" \/>\n<meta property=\"article:published_time\" content=\"2011-06-09T13:10:46+00:00\" \/>\n<meta property=\"og:image\" content=\"https:\/\/narteks.net\/wp-content\/uploads\/narteks.png\" \/>\n\t<meta property=\"og:image:width\" content=\"300\" \/>\n\t<meta property=\"og:image:height\" content=\"90\" \/>\n\t<meta property=\"og:image:type\" content=\"image\/png\" \/>\n<meta name=\"author\" content=\"Tar\u0131k\" \/>\n<meta name=\"twitter:card\" content=\"summary_large_image\" \/>\n<meta name=\"twitter:creator\" content=\"@narteks\" \/>\n<meta name=\"twitter:site\" content=\"@narteks\" \/>\n<meta name=\"twitter:label1\" content=\"Yazan:\" \/>\n\t<meta name=\"twitter:data1\" content=\"Tar\u0131k\" \/>\n\t<meta name=\"twitter:label2\" content=\"Tahmini okuma s\u00fcresi\" \/>\n\t<meta name=\"twitter:data2\" content=\"6 dakika\" \/>\n<script type=\"application\/ld+json\" class=\"yoast-schema-graph\">{\"@context\":\"https:\/\/schema.org\",\"@graph\":[{\"@type\":\"Article\",\"@id\":\"https:\/\/narteks.net\/index.php\/2011\/06\/09\/charles-bukowski-biyografisi\/#article\",\"isPartOf\":{\"@id\":\"https:\/\/narteks.net\/index.php\/2011\/06\/09\/charles-bukowski-biyografisi\/\"},\"author\":{\"name\":\"Tar\u0131k\",\"@id\":\"https:\/\/narteks.net\/#\/schema\/person\/61f37d9834294b72d31d274e7ed79bca\"},\"headline\":\"Charles BUKOWSK\u0130 Biyografisi\",\"datePublished\":\"2011-06-09T13:10:46+00:00\",\"mainEntityOfPage\":{\"@id\":\"https:\/\/narteks.net\/index.php\/2011\/06\/09\/charles-bukowski-biyografisi\/\"},\"wordCount\":1149,\"commentCount\":0,\"publisher\":{\"@id\":\"https:\/\/narteks.net\/#organization\"},\"articleSection\":[\"Charles BUKOWSK\u0130\"],\"inLanguage\":\"tr\",\"potentialAction\":[{\"@type\":\"CommentAction\",\"name\":\"Comment\",\"target\":[\"https:\/\/narteks.net\/index.php\/2011\/06\/09\/charles-bukowski-biyografisi\/#respond\"]}]},{\"@type\":\"WebPage\",\"@id\":\"https:\/\/narteks.net\/index.php\/2011\/06\/09\/charles-bukowski-biyografisi\/\",\"url\":\"https:\/\/narteks.net\/index.php\/2011\/06\/09\/charles-bukowski-biyografisi\/\",\"name\":\"Charles BUKOWSK\u0130 Biyografisi - narteks.net\",\"isPartOf\":{\"@id\":\"https:\/\/narteks.net\/#website\"},\"datePublished\":\"2011-06-09T13:10:46+00:00\",\"breadcrumb\":{\"@id\":\"https:\/\/narteks.net\/index.php\/2011\/06\/09\/charles-bukowski-biyografisi\/#breadcrumb\"},\"inLanguage\":\"tr\",\"potentialAction\":[{\"@type\":\"ReadAction\",\"target\":[\"https:\/\/narteks.net\/index.php\/2011\/06\/09\/charles-bukowski-biyografisi\/\"]}]},{\"@type\":\"BreadcrumbList\",\"@id\":\"https:\/\/narteks.net\/index.php\/2011\/06\/09\/charles-bukowski-biyografisi\/#breadcrumb\",\"itemListElement\":[{\"@type\":\"ListItem\",\"position\":1,\"name\":\"Anasayfa\",\"item\":\"https:\/\/narteks.net\/\"},{\"@type\":\"ListItem\",\"position\":2,\"name\":\"Charles BUKOWSK\u0130 Biyografisi\"}]},{\"@type\":\"WebSite\",\"@id\":\"https:\/\/narteks.net\/#website\",\"url\":\"https:\/\/narteks.net\/\",\"name\":\"narteks.net\",\"description\":\"K\u00fclt\u00fcr Sanat Edebiyat Felsefe\",\"publisher\":{\"@id\":\"https:\/\/narteks.net\/#organization\"},\"alternateName\":\"K\u00fclt\u00fcr Sanat Edebiyat Felsefe\",\"potentialAction\":[{\"@type\":\"SearchAction\",\"target\":{\"@type\":\"EntryPoint\",\"urlTemplate\":\"https:\/\/narteks.net\/?s={search_term_string}\"},\"query-input\":{\"@type\":\"PropertyValueSpecification\",\"valueRequired\":true,\"valueName\":\"search_term_string\"}}],\"inLanguage\":\"tr\"},{\"@type\":\"Organization\",\"@id\":\"https:\/\/narteks.net\/#organization\",\"name\":\"narteks.net\",\"url\":\"https:\/\/narteks.net\/\",\"logo\":{\"@type\":\"ImageObject\",\"inLanguage\":\"tr\",\"@id\":\"https:\/\/narteks.net\/#\/schema\/logo\/image\/\",\"url\":\"https:\/\/narteks.net\/wp-content\/uploads\/narteks.png\",\"contentUrl\":\"https:\/\/narteks.net\/wp-content\/uploads\/narteks.png\",\"width\":300,\"height\":90,\"caption\":\"narteks.net\"},\"image\":{\"@id\":\"https:\/\/narteks.net\/#\/schema\/logo\/image\/\"},\"sameAs\":[\"https:\/\/x.com\/narteks\",\"https:\/\/instagram.com\/narteksnet\"]},{\"@type\":\"Person\",\"@id\":\"https:\/\/narteks.net\/#\/schema\/person\/61f37d9834294b72d31d274e7ed79bca\",\"name\":\"Tar\u0131k\",\"image\":{\"@type\":\"ImageObject\",\"inLanguage\":\"tr\",\"@id\":\"https:\/\/narteks.net\/#\/schema\/person\/image\/\",\"url\":\"https:\/\/secure.gravatar.com\/avatar\/50865afb55632c4ae467e0af0930f6510aa2297d8014be502a55b14f3b7550cf?s=96&d=mm&r=g\",\"contentUrl\":\"https:\/\/secure.gravatar.com\/avatar\/50865afb55632c4ae467e0af0930f6510aa2297d8014be502a55b14f3b7550cf?s=96&d=mm&r=g\",\"caption\":\"Tar\u0131k\"},\"sameAs\":[\"http:\/\/narteks.net\"],\"url\":\"https:\/\/narteks.net\/index.php\/author\/narbak\/\"}]}<\/script>\n<!-- \/ Yoast SEO Premium plugin. -->","yoast_head_json":{"title":"Charles BUKOWSK\u0130 Biyografisi - narteks.net","robots":{"index":"index","follow":"follow","max-snippet":"max-snippet:-1","max-image-preview":"max-image-preview:large","max-video-preview":"max-video-preview:-1"},"canonical":"https:\/\/narteks.net\/index.php\/2011\/06\/09\/charles-bukowski-biyografisi\/","og_locale":"tr_TR","og_type":"article","og_title":"Charles BUKOWSK\u0130 Biyografisi","og_description":"Charles Bukowski (16 A\u011fustos 1920 \u2013 9 Mart 1994), as\u0131l ad\u0131 Heinrich Karl Bukowski olan Amerikal\u0131 yazar ve \u015fair. Yap\u0131tlar\u0131nda bazen Henry Chinaski ismini de kullanm\u0131\u015ft\u0131r. Hayat\u0131n\u0131n \u00e7o\u011funu ABD&#8217;nin Los Angeles \u015fehrinde ge\u00e7irmi\u015ftir. Eserlerinde genellikle toplum d\u0131\u015f\u0131 insanlar\u0131 ve depresyonu konu almas\u0131 ve alkolizme yak\u0131n bir hayat tarz\u0131n\u0131 anlatmas\u0131yla \u00fcnl\u00fcd\u00fcr. Bunun nedeni olarak kendisinin bu [&hellip;]","og_url":"https:\/\/narteks.net\/index.php\/2011\/06\/09\/charles-bukowski-biyografisi\/","og_site_name":"narteks.net","article_published_time":"2011-06-09T13:10:46+00:00","og_image":[{"width":300,"height":90,"url":"https:\/\/narteks.net\/wp-content\/uploads\/narteks.png","type":"image\/png"}],"author":"Tar\u0131k","twitter_card":"summary_large_image","twitter_creator":"@narteks","twitter_site":"@narteks","twitter_misc":{"Yazan:":"Tar\u0131k","Tahmini okuma s\u00fcresi":"6 dakika"},"schema":{"@context":"https:\/\/schema.org","@graph":[{"@type":"Article","@id":"https:\/\/narteks.net\/index.php\/2011\/06\/09\/charles-bukowski-biyografisi\/#article","isPartOf":{"@id":"https:\/\/narteks.net\/index.php\/2011\/06\/09\/charles-bukowski-biyografisi\/"},"author":{"name":"Tar\u0131k","@id":"https:\/\/narteks.net\/#\/schema\/person\/61f37d9834294b72d31d274e7ed79bca"},"headline":"Charles BUKOWSK\u0130 Biyografisi","datePublished":"2011-06-09T13:10:46+00:00","mainEntityOfPage":{"@id":"https:\/\/narteks.net\/index.php\/2011\/06\/09\/charles-bukowski-biyografisi\/"},"wordCount":1149,"commentCount":0,"publisher":{"@id":"https:\/\/narteks.net\/#organization"},"articleSection":["Charles BUKOWSK\u0130"],"inLanguage":"tr","potentialAction":[{"@type":"CommentAction","name":"Comment","target":["https:\/\/narteks.net\/index.php\/2011\/06\/09\/charles-bukowski-biyografisi\/#respond"]}]},{"@type":"WebPage","@id":"https:\/\/narteks.net\/index.php\/2011\/06\/09\/charles-bukowski-biyografisi\/","url":"https:\/\/narteks.net\/index.php\/2011\/06\/09\/charles-bukowski-biyografisi\/","name":"Charles BUKOWSK\u0130 Biyografisi - narteks.net","isPartOf":{"@id":"https:\/\/narteks.net\/#website"},"datePublished":"2011-06-09T13:10:46+00:00","breadcrumb":{"@id":"https:\/\/narteks.net\/index.php\/2011\/06\/09\/charles-bukowski-biyografisi\/#breadcrumb"},"inLanguage":"tr","potentialAction":[{"@type":"ReadAction","target":["https:\/\/narteks.net\/index.php\/2011\/06\/09\/charles-bukowski-biyografisi\/"]}]},{"@type":"BreadcrumbList","@id":"https:\/\/narteks.net\/index.php\/2011\/06\/09\/charles-bukowski-biyografisi\/#breadcrumb","itemListElement":[{"@type":"ListItem","position":1,"name":"Anasayfa","item":"https:\/\/narteks.net\/"},{"@type":"ListItem","position":2,"name":"Charles BUKOWSK\u0130 Biyografisi"}]},{"@type":"WebSite","@id":"https:\/\/narteks.net\/#website","url":"https:\/\/narteks.net\/","name":"narteks.net","description":"K\u00fclt\u00fcr Sanat Edebiyat Felsefe","publisher":{"@id":"https:\/\/narteks.net\/#organization"},"alternateName":"K\u00fclt\u00fcr Sanat Edebiyat Felsefe","potentialAction":[{"@type":"SearchAction","target":{"@type":"EntryPoint","urlTemplate":"https:\/\/narteks.net\/?s={search_term_string}"},"query-input":{"@type":"PropertyValueSpecification","valueRequired":true,"valueName":"search_term_string"}}],"inLanguage":"tr"},{"@type":"Organization","@id":"https:\/\/narteks.net\/#organization","name":"narteks.net","url":"https:\/\/narteks.net\/","logo":{"@type":"ImageObject","inLanguage":"tr","@id":"https:\/\/narteks.net\/#\/schema\/logo\/image\/","url":"https:\/\/narteks.net\/wp-content\/uploads\/narteks.png","contentUrl":"https:\/\/narteks.net\/wp-content\/uploads\/narteks.png","width":300,"height":90,"caption":"narteks.net"},"image":{"@id":"https:\/\/narteks.net\/#\/schema\/logo\/image\/"},"sameAs":["https:\/\/x.com\/narteks","https:\/\/instagram.com\/narteksnet"]},{"@type":"Person","@id":"https:\/\/narteks.net\/#\/schema\/person\/61f37d9834294b72d31d274e7ed79bca","name":"Tar\u0131k","image":{"@type":"ImageObject","inLanguage":"tr","@id":"https:\/\/narteks.net\/#\/schema\/person\/image\/","url":"https:\/\/secure.gravatar.com\/avatar\/50865afb55632c4ae467e0af0930f6510aa2297d8014be502a55b14f3b7550cf?s=96&d=mm&r=g","contentUrl":"https:\/\/secure.gravatar.com\/avatar\/50865afb55632c4ae467e0af0930f6510aa2297d8014be502a55b14f3b7550cf?s=96&d=mm&r=g","caption":"Tar\u0131k"},"sameAs":["http:\/\/narteks.net"],"url":"https:\/\/narteks.net\/index.php\/author\/narbak\/"}]}},"_links":{"self":[{"href":"https:\/\/narteks.net\/index.php\/wp-json\/wp\/v2\/posts\/6673","targetHints":{"allow":["GET"]}}],"collection":[{"href":"https:\/\/narteks.net\/index.php\/wp-json\/wp\/v2\/posts"}],"about":[{"href":"https:\/\/narteks.net\/index.php\/wp-json\/wp\/v2\/types\/post"}],"author":[{"embeddable":true,"href":"https:\/\/narteks.net\/index.php\/wp-json\/wp\/v2\/users\/1"}],"replies":[{"embeddable":true,"href":"https:\/\/narteks.net\/index.php\/wp-json\/wp\/v2\/comments?post=6673"}],"version-history":[{"count":0,"href":"https:\/\/narteks.net\/index.php\/wp-json\/wp\/v2\/posts\/6673\/revisions"}],"wp:attachment":[{"href":"https:\/\/narteks.net\/index.php\/wp-json\/wp\/v2\/media?parent=6673"}],"wp:term":[{"taxonomy":"category","embeddable":true,"href":"https:\/\/narteks.net\/index.php\/wp-json\/wp\/v2\/categories?post=6673"},{"taxonomy":"post_tag","embeddable":true,"href":"https:\/\/narteks.net\/index.php\/wp-json\/wp\/v2\/tags?post=6673"}],"curies":[{"name":"wp","href":"https:\/\/api.w.org\/{rel}","templated":true}]}}