{"id":6675,"date":"2011-06-11T11:02:48","date_gmt":"2011-06-11T08:02:48","guid":{"rendered":"http:\/\/localhost\/wordpress\/2011\/06\/11\/kargalarin-sectigi-padisah-aziz-nesin\/"},"modified":"2011-06-11T11:02:48","modified_gmt":"2011-06-11T08:02:48","slug":"kargalarin-sectigi-padisah-aziz-nesin","status":"publish","type":"post","link":"https:\/\/narteks.net\/index.php\/2011\/06\/11\/kargalarin-sectigi-padisah-aziz-nesin\/","title":{"rendered":"Kargalar\u0131n Se\u00e7ti\u011fi Padi\u015fah | Aziz Nesin"},"content":{"rendered":"<p style=\"text-align: justify;\"><img loading=\"lazy\" decoding=\"async\" src=\"images\/stories\/aziz_nesin.jpg\" border=\"0\" width=\"155\" height=\"205\" style=\"float: left;\" \/>Bir varm\u0131\u015f, bir yokmu\u015f. Eski \u00e7a\u011flarda, \u00fclkenin birinde bir zavall\u0131 ki\u015fi varm\u0131\u015f. G\u00fcnl\u00fck yiyece\u011finin bile yoksunu, \u00e7ulsuzun biriymi\u015f. Ama k\u00f6t\u00fc y\u00fcrekli de de\u011filmi\u015f hani. B\u00fct\u00fcn iste\u011fi ba\u015fkalar\u0131na iyilik etmekmi\u015f. \u0130yilik etmek istermi\u015f istemesine ama bunun nas\u0131l yap\u0131laca\u011f\u0131n\u0131 da pek bilmezmi\u015f. S\u0131k s\u0131k,<\/p>\n<p>&#8211; Aaah ah, dermi\u015f, bir g\u00fcc\u00fcm yetse de \u015fu insanlara hep iyilik etsem&#8230; Bu s\u00f6zleri duyanlar sorarlarm\u0131\u015f:<\/p>\n<p style=\"text-align: justify;\">&#8211; Peki, nas\u0131l iyilik edeceksin? O da,<\/p>\n<p style=\"text-align: justify;\">&#8211; \u0130yilik i\u015fte, dermi\u015f, herkese iyilik edece\u011fim. Hele o g\u00fcnler bir gelsin, ben bilirim nas\u0131l iyilik edece\u011fimi.<\/p>\n<p>G\u00fcnlerden bi g\u00fcn da\u011f ba\u015f\u0131nda, \u00abTanr\u0131m bana yard\u0131m etse de, ben de insano\u011fluna iyilik edebilsem.\u00bb diye m\u0131r\u0131l m\u0131r\u0131l m\u0131r\u0131ldan\u0131rken, arkadan gelen bir yolcu, yakla\u015ft\u0131k\u00e7a adam\u0131n bu s\u00f6zlerini duymu\u015f.<\/p>\n<p>&#8211; Merhaba o\u011ful!.. demi\u015f.<\/p>\n<p>\u0130yilik yapmak isteyen adam ba\u015f\u0131n\u0131 \u00e7evirince, ak sakal\u0131 g\u00f6be\u011fine kadar uzanm\u0131\u015f bir yolcu g\u00f6rm\u00fc\u015f.<\/p>\n<p>&#8211; Merhaba baba&#8230; demi\u015f.<\/p>\n<p style=\"text-align: justify;\">&#8211; Nedir \u00f6yle kendi kendine konu\u015fuyorsun, Tanr\u0131dan bi \u015feyler istiyorsun? Adam derdini, insanlara iyilik etmek i\u00e7in nas\u0131l i\u00e7inin yand\u0131\u011f\u0131n\u0131 dilinin d\u00f6nd\u00fc\u011f\u00fc kadar anlatm\u0131\u015f. Ak sakall\u0131 adam,<\/p>\n<p>&#8211; Senin gibi \u00e7ok ki\u015fi ba\u015fkalar\u0131na iyilik yapmak istemi\u015ftir \u015fimdiye dek. Bu iyili\u011fin nas\u0131l yap\u0131laca\u011f\u0131n\u0131 bilseydin, bu kadar \u00e7ok iyilik yapmak istemezdin. \u0130nsanlara iyilik yapmak, k\u00f6t\u00fcl\u00fck yapmaktan daha zordur. D\u00fcnya kuruldu kurulal\u0131 bunu becerebilen \u00e7ok az ki\u015fi \u00e7\u0131km\u0131\u015ft\u0131r&#8230; diye adama ak\u0131l vermi\u015fse de, o dinlemez,<\/p>\n<p>&#8211; Ah, demi\u015f, ben ba\u015fkalar\u0131na benzemem. Hele bir \u00f6yle yere ge\u00e7sem, b\u00fct\u00fcn k\u00f6t\u00fcl\u00fckleri kald\u0131raca\u011f\u0131m yery\u00fcz\u00fcnden. A\u00e7, susuz kalmayacak. \u00c7\u0131plak, \u00e7ulsuz kalmayacak. Kavga d\u00f6v\u00fc\u015f kalmayacak&#8230; B\u00fct\u00fcn i\u015fleri yoluna koyaca\u011f\u0131m.<br \/>Ak sakall\u0131,<\/p>\n<p>&#8211; \u00c7ok istiyorsun ama, demi\u015f, yapmak istedi\u011fin i\u015fin nas\u0131l yap\u0131laca\u011f\u0131n\u0131 bilmiyorsun. Senden \u00f6nce de senin gibi yapmak istedikleri i\u015fi bilmeyenler \u00e7ok geldi ge\u00e7ti. \u00d6b\u00fcr\u00fc,<\/p>\n<p>&#8211; \u0130yilik yapmaktan kolay ne var yery\u00fcz\u00fcnde&#8230; demi\u015f. Sakall\u0131 da,<\/p>\n<p style=\"text-align: justify;\">&#8211; Eh, demi\u015f, demek o kadar \u00e7ok istiyorsun iyilik yapmas\u0131n\u0131, \u00f6yleyse buralarda durma. Durmadan gez dola\u015f&#8230; \u00d6yle bir yer gelir, \u00f6yle bir zaman gelir, sen de istedi\u011fin yere y\u00fckselirsin&#8230;<\/p>\n<p>\u0130yilik yapmak isteyen ki\u015fi, ak sakall\u0131n\u0131n yaln\u0131z son s\u00f6zlerini dinlemi\u015f, alm\u0131\u015f ba\u015f\u0131n\u0131 y\u00fcr\u00fcm\u00fc\u015f&#8230; Oras\u0131 senin, buras\u0131 benim, y\u0131llar y\u0131l\u0131 gezmi\u015f dola\u015fm\u0131\u015f. Her gitti\u011fi yerde, insano\u011fluna iyilik yapmak i\u00e7in, nas\u0131l i\u00e7inin yan\u0131p tutu\u015ftu\u011funu anlatm\u0131\u015f.<\/p>\n<p style=\"text-align: justify;\">Yine b\u00f6yle gezip, dola\u015f\u0131p dururken, b\u00fct\u00fcn g\u00fcn, sonra b\u00fct\u00fcn bir gece y\u00fcr\u00fcm\u00fc\u015f, g\u00f6kbitimi \u0131\u015f\u0131rken, uzakta bir kent g\u00f6r\u00fcnm\u00fc\u015f. Bu kent \u00e7ep\u00e7evre kale duvar\u0131yla \u00e7evriliymi\u015f. Kente girilecek kap\u0131y\u0131 bulmu\u015f, i\u00e7eri y\u00f6nelmi\u015f. Kap\u0131dan kentin alan\u0131na girince \u015fa\u015f\u0131rm\u0131\u015f kalm\u0131\u015f. Nas\u0131 \u015fa\u015f\u0131rmas\u0131n&#8230; Alan insanla dolu&#8230; Ben diyeyim y\u00fcz bin ki\u015fi, sen de \u00fc\u00e7 y\u00fcz bin ki\u015fi&#8230; \u0130nsan y\u0131\u011f\u0131n\u0131n\u0131n ucu buca\u011f\u0131 g\u00f6r\u00fcnm\u00fcyor. O da kalabal\u0131\u011f\u0131n i\u00e7ine dalm\u0131\u015f. Her kafadan bir ses \u00e7\u0131k\u0131yormu\u015f. Adam, konu\u015fulanlara kulak vermi\u015f. \u015e\u00f6yle diyorlarm\u0131\u015f:<\/p>\n<p>&#8211; Yurtta\u015flar! Ben sizin iyili\u011finizi istiyorum. Beni padi\u015fah yapmas\u0131 i\u00e7in kargalara s\u00f6yleyin. Kargalar beni padi\u015fah yaps\u0131nlar. G\u00f6receksiniz. sizlere \u00e7ok iyilikler edece\u011fim. Bu kentin \u0131rmaklar\u0131ndan \u015ferbetler akacak, kald\u0131r\u0131m ta\u015flar\u0131 alt\u0131ndan olacak. Ya\u011fmur yerine g\u00f6kten \u015furup ya\u011fd\u0131rtaca\u011f\u0131m. Bir eliniz ya\u011fda, bir eliniz balda olacak. Her Tanr\u0131n\u0131n g\u00fcn\u00fc baklava b\u00f6rek yemekten art\u0131k b\u0131k\u0131p usanacaks\u0131n\u0131z. \u00d6yle rahat edeceksiniz ki, rahat sizi rahats\u0131z etmeye ba\u015flayacak. Say\u0131n yurtta\u015flar\u0131m! S\u00f6yleyin kargalara, beni padi\u015fah yaps\u0131nlar.<\/p>\n<p style=\"text-align: justify;\">B\u00fct\u00fcn a\u011f\u0131zlardan hep bu s\u00f6zleri duyan adam \u015fa\u015f\u0131rm\u0131\u015f. Bir de yan\u0131ndakine bakm\u0131\u015f ki, y\u0131llarca \u00f6nce kendisiyle bir da\u011f ba\u015f\u0131nda kar\u015f\u0131la\u015ft\u0131\u011f\u0131 ak sakall\u0131 g\u00f6be\u011findeki ya\u015fl\u0131 adam de\u011fil mi&#8230;<\/p>\n<p>&#8211; Merhaba baba&#8230; demi\u015f. Sakall\u0131 da,<br \/>&#8211; Merhaba o\u011ful&#8230; demi\u015f.<br \/>&#8211; G\u00f6r\u00fcyorum, bu kentte herkes bi t\u00fcrl\u00fc konu\u015fuyor. \u00d6yleyse neden ba\u011f\u0131np \u00e7a\u011f\u0131r\u0131yorlar?.. diye ak sakall\u0131ya sormu\u015f. Ak sakall\u0131,<br \/>&#8211; Herkes salt kendisinin iyilik yapabilece\u011fini san\u0131yor, ama bu iyili\u011fi nas\u0131l yapaca\u011f\u0131n\u0131 bilmiyor da ondan&#8230; demi\u015f.<br \/>&#8211; Bu insanlar hep b\u00f6yle ba\u011f\u0131r\u0131\u015f\u0131rlar m\u0131?<br \/>&#8211; Hay\u0131r. Se\u00e7imden se\u00e7ime ba\u011f\u0131r\u0131rlar. Burada y\u0131lda bir se\u00e7im olur. Se\u00e7im zaman\u0131 gelince herkes kendisinin se\u00e7ilmesini ister.<br \/>&#8211; Neden?<br \/>&#8211; \u00c7\u00fcnk\u00fc herkes salt kendisinin iyilik yapaca\u011f\u0131n\u0131 san\u0131r. Hepsi de iyilik yapmak ister. K\u00f6t\u00fcl\u00fck yapmak isteyen hi\u00e7 yoktur.<br \/>&#8211; Ne se\u00e7ilir burada?<br \/>&#8211; Padi\u015fah se\u00e7ilir&#8230; Bu \u00fclke ba\u015fka \u00fclkelere benzemez. Ba\u015fka \u00fclkelerdeki gibi, burada padi\u015fah babadan o\u011fula kalmaz. Her y\u0131l halk\u0131n i\u00e7inden yeni bir padi\u015fah se\u00e7ilir. Se\u00e7ilen padi\u015fah, s\u00f6z verdi\u011fi gibi halka iyilik yaparsa padi\u015fah kal\u0131r, yapamazsa ertesi y\u0131l yeni se\u00e7im yap\u0131l\u0131r. \u015eimdiye dek bir y\u0131ldan \u00e7ok padi\u015fahl\u0131k eden \u00e7\u0131kmad\u0131.<br \/>&#8211; Peki, neden \u00abkarga, karga!\u00bb diye ba\u011f\u0131r\u0131yorlar?<br \/>&#8211; Bu \u00fclkede padi\u015fahlar\u0131 kargalar se\u00e7er de ondan b\u00f6yle ba\u011f\u0131r\u0131yorlar.<\/p>\n<p>Derken hava birden kararm\u0131\u015f; G\u00f6ky\u00fcz\u00fcn\u00fc bir karga bulutudur kaplam\u0131\u015f. Karga bulutlar\u0131ndan g\u00fcne\u015f g\u00f6r\u00fcnmez olmu\u015f. Kargalar insanlar\u0131n tepesinde u\u00e7u\u015fup gak gaaak diye ba\u011f\u0131r\u0131\u015f\u0131rlarken, insanlar da,<\/p>\n<p>&#8211; Karga karde\u015f, karga karde\u015f, aman beni se\u00e7!. diye onlara yalvar\u0131rlarm\u0131\u015f. Kargalar b\u00f6ylecene ba\u011f\u0131ra, u\u00e7u\u015fa dursun, i\u00e7lerinden iri bir karga yere do\u011fru s\u00fcz\u00fclm\u00fc\u015f, iyilik yapmak i\u00e7in da\u011f bay\u0131r dola\u015fan adam\u0131n ba\u015f\u0131n\u0131n \u00fcst\u00fcnde d\u00f6nmeye ba\u015flam\u0131\u015f. D\u00f6nm\u00fc\u015f, d\u00f6nm\u00fc\u015f, en sonunda gak diye pislemi\u015f. Sonra yine g\u00f6klere y\u00fckselmi\u015f.<\/p>\n<p>&#8211; \u00dc\u00e7te bir padi\u015fah oldun, \u00fc\u00e7te bir padi\u015fah oldun! diye adama \u00fcnlemeye ba\u015flam\u0131\u015flar.<\/p>\n<p style=\"text-align: justify;\">Neye u\u011frad\u0131\u011f\u0131n\u0131 \u015fa\u015f\u0131ran adam da, yan\u0131ndaki Aksakal&#8217;a,<\/p>\n<p>&#8211; Nedir, ne oluyor?.. demi\u015f. Aksakal,<\/p>\n<p>&#8211; Burada padi\u015fah se\u00e7imi i\u015fte b\u00f6yle olur, demi\u015f. Bir karga, birinin ba\u015f\u0131na \u00fc\u00e7 kere pislerse o ki\u015fi bu \u00fclkeye padi\u015fah se\u00e7ilir. Sen \u015fimdi \u00fc\u00e7te bir padi\u015fah oldun, demektir. Dua et de, karga yine senin ba\u015f\u0131n\u0131 se\u00e7sin.<\/p>\n<p style=\"text-align: justify;\">Demeye kalmam\u0131\u015f, karga yine f\u0131r d\u00f6n\u00fcp o adam\u0131n ba\u015f\u0131na bir daha etmi\u015f. Alan\u0131 dolduranlar,<\/p>\n<p>&#8211; \u00dc\u00e7te iki padi\u015fah oldun, \u00fc\u00e7te iki padi\u015fah oldun!.. diye ba\u011f\u0131rm\u0131\u015flar.<\/p>\n<p style=\"text-align: justify;\">Kargan\u0131n \u00fc\u00e7\u00fcnc\u00fc i\u015fini de yine o adam\u0131n ba\u015f\u0131na yapmamas\u0131 i\u00e7in, herkes kendi ba\u015f\u0131n\u0131 a\u00e7\u0131p,<\/p>\n<p>&#8211; Karga karde\u015f buraya, karga karde\u015f buraya!. diye seslenerek kargaya yalvar\u0131yormu\u015f.<\/p>\n<p style=\"text-align: justify;\">Karga bu s\u00f6zleri dinlememi\u015f. \u00dc\u00e7\u00fcnc\u00fc kere de yine o adam\u0131n ba\u015f\u0131n\u0131 se\u00e7mi\u015f. Bunun \u00fczerine adam\u0131,<\/p>\n<p>&#8211; Padi\u015fah oldun!.. diye al\u0131p sallas\u0131rt ederek, omuzlar\u0131nda saraya ta\u015f\u0131m\u0131\u015flar. Adam padi\u015fah olunca, kendisini padi\u015fah yapan kargalar\u0131n bu iyili\u011fini unutmam\u0131\u015f. B\u00fct\u00fcn bostanlardaki, tarlalardaki bostan korkuluklar\u0131n\u0131n kald\u0131r\u0131lmas\u0131 i\u00e7in bir ferman \u00e7\u0131karm\u0131\u015f. Kargalar\u0131 ta\u015flayan, k\u0131\u015flayanlar\u0131n mahkemeye verip cezaland\u0131rm\u0131\u015f. Bununla da kalmam\u0131\u015f, her evin kargalara g\u00fcnde bir avu\u00e7 yem atmas\u0131n\u0131 buyurmu\u015f.<\/p>\n<p>Halk, m\u0131r\u0131l m\u0131r\u0131l m\u0131r\u0131ldanmaya ba\u015flam\u0131\u015f ama, padi\u015fah\u0131n g\u00f6z\u00fc kargalardan ba\u015fkas\u0131n\u0131 g\u00f6rm\u00fcyormu\u015f. B\u00f6ylece ilk y\u0131l\u0131 ge\u00e7irmi\u015fler. Yeni se\u00e7ime girmi\u015fler.<\/p>\n<p style=\"text-align: justify;\">O \u00fclkenin ki\u015fileri yine kentin alan\u0131na toplanm\u0131\u015flar. Yine herkes kendisinin se\u00e7ilmesi i\u00e7in kargalara yalvarmaya ba\u015flam\u0131\u015f. Yine hepsi de insanlara iyilik yapmak istediklerini s\u00f6yl\u00fcyorlarm\u0131\u015f. Kargalar bulut bulut gelmi\u015f. Yine g\u00f6k kararm\u0131\u015f. Gak sesleri g\u00f6klerde u\u011fuldam\u0131\u015f. Her y\u0131l padi\u015fah\u0131 bir karga se\u00e7erken, bu y\u0131l, padi\u015fahtan g\u00f6rd\u00fckleri iyili\u011fe te\u015fekk\u00fcr i\u00e7in, on karga birden gelip, eski padi\u015fah\u0131n ba\u015f\u0131na \u00fc\u00e7er kere pislemi\u015fler. O adam yine padi\u015fah olunca kargalar\u0131n bu iyili\u011fini unutmam\u0131\u015f, herkesin evinde yirmi karga beslemesini zorunlu k\u0131lm\u0131\u015f. Kargalara, so\u011fuktan, r\u00fczgardan korunmalar\u0131 i\u00e7in yuvalar yapt\u0131rm\u0131\u015f. Kargalar beslene beslene b\u00fcy\u00fcd\u00fck\u00e7e b\u00fcy\u00fcm\u00fc\u015f, ya\u011fland\u0131k\u00e7a ya\u011flanm\u0131\u015f. Her bir karga bir hindi kadar olmu\u015f.<\/p>\n<p>Derken yine se\u00e7im zaman\u0131 gelmi\u015f. Padi\u015fah\u0131 hi\u00e7 sevmeyen halk m\u0131r\u0131ldanm\u0131\u015f durmu\u015f, ama neye yarar, bu se\u00e7imde hindi kadar y\u00fcz karga birden \u00fc\u00e7er kere, yine eski padi\u015fah\u0131n ba\u015f\u0131n\u0131 be\u011fenmi\u015fler. \u00dc\u00e7\u00fcnc\u00fc kere padi\u015fah olan adam,<\/p>\n<p style=\"text-align: justify;\">&#8211; Kargalar\u0131n \u00fcst\u00fcnde hi\u00e7bir bit bulunmayacak&#8230; Bitler ay\u0131klan\u0131p, kargalar temizlenecek. Kargalar\u0131n ayaklar\u0131n\u0131 cilalayacak, gerilerini ya\u011flayacaks\u0131n\u0131z! diye ferman \u00e7\u0131kartm\u0131\u015f.<\/p>\n<p>Kargalar beslene, bak\u0131la, koyun kadar olmu\u015flar, hem de g\u00fcnden g\u00fcne \u00e7o\u011fal\u0131yorlarm\u0131\u015f. Bir zaman gelmi\u015f, \u00e7o\u011falan, irile\u015fen kargalar kente s\u0131\u011f\u0131\u015famaz olmu\u015f. Yine se\u00e7im zaman\u0131 gelmi\u015f. Bu se\u00e7imde padi\u015faha daha \u00e7ok te\u015fekk\u00fcr i\u00e7in, be\u015f y\u00fcz karga birden \u00fc\u00e7er kere yine eski padi\u015fah\u0131n ba\u015f\u0131n\u0131 be\u011fenmi\u015f.<\/p>\n<p style=\"text-align: justify;\">Padi\u015fah da, kargalara o kadar iyi bakt\u0131rm\u0131\u015f ki, kargalardan kendilerine kentte yer kalmayan insanlar, evlerini, yurtlar\u0131n kargalara b\u0131rak\u0131p, da\u011flara bay\u0131rlara d\u00fc\u015fm\u00fc\u015fler. Beslenen kargalar s\u0131\u011f\u0131r kadar irile\u015fmi\u015fler.<\/p>\n<p style=\"text-align: justify;\">Bir se\u00e7im daha olmu\u015f. Havada s\u0131\u011f\u0131r kadar iri kargalar u\u00e7maya ba\u015flam\u0131\u015f. Onlar\u0131n g\u00fcr\u00fclt\u00fcs\u00fcnden kulaklar sa\u011f\u0131r oluyormu\u015f. Kargalar, padi\u015faha olan bor\u00e7lar\u0131n\u0131 \u00f6demek i\u00e7in, bu sefer hep birden gelip, padi\u015fah\u0131n tepesine te\u015fekk\u00fcrlerini b\u0131rakm\u0131\u015flar.<\/p>\n<p>\u0130nsanlar, yeniden se\u00e7ilen padi\u015fah\u0131 saraya g\u00f6t\u00fcrmek i\u00e7in yakla\u015f\u0131nca bir de bakm\u0131\u015flar ki, karga tersinden bir tepe&#8230; Padi\u015fah da bu tepenin alt\u0131nda bo\u011fulmu\u015f, ezilmi\u015f. Oradaki insanlar, sevin\u00e7 i\u00e7inde, yeniden,<\/p>\n<p style=\"text-align: justify;\">&#8211; Karga karde\u015f, beni se\u00e7. Karga karde\u015f, beni se\u00e7!. diye ba\u011fr\u0131\u015fmaya ba\u015flam\u0131\u015flar.<\/p>\n<p style=\"text-align: justify;\"><em>Aziz Nesin | Memleketin Birinde &#8211; Kargalar\u0131n Se\u00e7ti\u011fi Padi\u015fah<\/em><\/p>\n","protected":false},"excerpt":{"rendered":"<p>Bir varm\u0131\u015f, bir yokmu\u015f. Eski \u00e7a\u011flarda, \u00fclkenin birinde bir zavall\u0131 ki\u015fi varm\u0131\u015f. G\u00fcnl\u00fck yiyece\u011finin bile yoksunu, \u00e7ulsuzun biriymi\u015f. Ama k\u00f6t\u00fc y\u00fcrekli de de\u011filmi\u015f hani. B\u00fct\u00fcn iste\u011fi ba\u015fkalar\u0131na iyilik etmekmi\u015f. \u0130yilik etmek istermi\u015f istemesine ama bunun nas\u0131l yap\u0131laca\u011f\u0131n\u0131 da pek bilmezmi\u015f. S\u0131k s\u0131k, &#8211; Aaah ah, dermi\u015f, bir g\u00fcc\u00fcm yetse de \u015fu insanlara hep iyilik etsem&#8230; [&hellip;]<\/p>\n","protected":false},"author":1,"featured_media":0,"comment_status":"open","ping_status":"open","sticky":false,"template":"","format":"standard","meta":{"footnotes":""},"categories":[114],"tags":[],"class_list":{"0":"post-6675","1":"post","2":"type-post","3":"status-publish","4":"format-standard","6":"category-turkiye-den-oykuler"},"yoast_head":"<!-- This site is optimized with the Yoast SEO Premium plugin v24.9 (Yoast SEO v24.9) - https:\/\/yoast.com\/wordpress\/plugins\/seo\/ -->\n<title>Kargalar\u0131n Se\u00e7ti\u011fi Padi\u015fah | Aziz Nesin - narteks.net<\/title>\n<meta name=\"robots\" content=\"index, follow, max-snippet:-1, max-image-preview:large, max-video-preview:-1\" \/>\n<link rel=\"canonical\" href=\"https:\/\/narteks.net\/index.php\/2011\/06\/11\/kargalarin-sectigi-padisah-aziz-nesin\/\" \/>\n<meta property=\"og:locale\" content=\"tr_TR\" \/>\n<meta property=\"og:type\" content=\"article\" \/>\n<meta property=\"og:title\" content=\"Kargalar\u0131n Se\u00e7ti\u011fi Padi\u015fah | Aziz Nesin\" \/>\n<meta property=\"og:description\" content=\"Bir varm\u0131\u015f, bir yokmu\u015f. Eski \u00e7a\u011flarda, \u00fclkenin birinde bir zavall\u0131 ki\u015fi varm\u0131\u015f. G\u00fcnl\u00fck yiyece\u011finin bile yoksunu, \u00e7ulsuzun biriymi\u015f. Ama k\u00f6t\u00fc y\u00fcrekli de de\u011filmi\u015f hani. B\u00fct\u00fcn iste\u011fi ba\u015fkalar\u0131na iyilik etmekmi\u015f. \u0130yilik etmek istermi\u015f istemesine ama bunun nas\u0131l yap\u0131laca\u011f\u0131n\u0131 da pek bilmezmi\u015f. S\u0131k s\u0131k, &#8211; Aaah ah, dermi\u015f, bir g\u00fcc\u00fcm yetse de \u015fu insanlara hep iyilik etsem&#8230; [&hellip;]\" \/>\n<meta property=\"og:url\" content=\"https:\/\/narteks.net\/index.php\/2011\/06\/11\/kargalarin-sectigi-padisah-aziz-nesin\/\" \/>\n<meta property=\"og:site_name\" content=\"narteks.net\" \/>\n<meta property=\"article:published_time\" content=\"2011-06-11T08:02:48+00:00\" \/>\n<meta property=\"og:image\" content=\"https:\/\/narteks.net\/wp-content\/uploads\/narteks.png\" \/>\n\t<meta property=\"og:image:width\" content=\"300\" \/>\n\t<meta property=\"og:image:height\" content=\"90\" \/>\n\t<meta property=\"og:image:type\" content=\"image\/png\" \/>\n<meta name=\"author\" content=\"Tar\u0131k\" \/>\n<meta name=\"twitter:card\" content=\"summary_large_image\" \/>\n<meta name=\"twitter:creator\" content=\"@narteks\" \/>\n<meta name=\"twitter:site\" content=\"@narteks\" \/>\n<meta name=\"twitter:label1\" content=\"Yazan:\" \/>\n\t<meta name=\"twitter:data1\" content=\"Tar\u0131k\" \/>\n\t<meta name=\"twitter:label2\" content=\"Tahmini okuma s\u00fcresi\" \/>\n\t<meta name=\"twitter:data2\" content=\"9 dakika\" \/>\n<script type=\"application\/ld+json\" class=\"yoast-schema-graph\">{\"@context\":\"https:\/\/schema.org\",\"@graph\":[{\"@type\":\"Article\",\"@id\":\"https:\/\/narteks.net\/index.php\/2011\/06\/11\/kargalarin-sectigi-padisah-aziz-nesin\/#article\",\"isPartOf\":{\"@id\":\"https:\/\/narteks.net\/index.php\/2011\/06\/11\/kargalarin-sectigi-padisah-aziz-nesin\/\"},\"author\":{\"name\":\"Tar\u0131k\",\"@id\":\"https:\/\/narteks.net\/#\/schema\/person\/61f37d9834294b72d31d274e7ed79bca\"},\"headline\":\"Kargalar\u0131n Se\u00e7ti\u011fi Padi\u015fah | Aziz Nesin\",\"datePublished\":\"2011-06-11T08:02:48+00:00\",\"mainEntityOfPage\":{\"@id\":\"https:\/\/narteks.net\/index.php\/2011\/06\/11\/kargalarin-sectigi-padisah-aziz-nesin\/\"},\"wordCount\":1742,\"commentCount\":0,\"publisher\":{\"@id\":\"https:\/\/narteks.net\/#organization\"},\"articleSection\":[\"T\u00fcrkiye'den \u00d6yk\u00fcler\"],\"inLanguage\":\"tr\",\"potentialAction\":[{\"@type\":\"CommentAction\",\"name\":\"Comment\",\"target\":[\"https:\/\/narteks.net\/index.php\/2011\/06\/11\/kargalarin-sectigi-padisah-aziz-nesin\/#respond\"]}]},{\"@type\":\"WebPage\",\"@id\":\"https:\/\/narteks.net\/index.php\/2011\/06\/11\/kargalarin-sectigi-padisah-aziz-nesin\/\",\"url\":\"https:\/\/narteks.net\/index.php\/2011\/06\/11\/kargalarin-sectigi-padisah-aziz-nesin\/\",\"name\":\"Kargalar\u0131n Se\u00e7ti\u011fi Padi\u015fah | Aziz Nesin - narteks.net\",\"isPartOf\":{\"@id\":\"https:\/\/narteks.net\/#website\"},\"datePublished\":\"2011-06-11T08:02:48+00:00\",\"breadcrumb\":{\"@id\":\"https:\/\/narteks.net\/index.php\/2011\/06\/11\/kargalarin-sectigi-padisah-aziz-nesin\/#breadcrumb\"},\"inLanguage\":\"tr\",\"potentialAction\":[{\"@type\":\"ReadAction\",\"target\":[\"https:\/\/narteks.net\/index.php\/2011\/06\/11\/kargalarin-sectigi-padisah-aziz-nesin\/\"]}]},{\"@type\":\"BreadcrumbList\",\"@id\":\"https:\/\/narteks.net\/index.php\/2011\/06\/11\/kargalarin-sectigi-padisah-aziz-nesin\/#breadcrumb\",\"itemListElement\":[{\"@type\":\"ListItem\",\"position\":1,\"name\":\"Anasayfa\",\"item\":\"https:\/\/narteks.net\/\"},{\"@type\":\"ListItem\",\"position\":2,\"name\":\"Kargalar\u0131n Se\u00e7ti\u011fi Padi\u015fah | Aziz Nesin\"}]},{\"@type\":\"WebSite\",\"@id\":\"https:\/\/narteks.net\/#website\",\"url\":\"https:\/\/narteks.net\/\",\"name\":\"narteks.net\",\"description\":\"K\u00fclt\u00fcr Sanat Edebiyat Felsefe\",\"publisher\":{\"@id\":\"https:\/\/narteks.net\/#organization\"},\"alternateName\":\"K\u00fclt\u00fcr Sanat Edebiyat Felsefe\",\"potentialAction\":[{\"@type\":\"SearchAction\",\"target\":{\"@type\":\"EntryPoint\",\"urlTemplate\":\"https:\/\/narteks.net\/?s={search_term_string}\"},\"query-input\":{\"@type\":\"PropertyValueSpecification\",\"valueRequired\":true,\"valueName\":\"search_term_string\"}}],\"inLanguage\":\"tr\"},{\"@type\":\"Organization\",\"@id\":\"https:\/\/narteks.net\/#organization\",\"name\":\"narteks.net\",\"url\":\"https:\/\/narteks.net\/\",\"logo\":{\"@type\":\"ImageObject\",\"inLanguage\":\"tr\",\"@id\":\"https:\/\/narteks.net\/#\/schema\/logo\/image\/\",\"url\":\"https:\/\/narteks.net\/wp-content\/uploads\/narteks.png\",\"contentUrl\":\"https:\/\/narteks.net\/wp-content\/uploads\/narteks.png\",\"width\":300,\"height\":90,\"caption\":\"narteks.net\"},\"image\":{\"@id\":\"https:\/\/narteks.net\/#\/schema\/logo\/image\/\"},\"sameAs\":[\"https:\/\/x.com\/narteks\",\"https:\/\/instagram.com\/narteksnet\"]},{\"@type\":\"Person\",\"@id\":\"https:\/\/narteks.net\/#\/schema\/person\/61f37d9834294b72d31d274e7ed79bca\",\"name\":\"Tar\u0131k\",\"image\":{\"@type\":\"ImageObject\",\"inLanguage\":\"tr\",\"@id\":\"https:\/\/narteks.net\/#\/schema\/person\/image\/\",\"url\":\"https:\/\/secure.gravatar.com\/avatar\/50865afb55632c4ae467e0af0930f6510aa2297d8014be502a55b14f3b7550cf?s=96&d=mm&r=g\",\"contentUrl\":\"https:\/\/secure.gravatar.com\/avatar\/50865afb55632c4ae467e0af0930f6510aa2297d8014be502a55b14f3b7550cf?s=96&d=mm&r=g\",\"caption\":\"Tar\u0131k\"},\"sameAs\":[\"http:\/\/narteks.net\"],\"url\":\"https:\/\/narteks.net\/index.php\/author\/narbak\/\"}]}<\/script>\n<!-- \/ Yoast SEO Premium plugin. -->","yoast_head_json":{"title":"Kargalar\u0131n Se\u00e7ti\u011fi Padi\u015fah | Aziz Nesin - narteks.net","robots":{"index":"index","follow":"follow","max-snippet":"max-snippet:-1","max-image-preview":"max-image-preview:large","max-video-preview":"max-video-preview:-1"},"canonical":"https:\/\/narteks.net\/index.php\/2011\/06\/11\/kargalarin-sectigi-padisah-aziz-nesin\/","og_locale":"tr_TR","og_type":"article","og_title":"Kargalar\u0131n Se\u00e7ti\u011fi Padi\u015fah | Aziz Nesin","og_description":"Bir varm\u0131\u015f, bir yokmu\u015f. Eski \u00e7a\u011flarda, \u00fclkenin birinde bir zavall\u0131 ki\u015fi varm\u0131\u015f. G\u00fcnl\u00fck yiyece\u011finin bile yoksunu, \u00e7ulsuzun biriymi\u015f. Ama k\u00f6t\u00fc y\u00fcrekli de de\u011filmi\u015f hani. B\u00fct\u00fcn iste\u011fi ba\u015fkalar\u0131na iyilik etmekmi\u015f. \u0130yilik etmek istermi\u015f istemesine ama bunun nas\u0131l yap\u0131laca\u011f\u0131n\u0131 da pek bilmezmi\u015f. S\u0131k s\u0131k, &#8211; Aaah ah, dermi\u015f, bir g\u00fcc\u00fcm yetse de \u015fu insanlara hep iyilik etsem&#8230; [&hellip;]","og_url":"https:\/\/narteks.net\/index.php\/2011\/06\/11\/kargalarin-sectigi-padisah-aziz-nesin\/","og_site_name":"narteks.net","article_published_time":"2011-06-11T08:02:48+00:00","og_image":[{"width":300,"height":90,"url":"https:\/\/narteks.net\/wp-content\/uploads\/narteks.png","type":"image\/png"}],"author":"Tar\u0131k","twitter_card":"summary_large_image","twitter_creator":"@narteks","twitter_site":"@narteks","twitter_misc":{"Yazan:":"Tar\u0131k","Tahmini okuma s\u00fcresi":"9 dakika"},"schema":{"@context":"https:\/\/schema.org","@graph":[{"@type":"Article","@id":"https:\/\/narteks.net\/index.php\/2011\/06\/11\/kargalarin-sectigi-padisah-aziz-nesin\/#article","isPartOf":{"@id":"https:\/\/narteks.net\/index.php\/2011\/06\/11\/kargalarin-sectigi-padisah-aziz-nesin\/"},"author":{"name":"Tar\u0131k","@id":"https:\/\/narteks.net\/#\/schema\/person\/61f37d9834294b72d31d274e7ed79bca"},"headline":"Kargalar\u0131n Se\u00e7ti\u011fi Padi\u015fah | Aziz Nesin","datePublished":"2011-06-11T08:02:48+00:00","mainEntityOfPage":{"@id":"https:\/\/narteks.net\/index.php\/2011\/06\/11\/kargalarin-sectigi-padisah-aziz-nesin\/"},"wordCount":1742,"commentCount":0,"publisher":{"@id":"https:\/\/narteks.net\/#organization"},"articleSection":["T\u00fcrkiye'den \u00d6yk\u00fcler"],"inLanguage":"tr","potentialAction":[{"@type":"CommentAction","name":"Comment","target":["https:\/\/narteks.net\/index.php\/2011\/06\/11\/kargalarin-sectigi-padisah-aziz-nesin\/#respond"]}]},{"@type":"WebPage","@id":"https:\/\/narteks.net\/index.php\/2011\/06\/11\/kargalarin-sectigi-padisah-aziz-nesin\/","url":"https:\/\/narteks.net\/index.php\/2011\/06\/11\/kargalarin-sectigi-padisah-aziz-nesin\/","name":"Kargalar\u0131n Se\u00e7ti\u011fi Padi\u015fah | Aziz Nesin - narteks.net","isPartOf":{"@id":"https:\/\/narteks.net\/#website"},"datePublished":"2011-06-11T08:02:48+00:00","breadcrumb":{"@id":"https:\/\/narteks.net\/index.php\/2011\/06\/11\/kargalarin-sectigi-padisah-aziz-nesin\/#breadcrumb"},"inLanguage":"tr","potentialAction":[{"@type":"ReadAction","target":["https:\/\/narteks.net\/index.php\/2011\/06\/11\/kargalarin-sectigi-padisah-aziz-nesin\/"]}]},{"@type":"BreadcrumbList","@id":"https:\/\/narteks.net\/index.php\/2011\/06\/11\/kargalarin-sectigi-padisah-aziz-nesin\/#breadcrumb","itemListElement":[{"@type":"ListItem","position":1,"name":"Anasayfa","item":"https:\/\/narteks.net\/"},{"@type":"ListItem","position":2,"name":"Kargalar\u0131n Se\u00e7ti\u011fi Padi\u015fah | Aziz Nesin"}]},{"@type":"WebSite","@id":"https:\/\/narteks.net\/#website","url":"https:\/\/narteks.net\/","name":"narteks.net","description":"K\u00fclt\u00fcr Sanat Edebiyat Felsefe","publisher":{"@id":"https:\/\/narteks.net\/#organization"},"alternateName":"K\u00fclt\u00fcr Sanat Edebiyat Felsefe","potentialAction":[{"@type":"SearchAction","target":{"@type":"EntryPoint","urlTemplate":"https:\/\/narteks.net\/?s={search_term_string}"},"query-input":{"@type":"PropertyValueSpecification","valueRequired":true,"valueName":"search_term_string"}}],"inLanguage":"tr"},{"@type":"Organization","@id":"https:\/\/narteks.net\/#organization","name":"narteks.net","url":"https:\/\/narteks.net\/","logo":{"@type":"ImageObject","inLanguage":"tr","@id":"https:\/\/narteks.net\/#\/schema\/logo\/image\/","url":"https:\/\/narteks.net\/wp-content\/uploads\/narteks.png","contentUrl":"https:\/\/narteks.net\/wp-content\/uploads\/narteks.png","width":300,"height":90,"caption":"narteks.net"},"image":{"@id":"https:\/\/narteks.net\/#\/schema\/logo\/image\/"},"sameAs":["https:\/\/x.com\/narteks","https:\/\/instagram.com\/narteksnet"]},{"@type":"Person","@id":"https:\/\/narteks.net\/#\/schema\/person\/61f37d9834294b72d31d274e7ed79bca","name":"Tar\u0131k","image":{"@type":"ImageObject","inLanguage":"tr","@id":"https:\/\/narteks.net\/#\/schema\/person\/image\/","url":"https:\/\/secure.gravatar.com\/avatar\/50865afb55632c4ae467e0af0930f6510aa2297d8014be502a55b14f3b7550cf?s=96&d=mm&r=g","contentUrl":"https:\/\/secure.gravatar.com\/avatar\/50865afb55632c4ae467e0af0930f6510aa2297d8014be502a55b14f3b7550cf?s=96&d=mm&r=g","caption":"Tar\u0131k"},"sameAs":["http:\/\/narteks.net"],"url":"https:\/\/narteks.net\/index.php\/author\/narbak\/"}]}},"_links":{"self":[{"href":"https:\/\/narteks.net\/index.php\/wp-json\/wp\/v2\/posts\/6675","targetHints":{"allow":["GET"]}}],"collection":[{"href":"https:\/\/narteks.net\/index.php\/wp-json\/wp\/v2\/posts"}],"about":[{"href":"https:\/\/narteks.net\/index.php\/wp-json\/wp\/v2\/types\/post"}],"author":[{"embeddable":true,"href":"https:\/\/narteks.net\/index.php\/wp-json\/wp\/v2\/users\/1"}],"replies":[{"embeddable":true,"href":"https:\/\/narteks.net\/index.php\/wp-json\/wp\/v2\/comments?post=6675"}],"version-history":[{"count":0,"href":"https:\/\/narteks.net\/index.php\/wp-json\/wp\/v2\/posts\/6675\/revisions"}],"wp:attachment":[{"href":"https:\/\/narteks.net\/index.php\/wp-json\/wp\/v2\/media?parent=6675"}],"wp:term":[{"taxonomy":"category","embeddable":true,"href":"https:\/\/narteks.net\/index.php\/wp-json\/wp\/v2\/categories?post=6675"},{"taxonomy":"post_tag","embeddable":true,"href":"https:\/\/narteks.net\/index.php\/wp-json\/wp\/v2\/tags?post=6675"}],"curies":[{"name":"wp","href":"https:\/\/api.w.org\/{rel}","templated":true}]}}