{"id":6684,"date":"2011-08-02T12:33:44","date_gmt":"2011-08-02T09:33:44","guid":{"rendered":"http:\/\/localhost\/wordpress\/2011\/08\/02\/vicdan-rahatsizsa-itiraf-kacinilmaz-olur-albert-camus\/"},"modified":"2011-08-02T12:33:44","modified_gmt":"2011-08-02T09:33:44","slug":"vicdan-rahatsizsa-itiraf-kacinilmaz-olur-albert-camus","status":"publish","type":"post","link":"https:\/\/narteks.net\/index.php\/2011\/08\/02\/vicdan-rahatsizsa-itiraf-kacinilmaz-olur-albert-camus\/","title":{"rendered":"Vicdan rahats\u0131zsa, itiraf ka\u00e7\u0131n\u0131lmaz olur | Albert Camus"},"content":{"rendered":"<p style=\"text-align: justify;\"><img loading=\"lazy\" decoding=\"async\" src=\"images\/stories\/camus.jpg\" border=\"0\" width=\"155\" height=\"205\" style=\"float: left;\" \/>Yitirilmi\u015f bir yoksullu\u011fa (duygusall\u0131\u011fa kap\u0131lmadan) \u00f6zlem duyulabilir. Yoksulluk i\u00e7inde ya\u015fanm\u0131\u015f y\u0131llar bir duyarl\u0131k olu\u015fturmaya yeter. Bu \u00f6zel durumda, o\u011fulun anneye duydu\u011fu tuhaf sevgi, onun t\u00fcm duyarl\u0131\u011f\u0131n\u0131 olu\u015fturur. Bu duyarl\u0131\u011f\u0131n \u00e7ok \u00e7e\u015fitli alanlardaki belirtileri, \u00e7ocuklu\u011fundaki maddi durumun, gizli kalm\u0131\u015f an\u0131s\u0131 ile a\u00e7\u0131klanabilir.<\/p>\n<p>Bunlar\u0131 farkeden ki\u015fide bir minnet ve vicdani rahats\u0131zl\u0131k ortaya \u00e7\u0131kar. Yine bunlardan dolay\u0131 bir k\u0131yaslama yap\u0131nca, ki\u015fi \u00e7evre de de\u011fi\u015ftirmi\u015fse, yitirilmi\u015f zenginlikleri duyumsamaya ba\u015flar. Zenginlere g\u00f6ky\u00fcz\u00fc, fazladan verilen, do\u011fal bir arma\u011fan gibi gelir. Yoksullar i\u00e7in, g\u00f6ky\u00fcz\u00fc, sonsuz l\u00fctfuna yeniden kavu\u015fur.<\/p>\n<p>Vicdan rahats\u0131zsa, itiraf ka\u00e7\u0131n\u0131lmaz olur. Kitap bir itiraft\u0131r, tan\u0131kl\u0131k etmem i\u00e7in gereklidir. S\u00f6yleyece\u011fim, apa\u00e7\u0131k g\u00f6rece\u011fim yaln\u0131zca tek bir \u015fey var. Al\u00e7akg\u00f6n\u00fcll\u00fc ya da gururlu insanlar aras\u0131nda ge\u00e7en bu yoksul ya\u015famda, bana ya\u015fam\u0131n ger\u00e7ek anlam\u0131 gibi gelen \u015feyi yakalad\u0131\u011f\u0131ma eminim. Sanat yap\u0131tlar\u0131 bunu ifade etmeye asla yetmeyecek. Sanat bana g\u00f6re her \u015fey demek de\u011fildir. Ama, en az\u0131ndan bir ara\u00e7t\u0131r.<\/p>\n<p>Rahats\u0131z eden utan\u00e7lar, k\u00fc\u00e7\u00fck korkakl\u0131klar, \u00f6teki d\u00fcnyaya (paran\u0131n d\u00fcnyas\u0131na) duyulan bilin\u00e7siz sayg\u0131 da \u00f6nemli. Yoksullar\u0131n d\u00fcnyas\u0131n\u0131n tek de\u011filse de, kendi i\u00e7ine kapal\u0131, toplum i\u00e7inde bir ada olu\u015fturan ender d\u00fcnyalardan biri oldu\u011funa inan\u0131yorum. Az bir \u00e7abayla, Robinson\u201dculuk oynanabilir. B\u00f6yle bir ya\u015fama g\u00f6m\u00fclene, iki ad\u0131m \u00f6tede bulunan doktorun dairesinden s\u00f6z ederken, \u201corada\u201d demek gerekir.<\/p>\n<p>***<\/p>\n<p>De\u011ferli olmak ya da olmamak. Yaratmak ya da yaratamamak. Birinci durumda, her \u015fey kan\u0131tlanm\u0131\u015ft\u0131r. \u0130stisnas\u0131z, her \u015fey. \u0130kinci durum, tam bir Anlams\u0131zl\u0131kt\u0131r. Geriye en g\u00fczel intihar\u0131 se\u00e7mek kal\u0131r: Evlilik + 40 i\u015f saati ya da tabanca.<\/p>\n<p>Kendimiz olacak zaman\u0131m\u0131z yok. Yaln\u0131zca mutlu olmaya zaman\u0131m\u0131z var.<\/p>\n<p>Devrimci d\u00fc\u015f\u00fcnce, tam anlam\u0131yla insan\u0131n, insanl\u0131k durumuna kar\u015f\u0131 \u00e7\u0131k\u0131\u015f\u0131d\u0131r. Bu anlamda, \u00e7e\u015fitli g\u00f6r\u00fcn\u00fcmler alt\u0131nda, sanat\u0131n ve dinin s\u00fcregiden tek temas\u0131d\u0131r. Bir devrim her zaman Tanr\u0131lara kar\u015f\u0131 ger\u00e7ekle\u015ftirilir. Bu, insan\u0131n yazg\u0131s\u0131n\u0131n \u00fcst\u00fcnde hak iddia etmesidir, zorbalar ve soytar\u0131 burjuvalar bunun bahanesinden ba\u015fka bir \u015fey de\u011fildir.<\/p>\n<p>Ku\u015fku yok ki bu d\u00fc\u015f\u00fcnce, tarihsel eylemi i\u00e7inde kavranabilir. Bunu kan\u0131tlama iradesini g\u00f6stermek, boyun e\u011fmemek i\u00e7in Malraux\u2019nun co\u015fkusu gerekir. O co\u015fkuyu kendi \u00f6z\u00fcnde ve kendi yazg\u0131s\u0131nda bulmak \u00e7ok basittir. Bu anlamda, mutlulu\u011fun fethini dile getiren bir sanat yap\u0131t\u0131 devrimci bir yap\u0131t olabilir.<\/p>\n<p>\u201cPapaz. \u2013 Neden insanlarla ya\u015fanmas\u0131n, onlarla birlikte hareket edilmesin?<br \/>Manfred. \u2013 Ruhum onlar\u0131n varl\u0131\u011f\u0131ndan tiksiniyor.\u201d<\/p>\n<p>Bir kalp, neyle y\u00f6netilir? Sevmekle mi? Bu hi\u00e7 de kesin de\u011fil. A\u015fk ac\u0131s\u0131n\u0131n ne oldu\u011fu bilinebilir, a\u015fk\u0131n ne oldu\u011fu bilinemez. A\u015fk bu durumda, yoksunluk, \u00f6zlem, bo\u015f kalm\u0131\u015f ellerdir. Co\u015fku duyam\u0131yorum; bana i\u00e7 s\u0131k\u0131nt\u0131s\u0131 kal\u0131yor. Cennet oldu\u011fu san\u0131lan bir cehennem. Oysa, bu bir cehennem. Beni bo\u015flu\u011fa terkeden ya\u015fam ve a\u015fk diyorum. Hareket, zorlama, ayr\u0131l\u0131k, i\u00e7imde parampar\u00e7a olmu\u015f bu \u0131\u015f\u0131ks\u0131z kalp, g\u00f6z ya\u015flar\u0131n\u0131n ve a\u015fk\u0131n tuzlu tad\u0131.<\/p>\n","protected":false},"excerpt":{"rendered":"<p>Yitirilmi\u015f bir yoksullu\u011fa (duygusall\u0131\u011fa kap\u0131lmadan) \u00f6zlem duyulabilir. Yoksulluk i\u00e7inde ya\u015fanm\u0131\u015f y\u0131llar bir duyarl\u0131k olu\u015fturmaya yeter. Bu \u00f6zel durumda, o\u011fulun anneye duydu\u011fu tuhaf sevgi, onun t\u00fcm duyarl\u0131\u011f\u0131n\u0131 olu\u015fturur. Bu duyarl\u0131\u011f\u0131n \u00e7ok \u00e7e\u015fitli alanlardaki belirtileri, \u00e7ocuklu\u011fundaki maddi durumun, gizli kalm\u0131\u015f an\u0131s\u0131 ile a\u00e7\u0131klanabilir. Bunlar\u0131 farkeden ki\u015fide bir minnet ve vicdani rahats\u0131zl\u0131k ortaya \u00e7\u0131kar. Yine bunlardan dolay\u0131 bir [&hellip;]<\/p>\n","protected":false},"author":1,"featured_media":0,"comment_status":"open","ping_status":"open","sticky":false,"template":"","format":"standard","meta":{"footnotes":""},"categories":[134],"tags":[],"class_list":{"0":"post-6684","1":"post","2":"type-post","3":"status-publish","4":"format-standard","6":"category-kuram"},"yoast_head":"<!-- This site is optimized with the Yoast SEO Premium plugin v24.9 (Yoast SEO v24.9) - https:\/\/yoast.com\/wordpress\/plugins\/seo\/ -->\n<title>Vicdan rahats\u0131zsa, itiraf ka\u00e7\u0131n\u0131lmaz olur | Albert Camus - narteks.net<\/title>\n<meta name=\"robots\" content=\"index, follow, max-snippet:-1, max-image-preview:large, max-video-preview:-1\" \/>\n<link rel=\"canonical\" href=\"https:\/\/narteks.net\/index.php\/2011\/08\/02\/vicdan-rahatsizsa-itiraf-kacinilmaz-olur-albert-camus\/\" \/>\n<meta property=\"og:locale\" content=\"tr_TR\" \/>\n<meta property=\"og:type\" content=\"article\" \/>\n<meta property=\"og:title\" content=\"Vicdan rahats\u0131zsa, itiraf ka\u00e7\u0131n\u0131lmaz olur | Albert Camus\" \/>\n<meta property=\"og:description\" content=\"Yitirilmi\u015f bir yoksullu\u011fa (duygusall\u0131\u011fa kap\u0131lmadan) \u00f6zlem duyulabilir. Yoksulluk i\u00e7inde ya\u015fanm\u0131\u015f y\u0131llar bir duyarl\u0131k olu\u015fturmaya yeter. Bu \u00f6zel durumda, o\u011fulun anneye duydu\u011fu tuhaf sevgi, onun t\u00fcm duyarl\u0131\u011f\u0131n\u0131 olu\u015fturur. Bu duyarl\u0131\u011f\u0131n \u00e7ok \u00e7e\u015fitli alanlardaki belirtileri, \u00e7ocuklu\u011fundaki maddi durumun, gizli kalm\u0131\u015f an\u0131s\u0131 ile a\u00e7\u0131klanabilir. Bunlar\u0131 farkeden ki\u015fide bir minnet ve vicdani rahats\u0131zl\u0131k ortaya \u00e7\u0131kar. Yine bunlardan dolay\u0131 bir [&hellip;]\" \/>\n<meta property=\"og:url\" content=\"https:\/\/narteks.net\/index.php\/2011\/08\/02\/vicdan-rahatsizsa-itiraf-kacinilmaz-olur-albert-camus\/\" \/>\n<meta property=\"og:site_name\" content=\"narteks.net\" \/>\n<meta property=\"article:published_time\" content=\"2011-08-02T09:33:44+00:00\" \/>\n<meta property=\"og:image\" content=\"https:\/\/narteks.net\/wp-content\/uploads\/narteks.png\" \/>\n\t<meta property=\"og:image:width\" content=\"300\" \/>\n\t<meta property=\"og:image:height\" content=\"90\" \/>\n\t<meta property=\"og:image:type\" content=\"image\/png\" \/>\n<meta name=\"author\" content=\"Tar\u0131k\" \/>\n<meta name=\"twitter:card\" content=\"summary_large_image\" \/>\n<meta name=\"twitter:creator\" content=\"@narteks\" \/>\n<meta name=\"twitter:site\" content=\"@narteks\" \/>\n<meta name=\"twitter:label1\" content=\"Yazan:\" \/>\n\t<meta name=\"twitter:data1\" content=\"Tar\u0131k\" \/>\n\t<meta name=\"twitter:label2\" content=\"Tahmini okuma s\u00fcresi\" \/>\n\t<meta name=\"twitter:data2\" content=\"3 dakika\" \/>\n<script type=\"application\/ld+json\" class=\"yoast-schema-graph\">{\"@context\":\"https:\/\/schema.org\",\"@graph\":[{\"@type\":\"Article\",\"@id\":\"https:\/\/narteks.net\/index.php\/2011\/08\/02\/vicdan-rahatsizsa-itiraf-kacinilmaz-olur-albert-camus\/#article\",\"isPartOf\":{\"@id\":\"https:\/\/narteks.net\/index.php\/2011\/08\/02\/vicdan-rahatsizsa-itiraf-kacinilmaz-olur-albert-camus\/\"},\"author\":{\"name\":\"Tar\u0131k\",\"@id\":\"https:\/\/narteks.net\/#\/schema\/person\/61f37d9834294b72d31d274e7ed79bca\"},\"headline\":\"Vicdan rahats\u0131zsa, itiraf ka\u00e7\u0131n\u0131lmaz olur | Albert Camus\",\"datePublished\":\"2011-08-02T09:33:44+00:00\",\"mainEntityOfPage\":{\"@id\":\"https:\/\/narteks.net\/index.php\/2011\/08\/02\/vicdan-rahatsizsa-itiraf-kacinilmaz-olur-albert-camus\/\"},\"wordCount\":596,\"commentCount\":0,\"publisher\":{\"@id\":\"https:\/\/narteks.net\/#organization\"},\"articleSection\":[\"Kuram\"],\"inLanguage\":\"tr\",\"potentialAction\":[{\"@type\":\"CommentAction\",\"name\":\"Comment\",\"target\":[\"https:\/\/narteks.net\/index.php\/2011\/08\/02\/vicdan-rahatsizsa-itiraf-kacinilmaz-olur-albert-camus\/#respond\"]}]},{\"@type\":\"WebPage\",\"@id\":\"https:\/\/narteks.net\/index.php\/2011\/08\/02\/vicdan-rahatsizsa-itiraf-kacinilmaz-olur-albert-camus\/\",\"url\":\"https:\/\/narteks.net\/index.php\/2011\/08\/02\/vicdan-rahatsizsa-itiraf-kacinilmaz-olur-albert-camus\/\",\"name\":\"Vicdan rahats\u0131zsa, itiraf ka\u00e7\u0131n\u0131lmaz olur | Albert Camus - narteks.net\",\"isPartOf\":{\"@id\":\"https:\/\/narteks.net\/#website\"},\"datePublished\":\"2011-08-02T09:33:44+00:00\",\"breadcrumb\":{\"@id\":\"https:\/\/narteks.net\/index.php\/2011\/08\/02\/vicdan-rahatsizsa-itiraf-kacinilmaz-olur-albert-camus\/#breadcrumb\"},\"inLanguage\":\"tr\",\"potentialAction\":[{\"@type\":\"ReadAction\",\"target\":[\"https:\/\/narteks.net\/index.php\/2011\/08\/02\/vicdan-rahatsizsa-itiraf-kacinilmaz-olur-albert-camus\/\"]}]},{\"@type\":\"BreadcrumbList\",\"@id\":\"https:\/\/narteks.net\/index.php\/2011\/08\/02\/vicdan-rahatsizsa-itiraf-kacinilmaz-olur-albert-camus\/#breadcrumb\",\"itemListElement\":[{\"@type\":\"ListItem\",\"position\":1,\"name\":\"Anasayfa\",\"item\":\"https:\/\/narteks.net\/\"},{\"@type\":\"ListItem\",\"position\":2,\"name\":\"Vicdan rahats\u0131zsa, itiraf ka\u00e7\u0131n\u0131lmaz olur | Albert Camus\"}]},{\"@type\":\"WebSite\",\"@id\":\"https:\/\/narteks.net\/#website\",\"url\":\"https:\/\/narteks.net\/\",\"name\":\"narteks.net\",\"description\":\"K\u00fclt\u00fcr Sanat Edebiyat Felsefe\",\"publisher\":{\"@id\":\"https:\/\/narteks.net\/#organization\"},\"alternateName\":\"K\u00fclt\u00fcr Sanat Edebiyat Felsefe\",\"potentialAction\":[{\"@type\":\"SearchAction\",\"target\":{\"@type\":\"EntryPoint\",\"urlTemplate\":\"https:\/\/narteks.net\/?s={search_term_string}\"},\"query-input\":{\"@type\":\"PropertyValueSpecification\",\"valueRequired\":true,\"valueName\":\"search_term_string\"}}],\"inLanguage\":\"tr\"},{\"@type\":\"Organization\",\"@id\":\"https:\/\/narteks.net\/#organization\",\"name\":\"narteks.net\",\"url\":\"https:\/\/narteks.net\/\",\"logo\":{\"@type\":\"ImageObject\",\"inLanguage\":\"tr\",\"@id\":\"https:\/\/narteks.net\/#\/schema\/logo\/image\/\",\"url\":\"https:\/\/narteks.net\/wp-content\/uploads\/narteks.png\",\"contentUrl\":\"https:\/\/narteks.net\/wp-content\/uploads\/narteks.png\",\"width\":300,\"height\":90,\"caption\":\"narteks.net\"},\"image\":{\"@id\":\"https:\/\/narteks.net\/#\/schema\/logo\/image\/\"},\"sameAs\":[\"https:\/\/x.com\/narteks\",\"https:\/\/instagram.com\/narteksnet\"]},{\"@type\":\"Person\",\"@id\":\"https:\/\/narteks.net\/#\/schema\/person\/61f37d9834294b72d31d274e7ed79bca\",\"name\":\"Tar\u0131k\",\"image\":{\"@type\":\"ImageObject\",\"inLanguage\":\"tr\",\"@id\":\"https:\/\/narteks.net\/#\/schema\/person\/image\/\",\"url\":\"https:\/\/secure.gravatar.com\/avatar\/50865afb55632c4ae467e0af0930f6510aa2297d8014be502a55b14f3b7550cf?s=96&d=mm&r=g\",\"contentUrl\":\"https:\/\/secure.gravatar.com\/avatar\/50865afb55632c4ae467e0af0930f6510aa2297d8014be502a55b14f3b7550cf?s=96&d=mm&r=g\",\"caption\":\"Tar\u0131k\"},\"sameAs\":[\"http:\/\/narteks.net\"],\"url\":\"https:\/\/narteks.net\/index.php\/author\/narbak\/\"}]}<\/script>\n<!-- \/ Yoast SEO Premium plugin. -->","yoast_head_json":{"title":"Vicdan rahats\u0131zsa, itiraf ka\u00e7\u0131n\u0131lmaz olur | Albert Camus - narteks.net","robots":{"index":"index","follow":"follow","max-snippet":"max-snippet:-1","max-image-preview":"max-image-preview:large","max-video-preview":"max-video-preview:-1"},"canonical":"https:\/\/narteks.net\/index.php\/2011\/08\/02\/vicdan-rahatsizsa-itiraf-kacinilmaz-olur-albert-camus\/","og_locale":"tr_TR","og_type":"article","og_title":"Vicdan rahats\u0131zsa, itiraf ka\u00e7\u0131n\u0131lmaz olur | Albert Camus","og_description":"Yitirilmi\u015f bir yoksullu\u011fa (duygusall\u0131\u011fa kap\u0131lmadan) \u00f6zlem duyulabilir. Yoksulluk i\u00e7inde ya\u015fanm\u0131\u015f y\u0131llar bir duyarl\u0131k olu\u015fturmaya yeter. Bu \u00f6zel durumda, o\u011fulun anneye duydu\u011fu tuhaf sevgi, onun t\u00fcm duyarl\u0131\u011f\u0131n\u0131 olu\u015fturur. Bu duyarl\u0131\u011f\u0131n \u00e7ok \u00e7e\u015fitli alanlardaki belirtileri, \u00e7ocuklu\u011fundaki maddi durumun, gizli kalm\u0131\u015f an\u0131s\u0131 ile a\u00e7\u0131klanabilir. Bunlar\u0131 farkeden ki\u015fide bir minnet ve vicdani rahats\u0131zl\u0131k ortaya \u00e7\u0131kar. Yine bunlardan dolay\u0131 bir [&hellip;]","og_url":"https:\/\/narteks.net\/index.php\/2011\/08\/02\/vicdan-rahatsizsa-itiraf-kacinilmaz-olur-albert-camus\/","og_site_name":"narteks.net","article_published_time":"2011-08-02T09:33:44+00:00","og_image":[{"width":300,"height":90,"url":"https:\/\/narteks.net\/wp-content\/uploads\/narteks.png","type":"image\/png"}],"author":"Tar\u0131k","twitter_card":"summary_large_image","twitter_creator":"@narteks","twitter_site":"@narteks","twitter_misc":{"Yazan:":"Tar\u0131k","Tahmini okuma s\u00fcresi":"3 dakika"},"schema":{"@context":"https:\/\/schema.org","@graph":[{"@type":"Article","@id":"https:\/\/narteks.net\/index.php\/2011\/08\/02\/vicdan-rahatsizsa-itiraf-kacinilmaz-olur-albert-camus\/#article","isPartOf":{"@id":"https:\/\/narteks.net\/index.php\/2011\/08\/02\/vicdan-rahatsizsa-itiraf-kacinilmaz-olur-albert-camus\/"},"author":{"name":"Tar\u0131k","@id":"https:\/\/narteks.net\/#\/schema\/person\/61f37d9834294b72d31d274e7ed79bca"},"headline":"Vicdan rahats\u0131zsa, itiraf ka\u00e7\u0131n\u0131lmaz olur | Albert Camus","datePublished":"2011-08-02T09:33:44+00:00","mainEntityOfPage":{"@id":"https:\/\/narteks.net\/index.php\/2011\/08\/02\/vicdan-rahatsizsa-itiraf-kacinilmaz-olur-albert-camus\/"},"wordCount":596,"commentCount":0,"publisher":{"@id":"https:\/\/narteks.net\/#organization"},"articleSection":["Kuram"],"inLanguage":"tr","potentialAction":[{"@type":"CommentAction","name":"Comment","target":["https:\/\/narteks.net\/index.php\/2011\/08\/02\/vicdan-rahatsizsa-itiraf-kacinilmaz-olur-albert-camus\/#respond"]}]},{"@type":"WebPage","@id":"https:\/\/narteks.net\/index.php\/2011\/08\/02\/vicdan-rahatsizsa-itiraf-kacinilmaz-olur-albert-camus\/","url":"https:\/\/narteks.net\/index.php\/2011\/08\/02\/vicdan-rahatsizsa-itiraf-kacinilmaz-olur-albert-camus\/","name":"Vicdan rahats\u0131zsa, itiraf ka\u00e7\u0131n\u0131lmaz olur | Albert Camus - narteks.net","isPartOf":{"@id":"https:\/\/narteks.net\/#website"},"datePublished":"2011-08-02T09:33:44+00:00","breadcrumb":{"@id":"https:\/\/narteks.net\/index.php\/2011\/08\/02\/vicdan-rahatsizsa-itiraf-kacinilmaz-olur-albert-camus\/#breadcrumb"},"inLanguage":"tr","potentialAction":[{"@type":"ReadAction","target":["https:\/\/narteks.net\/index.php\/2011\/08\/02\/vicdan-rahatsizsa-itiraf-kacinilmaz-olur-albert-camus\/"]}]},{"@type":"BreadcrumbList","@id":"https:\/\/narteks.net\/index.php\/2011\/08\/02\/vicdan-rahatsizsa-itiraf-kacinilmaz-olur-albert-camus\/#breadcrumb","itemListElement":[{"@type":"ListItem","position":1,"name":"Anasayfa","item":"https:\/\/narteks.net\/"},{"@type":"ListItem","position":2,"name":"Vicdan rahats\u0131zsa, itiraf ka\u00e7\u0131n\u0131lmaz olur | Albert Camus"}]},{"@type":"WebSite","@id":"https:\/\/narteks.net\/#website","url":"https:\/\/narteks.net\/","name":"narteks.net","description":"K\u00fclt\u00fcr Sanat Edebiyat Felsefe","publisher":{"@id":"https:\/\/narteks.net\/#organization"},"alternateName":"K\u00fclt\u00fcr Sanat Edebiyat Felsefe","potentialAction":[{"@type":"SearchAction","target":{"@type":"EntryPoint","urlTemplate":"https:\/\/narteks.net\/?s={search_term_string}"},"query-input":{"@type":"PropertyValueSpecification","valueRequired":true,"valueName":"search_term_string"}}],"inLanguage":"tr"},{"@type":"Organization","@id":"https:\/\/narteks.net\/#organization","name":"narteks.net","url":"https:\/\/narteks.net\/","logo":{"@type":"ImageObject","inLanguage":"tr","@id":"https:\/\/narteks.net\/#\/schema\/logo\/image\/","url":"https:\/\/narteks.net\/wp-content\/uploads\/narteks.png","contentUrl":"https:\/\/narteks.net\/wp-content\/uploads\/narteks.png","width":300,"height":90,"caption":"narteks.net"},"image":{"@id":"https:\/\/narteks.net\/#\/schema\/logo\/image\/"},"sameAs":["https:\/\/x.com\/narteks","https:\/\/instagram.com\/narteksnet"]},{"@type":"Person","@id":"https:\/\/narteks.net\/#\/schema\/person\/61f37d9834294b72d31d274e7ed79bca","name":"Tar\u0131k","image":{"@type":"ImageObject","inLanguage":"tr","@id":"https:\/\/narteks.net\/#\/schema\/person\/image\/","url":"https:\/\/secure.gravatar.com\/avatar\/50865afb55632c4ae467e0af0930f6510aa2297d8014be502a55b14f3b7550cf?s=96&d=mm&r=g","contentUrl":"https:\/\/secure.gravatar.com\/avatar\/50865afb55632c4ae467e0af0930f6510aa2297d8014be502a55b14f3b7550cf?s=96&d=mm&r=g","caption":"Tar\u0131k"},"sameAs":["http:\/\/narteks.net"],"url":"https:\/\/narteks.net\/index.php\/author\/narbak\/"}]}},"_links":{"self":[{"href":"https:\/\/narteks.net\/index.php\/wp-json\/wp\/v2\/posts\/6684","targetHints":{"allow":["GET"]}}],"collection":[{"href":"https:\/\/narteks.net\/index.php\/wp-json\/wp\/v2\/posts"}],"about":[{"href":"https:\/\/narteks.net\/index.php\/wp-json\/wp\/v2\/types\/post"}],"author":[{"embeddable":true,"href":"https:\/\/narteks.net\/index.php\/wp-json\/wp\/v2\/users\/1"}],"replies":[{"embeddable":true,"href":"https:\/\/narteks.net\/index.php\/wp-json\/wp\/v2\/comments?post=6684"}],"version-history":[{"count":0,"href":"https:\/\/narteks.net\/index.php\/wp-json\/wp\/v2\/posts\/6684\/revisions"}],"wp:attachment":[{"href":"https:\/\/narteks.net\/index.php\/wp-json\/wp\/v2\/media?parent=6684"}],"wp:term":[{"taxonomy":"category","embeddable":true,"href":"https:\/\/narteks.net\/index.php\/wp-json\/wp\/v2\/categories?post=6684"},{"taxonomy":"post_tag","embeddable":true,"href":"https:\/\/narteks.net\/index.php\/wp-json\/wp\/v2\/tags?post=6684"}],"curies":[{"name":"wp","href":"https:\/\/api.w.org\/{rel}","templated":true}]}}