{"id":6689,"date":"2011-08-07T13:41:14","date_gmt":"2011-08-07T10:41:14","guid":{"rendered":"http:\/\/localhost\/wordpress\/2011\/08\/07\/baskalarinin-yazdiklarina-ihtiyacimiz-yoksa-kendimiz-yazmaliyiz-johanna-field\/"},"modified":"2011-08-07T13:41:14","modified_gmt":"2011-08-07T10:41:14","slug":"baskalarinin-yazdiklarina-ihtiyacimiz-yoksa-kendimiz-yazmaliyiz-johanna-field","status":"publish","type":"post","link":"https:\/\/narteks.net\/index.php\/2011\/08\/07\/baskalarinin-yazdiklarina-ihtiyacimiz-yoksa-kendimiz-yazmaliyiz-johanna-field\/","title":{"rendered":"Ba\u015fkalar\u0131n\u0131n yazd\u0131klar\u0131na ihtiyac\u0131m\u0131z yoksa, kendimiz yazmal\u0131y\u0131z | Johanna Field"},"content":{"rendered":"<p style=\"text-align: justify;\"><img loading=\"lazy\" decoding=\"async\" src=\"http:\/\/www.dogancuceloglu.net\/upload\/img2\/53a466814c1a0498da3cd799931bdc3f.jpg\" border=\"0\" width=\"155\" height=\"205\" style=\"float: left;\" \/>&#8220;Do\u011fan bir insan, denize d\u00fc\u015fen biri gibi, bir d\u00fc\u015f\u00fcn ortas\u0131na d\u00fc\u015fer. Deneyimsiz insanlar gibi t\u0131rman\u0131p \u00e7\u0131kmaya \u00e7al\u0131\u015f\u0131rsa, bo\u011fulur.. <em>nicht wahr<\/em><\/p>\n<p style=\"text-align: justify;\">Hay\u0131r! Anlatay\u0131m! Tek yol, bu yok edici \u015feye kendini teslim etmektir ve ellerinizin, ayaklar\u0131n\u0131z\u0131n \u00e7abalar\u0131yla bu derin, \u00e7ok derin denizde batmamaya \u00e7al\u0131\u015fmakt\u0131r&#8230;Bu denizde o yok edici \u015fey bat\u0131p, yok olacakt\u0131r.<\/p>\n<p><em>Joseph Conrad<\/em><\/p>\n<p>***<\/p>\n<p>Bu i\u015fe ba\u015flad\u0131\u011f\u0131m d\u00f6neme bakt\u0131\u011f\u0131mda, iki a\u015fama g\u00f6r\u00fcyorum. Birinci a\u015famada, ya\u015fam\u0131m\u0131n istedi\u011fim gibi olmad\u0131\u011f\u0131n\u0131 ve bunu de\u011fi\u015ftirecek g\u00fcc\u00fcn bende olabilece\u011fini, yava\u015f yava\u015f farketmeye ba\u015flam\u0131\u015ft\u0131m. \u0130kinci a\u015famada ise, bu konudaki ger\u00e7ekleri bulmaya \u00e7al\u0131\u015f\u0131yordum; \u00e7\u00fcnk\u00fc de\u011fi\u015fiklik yapmadan \u00f6nce bunlar\u0131n belirlenmesi gerekiyordu.<\/p>\n<p>\u0130lk a\u015faman\u0131n ne zaman ba\u015flad\u0131\u011f\u0131n\u0131 s\u00f6yleyemiyorum. Geriye bak\u0131nca, g\u00f6rebildi\u011fim tek \u015fey yar\u0131 uykulu bir halde g\u00fcnl\u00fck i\u015flerimi yapmam. Bazen bu durumdan s\u0131k\u0131l\u0131yordum ama asla nedenini bulmaya \u00e7al\u0131\u015fmazd\u0131m. Her zaman elimden gelenin en iyisini yapmaya \u00e7al\u0131\u015f\u0131rd\u0131m, ara s\u0131ra neler olmas\u0131n\u0131 isteyebilece\u011fimi d\u00fc\u015flerdim ama bu d\u00fc\u015f\u00fcn ger\u00e7ekle\u015fmesi i\u00e7in bir \u00e7aba g\u00f6stermezdim. Genellikle her\u015feyin \u00e7ok iyi y\u00fcr\u00fcd\u00fc\u011f\u00fcn\u00fc san\u0131rd\u0131m, ama ara s\u0131ra bir s\u0131k\u0131nt\u0131 basard\u0131, her\u015feyden nefret ederdim. Bu uzun s\u00fcrmezdi. Gece dinlendikten sonra tekrar o aptalca iyimserli\u011fime d\u00f6nerdim. Hayat\u0131m\u0131n bana ait oldu\u011funu, istedi\u011fim gibi d\u00fczenlemem gerekti\u011fini hi\u00e7 d\u00fc\u015f\u00fcnmezdim. Her\u015feyi oldu\u011fu gibi kabullenmem s\u0131ras\u0131nda, baz\u0131 akli rahats\u0131zl\u0131klar\u0131n belirmeye ba\u015flad\u0131\u011f\u0131n\u0131 farkettim. Buna, kafam\u0131 kurcalayan \u015feyleri not etme al\u0131\u015fkanl\u0131\u011f\u0131m sebep olmu\u015ftu. Bu \u00e7al\u0131\u015fmay\u0131 haz\u0131rlamak i\u00e7in materyal ararken, ka\u011f\u0131tlar\u0131m\u0131n aralar\u0131nda da\u011f\u0131n\u0131k; geli\u015fi g\u00fczel yaz\u0131lm\u0131\u015f notlar bulmu\u015ftum. \u0130\u00e7imi d\u00f6kt\u00fc\u011f\u00fcm bu notlar\u0131n baz\u0131lar\u0131ndaki sertlik beni \u015fa\u015f\u0131rtm\u0131\u015ft\u0131, kendimi tan\u0131yamam\u0131\u015ft\u0131m. Bu notlar\u0131 yazd\u0131ktan sonra okumazd\u0131m, yaln\u0131zca i\u00e7imden gelen bir d\u00fcrt\u00fcyle yazm\u0131\u015ft\u0131m. Bu y\u00fczden akli dengem veya mutsuz ya\u015fam\u0131m hakk\u0131nda pek bir\u015fey farketmemi\u015ftim. Ama bunlar, benim baz\u0131 \u015feylerin oldu\u011funu anlamam\u0131 sa\u011flad\u0131lar.<\/p>\n<p>Bunu o zaman anlayamam\u0131\u015ft\u0131m, ama \u015fimdi di\u011fer insanlardan kopmu\u015f, ayr\u0131lm\u0131\u015f ve ya\u015famdan uzakla\u015fm\u0131\u015f oldu\u011fumu hat\u0131rl\u0131yorum. Ba\u015fkalar\u0131n\u0131n benim hakk\u0131mda d\u00fc\u015f\u00fcnd\u00fcklerine \u00f6ylesine \u00f6nem veriyordum ki, s\u00fcrekli olarak onlar\u0131 \u00fczmekten, k\u0131zd\u0131rmaktan korkuyordum. Daima bir\u015feyler yapmaya \u00e7al\u0131\u015f\u0131yor, hep \u015fa\u015fk\u0131n bir halde oluyordum. Partilerde, \u00f6zellikle arkada\u015f olmak istedi\u011fim ki\u015filerin yan\u0131nda tek bir s\u00f6z bile s\u00f6yleyemiyordum. Kendimi rahat hissedemiyordum. \u0130\u00e7imde hep bir \u015f\u00fcphe vard\u0131: &#8220;Acaba do\u011fru mu yap\u0131yorum?&#8221;<\/p>\n<p>Bu sa\u00e7ma, g\u00fcl\u00fcn\u00e7 bir durumdu. Ama uzun s\u00fcre bu durumu nas\u0131l de\u011fi\u015ftirece\u011fimi bilemiyordum. Birg\u00fcn, neler istedi\u011fimi, i\u00e7imden geldi\u011fi gibi, \u00f6nceden d\u00fc\u015f\u00fcnmeden yazmaya ba\u015flad\u0131m. Galiba yetersizlik duygular\u0131m\u0131 belirsizce anlatmaktan ba\u015fka bir\u015fey yapmam\u0131\u015ft\u0131m.<\/p>\n<p>&#8220;Kendimi \u00e7evremin bir par\u00e7as\u0131 olarak hissetmek istiyorum; her\u015feyden kopuk, erkenden yata\u011f\u0131na yollanan bir \u00e7ocuk gibi olmak istemiyorum. Arkada\u015f istiyorum, d\u00fc\u015f\u00fcnce topumu bana geri atacak bir dosta ihtiyac\u0131m var. Ama insanlarla beraberken bir sis olu\u015fuyor ve ben\u00a0\u00a0\u00a0\u00a0\u00a0\u00a0 Sizin hakk\u0131n\u0131zda iyi, ho\u015f \u015feyler s\u00f6yleyecek insanlar olmas\u0131n\u0131 nas\u0131l \u00f6zlersiniz.&#8221;<\/p>\n<p>Sonra, fakirlere yard\u0131m konusundaki bir konferanstan eve d\u00f6n\u00fcnce, \u015f\u00f6yle yazm\u0131\u015f\u0131m:<\/p>\n<p>&#8220;\u00d6ld\u00fc\u011f\u00fcm zaman &#8216;ne kadar i\u015fe yarad\u0131\u011f\u0131m\u0131&#8217; s\u00f6ylemelerini istemiyorum yaln\u0131zca ya\u015fad\u0131\u011f\u0131m\u0131 hissetmek istiyorum. Tanr\u0131 a\u015fk\u0131na, bununla ne demek istiyorum? Pazar gazetelerindeki &#8216;insan ruhunun derinlikleri&#8217; filan gibi sa\u00e7mal\u0131klardan m\u0131 bahsediyorum? Ne aptalca bir\u015fey! Galiba benim kafam Pazar gazeteleri gibi \u00e7al\u0131\u015f\u0131yor. \u0130yi bir ama\u00e7 u\u011fruna hizmet vermek istemiyorum, \u00f6yleyse numara yapmam\u0131n da yarar\u0131 yok. Bu belki de bencillik ama, ben d\u00fcnyadaki her\u015feyden pay almak istiyorum, iyilerle beraber k\u00f6t\u00fcleri de istiyorum. D\u00fcnya \u00f6ylesine harika bir yer ki, her\u015feyi yakalamak, kucaklamak, her zerresini hissetmek ve kat\u0131lmak istiyorum. Payla\u015fmak istedi\u011fim \u015feyler ne olabilir?&#8221;<\/p>\n<p>Bu \u015fa\u015f\u0131rt\u0131c\u0131yd\u0131. &#8216;\u0130\u00e7imi bo\u015falt\u0131rken neden normal konu\u015fmamdan farkl\u0131 bir dil kullan\u0131yordum? \u0130\u00e7inde ya\u015fad\u0131\u011f\u0131m ortamda, hislerin b\u00f6yle uluorta ifade edilmesi ho\u015f kar\u015f\u0131lanmazd\u0131. Olay \u00e7\u0131karmak, kahramanl\u0131k g\u00f6stermek tabuydu. Halbuki, burada, istediklerimi bulmaya \u00e7al\u0131\u015f\u0131rken bu kahramanca c\u00fcmleleri kullanm\u0131\u015ft\u0131m. Ama hi\u00e7 de\u011filse bu s\u00f6zc\u00fcklerin beni bir yere g\u00f6t\u00fcrmeyece\u011fini anlam\u0131\u015f gibiydim; bunu \u015fu sat\u0131rlardan anl\u0131yoruz:<\/p>\n<p>&#8220;Kendimi b\u0131rakmak, koyvermek, ya\u015fam\u0131n i\u00e7imden (bir deniz gibi berrak ve serin) akt\u0131\u011f\u0131n\u0131 hissetmek istiyorum. Bu ne demek oluyor? Yani okurken kendi benli\u011fimi unutmak, yazarlar\u0131n evreninde oldu\u011fumu hissetmek; yani ama\u00e7lar\u0131m do\u011frultusunda davranmak. Belki hedefin de ilerisine gidiyorum, ama ne \u00f6nemi var? Bu bir i\u015f yapmak m\u0131yd\u0131 yoksa istedi\u011fimi yapmas\u0131 i\u00e7in birilerini ikna etmek veya ona yard\u0131m etmek miydi?&#8221;<\/p>\n<p>Bunlar\u0131n hepsi \u00e7ok iyi, ho\u015ftu ama bana kendimi nas\u0131l koyverece\u011fimi, benli\u011fimi nas\u0131l unutaca\u011f\u0131m\u0131 anlatm\u0131yordu. Bunun i\u00e7in bir \u00e7are aram\u0131\u015f olmal\u0131y\u0131m. \u00c7\u00fcnk\u00fc s\u0131k s\u0131k gecekondu b\u00f6lgelerine gidip fakirlerin sorunlar\u0131yla ilgilenerek kendimi unutmaya \u00e7al\u0131\u015ft\u0131\u011f\u0131m\u0131 hat\u0131rl\u0131yorum. Fakat i\u00e7imde hep o \u015f\u00fcpheler vard\u0131, ger\u00e7ekten onlara verecek bir\u015feylerim var m\u0131yd\u0131 veya onlara benim, kendimin yeterli bulmad\u0131\u011f\u0131m bir ya\u015fam tarz\u0131 g\u00f6stermenin yarar\u0131 var m\u0131yd\u0131 gibi sorular beynimi kemiriyordu. Sonra elimden ka\u00e7makta olan ya\u015fam\u0131n s\u0131rr\u0131n\u0131 bulabilmek i\u00e7in, belki de fakirli\u011fin g\u00fc\u00e7 \u015fartlar\u0131nda ya\u015famak i\u00e7in kendimi zorlamam gerekti\u011fini d\u00fc\u015f\u00fcnd\u00fcm. Ama burada da tedbirlilik ve korkakl\u0131k bask\u0131n \u00e7\u0131kt\u0131; sa\u011fduyum bu romantik ve dramatik d\u00fc\u015f\u00fcnceyi \u015f\u00fcpheyle kar\u015f\u0131lad\u0131. Sonra psikanaliz \u00f6nerildi. Ama bunun nas\u0131l d\u00fczenlenece\u011fini, o zaman bilmiyordum ve \u00e7\u0131k\u0131\u015f yolu olarak g\u00f6rmedim. Herkes i\u00e7in uygun olan, herkesin kolayca uygulayabilece\u011fi bir yol bulmak istiyordum. Sonunda, b\u00fct\u00fcn bulgular\u0131m i\u00e7inde, benimki gibi sorunlara en uygun tedaviyi buldum; \u00e7\u00fcnk\u00fc a\u015fa\u011f\u0131daki notta \u015f\u00f6yle yazm\u0131\u015f\u0131m:<\/p>\n<p>&#8220;Neden olmas\u0131n? Neden onunla ya\u015famayacaks\u0131n? Kendini b\u0131rakma ve teslim olma korkusu, insan\u0131n fantezi ve \u00f6zel d\u00fcnyas\u0131n\u0131n duvarlar\u0131n\u0131 y\u0131kmak, ailece d\u0131\u015flanman\u0131n ve g\u00fcnahkar olman\u0131n duvarlar\u0131n\u0131 \u00e7\u00f6kertmek&#8230;.<\/p>\n<p>Ama engellenmekten, kapat\u0131lmaktan nefret ederim, evrendeki t\u00fcm ya\u015fam\u0131n i\u00e7ime akmas\u0131n\u0131 istiyorum. Bu bana, insan\u0131n t\u00fcm d\u00fcnyas\u0131n\u0131 g\u00f6mmesi gibi g\u00f6r\u00fcn\u00fcyor. Onu sevmemi\u015f olmam korkumu \u00f6rtmek i\u00e7in mi? Yoksa i\u00e7ten gelen bir savunma sistemi mi?&#8221;<\/p>\n<p>Bu karars\u0131zl\u0131k, birinci a\u015faman\u0131n biti\u015fini g\u00f6steriyor. G\u00f6zlerim a\u00e7\u0131lm\u0131\u015f, ya\u015fam\u0131m\u0131n istedi\u011fim gibi olmad\u0131\u011f\u0131n\u0131 farketmi\u015ftim. Ama bu konuda ne yapmam gerekiyordu? Bir sevgili edinmek her\u015feyi halledecek miydi? Hangi g\u00f6r\u00fc\u015fe g\u00fcvenmeliydim? Baz\u0131lar\u0131na g\u00f6re sevgili edinmeliydim; yoksa benim yeti\u015ftirildi\u011fim standartlara inan\u0131p bunun s\u00f6z\u00fcn\u00fc bile etmemeli miydim? Bu b\u00fct\u00fcn problemin k\u00fc\u00e7\u00fck bir \u00f6rne\u011fiydi. E\u011fer ya\u015fam\u0131m bu haliyle yeterli de\u011filse, bunu nas\u0131l de\u011fi\u015ftirecektim? Hangi standarda g\u00f6re ya\u015fayacakt\u0131m.<\/p>\n<p>Bu noktada ya\u015fam\u0131m\u0131 y\u00f6neltece\u011fim standartlar\u0131 d\u00fc\u015f\u00fcnmeye ba\u015flad\u0131m. Bunu bulabilseydim, gelecekte nelerden ka\u00e7\u0131nmam gerekti\u011fini bilecektim. Bu \u00e7ok \u00f6nemli bir ad\u0131md\u0131. \u00c7\u00fcnk\u00fc &#8220;gerekeni&#8221; yapmaya \u00e7al\u0131\u015faca\u011f\u0131ma, o anda ne yapt\u0131\u011f\u0131m\u0131 incelemeye ba\u015flam\u0131\u015ft\u0131m.<\/p>\n<p>\u0130lk olarak yapmay\u0131 ama\u00e7lad\u0131\u011f\u0131m her\u015feyi d\u00fc\u015f\u00fcnd\u00fcm, i\u015fimde iyi olmak, insanlar\u0131 memnun etmek, pop\u00fcler olmak, olup biteni ka\u00e7\u0131rmamak, benden bekleneni yapmak, insanlara yard\u0131m etmek, mutlu olmak. Bundan sonra, d\u00fc\u015f\u00fcnd\u00fcm ve bu ama\u00e7lardan hi\u00e7birine ula\u015famayaca\u011f\u0131ma inand\u0131m. \u00c7\u00fcnk\u00fc ya\u015fam\u0131m bunlar\u0131n hepsinin plans\u0131z, d\u00fczensiz bir kar\u0131\u015f\u0131m\u0131 taraf\u0131ndan y\u00f6nlendirilmi\u015fti. Adetler; ananeler; moda; arkada\u015f, aile, vatanda\u015f \u00e7evresinin koydu\u011fu standartlar taraf\u0131ndan etkilenmi\u015f ve oradan oraya s\u00fcr\u00fcklenmi\u015ftim.<\/p>\n<p>Bunlar, bir insan\u0131n ya\u015fam\u0131n\u0131 y\u00f6nlendirecek kadar g\u00fcvenilir miydiler?<\/p>\n<p>\u00d6yle olduklar\u0131n\u0131 sanm\u0131yordum, \u00e7\u00fcnk\u00fc \u00e7evremde hep kurallar\u0131n, al\u0131\u015f\u0131lagelmi\u015f davran\u0131\u015flar\u0131n de\u011fi\u015fti\u011fini, yetersiz oldu\u011funu g\u00f6r\u00fcyordum. Yaln\u0131zca bizi sava\u015fa sokan bu sosyal gelene\u011fin kurallar\u0131ndan \u015f\u00fcphe etmekle kalm\u0131yor, ayn\u0131 zamanda bana \u00f6ylesine kar\u0131\u015f\u0131k geliyordu ki, bana s\u00f6yledi\u011fi \u015feyleri, nas\u0131l bir hayat s\u00fcrmem gerekti\u011fini anlam\u0131yordum. Ama ba\u015fka ne vard\u0131?<\/p>\n<p>E\u011fer ba\u015fkalar\u0131n\u0131n yapt\u0131klar\u0131n\u0131 veya beklentilerini yapmayacaksam, ba\u015fka neye g\u00f6re davranacakt\u0131m? Kendi mant\u0131\u011f\u0131ma m\u0131? Ama \u00e7ok eskiden beri yeterince bilgim olmad\u0131\u011f\u0131n\u0131, bir mant\u0131k tart\u0131\u015fmas\u0131n\u0131 sonuna kadar izleyemedi\u011fimi biliyordum.<\/p>\n<p>Ayr\u0131ca e\u011fer kendime en iyi ya\u015fam tarz\u0131n\u0131 se\u00e7ecek ve b\u00fct\u00fcn ya\u015fam\u0131m\u0131 bu de\u011ferlendirmelere g\u00f6re kuracaksam, \u00f6nce evren hakk\u0131nda berrak ve a\u00e7\u0131k bir bilgim olmas\u0131 daha do\u011fru olmaz m\u0131yd\u0131? O zaman kendi hayat\u0131mdan \u00f6nce, b\u00fct\u00fcn bilim ve fen yay\u0131nlar\u0131yla m\u0131 u\u011fra\u015fmam gerekiyordu? \u00d6yle yapsam ve hepsini anlasam bile, hangisini ya\u015fam\u0131ma temel olarak se\u00e7ece\u011fimi nas\u0131l bilecektim?<\/p>\n<p>Burada i\u00e7im, mant\u0131kl\u0131 ve ak\u0131ll\u0131 bir ya\u015fam i\u00e7in mutlulu\u011fu buluncaya kadar beklemem gerekti\u011fi olas\u0131l\u0131\u011f\u0131na kar\u015f\u0131 ku\u015fkularla doldu. Bunun i\u00e7in de Einstein&#8217;\u0131 anlay\u0131ncaya kadar beklemem gerekecekti.<\/p>\n<p>Peki, mant\u0131k da olmuyorsa neyi arayacakt\u0131m? insan\u0131n nas\u0131l ya\u015famas\u0131 gerekti\u011fini g\u00f6steren bir sezgi yok muydu? T\u0131pk\u0131 bir k\u00f6pe\u011fin hastalan\u0131nca ot yemesi gibi. B\u00f6yle bir fikrin \u015f\u00fcpheyle kar\u015f\u0131lanaca\u011f\u0131n\u0131 biliyorum ama bu yine de g\u00f6zard\u0131 edilmemelidir. Belki de b\u00f6yle bir duyu, kendini insan\u0131n baz\u0131 ani istekleriyle belli ediyordur. Veya belki de bu duyu, bizim bug\u00fcnk\u00fc ya\u015fam \u015feklimiz y\u00fcz\u00fcnden k\u00f6relmi\u015fti. Veya bu isteklerimiz, belki de deneyimle geli\u015ftirilebilir.<\/p>\n<p>Sonra birden akl\u0131ma geldi; belki de mutlu olmak, ger\u00e7ekten b\u00f6yle bir duygunun belirtisidir. Belki insan asl\u0131nda tam olarak ne zaman mutlu oldu\u011funu bilirse, mutlu bir hayat i\u00e7in nelerin gerekli oldu\u011funu da bilebilir. \u00d6te yandan, mutluluk konu d\u0131\u015f\u0131; esas olan \u015fey, insan\u0131n can\u0131n\u0131n istedi\u011fini yapmas\u0131 gerekti\u011fidir.<\/p>\n<p>Kendi mant\u0131\u011f\u0131m\u0131n g\u00fcc\u00fcnden emin olmad\u0131\u011f\u0131mdan, bu sorular\u0131 cevapland\u0131rabilmek i\u00e7in oturup d\u00fc\u015f\u00fcnmenin bir yarar\u0131 olmad\u0131\u011f\u0131na karar verdim. Ba\u015fkalar\u0131n\u0131n fikirlerini okumak da yarars\u0131zd\u0131, \u00e7\u00fcnk\u00fc onlar i\u00e7in do\u011fru olan benim i\u00e7in do\u011fru olmayabilirdi. Kendi hayat\u0131m\u0131n ger\u00e7eklerine, yaln\u0131zca g\u00f6zlem ve deneyimlerime dayanarak bilmek istedi\u011fim \u015feyleri bulabilmek umuduyla bakmay\u0131, incelemeyi d\u00fc\u015f\u00fcnd\u00fcm. Bunun i\u00e7in tek yol bir g\u00fcnl\u00fck tutmakt\u0131; bu g\u00fcnl\u00fckte herg\u00fcn \u00f6zellikle mutlu oldu\u011fum anlar\u0131 yazmakla i\u015fe ba\u015flad\u0131m. Ayr\u0131ca \u00f6nemli g\u00f6r\u00fcnen her \u015feyi not ediyordum \u00e7\u00fcnk\u00fc ileride mutlulu\u011fun \u00f6nemli olmad\u0131\u011f\u0131 ortaya \u00e7\u0131karsa, ba\u015fka \u015feyleri de inceleme f\u0131rsat\u0131m olacakt\u0131. Bu plan\u0131 yapmam ve g\u00fcnl\u00fc\u011f\u00fcme neleri yazmam gerekti\u011fine karar vermem olduk\u00e7a uzun bir zaman ald\u0131. Daha \u00f6nceleri de g\u00fcnl\u00fck tutmaya \u00e7al\u0131\u015fm\u0131\u015f, ama her olan\u0131 yazmaktan s\u0131k\u0131l\u0131p birka\u00e7 hafta sonra vazge\u00e7mi\u015ftim. Bir kez daha denedim, ola\u011fan bir i\u015f g\u00fcn\u00fcn\u00fc se\u00e7ip akl\u0131mda olan her\u015feyi kaydetmeye \u00e7al\u0131\u015ft\u0131m. Sonu\u00e7 beni deh\u015fete d\u00fc\u015f\u00fcrd\u00fc. E\u011fer g\u00fcnl\u00fck yazmak bu anlama geliyorsa bunu devam ettiremeyece\u011fimi d\u00fc\u015f\u00fcnd\u00fcm. \u0130\u015fte yazd\u0131klar\u0131m:<\/p>\n<p>&#8220;Bu sabah kalk\u0131nca akl\u0131mdaki tek d\u00fc\u015f\u00fcnce, i\u015fe gitmeden \u00f6nce sa\u00e7\u0131m\u0131 kestirecek zaman\u0131m\u0131n olup olmayaca\u011f\u0131yd\u0131; bir de \u00e7ok solgun ve yorgun g\u00f6r\u00fcnd\u00fc\u011f\u00fcm\u00fc, F.&#8217;yi g\u00f6rmeye gitmeyi hi\u00e7 istemedi\u011fimi d\u00fc\u015f\u00fcnd\u00fcm. Kuaf\u00f6r\u00fc arad\u0131m ve randevu alamad\u0131m&#8230;. S. kuaf\u00f6r\u00fcn\u00fcn sa\u00e7lar\u0131m\u0131 kesebilece\u011fini \u00f6\u011frenince \u00e7ok sevindim; kibar, gen\u00e7 bir adam kesti sa\u00e7lar\u0131m\u0131. B\u00fcroda, sa\u00e7\u0131m\u0131n ne kadar iyi kesildi\u011fini ve bana ne kadar yak\u0131\u015ft\u0131\u011f\u0131n\u0131 s\u00f6yleyen biri \u00e7\u0131kar diye umuyordum. Sonra F. ile \u00f6\u011fle yeme\u011fi yedik, sa\u00e7\u0131m\u0131 farketti\u011finde y\u00fcz\u00fcm\u00fcn k\u0131zard\u0131\u011f\u0131n\u0131 hissettim. Ondan ayr\u0131ld\u0131\u011f\u0131mda, her\u015fey yolunda gitti\u011fi i\u00e7in mutluydum. Biraz \u00e7al\u0131\u015ft\u0131ktan sonra, Miss P.&#8217;yi buldum, yeni sa\u00e7 kesimimi g\u00f6sterdim, onunla \u00e7ene \u00e7alarken ne kadar \u00e7ekici oldu\u011fumu d\u00fc\u015f\u00fcn\u00fcyordum. Kul\u00fcbe gittim, orada M. sa\u00e7\u0131m\u0131n g\u00fczel oldu\u011funu s\u00f6yleyince \u00e7ok sevindim. Pin pon oynad\u0131k, kendimi o g\u00fcn pek be\u011fendi\u011fim i\u00e7in her zamankinden g\u00fczel oynad\u0131m&#8230;<\/p>\n<p>Ak\u015fam yeme\u011fi&#8230; bir\u015feyler konu\u015fuyorduk. Birdenbire, M.&#8217;den bahsedildi\u011fini duydum. Tokat yemi\u015f gibi oldum. Birisine kart yollad\u0131\u011f\u0131n\u0131 s\u00f6yl\u00fcyorlard\u0131. Bu insanlar\u0131n onu tan\u0131malar\u0131ndan hi\u00e7 ho\u015flanmad\u0131m. Onu ciddiye ald\u0131\u011f\u0131m\u0131 zar\u0131nedebilirlerdi ve M. i\u00e7in bir\u00e7ok k\u0131zdan yaln\u0131z biri oldu\u011fumu bileceklerdi. , Ama i\u00e7lerinden hi\u00e7birinin onu anlad\u0131\u011f\u0131n\u0131 sanm\u0131yordum. Eve gelince, alb\u00fcme koyaca\u011f\u0131m resimleri ay\u0131rd\u0131m, tabii ki g\u00fczel g\u00f6r\u00fcnd\u00fc\u011f\u00fcm foto\u011fraflar\u0131 se\u00e7iyordum.&#8221;<\/p>\n<p>Bu g\u00f6zlem neredeyse giri\u015fimimden vazge\u00e7meme sebep olacakt\u0131. Akl\u0131mda hep ele\u015ftiriler \u00e7\u0131nl\u0131yordu: &#8220;Kendini daha az d\u00fc\u015f\u00fcn; bu kadar kendinle me\u015fgul olma; ba\u015fkalar\u0131n\u0131 da d\u00fc\u015f\u00fcn, o zaman kendi sorunlar\u0131n\u0131 d\u00fc\u015f\u00fcnecek vaktin olmaz.&#8221;<\/p>\n<p>\u0130\u00e7im \u015f\u00fcpheyle dolmu\u015ftu. Bu \u00e7abalar\u0131m beni i\u00e7 g\u00f6zlem bata\u011f\u0131na daha \u00e7ok saplam\u0131yor muydu? Bu kez de \u015fu notu buldum:<\/p>\n<p>&#8220;Ge\u00e7en g\u00fcn en \u00f6nemli \u015feyin, \u00f6b\u00fcr ki\u015filerin g\u00f6r\u00fc\u015fleri oldu\u011funu d\u00fc\u015f\u00fcnd\u00fcm.&#8221;<\/p>\n<p>\u00dc\u00e7 hafta sonra da \u015fu yar\u0131m kalm\u0131\u015f c\u00fcmleyi yazm\u0131\u015f\u0131m:<\/p>\n<p>&#8220;E\u011fer bir\u015feyi ke\u015ffedebilecek zekam yoksa, kendimden daha \u00e7ok sevdi\u011fim&#8230;&#8221;<\/p>\n<p>Bundan anlad\u0131\u011f\u0131m kadar\u0131yla, \u00e7ocuklu\u011fumda \u00f6\u011frendi\u011fim bir prensibi hat\u0131rlam\u0131\u015f\u0131m; d\u00fcnyadaki en k\u00f6t\u00fc \u015fey bencilliktir. \u00c7ocukken iyi olmaya \u00e7al\u0131\u015fmam bir anlamda bencillikti. Bencil olmamak kavram\u0131, bende bir huzursuzluk, tedirginlik hissi yarat\u0131yordu. Sonraki y\u0131llarda, durmadan kendimi, ba\u015fkalar\u0131n\u0131 d\u00fc\u015f\u00fcnmeye zorlad\u0131m; ama gittik\u00e7e daha \u00e7ok i\u00e7ime kapan\u0131yordum. Y\u0131llarca bunun sebebinin benim irade g\u00fcc\u00fcm\u00fcn zay\u0131fl\u0131\u011f\u0131 oldu\u011funu sanarak, \u015fa\u015fk\u0131n \u015fa\u015fk\u0131n dola\u015ft\u0131m, esas sebebinin kulland\u0131\u011f\u0131m yanl\u0131\u015f y\u00f6ntem oldu\u011funu d\u00fc\u015f\u00fcnm\u00fcyordum.<\/p>\n<p>\u015eimdi, sonunda, bencilli\u011fimden ka\u00e7arak kurtulamayaca\u011f\u0131m\u0131 anlamaya ba\u015flad\u0131m. O &#8216;yok edici \u015feyin&#8217; i\u00e7ime g\u00f6m\u00fclmesi gerekiyor.<\/p>\n<p>B\u00f6ylece y\u0131llar\u0131m\u0131 alan bir \u00e7al\u0131\u015fmaya ba\u015flad\u0131m; ya\u015fam\u0131m\u0131, geleneklere, veya ak\u0131lc\u0131 teorilere veya otoritelere g\u00f6re de\u011fil, deneyimlerle d\u00fczenlemeye \u00e7al\u0131\u015f\u0131yordum.<\/p>\n<p>G\u00fcnl\u00fc\u011f\u00fcm\u00fcn ba\u015f\u0131na a\u015fa\u011f\u0131daki pasaj\u0131 yazd\u0131m:<\/p>\n<p>&#8220;\u0130nsan ya\u015fam\u0131n\u0131n amac\u0131n\u0131 ve anlam\u0131n\u0131 bilmememiz ve kuruntular\u0131 ger\u00e7ek gibi g\u00f6sterdikleri i\u00e7in manevi sezgilere g\u00fcven duymamam\u0131z, bizi davran\u0131\u015f teorilerine kar\u015f\u0131 uyar\u0131rlar.<\/p>\n<p>Francis Galton.&#8221;<\/p>\n<p>Bu c\u00fcmlenin anlam\u0131n\u0131 tam olarak kavrayamam\u0131\u015ft\u0131m, \u00e7\u00fcnk\u00fc davran\u0131\u015f teorilerinden haberim yoktu. Y\u0131llar sonra, tekrar okudu\u011fum zaman, yazar\u0131n kamu ger\u00e7e\u011fi ile ki\u015fisel ger\u00e7ekten, ayn\u0131 \u015feymi\u015f gibi bahsetti\u011fini farkettim. Bu y\u00fczden, belki de bu c\u00fcmlenin benim i\u00e7in bir uyar\u0131 oldu\u011funu hissetmekte hakl\u0131 oldu\u011fumu d\u00fc\u015f\u00fcnd\u00fcm. Manevi sezgi derken, ak\u0131lc\u0131 tart\u0131\u015fmaya dayanmayan bir \u015feyi kastettiyse, bu var oldu\u011fu bilinen ama nas\u0131l olup da bilindi\u011fi bilinmeyen bir \u015feydi.<\/p>\n<p>Mant\u0131\u011fa dayanmayan fikirlere g\u00fcvenmemenin ak\u0131ll\u0131ca olaca\u011f\u0131n\u0131 hissediyordum; \u00e7\u00fcnk\u00fc bunlar benim isteklerimi yans\u0131t\u0131yorlard\u0131. Ama bu korkunun, g\u00fcvensizli\u011fin, benim i\u00e7 alemimdeki ger\u00e7ekleri g\u00f6rmememe sebep olmamas\u0131 laz\u0131md\u0131.<\/p>\n<p>D\u0131\u015f d\u00fcnya hakk\u0131nda oldu\u011fu kabul edilen kamu ger\u00e7e\u011fi, benim i\u00e7in \u00f6nemli olanlar\u0131 g\u00f6stermiyordu. Ama belki de ki\u015fisel ger\u00e7ekler vard\u0131r, bilmekten \u00e7ok hissetmeye dayanan bu ger\u00e7eklere arkam\u0131z\u0131 d\u00f6nemeyiz. Bildi\u011fim kadar\u0131yla bilim bu alanla ilgilenmemi\u015ftir; bazen \u00f6yle bir\u015fey olmad\u0131\u011f\u0131n\u0131, bazen de varsa bile bilimi ilgilendirmedi\u011fini s\u00f6ylemi\u015flerdir. Ama bilim buna sahip \u00e7\u0131kmasa bile, yine de bana biraz yarar\u0131 olmaz m\u0131 acaba? istek ve mutlulukla ilgili bu sorular\u0131n, bilimin gerektirdi\u011fi gibi kesin form\u00fcllerle \u00e7\u00f6z\u00fcmlenemeyece\u011fini biliyorum. Ama deney y\u00f6ntemini uygulayarak, g\u00f6zlem yaparak hipotezlere ula\u015f\u0131p, sonra yine ki\u015fisel ger\u00e7eklerimle kar\u015f\u0131la\u015ft\u0131rmalar yapamaz m\u0131yd\u0131m?<\/p>\n<p>Beni ileride nelerin bekledi\u011fini az \u00e7ok biliyordum herhalde, \u00e7\u00fcnk\u00fc \u00f6n\u00fcmde duran buru\u015fturulmu\u015f bir ka\u011f\u0131tta \u015funlar yaz\u0131yordu:<\/p>\n<p>&#8220;\u0130\u00e7imizdeki bu ruh ve hayat, \u00e7evremizdeki ya\u015famla hi\u00e7bir \u015fekilde uyum sa\u011flam\u0131yor. Birisi ona ne d\u00fc\u015f\u00fcnd\u00fc\u011f\u00fcn\u00fc sorarsa, o, daima ba\u015fkalar\u0131n\u0131n s\u00f6yledi\u011finin tam tersini s\u00f6yler&#8230; Asl\u0131nda o, d\u00fcnyan\u0131n en garip yarat\u0131\u011f\u0131d\u0131r; bir r\u00fczgar g\u00fcl\u00fc gibi d\u00f6nek ve de\u011fi\u015fkendir, hem utanga\u00e7 hem kabad\u0131r, bakire ve \u015fehvet doludur, geveze ve sessizdir; \u00e7al\u0131\u015fkan ve hassast\u0131r; melankolik ve ho\u015ftur; yalanc\u0131 ve ger\u00e7ektir; bilgili ve cahildir; liberal ve a\u00e7g\u00f6zl\u00fcd\u00fcr; k\u0131saca \u00f6yle kompleks, \u00f6yle belirsizdir ki; d\u0131\u015f d\u00fcnyada insanlarla ili\u015fki kuran di\u011fer g\u00f6r\u00fcnt\u00fcs\u00fcn\u00fcn tamamen tersidir.<\/p>\n<p><em>Virginia Woolf<\/em><\/p>\n<p>Bu aray\u0131\u015f\u0131n \u00f6yk\u00fcs\u00fcn\u00fc yazmaya karar vermemin sebebi e\u011fer yazmazsam yolumu kaybedece\u011fimden korkmamd\u0131. Yine de y\u0131llarca teredd\u00fct ettim, bunlar\u0131 nas\u0131l yazaca\u011f\u0131m\u0131 bilmiyordum. Bana olanlar\u0131 anlatmaktan, ki\u015fisel olmaktan \u00e7ekiniyordum, Bir yandan da ancak b\u00f6yle yazarsam ba\u015fkalar\u0131 i\u00e7in bir de\u011feri olaca\u011f\u0131n\u0131 da biliyordum. \u00d6yk\u00fcy\u00fc sanki bir arkada\u015f\u0131n veya hayali bir tipin ba\u015f\u0131ndan ge\u00e7mi\u015f gibi anlatmak istiyordum. Bu biraz da yeti\u015fme tarz\u0131m y\u00fcz\u00fcnden oluyordu. Zamanla, sessizli\u011fin kuvvetlilerin bir ayr\u0131cal\u0131\u011f\u0131 oldu\u011funu, g\u00fc\u00e7s\u00fczler i\u00e7in ise bir tehlike oldu\u011funu anlad\u0131m. Susmam, anlatmamam gereken \u015feyler genellikle utand\u0131\u011f\u0131m \u015feylerdi; halbuki bunlar\u0131 a\u00e7\u0131klamam ve itiraf etmem \u00e7ok daha iyi olacakt\u0131. B\u00f6ylece direkt ki\u015fisel bir anlat\u0131m kullanmam\u0131n, her\u015feyin \u00f6z\u00fc oldu\u011funu farkettim. Roman yazarlar\u0131 ve \u015fairlerin nas\u0131l ya\u015fanaca\u011f\u0131n\u0131 yazd\u0131klar\u0131ndan \u00f6\u011frendiklerini d\u00fc\u015f\u00fcn\u00fcrd\u00fcm. Kendi sorunlar\u0131n\u0131 dramatize ederek, yazarak daha kolay \u00e7\u00f6z\u00fcml\u00fcyorlard\u0131. Peki ama, insan\u0131n i\u00e7 d\u00fcnyas\u0131ndaki gerilimleri, sorunlar\u0131 sembolize ederek d\u00fc\u015fsel ger\u00e7ekler yaratabilme yetene\u011fi yoksa, bunlarla ba\u015fka bir y\u00f6ntemle ba\u015fa \u00e7\u0131k\u0131lamaz m\u0131? Elbette psikoloji \u00fczerine yaz\u0131lm\u0131\u015f olan veya nas\u0131l ba\u015far\u0131l\u0131, mutlu olaca\u011f\u0131n\u0131z\u0131 anlatan kitaplar vard\u0131r, ama b\u00fct\u00fcn bunlar benim d\u0131\u015f\u0131mda kal\u0131yorlar; \u00e7ok genel kavramlar kullan\u0131p uygulamas\u0131 zor kurallar \u00f6neriyorlar. Ba\u015fkalar\u0131n\u0131n benim nas\u0131l olmam gerekti\u011fimi yazmalar\u0131, t\u0131pk\u0131 bir elman\u0131n rengini kitaptan bak\u0131p \u00f6\u011frenmeye benzer. Bu gibi \u015feyleri ba\u015fkalar\u0131n\u0131n fikri olmadan bilmek gerekir. \u00d6yleyse, ba\u015fkalar\u0131n\u0131n yazd\u0131klar\u0131na ihtiyac\u0131m\u0131z yoksa, kendimiz yazmal\u0131y\u0131z.<\/p>\n<p>Bu i\u015fe giri\u015fmek isteyenlere son bir uyar\u0131m var; bu kitap okumakla ilgilidir. Uzun s\u00fcre, yazmay\u0131 erteledim. \u00d6\u011frenmem gereken \u00e7ok \u015fey vard\u0131, bu konuda yaz\u0131lm\u0131\u015f olan \u00e7ok eserler oldu\u011funu hissediyordum. Asla bu d\u00fc\u015f\u00fcnceye teslim olmay\u0131n, asla &#8216;\u00e7ok az \u015fey biliyorum, ba\u015flamadan biraz daha okumal\u0131y\u0131m&#8217; demeyin. \u00d6nce g\u00f6zlem yapmal\u0131, sonra g\u00f6zlemlerimi anlatmal\u0131 ve sonra e\u011fer gerekiyorsa kitaplara bakmal\u0131yd\u0131m. Buna karar verince yazmak kolayla\u015fm\u0131\u015ft\u0131.<\/p>\n<p>Sonunda yaln\u0131zca moralimi d\u00fczeltecek, bana bilgi yerine cesaret verecek kitaplar okumaya karar verdim. Yine de kitaplara \u00e7ok \u015fey bor\u00e7lu oldu\u011fumu kabul ediyorum. Belki okumak d\u00fc\u015f\u00fcncelerimi geli\u015ftirmi\u015fti, ama \u00e7o\u011fu yaz\u0131lar beni \u015fa\u015f\u0131rtm\u0131\u015f, akl\u0131m\u0131 kar\u0131\u015ft\u0131rm\u0131\u015ft\u0131.<\/p>\n<p>En iyi \u00f6\u011fretmen insana her\u015feyi kendisinin \u00f6\u011frenip, ger\u00e7e\u011fe giden yollar\u0131 bulmas\u0131n\u0131 \u00f6\u011fretir; bu y\u00fczden ortaya \u00e7\u0131kan sonucun ne kadar\u0131 \u00f6\u011frencinin, ne kadar\u0131 \u00f6\u011fretmenin pay\u0131d\u0131r, pek anla\u015f\u0131lmaz. Akl\u0131ma aniden geldi\u011fini sand\u0131\u011f\u0131m pek \u00e7ok fikrin, okuduklar\u0131mdan do\u011fdu\u011funu da \u015fimdi farkediyorum.<\/p>\n<p>Ba\u015fka bir nokta da, buldu\u011fum \u015feyler yaln\u0131z benim i\u00e7in ger\u00e7ek olmal\u0131d\u0131r. \u0130zledi\u011fim yol, belki de ana yoldan \u00e7ok uzaktaki, \u0131ss\u0131z bir patikad\u0131r. Okuyuculara, bir gezginin yolunu kaybetmesi ve ana yola ula\u015fmak i\u00e7in \u015fa\u015fk\u0131n \u015fa\u015fk\u0131n dola\u015fmas\u0131 ilgin\u00e7 gelmeyebilir. Belki de onlar, daha yolun ba\u015f\u0131nda, hangisini izleyece\u011fini biliyorlard\u0131r.<\/p>\n<p>Yazd\u0131klar\u0131m\u0131 yeniden okuyunca, kar\u015f\u0131la\u015ft\u0131\u011f\u0131m baz\u0131 zorluklar\u0131n size \u00e7ocuk\u00e7a gelebilece\u011fini d\u00fc\u015f\u00fcnd\u00fcm. Ama sonra insan\u0131n kendisinin tek ve e\u015fsiz oldu\u011funu d\u00fc\u015f\u00fcnme yan\u0131lg\u0131s\u0131na s\u0131k s\u0131k d\u00fc\u015ft\u00fc\u011f\u00fcn\u00fc hat\u0131rlad\u0131m.<\/p>\n<p>Yine de \u0131ss\u0131z bir patika oldu\u011funu sand\u0131\u011f\u0131m yolun sonunda bir \u00fclkeye vard\u0131m. Bu \u00fclkeyi baz\u0131lar\u0131 \u00e7ok iyi tan\u0131r, baz\u0131lar\u0131 varl\u0131\u011f\u0131n\u0131 bildi\u011fi halde hi\u00e7 bahsetmezler ve baz\u0131lar\u0131 da ismini bile duymam\u0131\u015ft\u0131r.<\/p>\n<p style=\"text-align: justify;\">\u00a0<\/p>\n<p style=\"text-align: justify;\">***<\/p>\n<p style=\"text-align: justify;\">\u00a0<\/p>\n<p style=\"text-align: justify;\"><em>Bu \u00e7al\u0131\u015fmada, toplumumuzca normallik diye bilinen bir \u00e7e\u015fit payla\u015f\u0131lm\u0131\u015f  psikopatolojinin g\u00fczel bir tan\u0131m\u0131 yap\u0131lm\u0131\u015ft\u0131r. \u015ea\u015f\u0131rt\u0131c\u0131 olan \u015fey ise  Miss Field&#8217;\u0131n de\u011fi\u015fmeye \u00e7al\u0131\u015fmas\u0131 ve kendini iyile\u015ftirmek i\u00e7in  u\u011fra\u015fmas\u0131n\u0131n, toplumumuzca hastal\u0131k olarak nitelendirilmesidir. Bunun  ger\u00e7ekten b\u00f6yle oldu\u011funu g\u00f6rebilmek i\u00e7in, Freud&#8217;un bir mektubundan  al\u0131nan \u015fu me\u015fhur ibareyi d\u00fc\u015f\u00fcnmemiz yeter: &#8220;Bir insan ya\u015fam\u0131n anlam\u0131n\u0131  sormaya ba\u015flarsa, hasta oldu demektir.&#8221;<\/p>\n<p> \u0130yi bir \u0130ngiliz Psikologu olan Miss Field, pek \u00e7ok ki\u015finin bug\u00fcnk\u00fc  kronik durumlar\u0131n\u0131 tan\u0131ml\u0131yor ve bizlere bu konuda bir\u015feyler yapabilmek  i\u00e7in harcad\u0131\u011f\u0131 \u00e7abalar\u0131n\u0131 anlat\u0131yor. Psikanalizi d\u00fc\u015f\u00fcnm\u00fc\u015f fakat &#8220;herkes  i\u00e7in uygun olan bir\u015fey bulmak istedi\u011fini&#8221; s\u00f6yleyerek bundan  vazge\u00e7mi\u015ftir. Bunun yerine, kendi &#8220;\u00f6zel ger\u00e7e\u011fini&#8221; aramaya ba\u015flar; bu  &#8220;duygu ger\u00e7e\u011fidir &#8220;. Elinde bir defterle ya\u015fam\u0131ndaki her olay\u0131  g\u00f6zlemleyip, tan\u0131mlamaya \u00e7al\u0131\u015f\u0131r. Ona g\u00f6re, ne yapmas\u0131 gerekti\u011fini  d\u00fc\u015f\u00fcnd\u00fc\u011f\u00fc \u015feyler i\u00e7in kendini zorlamas\u0131, ilk ad\u0131m olmamal\u0131d\u0131r; yapaca\u011f\u0131  \u015fey &#8220;yapt\u0131\u011f\u0131 \u015feyleri ara\u015ft\u0131rmak&#8221; olmal\u0131d\u0131r. A\u015fa\u011f\u0131daki par\u00e7a, Miss  Field&#8217;in &#8220;insan\u0131n Kendi Hayat\u0131&#8221; isimli, 1952&#8217;de yay\u0131nlanan kitab\u0131ndan  al\u0131nm\u0131\u015ft\u0131r.<\/em><\/p>\n","protected":false},"excerpt":{"rendered":"<p>&#8220;Do\u011fan bir insan, denize d\u00fc\u015fen biri gibi, bir d\u00fc\u015f\u00fcn ortas\u0131na d\u00fc\u015fer. Deneyimsiz insanlar gibi t\u0131rman\u0131p \u00e7\u0131kmaya \u00e7al\u0131\u015f\u0131rsa, bo\u011fulur.. nicht wahr Hay\u0131r! Anlatay\u0131m! Tek yol, bu yok edici \u015feye kendini teslim etmektir ve ellerinizin, ayaklar\u0131n\u0131z\u0131n \u00e7abalar\u0131yla bu derin, \u00e7ok derin denizde batmamaya \u00e7al\u0131\u015fmakt\u0131r&#8230;Bu denizde o yok edici \u015fey bat\u0131p, yok olacakt\u0131r. Joseph Conrad *** Bu i\u015fe [&hellip;]<\/p>\n","protected":false},"author":1,"featured_media":0,"comment_status":"open","ping_status":"open","sticky":false,"template":"","format":"standard","meta":{"footnotes":""},"categories":[52],"tags":[],"class_list":{"0":"post-6689","1":"post","2":"type-post","3":"status-publish","4":"format-standard","6":"category-psikoloji"},"yoast_head":"<!-- This site is optimized with the Yoast SEO Premium plugin v24.9 (Yoast SEO v24.9) - https:\/\/yoast.com\/wordpress\/plugins\/seo\/ -->\n<title>Ba\u015fkalar\u0131n\u0131n yazd\u0131klar\u0131na ihtiyac\u0131m\u0131z yoksa, kendimiz yazmal\u0131y\u0131z | Johanna Field - narteks.net<\/title>\n<meta name=\"robots\" content=\"index, follow, max-snippet:-1, max-image-preview:large, max-video-preview:-1\" \/>\n<link rel=\"canonical\" href=\"https:\/\/narteks.net\/index.php\/2011\/08\/07\/baskalarinin-yazdiklarina-ihtiyacimiz-yoksa-kendimiz-yazmaliyiz-johanna-field\/\" \/>\n<meta property=\"og:locale\" content=\"tr_TR\" \/>\n<meta property=\"og:type\" content=\"article\" \/>\n<meta property=\"og:title\" content=\"Ba\u015fkalar\u0131n\u0131n yazd\u0131klar\u0131na ihtiyac\u0131m\u0131z yoksa, kendimiz yazmal\u0131y\u0131z | Johanna Field\" \/>\n<meta property=\"og:description\" content=\"&#8220;Do\u011fan bir insan, denize d\u00fc\u015fen biri gibi, bir d\u00fc\u015f\u00fcn ortas\u0131na d\u00fc\u015fer. Deneyimsiz insanlar gibi t\u0131rman\u0131p \u00e7\u0131kmaya \u00e7al\u0131\u015f\u0131rsa, bo\u011fulur.. nicht wahr Hay\u0131r! Anlatay\u0131m! Tek yol, bu yok edici \u015feye kendini teslim etmektir ve ellerinizin, ayaklar\u0131n\u0131z\u0131n \u00e7abalar\u0131yla bu derin, \u00e7ok derin denizde batmamaya \u00e7al\u0131\u015fmakt\u0131r&#8230;Bu denizde o yok edici \u015fey bat\u0131p, yok olacakt\u0131r. Joseph Conrad *** Bu i\u015fe [&hellip;]\" \/>\n<meta property=\"og:url\" content=\"https:\/\/narteks.net\/index.php\/2011\/08\/07\/baskalarinin-yazdiklarina-ihtiyacimiz-yoksa-kendimiz-yazmaliyiz-johanna-field\/\" \/>\n<meta property=\"og:site_name\" content=\"narteks.net\" \/>\n<meta property=\"article:published_time\" content=\"2011-08-07T10:41:14+00:00\" \/>\n<meta property=\"og:image\" content=\"http:\/\/www.dogancuceloglu.net\/upload\/img2\/53a466814c1a0498da3cd799931bdc3f.jpg\" \/>\n<meta name=\"author\" content=\"Tar\u0131k\" \/>\n<meta name=\"twitter:card\" content=\"summary_large_image\" \/>\n<meta name=\"twitter:creator\" content=\"@narteks\" \/>\n<meta name=\"twitter:site\" content=\"@narteks\" \/>\n<meta name=\"twitter:label1\" content=\"Yazan:\" \/>\n\t<meta name=\"twitter:data1\" content=\"Tar\u0131k\" \/>\n\t<meta name=\"twitter:label2\" content=\"Tahmini okuma s\u00fcresi\" \/>\n\t<meta name=\"twitter:data2\" content=\"19 dakika\" \/>\n<script type=\"application\/ld+json\" class=\"yoast-schema-graph\">{\"@context\":\"https:\/\/schema.org\",\"@graph\":[{\"@type\":\"Article\",\"@id\":\"https:\/\/narteks.net\/index.php\/2011\/08\/07\/baskalarinin-yazdiklarina-ihtiyacimiz-yoksa-kendimiz-yazmaliyiz-johanna-field\/#article\",\"isPartOf\":{\"@id\":\"https:\/\/narteks.net\/index.php\/2011\/08\/07\/baskalarinin-yazdiklarina-ihtiyacimiz-yoksa-kendimiz-yazmaliyiz-johanna-field\/\"},\"author\":{\"name\":\"Tar\u0131k\",\"@id\":\"https:\/\/narteks.net\/#\/schema\/person\/61f37d9834294b72d31d274e7ed79bca\"},\"headline\":\"Ba\u015fkalar\u0131n\u0131n yazd\u0131klar\u0131na ihtiyac\u0131m\u0131z yoksa, kendimiz yazmal\u0131y\u0131z | Johanna Field\",\"datePublished\":\"2011-08-07T10:41:14+00:00\",\"mainEntityOfPage\":{\"@id\":\"https:\/\/narteks.net\/index.php\/2011\/08\/07\/baskalarinin-yazdiklarina-ihtiyacimiz-yoksa-kendimiz-yazmaliyiz-johanna-field\/\"},\"wordCount\":3816,\"commentCount\":0,\"publisher\":{\"@id\":\"https:\/\/narteks.net\/#organization\"},\"image\":{\"@id\":\"https:\/\/narteks.net\/index.php\/2011\/08\/07\/baskalarinin-yazdiklarina-ihtiyacimiz-yoksa-kendimiz-yazmaliyiz-johanna-field\/#primaryimage\"},\"thumbnailUrl\":\"http:\/\/www.dogancuceloglu.net\/upload\/img2\/53a466814c1a0498da3cd799931bdc3f.jpg\",\"articleSection\":[\"Psikoloji\"],\"inLanguage\":\"tr\",\"potentialAction\":[{\"@type\":\"CommentAction\",\"name\":\"Comment\",\"target\":[\"https:\/\/narteks.net\/index.php\/2011\/08\/07\/baskalarinin-yazdiklarina-ihtiyacimiz-yoksa-kendimiz-yazmaliyiz-johanna-field\/#respond\"]}]},{\"@type\":\"WebPage\",\"@id\":\"https:\/\/narteks.net\/index.php\/2011\/08\/07\/baskalarinin-yazdiklarina-ihtiyacimiz-yoksa-kendimiz-yazmaliyiz-johanna-field\/\",\"url\":\"https:\/\/narteks.net\/index.php\/2011\/08\/07\/baskalarinin-yazdiklarina-ihtiyacimiz-yoksa-kendimiz-yazmaliyiz-johanna-field\/\",\"name\":\"Ba\u015fkalar\u0131n\u0131n yazd\u0131klar\u0131na ihtiyac\u0131m\u0131z yoksa, kendimiz yazmal\u0131y\u0131z | Johanna Field - narteks.net\",\"isPartOf\":{\"@id\":\"https:\/\/narteks.net\/#website\"},\"primaryImageOfPage\":{\"@id\":\"https:\/\/narteks.net\/index.php\/2011\/08\/07\/baskalarinin-yazdiklarina-ihtiyacimiz-yoksa-kendimiz-yazmaliyiz-johanna-field\/#primaryimage\"},\"image\":{\"@id\":\"https:\/\/narteks.net\/index.php\/2011\/08\/07\/baskalarinin-yazdiklarina-ihtiyacimiz-yoksa-kendimiz-yazmaliyiz-johanna-field\/#primaryimage\"},\"thumbnailUrl\":\"http:\/\/www.dogancuceloglu.net\/upload\/img2\/53a466814c1a0498da3cd799931bdc3f.jpg\",\"datePublished\":\"2011-08-07T10:41:14+00:00\",\"breadcrumb\":{\"@id\":\"https:\/\/narteks.net\/index.php\/2011\/08\/07\/baskalarinin-yazdiklarina-ihtiyacimiz-yoksa-kendimiz-yazmaliyiz-johanna-field\/#breadcrumb\"},\"inLanguage\":\"tr\",\"potentialAction\":[{\"@type\":\"ReadAction\",\"target\":[\"https:\/\/narteks.net\/index.php\/2011\/08\/07\/baskalarinin-yazdiklarina-ihtiyacimiz-yoksa-kendimiz-yazmaliyiz-johanna-field\/\"]}]},{\"@type\":\"ImageObject\",\"inLanguage\":\"tr\",\"@id\":\"https:\/\/narteks.net\/index.php\/2011\/08\/07\/baskalarinin-yazdiklarina-ihtiyacimiz-yoksa-kendimiz-yazmaliyiz-johanna-field\/#primaryimage\",\"url\":\"http:\/\/www.dogancuceloglu.net\/upload\/img2\/53a466814c1a0498da3cd799931bdc3f.jpg\",\"contentUrl\":\"http:\/\/www.dogancuceloglu.net\/upload\/img2\/53a466814c1a0498da3cd799931bdc3f.jpg\"},{\"@type\":\"BreadcrumbList\",\"@id\":\"https:\/\/narteks.net\/index.php\/2011\/08\/07\/baskalarinin-yazdiklarina-ihtiyacimiz-yoksa-kendimiz-yazmaliyiz-johanna-field\/#breadcrumb\",\"itemListElement\":[{\"@type\":\"ListItem\",\"position\":1,\"name\":\"Anasayfa\",\"item\":\"https:\/\/narteks.net\/\"},{\"@type\":\"ListItem\",\"position\":2,\"name\":\"Ba\u015fkalar\u0131n\u0131n yazd\u0131klar\u0131na ihtiyac\u0131m\u0131z yoksa, kendimiz yazmal\u0131y\u0131z | Johanna Field\"}]},{\"@type\":\"WebSite\",\"@id\":\"https:\/\/narteks.net\/#website\",\"url\":\"https:\/\/narteks.net\/\",\"name\":\"narteks.net\",\"description\":\"K\u00fclt\u00fcr Sanat Edebiyat Felsefe\",\"publisher\":{\"@id\":\"https:\/\/narteks.net\/#organization\"},\"alternateName\":\"K\u00fclt\u00fcr Sanat Edebiyat Felsefe\",\"potentialAction\":[{\"@type\":\"SearchAction\",\"target\":{\"@type\":\"EntryPoint\",\"urlTemplate\":\"https:\/\/narteks.net\/?s={search_term_string}\"},\"query-input\":{\"@type\":\"PropertyValueSpecification\",\"valueRequired\":true,\"valueName\":\"search_term_string\"}}],\"inLanguage\":\"tr\"},{\"@type\":\"Organization\",\"@id\":\"https:\/\/narteks.net\/#organization\",\"name\":\"narteks.net\",\"url\":\"https:\/\/narteks.net\/\",\"logo\":{\"@type\":\"ImageObject\",\"inLanguage\":\"tr\",\"@id\":\"https:\/\/narteks.net\/#\/schema\/logo\/image\/\",\"url\":\"https:\/\/narteks.net\/wp-content\/uploads\/narteks.png\",\"contentUrl\":\"https:\/\/narteks.net\/wp-content\/uploads\/narteks.png\",\"width\":300,\"height\":90,\"caption\":\"narteks.net\"},\"image\":{\"@id\":\"https:\/\/narteks.net\/#\/schema\/logo\/image\/\"},\"sameAs\":[\"https:\/\/x.com\/narteks\",\"https:\/\/instagram.com\/narteksnet\"]},{\"@type\":\"Person\",\"@id\":\"https:\/\/narteks.net\/#\/schema\/person\/61f37d9834294b72d31d274e7ed79bca\",\"name\":\"Tar\u0131k\",\"image\":{\"@type\":\"ImageObject\",\"inLanguage\":\"tr\",\"@id\":\"https:\/\/narteks.net\/#\/schema\/person\/image\/\",\"url\":\"https:\/\/secure.gravatar.com\/avatar\/50865afb55632c4ae467e0af0930f6510aa2297d8014be502a55b14f3b7550cf?s=96&d=mm&r=g\",\"contentUrl\":\"https:\/\/secure.gravatar.com\/avatar\/50865afb55632c4ae467e0af0930f6510aa2297d8014be502a55b14f3b7550cf?s=96&d=mm&r=g\",\"caption\":\"Tar\u0131k\"},\"sameAs\":[\"http:\/\/narteks.net\"],\"url\":\"https:\/\/narteks.net\/index.php\/author\/narbak\/\"}]}<\/script>\n<!-- \/ Yoast SEO Premium plugin. -->","yoast_head_json":{"title":"Ba\u015fkalar\u0131n\u0131n yazd\u0131klar\u0131na ihtiyac\u0131m\u0131z yoksa, kendimiz yazmal\u0131y\u0131z | Johanna Field - narteks.net","robots":{"index":"index","follow":"follow","max-snippet":"max-snippet:-1","max-image-preview":"max-image-preview:large","max-video-preview":"max-video-preview:-1"},"canonical":"https:\/\/narteks.net\/index.php\/2011\/08\/07\/baskalarinin-yazdiklarina-ihtiyacimiz-yoksa-kendimiz-yazmaliyiz-johanna-field\/","og_locale":"tr_TR","og_type":"article","og_title":"Ba\u015fkalar\u0131n\u0131n yazd\u0131klar\u0131na ihtiyac\u0131m\u0131z yoksa, kendimiz yazmal\u0131y\u0131z | Johanna Field","og_description":"&#8220;Do\u011fan bir insan, denize d\u00fc\u015fen biri gibi, bir d\u00fc\u015f\u00fcn ortas\u0131na d\u00fc\u015fer. Deneyimsiz insanlar gibi t\u0131rman\u0131p \u00e7\u0131kmaya \u00e7al\u0131\u015f\u0131rsa, bo\u011fulur.. nicht wahr Hay\u0131r! Anlatay\u0131m! Tek yol, bu yok edici \u015feye kendini teslim etmektir ve ellerinizin, ayaklar\u0131n\u0131z\u0131n \u00e7abalar\u0131yla bu derin, \u00e7ok derin denizde batmamaya \u00e7al\u0131\u015fmakt\u0131r&#8230;Bu denizde o yok edici \u015fey bat\u0131p, yok olacakt\u0131r. Joseph Conrad *** Bu i\u015fe [&hellip;]","og_url":"https:\/\/narteks.net\/index.php\/2011\/08\/07\/baskalarinin-yazdiklarina-ihtiyacimiz-yoksa-kendimiz-yazmaliyiz-johanna-field\/","og_site_name":"narteks.net","article_published_time":"2011-08-07T10:41:14+00:00","og_image":[{"url":"http:\/\/www.dogancuceloglu.net\/upload\/img2\/53a466814c1a0498da3cd799931bdc3f.jpg","type":"","width":"","height":""}],"author":"Tar\u0131k","twitter_card":"summary_large_image","twitter_creator":"@narteks","twitter_site":"@narteks","twitter_misc":{"Yazan:":"Tar\u0131k","Tahmini okuma s\u00fcresi":"19 dakika"},"schema":{"@context":"https:\/\/schema.org","@graph":[{"@type":"Article","@id":"https:\/\/narteks.net\/index.php\/2011\/08\/07\/baskalarinin-yazdiklarina-ihtiyacimiz-yoksa-kendimiz-yazmaliyiz-johanna-field\/#article","isPartOf":{"@id":"https:\/\/narteks.net\/index.php\/2011\/08\/07\/baskalarinin-yazdiklarina-ihtiyacimiz-yoksa-kendimiz-yazmaliyiz-johanna-field\/"},"author":{"name":"Tar\u0131k","@id":"https:\/\/narteks.net\/#\/schema\/person\/61f37d9834294b72d31d274e7ed79bca"},"headline":"Ba\u015fkalar\u0131n\u0131n yazd\u0131klar\u0131na ihtiyac\u0131m\u0131z yoksa, kendimiz yazmal\u0131y\u0131z | Johanna Field","datePublished":"2011-08-07T10:41:14+00:00","mainEntityOfPage":{"@id":"https:\/\/narteks.net\/index.php\/2011\/08\/07\/baskalarinin-yazdiklarina-ihtiyacimiz-yoksa-kendimiz-yazmaliyiz-johanna-field\/"},"wordCount":3816,"commentCount":0,"publisher":{"@id":"https:\/\/narteks.net\/#organization"},"image":{"@id":"https:\/\/narteks.net\/index.php\/2011\/08\/07\/baskalarinin-yazdiklarina-ihtiyacimiz-yoksa-kendimiz-yazmaliyiz-johanna-field\/#primaryimage"},"thumbnailUrl":"http:\/\/www.dogancuceloglu.net\/upload\/img2\/53a466814c1a0498da3cd799931bdc3f.jpg","articleSection":["Psikoloji"],"inLanguage":"tr","potentialAction":[{"@type":"CommentAction","name":"Comment","target":["https:\/\/narteks.net\/index.php\/2011\/08\/07\/baskalarinin-yazdiklarina-ihtiyacimiz-yoksa-kendimiz-yazmaliyiz-johanna-field\/#respond"]}]},{"@type":"WebPage","@id":"https:\/\/narteks.net\/index.php\/2011\/08\/07\/baskalarinin-yazdiklarina-ihtiyacimiz-yoksa-kendimiz-yazmaliyiz-johanna-field\/","url":"https:\/\/narteks.net\/index.php\/2011\/08\/07\/baskalarinin-yazdiklarina-ihtiyacimiz-yoksa-kendimiz-yazmaliyiz-johanna-field\/","name":"Ba\u015fkalar\u0131n\u0131n yazd\u0131klar\u0131na ihtiyac\u0131m\u0131z yoksa, kendimiz yazmal\u0131y\u0131z | Johanna Field - narteks.net","isPartOf":{"@id":"https:\/\/narteks.net\/#website"},"primaryImageOfPage":{"@id":"https:\/\/narteks.net\/index.php\/2011\/08\/07\/baskalarinin-yazdiklarina-ihtiyacimiz-yoksa-kendimiz-yazmaliyiz-johanna-field\/#primaryimage"},"image":{"@id":"https:\/\/narteks.net\/index.php\/2011\/08\/07\/baskalarinin-yazdiklarina-ihtiyacimiz-yoksa-kendimiz-yazmaliyiz-johanna-field\/#primaryimage"},"thumbnailUrl":"http:\/\/www.dogancuceloglu.net\/upload\/img2\/53a466814c1a0498da3cd799931bdc3f.jpg","datePublished":"2011-08-07T10:41:14+00:00","breadcrumb":{"@id":"https:\/\/narteks.net\/index.php\/2011\/08\/07\/baskalarinin-yazdiklarina-ihtiyacimiz-yoksa-kendimiz-yazmaliyiz-johanna-field\/#breadcrumb"},"inLanguage":"tr","potentialAction":[{"@type":"ReadAction","target":["https:\/\/narteks.net\/index.php\/2011\/08\/07\/baskalarinin-yazdiklarina-ihtiyacimiz-yoksa-kendimiz-yazmaliyiz-johanna-field\/"]}]},{"@type":"ImageObject","inLanguage":"tr","@id":"https:\/\/narteks.net\/index.php\/2011\/08\/07\/baskalarinin-yazdiklarina-ihtiyacimiz-yoksa-kendimiz-yazmaliyiz-johanna-field\/#primaryimage","url":"http:\/\/www.dogancuceloglu.net\/upload\/img2\/53a466814c1a0498da3cd799931bdc3f.jpg","contentUrl":"http:\/\/www.dogancuceloglu.net\/upload\/img2\/53a466814c1a0498da3cd799931bdc3f.jpg"},{"@type":"BreadcrumbList","@id":"https:\/\/narteks.net\/index.php\/2011\/08\/07\/baskalarinin-yazdiklarina-ihtiyacimiz-yoksa-kendimiz-yazmaliyiz-johanna-field\/#breadcrumb","itemListElement":[{"@type":"ListItem","position":1,"name":"Anasayfa","item":"https:\/\/narteks.net\/"},{"@type":"ListItem","position":2,"name":"Ba\u015fkalar\u0131n\u0131n yazd\u0131klar\u0131na ihtiyac\u0131m\u0131z yoksa, kendimiz yazmal\u0131y\u0131z | Johanna Field"}]},{"@type":"WebSite","@id":"https:\/\/narteks.net\/#website","url":"https:\/\/narteks.net\/","name":"narteks.net","description":"K\u00fclt\u00fcr Sanat Edebiyat Felsefe","publisher":{"@id":"https:\/\/narteks.net\/#organization"},"alternateName":"K\u00fclt\u00fcr Sanat Edebiyat Felsefe","potentialAction":[{"@type":"SearchAction","target":{"@type":"EntryPoint","urlTemplate":"https:\/\/narteks.net\/?s={search_term_string}"},"query-input":{"@type":"PropertyValueSpecification","valueRequired":true,"valueName":"search_term_string"}}],"inLanguage":"tr"},{"@type":"Organization","@id":"https:\/\/narteks.net\/#organization","name":"narteks.net","url":"https:\/\/narteks.net\/","logo":{"@type":"ImageObject","inLanguage":"tr","@id":"https:\/\/narteks.net\/#\/schema\/logo\/image\/","url":"https:\/\/narteks.net\/wp-content\/uploads\/narteks.png","contentUrl":"https:\/\/narteks.net\/wp-content\/uploads\/narteks.png","width":300,"height":90,"caption":"narteks.net"},"image":{"@id":"https:\/\/narteks.net\/#\/schema\/logo\/image\/"},"sameAs":["https:\/\/x.com\/narteks","https:\/\/instagram.com\/narteksnet"]},{"@type":"Person","@id":"https:\/\/narteks.net\/#\/schema\/person\/61f37d9834294b72d31d274e7ed79bca","name":"Tar\u0131k","image":{"@type":"ImageObject","inLanguage":"tr","@id":"https:\/\/narteks.net\/#\/schema\/person\/image\/","url":"https:\/\/secure.gravatar.com\/avatar\/50865afb55632c4ae467e0af0930f6510aa2297d8014be502a55b14f3b7550cf?s=96&d=mm&r=g","contentUrl":"https:\/\/secure.gravatar.com\/avatar\/50865afb55632c4ae467e0af0930f6510aa2297d8014be502a55b14f3b7550cf?s=96&d=mm&r=g","caption":"Tar\u0131k"},"sameAs":["http:\/\/narteks.net"],"url":"https:\/\/narteks.net\/index.php\/author\/narbak\/"}]}},"_links":{"self":[{"href":"https:\/\/narteks.net\/index.php\/wp-json\/wp\/v2\/posts\/6689","targetHints":{"allow":["GET"]}}],"collection":[{"href":"https:\/\/narteks.net\/index.php\/wp-json\/wp\/v2\/posts"}],"about":[{"href":"https:\/\/narteks.net\/index.php\/wp-json\/wp\/v2\/types\/post"}],"author":[{"embeddable":true,"href":"https:\/\/narteks.net\/index.php\/wp-json\/wp\/v2\/users\/1"}],"replies":[{"embeddable":true,"href":"https:\/\/narteks.net\/index.php\/wp-json\/wp\/v2\/comments?post=6689"}],"version-history":[{"count":0,"href":"https:\/\/narteks.net\/index.php\/wp-json\/wp\/v2\/posts\/6689\/revisions"}],"wp:attachment":[{"href":"https:\/\/narteks.net\/index.php\/wp-json\/wp\/v2\/media?parent=6689"}],"wp:term":[{"taxonomy":"category","embeddable":true,"href":"https:\/\/narteks.net\/index.php\/wp-json\/wp\/v2\/categories?post=6689"},{"taxonomy":"post_tag","embeddable":true,"href":"https:\/\/narteks.net\/index.php\/wp-json\/wp\/v2\/tags?post=6689"}],"curies":[{"name":"wp","href":"https:\/\/api.w.org\/{rel}","templated":true}]}}