{"id":6694,"date":"2011-08-17T12:32:39","date_gmt":"2011-08-17T09:32:39","guid":{"rendered":"http:\/\/localhost\/wordpress\/2011\/08\/17\/biz-kuslari-ve-yesillikleri-cok-gorduk-sizin-icin-kotu-olacak-benden-hikayesi-sfabasiyanik\/"},"modified":"2011-08-17T12:32:39","modified_gmt":"2011-08-17T09:32:39","slug":"biz-kuslari-ve-yesillikleri-cok-gorduk-sizin-icin-kotu-olacak-benden-hikayesi-sfabasiyanik","status":"publish","type":"post","link":"https:\/\/narteks.net\/index.php\/2011\/08\/17\/biz-kuslari-ve-yesillikleri-cok-gorduk-sizin-icin-kotu-olacak-benden-hikayesi-sfabasiyanik\/","title":{"rendered":"Biz ku\u015flar\u0131 ve ye\u015fillikleri \u00e7ok g\u00f6rd\u00fck. Sizin i\u00e7in k\u00f6t\u00fc olacak. Benden hikayesi | S.F.Abas\u0131yan\u0131k"},"content":{"rendered":"<p style=\"text-align: justify;\"><img loading=\"lazy\" decoding=\"async\" src=\"images\/stories\/saitfaikabasyanik.jpg\" border=\"0\" width=\"155\" height=\"205\" style=\"float: left;\" \/>K\u0131\u015f, Ada\u2019n\u0131n bir taraf\u0131nda yerle\u015febilmek i\u00e7in r\u00fczg\u00e2rlar\u0131n\u0131 poyraz, y\u0131ld\u0131z poyraz, maestro, dramudana, g\u00fcndo\u011fusu, bat\u0131 karayel, karayel halinde seferber etti\u011fi zaman; \u00f6teki yakada yaz, daha p\u0131l\u0131s\u0131n\u0131 p\u0131rt\u0131s\u0131n\u0131 toplamam\u0131\u015f, bir kenara olduk\u00e7a mahzun bir g\u00f6\u00e7men gibi oturmu\u015ftur. Gitmekle gitmemek aras\u0131nda sallan\u0131r bir halde, elinde bir pasaport, \u00e7\u0131k\u0131n\u0131nda \u00fc\u00e7 be\u015f alt\u0131n, bekleyen bu g\u00fczel y\u00fczl\u00fc g\u00f6\u00e7men tazeyi benden ba\u015fka bu Ada\u2019da seven hemen hi\u00e7 kimse yoktur, diyebilirim. \u2013\u00d6v\u00fcnmek i\u00e7in de\u011fil!\u2013<\/p>\n<p style=\"text-align: justify;\">Herkesin yeni ba\u015flayacak olan alt\u0131 yedi ayl\u0131k so\u011fuk hayata kendini \u015fimdiden al\u0131\u015ft\u0131rmak ve haz\u0131rlamak i\u00e7in bir \u015feyler yapmaya \u00e7al\u0131\u015ft\u0131\u011f\u0131 \u00f6yle g\u00fcnlerde ben, tembelli\u011fim, hep ka\u00e7an\u0131 kovalayan huyumla, yaz\u0131n, o g\u00fczel g\u00f6\u00e7menin pe\u015fine d\u00fc\u015fm\u00fc\u015f\u00fcmd\u00fcr. Nerede yakalarsam orada kucaklar\u0131m onu. Kimi bir \u00e7am\u0131n g\u00f6lgesinde durgun ve g\u00fcne\u015fsizdir. Kimi bir \u00e7al\u0131l\u0131\u011f\u0131n kenar\u0131ndaki \u00e7imenlikte b\u00fct\u00fcn eski ihti\u015fam\u0131yla daha yeni ba\u015flam\u0131\u015ft\u0131r.<br \/>Yaz\u0131n daha par\u00e7a par\u00e7a, lime lime, boh\u00e7a boh\u00e7a e\u015fyalar\u0131yla gitmek i\u00e7in fazla tela\u015f etmedi\u011fi Ada\u2019n\u0131n bu yakas\u0131nda, hi\u00e7bir ev yoktur. Yaln\u0131z bir tek k\u0131r kahvesi vard\u0131r.<\/p>\n<p style=\"text-align: justify;\">Bir k\u00fc\u00e7\u00fck koyun hemen be\u015f on metre yukar\u0131s\u0131nda, bir apartman teras\u0131 kadar ufak bu k\u0131r kahvesinin tahta masalar\u0131 \u00fcst\u00fcnde h\u00e2l\u00e2 kar\u0131ncalar gezer, h\u00e2l\u00e2 sinekler kahve fincan\u0131n\u0131n etraf\u0131na konarlar. B\u00fct\u00fcn sesler kesilmi\u015ftir. Kimi g\u00f6ky\u00fcz\u00fcnden bir u\u00e7ak homurtusu gelir. \u0130\u00e7indeki, \u015fimdi Ye\u015filk\u00f6y\u2019e inecek yolcular\u0131 d\u00fc\u015f\u00fcnd\u00fc\u011f\u00fcm, yaln\u0131z bu yaz\u0131y\u0131 yazarken oldu. Ondan evvel de u\u00e7aklar ge\u00e7mi\u015fti. Ama hi\u00e7, i\u00e7indeki yolcular\u0131n Ye\u015filk\u00f6y\u2019e neredeyse ineceklerini, daha \u015fu iki sat\u0131r\u0131n sonunda inmi\u015f bile olduklar\u0131n\u0131 d\u00fc\u015f\u00fcnmemi\u015ftim.<\/p>\n<p style=\"text-align: justify;\">Kahvecinin kendisi sevimsiz bir adamd\u0131r. Kahveciden \u00e7ok, ters bir devlet memuru h\u00fcviyeti ta\u015f\u0131r. Hastal\u0131kl\u0131 olmasa, doktorlar fazla yorulmamas\u0131n\u0131 sal\u0131k vermemi\u015f olsalar, d\u00fcnyada kahveci olmazd\u0131. Tersine, ben b\u00fct\u00fcn \u00f6mr\u00fcmce iyi bir kahve bulamad\u0131\u011f\u0131m i\u00e7in kahveci olamam\u0131\u015f\u0131md\u0131r. Bir k\u0131r kahvesi, bir k\u00f6y\u00fcn kahvesinin \u00fc\u00e7 be\u015f gediklisi&#8230; Bundan g\u00fczel bir \u00f6m\u00fcr m\u00fc olur, elli altm\u0131\u015f senelik ya\u015fama bundan g\u00fczel ba\u015flar ve biter mi?<br \/>A\u011fa\u00e7tan a\u011faca serilmi\u015f beyaz \u00e7ama\u015f\u0131rlar bu kadar durgun, g\u00fcne\u015fsiz, \u0131slak bir \u015fekilde \u0131l\u0131k havada hi\u00e7 kurumayacaklar. Bu kedi, tahta masan\u0131n \u00fcst\u00fcne \u00e7\u0131km\u0131\u015f, k\u00f6pe\u011fime durmadan homurdanacak m\u0131? Sandalyenin \u00fcst\u00fcndeki vi\u015fne\u00e7\u00fcr\u00fc\u011f\u00fc rengindeki delik \u00e7oraplar&#8230; Asman\u0131n yapraklar\u0131 daha yemye\u015fil. Bizim bah\u00e7edeki kurudu bile.<\/p>\n<p style=\"text-align: justify;\">Deniz, Bozburun\u2019a do\u011fru ba\u015f\u0131n\u0131 alm\u0131\u015f gidiyor. Uzaklarda g\u00f6r\u00fcnen, \u0130stanbul\u2019un neresi kim bilir? Sesler neden gelmiyor?<br \/>Bir ba\u015fka u\u00e7a\u011f\u0131n sesi gelmeye ba\u015flad\u0131. Bizim Ada, u\u00e7aklar\u0131n, \u00fcst\u00fcnden ge\u00e7tikleri bir yol g\u00fczerg\u00e2h\u0131 olmal\u0131 ki, hep ya \u00fcst\u00fcmden ya da solumdan ge\u00e7ip gidiyorlar. Kedi sustu. K\u00f6pe\u011fim g\u00f6z\u00fcn\u00fc kapad\u0131. Karga sesleri geliyor \u015fimdi de.<\/p>\n<p>&#8230; Vaktiyle, bu adaya bu zamanda ku\u015flar u\u011frarlard\u0131. C\u0131v\u0131l c\u0131v\u0131l \u00f6terlerdi. K\u00fcme k\u00fcme, bir a\u011fa\u00e7tan \u00f6tekine konarlard\u0131.\u0130ki senedir gelmiyorlar. Sonbahara do\u011fru, birtak\u0131m insanlar\u0131n \u00e7oluk\u00e7ocuk, ellerinde bir kafes adan\u0131n tek tepesine do\u011fru gittiklerini g\u00f6r\u00fcrd\u00fcm. \u0130\u00e7im c\u0131z ederdi. B\u00fcy\u00fcklerin ellerinde, birbirine yap\u0131\u015fm\u0131\u015f pislik renginde acayip \u00e7omaklar vard\u0131.<\/p>\n<p style=\"text-align: justify;\">Bunlarla bir ye\u015fil meydan\u0131n kenar\u0131na var\u0131r, bunlar\u0131 bir a\u011fac\u0131n alt\u0131na \u00e7\u0131\u011f\u0131rtkan kafesiyle b\u0131rak\u0131rlar, a\u011fac\u0131n her dal\u0131na \u00f6kseleri ba\u011flarlard\u0131. H\u00fcr ku\u015flar, kafesteki \u00e7\u0131\u011f\u0131rtkan ku\u015flar\u0131n feryad\u0131na, dostluk, arkada\u015fl\u0131k, yaln\u0131zl\u0131k sesine do\u011fru bir k\u00fcme halinde gelirlerdi. \u00c7ay\u0131rl\u0131kta bir ba\u015fka a\u011fac\u0131n g\u00f6lgesinde birikmi\u015f \u00e7oluklu\u00e7ocuklu kocaman herifler, bir m\u00fcddet bekle\u015firler. Sonra ku\u015flar\u0131n \u00fc\u015f\u00fc\u015ft\u00fc\u011f\u00fc a\u011faca do\u011fru yava\u015f yava\u015f y\u00fcr\u00fcrlerdi. \u00d6kselerden kurtulmu\u015f d\u00f6rtbe\u015f ku\u015f bir ba\u015fka \u00f6kseye do\u011fru u\u00e7up giderken, birer damlac\u0131k etleriyle birer tabiat harikas\u0131 olan ku\u015flar\u0131 toplarlar, hemen di\u015fleriyle orac\u0131kt\u0131 bo\u011farlard\u0131. Ve hemen canl\u0131 canl\u0131 yolarlard\u0131.<\/p>\n<p style=\"text-align: justify;\">Hele bir tanesi vard\u0131, bir tanesi. \u00c7ocuklar\u0131 bu i\u015fe seferber eden de oydu. \u00d6kseleri cumartesi gecesinden haz\u0131rlayan da. Konstantin isminde bir herifti. Galata&#8217;ta bir yaz\u0131hanesi vard\u0131.Zahire t\u00fcccar\u0131yd\u0131. Kal\u0131n, t\u00fcyl\u00fc bilekleri, geni\u015f g\u00f6\u011fs\u00fc, delikleri kapan\u0131p a\u00e7\u0131lan \u00fcst\u00fc kara kara benekli bir burnu, deriyi y\u0131rtm\u0131\u015f da f\u0131rlam\u0131\u015f gibi sa\u00e7lar\u0131, k\u0131sa k\u0131sa bir y\u00fcr\u00fcmesi, kal\u0131n kal\u0131n bir g\u00fclmesi&#8230;<br \/>O esmerle sar\u0131\u015f\u0131n aras\u0131 iskete ku\u015flar\u0131n\u0131n bir damlac\u0131k etlerinden yapaca\u011f\u0131 pilav\u0131n hazz\u0131yla, p\u0131r\u0131l p\u0131r\u0131l yanan krom di\u015fleriyle nas\u0131l nas\u0131l kopart\u0131rd\u0131 ku\u015flar\u0131n \u00fcm\u00fc\u011f\u00fcn\u00fc bir g\u00f6rseniz.<\/p>\n<p style=\"text-align: justify;\">&#8230; Konstantin Efendi, o ku\u015flar\u0131n \u00e7ok uzaktan ge\u00e7tiklerini g\u00f6rebilirdi. G\u00f6zlerini k\u0131sard\u0131. Esmer lekelerin adalar istikametinde gittiklerini g\u00f6r\u00fcr, etraf\u0131na bakar, bir tan\u0131d\u0131k g\u00f6recek olsa g\u00f6z\u00fcn\u00fc k\u0131rpar, g\u00f6ky\u00fcz\u00fcne bir i\u015faret \u00e7akar: &#8220;Bizim pilavl\u0131klar geldi&#8221; derdi. Ku\u015flar pek yak\u0131ndan ge\u00e7mi\u015fse, seslerini taklit ederek, kal\u0131n dudaklar\u0131yla di\u015flerinin aras\u0131ndan seslenirdi. Ku\u015flar\u0131n \u00e7o\u011funlukla aldand\u0131klar\u0131na, bu sesi duyarak dost sesi san\u0131p vapur etraf\u0131nda bir d\u00f6n\u00fcp uzakla\u015ft\u0131klar\u0131na \u015fahit olmu\u015fumdur.<\/p>\n<p style=\"text-align: justify;\">Havalar sertle\u015fir, poyrazlar, lodoslar birbirini kovalar, g\u00fcn\u00fcn birinde, te\u015frin&#8217;lerin sonlar\u0131na do\u011fru \u0131l\u0131k, hi\u00e7 r\u00fczgars\u0131z, par\u00e7a par\u00e7a oynamayan bulutlu, tatl\u0131, s\u00fcmb\u00fcli g\u00fcnlerde, o, en \u00e7\u0131\u011f\u0131rtkan kafes ku\u015funu nereden bulur bulur, mahalle \u00e7ocuklar\u0131n\u0131 \u00e7a\u011f\u0131rt\u0131r, isketeleri, floryalar\u0131, aralar\u0131na kar\u0131\u015fm\u0131\u015f ser\u00e7eleri g\u00f6ky\u00fcz\u00fcnden birer birer toplard\u0131.<\/p>\n<p style=\"text-align: justify;\">Seneler var ki ku\u015flar gelmiyor. &#8230; Ku\u015flardan sonra \u015fimdi de milletin ye\u015filli\u011fine musallat olanlar. Ge\u00e7en g\u00fcn, yol kenarlar\u0131ndaki ye\u015filliklere basmaya k\u0131yamayarak, yola \u00e7\u0131km\u0131\u015ft\u0131m. Konstantin Efendi&#8217;nin g\u00fcnlerinden bir g\u00fcnd\u00fc. Ama g\u00f6kte hi\u00e7 ku\u015f g\u00f6z\u00fckm\u00fcyordu.<\/p>\n<p style=\"text-align: justify;\">Ku\u015flar \u015fimdi yoktu havada ama ye\u015fillikler vard\u0131 ya. Bakt\u0131m. Bu ye\u015filliklerin baz\u0131 yerleri s\u00f6k\u00fclm\u00fc\u015f. Biraz ileride d\u00f6rt \u00e7ocu\u011fa rastlad\u0131m. Y\u00fcr\u00fcyorlar. Ye\u015filliklerin en g\u00fczel yerlerinde duruyor, bir kald\u0131r\u0131m ta\u015f\u0131 kadar b\u00fcy\u00fck bir par\u00e7ay\u0131 al\u0131p s\u00f6k\u00fcyorlar, bir \u00e7uvala dolduruyorlard\u0131.<\/p>\n<p style=\"text-align: justify;\">&#8220;Ne yap\u0131yorsunuz?&#8221; dedim.<br \/>&#8220;Sana ne?&#8221; dediler.<br \/>Fukara, \u00fcstleri y\u0131rt\u0131k p\u0131rt\u0131k yavrulard\u0131.<br \/>&#8220;Can\u0131m neden s\u00f6k\u00fcyorsunuz?&#8221; dedim.<br \/>&#8211; M\u00fchendis Ahmet Bey s\u00f6kt\u00fcr\u00fcyor.<br \/>&#8211; Ne yapacak bunlar\u0131?<br \/>&#8211; Yukar\u0131da deri t\u00fcccar\u0131 Hollandal\u0131 var ya hani, onun bah\u00e7esini d\u00fczeltiyorlar da.<br \/>&#8211; \u0130ngiliz \u00e7imi als\u0131n, eksin, madem ki herif zengin.<br \/>&#8211; \u0130ngiliz \u00e7imiyle bu bir mi?<br \/>&#8211; Bu daha m\u0131 iyi?<br \/>&#8211; \u0130yi de laf m\u0131? Bunun \u00fcst\u00fcne \u00e7imen olur mu? Hollandal\u0131 \u00f6yle demi\u015f.<\/p>\n<p style=\"text-align: justify;\">Karakola ko\u015ftum. Polislere haber verdim. G\u00fcya men ettiler. Gizli gizli, yine \u00e7imenler yer yer s\u00f6k\u00fcld\u00fc. M\u00fchendis Ahmet Bey&#8217;e, ceza bile kesilmedi. Belediye talimatnamesinde, yol kenarlar\u0131ndaki \u00e7imenleri s\u00f6kmek cezay\u0131 mucip olmuyormu\u015f.<br \/>Ku\u015flar\u0131 bo\u011fdular, \u00e7imenleri kestiler, yollar \u00e7amur i\u00e7inde kald\u0131.<\/p>\n<p>\u201c&#8230;D\u00fcnya de\u011fi\u015fiyor dostlar\u0131m. G\u00fcn\u00fcn birinde g\u00f6ky\u00fcz\u00fcnde, g\u00fcz mevsiminde art\u0131k esmer lekeler g\u00f6remeyeceksiniz. G\u00fcn\u00fcn birinde yol kenarlar\u0131nda, toprak anam\u0131z\u0131n koyu ye\u015fil sa\u00e7lar\u0131n\u0131 da g\u00f6remeyeceksiniz. Bizim i\u00e7in de\u011fil ama, \u00e7ocuklar, sizin i\u00e7in k\u00f6t\u00fc olacak. Biz ku\u015flar\u0131 ve ye\u015fillikleri \u00e7ok g\u00f6rd\u00fck. Sizin i\u00e7in k\u00f6t\u00fc olacak. Benden hik\u00e2yesi.\u201d<\/p>\n<p style=\"text-align: justify;\">\u00a0<\/p>\n<p style=\"text-align: justify;\">Son Ku\u015flar&#8217;dan Bir B\u00f6l\u00fcm | Sait Faik Abas\u0131yan\u0131k<\/p>\n","protected":false},"excerpt":{"rendered":"<p>K\u0131\u015f, Ada\u2019n\u0131n bir taraf\u0131nda yerle\u015febilmek i\u00e7in r\u00fczg\u00e2rlar\u0131n\u0131 poyraz, y\u0131ld\u0131z poyraz, maestro, dramudana, g\u00fcndo\u011fusu, bat\u0131 karayel, karayel halinde seferber etti\u011fi zaman; \u00f6teki yakada yaz, daha p\u0131l\u0131s\u0131n\u0131 p\u0131rt\u0131s\u0131n\u0131 toplamam\u0131\u015f, bir kenara olduk\u00e7a mahzun bir g\u00f6\u00e7men gibi oturmu\u015ftur. Gitmekle gitmemek aras\u0131nda sallan\u0131r bir halde, elinde bir pasaport, \u00e7\u0131k\u0131n\u0131nda \u00fc\u00e7 be\u015f alt\u0131n, bekleyen bu g\u00fczel y\u00fczl\u00fc g\u00f6\u00e7men tazeyi benden [&hellip;]<\/p>\n","protected":false},"author":1,"featured_media":0,"comment_status":"open","ping_status":"open","sticky":false,"template":"","format":"standard","meta":{"footnotes":""},"categories":[137],"tags":[],"class_list":{"0":"post-6694","1":"post","2":"type-post","3":"status-publish","4":"format-standard","6":"category-edebiyat-turkiye"},"yoast_head":"<!-- This site is optimized with the Yoast SEO Premium plugin v24.9 (Yoast SEO v24.9) - https:\/\/yoast.com\/wordpress\/plugins\/seo\/ -->\n<title>Biz ku\u015flar\u0131 ve ye\u015fillikleri \u00e7ok g\u00f6rd\u00fck. Sizin i\u00e7in k\u00f6t\u00fc olacak. Benden hikayesi | S.F.Abas\u0131yan\u0131k - narteks.net<\/title>\n<meta name=\"robots\" content=\"index, follow, max-snippet:-1, max-image-preview:large, max-video-preview:-1\" \/>\n<link rel=\"canonical\" href=\"https:\/\/narteks.net\/index.php\/2011\/08\/17\/biz-kuslari-ve-yesillikleri-cok-gorduk-sizin-icin-kotu-olacak-benden-hikayesi-sfabasiyanik\/\" \/>\n<meta property=\"og:locale\" content=\"tr_TR\" \/>\n<meta property=\"og:type\" content=\"article\" \/>\n<meta property=\"og:title\" content=\"Biz ku\u015flar\u0131 ve ye\u015fillikleri \u00e7ok g\u00f6rd\u00fck. Sizin i\u00e7in k\u00f6t\u00fc olacak. Benden hikayesi | S.F.Abas\u0131yan\u0131k\" \/>\n<meta property=\"og:description\" content=\"K\u0131\u015f, Ada\u2019n\u0131n bir taraf\u0131nda yerle\u015febilmek i\u00e7in r\u00fczg\u00e2rlar\u0131n\u0131 poyraz, y\u0131ld\u0131z poyraz, maestro, dramudana, g\u00fcndo\u011fusu, bat\u0131 karayel, karayel halinde seferber etti\u011fi zaman; \u00f6teki yakada yaz, daha p\u0131l\u0131s\u0131n\u0131 p\u0131rt\u0131s\u0131n\u0131 toplamam\u0131\u015f, bir kenara olduk\u00e7a mahzun bir g\u00f6\u00e7men gibi oturmu\u015ftur. Gitmekle gitmemek aras\u0131nda sallan\u0131r bir halde, elinde bir pasaport, \u00e7\u0131k\u0131n\u0131nda \u00fc\u00e7 be\u015f alt\u0131n, bekleyen bu g\u00fczel y\u00fczl\u00fc g\u00f6\u00e7men tazeyi benden [&hellip;]\" \/>\n<meta property=\"og:url\" content=\"https:\/\/narteks.net\/index.php\/2011\/08\/17\/biz-kuslari-ve-yesillikleri-cok-gorduk-sizin-icin-kotu-olacak-benden-hikayesi-sfabasiyanik\/\" \/>\n<meta property=\"og:site_name\" content=\"narteks.net\" \/>\n<meta property=\"article:published_time\" content=\"2011-08-17T09:32:39+00:00\" \/>\n<meta property=\"og:image\" content=\"https:\/\/narteks.net\/wp-content\/uploads\/narteks.png\" \/>\n\t<meta property=\"og:image:width\" content=\"300\" \/>\n\t<meta property=\"og:image:height\" content=\"90\" \/>\n\t<meta property=\"og:image:type\" content=\"image\/png\" \/>\n<meta name=\"author\" content=\"Tar\u0131k\" \/>\n<meta name=\"twitter:card\" content=\"summary_large_image\" \/>\n<meta name=\"twitter:creator\" content=\"@narteks\" \/>\n<meta name=\"twitter:site\" content=\"@narteks\" \/>\n<meta name=\"twitter:label1\" content=\"Yazan:\" \/>\n\t<meta name=\"twitter:data1\" content=\"Tar\u0131k\" \/>\n\t<meta name=\"twitter:label2\" content=\"Tahmini okuma s\u00fcresi\" \/>\n\t<meta name=\"twitter:data2\" content=\"7 dakika\" \/>\n<script type=\"application\/ld+json\" class=\"yoast-schema-graph\">{\"@context\":\"https:\/\/schema.org\",\"@graph\":[{\"@type\":\"Article\",\"@id\":\"https:\/\/narteks.net\/index.php\/2011\/08\/17\/biz-kuslari-ve-yesillikleri-cok-gorduk-sizin-icin-kotu-olacak-benden-hikayesi-sfabasiyanik\/#article\",\"isPartOf\":{\"@id\":\"https:\/\/narteks.net\/index.php\/2011\/08\/17\/biz-kuslari-ve-yesillikleri-cok-gorduk-sizin-icin-kotu-olacak-benden-hikayesi-sfabasiyanik\/\"},\"author\":{\"name\":\"Tar\u0131k\",\"@id\":\"https:\/\/narteks.net\/#\/schema\/person\/61f37d9834294b72d31d274e7ed79bca\"},\"headline\":\"Biz ku\u015flar\u0131 ve ye\u015fillikleri \u00e7ok g\u00f6rd\u00fck. Sizin i\u00e7in k\u00f6t\u00fc olacak. Benden hikayesi | S.F.Abas\u0131yan\u0131k\",\"datePublished\":\"2011-08-17T09:32:39+00:00\",\"mainEntityOfPage\":{\"@id\":\"https:\/\/narteks.net\/index.php\/2011\/08\/17\/biz-kuslari-ve-yesillikleri-cok-gorduk-sizin-icin-kotu-olacak-benden-hikayesi-sfabasiyanik\/\"},\"wordCount\":1383,\"commentCount\":0,\"publisher\":{\"@id\":\"https:\/\/narteks.net\/#organization\"},\"articleSection\":[\"Edebiyat ( T\u00fcrkiye )\"],\"inLanguage\":\"tr\",\"potentialAction\":[{\"@type\":\"CommentAction\",\"name\":\"Comment\",\"target\":[\"https:\/\/narteks.net\/index.php\/2011\/08\/17\/biz-kuslari-ve-yesillikleri-cok-gorduk-sizin-icin-kotu-olacak-benden-hikayesi-sfabasiyanik\/#respond\"]}]},{\"@type\":\"WebPage\",\"@id\":\"https:\/\/narteks.net\/index.php\/2011\/08\/17\/biz-kuslari-ve-yesillikleri-cok-gorduk-sizin-icin-kotu-olacak-benden-hikayesi-sfabasiyanik\/\",\"url\":\"https:\/\/narteks.net\/index.php\/2011\/08\/17\/biz-kuslari-ve-yesillikleri-cok-gorduk-sizin-icin-kotu-olacak-benden-hikayesi-sfabasiyanik\/\",\"name\":\"Biz ku\u015flar\u0131 ve ye\u015fillikleri \u00e7ok g\u00f6rd\u00fck. Sizin i\u00e7in k\u00f6t\u00fc olacak. Benden hikayesi | S.F.Abas\u0131yan\u0131k - narteks.net\",\"isPartOf\":{\"@id\":\"https:\/\/narteks.net\/#website\"},\"datePublished\":\"2011-08-17T09:32:39+00:00\",\"breadcrumb\":{\"@id\":\"https:\/\/narteks.net\/index.php\/2011\/08\/17\/biz-kuslari-ve-yesillikleri-cok-gorduk-sizin-icin-kotu-olacak-benden-hikayesi-sfabasiyanik\/#breadcrumb\"},\"inLanguage\":\"tr\",\"potentialAction\":[{\"@type\":\"ReadAction\",\"target\":[\"https:\/\/narteks.net\/index.php\/2011\/08\/17\/biz-kuslari-ve-yesillikleri-cok-gorduk-sizin-icin-kotu-olacak-benden-hikayesi-sfabasiyanik\/\"]}]},{\"@type\":\"BreadcrumbList\",\"@id\":\"https:\/\/narteks.net\/index.php\/2011\/08\/17\/biz-kuslari-ve-yesillikleri-cok-gorduk-sizin-icin-kotu-olacak-benden-hikayesi-sfabasiyanik\/#breadcrumb\",\"itemListElement\":[{\"@type\":\"ListItem\",\"position\":1,\"name\":\"Anasayfa\",\"item\":\"https:\/\/narteks.net\/\"},{\"@type\":\"ListItem\",\"position\":2,\"name\":\"Biz ku\u015flar\u0131 ve ye\u015fillikleri \u00e7ok g\u00f6rd\u00fck. Sizin i\u00e7in k\u00f6t\u00fc olacak. Benden hikayesi | S.F.Abas\u0131yan\u0131k\"}]},{\"@type\":\"WebSite\",\"@id\":\"https:\/\/narteks.net\/#website\",\"url\":\"https:\/\/narteks.net\/\",\"name\":\"narteks.net\",\"description\":\"K\u00fclt\u00fcr Sanat Edebiyat Felsefe\",\"publisher\":{\"@id\":\"https:\/\/narteks.net\/#organization\"},\"alternateName\":\"K\u00fclt\u00fcr Sanat Edebiyat Felsefe\",\"potentialAction\":[{\"@type\":\"SearchAction\",\"target\":{\"@type\":\"EntryPoint\",\"urlTemplate\":\"https:\/\/narteks.net\/?s={search_term_string}\"},\"query-input\":{\"@type\":\"PropertyValueSpecification\",\"valueRequired\":true,\"valueName\":\"search_term_string\"}}],\"inLanguage\":\"tr\"},{\"@type\":\"Organization\",\"@id\":\"https:\/\/narteks.net\/#organization\",\"name\":\"narteks.net\",\"url\":\"https:\/\/narteks.net\/\",\"logo\":{\"@type\":\"ImageObject\",\"inLanguage\":\"tr\",\"@id\":\"https:\/\/narteks.net\/#\/schema\/logo\/image\/\",\"url\":\"https:\/\/narteks.net\/wp-content\/uploads\/narteks.png\",\"contentUrl\":\"https:\/\/narteks.net\/wp-content\/uploads\/narteks.png\",\"width\":300,\"height\":90,\"caption\":\"narteks.net\"},\"image\":{\"@id\":\"https:\/\/narteks.net\/#\/schema\/logo\/image\/\"},\"sameAs\":[\"https:\/\/x.com\/narteks\",\"https:\/\/instagram.com\/narteksnet\"]},{\"@type\":\"Person\",\"@id\":\"https:\/\/narteks.net\/#\/schema\/person\/61f37d9834294b72d31d274e7ed79bca\",\"name\":\"Tar\u0131k\",\"image\":{\"@type\":\"ImageObject\",\"inLanguage\":\"tr\",\"@id\":\"https:\/\/narteks.net\/#\/schema\/person\/image\/\",\"url\":\"https:\/\/secure.gravatar.com\/avatar\/50865afb55632c4ae467e0af0930f6510aa2297d8014be502a55b14f3b7550cf?s=96&d=mm&r=g\",\"contentUrl\":\"https:\/\/secure.gravatar.com\/avatar\/50865afb55632c4ae467e0af0930f6510aa2297d8014be502a55b14f3b7550cf?s=96&d=mm&r=g\",\"caption\":\"Tar\u0131k\"},\"sameAs\":[\"http:\/\/narteks.net\"],\"url\":\"https:\/\/narteks.net\/index.php\/author\/narbak\/\"}]}<\/script>\n<!-- \/ Yoast SEO Premium plugin. -->","yoast_head_json":{"title":"Biz ku\u015flar\u0131 ve ye\u015fillikleri \u00e7ok g\u00f6rd\u00fck. Sizin i\u00e7in k\u00f6t\u00fc olacak. Benden hikayesi | S.F.Abas\u0131yan\u0131k - narteks.net","robots":{"index":"index","follow":"follow","max-snippet":"max-snippet:-1","max-image-preview":"max-image-preview:large","max-video-preview":"max-video-preview:-1"},"canonical":"https:\/\/narteks.net\/index.php\/2011\/08\/17\/biz-kuslari-ve-yesillikleri-cok-gorduk-sizin-icin-kotu-olacak-benden-hikayesi-sfabasiyanik\/","og_locale":"tr_TR","og_type":"article","og_title":"Biz ku\u015flar\u0131 ve ye\u015fillikleri \u00e7ok g\u00f6rd\u00fck. Sizin i\u00e7in k\u00f6t\u00fc olacak. Benden hikayesi | S.F.Abas\u0131yan\u0131k","og_description":"K\u0131\u015f, Ada\u2019n\u0131n bir taraf\u0131nda yerle\u015febilmek i\u00e7in r\u00fczg\u00e2rlar\u0131n\u0131 poyraz, y\u0131ld\u0131z poyraz, maestro, dramudana, g\u00fcndo\u011fusu, bat\u0131 karayel, karayel halinde seferber etti\u011fi zaman; \u00f6teki yakada yaz, daha p\u0131l\u0131s\u0131n\u0131 p\u0131rt\u0131s\u0131n\u0131 toplamam\u0131\u015f, bir kenara olduk\u00e7a mahzun bir g\u00f6\u00e7men gibi oturmu\u015ftur. Gitmekle gitmemek aras\u0131nda sallan\u0131r bir halde, elinde bir pasaport, \u00e7\u0131k\u0131n\u0131nda \u00fc\u00e7 be\u015f alt\u0131n, bekleyen bu g\u00fczel y\u00fczl\u00fc g\u00f6\u00e7men tazeyi benden [&hellip;]","og_url":"https:\/\/narteks.net\/index.php\/2011\/08\/17\/biz-kuslari-ve-yesillikleri-cok-gorduk-sizin-icin-kotu-olacak-benden-hikayesi-sfabasiyanik\/","og_site_name":"narteks.net","article_published_time":"2011-08-17T09:32:39+00:00","og_image":[{"width":300,"height":90,"url":"https:\/\/narteks.net\/wp-content\/uploads\/narteks.png","type":"image\/png"}],"author":"Tar\u0131k","twitter_card":"summary_large_image","twitter_creator":"@narteks","twitter_site":"@narteks","twitter_misc":{"Yazan:":"Tar\u0131k","Tahmini okuma s\u00fcresi":"7 dakika"},"schema":{"@context":"https:\/\/schema.org","@graph":[{"@type":"Article","@id":"https:\/\/narteks.net\/index.php\/2011\/08\/17\/biz-kuslari-ve-yesillikleri-cok-gorduk-sizin-icin-kotu-olacak-benden-hikayesi-sfabasiyanik\/#article","isPartOf":{"@id":"https:\/\/narteks.net\/index.php\/2011\/08\/17\/biz-kuslari-ve-yesillikleri-cok-gorduk-sizin-icin-kotu-olacak-benden-hikayesi-sfabasiyanik\/"},"author":{"name":"Tar\u0131k","@id":"https:\/\/narteks.net\/#\/schema\/person\/61f37d9834294b72d31d274e7ed79bca"},"headline":"Biz ku\u015flar\u0131 ve ye\u015fillikleri \u00e7ok g\u00f6rd\u00fck. Sizin i\u00e7in k\u00f6t\u00fc olacak. Benden hikayesi | S.F.Abas\u0131yan\u0131k","datePublished":"2011-08-17T09:32:39+00:00","mainEntityOfPage":{"@id":"https:\/\/narteks.net\/index.php\/2011\/08\/17\/biz-kuslari-ve-yesillikleri-cok-gorduk-sizin-icin-kotu-olacak-benden-hikayesi-sfabasiyanik\/"},"wordCount":1383,"commentCount":0,"publisher":{"@id":"https:\/\/narteks.net\/#organization"},"articleSection":["Edebiyat ( T\u00fcrkiye )"],"inLanguage":"tr","potentialAction":[{"@type":"CommentAction","name":"Comment","target":["https:\/\/narteks.net\/index.php\/2011\/08\/17\/biz-kuslari-ve-yesillikleri-cok-gorduk-sizin-icin-kotu-olacak-benden-hikayesi-sfabasiyanik\/#respond"]}]},{"@type":"WebPage","@id":"https:\/\/narteks.net\/index.php\/2011\/08\/17\/biz-kuslari-ve-yesillikleri-cok-gorduk-sizin-icin-kotu-olacak-benden-hikayesi-sfabasiyanik\/","url":"https:\/\/narteks.net\/index.php\/2011\/08\/17\/biz-kuslari-ve-yesillikleri-cok-gorduk-sizin-icin-kotu-olacak-benden-hikayesi-sfabasiyanik\/","name":"Biz ku\u015flar\u0131 ve ye\u015fillikleri \u00e7ok g\u00f6rd\u00fck. Sizin i\u00e7in k\u00f6t\u00fc olacak. Benden hikayesi | S.F.Abas\u0131yan\u0131k - narteks.net","isPartOf":{"@id":"https:\/\/narteks.net\/#website"},"datePublished":"2011-08-17T09:32:39+00:00","breadcrumb":{"@id":"https:\/\/narteks.net\/index.php\/2011\/08\/17\/biz-kuslari-ve-yesillikleri-cok-gorduk-sizin-icin-kotu-olacak-benden-hikayesi-sfabasiyanik\/#breadcrumb"},"inLanguage":"tr","potentialAction":[{"@type":"ReadAction","target":["https:\/\/narteks.net\/index.php\/2011\/08\/17\/biz-kuslari-ve-yesillikleri-cok-gorduk-sizin-icin-kotu-olacak-benden-hikayesi-sfabasiyanik\/"]}]},{"@type":"BreadcrumbList","@id":"https:\/\/narteks.net\/index.php\/2011\/08\/17\/biz-kuslari-ve-yesillikleri-cok-gorduk-sizin-icin-kotu-olacak-benden-hikayesi-sfabasiyanik\/#breadcrumb","itemListElement":[{"@type":"ListItem","position":1,"name":"Anasayfa","item":"https:\/\/narteks.net\/"},{"@type":"ListItem","position":2,"name":"Biz ku\u015flar\u0131 ve ye\u015fillikleri \u00e7ok g\u00f6rd\u00fck. Sizin i\u00e7in k\u00f6t\u00fc olacak. Benden hikayesi | S.F.Abas\u0131yan\u0131k"}]},{"@type":"WebSite","@id":"https:\/\/narteks.net\/#website","url":"https:\/\/narteks.net\/","name":"narteks.net","description":"K\u00fclt\u00fcr Sanat Edebiyat Felsefe","publisher":{"@id":"https:\/\/narteks.net\/#organization"},"alternateName":"K\u00fclt\u00fcr Sanat Edebiyat Felsefe","potentialAction":[{"@type":"SearchAction","target":{"@type":"EntryPoint","urlTemplate":"https:\/\/narteks.net\/?s={search_term_string}"},"query-input":{"@type":"PropertyValueSpecification","valueRequired":true,"valueName":"search_term_string"}}],"inLanguage":"tr"},{"@type":"Organization","@id":"https:\/\/narteks.net\/#organization","name":"narteks.net","url":"https:\/\/narteks.net\/","logo":{"@type":"ImageObject","inLanguage":"tr","@id":"https:\/\/narteks.net\/#\/schema\/logo\/image\/","url":"https:\/\/narteks.net\/wp-content\/uploads\/narteks.png","contentUrl":"https:\/\/narteks.net\/wp-content\/uploads\/narteks.png","width":300,"height":90,"caption":"narteks.net"},"image":{"@id":"https:\/\/narteks.net\/#\/schema\/logo\/image\/"},"sameAs":["https:\/\/x.com\/narteks","https:\/\/instagram.com\/narteksnet"]},{"@type":"Person","@id":"https:\/\/narteks.net\/#\/schema\/person\/61f37d9834294b72d31d274e7ed79bca","name":"Tar\u0131k","image":{"@type":"ImageObject","inLanguage":"tr","@id":"https:\/\/narteks.net\/#\/schema\/person\/image\/","url":"https:\/\/secure.gravatar.com\/avatar\/50865afb55632c4ae467e0af0930f6510aa2297d8014be502a55b14f3b7550cf?s=96&d=mm&r=g","contentUrl":"https:\/\/secure.gravatar.com\/avatar\/50865afb55632c4ae467e0af0930f6510aa2297d8014be502a55b14f3b7550cf?s=96&d=mm&r=g","caption":"Tar\u0131k"},"sameAs":["http:\/\/narteks.net"],"url":"https:\/\/narteks.net\/index.php\/author\/narbak\/"}]}},"_links":{"self":[{"href":"https:\/\/narteks.net\/index.php\/wp-json\/wp\/v2\/posts\/6694","targetHints":{"allow":["GET"]}}],"collection":[{"href":"https:\/\/narteks.net\/index.php\/wp-json\/wp\/v2\/posts"}],"about":[{"href":"https:\/\/narteks.net\/index.php\/wp-json\/wp\/v2\/types\/post"}],"author":[{"embeddable":true,"href":"https:\/\/narteks.net\/index.php\/wp-json\/wp\/v2\/users\/1"}],"replies":[{"embeddable":true,"href":"https:\/\/narteks.net\/index.php\/wp-json\/wp\/v2\/comments?post=6694"}],"version-history":[{"count":0,"href":"https:\/\/narteks.net\/index.php\/wp-json\/wp\/v2\/posts\/6694\/revisions"}],"wp:attachment":[{"href":"https:\/\/narteks.net\/index.php\/wp-json\/wp\/v2\/media?parent=6694"}],"wp:term":[{"taxonomy":"category","embeddable":true,"href":"https:\/\/narteks.net\/index.php\/wp-json\/wp\/v2\/categories?post=6694"},{"taxonomy":"post_tag","embeddable":true,"href":"https:\/\/narteks.net\/index.php\/wp-json\/wp\/v2\/tags?post=6694"}],"curies":[{"name":"wp","href":"https:\/\/api.w.org\/{rel}","templated":true}]}}