{"id":6699,"date":"2011-08-24T16:50:08","date_gmt":"2011-08-24T13:50:08","guid":{"rendered":"http:\/\/localhost\/wordpress\/2011\/08\/24\/ne-rahat-degil-mi-koyun-olmak-koyunlar-bize-ne-ogretir-erdal-atabek\/"},"modified":"2011-08-24T16:50:08","modified_gmt":"2011-08-24T13:50:08","slug":"ne-rahat-degil-mi-koyun-olmak-koyunlar-bize-ne-ogretir-erdal-atabek","status":"publish","type":"post","link":"https:\/\/narteks.net\/index.php\/2011\/08\/24\/ne-rahat-degil-mi-koyun-olmak-koyunlar-bize-ne-ogretir-erdal-atabek\/","title":{"rendered":"Ne rahat de\u011fil mi koyun olmak? | Koyunlar Bize Ne \u00d6\u011fretir? &#8211; Erdal Atabek"},"content":{"rendered":"<p style=\"text-align: justify;\"><img loading=\"lazy\" decoding=\"async\" src=\"http:\/\/www.cumhuriyet.com.tr\/medya.php?mn=39074\" border=\"0\" width=\"155\" height=\"205\" style=\"float: left;\" \/>Koyunlar Bize Ne \u00d6\u011fretir?<\/p>\n<p>Biz, koyunlar ne mi \u00f6\u011fretiriz?<\/p>\n<p>\u00c7ok \u015fey \u00f6\u011fretiriz ama anlayana.<br \/>Biz insanlara mutlu olmay\u0131 \u00f6\u011fretiriz.<br \/>\u0130nsanlar\u0131n \u00e7o\u011fu mutlu olmay\u0131 bizden \u00f6\u011frenir de fark\u0131nda olmaz.<br \/>Bir kere H\u0130\u00c7B\u0130R \u015eEY\u0130 D\u00dc\u015e\u00dcNMEY\u0130Z.<br \/>GAM KASAVET B\u0130LMEZ, TASA \u00c7EKMEY\u0130Z.<br \/>\u00d6n\u00fcm\u00fczde ot olsun, saman olsun, su olsun yeter.<br \/>\u00c7ok uysal\u0131zd\u0131r.<br \/>Bir sahibimiz olsun yeter.<br \/>Sahibimiz olmazsa peri\u015fan oluruz.<br \/>Bir de s\u00fcr\u00fcba\u015f\u0131m\u0131z vard\u0131r.<br \/>O ne derse biz de onu yapar\u0131z.<br \/>B\u00f6ylece mutlu oluruz.<br \/>\u0130nsanlara \u00e7ok faydal\u0131 olmak bizi \u00e7ok ho\u015fnut eder.<br \/>Ge\u00e7enlerde bir karde\u015fimizin k\u00fcrk\u00fcn\u00fc birinin s\u0131rt\u0131nda g\u00f6rd\u00fcm, gurur duydum.<br \/>Karde\u015fimizi kesip derisini y\u00fczm\u00fc\u015fler.<br \/>Aman ne g\u00fczel bir deri ceket olmu\u015f sormay\u0131n.<br \/>S\u00fct\u00fcm\u00fcz\u00fc sa\u011farlar, ba\u011f\u0131rsaklar\u0131m\u0131z keman teli olur.<br \/>\u00c7ok i\u015fe yarar\u0131z can\u0131m.<br \/>Ge\u00e7en g\u00fcn bizim kuzu \u201cAnne neden babalar\u0131m\u0131z hep kurban ediliyor\u201d diye sordu.<br \/>Masum yavrumuzun akl\u0131 kar\u0131\u015fm\u0131\u015f. Hemen anlad\u0131m.<br \/>Me\u011fer bir ke\u00e7i yavrusuyla arkada\u015f olmu\u015f.<br \/>Bu muz\u0131r d\u00fc\u015f\u00fcnceleri akl\u0131na o sokmu\u015f.<br \/>Hemen yavrumu e\u011fittim: Can\u0131m, dedim. Ne mutlu bize ki babalar\u0131m\u0131z kurban ediliyor.<br \/>\u201cNeden anne?\u201d dedi masum kuzum.<br \/>\u201cBaban\u0131 kurban etmesinler de onlar\u0131n yavrular\u0131n\u0131 m\u0131 kurban etsinler? \u0130\u015fte biz onlar\u0131n yerine kurban ediliyoruz. Bu bizim gelene\u011fimizdir. Sen de sevin\u201d dedim. Masum kuzum da bir sevindi, bir sevindi ki sormay\u0131n.<br \/>\u201cAma anne, insanlar da sava\u015fa kendi o\u011fullar\u0131n\u0131 g\u00f6ndermiyorlar m\u0131\u201d diye sordu.<br \/>\u201c\u0130\u015fte g\u00f6rd\u00fcn m\u00fc?\u201d dedim. \u201cOnlar\u0131n kurban gelene\u011fi de \u00f6yle.\u201d<br \/>Bir daha tembihledim. Ke\u00e7ilerle arkada\u015fl\u0131k etmeyecek.<br \/>Ge\u00e7en g\u00fcn de \u201cAnne biz neden b\u00f6yleyiz?\u201d dedi.<br \/>\u201cYani hi\u00e7bir \u015feyi dert etmiyoruz. Sormuyoruz, d\u00fc\u015f\u00fcnm\u00fcyoruz, her denileni yap\u0131yoruz?\u201d<br \/>Yavrum, dedim. Biz koyunuz da ondan.<br \/>Biz koyunuz.<br \/>Rahat\u0131z.<br \/>Tasam\u0131z yok, derdimiz yok.<br \/>\u00c7ay\u0131r \u00e7imen bizim, suyu da bulduk mu, tamam.<br \/>\u201cAnne\u201d dedi kuzucu\u011fum; \u201cNe rahat de\u011fil mi koyun olmak?\u201d<br \/>\u0130\u015fte o da olgunla\u015ft\u0131, ger\u00e7ek bir koyun oldu. Ne g\u00fczel&#8230;<\/p>\n<p style=\"text-align: justify;\">Dr. Erdal Atabek<\/p>\n","protected":false},"excerpt":{"rendered":"<p>Koyunlar Bize Ne \u00d6\u011fretir? Biz, koyunlar ne mi \u00f6\u011fretiriz? \u00c7ok \u015fey \u00f6\u011fretiriz ama anlayana.Biz insanlara mutlu olmay\u0131 \u00f6\u011fretiriz.\u0130nsanlar\u0131n \u00e7o\u011fu mutlu olmay\u0131 bizden \u00f6\u011frenir de fark\u0131nda olmaz.Bir kere H\u0130\u00c7B\u0130R \u015eEY\u0130 D\u00dc\u015e\u00dcNMEY\u0130Z.GAM KASAVET B\u0130LMEZ, TASA \u00c7EKMEY\u0130Z.\u00d6n\u00fcm\u00fczde ot olsun, saman olsun, su olsun yeter.\u00c7ok uysal\u0131zd\u0131r.Bir sahibimiz olsun yeter.Sahibimiz olmazsa peri\u015fan oluruz.Bir de s\u00fcr\u00fcba\u015f\u0131m\u0131z vard\u0131r.O ne derse biz de [&hellip;]<\/p>\n","protected":false},"author":1,"featured_media":0,"comment_status":"open","ping_status":"open","sticky":false,"template":"","format":"standard","meta":{"footnotes":""},"categories":[98],"tags":[],"class_list":{"0":"post-6699","1":"post","2":"type-post","3":"status-publish","4":"format-standard","6":"category-turkiye"},"yoast_head":"<!-- This site is optimized with the Yoast SEO Premium plugin v24.9 (Yoast SEO v24.9) - https:\/\/yoast.com\/wordpress\/plugins\/seo\/ -->\n<title>Ne rahat de\u011fil mi koyun olmak? | Koyunlar Bize Ne \u00d6\u011fretir? - Erdal Atabek - narteks.net<\/title>\n<meta name=\"robots\" content=\"index, follow, max-snippet:-1, max-image-preview:large, max-video-preview:-1\" \/>\n<link rel=\"canonical\" href=\"https:\/\/narteks.net\/index.php\/2011\/08\/24\/ne-rahat-degil-mi-koyun-olmak-koyunlar-bize-ne-ogretir-erdal-atabek\/\" \/>\n<meta property=\"og:locale\" content=\"tr_TR\" \/>\n<meta property=\"og:type\" content=\"article\" \/>\n<meta property=\"og:title\" content=\"Ne rahat de\u011fil mi koyun olmak? | Koyunlar Bize Ne \u00d6\u011fretir? - Erdal Atabek\" \/>\n<meta property=\"og:description\" content=\"Koyunlar Bize Ne \u00d6\u011fretir? Biz, koyunlar ne mi \u00f6\u011fretiriz? \u00c7ok \u015fey \u00f6\u011fretiriz ama anlayana.Biz insanlara mutlu olmay\u0131 \u00f6\u011fretiriz.\u0130nsanlar\u0131n \u00e7o\u011fu mutlu olmay\u0131 bizden \u00f6\u011frenir de fark\u0131nda olmaz.Bir kere H\u0130\u00c7B\u0130R \u015eEY\u0130 D\u00dc\u015e\u00dcNMEY\u0130Z.GAM KASAVET B\u0130LMEZ, TASA \u00c7EKMEY\u0130Z.\u00d6n\u00fcm\u00fczde ot olsun, saman olsun, su olsun yeter.\u00c7ok uysal\u0131zd\u0131r.Bir sahibimiz olsun yeter.Sahibimiz olmazsa peri\u015fan oluruz.Bir de s\u00fcr\u00fcba\u015f\u0131m\u0131z vard\u0131r.O ne derse biz de [&hellip;]\" \/>\n<meta property=\"og:url\" content=\"https:\/\/narteks.net\/index.php\/2011\/08\/24\/ne-rahat-degil-mi-koyun-olmak-koyunlar-bize-ne-ogretir-erdal-atabek\/\" \/>\n<meta property=\"og:site_name\" content=\"narteks.net\" \/>\n<meta property=\"article:published_time\" content=\"2011-08-24T13:50:08+00:00\" \/>\n<meta property=\"og:image\" content=\"http:\/\/www.cumhuriyet.com.tr\/medya.php?mn=39074\" \/>\n<meta name=\"author\" content=\"Tar\u0131k\" \/>\n<meta name=\"twitter:card\" content=\"summary_large_image\" \/>\n<meta name=\"twitter:creator\" content=\"@narteks\" \/>\n<meta name=\"twitter:site\" content=\"@narteks\" \/>\n<meta name=\"twitter:label1\" content=\"Yazan:\" \/>\n\t<meta name=\"twitter:data1\" content=\"Tar\u0131k\" \/>\n\t<meta name=\"twitter:label2\" content=\"Tahmini okuma s\u00fcresi\" \/>\n\t<meta name=\"twitter:data2\" content=\"2 dakika\" \/>\n<script type=\"application\/ld+json\" class=\"yoast-schema-graph\">{\"@context\":\"https:\/\/schema.org\",\"@graph\":[{\"@type\":\"Article\",\"@id\":\"https:\/\/narteks.net\/index.php\/2011\/08\/24\/ne-rahat-degil-mi-koyun-olmak-koyunlar-bize-ne-ogretir-erdal-atabek\/#article\",\"isPartOf\":{\"@id\":\"https:\/\/narteks.net\/index.php\/2011\/08\/24\/ne-rahat-degil-mi-koyun-olmak-koyunlar-bize-ne-ogretir-erdal-atabek\/\"},\"author\":{\"name\":\"Tar\u0131k\",\"@id\":\"https:\/\/narteks.net\/#\/schema\/person\/61f37d9834294b72d31d274e7ed79bca\"},\"headline\":\"Ne rahat de\u011fil mi koyun olmak? | Koyunlar Bize Ne \u00d6\u011fretir? &#8211; Erdal Atabek\",\"datePublished\":\"2011-08-24T13:50:08+00:00\",\"mainEntityOfPage\":{\"@id\":\"https:\/\/narteks.net\/index.php\/2011\/08\/24\/ne-rahat-degil-mi-koyun-olmak-koyunlar-bize-ne-ogretir-erdal-atabek\/\"},\"wordCount\":379,\"commentCount\":0,\"publisher\":{\"@id\":\"https:\/\/narteks.net\/#organization\"},\"image\":{\"@id\":\"https:\/\/narteks.net\/index.php\/2011\/08\/24\/ne-rahat-degil-mi-koyun-olmak-koyunlar-bize-ne-ogretir-erdal-atabek\/#primaryimage\"},\"thumbnailUrl\":\"http:\/\/www.cumhuriyet.com.tr\/medya.php?mn=39074\",\"articleSection\":[\"T\u00fcrkiye\"],\"inLanguage\":\"tr\",\"potentialAction\":[{\"@type\":\"CommentAction\",\"name\":\"Comment\",\"target\":[\"https:\/\/narteks.net\/index.php\/2011\/08\/24\/ne-rahat-degil-mi-koyun-olmak-koyunlar-bize-ne-ogretir-erdal-atabek\/#respond\"]}]},{\"@type\":\"WebPage\",\"@id\":\"https:\/\/narteks.net\/index.php\/2011\/08\/24\/ne-rahat-degil-mi-koyun-olmak-koyunlar-bize-ne-ogretir-erdal-atabek\/\",\"url\":\"https:\/\/narteks.net\/index.php\/2011\/08\/24\/ne-rahat-degil-mi-koyun-olmak-koyunlar-bize-ne-ogretir-erdal-atabek\/\",\"name\":\"Ne rahat de\u011fil mi koyun olmak? | Koyunlar Bize Ne \u00d6\u011fretir? - Erdal Atabek - narteks.net\",\"isPartOf\":{\"@id\":\"https:\/\/narteks.net\/#website\"},\"primaryImageOfPage\":{\"@id\":\"https:\/\/narteks.net\/index.php\/2011\/08\/24\/ne-rahat-degil-mi-koyun-olmak-koyunlar-bize-ne-ogretir-erdal-atabek\/#primaryimage\"},\"image\":{\"@id\":\"https:\/\/narteks.net\/index.php\/2011\/08\/24\/ne-rahat-degil-mi-koyun-olmak-koyunlar-bize-ne-ogretir-erdal-atabek\/#primaryimage\"},\"thumbnailUrl\":\"http:\/\/www.cumhuriyet.com.tr\/medya.php?mn=39074\",\"datePublished\":\"2011-08-24T13:50:08+00:00\",\"breadcrumb\":{\"@id\":\"https:\/\/narteks.net\/index.php\/2011\/08\/24\/ne-rahat-degil-mi-koyun-olmak-koyunlar-bize-ne-ogretir-erdal-atabek\/#breadcrumb\"},\"inLanguage\":\"tr\",\"potentialAction\":[{\"@type\":\"ReadAction\",\"target\":[\"https:\/\/narteks.net\/index.php\/2011\/08\/24\/ne-rahat-degil-mi-koyun-olmak-koyunlar-bize-ne-ogretir-erdal-atabek\/\"]}]},{\"@type\":\"ImageObject\",\"inLanguage\":\"tr\",\"@id\":\"https:\/\/narteks.net\/index.php\/2011\/08\/24\/ne-rahat-degil-mi-koyun-olmak-koyunlar-bize-ne-ogretir-erdal-atabek\/#primaryimage\",\"url\":\"http:\/\/www.cumhuriyet.com.tr\/medya.php?mn=39074\",\"contentUrl\":\"http:\/\/www.cumhuriyet.com.tr\/medya.php?mn=39074\"},{\"@type\":\"BreadcrumbList\",\"@id\":\"https:\/\/narteks.net\/index.php\/2011\/08\/24\/ne-rahat-degil-mi-koyun-olmak-koyunlar-bize-ne-ogretir-erdal-atabek\/#breadcrumb\",\"itemListElement\":[{\"@type\":\"ListItem\",\"position\":1,\"name\":\"Anasayfa\",\"item\":\"https:\/\/narteks.net\/\"},{\"@type\":\"ListItem\",\"position\":2,\"name\":\"Ne rahat de\u011fil mi koyun olmak? | Koyunlar Bize Ne \u00d6\u011fretir? &#8211; Erdal Atabek\"}]},{\"@type\":\"WebSite\",\"@id\":\"https:\/\/narteks.net\/#website\",\"url\":\"https:\/\/narteks.net\/\",\"name\":\"narteks.net\",\"description\":\"K\u00fclt\u00fcr Sanat Edebiyat Felsefe\",\"publisher\":{\"@id\":\"https:\/\/narteks.net\/#organization\"},\"alternateName\":\"K\u00fclt\u00fcr Sanat Edebiyat Felsefe\",\"potentialAction\":[{\"@type\":\"SearchAction\",\"target\":{\"@type\":\"EntryPoint\",\"urlTemplate\":\"https:\/\/narteks.net\/?s={search_term_string}\"},\"query-input\":{\"@type\":\"PropertyValueSpecification\",\"valueRequired\":true,\"valueName\":\"search_term_string\"}}],\"inLanguage\":\"tr\"},{\"@type\":\"Organization\",\"@id\":\"https:\/\/narteks.net\/#organization\",\"name\":\"narteks.net\",\"url\":\"https:\/\/narteks.net\/\",\"logo\":{\"@type\":\"ImageObject\",\"inLanguage\":\"tr\",\"@id\":\"https:\/\/narteks.net\/#\/schema\/logo\/image\/\",\"url\":\"https:\/\/narteks.net\/wp-content\/uploads\/narteks.png\",\"contentUrl\":\"https:\/\/narteks.net\/wp-content\/uploads\/narteks.png\",\"width\":300,\"height\":90,\"caption\":\"narteks.net\"},\"image\":{\"@id\":\"https:\/\/narteks.net\/#\/schema\/logo\/image\/\"},\"sameAs\":[\"https:\/\/x.com\/narteks\",\"https:\/\/instagram.com\/narteksnet\"]},{\"@type\":\"Person\",\"@id\":\"https:\/\/narteks.net\/#\/schema\/person\/61f37d9834294b72d31d274e7ed79bca\",\"name\":\"Tar\u0131k\",\"image\":{\"@type\":\"ImageObject\",\"inLanguage\":\"tr\",\"@id\":\"https:\/\/narteks.net\/#\/schema\/person\/image\/\",\"url\":\"https:\/\/secure.gravatar.com\/avatar\/50865afb55632c4ae467e0af0930f6510aa2297d8014be502a55b14f3b7550cf?s=96&d=mm&r=g\",\"contentUrl\":\"https:\/\/secure.gravatar.com\/avatar\/50865afb55632c4ae467e0af0930f6510aa2297d8014be502a55b14f3b7550cf?s=96&d=mm&r=g\",\"caption\":\"Tar\u0131k\"},\"sameAs\":[\"http:\/\/narteks.net\"],\"url\":\"https:\/\/narteks.net\/index.php\/author\/narbak\/\"}]}<\/script>\n<!-- \/ Yoast SEO Premium plugin. -->","yoast_head_json":{"title":"Ne rahat de\u011fil mi koyun olmak? | Koyunlar Bize Ne \u00d6\u011fretir? - Erdal Atabek - narteks.net","robots":{"index":"index","follow":"follow","max-snippet":"max-snippet:-1","max-image-preview":"max-image-preview:large","max-video-preview":"max-video-preview:-1"},"canonical":"https:\/\/narteks.net\/index.php\/2011\/08\/24\/ne-rahat-degil-mi-koyun-olmak-koyunlar-bize-ne-ogretir-erdal-atabek\/","og_locale":"tr_TR","og_type":"article","og_title":"Ne rahat de\u011fil mi koyun olmak? | Koyunlar Bize Ne \u00d6\u011fretir? - Erdal Atabek","og_description":"Koyunlar Bize Ne \u00d6\u011fretir? Biz, koyunlar ne mi \u00f6\u011fretiriz? \u00c7ok \u015fey \u00f6\u011fretiriz ama anlayana.Biz insanlara mutlu olmay\u0131 \u00f6\u011fretiriz.\u0130nsanlar\u0131n \u00e7o\u011fu mutlu olmay\u0131 bizden \u00f6\u011frenir de fark\u0131nda olmaz.Bir kere H\u0130\u00c7B\u0130R \u015eEY\u0130 D\u00dc\u015e\u00dcNMEY\u0130Z.GAM KASAVET B\u0130LMEZ, TASA \u00c7EKMEY\u0130Z.\u00d6n\u00fcm\u00fczde ot olsun, saman olsun, su olsun yeter.\u00c7ok uysal\u0131zd\u0131r.Bir sahibimiz olsun yeter.Sahibimiz olmazsa peri\u015fan oluruz.Bir de s\u00fcr\u00fcba\u015f\u0131m\u0131z vard\u0131r.O ne derse biz de [&hellip;]","og_url":"https:\/\/narteks.net\/index.php\/2011\/08\/24\/ne-rahat-degil-mi-koyun-olmak-koyunlar-bize-ne-ogretir-erdal-atabek\/","og_site_name":"narteks.net","article_published_time":"2011-08-24T13:50:08+00:00","og_image":[{"url":"http:\/\/www.cumhuriyet.com.tr\/medya.php?mn=39074","type":"","width":"","height":""}],"author":"Tar\u0131k","twitter_card":"summary_large_image","twitter_creator":"@narteks","twitter_site":"@narteks","twitter_misc":{"Yazan:":"Tar\u0131k","Tahmini okuma s\u00fcresi":"2 dakika"},"schema":{"@context":"https:\/\/schema.org","@graph":[{"@type":"Article","@id":"https:\/\/narteks.net\/index.php\/2011\/08\/24\/ne-rahat-degil-mi-koyun-olmak-koyunlar-bize-ne-ogretir-erdal-atabek\/#article","isPartOf":{"@id":"https:\/\/narteks.net\/index.php\/2011\/08\/24\/ne-rahat-degil-mi-koyun-olmak-koyunlar-bize-ne-ogretir-erdal-atabek\/"},"author":{"name":"Tar\u0131k","@id":"https:\/\/narteks.net\/#\/schema\/person\/61f37d9834294b72d31d274e7ed79bca"},"headline":"Ne rahat de\u011fil mi koyun olmak? | Koyunlar Bize Ne \u00d6\u011fretir? &#8211; Erdal Atabek","datePublished":"2011-08-24T13:50:08+00:00","mainEntityOfPage":{"@id":"https:\/\/narteks.net\/index.php\/2011\/08\/24\/ne-rahat-degil-mi-koyun-olmak-koyunlar-bize-ne-ogretir-erdal-atabek\/"},"wordCount":379,"commentCount":0,"publisher":{"@id":"https:\/\/narteks.net\/#organization"},"image":{"@id":"https:\/\/narteks.net\/index.php\/2011\/08\/24\/ne-rahat-degil-mi-koyun-olmak-koyunlar-bize-ne-ogretir-erdal-atabek\/#primaryimage"},"thumbnailUrl":"http:\/\/www.cumhuriyet.com.tr\/medya.php?mn=39074","articleSection":["T\u00fcrkiye"],"inLanguage":"tr","potentialAction":[{"@type":"CommentAction","name":"Comment","target":["https:\/\/narteks.net\/index.php\/2011\/08\/24\/ne-rahat-degil-mi-koyun-olmak-koyunlar-bize-ne-ogretir-erdal-atabek\/#respond"]}]},{"@type":"WebPage","@id":"https:\/\/narteks.net\/index.php\/2011\/08\/24\/ne-rahat-degil-mi-koyun-olmak-koyunlar-bize-ne-ogretir-erdal-atabek\/","url":"https:\/\/narteks.net\/index.php\/2011\/08\/24\/ne-rahat-degil-mi-koyun-olmak-koyunlar-bize-ne-ogretir-erdal-atabek\/","name":"Ne rahat de\u011fil mi koyun olmak? | Koyunlar Bize Ne \u00d6\u011fretir? - Erdal Atabek - narteks.net","isPartOf":{"@id":"https:\/\/narteks.net\/#website"},"primaryImageOfPage":{"@id":"https:\/\/narteks.net\/index.php\/2011\/08\/24\/ne-rahat-degil-mi-koyun-olmak-koyunlar-bize-ne-ogretir-erdal-atabek\/#primaryimage"},"image":{"@id":"https:\/\/narteks.net\/index.php\/2011\/08\/24\/ne-rahat-degil-mi-koyun-olmak-koyunlar-bize-ne-ogretir-erdal-atabek\/#primaryimage"},"thumbnailUrl":"http:\/\/www.cumhuriyet.com.tr\/medya.php?mn=39074","datePublished":"2011-08-24T13:50:08+00:00","breadcrumb":{"@id":"https:\/\/narteks.net\/index.php\/2011\/08\/24\/ne-rahat-degil-mi-koyun-olmak-koyunlar-bize-ne-ogretir-erdal-atabek\/#breadcrumb"},"inLanguage":"tr","potentialAction":[{"@type":"ReadAction","target":["https:\/\/narteks.net\/index.php\/2011\/08\/24\/ne-rahat-degil-mi-koyun-olmak-koyunlar-bize-ne-ogretir-erdal-atabek\/"]}]},{"@type":"ImageObject","inLanguage":"tr","@id":"https:\/\/narteks.net\/index.php\/2011\/08\/24\/ne-rahat-degil-mi-koyun-olmak-koyunlar-bize-ne-ogretir-erdal-atabek\/#primaryimage","url":"http:\/\/www.cumhuriyet.com.tr\/medya.php?mn=39074","contentUrl":"http:\/\/www.cumhuriyet.com.tr\/medya.php?mn=39074"},{"@type":"BreadcrumbList","@id":"https:\/\/narteks.net\/index.php\/2011\/08\/24\/ne-rahat-degil-mi-koyun-olmak-koyunlar-bize-ne-ogretir-erdal-atabek\/#breadcrumb","itemListElement":[{"@type":"ListItem","position":1,"name":"Anasayfa","item":"https:\/\/narteks.net\/"},{"@type":"ListItem","position":2,"name":"Ne rahat de\u011fil mi koyun olmak? | Koyunlar Bize Ne \u00d6\u011fretir? &#8211; Erdal Atabek"}]},{"@type":"WebSite","@id":"https:\/\/narteks.net\/#website","url":"https:\/\/narteks.net\/","name":"narteks.net","description":"K\u00fclt\u00fcr Sanat Edebiyat Felsefe","publisher":{"@id":"https:\/\/narteks.net\/#organization"},"alternateName":"K\u00fclt\u00fcr Sanat Edebiyat Felsefe","potentialAction":[{"@type":"SearchAction","target":{"@type":"EntryPoint","urlTemplate":"https:\/\/narteks.net\/?s={search_term_string}"},"query-input":{"@type":"PropertyValueSpecification","valueRequired":true,"valueName":"search_term_string"}}],"inLanguage":"tr"},{"@type":"Organization","@id":"https:\/\/narteks.net\/#organization","name":"narteks.net","url":"https:\/\/narteks.net\/","logo":{"@type":"ImageObject","inLanguage":"tr","@id":"https:\/\/narteks.net\/#\/schema\/logo\/image\/","url":"https:\/\/narteks.net\/wp-content\/uploads\/narteks.png","contentUrl":"https:\/\/narteks.net\/wp-content\/uploads\/narteks.png","width":300,"height":90,"caption":"narteks.net"},"image":{"@id":"https:\/\/narteks.net\/#\/schema\/logo\/image\/"},"sameAs":["https:\/\/x.com\/narteks","https:\/\/instagram.com\/narteksnet"]},{"@type":"Person","@id":"https:\/\/narteks.net\/#\/schema\/person\/61f37d9834294b72d31d274e7ed79bca","name":"Tar\u0131k","image":{"@type":"ImageObject","inLanguage":"tr","@id":"https:\/\/narteks.net\/#\/schema\/person\/image\/","url":"https:\/\/secure.gravatar.com\/avatar\/50865afb55632c4ae467e0af0930f6510aa2297d8014be502a55b14f3b7550cf?s=96&d=mm&r=g","contentUrl":"https:\/\/secure.gravatar.com\/avatar\/50865afb55632c4ae467e0af0930f6510aa2297d8014be502a55b14f3b7550cf?s=96&d=mm&r=g","caption":"Tar\u0131k"},"sameAs":["http:\/\/narteks.net"],"url":"https:\/\/narteks.net\/index.php\/author\/narbak\/"}]}},"_links":{"self":[{"href":"https:\/\/narteks.net\/index.php\/wp-json\/wp\/v2\/posts\/6699","targetHints":{"allow":["GET"]}}],"collection":[{"href":"https:\/\/narteks.net\/index.php\/wp-json\/wp\/v2\/posts"}],"about":[{"href":"https:\/\/narteks.net\/index.php\/wp-json\/wp\/v2\/types\/post"}],"author":[{"embeddable":true,"href":"https:\/\/narteks.net\/index.php\/wp-json\/wp\/v2\/users\/1"}],"replies":[{"embeddable":true,"href":"https:\/\/narteks.net\/index.php\/wp-json\/wp\/v2\/comments?post=6699"}],"version-history":[{"count":0,"href":"https:\/\/narteks.net\/index.php\/wp-json\/wp\/v2\/posts\/6699\/revisions"}],"wp:attachment":[{"href":"https:\/\/narteks.net\/index.php\/wp-json\/wp\/v2\/media?parent=6699"}],"wp:term":[{"taxonomy":"category","embeddable":true,"href":"https:\/\/narteks.net\/index.php\/wp-json\/wp\/v2\/categories?post=6699"},{"taxonomy":"post_tag","embeddable":true,"href":"https:\/\/narteks.net\/index.php\/wp-json\/wp\/v2\/tags?post=6699"}],"curies":[{"name":"wp","href":"https:\/\/api.w.org\/{rel}","templated":true}]}}