{"id":6707,"date":"2011-09-05T12:25:24","date_gmt":"2011-09-05T09:25:24","guid":{"rendered":"http:\/\/localhost\/wordpress\/2011\/09\/05\/bir-dakika-durun-sacma-sapan-seyler-yapiyoruz-dogru-yol-bu-olamaz-italo-calvino\/"},"modified":"2011-09-05T12:25:24","modified_gmt":"2011-09-05T09:25:24","slug":"bir-dakika-durun-sacma-sapan-seyler-yapiyoruz-dogru-yol-bu-olamaz-italo-calvino","status":"publish","type":"post","link":"https:\/\/narteks.net\/index.php\/2011\/09\/05\/bir-dakika-durun-sacma-sapan-seyler-yapiyoruz-dogru-yol-bu-olamaz-italo-calvino\/","title":{"rendered":"Bir dakika durun! Sa\u00e7ma sapan \u015feyler yap\u0131yoruz! Do\u011fru yol bu olamaz! | \u0130talo Calvino"},"content":{"rendered":"<p style=\"text-align: justify;\"><img loading=\"lazy\" decoding=\"async\" src=\"http:\/\/1.bp.blogspot.com\/-YifwWkqKgyE\/TVqwkox2tUI\/AAAAAAAAAdY\/kp_2TVDb2O4\/s1600\/italo_calvino.jpg\" border=\"0\" width=\"155\" height=\"205\" style=\"float: left;\" \/>Bir kez geldi ba\u015f\u0131ma, bir yol a\u011fz\u0131nda, kalabal\u0131k aras\u0131nda, karma\u015fan\u0131n ortas\u0131nda.<br \/>Durup g\u00f6zlerimi k\u0131rpt\u0131m: Hi\u00e7bir \u015fey anlamaz olmu\u015ftum. Hi\u00e7bir \u015fey, hi\u00e7.: Olanlar\u0131, insanlar\u0131 anlamaz olmu\u015ftum,<br \/>her \u015fey anlams\u0131z ve sa\u00e7mayd\u0131. G\u00fclmeye ba\u015flad\u0131m.<br \/>As\u0131l o g\u00fcne kadar hi\u00e7bir \u015feyin fark\u0131na varmam\u0131\u015f ve her \u015feyi oldu\u011fu gibi kabul etmem tuhaft\u0131:<br \/>Trafik \u0131\u015f\u0131klar\u0131, ara\u00e7lar, afi\u015fler, \u00fcniformalar, an\u0131tlar, d\u00fcnyan\u0131n anlam\u0131ndan kopmu\u015f \u015feyler,<br \/>sanki\u00a0 onlar\u0131 birbirine ba\u011flayan bir zorunluluk bir sonu\u00e7 varm\u0131\u015f gibi.<\/p>\n<p>Bunun \u00fczerine g\u00fcl\u00fc\u015f\u00fcm dondu, utanc\u0131mdan k\u0131zard\u0131m. Yoldan ge\u00e7enlerin dikkatini \u00e7ekmek i\u00e7in el kol hareketleri yapmaya ba\u015flay\u0131p &#8221;Bir dakika durun! Bak\u0131n, ters bir \u015feyler var! Her \u015fey yanl\u0131\u015f! Sa\u00e7ma sapan \u015feyler yap\u0131yoruz! Do\u011fru yol bu olamaz!<br \/>Sonumuz ne olacak? diye ba\u011f\u0131rd\u0131m.<\/p>\n<p>\u0130nsanlar durup merakl\u0131 bak\u0131\u015flarla beni s\u00fczmeye ba\u015flad\u0131lar. Orada durmu\u015f el kol i\u015faretleri yap\u0131yor, derdimi anlatmaya \u00e7al\u0131\u015f\u0131yor,ans\u0131z\u0131n kafamda \u00e7akan \u015fim\u015fe\u011fi anlamalar\u0131n\u0131 istiyordum: Ama sesim \u00e7\u0131km\u0131yordu, konu\u015fam\u0131yordum, \u00e7\u00fcnk\u00fc kollar\u0131m\u0131 kald\u0131r\u0131p a\u011fz\u0131m\u0131 a\u00e7t\u0131\u011f\u0131m an b\u00fcy\u00fck a\u00e7\u0131klama sanki a\u011fz\u0131mdan al\u0131nm\u0131\u015f ve s\u00f6zc\u00fckler kendimi ortaya atm\u0131\u015f olmamdan dolay\u0131 \u00e7\u0131km\u0131\u015ft\u0131.<\/p>\n<p>&#8221;\u0130yi de ne demek oluyor bu?&#8221; diye sordu insanlar.&#8221; Her \u015fey yerli yerinde, yolunda. Her \u015fey bir di\u011fer \u015feyin sonucu. Her \u015fey di\u011fer \u015feylerle birlikte d\u00fczen i\u00e7inde. Biz sa\u00e7ma ya da yersiz bir \u015fey g\u00f6rmedik&#8221;<\/p>\n<p>Ne yapaca\u011f\u0131m\u0131 \u015fa\u015f\u0131rm\u0131\u015f, orada kalakalm\u0131\u015ft\u0131m, \u00e7\u00fcnk\u00fc her \u015fey trafik \u0131\u015f\u0131klar\u0131, an\u0131tlar, \u00fcniformalar, g\u00f6kdelenler, raylar, dilenciler, alaylar eski d\u00fczenine kavu\u015fmu\u015f, g\u00f6z\u00fcme de do\u011fal gelmeye ba\u015flam\u0131\u015ft\u0131, ama sakinle\u015fece\u011fime tedirginli\u011fim s\u00fcr\u00fcyordu.<\/p>\n<p>&#8221;\u00d6z\u00fcr dilerim,&#8221; dedim, &#8221; belki ben yan\u0131ld\u0131m. Bana \u00f6yle geldi. Evet, her \u015fey yerli yerinde. \u00d6z\u00fcr dilerim.&#8221; Sert bak\u0131\u015flar aras\u0131ndan kendime yol a\u00e7maya \u00e7al\u0131\u015ft\u0131m.<\/p>\n<p>Hala s\u0131k s\u0131k anlayamad\u0131\u011f\u0131m bir \u015feyler oldu\u011funda, i\u00e7g\u00fcd\u00fcsel olarak, bu sefer tamam, derim i\u00e7imden ve hi\u00e7bir \u015fey anlamaz olaca\u011f\u0131m umuduna kap\u0131l\u0131p, kavu\u015ftu\u011fum an kaybetti\u011fin o farkl\u0131 bilgeli\u011fe sahip olaca\u011f\u0131m\u0131 d\u00fc\u015f\u00fcn\u00fcr\u00fcm.&#8221;<\/p>\n<p>Italo CALV\u0130NO | Sen &#8221;Alo&#8221; Demeden \u00d6nce &#8211; \u015eim\u015fek<\/p>\n","protected":false},"excerpt":{"rendered":"<p>Bir kez geldi ba\u015f\u0131ma, bir yol a\u011fz\u0131nda, kalabal\u0131k aras\u0131nda, karma\u015fan\u0131n ortas\u0131nda.Durup g\u00f6zlerimi k\u0131rpt\u0131m: Hi\u00e7bir \u015fey anlamaz olmu\u015ftum. Hi\u00e7bir \u015fey, hi\u00e7.: Olanlar\u0131, insanlar\u0131 anlamaz olmu\u015ftum,her \u015fey anlams\u0131z ve sa\u00e7mayd\u0131. G\u00fclmeye ba\u015flad\u0131m.As\u0131l o g\u00fcne kadar hi\u00e7bir \u015feyin fark\u0131na varmam\u0131\u015f ve her \u015feyi oldu\u011fu gibi kabul etmem tuhaft\u0131:Trafik \u0131\u015f\u0131klar\u0131, ara\u00e7lar, afi\u015fler, \u00fcniformalar, an\u0131tlar, d\u00fcnyan\u0131n anlam\u0131ndan kopmu\u015f \u015feyler,sanki\u00a0 onlar\u0131 [&hellip;]<\/p>\n","protected":false},"author":1,"featured_media":0,"comment_status":"open","ping_status":"open","sticky":false,"template":"","format":"standard","meta":{"footnotes":""},"categories":[115],"tags":[],"class_list":{"0":"post-6707","1":"post","2":"type-post","3":"status-publish","4":"format-standard","6":"category-ceviri-oykuler"},"yoast_head":"<!-- This site is optimized with the Yoast SEO Premium plugin v24.9 (Yoast SEO v24.9) - https:\/\/yoast.com\/wordpress\/plugins\/seo\/ -->\n<title>Bir dakika durun! Sa\u00e7ma sapan \u015feyler yap\u0131yoruz! Do\u011fru yol bu olamaz! | \u0130talo Calvino - narteks.net<\/title>\n<meta name=\"robots\" content=\"index, follow, max-snippet:-1, max-image-preview:large, max-video-preview:-1\" \/>\n<link rel=\"canonical\" href=\"https:\/\/narteks.net\/index.php\/2011\/09\/05\/bir-dakika-durun-sacma-sapan-seyler-yapiyoruz-dogru-yol-bu-olamaz-italo-calvino\/\" \/>\n<meta property=\"og:locale\" content=\"tr_TR\" \/>\n<meta property=\"og:type\" content=\"article\" \/>\n<meta property=\"og:title\" content=\"Bir dakika durun! Sa\u00e7ma sapan \u015feyler yap\u0131yoruz! Do\u011fru yol bu olamaz! | \u0130talo Calvino\" \/>\n<meta property=\"og:description\" content=\"Bir kez geldi ba\u015f\u0131ma, bir yol a\u011fz\u0131nda, kalabal\u0131k aras\u0131nda, karma\u015fan\u0131n ortas\u0131nda.Durup g\u00f6zlerimi k\u0131rpt\u0131m: Hi\u00e7bir \u015fey anlamaz olmu\u015ftum. Hi\u00e7bir \u015fey, hi\u00e7.: Olanlar\u0131, insanlar\u0131 anlamaz olmu\u015ftum,her \u015fey anlams\u0131z ve sa\u00e7mayd\u0131. G\u00fclmeye ba\u015flad\u0131m.As\u0131l o g\u00fcne kadar hi\u00e7bir \u015feyin fark\u0131na varmam\u0131\u015f ve her \u015feyi oldu\u011fu gibi kabul etmem tuhaft\u0131:Trafik \u0131\u015f\u0131klar\u0131, ara\u00e7lar, afi\u015fler, \u00fcniformalar, an\u0131tlar, d\u00fcnyan\u0131n anlam\u0131ndan kopmu\u015f \u015feyler,sanki\u00a0 onlar\u0131 [&hellip;]\" \/>\n<meta property=\"og:url\" content=\"https:\/\/narteks.net\/index.php\/2011\/09\/05\/bir-dakika-durun-sacma-sapan-seyler-yapiyoruz-dogru-yol-bu-olamaz-italo-calvino\/\" \/>\n<meta property=\"og:site_name\" content=\"narteks.net\" \/>\n<meta property=\"article:published_time\" content=\"2011-09-05T09:25:24+00:00\" \/>\n<meta property=\"og:image\" content=\"http:\/\/1.bp.blogspot.com\/-YifwWkqKgyE\/TVqwkox2tUI\/AAAAAAAAAdY\/kp_2TVDb2O4\/s1600\/italo_calvino.jpg\" \/>\n<meta name=\"author\" content=\"Tar\u0131k\" \/>\n<meta name=\"twitter:card\" content=\"summary_large_image\" \/>\n<meta name=\"twitter:creator\" content=\"@narteks\" \/>\n<meta name=\"twitter:site\" content=\"@narteks\" \/>\n<meta name=\"twitter:label1\" content=\"Yazan:\" \/>\n\t<meta name=\"twitter:data1\" content=\"Tar\u0131k\" \/>\n\t<meta name=\"twitter:label2\" content=\"Tahmini okuma s\u00fcresi\" \/>\n\t<meta name=\"twitter:data2\" content=\"2 dakika\" \/>\n<script type=\"application\/ld+json\" class=\"yoast-schema-graph\">{\"@context\":\"https:\/\/schema.org\",\"@graph\":[{\"@type\":\"Article\",\"@id\":\"https:\/\/narteks.net\/index.php\/2011\/09\/05\/bir-dakika-durun-sacma-sapan-seyler-yapiyoruz-dogru-yol-bu-olamaz-italo-calvino\/#article\",\"isPartOf\":{\"@id\":\"https:\/\/narteks.net\/index.php\/2011\/09\/05\/bir-dakika-durun-sacma-sapan-seyler-yapiyoruz-dogru-yol-bu-olamaz-italo-calvino\/\"},\"author\":{\"name\":\"Tar\u0131k\",\"@id\":\"https:\/\/narteks.net\/#\/schema\/person\/61f37d9834294b72d31d274e7ed79bca\"},\"headline\":\"Bir dakika durun! Sa\u00e7ma sapan \u015feyler yap\u0131yoruz! Do\u011fru yol bu olamaz! | \u0130talo Calvino\",\"datePublished\":\"2011-09-05T09:25:24+00:00\",\"mainEntityOfPage\":{\"@id\":\"https:\/\/narteks.net\/index.php\/2011\/09\/05\/bir-dakika-durun-sacma-sapan-seyler-yapiyoruz-dogru-yol-bu-olamaz-italo-calvino\/\"},\"wordCount\":434,\"commentCount\":0,\"publisher\":{\"@id\":\"https:\/\/narteks.net\/#organization\"},\"image\":{\"@id\":\"https:\/\/narteks.net\/index.php\/2011\/09\/05\/bir-dakika-durun-sacma-sapan-seyler-yapiyoruz-dogru-yol-bu-olamaz-italo-calvino\/#primaryimage\"},\"thumbnailUrl\":\"http:\/\/1.bp.blogspot.com\/-YifwWkqKgyE\/TVqwkox2tUI\/AAAAAAAAAdY\/kp_2TVDb2O4\/s1600\/italo_calvino.jpg\",\"articleSection\":[\"\u00c7eviri \u00d6yk\u00fcler\"],\"inLanguage\":\"tr\",\"potentialAction\":[{\"@type\":\"CommentAction\",\"name\":\"Comment\",\"target\":[\"https:\/\/narteks.net\/index.php\/2011\/09\/05\/bir-dakika-durun-sacma-sapan-seyler-yapiyoruz-dogru-yol-bu-olamaz-italo-calvino\/#respond\"]}]},{\"@type\":\"WebPage\",\"@id\":\"https:\/\/narteks.net\/index.php\/2011\/09\/05\/bir-dakika-durun-sacma-sapan-seyler-yapiyoruz-dogru-yol-bu-olamaz-italo-calvino\/\",\"url\":\"https:\/\/narteks.net\/index.php\/2011\/09\/05\/bir-dakika-durun-sacma-sapan-seyler-yapiyoruz-dogru-yol-bu-olamaz-italo-calvino\/\",\"name\":\"Bir dakika durun! Sa\u00e7ma sapan \u015feyler yap\u0131yoruz! Do\u011fru yol bu olamaz! | \u0130talo Calvino - narteks.net\",\"isPartOf\":{\"@id\":\"https:\/\/narteks.net\/#website\"},\"primaryImageOfPage\":{\"@id\":\"https:\/\/narteks.net\/index.php\/2011\/09\/05\/bir-dakika-durun-sacma-sapan-seyler-yapiyoruz-dogru-yol-bu-olamaz-italo-calvino\/#primaryimage\"},\"image\":{\"@id\":\"https:\/\/narteks.net\/index.php\/2011\/09\/05\/bir-dakika-durun-sacma-sapan-seyler-yapiyoruz-dogru-yol-bu-olamaz-italo-calvino\/#primaryimage\"},\"thumbnailUrl\":\"http:\/\/1.bp.blogspot.com\/-YifwWkqKgyE\/TVqwkox2tUI\/AAAAAAAAAdY\/kp_2TVDb2O4\/s1600\/italo_calvino.jpg\",\"datePublished\":\"2011-09-05T09:25:24+00:00\",\"breadcrumb\":{\"@id\":\"https:\/\/narteks.net\/index.php\/2011\/09\/05\/bir-dakika-durun-sacma-sapan-seyler-yapiyoruz-dogru-yol-bu-olamaz-italo-calvino\/#breadcrumb\"},\"inLanguage\":\"tr\",\"potentialAction\":[{\"@type\":\"ReadAction\",\"target\":[\"https:\/\/narteks.net\/index.php\/2011\/09\/05\/bir-dakika-durun-sacma-sapan-seyler-yapiyoruz-dogru-yol-bu-olamaz-italo-calvino\/\"]}]},{\"@type\":\"ImageObject\",\"inLanguage\":\"tr\",\"@id\":\"https:\/\/narteks.net\/index.php\/2011\/09\/05\/bir-dakika-durun-sacma-sapan-seyler-yapiyoruz-dogru-yol-bu-olamaz-italo-calvino\/#primaryimage\",\"url\":\"http:\/\/1.bp.blogspot.com\/-YifwWkqKgyE\/TVqwkox2tUI\/AAAAAAAAAdY\/kp_2TVDb2O4\/s1600\/italo_calvino.jpg\",\"contentUrl\":\"http:\/\/1.bp.blogspot.com\/-YifwWkqKgyE\/TVqwkox2tUI\/AAAAAAAAAdY\/kp_2TVDb2O4\/s1600\/italo_calvino.jpg\"},{\"@type\":\"BreadcrumbList\",\"@id\":\"https:\/\/narteks.net\/index.php\/2011\/09\/05\/bir-dakika-durun-sacma-sapan-seyler-yapiyoruz-dogru-yol-bu-olamaz-italo-calvino\/#breadcrumb\",\"itemListElement\":[{\"@type\":\"ListItem\",\"position\":1,\"name\":\"Anasayfa\",\"item\":\"https:\/\/narteks.net\/\"},{\"@type\":\"ListItem\",\"position\":2,\"name\":\"Bir dakika durun! Sa\u00e7ma sapan \u015feyler yap\u0131yoruz! Do\u011fru yol bu olamaz! | \u0130talo Calvino\"}]},{\"@type\":\"WebSite\",\"@id\":\"https:\/\/narteks.net\/#website\",\"url\":\"https:\/\/narteks.net\/\",\"name\":\"narteks.net\",\"description\":\"K\u00fclt\u00fcr Sanat Edebiyat Felsefe\",\"publisher\":{\"@id\":\"https:\/\/narteks.net\/#organization\"},\"alternateName\":\"K\u00fclt\u00fcr Sanat Edebiyat Felsefe\",\"potentialAction\":[{\"@type\":\"SearchAction\",\"target\":{\"@type\":\"EntryPoint\",\"urlTemplate\":\"https:\/\/narteks.net\/?s={search_term_string}\"},\"query-input\":{\"@type\":\"PropertyValueSpecification\",\"valueRequired\":true,\"valueName\":\"search_term_string\"}}],\"inLanguage\":\"tr\"},{\"@type\":\"Organization\",\"@id\":\"https:\/\/narteks.net\/#organization\",\"name\":\"narteks.net\",\"url\":\"https:\/\/narteks.net\/\",\"logo\":{\"@type\":\"ImageObject\",\"inLanguage\":\"tr\",\"@id\":\"https:\/\/narteks.net\/#\/schema\/logo\/image\/\",\"url\":\"https:\/\/narteks.net\/wp-content\/uploads\/narteks.png\",\"contentUrl\":\"https:\/\/narteks.net\/wp-content\/uploads\/narteks.png\",\"width\":300,\"height\":90,\"caption\":\"narteks.net\"},\"image\":{\"@id\":\"https:\/\/narteks.net\/#\/schema\/logo\/image\/\"},\"sameAs\":[\"https:\/\/x.com\/narteks\",\"https:\/\/instagram.com\/narteksnet\"]},{\"@type\":\"Person\",\"@id\":\"https:\/\/narteks.net\/#\/schema\/person\/61f37d9834294b72d31d274e7ed79bca\",\"name\":\"Tar\u0131k\",\"image\":{\"@type\":\"ImageObject\",\"inLanguage\":\"tr\",\"@id\":\"https:\/\/narteks.net\/#\/schema\/person\/image\/\",\"url\":\"https:\/\/secure.gravatar.com\/avatar\/50865afb55632c4ae467e0af0930f6510aa2297d8014be502a55b14f3b7550cf?s=96&d=mm&r=g\",\"contentUrl\":\"https:\/\/secure.gravatar.com\/avatar\/50865afb55632c4ae467e0af0930f6510aa2297d8014be502a55b14f3b7550cf?s=96&d=mm&r=g\",\"caption\":\"Tar\u0131k\"},\"sameAs\":[\"http:\/\/narteks.net\"],\"url\":\"https:\/\/narteks.net\/index.php\/author\/narbak\/\"}]}<\/script>\n<!-- \/ Yoast SEO Premium plugin. -->","yoast_head_json":{"title":"Bir dakika durun! Sa\u00e7ma sapan \u015feyler yap\u0131yoruz! Do\u011fru yol bu olamaz! | \u0130talo Calvino - narteks.net","robots":{"index":"index","follow":"follow","max-snippet":"max-snippet:-1","max-image-preview":"max-image-preview:large","max-video-preview":"max-video-preview:-1"},"canonical":"https:\/\/narteks.net\/index.php\/2011\/09\/05\/bir-dakika-durun-sacma-sapan-seyler-yapiyoruz-dogru-yol-bu-olamaz-italo-calvino\/","og_locale":"tr_TR","og_type":"article","og_title":"Bir dakika durun! Sa\u00e7ma sapan \u015feyler yap\u0131yoruz! Do\u011fru yol bu olamaz! | \u0130talo Calvino","og_description":"Bir kez geldi ba\u015f\u0131ma, bir yol a\u011fz\u0131nda, kalabal\u0131k aras\u0131nda, karma\u015fan\u0131n ortas\u0131nda.Durup g\u00f6zlerimi k\u0131rpt\u0131m: Hi\u00e7bir \u015fey anlamaz olmu\u015ftum. Hi\u00e7bir \u015fey, hi\u00e7.: Olanlar\u0131, insanlar\u0131 anlamaz olmu\u015ftum,her \u015fey anlams\u0131z ve sa\u00e7mayd\u0131. G\u00fclmeye ba\u015flad\u0131m.As\u0131l o g\u00fcne kadar hi\u00e7bir \u015feyin fark\u0131na varmam\u0131\u015f ve her \u015feyi oldu\u011fu gibi kabul etmem tuhaft\u0131:Trafik \u0131\u015f\u0131klar\u0131, ara\u00e7lar, afi\u015fler, \u00fcniformalar, an\u0131tlar, d\u00fcnyan\u0131n anlam\u0131ndan kopmu\u015f \u015feyler,sanki\u00a0 onlar\u0131 [&hellip;]","og_url":"https:\/\/narteks.net\/index.php\/2011\/09\/05\/bir-dakika-durun-sacma-sapan-seyler-yapiyoruz-dogru-yol-bu-olamaz-italo-calvino\/","og_site_name":"narteks.net","article_published_time":"2011-09-05T09:25:24+00:00","og_image":[{"url":"http:\/\/1.bp.blogspot.com\/-YifwWkqKgyE\/TVqwkox2tUI\/AAAAAAAAAdY\/kp_2TVDb2O4\/s1600\/italo_calvino.jpg","type":"","width":"","height":""}],"author":"Tar\u0131k","twitter_card":"summary_large_image","twitter_creator":"@narteks","twitter_site":"@narteks","twitter_misc":{"Yazan:":"Tar\u0131k","Tahmini okuma s\u00fcresi":"2 dakika"},"schema":{"@context":"https:\/\/schema.org","@graph":[{"@type":"Article","@id":"https:\/\/narteks.net\/index.php\/2011\/09\/05\/bir-dakika-durun-sacma-sapan-seyler-yapiyoruz-dogru-yol-bu-olamaz-italo-calvino\/#article","isPartOf":{"@id":"https:\/\/narteks.net\/index.php\/2011\/09\/05\/bir-dakika-durun-sacma-sapan-seyler-yapiyoruz-dogru-yol-bu-olamaz-italo-calvino\/"},"author":{"name":"Tar\u0131k","@id":"https:\/\/narteks.net\/#\/schema\/person\/61f37d9834294b72d31d274e7ed79bca"},"headline":"Bir dakika durun! Sa\u00e7ma sapan \u015feyler yap\u0131yoruz! Do\u011fru yol bu olamaz! | \u0130talo Calvino","datePublished":"2011-09-05T09:25:24+00:00","mainEntityOfPage":{"@id":"https:\/\/narteks.net\/index.php\/2011\/09\/05\/bir-dakika-durun-sacma-sapan-seyler-yapiyoruz-dogru-yol-bu-olamaz-italo-calvino\/"},"wordCount":434,"commentCount":0,"publisher":{"@id":"https:\/\/narteks.net\/#organization"},"image":{"@id":"https:\/\/narteks.net\/index.php\/2011\/09\/05\/bir-dakika-durun-sacma-sapan-seyler-yapiyoruz-dogru-yol-bu-olamaz-italo-calvino\/#primaryimage"},"thumbnailUrl":"http:\/\/1.bp.blogspot.com\/-YifwWkqKgyE\/TVqwkox2tUI\/AAAAAAAAAdY\/kp_2TVDb2O4\/s1600\/italo_calvino.jpg","articleSection":["\u00c7eviri \u00d6yk\u00fcler"],"inLanguage":"tr","potentialAction":[{"@type":"CommentAction","name":"Comment","target":["https:\/\/narteks.net\/index.php\/2011\/09\/05\/bir-dakika-durun-sacma-sapan-seyler-yapiyoruz-dogru-yol-bu-olamaz-italo-calvino\/#respond"]}]},{"@type":"WebPage","@id":"https:\/\/narteks.net\/index.php\/2011\/09\/05\/bir-dakika-durun-sacma-sapan-seyler-yapiyoruz-dogru-yol-bu-olamaz-italo-calvino\/","url":"https:\/\/narteks.net\/index.php\/2011\/09\/05\/bir-dakika-durun-sacma-sapan-seyler-yapiyoruz-dogru-yol-bu-olamaz-italo-calvino\/","name":"Bir dakika durun! Sa\u00e7ma sapan \u015feyler yap\u0131yoruz! Do\u011fru yol bu olamaz! | \u0130talo Calvino - narteks.net","isPartOf":{"@id":"https:\/\/narteks.net\/#website"},"primaryImageOfPage":{"@id":"https:\/\/narteks.net\/index.php\/2011\/09\/05\/bir-dakika-durun-sacma-sapan-seyler-yapiyoruz-dogru-yol-bu-olamaz-italo-calvino\/#primaryimage"},"image":{"@id":"https:\/\/narteks.net\/index.php\/2011\/09\/05\/bir-dakika-durun-sacma-sapan-seyler-yapiyoruz-dogru-yol-bu-olamaz-italo-calvino\/#primaryimage"},"thumbnailUrl":"http:\/\/1.bp.blogspot.com\/-YifwWkqKgyE\/TVqwkox2tUI\/AAAAAAAAAdY\/kp_2TVDb2O4\/s1600\/italo_calvino.jpg","datePublished":"2011-09-05T09:25:24+00:00","breadcrumb":{"@id":"https:\/\/narteks.net\/index.php\/2011\/09\/05\/bir-dakika-durun-sacma-sapan-seyler-yapiyoruz-dogru-yol-bu-olamaz-italo-calvino\/#breadcrumb"},"inLanguage":"tr","potentialAction":[{"@type":"ReadAction","target":["https:\/\/narteks.net\/index.php\/2011\/09\/05\/bir-dakika-durun-sacma-sapan-seyler-yapiyoruz-dogru-yol-bu-olamaz-italo-calvino\/"]}]},{"@type":"ImageObject","inLanguage":"tr","@id":"https:\/\/narteks.net\/index.php\/2011\/09\/05\/bir-dakika-durun-sacma-sapan-seyler-yapiyoruz-dogru-yol-bu-olamaz-italo-calvino\/#primaryimage","url":"http:\/\/1.bp.blogspot.com\/-YifwWkqKgyE\/TVqwkox2tUI\/AAAAAAAAAdY\/kp_2TVDb2O4\/s1600\/italo_calvino.jpg","contentUrl":"http:\/\/1.bp.blogspot.com\/-YifwWkqKgyE\/TVqwkox2tUI\/AAAAAAAAAdY\/kp_2TVDb2O4\/s1600\/italo_calvino.jpg"},{"@type":"BreadcrumbList","@id":"https:\/\/narteks.net\/index.php\/2011\/09\/05\/bir-dakika-durun-sacma-sapan-seyler-yapiyoruz-dogru-yol-bu-olamaz-italo-calvino\/#breadcrumb","itemListElement":[{"@type":"ListItem","position":1,"name":"Anasayfa","item":"https:\/\/narteks.net\/"},{"@type":"ListItem","position":2,"name":"Bir dakika durun! Sa\u00e7ma sapan \u015feyler yap\u0131yoruz! Do\u011fru yol bu olamaz! | \u0130talo Calvino"}]},{"@type":"WebSite","@id":"https:\/\/narteks.net\/#website","url":"https:\/\/narteks.net\/","name":"narteks.net","description":"K\u00fclt\u00fcr Sanat Edebiyat Felsefe","publisher":{"@id":"https:\/\/narteks.net\/#organization"},"alternateName":"K\u00fclt\u00fcr Sanat Edebiyat Felsefe","potentialAction":[{"@type":"SearchAction","target":{"@type":"EntryPoint","urlTemplate":"https:\/\/narteks.net\/?s={search_term_string}"},"query-input":{"@type":"PropertyValueSpecification","valueRequired":true,"valueName":"search_term_string"}}],"inLanguage":"tr"},{"@type":"Organization","@id":"https:\/\/narteks.net\/#organization","name":"narteks.net","url":"https:\/\/narteks.net\/","logo":{"@type":"ImageObject","inLanguage":"tr","@id":"https:\/\/narteks.net\/#\/schema\/logo\/image\/","url":"https:\/\/narteks.net\/wp-content\/uploads\/narteks.png","contentUrl":"https:\/\/narteks.net\/wp-content\/uploads\/narteks.png","width":300,"height":90,"caption":"narteks.net"},"image":{"@id":"https:\/\/narteks.net\/#\/schema\/logo\/image\/"},"sameAs":["https:\/\/x.com\/narteks","https:\/\/instagram.com\/narteksnet"]},{"@type":"Person","@id":"https:\/\/narteks.net\/#\/schema\/person\/61f37d9834294b72d31d274e7ed79bca","name":"Tar\u0131k","image":{"@type":"ImageObject","inLanguage":"tr","@id":"https:\/\/narteks.net\/#\/schema\/person\/image\/","url":"https:\/\/secure.gravatar.com\/avatar\/50865afb55632c4ae467e0af0930f6510aa2297d8014be502a55b14f3b7550cf?s=96&d=mm&r=g","contentUrl":"https:\/\/secure.gravatar.com\/avatar\/50865afb55632c4ae467e0af0930f6510aa2297d8014be502a55b14f3b7550cf?s=96&d=mm&r=g","caption":"Tar\u0131k"},"sameAs":["http:\/\/narteks.net"],"url":"https:\/\/narteks.net\/index.php\/author\/narbak\/"}]}},"_links":{"self":[{"href":"https:\/\/narteks.net\/index.php\/wp-json\/wp\/v2\/posts\/6707","targetHints":{"allow":["GET"]}}],"collection":[{"href":"https:\/\/narteks.net\/index.php\/wp-json\/wp\/v2\/posts"}],"about":[{"href":"https:\/\/narteks.net\/index.php\/wp-json\/wp\/v2\/types\/post"}],"author":[{"embeddable":true,"href":"https:\/\/narteks.net\/index.php\/wp-json\/wp\/v2\/users\/1"}],"replies":[{"embeddable":true,"href":"https:\/\/narteks.net\/index.php\/wp-json\/wp\/v2\/comments?post=6707"}],"version-history":[{"count":0,"href":"https:\/\/narteks.net\/index.php\/wp-json\/wp\/v2\/posts\/6707\/revisions"}],"wp:attachment":[{"href":"https:\/\/narteks.net\/index.php\/wp-json\/wp\/v2\/media?parent=6707"}],"wp:term":[{"taxonomy":"category","embeddable":true,"href":"https:\/\/narteks.net\/index.php\/wp-json\/wp\/v2\/categories?post=6707"},{"taxonomy":"post_tag","embeddable":true,"href":"https:\/\/narteks.net\/index.php\/wp-json\/wp\/v2\/tags?post=6707"}],"curies":[{"name":"wp","href":"https:\/\/api.w.org\/{rel}","templated":true}]}}