{"id":671,"date":"2009-04-16T11:25:43","date_gmt":"2009-04-16T08:25:43","guid":{"rendered":"http:\/\/localhost\/wordpress\/2009\/04\/16\/filizkiran-firtinasi\/"},"modified":"2009-04-16T11:25:43","modified_gmt":"2009-04-16T08:25:43","slug":"filizkiran-firtinasi","status":"publish","type":"post","link":"https:\/\/narteks.net\/index.php\/2009\/04\/16\/filizkiran-firtinasi\/","title":{"rendered":"F\u0130L\u0130ZKIRAN FIRTINASI"},"content":{"rendered":"<p>\u00a0<\/p>\n<p>g\u00fcn do\u011fmadan ba\u015flad\u0131 filizk\u0131ran f\u0131rt\u0131nas\u0131 <br \/>evler yemen t\u00fcrk\u00fcs\u00fc <br \/> sokaklar seferberlik <br \/>\u00f6yle bir gariplik ki <br \/> \u00f6yle bir tedirginlik <br \/>yaz ba\u015f\u0131nda g\u00fcz sonras\u0131 <\/p>\n<p>ayvalar \u00e7i\u00e7ekteydi <br \/> g\u00fcller daha tomurcuk <br \/>a\u00e7\u0131l demi\u015fti g\u00fcne\u015f <br \/> a\u00e7\u0131lm\u0131\u015ft\u0131 k\u0131ra\u00e7ta k\u0131\u015f elmalar\u0131 <br \/>\u00e7\u00f6z\u00fcl demi\u015fti g\u00fcne\u015f <br \/> \u00e7\u00f6z\u00fclm\u00fc\u015ft\u00fc y\u0131lanlar karanl\u0131k odalar\u0131nda <br \/>dallarda yuvalar t\u00fcy kokuyordu <br \/> d\u00fc\u011f\u00fcn\u00e7i\u00e7ekleri \u015fenlikli <\/p>\n<p>g\u00fcn do\u011fmadan ba\u015flad\u0131 filizk\u0131ran f\u0131rt\u0131nas\u0131 <br \/>ne dal kald\u0131 ne tomurcuk <br \/>yerden yere \u00e7ald\u0131 otlar\u0131 a\u011fa\u00e7lar\u0131 <br \/> insan y\u00fczl\u00fc bir korkuluk <br \/>\u00fc\u015f\u00fcd\u00fcm d\u00fcnyalarca <br \/> bask\u0131n yemi\u015f bir kent gibi \u00fc\u015f\u00fcd\u00fcm <br \/>sergen etti filizleri sapsar\u0131 bir karanl\u0131k <br \/> bahardan k\u0131\u015fa d\u00fc\u015ft\u00fcm <\/p>\n<p>ac\u0131l\u0131 g\u00fcnler g\u00f6rd\u00fcm <br \/>s\u0131\u011fd\u0131ramam bir tek g\u00fcn\u00fc bir koca y\u0131la <br \/>geceler ge\u00e7irdim yoz kentlerin bulvarlar\u0131nda <br \/> nice baharlar\u0131 k\u0131\u015flara g\u00f6md\u00fcm <br \/>uzak d\u00fc\u015ft\u00fcm yelinden yelvesinden ac\u0131l\u0131 yurdun <br \/>uzak d\u00fc\u015ft\u00fcm umudundan mutundan <br \/> yomundan uzak d\u00fc\u015ft\u00fcm <br \/>bunalt\u0131n\u0131n b\u00f6ylesini g\u00f6rmedim <\/p>\n<p>severim f\u0131rt\u0131nan\u0131n her t\u00fcrl\u00fcs\u00fcn\u00fc <br \/>ormanlar u\u011fultulu sular dalgal\u0131 <br \/>severim filizk\u0131ran f\u0131rt\u0131nas\u0131&#8217;n\u0131 <br \/> k\u0131r\u0131p kanatm\u0131yorsa sevincin t\u00fcrk\u00fcs\u00fcn\u00fc <br \/>nerde benim bahar\u0131m <br \/> dal\u0131m yapra\u011f\u0131m nerde <br \/>gece \u00e7\u00f6km\u00fc\u015f \u00fcst\u00fcne kerpi\u00e7sel yaln\u0131zl\u0131\u011f\u0131n <br \/> sanki kaplan pen\u00e7esinde bir manda b\u00f6\u011f\u00fcrt\u00fcs\u00fc <br \/>ne ku\u015f kalm\u0131\u015f ne \u00e7i\u00e7ek <br \/>ne k\u0131rm\u0131z\u0131 ne ye\u015fil <br \/>sapsar\u0131 karanl\u0131kta yerler bahar \u00f6l\u00fcs\u00fc<\/p>\n<p>Hasan H\u00fcseyin KORKMAZG\u0130L<\/p>\n","protected":false},"excerpt":{"rendered":"<p>\u00a0 g\u00fcn do\u011fmadan ba\u015flad\u0131 filizk\u0131ran f\u0131rt\u0131nas\u0131 evler yemen t\u00fcrk\u00fcs\u00fc sokaklar seferberlik \u00f6yle bir gariplik ki \u00f6yle bir tedirginlik yaz ba\u015f\u0131nda g\u00fcz sonras\u0131 ayvalar \u00e7i\u00e7ekteydi g\u00fcller daha tomurcuk a\u00e7\u0131l demi\u015fti g\u00fcne\u015f a\u00e7\u0131lm\u0131\u015ft\u0131 k\u0131ra\u00e7ta k\u0131\u015f elmalar\u0131 \u00e7\u00f6z\u00fcl demi\u015fti g\u00fcne\u015f \u00e7\u00f6z\u00fclm\u00fc\u015ft\u00fc y\u0131lanlar karanl\u0131k odalar\u0131nda dallarda yuvalar t\u00fcy kokuyordu d\u00fc\u011f\u00fcn\u00e7i\u00e7ekleri \u015fenlikli g\u00fcn do\u011fmadan ba\u015flad\u0131 filizk\u0131ran f\u0131rt\u0131nas\u0131 ne dal kald\u0131 [&hellip;]<\/p>\n","protected":false},"author":1,"featured_media":0,"comment_status":"open","ping_status":"open","sticky":false,"template":"","format":"standard","meta":{"footnotes":""},"categories":[21],"tags":[],"class_list":{"0":"post-671","1":"post","2":"type-post","3":"status-publish","4":"format-standard","6":"category-h-huseyin-korkmazgil"},"yoast_head":"<!-- This site is optimized with the Yoast SEO Premium plugin v24.9 (Yoast SEO v24.9) - https:\/\/yoast.com\/wordpress\/plugins\/seo\/ -->\n<title>F\u0130L\u0130ZKIRAN FIRTINASI - narteks.net<\/title>\n<meta name=\"robots\" content=\"index, follow, max-snippet:-1, max-image-preview:large, max-video-preview:-1\" \/>\n<link rel=\"canonical\" href=\"https:\/\/narteks.net\/index.php\/2009\/04\/16\/filizkiran-firtinasi\/\" \/>\n<meta property=\"og:locale\" content=\"tr_TR\" \/>\n<meta property=\"og:type\" content=\"article\" \/>\n<meta property=\"og:title\" content=\"F\u0130L\u0130ZKIRAN FIRTINASI\" \/>\n<meta property=\"og:description\" content=\"\u00a0 g\u00fcn do\u011fmadan ba\u015flad\u0131 filizk\u0131ran f\u0131rt\u0131nas\u0131 evler yemen t\u00fcrk\u00fcs\u00fc sokaklar seferberlik \u00f6yle bir gariplik ki \u00f6yle bir tedirginlik yaz ba\u015f\u0131nda g\u00fcz sonras\u0131 ayvalar \u00e7i\u00e7ekteydi g\u00fcller daha tomurcuk a\u00e7\u0131l demi\u015fti g\u00fcne\u015f a\u00e7\u0131lm\u0131\u015ft\u0131 k\u0131ra\u00e7ta k\u0131\u015f elmalar\u0131 \u00e7\u00f6z\u00fcl demi\u015fti g\u00fcne\u015f \u00e7\u00f6z\u00fclm\u00fc\u015ft\u00fc y\u0131lanlar karanl\u0131k odalar\u0131nda dallarda yuvalar t\u00fcy kokuyordu d\u00fc\u011f\u00fcn\u00e7i\u00e7ekleri \u015fenlikli g\u00fcn do\u011fmadan ba\u015flad\u0131 filizk\u0131ran f\u0131rt\u0131nas\u0131 ne dal kald\u0131 [&hellip;]\" \/>\n<meta property=\"og:url\" content=\"https:\/\/narteks.net\/index.php\/2009\/04\/16\/filizkiran-firtinasi\/\" \/>\n<meta property=\"og:site_name\" content=\"narteks.net\" \/>\n<meta property=\"article:published_time\" content=\"2009-04-16T08:25:43+00:00\" \/>\n<meta property=\"og:image\" content=\"https:\/\/narteks.net\/wp-content\/uploads\/narteks.png\" \/>\n\t<meta property=\"og:image:width\" content=\"300\" \/>\n\t<meta property=\"og:image:height\" content=\"90\" \/>\n\t<meta property=\"og:image:type\" content=\"image\/png\" \/>\n<meta name=\"author\" content=\"Tar\u0131k\" \/>\n<meta name=\"twitter:card\" content=\"summary_large_image\" \/>\n<meta name=\"twitter:creator\" content=\"@narteks\" \/>\n<meta name=\"twitter:site\" content=\"@narteks\" \/>\n<meta name=\"twitter:label1\" content=\"Yazan:\" \/>\n\t<meta name=\"twitter:data1\" content=\"Tar\u0131k\" \/>\n\t<meta name=\"twitter:label2\" content=\"Tahmini okuma s\u00fcresi\" \/>\n\t<meta name=\"twitter:data2\" content=\"1 dakika\" \/>\n<script type=\"application\/ld+json\" class=\"yoast-schema-graph\">{\"@context\":\"https:\/\/schema.org\",\"@graph\":[{\"@type\":\"Article\",\"@id\":\"https:\/\/narteks.net\/index.php\/2009\/04\/16\/filizkiran-firtinasi\/#article\",\"isPartOf\":{\"@id\":\"https:\/\/narteks.net\/index.php\/2009\/04\/16\/filizkiran-firtinasi\/\"},\"author\":{\"name\":\"Tar\u0131k\",\"@id\":\"https:\/\/narteks.net\/#\/schema\/person\/61f37d9834294b72d31d274e7ed79bca\"},\"headline\":\"F\u0130L\u0130ZKIRAN FIRTINASI\",\"datePublished\":\"2009-04-16T08:25:43+00:00\",\"mainEntityOfPage\":{\"@id\":\"https:\/\/narteks.net\/index.php\/2009\/04\/16\/filizkiran-firtinasi\/\"},\"wordCount\":277,\"commentCount\":0,\"publisher\":{\"@id\":\"https:\/\/narteks.net\/#organization\"},\"articleSection\":[\"H.H\u00fcseyin KORKMAZG\u0130L\"],\"inLanguage\":\"tr\",\"potentialAction\":[{\"@type\":\"CommentAction\",\"name\":\"Comment\",\"target\":[\"https:\/\/narteks.net\/index.php\/2009\/04\/16\/filizkiran-firtinasi\/#respond\"]}]},{\"@type\":\"WebPage\",\"@id\":\"https:\/\/narteks.net\/index.php\/2009\/04\/16\/filizkiran-firtinasi\/\",\"url\":\"https:\/\/narteks.net\/index.php\/2009\/04\/16\/filizkiran-firtinasi\/\",\"name\":\"F\u0130L\u0130ZKIRAN FIRTINASI - narteks.net\",\"isPartOf\":{\"@id\":\"https:\/\/narteks.net\/#website\"},\"datePublished\":\"2009-04-16T08:25:43+00:00\",\"breadcrumb\":{\"@id\":\"https:\/\/narteks.net\/index.php\/2009\/04\/16\/filizkiran-firtinasi\/#breadcrumb\"},\"inLanguage\":\"tr\",\"potentialAction\":[{\"@type\":\"ReadAction\",\"target\":[\"https:\/\/narteks.net\/index.php\/2009\/04\/16\/filizkiran-firtinasi\/\"]}]},{\"@type\":\"BreadcrumbList\",\"@id\":\"https:\/\/narteks.net\/index.php\/2009\/04\/16\/filizkiran-firtinasi\/#breadcrumb\",\"itemListElement\":[{\"@type\":\"ListItem\",\"position\":1,\"name\":\"Anasayfa\",\"item\":\"https:\/\/narteks.net\/\"},{\"@type\":\"ListItem\",\"position\":2,\"name\":\"F\u0130L\u0130ZKIRAN FIRTINASI\"}]},{\"@type\":\"WebSite\",\"@id\":\"https:\/\/narteks.net\/#website\",\"url\":\"https:\/\/narteks.net\/\",\"name\":\"narteks.net\",\"description\":\"K\u00fclt\u00fcr Sanat Edebiyat Felsefe\",\"publisher\":{\"@id\":\"https:\/\/narteks.net\/#organization\"},\"alternateName\":\"K\u00fclt\u00fcr Sanat Edebiyat Felsefe\",\"potentialAction\":[{\"@type\":\"SearchAction\",\"target\":{\"@type\":\"EntryPoint\",\"urlTemplate\":\"https:\/\/narteks.net\/?s={search_term_string}\"},\"query-input\":{\"@type\":\"PropertyValueSpecification\",\"valueRequired\":true,\"valueName\":\"search_term_string\"}}],\"inLanguage\":\"tr\"},{\"@type\":\"Organization\",\"@id\":\"https:\/\/narteks.net\/#organization\",\"name\":\"narteks.net\",\"url\":\"https:\/\/narteks.net\/\",\"logo\":{\"@type\":\"ImageObject\",\"inLanguage\":\"tr\",\"@id\":\"https:\/\/narteks.net\/#\/schema\/logo\/image\/\",\"url\":\"https:\/\/narteks.net\/wp-content\/uploads\/narteks.png\",\"contentUrl\":\"https:\/\/narteks.net\/wp-content\/uploads\/narteks.png\",\"width\":300,\"height\":90,\"caption\":\"narteks.net\"},\"image\":{\"@id\":\"https:\/\/narteks.net\/#\/schema\/logo\/image\/\"},\"sameAs\":[\"https:\/\/x.com\/narteks\",\"https:\/\/instagram.com\/narteksnet\"]},{\"@type\":\"Person\",\"@id\":\"https:\/\/narteks.net\/#\/schema\/person\/61f37d9834294b72d31d274e7ed79bca\",\"name\":\"Tar\u0131k\",\"image\":{\"@type\":\"ImageObject\",\"inLanguage\":\"tr\",\"@id\":\"https:\/\/narteks.net\/#\/schema\/person\/image\/\",\"url\":\"https:\/\/secure.gravatar.com\/avatar\/50865afb55632c4ae467e0af0930f6510aa2297d8014be502a55b14f3b7550cf?s=96&d=mm&r=g\",\"contentUrl\":\"https:\/\/secure.gravatar.com\/avatar\/50865afb55632c4ae467e0af0930f6510aa2297d8014be502a55b14f3b7550cf?s=96&d=mm&r=g\",\"caption\":\"Tar\u0131k\"},\"sameAs\":[\"http:\/\/narteks.net\"],\"url\":\"https:\/\/narteks.net\/index.php\/author\/narbak\/\"}]}<\/script>\n<!-- \/ Yoast SEO Premium plugin. -->","yoast_head_json":{"title":"F\u0130L\u0130ZKIRAN FIRTINASI - narteks.net","robots":{"index":"index","follow":"follow","max-snippet":"max-snippet:-1","max-image-preview":"max-image-preview:large","max-video-preview":"max-video-preview:-1"},"canonical":"https:\/\/narteks.net\/index.php\/2009\/04\/16\/filizkiran-firtinasi\/","og_locale":"tr_TR","og_type":"article","og_title":"F\u0130L\u0130ZKIRAN FIRTINASI","og_description":"\u00a0 g\u00fcn do\u011fmadan ba\u015flad\u0131 filizk\u0131ran f\u0131rt\u0131nas\u0131 evler yemen t\u00fcrk\u00fcs\u00fc sokaklar seferberlik \u00f6yle bir gariplik ki \u00f6yle bir tedirginlik yaz ba\u015f\u0131nda g\u00fcz sonras\u0131 ayvalar \u00e7i\u00e7ekteydi g\u00fcller daha tomurcuk a\u00e7\u0131l demi\u015fti g\u00fcne\u015f a\u00e7\u0131lm\u0131\u015ft\u0131 k\u0131ra\u00e7ta k\u0131\u015f elmalar\u0131 \u00e7\u00f6z\u00fcl demi\u015fti g\u00fcne\u015f \u00e7\u00f6z\u00fclm\u00fc\u015ft\u00fc y\u0131lanlar karanl\u0131k odalar\u0131nda dallarda yuvalar t\u00fcy kokuyordu d\u00fc\u011f\u00fcn\u00e7i\u00e7ekleri \u015fenlikli g\u00fcn do\u011fmadan ba\u015flad\u0131 filizk\u0131ran f\u0131rt\u0131nas\u0131 ne dal kald\u0131 [&hellip;]","og_url":"https:\/\/narteks.net\/index.php\/2009\/04\/16\/filizkiran-firtinasi\/","og_site_name":"narteks.net","article_published_time":"2009-04-16T08:25:43+00:00","og_image":[{"width":300,"height":90,"url":"https:\/\/narteks.net\/wp-content\/uploads\/narteks.png","type":"image\/png"}],"author":"Tar\u0131k","twitter_card":"summary_large_image","twitter_creator":"@narteks","twitter_site":"@narteks","twitter_misc":{"Yazan:":"Tar\u0131k","Tahmini okuma s\u00fcresi":"1 dakika"},"schema":{"@context":"https:\/\/schema.org","@graph":[{"@type":"Article","@id":"https:\/\/narteks.net\/index.php\/2009\/04\/16\/filizkiran-firtinasi\/#article","isPartOf":{"@id":"https:\/\/narteks.net\/index.php\/2009\/04\/16\/filizkiran-firtinasi\/"},"author":{"name":"Tar\u0131k","@id":"https:\/\/narteks.net\/#\/schema\/person\/61f37d9834294b72d31d274e7ed79bca"},"headline":"F\u0130L\u0130ZKIRAN FIRTINASI","datePublished":"2009-04-16T08:25:43+00:00","mainEntityOfPage":{"@id":"https:\/\/narteks.net\/index.php\/2009\/04\/16\/filizkiran-firtinasi\/"},"wordCount":277,"commentCount":0,"publisher":{"@id":"https:\/\/narteks.net\/#organization"},"articleSection":["H.H\u00fcseyin KORKMAZG\u0130L"],"inLanguage":"tr","potentialAction":[{"@type":"CommentAction","name":"Comment","target":["https:\/\/narteks.net\/index.php\/2009\/04\/16\/filizkiran-firtinasi\/#respond"]}]},{"@type":"WebPage","@id":"https:\/\/narteks.net\/index.php\/2009\/04\/16\/filizkiran-firtinasi\/","url":"https:\/\/narteks.net\/index.php\/2009\/04\/16\/filizkiran-firtinasi\/","name":"F\u0130L\u0130ZKIRAN FIRTINASI - narteks.net","isPartOf":{"@id":"https:\/\/narteks.net\/#website"},"datePublished":"2009-04-16T08:25:43+00:00","breadcrumb":{"@id":"https:\/\/narteks.net\/index.php\/2009\/04\/16\/filizkiran-firtinasi\/#breadcrumb"},"inLanguage":"tr","potentialAction":[{"@type":"ReadAction","target":["https:\/\/narteks.net\/index.php\/2009\/04\/16\/filizkiran-firtinasi\/"]}]},{"@type":"BreadcrumbList","@id":"https:\/\/narteks.net\/index.php\/2009\/04\/16\/filizkiran-firtinasi\/#breadcrumb","itemListElement":[{"@type":"ListItem","position":1,"name":"Anasayfa","item":"https:\/\/narteks.net\/"},{"@type":"ListItem","position":2,"name":"F\u0130L\u0130ZKIRAN FIRTINASI"}]},{"@type":"WebSite","@id":"https:\/\/narteks.net\/#website","url":"https:\/\/narteks.net\/","name":"narteks.net","description":"K\u00fclt\u00fcr Sanat Edebiyat Felsefe","publisher":{"@id":"https:\/\/narteks.net\/#organization"},"alternateName":"K\u00fclt\u00fcr Sanat Edebiyat Felsefe","potentialAction":[{"@type":"SearchAction","target":{"@type":"EntryPoint","urlTemplate":"https:\/\/narteks.net\/?s={search_term_string}"},"query-input":{"@type":"PropertyValueSpecification","valueRequired":true,"valueName":"search_term_string"}}],"inLanguage":"tr"},{"@type":"Organization","@id":"https:\/\/narteks.net\/#organization","name":"narteks.net","url":"https:\/\/narteks.net\/","logo":{"@type":"ImageObject","inLanguage":"tr","@id":"https:\/\/narteks.net\/#\/schema\/logo\/image\/","url":"https:\/\/narteks.net\/wp-content\/uploads\/narteks.png","contentUrl":"https:\/\/narteks.net\/wp-content\/uploads\/narteks.png","width":300,"height":90,"caption":"narteks.net"},"image":{"@id":"https:\/\/narteks.net\/#\/schema\/logo\/image\/"},"sameAs":["https:\/\/x.com\/narteks","https:\/\/instagram.com\/narteksnet"]},{"@type":"Person","@id":"https:\/\/narteks.net\/#\/schema\/person\/61f37d9834294b72d31d274e7ed79bca","name":"Tar\u0131k","image":{"@type":"ImageObject","inLanguage":"tr","@id":"https:\/\/narteks.net\/#\/schema\/person\/image\/","url":"https:\/\/secure.gravatar.com\/avatar\/50865afb55632c4ae467e0af0930f6510aa2297d8014be502a55b14f3b7550cf?s=96&d=mm&r=g","contentUrl":"https:\/\/secure.gravatar.com\/avatar\/50865afb55632c4ae467e0af0930f6510aa2297d8014be502a55b14f3b7550cf?s=96&d=mm&r=g","caption":"Tar\u0131k"},"sameAs":["http:\/\/narteks.net"],"url":"https:\/\/narteks.net\/index.php\/author\/narbak\/"}]}},"_links":{"self":[{"href":"https:\/\/narteks.net\/index.php\/wp-json\/wp\/v2\/posts\/671","targetHints":{"allow":["GET"]}}],"collection":[{"href":"https:\/\/narteks.net\/index.php\/wp-json\/wp\/v2\/posts"}],"about":[{"href":"https:\/\/narteks.net\/index.php\/wp-json\/wp\/v2\/types\/post"}],"author":[{"embeddable":true,"href":"https:\/\/narteks.net\/index.php\/wp-json\/wp\/v2\/users\/1"}],"replies":[{"embeddable":true,"href":"https:\/\/narteks.net\/index.php\/wp-json\/wp\/v2\/comments?post=671"}],"version-history":[{"count":0,"href":"https:\/\/narteks.net\/index.php\/wp-json\/wp\/v2\/posts\/671\/revisions"}],"wp:attachment":[{"href":"https:\/\/narteks.net\/index.php\/wp-json\/wp\/v2\/media?parent=671"}],"wp:term":[{"taxonomy":"category","embeddable":true,"href":"https:\/\/narteks.net\/index.php\/wp-json\/wp\/v2\/categories?post=671"},{"taxonomy":"post_tag","embeddable":true,"href":"https:\/\/narteks.net\/index.php\/wp-json\/wp\/v2\/tags?post=671"}],"curies":[{"name":"wp","href":"https:\/\/api.w.org\/{rel}","templated":true}]}}