{"id":6711,"date":"2011-09-07T14:27:38","date_gmt":"2011-09-07T11:27:38","guid":{"rendered":"http:\/\/localhost\/wordpress\/2011\/09\/07\/olulerin-hicbir-sey-duyamadiklarini-bildigim-halde-ona-gittim-maksim-gorki\/"},"modified":"2011-09-07T14:27:38","modified_gmt":"2011-09-07T11:27:38","slug":"olulerin-hicbir-sey-duyamadiklarini-bildigim-halde-ona-gittim-maksim-gorki","status":"publish","type":"post","link":"https:\/\/narteks.net\/index.php\/2011\/09\/07\/olulerin-hicbir-sey-duyamadiklarini-bildigim-halde-ona-gittim-maksim-gorki\/","title":{"rendered":"\u00d6l\u00fclerin hi\u00e7bir \u015fey duyamad\u0131klar\u0131n\u0131 bildi\u011fim halde, ona gittim | Maksim Gorki"},"content":{"rendered":"<p style=\"text-align: justify;\"><img loading=\"lazy\" decoding=\"async\" src=\"http:\/\/www.kucukisler.com\/wp-content\/uploads\/gorki11.jpg\" border=\"0\" width=\"155\" height=\"205\" style=\"float: left; border: 0;\" \/>Mavi durgun g\u00f6l, sonsuz karlarla kapl\u0131 da\u011flarla \u00e7evriliydi. Bah\u00e7elerin koyu renkli dantel k\u0131y\u0131lar\u0131, yumu\u015fak katlar halinde suya do\u011fru iniyordu. \u015eekerden yap\u0131lm\u0131\u015f gibi g\u00f6r\u00fcnen beyaz evler k\u0131y\u0131dan suya bak\u0131yordu. \u00c7evredeki her \u015fey bir \u00e7ocu\u011fun sessiz uykusuna benziyordu.<br \/>Sabaht\u0131. Da\u011flardan tatl\u0131 tatl\u0131 \u00e7i\u00e7ek kokular\u0131 geliyordu. G\u00fcne\u015f daha yeni do\u011fmu\u015ftu; \u00e7iy h\u00e2l\u00e2 a\u011fa\u00e7lar\u0131n yapraklar\u0131nda, \u00e7imenlerin u\u00e7lar\u0131nda par\u0131ld\u0131yordu. Yol, gri bir kurdele gibi, da\u011flar\u0131n sessiz ge\u00e7idine f\u0131rlat\u0131lm\u0131\u015ft\u0131. Yol ta\u015fla d\u00f6\u015fenmi\u015fti, ama insana kadife gibi yumu\u015fak geliyor ve eliyle ok\u015fama iste\u011fi uyand\u0131r\u0131yordu.<\/p>\n<p style=\"text-align: justify;\">K\u0131rma ta\u015f y\u0131\u011f\u0131n\u0131 yak\u0131nlar\u0131nda b\u00f6cek gibi kapkara bir i\u015f\u00e7i oturuyordu. G\u00f6\u011fs\u00fcnde bir madalya vard\u0131, y\u00fcz\u00fc cesur ve g\u00fcle\u00e7ti.<br \/>Bak\u0131r rengi ellerini dizlerinin \u00fczerine koyup, hafif\u00e7e ba\u015f\u0131n\u0131 kald\u0131r\u0131p, kestane a\u011fac\u0131n\u0131n alt\u0131nda duran yolcuya:<\/p>\n<p style=\"text-align: justify;\">\u2014 Senyor, bu madalya Simplon t\u00fcnelindeki \u00e7al\u0131\u015fmam i\u00e7in.\u00a0 derken, adam\u0131n y\u00fcz\u00fcne bak\u0131yordu.<\/p>\n<p style=\"text-align: justify;\">Sonra g\u00f6zlerini g\u00f6\u011fs\u00fcne do\u011fru indirip, g\u00fczel metal par\u00e7as\u0131na bakarken tatl\u0131 tatl\u0131 g\u00fcl\u00fcmsedi.<\/p>\n<p style=\"text-align: justify;\">\u2014 E, her i\u015f \u00f6nceleri zordur, sevinceye kadar da zor gelir. Sonraysa seni heyecanland\u0131r\u0131r ve daha kolay gelir. Yine de bizimkisi zordu!<\/p>\n<p style=\"text-align: justify;\">\u0130\u015f\u00e7i g\u00fcne\u015fe g\u00fcl\u00fcmseyerek yava\u015f\u00e7a ba\u015f\u0131n\u0131 sallad\u0131, aniden canland\u0131, elini sallad\u0131, siyah g\u00f6zleri par\u0131ldad\u0131.<\/p>\n<p style=\"text-align: justify;\">\u2014 Hatta bazen korkun\u00e7tu. Ne de olsa toprak da bir \u015feyler hissediyordur, \u00f6yle de\u011fil mi? Da\u011fda bu yaray\u0131 a\u00e7\u0131p topra\u011f\u0131n derinlerine girdi\u011fimizde, toprak orada, i\u00e7erisinde bizi \u00e7ok sert kar\u015f\u0131lam\u0131\u015ft\u0131. \u00dczerimize k\u0131zg\u0131n solu\u011funu \u00fcf\u00fcr\u00fcyor, bundan da kalbimiz durur gibi oluyordu, ba\u015f\u0131m\u0131z a\u011f\u0131rla\u015fmaya ba\u015fl\u0131yor ve kemiklerimiz a\u011fr\u0131yordu; bunlar\u0131 pek \u00e7o\u011fumuz hissetmi\u015ftir! Toprak sonralar\u0131 insanlar\u0131n \u00fczerine ta\u015flar ya\u011fd\u0131r\u0131yor ve kaynar su boca ediyordu. \u00c7ok korkun\u00e7tu! Bazen suyun ate\u015fte k\u0131pk\u0131rm\u0131z\u0131 kesildi\u011fi olurdu. Babam da bana &#8220;Biz topra\u011f\u0131 yaralad\u0131k, o da bizim hepimizi kendi kan\u0131yla bo\u011facak, yakacak, g\u00f6receksin!&#8221; derdi. Elbette bu bir k\u00e2bustu, ama bu s\u00f6zleri topra\u011f\u0131n derinlerindeyken, bo\u011fucu karanl\u0131\u011f\u0131n, suyun a\u011flamakl\u0131 \u015f\u0131r\u0131lt\u0131s\u0131n\u0131n ve demirin kayaya vuran g\u00fcmb\u00fcrt\u00fcs\u00fcn\u00fcn ortas\u0131ndayken duyuyor ve k\u00e2bus oldu\u011funu unutuyorsun. Orada her \u015fey bu k\u00e2busa uygundu, say\u0131n senyor, biz b\u00f6yle k\u00fc\u00e7\u00fck insanlar\u0131z, bu da\u011fsa, g\u00f6ky\u00fcz\u00fcne kadar uzanan bu da\u011fsa, bizim a\u00e7g\u00f6zl\u00fcl\u00fckle i\u00e7ini oydu\u011fumuz bu da\u011fsa&#8230;. bunu anlamak i\u00e7in g\u00f6rmek gerek! Bizim a\u00e7t\u0131\u011f\u0131m\u0131z o kara yuta\u011f\u0131, sabahleyin g\u00fcne\u015fin do\u011fusuyla birlikte buraya giren k\u00fc\u00e7\u00fck insanlar\u0131 g\u00f6rmek gerek. G\u00fcne\u015finse topra\u011f\u0131n alt\u0131na girenlerin ard\u0131ndan h\u00fcz\u00fcnle bak\u0131\u015f\u0131n\u0131; makineleri, da\u011f\u0131n as\u0131k y\u00fcz\u00fcn\u00fc g\u00f6rmek, topra\u011f\u0131n i\u00e7inde, derinlerdeki kara g\u00fcr\u00fclt\u00fcy\u00fc ve bir delinin kahkahalar\u0131na benzeyen patlamalar\u0131n yank\u0131lar\u0131n\u0131 duymak gerek.<\/p>\n<p style=\"text-align: justify;\">\u0130\u015f\u00e7i ellerine g\u00f6z att\u0131, mavi ceketinin \u00fczerindeki madalyonu d\u00fczeltti, hafif\u00e7e i\u00e7ini \u00e7ekti.<\/p>\n<p style=\"text-align: justify;\">\u2014 \u0130nsan \u00e7al\u0131\u015fmas\u0131n\u0131 bilir!\u00a0 diye gururla devam etti.<\/p>\n<p style=\"text-align: justify;\">\u2014 Ah senyor, \u00e7al\u0131\u015fmak istedi\u011finde k\u00fc\u00e7\u00fck insan\u0131n yenilmez bir g\u00fcc\u00fc vard\u0131r! \u0130nan\u0131n ki, bu k\u00fc\u00e7\u00fck insan eninde sonunda diledi\u011fi her \u015feyi yapar. Babam \u00f6nceleri buna inanm\u0131yordu.<\/p>\n<p style=\"text-align: justify;\">\u2014 &#8220;Da\u011f\u0131 bir \u00fclkeden di\u011fer \u00fclkeye boylu boyunca oymak, topra\u011f\u0131 da\u011flar\u0131n duvarlar\u0131yla b\u00f6len Tanr\u0131ya kar\u015f\u0131 gelmektir, Meryem Ana&#8217;n\u0131n bizimle olmayaca\u011f\u0131n\u0131 g\u00f6receksiniz!&#8221;\u00a0 derdi. Yan\u0131l\u0131yordu, Meryem Ana onu seven herkesle beraberdir. Daha sonralar\u0131 babam da hemen hemen \u015fimdi sizinle konu\u015ftu\u011fum gibi d\u00fc\u015f\u00fcnmeye ba\u015flad\u0131, \u00e7\u00fcnk\u00fc kendini da\u011fdan daha yukar\u0131da, daha g\u00fc\u00e7l\u00fc hissetti. Ama bayramlarda masan\u0131n ba\u015f\u0131na \u015farap \u015fi\u015fesinin \u00f6n\u00fcne oturup bana ve di\u011ferlerine \u00f6\u011f\u00fct verdi\u011fi zamanlar da oldu:<\/p>\n<p style=\"text-align: justify;\">\u2014 &#8220;Tanr\u0131n\u0131n \u00e7ocuklar\u0131&#8221; \u2014 bu onun en sevdi\u011fi s\u00f6zd\u00fc, \u00e7\u00fcnk\u00fc iyi kalpli ve dindar bir insand\u0131. \u2014 &#8220;Tanr\u0131n\u0131n \u00e7ocuklar\u0131, toprakla b\u00f6yle sava\u015fmak olmaz, yaralar\u0131 i\u00e7in \u00f6c\u00fcn\u00fc al\u0131r ve iyice yenilmezle\u015fir! Da\u011f\u0131 kalbine kadar oyar ve kalbine dokunursak, bu kalbin bizi yakaca\u011f\u0131n\u0131, \u00fczerimize alevler p\u00fcsk\u00fcrtece\u011fini g\u00f6receksiniz, \u00e7\u00fcnk\u00fc topra\u011f\u0131n kalbi ate\u015ftendir, bunu herkes bilir! Bize topra\u011f\u0131 i\u015flemek, do\u011fumuna yard\u0131m etmek emredildi, bizse onun y\u00fcz\u00fcn\u00fc, onun formunu bozuyoruz. Bak\u0131n, da\u011fdaki oyu\u011fu ne kadar ilerletirsek, hava daha s\u0131cak ve soluk almak daha g\u00fc\u00e7 oluyor&#8221;&#8230;.<\/p>\n<p style=\"text-align: justify;\">Adam her iki elinin parmaklar\u0131yla b\u0131y\u0131klar\u0131n\u0131 b\u00fckerek yava\u015f\u00e7a g\u00fclmeye ba\u015flad\u0131.<\/p>\n<p style=\"text-align: justify;\">\u2014 B\u00f6yle d\u00fc\u015f\u00fcnen bir tek o de\u011fildi, s\u00f6zleri de do\u011fruydu: T\u00fcnelde ne kadar ilerlersen, s\u0131cakl\u0131k o kadar art\u0131yordu, insanlar daha \u00e7ok hastalan\u0131yor ve topra\u011fa d\u00fc\u015f\u00fcyorlard\u0131. Kaynar kaynak sular\u0131 daha g\u00fc\u00e7l\u00fc ak\u0131yor, kayalar \u00fczerimize d\u00f6k\u00fcl\u00fcyordu. Bizden, Lugano&#8217;dan, iki ki\u015fi akl\u0131n\u0131 yitirdi. Geceleri bizim kamptan pek \u00e7ok ki\u015fi say\u0131kl\u0131yor, inliyor ve deh\u015fet i\u00e7inde yataklar\u0131ndan s\u0131\u00e7r\u0131yordu&#8230;.<\/p>\n<p style=\"text-align: justify;\">\u2014 Babam &#8220;Acaba hakl\u0131 de\u011fil miymi\u015fim?&#8221; diyordu, g\u00f6zlerinde korkuyla ve daha s\u0131k, daha bo\u011fuk \u00f6ks\u00fcrerek&#8230;. &#8220;Hakl\u0131 de\u011fil miymi\u015fim? Bu toprak yenilmez!&#8221;\u00a0 diyordu.<\/p>\n<p style=\"text-align: justify;\">\u2014 Sonunda bir daha hi\u00e7 kalkmamac\u0131s\u0131na yatt\u0131. G\u00fc\u00e7l\u00fcyd\u00fc benim ya\u015fl\u0131 babam, \u00fc\u00e7 haftadan fazla, inatla, kendini de\u011ferini bilen bir insan gibi hi\u00e7 yak\u0131nmadan \u00f6l\u00fcmle sava\u015ft\u0131.<\/p>\n<p style=\"text-align: justify;\">\u2014 &#8220;Benim i\u015fim bitti Paolo&#8221; dedi bir gece bana. &#8220;Kendini koru ve eve d\u00f6n, Meryem Ana sana yard\u0131m etsin!&#8221; Sonra g\u00f6zlerini kapat\u0131p, soluk solu\u011fa kalarak uzun s\u00fcre sustu.<\/p>\n<p style=\"text-align: justify;\">Adam aya\u011fa kalkt\u0131, da\u011fa bakt\u0131 ve \u00f6yle b\u00fcy\u00fck bir g\u00fc\u00e7le gerindi ki, eklemleri \u00e7at\u0131rdad\u0131.<\/p>\n<p style=\"text-align: justify;\">\u2014 Elimden tuttu, kendine do\u011fru \u00e7ekti ve &#8220;Paolo, o\u011flum, biliyorsun, ben her \u015feye kar\u015f\u0131n bu i\u015fin bitece\u011fini d\u00fc\u015f\u00fcn\u00fcyorum. Bizler ve \u015fu di\u011fer taraftan gelenler, birbirimizi da\u011fda bulaca\u011f\u0131z, kar\u015f\u0131la\u015faca\u011f\u0131z, buna sen de inan\u0131yor musun?&#8221; dedi. Babam kutsal ger\u00e7e\u011fi s\u00f6yl\u00fcyordu senyor.<br \/>\u0130nan\u0131yordum.<\/p>\n<p style=\"text-align: justify;\">\u2014 &#8220;\u00c7ok iyi, o\u011flum! Gerekli olan da bu, her \u015feyi inan\u00e7la, iyi niyetle ve Meryem Ana&#8217;ya edilen dualara, hay\u0131rl\u0131 i\u015flere yard\u0131m eden Tanr\u0131ya inanarak yapmak gerek. Sana rica ediyorum o\u011flum, e\u011fer bu ger\u00e7ekle\u015firse, e\u011fer insanlar birle\u015firlerse, bana, mezar\u0131ma gel ve &#8216;Baba, tamam!&#8217; de. Bunu bileyim!&#8221;<\/p>\n<p style=\"text-align: justify;\">\u2014 Babam\u0131n s\u00f6zleri \u00e7ok g\u00fczeldi say\u0131n senyor, ben de ona s\u00f6z verdim. Bu s\u00f6zlerinden be\u015f g\u00fcn sonra \u00f6ld\u00fc, \u00f6l\u00fcm\u00fcnden \u00f6nceki iki g\u00fcn boyunca benden ve di\u011ferlerinden, onu oraya, t\u00fcnelde \u00e7al\u0131\u015ft\u0131\u011f\u0131 yere defnetmemizi istedi, bunu \u00e7ok istedi, ama ben bunun art\u0131k bir hezeyan oldu\u011funu d\u00fc\u015f\u00fcn\u00fcyorum&#8230;<\/p>\n<p style=\"text-align: justify;\">\u2014 Biz ve di\u011fer taraftan gelenler, babam\u0131n \u00f6l\u00fcm\u00fcnden on \u00fc\u00e7 hafta sonra da\u011fda kar\u015f\u0131la\u015ft\u0131k, \u00e7\u0131lg\u0131nca bir g\u00fcnd\u00fc, senyor! Orada, topra\u011f\u0131n alt\u0131nda, karanl\u0131kta di\u011fer i\u015fin g\u00fcr\u00fclt\u00fcs\u00fcn\u00fc, kar\u015f\u0131 taraf\u0131m\u0131zdan bize do\u011fru gelenlerin g\u00fcr\u00fclt\u00fcs\u00fcn\u00fc yerin alt\u0131nda duyuyorduk, anl\u0131yor musunuz senyor, bizi, k\u00fc\u00e7\u00fcc\u00fck bizleri, hepimizi bir anda ezebilecek topra\u011f\u0131n korkun\u00e7 a\u011f\u0131rl\u0131\u011f\u0131 alt\u0131nda!<\/p>\n<p style=\"text-align: justify;\">\u2014 G\u00fcnlerce o u\u011fultulu sesleri duyduk, sesler her ge\u00e7en g\u00fcn daha da anla\u015f\u0131l\u0131r ve a\u00e7\u0131k olmaya ba\u015flam\u0131\u015ft\u0131. Bizi, yenenlerin halinden memnun \u00e7\u0131lg\u0131nl\u0131\u011f\u0131 kaplam\u0131\u015ft\u0131, deli gibi, ruh gibi, yorgunluk duymadan, emir beklemeden \u00e7al\u0131\u015f\u0131yorduk. G\u00fcnl\u00fck g\u00fcne\u015flik havada dans eder gibi g\u00fczeldi bizim i\u00e7in, yemin ederim! Bizi, hepimizi \u00e7ocuklar gibi sevimli, iyi kalpli bir hal alm\u0131\u015ft\u0131. Uzun aylar boyunca t\u0131pk\u0131 bir k\u00f6stebek gibi kazd\u0131\u011f\u0131n topra\u011f\u0131n alt\u0131nda, karanl\u0131kta bir insana rastlama iste\u011fi nas\u0131l da dayan\u0131lmaz, nas\u0131l da tutkulu bir istektir, ah, bir bilebilseniz!<\/p>\n<p style=\"text-align: justify;\">\u0130\u015f\u00e7i k\u0131pk\u0131rm\u0131z\u0131 kesilmi\u015fti. Dinleyicisine do\u011fru yakla\u015ft\u0131 ve derin, insanc\u0131l g\u00f6zleriyle onun g\u00f6zlerinin i\u00e7ine bakarak yava\u015f yava\u015f ve memnuniyetle devam etti:<\/p>\n<p style=\"text-align: justify;\">\u2014 Sonunda toprak tabakas\u0131 y\u0131k\u0131ld\u0131\u011f\u0131nda, delikte me\u015falenin k\u0131rm\u0131z\u0131 aleviyle birlikte birinin kapkara, sevin\u00e7 ya\u015flar\u0131yla \u0131slanm\u0131\u015f y\u00fcz\u00fc, ba\u015fka ba\u015fka me\u015faleler, ba\u015fka ba\u015fka y\u00fczler par\u0131ldad\u0131. Zafer \u00e7\u0131\u011fl\u0131klar\u0131, sevin\u00e7 \u00e7\u0131\u011fl\u0131klar\u0131 patl\u0131yordu. Ah, ya\u015fam\u0131m\u0131n en g\u00fczel g\u00fcn\u00fcyd\u00fc ve bu g\u00fcn\u00fc and\u0131k\u00e7a bo\u015funa ya\u015famad\u0131\u011f\u0131m\u0131 hissediyorum! Bu i\u015f, kutsal bir i\u015f senyor, bunu size s\u00f6yleyebilirim! Topra\u011f\u0131n alt\u0131ndan g\u00fcne\u015fe \u00e7\u0131kt\u0131\u011f\u0131m\u0131zda pek \u00e7o\u011fumuz topra\u011fa g\u00f6\u011fs\u00fcm\u00fczle kapanarak onu \u00f6p\u00fcyor, a\u011fl\u0131yorduk; bir masal gibi g\u00fczeldi! Evet, yendi\u011fimiz da\u011f\u0131 \u00f6p\u00fcyorduk, topra\u011f\u0131 \u00f6p\u00fcyorduk. \u0130\u015fte o g\u00fcn toprak benim i\u00e7in \u00f6zellikle yak\u0131n ve anla\u015f\u0131l\u0131r olmaya ba\u015flad\u0131 senyor ve onu bir kad\u0131n\u0131 sever gibi sevdim!<\/p>\n<p style=\"text-align: justify;\">\u2014 Elbette babama gittim, elbette! \u00d6l\u00fclerin hi\u00e7bir \u015fey duyamad\u0131klar\u0131n\u0131 bildi\u011fim halde, ona gittim. Bizim i\u00e7in emek veren ve bizden daha az ac\u0131 \u00e7ekmeyenlerin isteklerine sayg\u0131 duymak gerek, \u00f6yle de\u011fil mi?<\/p>\n<p style=\"text-align: justify;\">\u2014 Evet, evet, ona, mezar\u0131na gittim, onun istedi\u011fi \u015fekilde aya\u011f\u0131mla topra\u011fa vurdum ve;<\/p>\n<p style=\"text-align: justify;\">\u2014 &#8220;Baba, tamam!&#8221;\u00a0 dedim. &#8220;\u0130nsanlar kazand\u0131lar. Tamam baba!&#8221;<\/p>\n<p style=\"text-align: justify;\">\u00a0<\/p>\n<p style=\"text-align: justify;\">\u0130talya Masallar\u0131 | Maksim Gorki<\/p>\n","protected":false},"excerpt":{"rendered":"<p>Mavi durgun g\u00f6l, sonsuz karlarla kapl\u0131 da\u011flarla \u00e7evriliydi. Bah\u00e7elerin koyu renkli dantel k\u0131y\u0131lar\u0131, yumu\u015fak katlar halinde suya do\u011fru iniyordu. \u015eekerden yap\u0131lm\u0131\u015f gibi g\u00f6r\u00fcnen beyaz evler k\u0131y\u0131dan suya bak\u0131yordu. \u00c7evredeki her \u015fey bir \u00e7ocu\u011fun sessiz uykusuna benziyordu.Sabaht\u0131. Da\u011flardan tatl\u0131 tatl\u0131 \u00e7i\u00e7ek kokular\u0131 geliyordu. G\u00fcne\u015f daha yeni do\u011fmu\u015ftu; \u00e7iy h\u00e2l\u00e2 a\u011fa\u00e7lar\u0131n yapraklar\u0131nda, \u00e7imenlerin u\u00e7lar\u0131nda par\u0131ld\u0131yordu. Yol, gri [&hellip;]<\/p>\n","protected":false},"author":1,"featured_media":0,"comment_status":"open","ping_status":"open","sticky":false,"template":"","format":"standard","meta":{"footnotes":""},"categories":[115],"tags":[],"class_list":{"0":"post-6711","1":"post","2":"type-post","3":"status-publish","4":"format-standard","6":"category-ceviri-oykuler"},"yoast_head":"<!-- This site is optimized with the Yoast SEO Premium plugin v24.9 (Yoast SEO v24.9) - https:\/\/yoast.com\/wordpress\/plugins\/seo\/ -->\n<title>\u00d6l\u00fclerin hi\u00e7bir \u015fey duyamad\u0131klar\u0131n\u0131 bildi\u011fim halde, ona gittim | Maksim Gorki - narteks.net<\/title>\n<meta name=\"robots\" content=\"index, follow, max-snippet:-1, max-image-preview:large, max-video-preview:-1\" \/>\n<link rel=\"canonical\" href=\"https:\/\/narteks.net\/index.php\/2011\/09\/07\/olulerin-hicbir-sey-duyamadiklarini-bildigim-halde-ona-gittim-maksim-gorki\/\" \/>\n<meta property=\"og:locale\" content=\"tr_TR\" \/>\n<meta property=\"og:type\" content=\"article\" \/>\n<meta property=\"og:title\" content=\"\u00d6l\u00fclerin hi\u00e7bir \u015fey duyamad\u0131klar\u0131n\u0131 bildi\u011fim halde, ona gittim | Maksim Gorki\" \/>\n<meta property=\"og:description\" content=\"Mavi durgun g\u00f6l, sonsuz karlarla kapl\u0131 da\u011flarla \u00e7evriliydi. Bah\u00e7elerin koyu renkli dantel k\u0131y\u0131lar\u0131, yumu\u015fak katlar halinde suya do\u011fru iniyordu. \u015eekerden yap\u0131lm\u0131\u015f gibi g\u00f6r\u00fcnen beyaz evler k\u0131y\u0131dan suya bak\u0131yordu. \u00c7evredeki her \u015fey bir \u00e7ocu\u011fun sessiz uykusuna benziyordu.Sabaht\u0131. Da\u011flardan tatl\u0131 tatl\u0131 \u00e7i\u00e7ek kokular\u0131 geliyordu. G\u00fcne\u015f daha yeni do\u011fmu\u015ftu; \u00e7iy h\u00e2l\u00e2 a\u011fa\u00e7lar\u0131n yapraklar\u0131nda, \u00e7imenlerin u\u00e7lar\u0131nda par\u0131ld\u0131yordu. Yol, gri [&hellip;]\" \/>\n<meta property=\"og:url\" content=\"https:\/\/narteks.net\/index.php\/2011\/09\/07\/olulerin-hicbir-sey-duyamadiklarini-bildigim-halde-ona-gittim-maksim-gorki\/\" \/>\n<meta property=\"og:site_name\" content=\"narteks.net\" \/>\n<meta property=\"article:published_time\" content=\"2011-09-07T11:27:38+00:00\" \/>\n<meta property=\"og:image\" content=\"http:\/\/www.kucukisler.com\/wp-content\/uploads\/gorki11.jpg\" \/>\n<meta name=\"author\" content=\"Tar\u0131k\" \/>\n<meta name=\"twitter:card\" content=\"summary_large_image\" \/>\n<meta name=\"twitter:creator\" content=\"@narteks\" \/>\n<meta name=\"twitter:site\" content=\"@narteks\" \/>\n<meta name=\"twitter:label1\" content=\"Yazan:\" \/>\n\t<meta name=\"twitter:data1\" content=\"Tar\u0131k\" \/>\n\t<meta name=\"twitter:label2\" content=\"Tahmini okuma s\u00fcresi\" \/>\n\t<meta name=\"twitter:data2\" content=\"8 dakika\" \/>\n<script type=\"application\/ld+json\" class=\"yoast-schema-graph\">{\"@context\":\"https:\/\/schema.org\",\"@graph\":[{\"@type\":\"Article\",\"@id\":\"https:\/\/narteks.net\/index.php\/2011\/09\/07\/olulerin-hicbir-sey-duyamadiklarini-bildigim-halde-ona-gittim-maksim-gorki\/#article\",\"isPartOf\":{\"@id\":\"https:\/\/narteks.net\/index.php\/2011\/09\/07\/olulerin-hicbir-sey-duyamadiklarini-bildigim-halde-ona-gittim-maksim-gorki\/\"},\"author\":{\"name\":\"Tar\u0131k\",\"@id\":\"https:\/\/narteks.net\/#\/schema\/person\/61f37d9834294b72d31d274e7ed79bca\"},\"headline\":\"\u00d6l\u00fclerin hi\u00e7bir \u015fey duyamad\u0131klar\u0131n\u0131 bildi\u011fim halde, ona gittim | Maksim Gorki\",\"datePublished\":\"2011-09-07T11:27:38+00:00\",\"mainEntityOfPage\":{\"@id\":\"https:\/\/narteks.net\/index.php\/2011\/09\/07\/olulerin-hicbir-sey-duyamadiklarini-bildigim-halde-ona-gittim-maksim-gorki\/\"},\"wordCount\":1622,\"commentCount\":0,\"publisher\":{\"@id\":\"https:\/\/narteks.net\/#organization\"},\"image\":{\"@id\":\"https:\/\/narteks.net\/index.php\/2011\/09\/07\/olulerin-hicbir-sey-duyamadiklarini-bildigim-halde-ona-gittim-maksim-gorki\/#primaryimage\"},\"thumbnailUrl\":\"http:\/\/www.kucukisler.com\/wp-content\/uploads\/gorki11.jpg\",\"articleSection\":[\"\u00c7eviri \u00d6yk\u00fcler\"],\"inLanguage\":\"tr\",\"potentialAction\":[{\"@type\":\"CommentAction\",\"name\":\"Comment\",\"target\":[\"https:\/\/narteks.net\/index.php\/2011\/09\/07\/olulerin-hicbir-sey-duyamadiklarini-bildigim-halde-ona-gittim-maksim-gorki\/#respond\"]}]},{\"@type\":\"WebPage\",\"@id\":\"https:\/\/narteks.net\/index.php\/2011\/09\/07\/olulerin-hicbir-sey-duyamadiklarini-bildigim-halde-ona-gittim-maksim-gorki\/\",\"url\":\"https:\/\/narteks.net\/index.php\/2011\/09\/07\/olulerin-hicbir-sey-duyamadiklarini-bildigim-halde-ona-gittim-maksim-gorki\/\",\"name\":\"\u00d6l\u00fclerin hi\u00e7bir \u015fey duyamad\u0131klar\u0131n\u0131 bildi\u011fim halde, ona gittim | Maksim Gorki - narteks.net\",\"isPartOf\":{\"@id\":\"https:\/\/narteks.net\/#website\"},\"primaryImageOfPage\":{\"@id\":\"https:\/\/narteks.net\/index.php\/2011\/09\/07\/olulerin-hicbir-sey-duyamadiklarini-bildigim-halde-ona-gittim-maksim-gorki\/#primaryimage\"},\"image\":{\"@id\":\"https:\/\/narteks.net\/index.php\/2011\/09\/07\/olulerin-hicbir-sey-duyamadiklarini-bildigim-halde-ona-gittim-maksim-gorki\/#primaryimage\"},\"thumbnailUrl\":\"http:\/\/www.kucukisler.com\/wp-content\/uploads\/gorki11.jpg\",\"datePublished\":\"2011-09-07T11:27:38+00:00\",\"breadcrumb\":{\"@id\":\"https:\/\/narteks.net\/index.php\/2011\/09\/07\/olulerin-hicbir-sey-duyamadiklarini-bildigim-halde-ona-gittim-maksim-gorki\/#breadcrumb\"},\"inLanguage\":\"tr\",\"potentialAction\":[{\"@type\":\"ReadAction\",\"target\":[\"https:\/\/narteks.net\/index.php\/2011\/09\/07\/olulerin-hicbir-sey-duyamadiklarini-bildigim-halde-ona-gittim-maksim-gorki\/\"]}]},{\"@type\":\"ImageObject\",\"inLanguage\":\"tr\",\"@id\":\"https:\/\/narteks.net\/index.php\/2011\/09\/07\/olulerin-hicbir-sey-duyamadiklarini-bildigim-halde-ona-gittim-maksim-gorki\/#primaryimage\",\"url\":\"http:\/\/www.kucukisler.com\/wp-content\/uploads\/gorki11.jpg\",\"contentUrl\":\"http:\/\/www.kucukisler.com\/wp-content\/uploads\/gorki11.jpg\"},{\"@type\":\"BreadcrumbList\",\"@id\":\"https:\/\/narteks.net\/index.php\/2011\/09\/07\/olulerin-hicbir-sey-duyamadiklarini-bildigim-halde-ona-gittim-maksim-gorki\/#breadcrumb\",\"itemListElement\":[{\"@type\":\"ListItem\",\"position\":1,\"name\":\"Anasayfa\",\"item\":\"https:\/\/narteks.net\/\"},{\"@type\":\"ListItem\",\"position\":2,\"name\":\"\u00d6l\u00fclerin hi\u00e7bir \u015fey duyamad\u0131klar\u0131n\u0131 bildi\u011fim halde, ona gittim | Maksim Gorki\"}]},{\"@type\":\"WebSite\",\"@id\":\"https:\/\/narteks.net\/#website\",\"url\":\"https:\/\/narteks.net\/\",\"name\":\"narteks.net\",\"description\":\"K\u00fclt\u00fcr Sanat Edebiyat Felsefe\",\"publisher\":{\"@id\":\"https:\/\/narteks.net\/#organization\"},\"alternateName\":\"K\u00fclt\u00fcr Sanat Edebiyat Felsefe\",\"potentialAction\":[{\"@type\":\"SearchAction\",\"target\":{\"@type\":\"EntryPoint\",\"urlTemplate\":\"https:\/\/narteks.net\/?s={search_term_string}\"},\"query-input\":{\"@type\":\"PropertyValueSpecification\",\"valueRequired\":true,\"valueName\":\"search_term_string\"}}],\"inLanguage\":\"tr\"},{\"@type\":\"Organization\",\"@id\":\"https:\/\/narteks.net\/#organization\",\"name\":\"narteks.net\",\"url\":\"https:\/\/narteks.net\/\",\"logo\":{\"@type\":\"ImageObject\",\"inLanguage\":\"tr\",\"@id\":\"https:\/\/narteks.net\/#\/schema\/logo\/image\/\",\"url\":\"https:\/\/narteks.net\/wp-content\/uploads\/narteks.png\",\"contentUrl\":\"https:\/\/narteks.net\/wp-content\/uploads\/narteks.png\",\"width\":300,\"height\":90,\"caption\":\"narteks.net\"},\"image\":{\"@id\":\"https:\/\/narteks.net\/#\/schema\/logo\/image\/\"},\"sameAs\":[\"https:\/\/x.com\/narteks\",\"https:\/\/instagram.com\/narteksnet\"]},{\"@type\":\"Person\",\"@id\":\"https:\/\/narteks.net\/#\/schema\/person\/61f37d9834294b72d31d274e7ed79bca\",\"name\":\"Tar\u0131k\",\"image\":{\"@type\":\"ImageObject\",\"inLanguage\":\"tr\",\"@id\":\"https:\/\/narteks.net\/#\/schema\/person\/image\/\",\"url\":\"https:\/\/secure.gravatar.com\/avatar\/50865afb55632c4ae467e0af0930f6510aa2297d8014be502a55b14f3b7550cf?s=96&d=mm&r=g\",\"contentUrl\":\"https:\/\/secure.gravatar.com\/avatar\/50865afb55632c4ae467e0af0930f6510aa2297d8014be502a55b14f3b7550cf?s=96&d=mm&r=g\",\"caption\":\"Tar\u0131k\"},\"sameAs\":[\"http:\/\/narteks.net\"],\"url\":\"https:\/\/narteks.net\/index.php\/author\/narbak\/\"}]}<\/script>\n<!-- \/ Yoast SEO Premium plugin. -->","yoast_head_json":{"title":"\u00d6l\u00fclerin hi\u00e7bir \u015fey duyamad\u0131klar\u0131n\u0131 bildi\u011fim halde, ona gittim | Maksim Gorki - narteks.net","robots":{"index":"index","follow":"follow","max-snippet":"max-snippet:-1","max-image-preview":"max-image-preview:large","max-video-preview":"max-video-preview:-1"},"canonical":"https:\/\/narteks.net\/index.php\/2011\/09\/07\/olulerin-hicbir-sey-duyamadiklarini-bildigim-halde-ona-gittim-maksim-gorki\/","og_locale":"tr_TR","og_type":"article","og_title":"\u00d6l\u00fclerin hi\u00e7bir \u015fey duyamad\u0131klar\u0131n\u0131 bildi\u011fim halde, ona gittim | Maksim Gorki","og_description":"Mavi durgun g\u00f6l, sonsuz karlarla kapl\u0131 da\u011flarla \u00e7evriliydi. Bah\u00e7elerin koyu renkli dantel k\u0131y\u0131lar\u0131, yumu\u015fak katlar halinde suya do\u011fru iniyordu. \u015eekerden yap\u0131lm\u0131\u015f gibi g\u00f6r\u00fcnen beyaz evler k\u0131y\u0131dan suya bak\u0131yordu. \u00c7evredeki her \u015fey bir \u00e7ocu\u011fun sessiz uykusuna benziyordu.Sabaht\u0131. Da\u011flardan tatl\u0131 tatl\u0131 \u00e7i\u00e7ek kokular\u0131 geliyordu. G\u00fcne\u015f daha yeni do\u011fmu\u015ftu; \u00e7iy h\u00e2l\u00e2 a\u011fa\u00e7lar\u0131n yapraklar\u0131nda, \u00e7imenlerin u\u00e7lar\u0131nda par\u0131ld\u0131yordu. Yol, gri [&hellip;]","og_url":"https:\/\/narteks.net\/index.php\/2011\/09\/07\/olulerin-hicbir-sey-duyamadiklarini-bildigim-halde-ona-gittim-maksim-gorki\/","og_site_name":"narteks.net","article_published_time":"2011-09-07T11:27:38+00:00","og_image":[{"url":"http:\/\/www.kucukisler.com\/wp-content\/uploads\/gorki11.jpg","type":"","width":"","height":""}],"author":"Tar\u0131k","twitter_card":"summary_large_image","twitter_creator":"@narteks","twitter_site":"@narteks","twitter_misc":{"Yazan:":"Tar\u0131k","Tahmini okuma s\u00fcresi":"8 dakika"},"schema":{"@context":"https:\/\/schema.org","@graph":[{"@type":"Article","@id":"https:\/\/narteks.net\/index.php\/2011\/09\/07\/olulerin-hicbir-sey-duyamadiklarini-bildigim-halde-ona-gittim-maksim-gorki\/#article","isPartOf":{"@id":"https:\/\/narteks.net\/index.php\/2011\/09\/07\/olulerin-hicbir-sey-duyamadiklarini-bildigim-halde-ona-gittim-maksim-gorki\/"},"author":{"name":"Tar\u0131k","@id":"https:\/\/narteks.net\/#\/schema\/person\/61f37d9834294b72d31d274e7ed79bca"},"headline":"\u00d6l\u00fclerin hi\u00e7bir \u015fey duyamad\u0131klar\u0131n\u0131 bildi\u011fim halde, ona gittim | Maksim Gorki","datePublished":"2011-09-07T11:27:38+00:00","mainEntityOfPage":{"@id":"https:\/\/narteks.net\/index.php\/2011\/09\/07\/olulerin-hicbir-sey-duyamadiklarini-bildigim-halde-ona-gittim-maksim-gorki\/"},"wordCount":1622,"commentCount":0,"publisher":{"@id":"https:\/\/narteks.net\/#organization"},"image":{"@id":"https:\/\/narteks.net\/index.php\/2011\/09\/07\/olulerin-hicbir-sey-duyamadiklarini-bildigim-halde-ona-gittim-maksim-gorki\/#primaryimage"},"thumbnailUrl":"http:\/\/www.kucukisler.com\/wp-content\/uploads\/gorki11.jpg","articleSection":["\u00c7eviri \u00d6yk\u00fcler"],"inLanguage":"tr","potentialAction":[{"@type":"CommentAction","name":"Comment","target":["https:\/\/narteks.net\/index.php\/2011\/09\/07\/olulerin-hicbir-sey-duyamadiklarini-bildigim-halde-ona-gittim-maksim-gorki\/#respond"]}]},{"@type":"WebPage","@id":"https:\/\/narteks.net\/index.php\/2011\/09\/07\/olulerin-hicbir-sey-duyamadiklarini-bildigim-halde-ona-gittim-maksim-gorki\/","url":"https:\/\/narteks.net\/index.php\/2011\/09\/07\/olulerin-hicbir-sey-duyamadiklarini-bildigim-halde-ona-gittim-maksim-gorki\/","name":"\u00d6l\u00fclerin hi\u00e7bir \u015fey duyamad\u0131klar\u0131n\u0131 bildi\u011fim halde, ona gittim | Maksim Gorki - narteks.net","isPartOf":{"@id":"https:\/\/narteks.net\/#website"},"primaryImageOfPage":{"@id":"https:\/\/narteks.net\/index.php\/2011\/09\/07\/olulerin-hicbir-sey-duyamadiklarini-bildigim-halde-ona-gittim-maksim-gorki\/#primaryimage"},"image":{"@id":"https:\/\/narteks.net\/index.php\/2011\/09\/07\/olulerin-hicbir-sey-duyamadiklarini-bildigim-halde-ona-gittim-maksim-gorki\/#primaryimage"},"thumbnailUrl":"http:\/\/www.kucukisler.com\/wp-content\/uploads\/gorki11.jpg","datePublished":"2011-09-07T11:27:38+00:00","breadcrumb":{"@id":"https:\/\/narteks.net\/index.php\/2011\/09\/07\/olulerin-hicbir-sey-duyamadiklarini-bildigim-halde-ona-gittim-maksim-gorki\/#breadcrumb"},"inLanguage":"tr","potentialAction":[{"@type":"ReadAction","target":["https:\/\/narteks.net\/index.php\/2011\/09\/07\/olulerin-hicbir-sey-duyamadiklarini-bildigim-halde-ona-gittim-maksim-gorki\/"]}]},{"@type":"ImageObject","inLanguage":"tr","@id":"https:\/\/narteks.net\/index.php\/2011\/09\/07\/olulerin-hicbir-sey-duyamadiklarini-bildigim-halde-ona-gittim-maksim-gorki\/#primaryimage","url":"http:\/\/www.kucukisler.com\/wp-content\/uploads\/gorki11.jpg","contentUrl":"http:\/\/www.kucukisler.com\/wp-content\/uploads\/gorki11.jpg"},{"@type":"BreadcrumbList","@id":"https:\/\/narteks.net\/index.php\/2011\/09\/07\/olulerin-hicbir-sey-duyamadiklarini-bildigim-halde-ona-gittim-maksim-gorki\/#breadcrumb","itemListElement":[{"@type":"ListItem","position":1,"name":"Anasayfa","item":"https:\/\/narteks.net\/"},{"@type":"ListItem","position":2,"name":"\u00d6l\u00fclerin hi\u00e7bir \u015fey duyamad\u0131klar\u0131n\u0131 bildi\u011fim halde, ona gittim | Maksim Gorki"}]},{"@type":"WebSite","@id":"https:\/\/narteks.net\/#website","url":"https:\/\/narteks.net\/","name":"narteks.net","description":"K\u00fclt\u00fcr Sanat Edebiyat Felsefe","publisher":{"@id":"https:\/\/narteks.net\/#organization"},"alternateName":"K\u00fclt\u00fcr Sanat Edebiyat Felsefe","potentialAction":[{"@type":"SearchAction","target":{"@type":"EntryPoint","urlTemplate":"https:\/\/narteks.net\/?s={search_term_string}"},"query-input":{"@type":"PropertyValueSpecification","valueRequired":true,"valueName":"search_term_string"}}],"inLanguage":"tr"},{"@type":"Organization","@id":"https:\/\/narteks.net\/#organization","name":"narteks.net","url":"https:\/\/narteks.net\/","logo":{"@type":"ImageObject","inLanguage":"tr","@id":"https:\/\/narteks.net\/#\/schema\/logo\/image\/","url":"https:\/\/narteks.net\/wp-content\/uploads\/narteks.png","contentUrl":"https:\/\/narteks.net\/wp-content\/uploads\/narteks.png","width":300,"height":90,"caption":"narteks.net"},"image":{"@id":"https:\/\/narteks.net\/#\/schema\/logo\/image\/"},"sameAs":["https:\/\/x.com\/narteks","https:\/\/instagram.com\/narteksnet"]},{"@type":"Person","@id":"https:\/\/narteks.net\/#\/schema\/person\/61f37d9834294b72d31d274e7ed79bca","name":"Tar\u0131k","image":{"@type":"ImageObject","inLanguage":"tr","@id":"https:\/\/narteks.net\/#\/schema\/person\/image\/","url":"https:\/\/secure.gravatar.com\/avatar\/50865afb55632c4ae467e0af0930f6510aa2297d8014be502a55b14f3b7550cf?s=96&d=mm&r=g","contentUrl":"https:\/\/secure.gravatar.com\/avatar\/50865afb55632c4ae467e0af0930f6510aa2297d8014be502a55b14f3b7550cf?s=96&d=mm&r=g","caption":"Tar\u0131k"},"sameAs":["http:\/\/narteks.net"],"url":"https:\/\/narteks.net\/index.php\/author\/narbak\/"}]}},"_links":{"self":[{"href":"https:\/\/narteks.net\/index.php\/wp-json\/wp\/v2\/posts\/6711","targetHints":{"allow":["GET"]}}],"collection":[{"href":"https:\/\/narteks.net\/index.php\/wp-json\/wp\/v2\/posts"}],"about":[{"href":"https:\/\/narteks.net\/index.php\/wp-json\/wp\/v2\/types\/post"}],"author":[{"embeddable":true,"href":"https:\/\/narteks.net\/index.php\/wp-json\/wp\/v2\/users\/1"}],"replies":[{"embeddable":true,"href":"https:\/\/narteks.net\/index.php\/wp-json\/wp\/v2\/comments?post=6711"}],"version-history":[{"count":0,"href":"https:\/\/narteks.net\/index.php\/wp-json\/wp\/v2\/posts\/6711\/revisions"}],"wp:attachment":[{"href":"https:\/\/narteks.net\/index.php\/wp-json\/wp\/v2\/media?parent=6711"}],"wp:term":[{"taxonomy":"category","embeddable":true,"href":"https:\/\/narteks.net\/index.php\/wp-json\/wp\/v2\/categories?post=6711"},{"taxonomy":"post_tag","embeddable":true,"href":"https:\/\/narteks.net\/index.php\/wp-json\/wp\/v2\/tags?post=6711"}],"curies":[{"name":"wp","href":"https:\/\/api.w.org\/{rel}","templated":true}]}}