{"id":6713,"date":"2011-09-11T09:05:13","date_gmt":"2011-09-11T06:05:13","guid":{"rendered":"http:\/\/localhost\/wordpress\/2011\/09\/11\/meraklanma-senin-olum-yazini-da-kaleme-aliyorum-tezer-ozlu\/"},"modified":"2011-09-11T09:05:13","modified_gmt":"2011-09-11T06:05:13","slug":"meraklanma-senin-olum-yazini-da-kaleme-aliyorum-tezer-ozlu","status":"publish","type":"post","link":"https:\/\/narteks.net\/index.php\/2011\/09\/11\/meraklanma-senin-olum-yazini-da-kaleme-aliyorum-tezer-ozlu\/","title":{"rendered":"Meraklanma, senin \u00f6l\u00fcm yaz\u0131n\u0131 da kaleme al\u0131yorum | Tezer \u00d6zl\u00fc"},"content":{"rendered":"<p style=\"text-align: justify;\"><img loading=\"lazy\" decoding=\"async\" src=\"http:\/\/galeri.uludagsozluk.com\/11\/tezer-%C3%B6zl%C3%BC_8474.jpg\" border=\"0\" width=\"155\" height=\"205\" style=\"float: left;\" \/>Biz y\u0131llard\u0131r bu kentte ya\u015f\u0131yoruz. \u0130\u00e7imizde \u00f6mr\u00fc bitenler oldu. Onlar\u0131 olduk\u00e7a e\u011flentili t\u00f6renlerle g\u00f6md\u00fck. Bu t\u00f6renlerden a\u011f\u0131t ve i\u00e7tenlik y\u00f6n\u00fcnden en a\u011f\u0131r basan\u0131 Hayalet O\u011fuz\u2019un cenaze t\u00f6reni oldu. O\u011fuz, \u0130stanbul\u2019da ya\u015fad\u0131. O\u011fuz bir d\u00f6nemi ya\u015fad\u0131. Yery\u00fcz\u00fcnde belki de hi\u00e7 kimsenin ya\u015fayamad\u0131\u011f\u0131 gibi. Tek bir sandalye sahibi olmad\u0131. Bir-iki giysisi temizleyicide durur, kirlenince yenilerini sat\u0131n al\u0131r, i\u00e7 \u00e7ama\u015f\u0131r ve \u00e7oraplar\u0131n\u0131 en yak\u0131n \u00e7\u00f6p tenekesine atard\u0131. Ev almad\u0131, ev kiralamad\u0131, e\u015fya almad\u0131, e\u015fya tamir ettirmedi, belki de tek bir mobilya ma\u011fazas\u0131na girmedi. Pasaport almad\u0131, kar\u0131 almad\u0131, kar\u0131 bo\u015famad\u0131, kimseyi gebe b\u0131rakmad\u0131, resmi dairelere girip \u00e7\u0131kmad\u0131.<\/p>\n<p>Bir kez bir kad\u0131n parma\u011f\u0131na y\u00fcz\u00fck tak\u0131p:<\/p>\n<p>-O\u011fuz, sen benim ni\u015fanl\u0131ms\u0131n, dediyse de, O\u011fuz kad\u0131n\u0131n ba\u015fkalar\u0131yla yat\u0131p kalkmas\u0131na hi\u00e7 ses \u00e7\u0131karmad\u0131. Kimseye bask\u0131 yapmad\u0131, canl\u0131 ya da cans\u0131z hi\u00e7bir \u015feye mal\u0131 g\u00f6z\u00fcyle bakmad\u0131. Ni\u015fanl\u0131 geldi\u011fi gibi gitti. Bu da O\u011fuz\u2019u ne sevindirdi, ne de \u00fczd\u00fc.<\/p>\n<p>O\u011fuz\u2019u, ilkokulu bitirdi\u011fim y\u0131l Fatih\u2019teki evimizin balkonundan a\u011fabeyimin odas\u0131na bak\u0131nca g\u00f6rm\u00fc\u015ft\u00fcm. \u0130ncecik bir adam, yatakta uyuyordu. Zay\u0131fl\u0131ktan \u00f6lm\u00fc\u015f gibiydi. Y\u00fcre\u011fim burkuldu. Anneme ko\u015ftum:<\/p>\n<p>Anne, i\u00e7eride yatan adam zay\u0131fl\u0131ktan \u00f6lecek, dedim. O\u011fuz, 21 y\u0131l sonra, 1975 Eyl\u00fcl ay\u0131nda \u00f6ld\u00fc. 21 y\u0131l s\u00fcreyle birbirimizi \u00e7ok s\u0131k g\u00f6rd\u00fck. Ayn\u0131 evlerde ya\u015fad\u0131k, ayn\u0131 \u00e7evrelerde dola\u015ft\u0131k. Ayn\u0131 kitaplar\u0131 okuduk. O, \u00f6zellikle yeni \u00e7\u0131kan telif kitaplar\u0131n\u0131 ilk g\u00fcnden edinirdi. Ya yazar ona vermi\u015f, ya da O\u011fuz sat\u0131n alm\u0131\u015ft\u0131 bile.<\/p>\n<p>Okuyay\u0131m, sana b\u0131rak\u0131r\u0131m, derdi.<\/p>\n<p>Ya da en ilgin\u00e7, en olmayacak sat\u0131r ve sayfalar\u0131 bulur, y\u00fcksek sesle bana okur, kitab\u0131n \u00f6z\u00fcn\u00fc bir iki dakikada ortaya koyuverir, arkas\u0131ndan bir de \u015fakas\u0131n\u0131 yapt\u0131ktan sonra, kitab\u0131 b\u0131rak\u0131r giderdi.<\/p>\n<p>\u00c7o\u011funlukla da elinde bir \u0130ngilizce polisiye roman bulunurdu. T\u00fcrk\u00e7eye \u00e7eviri ve derleme olarak y\u00fcze yak\u0131n kitap kazand\u0131rm\u0131\u015ft\u0131. Ad\u0131n\u0131 hi\u00e7bir zaman \u00e7evirmen, yazar, ozan, \u015funu yapt\u0131, buna \u00e7al\u0131\u015f\u0131yor, bunu haz\u0131rl\u0131yor\u2026 gibilerden kullanmad\u0131. Yaz\u0131n \u00e7al\u0131\u015fmalar\u0131nda tam bir fabrika i\u015f\u00e7isiydi. S\u0131\u011f\u0131nabilece\u011fi bir k\u00f6\u015fede \u00e7al\u0131\u015f\u0131r, \u00e7al\u0131\u015fmas\u0131 bitmeden kazanaca\u011f\u0131 paray\u0131 \u00e7ekmi\u015f, bitirmi\u015f, sayfalarca \u00e7eviri bedeli de bor\u00e7lu kalm\u0131\u015f olurdu. Y\u00fczlerce film senaryosu yazd\u0131 Ye\u015fil\u00e7am\u2019a. Bunlar\u0131n t\u00fcm\u00fcn\u00fcn ad\u0131n\u0131 bile bilmez, filmleri de g\u00f6rmemi\u015ftir. Paras\u0131n\u0131 al\u0131nca da dar pa\u00e7al\u0131 bir blucin, bir kazak, bir montgomeri ya da mevsime g\u00f6re yeni bir g\u00f6mlek sat\u0131n al\u0131rd\u0131.<\/p>\n<p>\u0130yi bir yemek yer, ard\u0131ndan Kulis, Papir\u00fcs gibi barlara u\u011frar, barmenlere \u00f6nceki i\u00e7ki bor\u00e7lar\u0131n\u0131 \u00f6der, yan\u0131ndakilere i\u00e7ki \u0131smarlar, orac\u0131kta rastgeldi\u011fi bir iki dostuna:<\/p>\n<p>-\u015eu param\u0131 saklay\u0131ver, sonra senden isterim, hepsini bitirmeyeyim, der, belki o gece Kl\u00fcp 12\u2019de bir \u015fi\u015fe viski a\u00e7t\u0131r\u0131r, geceyi bir bar kad\u0131n\u0131n\u0131n yan\u0131nda, kad\u0131na dokunmadan s\u0131zarak ge\u00e7irir, ertesi g\u00fcn bir Bafra sigaras\u0131 alacak paras\u0131 kalmadan, gene Taksim-Beyo\u011flu \u00e7evresinde ya\u015fam\u0131na ba\u015flard\u0131.<\/p>\n<p>Kurba\u011fa baca\u011f\u0131, mantar tur\u015fusu gibi garip yiyecekler severdi. Beyo\u011flu\u2019na gelen ilgin\u00e7 filmleri de ilk g\u00f6ren o olurdu. \u00c7ok ender insanda rastlanan bir zekas\u0131 vard\u0131. \u00d6lmeden be\u015f g\u00fcn \u00f6nce Bulvar kahvesinde oturuyorduk. O\u011fuz: E.\u2019ye u\u011frad\u0131m. Sen benden daha \u00f6nce gebereceksin, \u00e7ok seviniyorum dedi, diye g\u00fclerek anlatt\u0131. Hepimiz g\u00fcl\u00fc\u015ft\u00fck. \u0130nsan\u0131n, kendi \u00f6l\u00fcm\u00fc \u00fczerine, \u00f6lmeden d\u00f6rt g\u00fcn \u00f6nce \u015faka yapabilmesi \u00fcst\u00fcn bir zekan\u0131n bile i\u015fi de\u011fil. \u00d6lmeden d\u00f6rt g\u00fcn \u00f6nce, insan\u0131n hastaneye t\u0131ra\u015fl\u0131 bir y\u00fczle gitmesi i\u00e7in, Ca\u011falo\u011flu\u2019nda para ara\u015ft\u0131rmas\u0131 inan\u0131l\u0131r ger\u00e7ek de\u011fil.<\/p>\n<p>Biz hep \u201cHayalet \u00f6lmez\u201d, diye d\u00fc\u015f\u00fcn\u00fcyorduk. Onu, Heybeliada sanatoryumuna g\u00f6t\u00fcrmedik bile. Son yeme\u011fimizi Deg\u00fcstasyon\u2019da yedik. Sal\u00e7al\u0131 bir dana s\u00f6ylemi\u015f: A\u011fz\u0131n\u0131n tad\u0131n\u0131 bilen a\u011fabeyin de, hep bu soslu danay\u0131 yer burada, demi\u015fti. Ben de ars\u0131zl\u0131kla onun soslar\u0131na ekmek bat\u0131rm\u0131\u015f, bir ay Heybeliada\u2019da dinlen, sak\u0131n \u0130stanbul\u2019a inme, biz gelir seni g\u00f6r\u00fcr\u00fcz, demi\u015ftim. Erken \u00e7\u0131km\u0131\u015ft\u0131k lokantadan. \u0130stiklal Caddesi kalabal\u0131kt\u0131 gene. Havas\u0131z ve pisti her zamanki gibi. O\u011fuz heyecanl\u0131 idi. Sanki \u00f6nemli bir olay onu bekliyordu. Erken yatmak, bir an \u00f6nce hastaneye gidip, yerine uzanmak istiyordu. Ama bu gidi\u015f hastaneye, \u00f6l\u00fcme falan de\u011fil de, hi\u00e7 \u00e7\u0131kmad\u0131\u011f\u0131 bir Avrupa yolculu\u011fu, ya da sevdi\u011fi bir kad\u0131nla bulu\u015faca\u011f\u0131 sabah\u0131 bekleyi\u015f gibiydi.<\/p>\n<p>-Senin de Celal S\u0131lay i\u00e7in yazd\u0131\u011f\u0131n\u0131 okudum, dedi.<\/p>\n<p>-Meraklanma, senin \u00f6l\u00fcm yaz\u0131n\u0131 da kaleme al\u0131yorum, dedim.<\/p>\n<p>G\u00fcl\u00fc\u015ft\u00fck.<\/p>\n<p>T\u00fcnel\u2019e do\u011fru y\u00fcr\u00fcyecekti. Otuz y\u0131ld\u0131r ya\u015fad\u0131\u011f\u0131 bu caddede son y\u00fcr\u00fcy\u00fc\u015f\u00fc olacakt\u0131 bu, yorgundu. A\u011fabeyimin evinde uyuyacakt\u0131, yan\u0131nda pek tan\u0131mad\u0131\u011f\u0131 bir \u00fcniversiteli gen\u00e7 kalacakt\u0131. Bu \u00e7ocuk onu sabah Ada vapuruna bindirecekti. Ve O\u011fuz d\u00f6rt g\u00fcn sonra akci\u011fer kanserinden bo\u011fularak \u00f6lecekti. K\u0131rk alt\u0131 ya\u015f\u0131nda ve k\u0131rk alt\u0131 kilo olarak.<\/p>\n<p>O\u011fuz \u00f6ld\u00fckten birka\u00e7 g\u00fcn sonra \u015funlar\u0131 yazmaya \u00e7al\u0131\u015fm\u0131\u015ft\u0131m: Sevgili O\u011fuz \u0130stanbul kentini bu Eyl\u00fcl ay\u0131 b\u0131rakt\u0131. 3 Eyl\u00fcl 1928\u2019de do\u011fdu. 17 Eyl\u00fcl 1975\u2019de \u00f6ld\u00fc. 1.73 boyunda, 46 kilo idi. \u015ei\u015fli camisi avlusuna tabutunu d\u00f6rt ki\u015fi hafif bir \u00e7anta ta\u015f\u0131r gibi getirdi. O zaman tabutun i\u00e7inde onun yatt\u0131\u011f\u0131na ku\u015fkum kalmad\u0131.<\/p>\n<p>O\u011fuz\u2019un \u00e7ok g\u00fczel, neredeyse kitap ad\u0131 gibi \u201cE\u011flentili Bir G\u00f6mme T\u00f6reni\u201d oldu. Mezar\u0131na sahip \u00e7\u0131kacak bir h\u0131sm\u0131 bulunamad\u0131. Yan\u0131na kimse g\u00f6m\u00fclmesin, mezar cemaat\u0131n olmas\u0131n diye, tapusu Sinematek Derne\u011fi ad\u0131na \u00e7\u0131kt\u0131. O\u011fuz\u2019un \u00e7ok g\u00fczel bir mezar\u0131 oldu. \u00dczerine a\u00e7\u0131k leylek rengi k\u0131r \u00e7i\u00e7ekleri diktik. Mezarl\u0131klarda ekmek paralar\u0131n\u0131 \u00e7\u0131karan \u00e7ocuklar da bol su d\u00f6kt\u00fcler. Toprak canland\u0131. G\u00fczel koktu. \u00c7elenklerini \u00fcst\u00fcste y\u0131\u011fd\u0131k. \u00c7ocuklar gene diri gonca g\u00fclleri sulad\u0131. G\u00f6revimiz bitmi\u015fti.<\/p>\n<p>Otuz kadar yak\u0131n dostu Krepen Pasaj\u0131\u2019ndaki Ne\u015fe Meyhanesinde oturup, onun an\u0131s\u0131na yedik, rak\u0131 i\u00e7tik, \u00fcstelik i\u015ftahla yedik. Ak\u015fam\u00fcst\u00fc a\u015furesi bile pi\u015fip geldi.<\/p>\n<p>Beyo\u011flu\u2019ndan uzakla\u015f\u0131rken biraz sarho\u015f ama \u00e7ok \u00fczg\u00fcnd\u00fcm.<\/p>\n<p>O\u011fuz ya\u015fam\u0131n\u0131n \u00e7eyrek y\u00fczy\u0131l\u0131n\u0131 elliye yak\u0131n dostunun evinde ge\u00e7irdi. O\u011fuz aylarca da benimle kald\u0131. Onun konuklu\u011fu bir kelebek gibiydi. \u0130nsana kendini hi\u00e7 belli etmemeye \u00e7al\u0131\u015f\u0131r, hi\u00e7bir \u00f6zel iste\u011fi olmaz, ince ve sevimli bir sesle konu\u015fur, eve gelirken \u00e7i\u00e7ekler ve pasta getirir, bana Alman e\u011fitiminden ge\u00e7ti\u011fim i\u00e7in, Mutti, derdi.<\/p>\n<p>Yatma saati geldi\u011finde bir yere k\u0131vr\u0131l\u0131p uyuyuverir, sabah yan\u0131na erken saatte bile gelinse, hemen bir espri yapard\u0131:<\/p>\n<p>-Ne o, sahura m\u0131 kalkt\u0131n?<\/p>\n<p>Kimsenin g\u00f6rmesine olanak vermeden hemen giyiniverir, azalm\u0131\u015f sa\u00e7lar\u0131n\u0131 \u00f6zenle tarar, kolonya s\u00fcrer, bir bardak \u00e7ay\u0131n\u0131 kendi koyup, Bafra sigaras\u0131na ba\u015flard\u0131.<\/p>\n<p>O\u011fuz, yan\u0131nda kald\u0131\u011f\u0131 dostlar\u0131na ald\u0131\u011f\u0131ndan \u00e7ok daha fazlas\u0131n\u0131 verdi. Dostluk, g\u00fclery\u00fcz g\u00f6sterdi onlara. Ak\u0131ll\u0131ca yap\u0131lm\u0131\u015f \u015fakalar\u0131 ve bulunmaz ki\u015fili\u011fiyle \u00f6ylesine yeri doldurulamaz bir insand\u0131 ki, onu tan\u0131m\u0131\u015f, onunla birlikte g\u00fcnler, geceler ge\u00e7irmi\u015f olmay\u0131, eri\u015filebilecek mutluluklar\u0131n en b\u00fcy\u00fcklerinden say\u0131yorum.<\/p>\n<p>Bal\u0131kpazar\u0131 meyhaneleri, Beyo\u011flu lokanta ve gece kul\u00fcpleri, kahveler, Nazmi, Kaptan ve ender olarak gitti\u011fi birka\u00e7 ta\u015fra kentinde ge\u00e7en bu k\u0131sa ya\u015fam, boyutlar\u0131na yery\u00fcz\u00fcnde herkesin eri\u015femeyece\u011fi bir ya\u015famd\u0131.<\/p>\n<p>\u00d6l\u00fcm\u00fcnden alt\u0131 ay kadar \u00f6nce, ya\u011f\u0131\u015fl\u0131 bir g\u00fcnde bana k\u00fc\u00e7\u00fck bir valizini getirdi. Y\u0131llard\u0131r hi\u00e7 a\u00e7\u0131lmam\u0131\u015f. Afrika Han\u2019da, B\u00fclent Oran\u2019da kalm\u0131\u015f bir valiz i\u00e7inden iki ta\u015f bask\u0131s\u0131 \u00f6rt\u00fc \u00e7\u0131kt\u0131. Yepyeni, onlar\u0131 bana verdi.<\/p>\n<p>-Bunlar\u0131 bir k\u0131zla birlikte alm\u0131\u015ft\u0131k, dedi.<\/p>\n<p>Kad\u0131n\u0131n g\u00fczelini bilir, bu kad\u0131nlara annesi, arkada\u015f\u0131 ve ayn\u0131 zamanda sevgilisiymi\u015f gibi bakard\u0131. Valizden ayr\u0131ca; yedi sekiz y\u0131ld\u0131r kullan\u0131lmam\u0131\u015f bir di\u015f f\u0131r\u00e7as\u0131, \u00e7o\u011fu bitmi\u015f bir \u0130pana di\u015f macunu, Y\u00fcksel Arslan ve \u00d6mer Ulu\u00e7\u2019la bir foto\u011fraf\u0131, gene arkada\u015flar\u0131yla Bebek\u2019te lokantada bir foto\u011fraf\u0131, film \u00e7al\u0131\u015fmas\u0131 yaparken bir foto\u011fraf\u0131, temiz iki beyaz cin pantolon, fayans \u00fczerine bas\u0131lm\u0131\u015f antik bir oto resmi, kirli \u00e7orap ve kirli \u00e7ama\u015f\u0131r, bir iki ozan\u0131n ad\u0131na imzalad\u0131\u011f\u0131 kitap, bir iki kolej kitapl\u0131\u011f\u0131ndan al\u0131nma \u0130ngilizce ekonomi kitab\u0131 \u00e7\u0131kt\u0131\u2026 hepsi bu, i\u015fe yararlar\u0131n\u0131 bana verdi, gerisini att\u0131.<\/p>\n<p>Son olarak kald\u0131\u011f\u0131 a\u011fabeyimin evinde, \u00f6l\u00fcm\u00fcnden sonra \u015funlar ili\u015fti g\u00f6z\u00fcme: Hastaneye getirmemizi istedi\u011fi ve temizletti\u011fi pantolonunun \u00fczerinde T\u00fcrkiye Cumhuriyeti 1960 Anayasas\u0131 duruyordu. \u0130ngilizce bir polisiye roman\u0131n\u0131 yar\u0131s\u0131na kadar okumu\u015f, kald\u0131\u011f\u0131 yeri i\u015faretlemi\u015fti, a\u011fabeyimin telefon defterine en \u00e7ok \u00e7al\u0131\u015ft\u0131\u011f\u0131 Yal\u00e7\u0131n Ofset\u2019in telefon numaras\u0131n\u0131 yazm\u0131\u015ft\u0131. Bunun d\u0131\u015f\u0131nda eski gocu\u011fu, hi\u00e7 yay\u0131mlanmam\u0131\u015f bir iki \u015fiiri, yazl\u0131k ayakkab\u0131lar\u0131 ve \u015f\u00f6yle bir not: daktilo otelde, g\u00f6mlek temizleyiciden al\u0131nacak\u2026 Ayaspa\u015fa\u2019dan Levent\u2019e\u2026 Levent\u2019ten Ayaspa\u015fa\u2019ya\u2026 vb.<\/p>\n<p>Yollar\u0131 ara\u00e7 ve garip bir insan kalabal\u0131\u011f\u0131n\u0131n kar\u015f\u0131devrim gibi sard\u0131\u011f\u0131 \u0130stanbul\u2019u \u201cKatmandu\u201dya benzetiyor, son aylar\u0131nda: \u201cArt\u0131k ger\u00e7ekten ya\u015famak istemiyorum, hi\u00e7 tad\u0131 yok\u201d, diyordu. Ama bunu s\u00f6ylerken soyut bir bunal\u0131m\u0131 dile getirmiyordu. O\u011fuz, bunalan bir insan de\u011fildi. Onun ak\u0131l ve mant\u0131\u011f\u0131 bu t\u00fcr gereksizlikleri \u00e7oktan a\u015fm\u0131\u015ft\u0131.<\/p>\n<p>Hi\u00e7bir zaman,<\/p>\n<p>-S\u0131k\u0131ld\u0131m, ac\u0131kt\u0131m, uykusuzum, yorgunum, bile demedi.<\/p>\n<p>Akci\u011fer kanserine yakaland\u0131\u011f\u0131n\u0131 bilmedi, yak\u0131nmad\u0131 da,<\/p>\n<p>-Solurken ci\u011ferlerim ac\u0131yor, uyutmuyor beni, demekle yetindi.<\/p>\n<p>-\u00c7ok hastay\u0131m, demedi. Doktorun terimini kulland\u0131: \u201c\u00c7ok hastaym\u0131\u015f\u0131m\u201d, dedi.<\/p>\n<p>Her anlamda olumsuzla\u015fan \u0130stanbul\u2019u art\u0131k istemiyordu ve \u00f6l\u00fcm\u00fc de \u00f6ylesine umursam\u0131yordu ki\u2026 hani;<\/p>\n<p>-Beyo\u011flu\u2019nun tad\u0131 kalmad\u0131, art\u0131k \u00f6teki d\u00fcnyaya gidelim, der gibi. Ve \u00f6lmeden d\u00f6rt gece \u00f6nce Deg\u00fcstasyon\u2019un kap\u0131s\u0131 \u00f6n\u00fcnde kar\u015f\u0131la\u015ft\u0131\u011f\u0131m\u0131z Ali Poyrazo\u011flu\u2019nun yana\u011f\u0131ndan makas al\u0131yor,<\/p>\n<p>-Tatl\u0131 hayat kurbanlar\u0131 gene nereye? diye tak\u0131l\u0131yordu.<\/p>\n<p style=\"text-align: justify;\">Eski Bah\u00e7e &#8211; Eski Sevgi | Tezer \u00d6zl\u00fc (s.58)<\/p>\n","protected":false},"excerpt":{"rendered":"<p>Biz y\u0131llard\u0131r bu kentte ya\u015f\u0131yoruz. \u0130\u00e7imizde \u00f6mr\u00fc bitenler oldu. Onlar\u0131 olduk\u00e7a e\u011flentili t\u00f6renlerle g\u00f6md\u00fck. Bu t\u00f6renlerden a\u011f\u0131t ve i\u00e7tenlik y\u00f6n\u00fcnden en a\u011f\u0131r basan\u0131 Hayalet O\u011fuz\u2019un cenaze t\u00f6reni oldu. O\u011fuz, \u0130stanbul\u2019da ya\u015fad\u0131. O\u011fuz bir d\u00f6nemi ya\u015fad\u0131. Yery\u00fcz\u00fcnde belki de hi\u00e7 kimsenin ya\u015fayamad\u0131\u011f\u0131 gibi. Tek bir sandalye sahibi olmad\u0131. Bir-iki giysisi temizleyicide durur, kirlenince yenilerini sat\u0131n al\u0131r, [&hellip;]<\/p>\n","protected":false},"author":1,"featured_media":0,"comment_status":"open","ping_status":"open","sticky":false,"template":"","format":"standard","meta":{"footnotes":""},"categories":[114],"tags":[],"class_list":{"0":"post-6713","1":"post","2":"type-post","3":"status-publish","4":"format-standard","6":"category-turkiye-den-oykuler"},"yoast_head":"<!-- This site is optimized with the Yoast SEO Premium plugin v24.9 (Yoast SEO v24.9) - https:\/\/yoast.com\/wordpress\/plugins\/seo\/ -->\n<title>Meraklanma, senin \u00f6l\u00fcm yaz\u0131n\u0131 da kaleme al\u0131yorum | Tezer \u00d6zl\u00fc - narteks.net<\/title>\n<meta name=\"robots\" content=\"index, follow, max-snippet:-1, max-image-preview:large, max-video-preview:-1\" \/>\n<link rel=\"canonical\" href=\"https:\/\/narteks.net\/index.php\/2011\/09\/11\/meraklanma-senin-olum-yazini-da-kaleme-aliyorum-tezer-ozlu\/\" \/>\n<meta property=\"og:locale\" content=\"tr_TR\" \/>\n<meta property=\"og:type\" content=\"article\" \/>\n<meta property=\"og:title\" content=\"Meraklanma, senin \u00f6l\u00fcm yaz\u0131n\u0131 da kaleme al\u0131yorum | Tezer \u00d6zl\u00fc\" \/>\n<meta property=\"og:description\" content=\"Biz y\u0131llard\u0131r bu kentte ya\u015f\u0131yoruz. \u0130\u00e7imizde \u00f6mr\u00fc bitenler oldu. Onlar\u0131 olduk\u00e7a e\u011flentili t\u00f6renlerle g\u00f6md\u00fck. Bu t\u00f6renlerden a\u011f\u0131t ve i\u00e7tenlik y\u00f6n\u00fcnden en a\u011f\u0131r basan\u0131 Hayalet O\u011fuz\u2019un cenaze t\u00f6reni oldu. O\u011fuz, \u0130stanbul\u2019da ya\u015fad\u0131. O\u011fuz bir d\u00f6nemi ya\u015fad\u0131. Yery\u00fcz\u00fcnde belki de hi\u00e7 kimsenin ya\u015fayamad\u0131\u011f\u0131 gibi. Tek bir sandalye sahibi olmad\u0131. Bir-iki giysisi temizleyicide durur, kirlenince yenilerini sat\u0131n al\u0131r, [&hellip;]\" \/>\n<meta property=\"og:url\" content=\"https:\/\/narteks.net\/index.php\/2011\/09\/11\/meraklanma-senin-olum-yazini-da-kaleme-aliyorum-tezer-ozlu\/\" \/>\n<meta property=\"og:site_name\" content=\"narteks.net\" \/>\n<meta property=\"article:published_time\" content=\"2011-09-11T06:05:13+00:00\" \/>\n<meta property=\"og:image\" content=\"http:\/\/galeri.uludagsozluk.com\/11\/tezer-%C3%B6zl%C3%BC_8474.jpg\" \/>\n<meta name=\"author\" content=\"Tar\u0131k\" \/>\n<meta name=\"twitter:card\" content=\"summary_large_image\" \/>\n<meta name=\"twitter:creator\" content=\"@narteks\" \/>\n<meta name=\"twitter:site\" content=\"@narteks\" \/>\n<meta name=\"twitter:label1\" content=\"Yazan:\" \/>\n\t<meta name=\"twitter:data1\" content=\"Tar\u0131k\" \/>\n\t<meta name=\"twitter:label2\" content=\"Tahmini okuma s\u00fcresi\" \/>\n\t<meta name=\"twitter:data2\" content=\"9 dakika\" \/>\n<script type=\"application\/ld+json\" class=\"yoast-schema-graph\">{\"@context\":\"https:\/\/schema.org\",\"@graph\":[{\"@type\":\"Article\",\"@id\":\"https:\/\/narteks.net\/index.php\/2011\/09\/11\/meraklanma-senin-olum-yazini-da-kaleme-aliyorum-tezer-ozlu\/#article\",\"isPartOf\":{\"@id\":\"https:\/\/narteks.net\/index.php\/2011\/09\/11\/meraklanma-senin-olum-yazini-da-kaleme-aliyorum-tezer-ozlu\/\"},\"author\":{\"name\":\"Tar\u0131k\",\"@id\":\"https:\/\/narteks.net\/#\/schema\/person\/61f37d9834294b72d31d274e7ed79bca\"},\"headline\":\"Meraklanma, senin \u00f6l\u00fcm yaz\u0131n\u0131 da kaleme al\u0131yorum | Tezer \u00d6zl\u00fc\",\"datePublished\":\"2011-09-11T06:05:13+00:00\",\"mainEntityOfPage\":{\"@id\":\"https:\/\/narteks.net\/index.php\/2011\/09\/11\/meraklanma-senin-olum-yazini-da-kaleme-aliyorum-tezer-ozlu\/\"},\"wordCount\":1819,\"commentCount\":0,\"publisher\":{\"@id\":\"https:\/\/narteks.net\/#organization\"},\"image\":{\"@id\":\"https:\/\/narteks.net\/index.php\/2011\/09\/11\/meraklanma-senin-olum-yazini-da-kaleme-aliyorum-tezer-ozlu\/#primaryimage\"},\"thumbnailUrl\":\"http:\/\/galeri.uludagsozluk.com\/11\/tezer-%C3%B6zl%C3%BC_8474.jpg\",\"articleSection\":[\"T\u00fcrkiye'den \u00d6yk\u00fcler\"],\"inLanguage\":\"tr\",\"potentialAction\":[{\"@type\":\"CommentAction\",\"name\":\"Comment\",\"target\":[\"https:\/\/narteks.net\/index.php\/2011\/09\/11\/meraklanma-senin-olum-yazini-da-kaleme-aliyorum-tezer-ozlu\/#respond\"]}]},{\"@type\":\"WebPage\",\"@id\":\"https:\/\/narteks.net\/index.php\/2011\/09\/11\/meraklanma-senin-olum-yazini-da-kaleme-aliyorum-tezer-ozlu\/\",\"url\":\"https:\/\/narteks.net\/index.php\/2011\/09\/11\/meraklanma-senin-olum-yazini-da-kaleme-aliyorum-tezer-ozlu\/\",\"name\":\"Meraklanma, senin \u00f6l\u00fcm yaz\u0131n\u0131 da kaleme al\u0131yorum | Tezer \u00d6zl\u00fc - narteks.net\",\"isPartOf\":{\"@id\":\"https:\/\/narteks.net\/#website\"},\"primaryImageOfPage\":{\"@id\":\"https:\/\/narteks.net\/index.php\/2011\/09\/11\/meraklanma-senin-olum-yazini-da-kaleme-aliyorum-tezer-ozlu\/#primaryimage\"},\"image\":{\"@id\":\"https:\/\/narteks.net\/index.php\/2011\/09\/11\/meraklanma-senin-olum-yazini-da-kaleme-aliyorum-tezer-ozlu\/#primaryimage\"},\"thumbnailUrl\":\"http:\/\/galeri.uludagsozluk.com\/11\/tezer-%C3%B6zl%C3%BC_8474.jpg\",\"datePublished\":\"2011-09-11T06:05:13+00:00\",\"breadcrumb\":{\"@id\":\"https:\/\/narteks.net\/index.php\/2011\/09\/11\/meraklanma-senin-olum-yazini-da-kaleme-aliyorum-tezer-ozlu\/#breadcrumb\"},\"inLanguage\":\"tr\",\"potentialAction\":[{\"@type\":\"ReadAction\",\"target\":[\"https:\/\/narteks.net\/index.php\/2011\/09\/11\/meraklanma-senin-olum-yazini-da-kaleme-aliyorum-tezer-ozlu\/\"]}]},{\"@type\":\"ImageObject\",\"inLanguage\":\"tr\",\"@id\":\"https:\/\/narteks.net\/index.php\/2011\/09\/11\/meraklanma-senin-olum-yazini-da-kaleme-aliyorum-tezer-ozlu\/#primaryimage\",\"url\":\"http:\/\/galeri.uludagsozluk.com\/11\/tezer-%C3%B6zl%C3%BC_8474.jpg\",\"contentUrl\":\"http:\/\/galeri.uludagsozluk.com\/11\/tezer-%C3%B6zl%C3%BC_8474.jpg\"},{\"@type\":\"BreadcrumbList\",\"@id\":\"https:\/\/narteks.net\/index.php\/2011\/09\/11\/meraklanma-senin-olum-yazini-da-kaleme-aliyorum-tezer-ozlu\/#breadcrumb\",\"itemListElement\":[{\"@type\":\"ListItem\",\"position\":1,\"name\":\"Anasayfa\",\"item\":\"https:\/\/narteks.net\/\"},{\"@type\":\"ListItem\",\"position\":2,\"name\":\"Meraklanma, senin \u00f6l\u00fcm yaz\u0131n\u0131 da kaleme al\u0131yorum | Tezer \u00d6zl\u00fc\"}]},{\"@type\":\"WebSite\",\"@id\":\"https:\/\/narteks.net\/#website\",\"url\":\"https:\/\/narteks.net\/\",\"name\":\"narteks.net\",\"description\":\"K\u00fclt\u00fcr Sanat Edebiyat Felsefe\",\"publisher\":{\"@id\":\"https:\/\/narteks.net\/#organization\"},\"alternateName\":\"K\u00fclt\u00fcr Sanat Edebiyat Felsefe\",\"potentialAction\":[{\"@type\":\"SearchAction\",\"target\":{\"@type\":\"EntryPoint\",\"urlTemplate\":\"https:\/\/narteks.net\/?s={search_term_string}\"},\"query-input\":{\"@type\":\"PropertyValueSpecification\",\"valueRequired\":true,\"valueName\":\"search_term_string\"}}],\"inLanguage\":\"tr\"},{\"@type\":\"Organization\",\"@id\":\"https:\/\/narteks.net\/#organization\",\"name\":\"narteks.net\",\"url\":\"https:\/\/narteks.net\/\",\"logo\":{\"@type\":\"ImageObject\",\"inLanguage\":\"tr\",\"@id\":\"https:\/\/narteks.net\/#\/schema\/logo\/image\/\",\"url\":\"https:\/\/narteks.net\/wp-content\/uploads\/narteks.png\",\"contentUrl\":\"https:\/\/narteks.net\/wp-content\/uploads\/narteks.png\",\"width\":300,\"height\":90,\"caption\":\"narteks.net\"},\"image\":{\"@id\":\"https:\/\/narteks.net\/#\/schema\/logo\/image\/\"},\"sameAs\":[\"https:\/\/x.com\/narteks\",\"https:\/\/instagram.com\/narteksnet\"]},{\"@type\":\"Person\",\"@id\":\"https:\/\/narteks.net\/#\/schema\/person\/61f37d9834294b72d31d274e7ed79bca\",\"name\":\"Tar\u0131k\",\"image\":{\"@type\":\"ImageObject\",\"inLanguage\":\"tr\",\"@id\":\"https:\/\/narteks.net\/#\/schema\/person\/image\/\",\"url\":\"https:\/\/secure.gravatar.com\/avatar\/50865afb55632c4ae467e0af0930f6510aa2297d8014be502a55b14f3b7550cf?s=96&d=mm&r=g\",\"contentUrl\":\"https:\/\/secure.gravatar.com\/avatar\/50865afb55632c4ae467e0af0930f6510aa2297d8014be502a55b14f3b7550cf?s=96&d=mm&r=g\",\"caption\":\"Tar\u0131k\"},\"sameAs\":[\"http:\/\/narteks.net\"],\"url\":\"https:\/\/narteks.net\/index.php\/author\/narbak\/\"}]}<\/script>\n<!-- \/ Yoast SEO Premium plugin. -->","yoast_head_json":{"title":"Meraklanma, senin \u00f6l\u00fcm yaz\u0131n\u0131 da kaleme al\u0131yorum | Tezer \u00d6zl\u00fc - narteks.net","robots":{"index":"index","follow":"follow","max-snippet":"max-snippet:-1","max-image-preview":"max-image-preview:large","max-video-preview":"max-video-preview:-1"},"canonical":"https:\/\/narteks.net\/index.php\/2011\/09\/11\/meraklanma-senin-olum-yazini-da-kaleme-aliyorum-tezer-ozlu\/","og_locale":"tr_TR","og_type":"article","og_title":"Meraklanma, senin \u00f6l\u00fcm yaz\u0131n\u0131 da kaleme al\u0131yorum | Tezer \u00d6zl\u00fc","og_description":"Biz y\u0131llard\u0131r bu kentte ya\u015f\u0131yoruz. \u0130\u00e7imizde \u00f6mr\u00fc bitenler oldu. Onlar\u0131 olduk\u00e7a e\u011flentili t\u00f6renlerle g\u00f6md\u00fck. Bu t\u00f6renlerden a\u011f\u0131t ve i\u00e7tenlik y\u00f6n\u00fcnden en a\u011f\u0131r basan\u0131 Hayalet O\u011fuz\u2019un cenaze t\u00f6reni oldu. O\u011fuz, \u0130stanbul\u2019da ya\u015fad\u0131. O\u011fuz bir d\u00f6nemi ya\u015fad\u0131. Yery\u00fcz\u00fcnde belki de hi\u00e7 kimsenin ya\u015fayamad\u0131\u011f\u0131 gibi. Tek bir sandalye sahibi olmad\u0131. Bir-iki giysisi temizleyicide durur, kirlenince yenilerini sat\u0131n al\u0131r, [&hellip;]","og_url":"https:\/\/narteks.net\/index.php\/2011\/09\/11\/meraklanma-senin-olum-yazini-da-kaleme-aliyorum-tezer-ozlu\/","og_site_name":"narteks.net","article_published_time":"2011-09-11T06:05:13+00:00","og_image":[{"url":"http:\/\/galeri.uludagsozluk.com\/11\/tezer-%C3%B6zl%C3%BC_8474.jpg","type":"","width":"","height":""}],"author":"Tar\u0131k","twitter_card":"summary_large_image","twitter_creator":"@narteks","twitter_site":"@narteks","twitter_misc":{"Yazan:":"Tar\u0131k","Tahmini okuma s\u00fcresi":"9 dakika"},"schema":{"@context":"https:\/\/schema.org","@graph":[{"@type":"Article","@id":"https:\/\/narteks.net\/index.php\/2011\/09\/11\/meraklanma-senin-olum-yazini-da-kaleme-aliyorum-tezer-ozlu\/#article","isPartOf":{"@id":"https:\/\/narteks.net\/index.php\/2011\/09\/11\/meraklanma-senin-olum-yazini-da-kaleme-aliyorum-tezer-ozlu\/"},"author":{"name":"Tar\u0131k","@id":"https:\/\/narteks.net\/#\/schema\/person\/61f37d9834294b72d31d274e7ed79bca"},"headline":"Meraklanma, senin \u00f6l\u00fcm yaz\u0131n\u0131 da kaleme al\u0131yorum | Tezer \u00d6zl\u00fc","datePublished":"2011-09-11T06:05:13+00:00","mainEntityOfPage":{"@id":"https:\/\/narteks.net\/index.php\/2011\/09\/11\/meraklanma-senin-olum-yazini-da-kaleme-aliyorum-tezer-ozlu\/"},"wordCount":1819,"commentCount":0,"publisher":{"@id":"https:\/\/narteks.net\/#organization"},"image":{"@id":"https:\/\/narteks.net\/index.php\/2011\/09\/11\/meraklanma-senin-olum-yazini-da-kaleme-aliyorum-tezer-ozlu\/#primaryimage"},"thumbnailUrl":"http:\/\/galeri.uludagsozluk.com\/11\/tezer-%C3%B6zl%C3%BC_8474.jpg","articleSection":["T\u00fcrkiye'den \u00d6yk\u00fcler"],"inLanguage":"tr","potentialAction":[{"@type":"CommentAction","name":"Comment","target":["https:\/\/narteks.net\/index.php\/2011\/09\/11\/meraklanma-senin-olum-yazini-da-kaleme-aliyorum-tezer-ozlu\/#respond"]}]},{"@type":"WebPage","@id":"https:\/\/narteks.net\/index.php\/2011\/09\/11\/meraklanma-senin-olum-yazini-da-kaleme-aliyorum-tezer-ozlu\/","url":"https:\/\/narteks.net\/index.php\/2011\/09\/11\/meraklanma-senin-olum-yazini-da-kaleme-aliyorum-tezer-ozlu\/","name":"Meraklanma, senin \u00f6l\u00fcm yaz\u0131n\u0131 da kaleme al\u0131yorum | Tezer \u00d6zl\u00fc - narteks.net","isPartOf":{"@id":"https:\/\/narteks.net\/#website"},"primaryImageOfPage":{"@id":"https:\/\/narteks.net\/index.php\/2011\/09\/11\/meraklanma-senin-olum-yazini-da-kaleme-aliyorum-tezer-ozlu\/#primaryimage"},"image":{"@id":"https:\/\/narteks.net\/index.php\/2011\/09\/11\/meraklanma-senin-olum-yazini-da-kaleme-aliyorum-tezer-ozlu\/#primaryimage"},"thumbnailUrl":"http:\/\/galeri.uludagsozluk.com\/11\/tezer-%C3%B6zl%C3%BC_8474.jpg","datePublished":"2011-09-11T06:05:13+00:00","breadcrumb":{"@id":"https:\/\/narteks.net\/index.php\/2011\/09\/11\/meraklanma-senin-olum-yazini-da-kaleme-aliyorum-tezer-ozlu\/#breadcrumb"},"inLanguage":"tr","potentialAction":[{"@type":"ReadAction","target":["https:\/\/narteks.net\/index.php\/2011\/09\/11\/meraklanma-senin-olum-yazini-da-kaleme-aliyorum-tezer-ozlu\/"]}]},{"@type":"ImageObject","inLanguage":"tr","@id":"https:\/\/narteks.net\/index.php\/2011\/09\/11\/meraklanma-senin-olum-yazini-da-kaleme-aliyorum-tezer-ozlu\/#primaryimage","url":"http:\/\/galeri.uludagsozluk.com\/11\/tezer-%C3%B6zl%C3%BC_8474.jpg","contentUrl":"http:\/\/galeri.uludagsozluk.com\/11\/tezer-%C3%B6zl%C3%BC_8474.jpg"},{"@type":"BreadcrumbList","@id":"https:\/\/narteks.net\/index.php\/2011\/09\/11\/meraklanma-senin-olum-yazini-da-kaleme-aliyorum-tezer-ozlu\/#breadcrumb","itemListElement":[{"@type":"ListItem","position":1,"name":"Anasayfa","item":"https:\/\/narteks.net\/"},{"@type":"ListItem","position":2,"name":"Meraklanma, senin \u00f6l\u00fcm yaz\u0131n\u0131 da kaleme al\u0131yorum | Tezer \u00d6zl\u00fc"}]},{"@type":"WebSite","@id":"https:\/\/narteks.net\/#website","url":"https:\/\/narteks.net\/","name":"narteks.net","description":"K\u00fclt\u00fcr Sanat Edebiyat Felsefe","publisher":{"@id":"https:\/\/narteks.net\/#organization"},"alternateName":"K\u00fclt\u00fcr Sanat Edebiyat Felsefe","potentialAction":[{"@type":"SearchAction","target":{"@type":"EntryPoint","urlTemplate":"https:\/\/narteks.net\/?s={search_term_string}"},"query-input":{"@type":"PropertyValueSpecification","valueRequired":true,"valueName":"search_term_string"}}],"inLanguage":"tr"},{"@type":"Organization","@id":"https:\/\/narteks.net\/#organization","name":"narteks.net","url":"https:\/\/narteks.net\/","logo":{"@type":"ImageObject","inLanguage":"tr","@id":"https:\/\/narteks.net\/#\/schema\/logo\/image\/","url":"https:\/\/narteks.net\/wp-content\/uploads\/narteks.png","contentUrl":"https:\/\/narteks.net\/wp-content\/uploads\/narteks.png","width":300,"height":90,"caption":"narteks.net"},"image":{"@id":"https:\/\/narteks.net\/#\/schema\/logo\/image\/"},"sameAs":["https:\/\/x.com\/narteks","https:\/\/instagram.com\/narteksnet"]},{"@type":"Person","@id":"https:\/\/narteks.net\/#\/schema\/person\/61f37d9834294b72d31d274e7ed79bca","name":"Tar\u0131k","image":{"@type":"ImageObject","inLanguage":"tr","@id":"https:\/\/narteks.net\/#\/schema\/person\/image\/","url":"https:\/\/secure.gravatar.com\/avatar\/50865afb55632c4ae467e0af0930f6510aa2297d8014be502a55b14f3b7550cf?s=96&d=mm&r=g","contentUrl":"https:\/\/secure.gravatar.com\/avatar\/50865afb55632c4ae467e0af0930f6510aa2297d8014be502a55b14f3b7550cf?s=96&d=mm&r=g","caption":"Tar\u0131k"},"sameAs":["http:\/\/narteks.net"],"url":"https:\/\/narteks.net\/index.php\/author\/narbak\/"}]}},"_links":{"self":[{"href":"https:\/\/narteks.net\/index.php\/wp-json\/wp\/v2\/posts\/6713","targetHints":{"allow":["GET"]}}],"collection":[{"href":"https:\/\/narteks.net\/index.php\/wp-json\/wp\/v2\/posts"}],"about":[{"href":"https:\/\/narteks.net\/index.php\/wp-json\/wp\/v2\/types\/post"}],"author":[{"embeddable":true,"href":"https:\/\/narteks.net\/index.php\/wp-json\/wp\/v2\/users\/1"}],"replies":[{"embeddable":true,"href":"https:\/\/narteks.net\/index.php\/wp-json\/wp\/v2\/comments?post=6713"}],"version-history":[{"count":0,"href":"https:\/\/narteks.net\/index.php\/wp-json\/wp\/v2\/posts\/6713\/revisions"}],"wp:attachment":[{"href":"https:\/\/narteks.net\/index.php\/wp-json\/wp\/v2\/media?parent=6713"}],"wp:term":[{"taxonomy":"category","embeddable":true,"href":"https:\/\/narteks.net\/index.php\/wp-json\/wp\/v2\/categories?post=6713"},{"taxonomy":"post_tag","embeddable":true,"href":"https:\/\/narteks.net\/index.php\/wp-json\/wp\/v2\/tags?post=6713"}],"curies":[{"name":"wp","href":"https:\/\/api.w.org\/{rel}","templated":true}]}}