{"id":6717,"date":"2011-09-16T13:38:58","date_gmt":"2011-09-16T10:38:58","guid":{"rendered":"http:\/\/localhost\/wordpress\/2011\/09\/16\/golge-belirsiz-sekilsiz-ve-bulanikti-ne-bir-insana-ne-de-tanriya-aitti-edgar-allan-poe\/"},"modified":"2011-09-16T13:38:58","modified_gmt":"2011-09-16T10:38:58","slug":"golge-belirsiz-sekilsiz-ve-bulanikti-ne-bir-insana-ne-de-tanriya-aitti-edgar-allan-poe","status":"publish","type":"post","link":"https:\/\/narteks.net\/index.php\/2011\/09\/16\/golge-belirsiz-sekilsiz-ve-bulanikti-ne-bir-insana-ne-de-tanriya-aitti-edgar-allan-poe\/","title":{"rendered":"G\u00f6lge belirsiz, \u015fekilsiz ve bulan\u0131kt\u0131. Ne bir insana, ne de Tanr\u0131&#8217;ya aitti | Edgar Allan Poe"},"content":{"rendered":"<p style=\"text-align: justify;\"><img loading=\"lazy\" decoding=\"async\" src=\"http:\/\/www.horrorstew.com\/images\/poe002.jpg\" border=\"0\" width=\"155\" height=\"205\" style=\"float: left;\" \/>Bunu okuyan sizler h\u00e2l\u00e2 ya\u015fayanlar\u0131n aras\u0131ndas\u0131n\u0131z, ama yazan ben uzun s\u00fcre \u00f6nce g\u00f6lgeler diyar\u0131na gittim. \u00c7\u00fcnk\u00fc ger\u00e7ekten tuhaf \u015feyler olacak, gizemler a\u00e7\u0131\u011fa vurulacak ve pek \u00e7ok y\u00fczy\u0131l ge\u00e7ecek, bu an\u0131tlar insanlar taraf\u0131ndan g\u00f6r\u00fclmeden \u00f6nce. Ve g\u00f6r\u00fcl\u00fcnce de baz\u0131lar\u0131 inanacak, baz\u0131lar\u0131 \u015f\u00fcphe edecek, ama birka\u00e7 ki\u015fi buraya demirden bir i\u011fneyle kaz\u0131lan yaz\u0131larda d\u00fc\u015f\u00fcnmeye de\u011fer epey \u015fey bulacak.<\/p>\n<p>Korkun\u00e7 bir y\u0131l ge\u00e7mi\u015fti, yery\u00fcz\u00fcnde ismi olmayan, deh\u015fetten daha yo\u011fun duygular\u0131n ya\u015fand\u0131\u011f\u0131 bir y\u0131l. Pek \u00e7ok ola\u011fan\u00fcst\u00fc olay ve i\u015faret ger\u00e7ekle\u015fmi\u015fti; Veba&#8217;n\u0131n kara kanatlar\u0131 uzaklara, denizin ve karan\u0131n \u00fcst\u00fcne yay\u0131lm\u0131\u015ft\u0131. Yine de y\u0131ld\u0131zlardan anlayanlar g\u00f6ky\u00fcz\u00fcnde u\u011fursuz bir a\u00e7\u0131 bulundu\u011funu biliyordu; ve ben, Yunan Oinos, ve di\u011fer baz\u0131lar\u0131, Ko\u00e7&#8217;un geli\u015fiyle birlikte J\u00fcpiter gezegeninin korkun\u00e7 Sat\u00fcrn&#8217;\u00fcn k\u0131z\u0131l halkas\u0131yla birle\u015fti\u011fi o yedi y\u00fcz doksan d\u00f6rd\u00fcnc\u00fc senenin de\u011fi\u015fikliklerini a\u00e7\u0131k\u00e7a g\u00f6rebiliyorduk. G\u00f6ky\u00fcz\u00fcn\u00fcn tuhaf ruhu, b\u00fcy\u00fck bir yan\u0131lg\u0131 i\u00e7inde de\u011filsem, kendini yaln\u0131zca d\u00fcnyan\u0131n fiziksel k\u00fcresinde de\u011fil, insanl\u0131\u011f\u0131n ruhlar\u0131nda, hayal g\u00fc\u00e7lerinde ve derin d\u00fc\u015f\u00fcncelerinde belli ediyordu.<\/p>\n<p>Ptolemais adl\u0131 donuk bir \u015fehirdeki malikanenin duvarlar\u0131 aras\u0131nda, k\u0131rm\u0131z\u0131 Chian \u015farab\u0131yla dolu f\u0131\u00e7\u0131lar\u0131n yan\u0131nda yedi ki\u015fi oturmu\u015ftuk. Odam\u0131z\u0131n y\u00fcksek, pirin\u00e7 bir kap\u0131dan ba\u015fka giri\u015fi yoktu: Zanaat\u00e7\u0131 Corinnos taraf\u0131ndan yap\u0131lm\u0131\u015f nadide bir par\u00e7a olan kap\u0131 i\u00e7eriden s\u00fcrg\u00fclenmi\u015fti. Kasvetli odadaki siyah perdelerde ayn\u0131 \u015fekilde ay\u0131, parlak y\u0131ld\u0131zlar\u0131 ve bo\u015f sokaklar\u0131 bizden gizliyordu , ama K\u00f6t\u00fcl\u00fck&#8217;\u00fcn i\u015faretleri ve an\u0131lar\u0131 o kadar kolay d\u0131\u015far\u0131da b\u0131rak\u0131lam\u0131yordu.<\/p>\n<p>\u00c7evremizde hakk\u0131nda belirgin s\u00f6zler s\u00f6yleyemeyece\u011fim \u015feyler vard\u0131 &#8211; cismani ve ruhani \u015feyler &#8211; havada bir a\u011f\u0131rl\u0131k &#8211; bir bo\u011fuculuk &#8211; kayg\u0131 &#8211; hepsinden de \u00f6te, sinirli insanlar\u0131n duyular\u0131 son derece keskin ve canl\u0131, zihinsel g\u00fc\u00e7leriyse uyu\u015fukken ya\u015fad\u0131\u011f\u0131 o korkun\u00e7 varolu\u015f hali. \u00dcst\u00fcm\u00fcze \u00f6l\u00fc bir a\u011f\u0131rl\u0131k \u00e7\u00f6km\u00fc\u015ft\u00fc. Uzuvlar\u0131m\u0131z\u0131n &#8211; mobilyalar\u0131n &#8211; i\u00e7ti\u011fimiz kadehlerin \u00fcst\u00fcne \u00e7\u00f6km\u00fc\u015ft\u00fc. Her\u015fey kasvetli ve s\u0131k\u0131nt\u0131 vericiydi &#8211; alemimizi ayd\u0131nlatan yedi demir lamban\u0131n alevleri d\u0131\u015f\u0131nda her \u015fey. Uzun, ince \u0131\u015f\u0131k \u00e7izgilerinin \u00fcst\u00fcnde dimdik durarak, soluk ve hareketsiz bir \u015fekilde yan\u0131yorlard\u0131; ve ayd\u0131nl\u0131klar\u0131n\u0131n etraf\u0131nda oturdu\u011fumuz abanoz masan\u0131n \u00fcst\u00fcnde te\u015fkil etti\u011fi aynada her birimiz kendi solgun benzimizi ve arkada\u015flar\u0131m\u0131z\u0131n a\u015fa\u011f\u0131 \u00e7evrilmi\u015f g\u00f6zlerindeki huzursuz par\u0131lt\u0131y\u0131 g\u00f6r\u00fcyorduk. <\/p>\n<p>Yine de kendi usul\u00fcm\u00fczde g\u00fcl\u00fcyor, e\u011fleniyorduk &#8211; yani isterik bir tarzda; Anacreon&#8217;un \u015fark\u0131lar\u0131n\u0131 s\u00f6yl\u00fcyorduk &#8211; delice \u015fark\u0131lar\u0131; durmadan i\u00e7iyorduk &#8211; mor \u015farap bize kan\u0131 an\u0131msatt\u0131\u011f\u0131 halde. \u00c7\u00fcnk\u00fc odam\u0131zda bir kirac\u0131 daha vard\u0131; gen\u00e7 Zoilus. \u00d6l\u00fcyd\u00fc ve kefene sar\u0131l\u0131 halde boylu boyunca uzanm\u0131\u015ft\u0131; &#8211; sahnenin hem iyi hem de k\u00f6t\u00fc ruhuydu. Ne yaz\u0131k! Ne\u015femizi\u00a0 payla\u015fm\u0131yordu, vebayla \u00e7arp\u0131lm\u0131\u015f \u00e7ehresinde ve \u00f6l\u00fcm\u00fcn hastal\u0131\u011f\u0131n ate\u015finin yaln\u0131zca yar\u0131s\u0131n\u0131 s\u00f6nd\u00fcrebildi\u011fi g\u00f6zlerinde, e\u011flencemize \u00f6l\u00fclerin \u00f6lmek \u00fczere olanlar\u0131n e\u011flencesine kar\u015f\u0131 talihsizce y\u00f6neltebilece\u011fi bir ilginin bar\u0131nmas\u0131 d\u0131\u015f\u0131nda. <\/p>\n<p>Ama ben, Oinos, \u00f6l\u00fcn\u00fcn g\u00f6zlerini \u00fcst\u00fcmde hissetsem de, kendimi ifadelerindeki ac\u0131l\u0131\u011f\u0131 alg\u0131lamamaya zorlayarak abanoz aynan\u0131n derinliklerine bakmay\u0131, Teios&#8217;un o\u011flunun \u015fark\u0131lar\u0131n\u0131 y\u00fcksek ve g\u00fcr bir sesle s\u00f6ylemeyi s\u00fcrd\u00fcrd\u00fcm. Ama \u015fark\u0131lar\u0131m gitgide t\u00fckendi ve odan\u0131n siyah perdeleri aras\u0131ndaki yank\u0131lar\u0131 zay\u0131flay\u0131p anla\u015f\u0131lmaz oldu, yok oldu. Ve birden! \u015fark\u0131n\u0131n seslerinin kayboldu\u011fu o siyah perdelerin aras\u0131ndan kara ve \u015fekilsiz bir g\u00f6lge \u00e7\u0131kt\u0131 &#8211; ay\u0131n g\u00f6ky\u00fcz\u00fcnde al\u00e7aktayken bir insan fig\u00fcr\u00fcnden olu\u015fturabilece\u011fi bir g\u00f6lge: Ama bu ne bir insan\u0131n, ne Tanr\u0131&#8217;n\u0131n, ne de bildik bir \u015feyin g\u00f6lgesiydi. Ve odan\u0131n perdeleri aras\u0131nda bir s\u00fcre titre\u015ftikten sonra, en sonunda pirin\u00e7 kap\u0131y\u0131 tamamen kaplad\u0131.<\/p>\n<p>G\u00f6lge belirsiz, \u015fekilsiz ve bulan\u0131kt\u0131. Ne bir insana, ne de Tanr\u0131&#8217;ya aitti -ne Yunan Tanr\u0131s\u0131&#8217;na, ne Chaldae Tanr\u0131s\u0131&#8217;na, ne de herhangi bir M\u0131s\u0131r Tanr\u0131s\u0131&#8217;na. Ve g\u00f6lge pirin\u00e7 kap\u0131n\u0131n \u00fcst\u00fcnde ve kap\u0131n\u0131n sa\u00e7akl\u0131\u011f\u0131n\u0131n alt\u0131nda durdu ve k\u0131m\u0131ldamad\u0131, bir s\u00f6z s\u00f6ylemedi, orada durdu ve \u00f6ylece kald\u0131. Ve \u00fcst\u00fcnde durdu\u011fu kap\u0131, yanl\u0131\u015f hat\u0131rlam\u0131yorsam kefene sar\u0131l\u0131 gen\u00e7 Zoilus&#8217;un ayaklar\u0131n\u0131n ucunda y\u00fckseliyordu. Ama biz, orada toplanm\u0131\u015f olan yedi ki\u015fi, g\u00f6lgenin perdelerin aras\u0131ndan \u00e7\u0131kt\u0131\u011f\u0131n\u0131 g\u00f6r\u00fcnce, ona do\u011frudan bakmaya cesaret edemedik ve g\u00f6zlerimizi indirip abanoz aynan\u0131n derinliklerine bakmay\u0131 s\u00fcrd\u00fcrd\u00fck. <\/p>\n<p>Ve en sonunda ben, Oinos, usulca ona nereden geldi\u011fini ve ismini sordum. Ve g\u00f6lge yan\u0131tlad\u0131: &#8220;Ben G\u00d6LGE&#8217;yim ve Ptolemais&#8217;in katakomblar\u0131n\u0131n yak\u0131n\u0131ndan, i\u011fren\u00e7 Charon kanal\u0131n\u0131n s\u0131n\u0131r\u0131ndaki o lo\u015f Helusion vadilerinden geldim.&#8221; Ve o zaman yedimiz de aya\u011fa f\u0131rlad\u0131k ve titreyerek, deh\u015fet i\u00e7inde donakald\u0131k: \u00c7\u00fcnk\u00fc g\u00f6lgenin sesinin tonlar\u0131 tek de\u011fil, bir\u00e7ok varl\u0131\u011fa aitti ve her hecede perde de\u011fi\u015ftirirken kulaklar\u0131m\u0131za binlerce \u00f6l\u00fc arkada\u015f\u0131m\u0131z\u0131n \u00e7ok iyi an\u0131msad\u0131\u011f\u0131m\u0131z, tan\u0131d\u0131k \u015fiveleriyle ula\u015f\u0131yordu.<\/p>\n<p style=\"text-align: justify;\">1835<\/p>\n<p style=\"text-align: justify;\">G\u00f6lge : Bir Mesel | Edgar Allan Poe<\/p>\n","protected":false},"excerpt":{"rendered":"<p>Bunu okuyan sizler h\u00e2l\u00e2 ya\u015fayanlar\u0131n aras\u0131ndas\u0131n\u0131z, ama yazan ben uzun s\u00fcre \u00f6nce g\u00f6lgeler diyar\u0131na gittim. \u00c7\u00fcnk\u00fc ger\u00e7ekten tuhaf \u015feyler olacak, gizemler a\u00e7\u0131\u011fa vurulacak ve pek \u00e7ok y\u00fczy\u0131l ge\u00e7ecek, bu an\u0131tlar insanlar taraf\u0131ndan g\u00f6r\u00fclmeden \u00f6nce. Ve g\u00f6r\u00fcl\u00fcnce de baz\u0131lar\u0131 inanacak, baz\u0131lar\u0131 \u015f\u00fcphe edecek, ama birka\u00e7 ki\u015fi buraya demirden bir i\u011fneyle kaz\u0131lan yaz\u0131larda d\u00fc\u015f\u00fcnmeye de\u011fer epey \u015fey [&hellip;]<\/p>\n","protected":false},"author":1,"featured_media":0,"comment_status":"open","ping_status":"open","sticky":false,"template":"","format":"standard","meta":{"footnotes":""},"categories":[115],"tags":[],"class_list":{"0":"post-6717","1":"post","2":"type-post","3":"status-publish","4":"format-standard","6":"category-ceviri-oykuler"},"yoast_head":"<!-- This site is optimized with the Yoast SEO Premium plugin v24.9 (Yoast SEO v24.9) - https:\/\/yoast.com\/wordpress\/plugins\/seo\/ -->\n<title>G\u00f6lge belirsiz, \u015fekilsiz ve bulan\u0131kt\u0131. Ne bir insana, ne de Tanr\u0131&#039;ya aitti | Edgar Allan Poe - narteks.net<\/title>\n<meta name=\"robots\" content=\"index, follow, max-snippet:-1, max-image-preview:large, max-video-preview:-1\" \/>\n<link rel=\"canonical\" href=\"https:\/\/narteks.net\/index.php\/2011\/09\/16\/golge-belirsiz-sekilsiz-ve-bulanikti-ne-bir-insana-ne-de-tanriya-aitti-edgar-allan-poe\/\" \/>\n<meta property=\"og:locale\" content=\"tr_TR\" \/>\n<meta property=\"og:type\" content=\"article\" \/>\n<meta property=\"og:title\" content=\"G\u00f6lge belirsiz, \u015fekilsiz ve bulan\u0131kt\u0131. Ne bir insana, ne de Tanr\u0131&#039;ya aitti | Edgar Allan Poe\" \/>\n<meta property=\"og:description\" content=\"Bunu okuyan sizler h\u00e2l\u00e2 ya\u015fayanlar\u0131n aras\u0131ndas\u0131n\u0131z, ama yazan ben uzun s\u00fcre \u00f6nce g\u00f6lgeler diyar\u0131na gittim. \u00c7\u00fcnk\u00fc ger\u00e7ekten tuhaf \u015feyler olacak, gizemler a\u00e7\u0131\u011fa vurulacak ve pek \u00e7ok y\u00fczy\u0131l ge\u00e7ecek, bu an\u0131tlar insanlar taraf\u0131ndan g\u00f6r\u00fclmeden \u00f6nce. Ve g\u00f6r\u00fcl\u00fcnce de baz\u0131lar\u0131 inanacak, baz\u0131lar\u0131 \u015f\u00fcphe edecek, ama birka\u00e7 ki\u015fi buraya demirden bir i\u011fneyle kaz\u0131lan yaz\u0131larda d\u00fc\u015f\u00fcnmeye de\u011fer epey \u015fey [&hellip;]\" \/>\n<meta property=\"og:url\" content=\"https:\/\/narteks.net\/index.php\/2011\/09\/16\/golge-belirsiz-sekilsiz-ve-bulanikti-ne-bir-insana-ne-de-tanriya-aitti-edgar-allan-poe\/\" \/>\n<meta property=\"og:site_name\" content=\"narteks.net\" \/>\n<meta property=\"article:published_time\" content=\"2011-09-16T10:38:58+00:00\" \/>\n<meta property=\"og:image\" content=\"http:\/\/www.horrorstew.com\/images\/poe002.jpg\" \/>\n<meta name=\"author\" content=\"Tar\u0131k\" \/>\n<meta name=\"twitter:card\" content=\"summary_large_image\" \/>\n<meta name=\"twitter:creator\" content=\"@narteks\" \/>\n<meta name=\"twitter:site\" content=\"@narteks\" \/>\n<meta name=\"twitter:label1\" content=\"Yazan:\" \/>\n\t<meta name=\"twitter:data1\" content=\"Tar\u0131k\" \/>\n\t<meta name=\"twitter:label2\" content=\"Tahmini okuma s\u00fcresi\" \/>\n\t<meta name=\"twitter:data2\" content=\"5 dakika\" \/>\n<script type=\"application\/ld+json\" class=\"yoast-schema-graph\">{\"@context\":\"https:\/\/schema.org\",\"@graph\":[{\"@type\":\"Article\",\"@id\":\"https:\/\/narteks.net\/index.php\/2011\/09\/16\/golge-belirsiz-sekilsiz-ve-bulanikti-ne-bir-insana-ne-de-tanriya-aitti-edgar-allan-poe\/#article\",\"isPartOf\":{\"@id\":\"https:\/\/narteks.net\/index.php\/2011\/09\/16\/golge-belirsiz-sekilsiz-ve-bulanikti-ne-bir-insana-ne-de-tanriya-aitti-edgar-allan-poe\/\"},\"author\":{\"name\":\"Tar\u0131k\",\"@id\":\"https:\/\/narteks.net\/#\/schema\/person\/61f37d9834294b72d31d274e7ed79bca\"},\"headline\":\"G\u00f6lge belirsiz, \u015fekilsiz ve bulan\u0131kt\u0131. Ne bir insana, ne de Tanr\u0131&#8217;ya aitti | Edgar Allan Poe\",\"datePublished\":\"2011-09-16T10:38:58+00:00\",\"mainEntityOfPage\":{\"@id\":\"https:\/\/narteks.net\/index.php\/2011\/09\/16\/golge-belirsiz-sekilsiz-ve-bulanikti-ne-bir-insana-ne-de-tanriya-aitti-edgar-allan-poe\/\"},\"wordCount\":1009,\"commentCount\":0,\"publisher\":{\"@id\":\"https:\/\/narteks.net\/#organization\"},\"image\":{\"@id\":\"https:\/\/narteks.net\/index.php\/2011\/09\/16\/golge-belirsiz-sekilsiz-ve-bulanikti-ne-bir-insana-ne-de-tanriya-aitti-edgar-allan-poe\/#primaryimage\"},\"thumbnailUrl\":\"http:\/\/www.horrorstew.com\/images\/poe002.jpg\",\"articleSection\":[\"\u00c7eviri \u00d6yk\u00fcler\"],\"inLanguage\":\"tr\",\"potentialAction\":[{\"@type\":\"CommentAction\",\"name\":\"Comment\",\"target\":[\"https:\/\/narteks.net\/index.php\/2011\/09\/16\/golge-belirsiz-sekilsiz-ve-bulanikti-ne-bir-insana-ne-de-tanriya-aitti-edgar-allan-poe\/#respond\"]}]},{\"@type\":\"WebPage\",\"@id\":\"https:\/\/narteks.net\/index.php\/2011\/09\/16\/golge-belirsiz-sekilsiz-ve-bulanikti-ne-bir-insana-ne-de-tanriya-aitti-edgar-allan-poe\/\",\"url\":\"https:\/\/narteks.net\/index.php\/2011\/09\/16\/golge-belirsiz-sekilsiz-ve-bulanikti-ne-bir-insana-ne-de-tanriya-aitti-edgar-allan-poe\/\",\"name\":\"G\u00f6lge belirsiz, \u015fekilsiz ve bulan\u0131kt\u0131. Ne bir insana, ne de Tanr\u0131'ya aitti | Edgar Allan Poe - narteks.net\",\"isPartOf\":{\"@id\":\"https:\/\/narteks.net\/#website\"},\"primaryImageOfPage\":{\"@id\":\"https:\/\/narteks.net\/index.php\/2011\/09\/16\/golge-belirsiz-sekilsiz-ve-bulanikti-ne-bir-insana-ne-de-tanriya-aitti-edgar-allan-poe\/#primaryimage\"},\"image\":{\"@id\":\"https:\/\/narteks.net\/index.php\/2011\/09\/16\/golge-belirsiz-sekilsiz-ve-bulanikti-ne-bir-insana-ne-de-tanriya-aitti-edgar-allan-poe\/#primaryimage\"},\"thumbnailUrl\":\"http:\/\/www.horrorstew.com\/images\/poe002.jpg\",\"datePublished\":\"2011-09-16T10:38:58+00:00\",\"breadcrumb\":{\"@id\":\"https:\/\/narteks.net\/index.php\/2011\/09\/16\/golge-belirsiz-sekilsiz-ve-bulanikti-ne-bir-insana-ne-de-tanriya-aitti-edgar-allan-poe\/#breadcrumb\"},\"inLanguage\":\"tr\",\"potentialAction\":[{\"@type\":\"ReadAction\",\"target\":[\"https:\/\/narteks.net\/index.php\/2011\/09\/16\/golge-belirsiz-sekilsiz-ve-bulanikti-ne-bir-insana-ne-de-tanriya-aitti-edgar-allan-poe\/\"]}]},{\"@type\":\"ImageObject\",\"inLanguage\":\"tr\",\"@id\":\"https:\/\/narteks.net\/index.php\/2011\/09\/16\/golge-belirsiz-sekilsiz-ve-bulanikti-ne-bir-insana-ne-de-tanriya-aitti-edgar-allan-poe\/#primaryimage\",\"url\":\"http:\/\/www.horrorstew.com\/images\/poe002.jpg\",\"contentUrl\":\"http:\/\/www.horrorstew.com\/images\/poe002.jpg\"},{\"@type\":\"BreadcrumbList\",\"@id\":\"https:\/\/narteks.net\/index.php\/2011\/09\/16\/golge-belirsiz-sekilsiz-ve-bulanikti-ne-bir-insana-ne-de-tanriya-aitti-edgar-allan-poe\/#breadcrumb\",\"itemListElement\":[{\"@type\":\"ListItem\",\"position\":1,\"name\":\"Anasayfa\",\"item\":\"https:\/\/narteks.net\/\"},{\"@type\":\"ListItem\",\"position\":2,\"name\":\"G\u00f6lge belirsiz, \u015fekilsiz ve bulan\u0131kt\u0131. Ne bir insana, ne de Tanr\u0131&#8217;ya aitti | Edgar Allan Poe\"}]},{\"@type\":\"WebSite\",\"@id\":\"https:\/\/narteks.net\/#website\",\"url\":\"https:\/\/narteks.net\/\",\"name\":\"narteks.net\",\"description\":\"K\u00fclt\u00fcr Sanat Edebiyat Felsefe\",\"publisher\":{\"@id\":\"https:\/\/narteks.net\/#organization\"},\"alternateName\":\"K\u00fclt\u00fcr Sanat Edebiyat Felsefe\",\"potentialAction\":[{\"@type\":\"SearchAction\",\"target\":{\"@type\":\"EntryPoint\",\"urlTemplate\":\"https:\/\/narteks.net\/?s={search_term_string}\"},\"query-input\":{\"@type\":\"PropertyValueSpecification\",\"valueRequired\":true,\"valueName\":\"search_term_string\"}}],\"inLanguage\":\"tr\"},{\"@type\":\"Organization\",\"@id\":\"https:\/\/narteks.net\/#organization\",\"name\":\"narteks.net\",\"url\":\"https:\/\/narteks.net\/\",\"logo\":{\"@type\":\"ImageObject\",\"inLanguage\":\"tr\",\"@id\":\"https:\/\/narteks.net\/#\/schema\/logo\/image\/\",\"url\":\"https:\/\/narteks.net\/wp-content\/uploads\/narteks.png\",\"contentUrl\":\"https:\/\/narteks.net\/wp-content\/uploads\/narteks.png\",\"width\":300,\"height\":90,\"caption\":\"narteks.net\"},\"image\":{\"@id\":\"https:\/\/narteks.net\/#\/schema\/logo\/image\/\"},\"sameAs\":[\"https:\/\/x.com\/narteks\",\"https:\/\/instagram.com\/narteksnet\"]},{\"@type\":\"Person\",\"@id\":\"https:\/\/narteks.net\/#\/schema\/person\/61f37d9834294b72d31d274e7ed79bca\",\"name\":\"Tar\u0131k\",\"image\":{\"@type\":\"ImageObject\",\"inLanguage\":\"tr\",\"@id\":\"https:\/\/narteks.net\/#\/schema\/person\/image\/\",\"url\":\"https:\/\/secure.gravatar.com\/avatar\/50865afb55632c4ae467e0af0930f6510aa2297d8014be502a55b14f3b7550cf?s=96&d=mm&r=g\",\"contentUrl\":\"https:\/\/secure.gravatar.com\/avatar\/50865afb55632c4ae467e0af0930f6510aa2297d8014be502a55b14f3b7550cf?s=96&d=mm&r=g\",\"caption\":\"Tar\u0131k\"},\"sameAs\":[\"http:\/\/narteks.net\"],\"url\":\"https:\/\/narteks.net\/index.php\/author\/narbak\/\"}]}<\/script>\n<!-- \/ Yoast SEO Premium plugin. -->","yoast_head_json":{"title":"G\u00f6lge belirsiz, \u015fekilsiz ve bulan\u0131kt\u0131. Ne bir insana, ne de Tanr\u0131'ya aitti | Edgar Allan Poe - narteks.net","robots":{"index":"index","follow":"follow","max-snippet":"max-snippet:-1","max-image-preview":"max-image-preview:large","max-video-preview":"max-video-preview:-1"},"canonical":"https:\/\/narteks.net\/index.php\/2011\/09\/16\/golge-belirsiz-sekilsiz-ve-bulanikti-ne-bir-insana-ne-de-tanriya-aitti-edgar-allan-poe\/","og_locale":"tr_TR","og_type":"article","og_title":"G\u00f6lge belirsiz, \u015fekilsiz ve bulan\u0131kt\u0131. Ne bir insana, ne de Tanr\u0131'ya aitti | Edgar Allan Poe","og_description":"Bunu okuyan sizler h\u00e2l\u00e2 ya\u015fayanlar\u0131n aras\u0131ndas\u0131n\u0131z, ama yazan ben uzun s\u00fcre \u00f6nce g\u00f6lgeler diyar\u0131na gittim. \u00c7\u00fcnk\u00fc ger\u00e7ekten tuhaf \u015feyler olacak, gizemler a\u00e7\u0131\u011fa vurulacak ve pek \u00e7ok y\u00fczy\u0131l ge\u00e7ecek, bu an\u0131tlar insanlar taraf\u0131ndan g\u00f6r\u00fclmeden \u00f6nce. Ve g\u00f6r\u00fcl\u00fcnce de baz\u0131lar\u0131 inanacak, baz\u0131lar\u0131 \u015f\u00fcphe edecek, ama birka\u00e7 ki\u015fi buraya demirden bir i\u011fneyle kaz\u0131lan yaz\u0131larda d\u00fc\u015f\u00fcnmeye de\u011fer epey \u015fey [&hellip;]","og_url":"https:\/\/narteks.net\/index.php\/2011\/09\/16\/golge-belirsiz-sekilsiz-ve-bulanikti-ne-bir-insana-ne-de-tanriya-aitti-edgar-allan-poe\/","og_site_name":"narteks.net","article_published_time":"2011-09-16T10:38:58+00:00","og_image":[{"url":"http:\/\/www.horrorstew.com\/images\/poe002.jpg","type":"","width":"","height":""}],"author":"Tar\u0131k","twitter_card":"summary_large_image","twitter_creator":"@narteks","twitter_site":"@narteks","twitter_misc":{"Yazan:":"Tar\u0131k","Tahmini okuma s\u00fcresi":"5 dakika"},"schema":{"@context":"https:\/\/schema.org","@graph":[{"@type":"Article","@id":"https:\/\/narteks.net\/index.php\/2011\/09\/16\/golge-belirsiz-sekilsiz-ve-bulanikti-ne-bir-insana-ne-de-tanriya-aitti-edgar-allan-poe\/#article","isPartOf":{"@id":"https:\/\/narteks.net\/index.php\/2011\/09\/16\/golge-belirsiz-sekilsiz-ve-bulanikti-ne-bir-insana-ne-de-tanriya-aitti-edgar-allan-poe\/"},"author":{"name":"Tar\u0131k","@id":"https:\/\/narteks.net\/#\/schema\/person\/61f37d9834294b72d31d274e7ed79bca"},"headline":"G\u00f6lge belirsiz, \u015fekilsiz ve bulan\u0131kt\u0131. Ne bir insana, ne de Tanr\u0131&#8217;ya aitti | Edgar Allan Poe","datePublished":"2011-09-16T10:38:58+00:00","mainEntityOfPage":{"@id":"https:\/\/narteks.net\/index.php\/2011\/09\/16\/golge-belirsiz-sekilsiz-ve-bulanikti-ne-bir-insana-ne-de-tanriya-aitti-edgar-allan-poe\/"},"wordCount":1009,"commentCount":0,"publisher":{"@id":"https:\/\/narteks.net\/#organization"},"image":{"@id":"https:\/\/narteks.net\/index.php\/2011\/09\/16\/golge-belirsiz-sekilsiz-ve-bulanikti-ne-bir-insana-ne-de-tanriya-aitti-edgar-allan-poe\/#primaryimage"},"thumbnailUrl":"http:\/\/www.horrorstew.com\/images\/poe002.jpg","articleSection":["\u00c7eviri \u00d6yk\u00fcler"],"inLanguage":"tr","potentialAction":[{"@type":"CommentAction","name":"Comment","target":["https:\/\/narteks.net\/index.php\/2011\/09\/16\/golge-belirsiz-sekilsiz-ve-bulanikti-ne-bir-insana-ne-de-tanriya-aitti-edgar-allan-poe\/#respond"]}]},{"@type":"WebPage","@id":"https:\/\/narteks.net\/index.php\/2011\/09\/16\/golge-belirsiz-sekilsiz-ve-bulanikti-ne-bir-insana-ne-de-tanriya-aitti-edgar-allan-poe\/","url":"https:\/\/narteks.net\/index.php\/2011\/09\/16\/golge-belirsiz-sekilsiz-ve-bulanikti-ne-bir-insana-ne-de-tanriya-aitti-edgar-allan-poe\/","name":"G\u00f6lge belirsiz, \u015fekilsiz ve bulan\u0131kt\u0131. Ne bir insana, ne de Tanr\u0131'ya aitti | Edgar Allan Poe - narteks.net","isPartOf":{"@id":"https:\/\/narteks.net\/#website"},"primaryImageOfPage":{"@id":"https:\/\/narteks.net\/index.php\/2011\/09\/16\/golge-belirsiz-sekilsiz-ve-bulanikti-ne-bir-insana-ne-de-tanriya-aitti-edgar-allan-poe\/#primaryimage"},"image":{"@id":"https:\/\/narteks.net\/index.php\/2011\/09\/16\/golge-belirsiz-sekilsiz-ve-bulanikti-ne-bir-insana-ne-de-tanriya-aitti-edgar-allan-poe\/#primaryimage"},"thumbnailUrl":"http:\/\/www.horrorstew.com\/images\/poe002.jpg","datePublished":"2011-09-16T10:38:58+00:00","breadcrumb":{"@id":"https:\/\/narteks.net\/index.php\/2011\/09\/16\/golge-belirsiz-sekilsiz-ve-bulanikti-ne-bir-insana-ne-de-tanriya-aitti-edgar-allan-poe\/#breadcrumb"},"inLanguage":"tr","potentialAction":[{"@type":"ReadAction","target":["https:\/\/narteks.net\/index.php\/2011\/09\/16\/golge-belirsiz-sekilsiz-ve-bulanikti-ne-bir-insana-ne-de-tanriya-aitti-edgar-allan-poe\/"]}]},{"@type":"ImageObject","inLanguage":"tr","@id":"https:\/\/narteks.net\/index.php\/2011\/09\/16\/golge-belirsiz-sekilsiz-ve-bulanikti-ne-bir-insana-ne-de-tanriya-aitti-edgar-allan-poe\/#primaryimage","url":"http:\/\/www.horrorstew.com\/images\/poe002.jpg","contentUrl":"http:\/\/www.horrorstew.com\/images\/poe002.jpg"},{"@type":"BreadcrumbList","@id":"https:\/\/narteks.net\/index.php\/2011\/09\/16\/golge-belirsiz-sekilsiz-ve-bulanikti-ne-bir-insana-ne-de-tanriya-aitti-edgar-allan-poe\/#breadcrumb","itemListElement":[{"@type":"ListItem","position":1,"name":"Anasayfa","item":"https:\/\/narteks.net\/"},{"@type":"ListItem","position":2,"name":"G\u00f6lge belirsiz, \u015fekilsiz ve bulan\u0131kt\u0131. Ne bir insana, ne de Tanr\u0131&#8217;ya aitti | Edgar Allan Poe"}]},{"@type":"WebSite","@id":"https:\/\/narteks.net\/#website","url":"https:\/\/narteks.net\/","name":"narteks.net","description":"K\u00fclt\u00fcr Sanat Edebiyat Felsefe","publisher":{"@id":"https:\/\/narteks.net\/#organization"},"alternateName":"K\u00fclt\u00fcr Sanat Edebiyat Felsefe","potentialAction":[{"@type":"SearchAction","target":{"@type":"EntryPoint","urlTemplate":"https:\/\/narteks.net\/?s={search_term_string}"},"query-input":{"@type":"PropertyValueSpecification","valueRequired":true,"valueName":"search_term_string"}}],"inLanguage":"tr"},{"@type":"Organization","@id":"https:\/\/narteks.net\/#organization","name":"narteks.net","url":"https:\/\/narteks.net\/","logo":{"@type":"ImageObject","inLanguage":"tr","@id":"https:\/\/narteks.net\/#\/schema\/logo\/image\/","url":"https:\/\/narteks.net\/wp-content\/uploads\/narteks.png","contentUrl":"https:\/\/narteks.net\/wp-content\/uploads\/narteks.png","width":300,"height":90,"caption":"narteks.net"},"image":{"@id":"https:\/\/narteks.net\/#\/schema\/logo\/image\/"},"sameAs":["https:\/\/x.com\/narteks","https:\/\/instagram.com\/narteksnet"]},{"@type":"Person","@id":"https:\/\/narteks.net\/#\/schema\/person\/61f37d9834294b72d31d274e7ed79bca","name":"Tar\u0131k","image":{"@type":"ImageObject","inLanguage":"tr","@id":"https:\/\/narteks.net\/#\/schema\/person\/image\/","url":"https:\/\/secure.gravatar.com\/avatar\/50865afb55632c4ae467e0af0930f6510aa2297d8014be502a55b14f3b7550cf?s=96&d=mm&r=g","contentUrl":"https:\/\/secure.gravatar.com\/avatar\/50865afb55632c4ae467e0af0930f6510aa2297d8014be502a55b14f3b7550cf?s=96&d=mm&r=g","caption":"Tar\u0131k"},"sameAs":["http:\/\/narteks.net"],"url":"https:\/\/narteks.net\/index.php\/author\/narbak\/"}]}},"_links":{"self":[{"href":"https:\/\/narteks.net\/index.php\/wp-json\/wp\/v2\/posts\/6717","targetHints":{"allow":["GET"]}}],"collection":[{"href":"https:\/\/narteks.net\/index.php\/wp-json\/wp\/v2\/posts"}],"about":[{"href":"https:\/\/narteks.net\/index.php\/wp-json\/wp\/v2\/types\/post"}],"author":[{"embeddable":true,"href":"https:\/\/narteks.net\/index.php\/wp-json\/wp\/v2\/users\/1"}],"replies":[{"embeddable":true,"href":"https:\/\/narteks.net\/index.php\/wp-json\/wp\/v2\/comments?post=6717"}],"version-history":[{"count":0,"href":"https:\/\/narteks.net\/index.php\/wp-json\/wp\/v2\/posts\/6717\/revisions"}],"wp:attachment":[{"href":"https:\/\/narteks.net\/index.php\/wp-json\/wp\/v2\/media?parent=6717"}],"wp:term":[{"taxonomy":"category","embeddable":true,"href":"https:\/\/narteks.net\/index.php\/wp-json\/wp\/v2\/categories?post=6717"},{"taxonomy":"post_tag","embeddable":true,"href":"https:\/\/narteks.net\/index.php\/wp-json\/wp\/v2\/tags?post=6717"}],"curies":[{"name":"wp","href":"https:\/\/api.w.org\/{rel}","templated":true}]}}