{"id":6727,"date":"2011-09-24T15:24:43","date_gmt":"2011-09-24T12:24:43","guid":{"rendered":"http:\/\/localhost\/wordpress\/2011\/09\/24\/guzel-ve-benzer\/"},"modified":"2011-09-24T15:24:43","modified_gmt":"2011-09-24T12:24:43","slug":"guzel-ve-benzer","status":"publish","type":"post","link":"https:\/\/narteks.net\/index.php\/2011\/09\/24\/guzel-ve-benzer\/","title":{"rendered":"G\u00dcZEL VE BENZER"},"content":{"rendered":"<p>\u00a0<\/p>\n<p><span><span class=\"Siir_metin\">G\u00fcn\u00fcn sonunda bir y\u00fcz <br \/>Bir be\u015fik gibi g\u00fcn\u00fcn \u00f6l\u00fc yapraklar\u0131nda <br \/>Bir \u00e7\u0131plak ya\u011fmur demeti <br \/>Gizlenmi\u015f b\u00fct\u00fcn g\u00fcne\u015f <br \/>Kaynaklar\u0131n b\u00fct\u00fcn kayna\u011f\u0131 suyun dibinde <br \/>K\u0131r\u0131k aynalar\u0131n b\u00fct\u00fcn aynas\u0131 <br \/>Bir y\u00fcz sessizli\u011fin tart\u0131lar\u0131nda  <\/p>\n<p>\u00d6b\u00fcr \u00e7ak\u0131llar aras\u0131nda bir \u00e7ak\u0131l <br \/>G\u00fcn\u00fcn son \u0131\u015f\u0131klar\u0131n\u0131n sapanlar\u0131 i\u00e7in <br \/>Unutulmu\u015f b\u00fct\u00fcn y\u00fczlere benzeyen bir y\u00fcz.<\/span><\/span><\/p>\n<p><span><span class=\"Siir_metin\">Paul ELUARD<br \/><\/span><\/span><\/p>\n","protected":false},"excerpt":{"rendered":"<p>\u00a0 G\u00fcn\u00fcn sonunda bir y\u00fcz Bir be\u015fik gibi g\u00fcn\u00fcn \u00f6l\u00fc yapraklar\u0131nda Bir \u00e7\u0131plak ya\u011fmur demeti Gizlenmi\u015f b\u00fct\u00fcn g\u00fcne\u015f Kaynaklar\u0131n b\u00fct\u00fcn kayna\u011f\u0131 suyun dibinde K\u0131r\u0131k aynalar\u0131n b\u00fct\u00fcn aynas\u0131 Bir y\u00fcz sessizli\u011fin tart\u0131lar\u0131nda \u00d6b\u00fcr \u00e7ak\u0131llar aras\u0131nda bir \u00e7ak\u0131l G\u00fcn\u00fcn son \u0131\u015f\u0131klar\u0131n\u0131n sapanlar\u0131 i\u00e7in Unutulmu\u015f b\u00fct\u00fcn y\u00fczlere benzeyen bir y\u00fcz. Paul ELUARD<\/p>\n","protected":false},"author":1,"featured_media":0,"comment_status":"open","ping_status":"open","sticky":false,"template":"","format":"standard","meta":{"footnotes":""},"categories":[68],"tags":[],"class_list":{"0":"post-6727","1":"post","2":"type-post","3":"status-publish","4":"format-standard","6":"category-paul-eluard"},"yoast_head":"<!-- This site is optimized with the Yoast SEO Premium plugin v24.9 (Yoast SEO v24.9) - https:\/\/yoast.com\/wordpress\/plugins\/seo\/ -->\n<title>G\u00dcZEL VE BENZER - narteks.net<\/title>\n<meta name=\"robots\" content=\"index, follow, max-snippet:-1, max-image-preview:large, max-video-preview:-1\" \/>\n<link rel=\"canonical\" href=\"https:\/\/narteks.net\/index.php\/2011\/09\/24\/guzel-ve-benzer\/\" \/>\n<meta property=\"og:locale\" content=\"tr_TR\" \/>\n<meta property=\"og:type\" content=\"article\" \/>\n<meta property=\"og:title\" content=\"G\u00dcZEL VE BENZER\" \/>\n<meta property=\"og:description\" content=\"\u00a0 G\u00fcn\u00fcn sonunda bir y\u00fcz Bir be\u015fik gibi g\u00fcn\u00fcn \u00f6l\u00fc yapraklar\u0131nda Bir \u00e7\u0131plak ya\u011fmur demeti Gizlenmi\u015f b\u00fct\u00fcn g\u00fcne\u015f Kaynaklar\u0131n b\u00fct\u00fcn kayna\u011f\u0131 suyun dibinde K\u0131r\u0131k aynalar\u0131n b\u00fct\u00fcn aynas\u0131 Bir y\u00fcz sessizli\u011fin tart\u0131lar\u0131nda \u00d6b\u00fcr \u00e7ak\u0131llar aras\u0131nda bir \u00e7ak\u0131l G\u00fcn\u00fcn son \u0131\u015f\u0131klar\u0131n\u0131n sapanlar\u0131 i\u00e7in Unutulmu\u015f b\u00fct\u00fcn y\u00fczlere benzeyen bir y\u00fcz. Paul ELUARD\" \/>\n<meta property=\"og:url\" content=\"https:\/\/narteks.net\/index.php\/2011\/09\/24\/guzel-ve-benzer\/\" \/>\n<meta property=\"og:site_name\" content=\"narteks.net\" \/>\n<meta property=\"article:published_time\" content=\"2011-09-24T12:24:43+00:00\" \/>\n<meta property=\"og:image\" content=\"https:\/\/narteks.net\/wp-content\/uploads\/narteks.png\" \/>\n\t<meta property=\"og:image:width\" content=\"300\" \/>\n\t<meta property=\"og:image:height\" content=\"90\" \/>\n\t<meta property=\"og:image:type\" content=\"image\/png\" \/>\n<meta name=\"author\" content=\"Tar\u0131k\" \/>\n<meta name=\"twitter:card\" content=\"summary_large_image\" \/>\n<meta name=\"twitter:creator\" content=\"@narteks\" \/>\n<meta name=\"twitter:site\" content=\"@narteks\" \/>\n<meta name=\"twitter:label1\" content=\"Yazan:\" \/>\n\t<meta name=\"twitter:data1\" content=\"Tar\u0131k\" \/>\n<script type=\"application\/ld+json\" class=\"yoast-schema-graph\">{\"@context\":\"https:\/\/schema.org\",\"@graph\":[{\"@type\":\"Article\",\"@id\":\"https:\/\/narteks.net\/index.php\/2011\/09\/24\/guzel-ve-benzer\/#article\",\"isPartOf\":{\"@id\":\"https:\/\/narteks.net\/index.php\/2011\/09\/24\/guzel-ve-benzer\/\"},\"author\":{\"name\":\"Tar\u0131k\",\"@id\":\"https:\/\/narteks.net\/#\/schema\/person\/61f37d9834294b72d31d274e7ed79bca\"},\"headline\":\"G\u00dcZEL VE BENZER\",\"datePublished\":\"2011-09-24T12:24:43+00:00\",\"mainEntityOfPage\":{\"@id\":\"https:\/\/narteks.net\/index.php\/2011\/09\/24\/guzel-ve-benzer\/\"},\"wordCount\":88,\"commentCount\":0,\"publisher\":{\"@id\":\"https:\/\/narteks.net\/#organization\"},\"articleSection\":[\"Paul ELUARD\"],\"inLanguage\":\"tr\",\"potentialAction\":[{\"@type\":\"CommentAction\",\"name\":\"Comment\",\"target\":[\"https:\/\/narteks.net\/index.php\/2011\/09\/24\/guzel-ve-benzer\/#respond\"]}]},{\"@type\":\"WebPage\",\"@id\":\"https:\/\/narteks.net\/index.php\/2011\/09\/24\/guzel-ve-benzer\/\",\"url\":\"https:\/\/narteks.net\/index.php\/2011\/09\/24\/guzel-ve-benzer\/\",\"name\":\"G\u00dcZEL VE BENZER - narteks.net\",\"isPartOf\":{\"@id\":\"https:\/\/narteks.net\/#website\"},\"datePublished\":\"2011-09-24T12:24:43+00:00\",\"breadcrumb\":{\"@id\":\"https:\/\/narteks.net\/index.php\/2011\/09\/24\/guzel-ve-benzer\/#breadcrumb\"},\"inLanguage\":\"tr\",\"potentialAction\":[{\"@type\":\"ReadAction\",\"target\":[\"https:\/\/narteks.net\/index.php\/2011\/09\/24\/guzel-ve-benzer\/\"]}]},{\"@type\":\"BreadcrumbList\",\"@id\":\"https:\/\/narteks.net\/index.php\/2011\/09\/24\/guzel-ve-benzer\/#breadcrumb\",\"itemListElement\":[{\"@type\":\"ListItem\",\"position\":1,\"name\":\"Anasayfa\",\"item\":\"https:\/\/narteks.net\/\"},{\"@type\":\"ListItem\",\"position\":2,\"name\":\"G\u00dcZEL VE BENZER\"}]},{\"@type\":\"WebSite\",\"@id\":\"https:\/\/narteks.net\/#website\",\"url\":\"https:\/\/narteks.net\/\",\"name\":\"narteks.net\",\"description\":\"K\u00fclt\u00fcr Sanat Edebiyat Felsefe\",\"publisher\":{\"@id\":\"https:\/\/narteks.net\/#organization\"},\"alternateName\":\"K\u00fclt\u00fcr Sanat Edebiyat Felsefe\",\"potentialAction\":[{\"@type\":\"SearchAction\",\"target\":{\"@type\":\"EntryPoint\",\"urlTemplate\":\"https:\/\/narteks.net\/?s={search_term_string}\"},\"query-input\":{\"@type\":\"PropertyValueSpecification\",\"valueRequired\":true,\"valueName\":\"search_term_string\"}}],\"inLanguage\":\"tr\"},{\"@type\":\"Organization\",\"@id\":\"https:\/\/narteks.net\/#organization\",\"name\":\"narteks.net\",\"url\":\"https:\/\/narteks.net\/\",\"logo\":{\"@type\":\"ImageObject\",\"inLanguage\":\"tr\",\"@id\":\"https:\/\/narteks.net\/#\/schema\/logo\/image\/\",\"url\":\"https:\/\/narteks.net\/wp-content\/uploads\/narteks.png\",\"contentUrl\":\"https:\/\/narteks.net\/wp-content\/uploads\/narteks.png\",\"width\":300,\"height\":90,\"caption\":\"narteks.net\"},\"image\":{\"@id\":\"https:\/\/narteks.net\/#\/schema\/logo\/image\/\"},\"sameAs\":[\"https:\/\/x.com\/narteks\",\"https:\/\/instagram.com\/narteksnet\"]},{\"@type\":\"Person\",\"@id\":\"https:\/\/narteks.net\/#\/schema\/person\/61f37d9834294b72d31d274e7ed79bca\",\"name\":\"Tar\u0131k\",\"image\":{\"@type\":\"ImageObject\",\"inLanguage\":\"tr\",\"@id\":\"https:\/\/narteks.net\/#\/schema\/person\/image\/\",\"url\":\"https:\/\/secure.gravatar.com\/avatar\/50865afb55632c4ae467e0af0930f6510aa2297d8014be502a55b14f3b7550cf?s=96&d=mm&r=g\",\"contentUrl\":\"https:\/\/secure.gravatar.com\/avatar\/50865afb55632c4ae467e0af0930f6510aa2297d8014be502a55b14f3b7550cf?s=96&d=mm&r=g\",\"caption\":\"Tar\u0131k\"},\"sameAs\":[\"http:\/\/narteks.net\"],\"url\":\"https:\/\/narteks.net\/index.php\/author\/narbak\/\"}]}<\/script>\n<!-- \/ Yoast SEO Premium plugin. -->","yoast_head_json":{"title":"G\u00dcZEL VE BENZER - narteks.net","robots":{"index":"index","follow":"follow","max-snippet":"max-snippet:-1","max-image-preview":"max-image-preview:large","max-video-preview":"max-video-preview:-1"},"canonical":"https:\/\/narteks.net\/index.php\/2011\/09\/24\/guzel-ve-benzer\/","og_locale":"tr_TR","og_type":"article","og_title":"G\u00dcZEL VE BENZER","og_description":"\u00a0 G\u00fcn\u00fcn sonunda bir y\u00fcz Bir be\u015fik gibi g\u00fcn\u00fcn \u00f6l\u00fc yapraklar\u0131nda Bir \u00e7\u0131plak ya\u011fmur demeti Gizlenmi\u015f b\u00fct\u00fcn g\u00fcne\u015f Kaynaklar\u0131n b\u00fct\u00fcn kayna\u011f\u0131 suyun dibinde K\u0131r\u0131k aynalar\u0131n b\u00fct\u00fcn aynas\u0131 Bir y\u00fcz sessizli\u011fin tart\u0131lar\u0131nda \u00d6b\u00fcr \u00e7ak\u0131llar aras\u0131nda bir \u00e7ak\u0131l G\u00fcn\u00fcn son \u0131\u015f\u0131klar\u0131n\u0131n sapanlar\u0131 i\u00e7in Unutulmu\u015f b\u00fct\u00fcn y\u00fczlere benzeyen bir y\u00fcz. Paul ELUARD","og_url":"https:\/\/narteks.net\/index.php\/2011\/09\/24\/guzel-ve-benzer\/","og_site_name":"narteks.net","article_published_time":"2011-09-24T12:24:43+00:00","og_image":[{"width":300,"height":90,"url":"https:\/\/narteks.net\/wp-content\/uploads\/narteks.png","type":"image\/png"}],"author":"Tar\u0131k","twitter_card":"summary_large_image","twitter_creator":"@narteks","twitter_site":"@narteks","twitter_misc":{"Yazan:":"Tar\u0131k"},"schema":{"@context":"https:\/\/schema.org","@graph":[{"@type":"Article","@id":"https:\/\/narteks.net\/index.php\/2011\/09\/24\/guzel-ve-benzer\/#article","isPartOf":{"@id":"https:\/\/narteks.net\/index.php\/2011\/09\/24\/guzel-ve-benzer\/"},"author":{"name":"Tar\u0131k","@id":"https:\/\/narteks.net\/#\/schema\/person\/61f37d9834294b72d31d274e7ed79bca"},"headline":"G\u00dcZEL VE BENZER","datePublished":"2011-09-24T12:24:43+00:00","mainEntityOfPage":{"@id":"https:\/\/narteks.net\/index.php\/2011\/09\/24\/guzel-ve-benzer\/"},"wordCount":88,"commentCount":0,"publisher":{"@id":"https:\/\/narteks.net\/#organization"},"articleSection":["Paul ELUARD"],"inLanguage":"tr","potentialAction":[{"@type":"CommentAction","name":"Comment","target":["https:\/\/narteks.net\/index.php\/2011\/09\/24\/guzel-ve-benzer\/#respond"]}]},{"@type":"WebPage","@id":"https:\/\/narteks.net\/index.php\/2011\/09\/24\/guzel-ve-benzer\/","url":"https:\/\/narteks.net\/index.php\/2011\/09\/24\/guzel-ve-benzer\/","name":"G\u00dcZEL VE BENZER - narteks.net","isPartOf":{"@id":"https:\/\/narteks.net\/#website"},"datePublished":"2011-09-24T12:24:43+00:00","breadcrumb":{"@id":"https:\/\/narteks.net\/index.php\/2011\/09\/24\/guzel-ve-benzer\/#breadcrumb"},"inLanguage":"tr","potentialAction":[{"@type":"ReadAction","target":["https:\/\/narteks.net\/index.php\/2011\/09\/24\/guzel-ve-benzer\/"]}]},{"@type":"BreadcrumbList","@id":"https:\/\/narteks.net\/index.php\/2011\/09\/24\/guzel-ve-benzer\/#breadcrumb","itemListElement":[{"@type":"ListItem","position":1,"name":"Anasayfa","item":"https:\/\/narteks.net\/"},{"@type":"ListItem","position":2,"name":"G\u00dcZEL VE BENZER"}]},{"@type":"WebSite","@id":"https:\/\/narteks.net\/#website","url":"https:\/\/narteks.net\/","name":"narteks.net","description":"K\u00fclt\u00fcr Sanat Edebiyat Felsefe","publisher":{"@id":"https:\/\/narteks.net\/#organization"},"alternateName":"K\u00fclt\u00fcr Sanat Edebiyat Felsefe","potentialAction":[{"@type":"SearchAction","target":{"@type":"EntryPoint","urlTemplate":"https:\/\/narteks.net\/?s={search_term_string}"},"query-input":{"@type":"PropertyValueSpecification","valueRequired":true,"valueName":"search_term_string"}}],"inLanguage":"tr"},{"@type":"Organization","@id":"https:\/\/narteks.net\/#organization","name":"narteks.net","url":"https:\/\/narteks.net\/","logo":{"@type":"ImageObject","inLanguage":"tr","@id":"https:\/\/narteks.net\/#\/schema\/logo\/image\/","url":"https:\/\/narteks.net\/wp-content\/uploads\/narteks.png","contentUrl":"https:\/\/narteks.net\/wp-content\/uploads\/narteks.png","width":300,"height":90,"caption":"narteks.net"},"image":{"@id":"https:\/\/narteks.net\/#\/schema\/logo\/image\/"},"sameAs":["https:\/\/x.com\/narteks","https:\/\/instagram.com\/narteksnet"]},{"@type":"Person","@id":"https:\/\/narteks.net\/#\/schema\/person\/61f37d9834294b72d31d274e7ed79bca","name":"Tar\u0131k","image":{"@type":"ImageObject","inLanguage":"tr","@id":"https:\/\/narteks.net\/#\/schema\/person\/image\/","url":"https:\/\/secure.gravatar.com\/avatar\/50865afb55632c4ae467e0af0930f6510aa2297d8014be502a55b14f3b7550cf?s=96&d=mm&r=g","contentUrl":"https:\/\/secure.gravatar.com\/avatar\/50865afb55632c4ae467e0af0930f6510aa2297d8014be502a55b14f3b7550cf?s=96&d=mm&r=g","caption":"Tar\u0131k"},"sameAs":["http:\/\/narteks.net"],"url":"https:\/\/narteks.net\/index.php\/author\/narbak\/"}]}},"_links":{"self":[{"href":"https:\/\/narteks.net\/index.php\/wp-json\/wp\/v2\/posts\/6727","targetHints":{"allow":["GET"]}}],"collection":[{"href":"https:\/\/narteks.net\/index.php\/wp-json\/wp\/v2\/posts"}],"about":[{"href":"https:\/\/narteks.net\/index.php\/wp-json\/wp\/v2\/types\/post"}],"author":[{"embeddable":true,"href":"https:\/\/narteks.net\/index.php\/wp-json\/wp\/v2\/users\/1"}],"replies":[{"embeddable":true,"href":"https:\/\/narteks.net\/index.php\/wp-json\/wp\/v2\/comments?post=6727"}],"version-history":[{"count":0,"href":"https:\/\/narteks.net\/index.php\/wp-json\/wp\/v2\/posts\/6727\/revisions"}],"wp:attachment":[{"href":"https:\/\/narteks.net\/index.php\/wp-json\/wp\/v2\/media?parent=6727"}],"wp:term":[{"taxonomy":"category","embeddable":true,"href":"https:\/\/narteks.net\/index.php\/wp-json\/wp\/v2\/categories?post=6727"},{"taxonomy":"post_tag","embeddable":true,"href":"https:\/\/narteks.net\/index.php\/wp-json\/wp\/v2\/tags?post=6727"}],"curies":[{"name":"wp","href":"https:\/\/api.w.org\/{rel}","templated":true}]}}