{"id":6729,"date":"2011-09-24T15:26:40","date_gmt":"2011-09-24T12:26:40","guid":{"rendered":"http:\/\/localhost\/wordpress\/2011\/09\/24\/sevinin-duzeni-ve-duzensizligi\/"},"modified":"2011-09-24T15:26:40","modified_gmt":"2011-09-24T12:26:40","slug":"sevinin-duzeni-ve-duzensizligi","status":"publish","type":"post","link":"https:\/\/narteks.net\/index.php\/2011\/09\/24\/sevinin-duzeni-ve-duzensizligi\/","title":{"rendered":"SEV\u0130N\u0130N D\u00dcZEN\u0130 VE D\u00dcZENS\u0130ZL\u0130\u011e\u0130"},"content":{"rendered":"<p>\u00a0<\/p>\n<p><span><span class=\"Siir_metin\">Sevinin D\u00fczeni ve D\u00fczensizli\u011fi <\/p>\n<p>\u00d6\u011feleri sayaca\u011f\u0131m ba\u015flamak i\u00e7in <br \/>Sesini g\u00f6zlerini ellerini dudaklar\u0131n\u0131 <\/p>\n<p>Yery\u00fcz\u00fcndeyim olur muydum yery\u00fcz\u00fcnde <br \/>Sen de olmasan <br \/>Bu ortamda y\u00fcz\u00fc d\u00f6n\u00fck <br \/>Denize tatl\u0131 suya <br \/>Bu ortamda yal\u0131m\u0131m <br \/>G\u00f6zlerimizde bi\u00e7imlendi\u011fi <br \/>Bu mutlu g\u00f6zya\u015flar\u0131n\u0131n ortam\u0131 <br \/>Girdim i\u00e7ine <br \/>Erdemiyle ellerinin <br \/>Tad\u0131yla dudaklar\u0131n\u0131n <br \/>\u0130lk insanc\u0131l davran\u0131\u015f i\u015fte <br \/>Beliren bir \u00e7ay\u0131r t\u0131pk\u0131 <br \/>Susu\u015flar\u0131m\u0131z s\u00f6zlerimiz <br \/>U\u00e7up giden ayd\u0131nl\u0131k <br \/>Yeniden gelen \u0131\u015f\u0131k <br \/>Tanyeri alacakaranl\u0131k g\u00fcld\u00fcr\u00fcr bizi <\/p>\n<p>\u0130\u00e7inde bedenimizin <br \/>\u00c7i\u00e7eklenir olu\u015fur ne varsa <br \/>Samanl\u0131\u011f\u0131nda ya\u015fant\u0131m\u0131n <br \/>Yat\u0131rd\u0131m ya\u015fl\u0131 kemiklerimi <br \/>T\u00fckettim orda. <\/span><\/span><\/p>\n<p><span><span class=\"Siir_metin\">Paul ELUARD<br \/><\/span><\/span><\/p>\n","protected":false},"excerpt":{"rendered":"<p>\u00a0 Sevinin D\u00fczeni ve D\u00fczensizli\u011fi \u00d6\u011feleri sayaca\u011f\u0131m ba\u015flamak i\u00e7in Sesini g\u00f6zlerini ellerini dudaklar\u0131n\u0131 Yery\u00fcz\u00fcndeyim olur muydum yery\u00fcz\u00fcnde Sen de olmasan Bu ortamda y\u00fcz\u00fc d\u00f6n\u00fck Denize tatl\u0131 suya Bu ortamda yal\u0131m\u0131m G\u00f6zlerimizde bi\u00e7imlendi\u011fi Bu mutlu g\u00f6zya\u015flar\u0131n\u0131n ortam\u0131 Girdim i\u00e7ine Erdemiyle ellerinin Tad\u0131yla dudaklar\u0131n\u0131n \u0130lk insanc\u0131l davran\u0131\u015f i\u015fte Beliren bir \u00e7ay\u0131r t\u0131pk\u0131 Susu\u015flar\u0131m\u0131z s\u00f6zlerimiz U\u00e7up giden ayd\u0131nl\u0131k [&hellip;]<\/p>\n","protected":false},"author":1,"featured_media":0,"comment_status":"open","ping_status":"open","sticky":false,"template":"","format":"standard","meta":{"footnotes":""},"categories":[68],"tags":[],"class_list":{"0":"post-6729","1":"post","2":"type-post","3":"status-publish","4":"format-standard","6":"category-paul-eluard"},"yoast_head":"<!-- This site is optimized with the Yoast SEO Premium plugin v24.9 (Yoast SEO v24.9) - https:\/\/yoast.com\/wordpress\/plugins\/seo\/ -->\n<title>SEV\u0130N\u0130N D\u00dcZEN\u0130 VE D\u00dcZENS\u0130ZL\u0130\u011e\u0130 - narteks.net<\/title>\n<meta name=\"robots\" content=\"index, follow, max-snippet:-1, max-image-preview:large, max-video-preview:-1\" \/>\n<link rel=\"canonical\" href=\"https:\/\/narteks.net\/index.php\/2011\/09\/24\/sevinin-duzeni-ve-duzensizligi\/\" \/>\n<meta property=\"og:locale\" content=\"tr_TR\" \/>\n<meta property=\"og:type\" content=\"article\" \/>\n<meta property=\"og:title\" content=\"SEV\u0130N\u0130N D\u00dcZEN\u0130 VE D\u00dcZENS\u0130ZL\u0130\u011e\u0130\" \/>\n<meta property=\"og:description\" content=\"\u00a0 Sevinin D\u00fczeni ve D\u00fczensizli\u011fi \u00d6\u011feleri sayaca\u011f\u0131m ba\u015flamak i\u00e7in Sesini g\u00f6zlerini ellerini dudaklar\u0131n\u0131 Yery\u00fcz\u00fcndeyim olur muydum yery\u00fcz\u00fcnde Sen de olmasan Bu ortamda y\u00fcz\u00fc d\u00f6n\u00fck Denize tatl\u0131 suya Bu ortamda yal\u0131m\u0131m G\u00f6zlerimizde bi\u00e7imlendi\u011fi Bu mutlu g\u00f6zya\u015flar\u0131n\u0131n ortam\u0131 Girdim i\u00e7ine Erdemiyle ellerinin Tad\u0131yla dudaklar\u0131n\u0131n \u0130lk insanc\u0131l davran\u0131\u015f i\u015fte Beliren bir \u00e7ay\u0131r t\u0131pk\u0131 Susu\u015flar\u0131m\u0131z s\u00f6zlerimiz U\u00e7up giden ayd\u0131nl\u0131k [&hellip;]\" \/>\n<meta property=\"og:url\" content=\"https:\/\/narteks.net\/index.php\/2011\/09\/24\/sevinin-duzeni-ve-duzensizligi\/\" \/>\n<meta property=\"og:site_name\" content=\"narteks.net\" \/>\n<meta property=\"article:published_time\" content=\"2011-09-24T12:26:40+00:00\" \/>\n<meta property=\"og:image\" content=\"https:\/\/narteks.net\/wp-content\/uploads\/narteks.png\" \/>\n\t<meta property=\"og:image:width\" content=\"300\" \/>\n\t<meta property=\"og:image:height\" content=\"90\" \/>\n\t<meta property=\"og:image:type\" content=\"image\/png\" \/>\n<meta name=\"author\" content=\"Tar\u0131k\" \/>\n<meta name=\"twitter:card\" content=\"summary_large_image\" \/>\n<meta name=\"twitter:creator\" content=\"@narteks\" \/>\n<meta name=\"twitter:site\" content=\"@narteks\" \/>\n<meta name=\"twitter:label1\" content=\"Yazan:\" \/>\n\t<meta name=\"twitter:data1\" content=\"Tar\u0131k\" \/>\n\t<meta name=\"twitter:label2\" content=\"Tahmini okuma s\u00fcresi\" \/>\n\t<meta name=\"twitter:data2\" content=\"1 dakika\" \/>\n<script type=\"application\/ld+json\" class=\"yoast-schema-graph\">{\"@context\":\"https:\/\/schema.org\",\"@graph\":[{\"@type\":\"Article\",\"@id\":\"https:\/\/narteks.net\/index.php\/2011\/09\/24\/sevinin-duzeni-ve-duzensizligi\/#article\",\"isPartOf\":{\"@id\":\"https:\/\/narteks.net\/index.php\/2011\/09\/24\/sevinin-duzeni-ve-duzensizligi\/\"},\"author\":{\"name\":\"Tar\u0131k\",\"@id\":\"https:\/\/narteks.net\/#\/schema\/person\/61f37d9834294b72d31d274e7ed79bca\"},\"headline\":\"SEV\u0130N\u0130N D\u00dcZEN\u0130 VE D\u00dcZENS\u0130ZL\u0130\u011e\u0130\",\"datePublished\":\"2011-09-24T12:26:40+00:00\",\"mainEntityOfPage\":{\"@id\":\"https:\/\/narteks.net\/index.php\/2011\/09\/24\/sevinin-duzeni-ve-duzensizligi\/\"},\"wordCount\":138,\"commentCount\":0,\"publisher\":{\"@id\":\"https:\/\/narteks.net\/#organization\"},\"articleSection\":[\"Paul ELUARD\"],\"inLanguage\":\"tr\",\"potentialAction\":[{\"@type\":\"CommentAction\",\"name\":\"Comment\",\"target\":[\"https:\/\/narteks.net\/index.php\/2011\/09\/24\/sevinin-duzeni-ve-duzensizligi\/#respond\"]}]},{\"@type\":\"WebPage\",\"@id\":\"https:\/\/narteks.net\/index.php\/2011\/09\/24\/sevinin-duzeni-ve-duzensizligi\/\",\"url\":\"https:\/\/narteks.net\/index.php\/2011\/09\/24\/sevinin-duzeni-ve-duzensizligi\/\",\"name\":\"SEV\u0130N\u0130N D\u00dcZEN\u0130 VE D\u00dcZENS\u0130ZL\u0130\u011e\u0130 - narteks.net\",\"isPartOf\":{\"@id\":\"https:\/\/narteks.net\/#website\"},\"datePublished\":\"2011-09-24T12:26:40+00:00\",\"breadcrumb\":{\"@id\":\"https:\/\/narteks.net\/index.php\/2011\/09\/24\/sevinin-duzeni-ve-duzensizligi\/#breadcrumb\"},\"inLanguage\":\"tr\",\"potentialAction\":[{\"@type\":\"ReadAction\",\"target\":[\"https:\/\/narteks.net\/index.php\/2011\/09\/24\/sevinin-duzeni-ve-duzensizligi\/\"]}]},{\"@type\":\"BreadcrumbList\",\"@id\":\"https:\/\/narteks.net\/index.php\/2011\/09\/24\/sevinin-duzeni-ve-duzensizligi\/#breadcrumb\",\"itemListElement\":[{\"@type\":\"ListItem\",\"position\":1,\"name\":\"Anasayfa\",\"item\":\"https:\/\/narteks.net\/\"},{\"@type\":\"ListItem\",\"position\":2,\"name\":\"SEV\u0130N\u0130N D\u00dcZEN\u0130 VE D\u00dcZENS\u0130ZL\u0130\u011e\u0130\"}]},{\"@type\":\"WebSite\",\"@id\":\"https:\/\/narteks.net\/#website\",\"url\":\"https:\/\/narteks.net\/\",\"name\":\"narteks.net\",\"description\":\"K\u00fclt\u00fcr Sanat Edebiyat Felsefe\",\"publisher\":{\"@id\":\"https:\/\/narteks.net\/#organization\"},\"alternateName\":\"K\u00fclt\u00fcr Sanat Edebiyat Felsefe\",\"potentialAction\":[{\"@type\":\"SearchAction\",\"target\":{\"@type\":\"EntryPoint\",\"urlTemplate\":\"https:\/\/narteks.net\/?s={search_term_string}\"},\"query-input\":{\"@type\":\"PropertyValueSpecification\",\"valueRequired\":true,\"valueName\":\"search_term_string\"}}],\"inLanguage\":\"tr\"},{\"@type\":\"Organization\",\"@id\":\"https:\/\/narteks.net\/#organization\",\"name\":\"narteks.net\",\"url\":\"https:\/\/narteks.net\/\",\"logo\":{\"@type\":\"ImageObject\",\"inLanguage\":\"tr\",\"@id\":\"https:\/\/narteks.net\/#\/schema\/logo\/image\/\",\"url\":\"https:\/\/narteks.net\/wp-content\/uploads\/narteks.png\",\"contentUrl\":\"https:\/\/narteks.net\/wp-content\/uploads\/narteks.png\",\"width\":300,\"height\":90,\"caption\":\"narteks.net\"},\"image\":{\"@id\":\"https:\/\/narteks.net\/#\/schema\/logo\/image\/\"},\"sameAs\":[\"https:\/\/x.com\/narteks\",\"https:\/\/instagram.com\/narteksnet\"]},{\"@type\":\"Person\",\"@id\":\"https:\/\/narteks.net\/#\/schema\/person\/61f37d9834294b72d31d274e7ed79bca\",\"name\":\"Tar\u0131k\",\"image\":{\"@type\":\"ImageObject\",\"inLanguage\":\"tr\",\"@id\":\"https:\/\/narteks.net\/#\/schema\/person\/image\/\",\"url\":\"https:\/\/secure.gravatar.com\/avatar\/50865afb55632c4ae467e0af0930f6510aa2297d8014be502a55b14f3b7550cf?s=96&d=mm&r=g\",\"contentUrl\":\"https:\/\/secure.gravatar.com\/avatar\/50865afb55632c4ae467e0af0930f6510aa2297d8014be502a55b14f3b7550cf?s=96&d=mm&r=g\",\"caption\":\"Tar\u0131k\"},\"sameAs\":[\"http:\/\/narteks.net\"],\"url\":\"https:\/\/narteks.net\/index.php\/author\/narbak\/\"}]}<\/script>\n<!-- \/ Yoast SEO Premium plugin. -->","yoast_head_json":{"title":"SEV\u0130N\u0130N D\u00dcZEN\u0130 VE D\u00dcZENS\u0130ZL\u0130\u011e\u0130 - narteks.net","robots":{"index":"index","follow":"follow","max-snippet":"max-snippet:-1","max-image-preview":"max-image-preview:large","max-video-preview":"max-video-preview:-1"},"canonical":"https:\/\/narteks.net\/index.php\/2011\/09\/24\/sevinin-duzeni-ve-duzensizligi\/","og_locale":"tr_TR","og_type":"article","og_title":"SEV\u0130N\u0130N D\u00dcZEN\u0130 VE D\u00dcZENS\u0130ZL\u0130\u011e\u0130","og_description":"\u00a0 Sevinin D\u00fczeni ve D\u00fczensizli\u011fi \u00d6\u011feleri sayaca\u011f\u0131m ba\u015flamak i\u00e7in Sesini g\u00f6zlerini ellerini dudaklar\u0131n\u0131 Yery\u00fcz\u00fcndeyim olur muydum yery\u00fcz\u00fcnde Sen de olmasan Bu ortamda y\u00fcz\u00fc d\u00f6n\u00fck Denize tatl\u0131 suya Bu ortamda yal\u0131m\u0131m G\u00f6zlerimizde bi\u00e7imlendi\u011fi Bu mutlu g\u00f6zya\u015flar\u0131n\u0131n ortam\u0131 Girdim i\u00e7ine Erdemiyle ellerinin Tad\u0131yla dudaklar\u0131n\u0131n \u0130lk insanc\u0131l davran\u0131\u015f i\u015fte Beliren bir \u00e7ay\u0131r t\u0131pk\u0131 Susu\u015flar\u0131m\u0131z s\u00f6zlerimiz U\u00e7up giden ayd\u0131nl\u0131k [&hellip;]","og_url":"https:\/\/narteks.net\/index.php\/2011\/09\/24\/sevinin-duzeni-ve-duzensizligi\/","og_site_name":"narteks.net","article_published_time":"2011-09-24T12:26:40+00:00","og_image":[{"width":300,"height":90,"url":"https:\/\/narteks.net\/wp-content\/uploads\/narteks.png","type":"image\/png"}],"author":"Tar\u0131k","twitter_card":"summary_large_image","twitter_creator":"@narteks","twitter_site":"@narteks","twitter_misc":{"Yazan:":"Tar\u0131k","Tahmini okuma s\u00fcresi":"1 dakika"},"schema":{"@context":"https:\/\/schema.org","@graph":[{"@type":"Article","@id":"https:\/\/narteks.net\/index.php\/2011\/09\/24\/sevinin-duzeni-ve-duzensizligi\/#article","isPartOf":{"@id":"https:\/\/narteks.net\/index.php\/2011\/09\/24\/sevinin-duzeni-ve-duzensizligi\/"},"author":{"name":"Tar\u0131k","@id":"https:\/\/narteks.net\/#\/schema\/person\/61f37d9834294b72d31d274e7ed79bca"},"headline":"SEV\u0130N\u0130N D\u00dcZEN\u0130 VE D\u00dcZENS\u0130ZL\u0130\u011e\u0130","datePublished":"2011-09-24T12:26:40+00:00","mainEntityOfPage":{"@id":"https:\/\/narteks.net\/index.php\/2011\/09\/24\/sevinin-duzeni-ve-duzensizligi\/"},"wordCount":138,"commentCount":0,"publisher":{"@id":"https:\/\/narteks.net\/#organization"},"articleSection":["Paul ELUARD"],"inLanguage":"tr","potentialAction":[{"@type":"CommentAction","name":"Comment","target":["https:\/\/narteks.net\/index.php\/2011\/09\/24\/sevinin-duzeni-ve-duzensizligi\/#respond"]}]},{"@type":"WebPage","@id":"https:\/\/narteks.net\/index.php\/2011\/09\/24\/sevinin-duzeni-ve-duzensizligi\/","url":"https:\/\/narteks.net\/index.php\/2011\/09\/24\/sevinin-duzeni-ve-duzensizligi\/","name":"SEV\u0130N\u0130N D\u00dcZEN\u0130 VE D\u00dcZENS\u0130ZL\u0130\u011e\u0130 - narteks.net","isPartOf":{"@id":"https:\/\/narteks.net\/#website"},"datePublished":"2011-09-24T12:26:40+00:00","breadcrumb":{"@id":"https:\/\/narteks.net\/index.php\/2011\/09\/24\/sevinin-duzeni-ve-duzensizligi\/#breadcrumb"},"inLanguage":"tr","potentialAction":[{"@type":"ReadAction","target":["https:\/\/narteks.net\/index.php\/2011\/09\/24\/sevinin-duzeni-ve-duzensizligi\/"]}]},{"@type":"BreadcrumbList","@id":"https:\/\/narteks.net\/index.php\/2011\/09\/24\/sevinin-duzeni-ve-duzensizligi\/#breadcrumb","itemListElement":[{"@type":"ListItem","position":1,"name":"Anasayfa","item":"https:\/\/narteks.net\/"},{"@type":"ListItem","position":2,"name":"SEV\u0130N\u0130N D\u00dcZEN\u0130 VE D\u00dcZENS\u0130ZL\u0130\u011e\u0130"}]},{"@type":"WebSite","@id":"https:\/\/narteks.net\/#website","url":"https:\/\/narteks.net\/","name":"narteks.net","description":"K\u00fclt\u00fcr Sanat Edebiyat Felsefe","publisher":{"@id":"https:\/\/narteks.net\/#organization"},"alternateName":"K\u00fclt\u00fcr Sanat Edebiyat Felsefe","potentialAction":[{"@type":"SearchAction","target":{"@type":"EntryPoint","urlTemplate":"https:\/\/narteks.net\/?s={search_term_string}"},"query-input":{"@type":"PropertyValueSpecification","valueRequired":true,"valueName":"search_term_string"}}],"inLanguage":"tr"},{"@type":"Organization","@id":"https:\/\/narteks.net\/#organization","name":"narteks.net","url":"https:\/\/narteks.net\/","logo":{"@type":"ImageObject","inLanguage":"tr","@id":"https:\/\/narteks.net\/#\/schema\/logo\/image\/","url":"https:\/\/narteks.net\/wp-content\/uploads\/narteks.png","contentUrl":"https:\/\/narteks.net\/wp-content\/uploads\/narteks.png","width":300,"height":90,"caption":"narteks.net"},"image":{"@id":"https:\/\/narteks.net\/#\/schema\/logo\/image\/"},"sameAs":["https:\/\/x.com\/narteks","https:\/\/instagram.com\/narteksnet"]},{"@type":"Person","@id":"https:\/\/narteks.net\/#\/schema\/person\/61f37d9834294b72d31d274e7ed79bca","name":"Tar\u0131k","image":{"@type":"ImageObject","inLanguage":"tr","@id":"https:\/\/narteks.net\/#\/schema\/person\/image\/","url":"https:\/\/secure.gravatar.com\/avatar\/50865afb55632c4ae467e0af0930f6510aa2297d8014be502a55b14f3b7550cf?s=96&d=mm&r=g","contentUrl":"https:\/\/secure.gravatar.com\/avatar\/50865afb55632c4ae467e0af0930f6510aa2297d8014be502a55b14f3b7550cf?s=96&d=mm&r=g","caption":"Tar\u0131k"},"sameAs":["http:\/\/narteks.net"],"url":"https:\/\/narteks.net\/index.php\/author\/narbak\/"}]}},"_links":{"self":[{"href":"https:\/\/narteks.net\/index.php\/wp-json\/wp\/v2\/posts\/6729","targetHints":{"allow":["GET"]}}],"collection":[{"href":"https:\/\/narteks.net\/index.php\/wp-json\/wp\/v2\/posts"}],"about":[{"href":"https:\/\/narteks.net\/index.php\/wp-json\/wp\/v2\/types\/post"}],"author":[{"embeddable":true,"href":"https:\/\/narteks.net\/index.php\/wp-json\/wp\/v2\/users\/1"}],"replies":[{"embeddable":true,"href":"https:\/\/narteks.net\/index.php\/wp-json\/wp\/v2\/comments?post=6729"}],"version-history":[{"count":0,"href":"https:\/\/narteks.net\/index.php\/wp-json\/wp\/v2\/posts\/6729\/revisions"}],"wp:attachment":[{"href":"https:\/\/narteks.net\/index.php\/wp-json\/wp\/v2\/media?parent=6729"}],"wp:term":[{"taxonomy":"category","embeddable":true,"href":"https:\/\/narteks.net\/index.php\/wp-json\/wp\/v2\/categories?post=6729"},{"taxonomy":"post_tag","embeddable":true,"href":"https:\/\/narteks.net\/index.php\/wp-json\/wp\/v2\/tags?post=6729"}],"curies":[{"name":"wp","href":"https:\/\/api.w.org\/{rel}","templated":true}]}}