{"id":6732,"date":"2011-09-24T15:29:37","date_gmt":"2011-09-24T12:29:37","guid":{"rendered":"http:\/\/localhost\/wordpress\/2011\/09\/24\/yalniz-degilim\/"},"modified":"2011-09-24T15:29:37","modified_gmt":"2011-09-24T12:29:37","slug":"yalniz-degilim","status":"publish","type":"post","link":"https:\/\/narteks.net\/index.php\/2011\/09\/24\/yalniz-degilim\/","title":{"rendered":"YALNIZ DE\u011e\u0130L\u0130M"},"content":{"rendered":"<p>\u00a0<\/p>\n<p>Y\u00fckl\u00fc<br \/>Dudaklar\u0131n t\u00fcyden hafif yemi\u015fleriyle<br \/>Giyimli<br \/>Binbir de\u011fi\u015fik \u00e7i\u00e7ekle<br \/>Anl\u0131 \u015fanl\u0131<br \/>Kollar\u0131nda g\u00fcne\u015fin<br \/>Mutlu<br \/>Bir tan\u0131d\u0131k ku\u015fla<br \/>Ho\u015fnut<br \/>Bir damlas\u0131yla ya\u011fmurun<br \/>G\u00fczel<br \/>Tanyerinin ayd\u0131nl\u0131\u011f\u0131nca<br \/>\u0130\u00e7ten ba\u011fl\u0131<br \/>Bir bah\u00e7enin s\u00f6z\u00fcn\u00fc ediyorum<br \/>D\u00fc\u015f kuruyorum<br \/>Seviyorum d\u00fcped\u00fcz<\/p>\n<p>Sen kalkt\u0131n m\u0131 yay\u0131l\u0131yor su<br \/>Sen yatt\u0131n m\u0131 \u00e7i\u00e7ekleniyor su<br \/>Ta kendisisin suyun yolundan d\u00f6nen<br \/>Ta kendisi topra\u011f\u0131n k\u00f6k salan<br \/>Ne varsa onun \u00fcst\u00fcnde d\u00fczen<br \/>G\u00fcr\u00fclt\u00fclerin alan\u0131nda sessizlikten damlalar<br \/>Senin yap\u0131t\u0131n<br \/>T\u00fcrk\u00fcler s\u00f6yl\u00fcyorsun geceyle yo\u011frulmu\u015f tellerinde<br \/>Bir g\u00f6kku\u015fa\u011f\u0131n\u0131n<br \/>Her yerdesin yokettin t\u00fcm yollar\u0131<br \/>Harc\u0131yorsun zaman\u0131<br \/>Ger\u00e7ek ate\u015fin sonsuz gen\u00e7li\u011fine<br \/>\u00d6rter durmadan yenileyerek do\u011fay\u0131<\/p>\n<p>Kad\u0131n \u015fu yery\u00fcz\u00fcne bir beden koydun e\u015fi t\u0131pk\u0131<br \/>Seninkinin<br \/>Benzeyi\u015fsin sen <\/p>\n<p>Paul ELUARD<\/p>\n","protected":false},"excerpt":{"rendered":"<p>\u00a0 Y\u00fckl\u00fcDudaklar\u0131n t\u00fcyden hafif yemi\u015fleriyleGiyimliBinbir de\u011fi\u015fik \u00e7i\u00e7ekleAnl\u0131 \u015fanl\u0131Kollar\u0131nda g\u00fcne\u015finMutluBir tan\u0131d\u0131k ku\u015flaHo\u015fnutBir damlas\u0131yla ya\u011fmurunG\u00fczelTanyerinin ayd\u0131nl\u0131\u011f\u0131nca\u0130\u00e7ten ba\u011fl\u0131Bir bah\u00e7enin s\u00f6z\u00fcn\u00fc ediyorumD\u00fc\u015f kuruyorumSeviyorum d\u00fcped\u00fcz Sen kalkt\u0131n m\u0131 yay\u0131l\u0131yor suSen yatt\u0131n m\u0131 \u00e7i\u00e7ekleniyor suTa kendisisin suyun yolundan d\u00f6nenTa kendisi topra\u011f\u0131n k\u00f6k salanNe varsa onun \u00fcst\u00fcnde d\u00fczenG\u00fcr\u00fclt\u00fclerin alan\u0131nda sessizlikten damlalarSenin yap\u0131t\u0131nT\u00fcrk\u00fcler s\u00f6yl\u00fcyorsun geceyle yo\u011frulmu\u015f tellerindeBir g\u00f6kku\u015fa\u011f\u0131n\u0131nHer yerdesin yokettin t\u00fcm yollar\u0131Harc\u0131yorsun zaman\u0131Ger\u00e7ek [&hellip;]<\/p>\n","protected":false},"author":1,"featured_media":0,"comment_status":"open","ping_status":"open","sticky":false,"template":"","format":"standard","meta":{"footnotes":""},"categories":[68],"tags":[],"class_list":{"0":"post-6732","1":"post","2":"type-post","3":"status-publish","4":"format-standard","6":"category-paul-eluard"},"yoast_head":"<!-- This site is optimized with the Yoast SEO Premium plugin v24.9 (Yoast SEO v24.9) - https:\/\/yoast.com\/wordpress\/plugins\/seo\/ -->\n<title>YALNIZ DE\u011e\u0130L\u0130M - narteks.net<\/title>\n<meta name=\"robots\" content=\"index, follow, max-snippet:-1, max-image-preview:large, max-video-preview:-1\" \/>\n<link rel=\"canonical\" href=\"https:\/\/narteks.net\/index.php\/2011\/09\/24\/yalniz-degilim\/\" \/>\n<meta property=\"og:locale\" content=\"tr_TR\" \/>\n<meta property=\"og:type\" content=\"article\" \/>\n<meta property=\"og:title\" content=\"YALNIZ DE\u011e\u0130L\u0130M\" \/>\n<meta property=\"og:description\" content=\"\u00a0 Y\u00fckl\u00fcDudaklar\u0131n t\u00fcyden hafif yemi\u015fleriyleGiyimliBinbir de\u011fi\u015fik \u00e7i\u00e7ekleAnl\u0131 \u015fanl\u0131Kollar\u0131nda g\u00fcne\u015finMutluBir tan\u0131d\u0131k ku\u015flaHo\u015fnutBir damlas\u0131yla ya\u011fmurunG\u00fczelTanyerinin ayd\u0131nl\u0131\u011f\u0131nca\u0130\u00e7ten ba\u011fl\u0131Bir bah\u00e7enin s\u00f6z\u00fcn\u00fc ediyorumD\u00fc\u015f kuruyorumSeviyorum d\u00fcped\u00fcz Sen kalkt\u0131n m\u0131 yay\u0131l\u0131yor suSen yatt\u0131n m\u0131 \u00e7i\u00e7ekleniyor suTa kendisisin suyun yolundan d\u00f6nenTa kendisi topra\u011f\u0131n k\u00f6k salanNe varsa onun \u00fcst\u00fcnde d\u00fczenG\u00fcr\u00fclt\u00fclerin alan\u0131nda sessizlikten damlalarSenin yap\u0131t\u0131nT\u00fcrk\u00fcler s\u00f6yl\u00fcyorsun geceyle yo\u011frulmu\u015f tellerindeBir g\u00f6kku\u015fa\u011f\u0131n\u0131nHer yerdesin yokettin t\u00fcm yollar\u0131Harc\u0131yorsun zaman\u0131Ger\u00e7ek [&hellip;]\" \/>\n<meta property=\"og:url\" content=\"https:\/\/narteks.net\/index.php\/2011\/09\/24\/yalniz-degilim\/\" \/>\n<meta property=\"og:site_name\" content=\"narteks.net\" \/>\n<meta property=\"article:published_time\" content=\"2011-09-24T12:29:37+00:00\" \/>\n<meta property=\"og:image\" content=\"https:\/\/narteks.net\/wp-content\/uploads\/narteks.png\" \/>\n\t<meta property=\"og:image:width\" content=\"300\" \/>\n\t<meta property=\"og:image:height\" content=\"90\" \/>\n\t<meta property=\"og:image:type\" content=\"image\/png\" \/>\n<meta name=\"author\" content=\"Tar\u0131k\" \/>\n<meta name=\"twitter:card\" content=\"summary_large_image\" \/>\n<meta name=\"twitter:creator\" content=\"@narteks\" \/>\n<meta name=\"twitter:site\" content=\"@narteks\" \/>\n<meta name=\"twitter:label1\" content=\"Yazan:\" \/>\n\t<meta name=\"twitter:data1\" content=\"Tar\u0131k\" \/>\n\t<meta name=\"twitter:label2\" content=\"Tahmini okuma s\u00fcresi\" \/>\n\t<meta name=\"twitter:data2\" content=\"1 dakika\" \/>\n<script type=\"application\/ld+json\" class=\"yoast-schema-graph\">{\"@context\":\"https:\/\/schema.org\",\"@graph\":[{\"@type\":\"Article\",\"@id\":\"https:\/\/narteks.net\/index.php\/2011\/09\/24\/yalniz-degilim\/#article\",\"isPartOf\":{\"@id\":\"https:\/\/narteks.net\/index.php\/2011\/09\/24\/yalniz-degilim\/\"},\"author\":{\"name\":\"Tar\u0131k\",\"@id\":\"https:\/\/narteks.net\/#\/schema\/person\/61f37d9834294b72d31d274e7ed79bca\"},\"headline\":\"YALNIZ DE\u011e\u0130L\u0130M\",\"datePublished\":\"2011-09-24T12:29:37+00:00\",\"mainEntityOfPage\":{\"@id\":\"https:\/\/narteks.net\/index.php\/2011\/09\/24\/yalniz-degilim\/\"},\"wordCount\":146,\"commentCount\":0,\"publisher\":{\"@id\":\"https:\/\/narteks.net\/#organization\"},\"articleSection\":[\"Paul ELUARD\"],\"inLanguage\":\"tr\",\"potentialAction\":[{\"@type\":\"CommentAction\",\"name\":\"Comment\",\"target\":[\"https:\/\/narteks.net\/index.php\/2011\/09\/24\/yalniz-degilim\/#respond\"]}]},{\"@type\":\"WebPage\",\"@id\":\"https:\/\/narteks.net\/index.php\/2011\/09\/24\/yalniz-degilim\/\",\"url\":\"https:\/\/narteks.net\/index.php\/2011\/09\/24\/yalniz-degilim\/\",\"name\":\"YALNIZ DE\u011e\u0130L\u0130M - narteks.net\",\"isPartOf\":{\"@id\":\"https:\/\/narteks.net\/#website\"},\"datePublished\":\"2011-09-24T12:29:37+00:00\",\"breadcrumb\":{\"@id\":\"https:\/\/narteks.net\/index.php\/2011\/09\/24\/yalniz-degilim\/#breadcrumb\"},\"inLanguage\":\"tr\",\"potentialAction\":[{\"@type\":\"ReadAction\",\"target\":[\"https:\/\/narteks.net\/index.php\/2011\/09\/24\/yalniz-degilim\/\"]}]},{\"@type\":\"BreadcrumbList\",\"@id\":\"https:\/\/narteks.net\/index.php\/2011\/09\/24\/yalniz-degilim\/#breadcrumb\",\"itemListElement\":[{\"@type\":\"ListItem\",\"position\":1,\"name\":\"Anasayfa\",\"item\":\"https:\/\/narteks.net\/\"},{\"@type\":\"ListItem\",\"position\":2,\"name\":\"YALNIZ DE\u011e\u0130L\u0130M\"}]},{\"@type\":\"WebSite\",\"@id\":\"https:\/\/narteks.net\/#website\",\"url\":\"https:\/\/narteks.net\/\",\"name\":\"narteks.net\",\"description\":\"K\u00fclt\u00fcr Sanat Edebiyat Felsefe\",\"publisher\":{\"@id\":\"https:\/\/narteks.net\/#organization\"},\"alternateName\":\"K\u00fclt\u00fcr Sanat Edebiyat Felsefe\",\"potentialAction\":[{\"@type\":\"SearchAction\",\"target\":{\"@type\":\"EntryPoint\",\"urlTemplate\":\"https:\/\/narteks.net\/?s={search_term_string}\"},\"query-input\":{\"@type\":\"PropertyValueSpecification\",\"valueRequired\":true,\"valueName\":\"search_term_string\"}}],\"inLanguage\":\"tr\"},{\"@type\":\"Organization\",\"@id\":\"https:\/\/narteks.net\/#organization\",\"name\":\"narteks.net\",\"url\":\"https:\/\/narteks.net\/\",\"logo\":{\"@type\":\"ImageObject\",\"inLanguage\":\"tr\",\"@id\":\"https:\/\/narteks.net\/#\/schema\/logo\/image\/\",\"url\":\"https:\/\/narteks.net\/wp-content\/uploads\/narteks.png\",\"contentUrl\":\"https:\/\/narteks.net\/wp-content\/uploads\/narteks.png\",\"width\":300,\"height\":90,\"caption\":\"narteks.net\"},\"image\":{\"@id\":\"https:\/\/narteks.net\/#\/schema\/logo\/image\/\"},\"sameAs\":[\"https:\/\/x.com\/narteks\",\"https:\/\/instagram.com\/narteksnet\"]},{\"@type\":\"Person\",\"@id\":\"https:\/\/narteks.net\/#\/schema\/person\/61f37d9834294b72d31d274e7ed79bca\",\"name\":\"Tar\u0131k\",\"image\":{\"@type\":\"ImageObject\",\"inLanguage\":\"tr\",\"@id\":\"https:\/\/narteks.net\/#\/schema\/person\/image\/\",\"url\":\"https:\/\/secure.gravatar.com\/avatar\/50865afb55632c4ae467e0af0930f6510aa2297d8014be502a55b14f3b7550cf?s=96&d=mm&r=g\",\"contentUrl\":\"https:\/\/secure.gravatar.com\/avatar\/50865afb55632c4ae467e0af0930f6510aa2297d8014be502a55b14f3b7550cf?s=96&d=mm&r=g\",\"caption\":\"Tar\u0131k\"},\"sameAs\":[\"http:\/\/narteks.net\"],\"url\":\"https:\/\/narteks.net\/index.php\/author\/narbak\/\"}]}<\/script>\n<!-- \/ Yoast SEO Premium plugin. -->","yoast_head_json":{"title":"YALNIZ DE\u011e\u0130L\u0130M - narteks.net","robots":{"index":"index","follow":"follow","max-snippet":"max-snippet:-1","max-image-preview":"max-image-preview:large","max-video-preview":"max-video-preview:-1"},"canonical":"https:\/\/narteks.net\/index.php\/2011\/09\/24\/yalniz-degilim\/","og_locale":"tr_TR","og_type":"article","og_title":"YALNIZ DE\u011e\u0130L\u0130M","og_description":"\u00a0 Y\u00fckl\u00fcDudaklar\u0131n t\u00fcyden hafif yemi\u015fleriyleGiyimliBinbir de\u011fi\u015fik \u00e7i\u00e7ekleAnl\u0131 \u015fanl\u0131Kollar\u0131nda g\u00fcne\u015finMutluBir tan\u0131d\u0131k ku\u015flaHo\u015fnutBir damlas\u0131yla ya\u011fmurunG\u00fczelTanyerinin ayd\u0131nl\u0131\u011f\u0131nca\u0130\u00e7ten ba\u011fl\u0131Bir bah\u00e7enin s\u00f6z\u00fcn\u00fc ediyorumD\u00fc\u015f kuruyorumSeviyorum d\u00fcped\u00fcz Sen kalkt\u0131n m\u0131 yay\u0131l\u0131yor suSen yatt\u0131n m\u0131 \u00e7i\u00e7ekleniyor suTa kendisisin suyun yolundan d\u00f6nenTa kendisi topra\u011f\u0131n k\u00f6k salanNe varsa onun \u00fcst\u00fcnde d\u00fczenG\u00fcr\u00fclt\u00fclerin alan\u0131nda sessizlikten damlalarSenin yap\u0131t\u0131nT\u00fcrk\u00fcler s\u00f6yl\u00fcyorsun geceyle yo\u011frulmu\u015f tellerindeBir g\u00f6kku\u015fa\u011f\u0131n\u0131nHer yerdesin yokettin t\u00fcm yollar\u0131Harc\u0131yorsun zaman\u0131Ger\u00e7ek [&hellip;]","og_url":"https:\/\/narteks.net\/index.php\/2011\/09\/24\/yalniz-degilim\/","og_site_name":"narteks.net","article_published_time":"2011-09-24T12:29:37+00:00","og_image":[{"width":300,"height":90,"url":"https:\/\/narteks.net\/wp-content\/uploads\/narteks.png","type":"image\/png"}],"author":"Tar\u0131k","twitter_card":"summary_large_image","twitter_creator":"@narteks","twitter_site":"@narteks","twitter_misc":{"Yazan:":"Tar\u0131k","Tahmini okuma s\u00fcresi":"1 dakika"},"schema":{"@context":"https:\/\/schema.org","@graph":[{"@type":"Article","@id":"https:\/\/narteks.net\/index.php\/2011\/09\/24\/yalniz-degilim\/#article","isPartOf":{"@id":"https:\/\/narteks.net\/index.php\/2011\/09\/24\/yalniz-degilim\/"},"author":{"name":"Tar\u0131k","@id":"https:\/\/narteks.net\/#\/schema\/person\/61f37d9834294b72d31d274e7ed79bca"},"headline":"YALNIZ DE\u011e\u0130L\u0130M","datePublished":"2011-09-24T12:29:37+00:00","mainEntityOfPage":{"@id":"https:\/\/narteks.net\/index.php\/2011\/09\/24\/yalniz-degilim\/"},"wordCount":146,"commentCount":0,"publisher":{"@id":"https:\/\/narteks.net\/#organization"},"articleSection":["Paul ELUARD"],"inLanguage":"tr","potentialAction":[{"@type":"CommentAction","name":"Comment","target":["https:\/\/narteks.net\/index.php\/2011\/09\/24\/yalniz-degilim\/#respond"]}]},{"@type":"WebPage","@id":"https:\/\/narteks.net\/index.php\/2011\/09\/24\/yalniz-degilim\/","url":"https:\/\/narteks.net\/index.php\/2011\/09\/24\/yalniz-degilim\/","name":"YALNIZ DE\u011e\u0130L\u0130M - narteks.net","isPartOf":{"@id":"https:\/\/narteks.net\/#website"},"datePublished":"2011-09-24T12:29:37+00:00","breadcrumb":{"@id":"https:\/\/narteks.net\/index.php\/2011\/09\/24\/yalniz-degilim\/#breadcrumb"},"inLanguage":"tr","potentialAction":[{"@type":"ReadAction","target":["https:\/\/narteks.net\/index.php\/2011\/09\/24\/yalniz-degilim\/"]}]},{"@type":"BreadcrumbList","@id":"https:\/\/narteks.net\/index.php\/2011\/09\/24\/yalniz-degilim\/#breadcrumb","itemListElement":[{"@type":"ListItem","position":1,"name":"Anasayfa","item":"https:\/\/narteks.net\/"},{"@type":"ListItem","position":2,"name":"YALNIZ DE\u011e\u0130L\u0130M"}]},{"@type":"WebSite","@id":"https:\/\/narteks.net\/#website","url":"https:\/\/narteks.net\/","name":"narteks.net","description":"K\u00fclt\u00fcr Sanat Edebiyat Felsefe","publisher":{"@id":"https:\/\/narteks.net\/#organization"},"alternateName":"K\u00fclt\u00fcr Sanat Edebiyat Felsefe","potentialAction":[{"@type":"SearchAction","target":{"@type":"EntryPoint","urlTemplate":"https:\/\/narteks.net\/?s={search_term_string}"},"query-input":{"@type":"PropertyValueSpecification","valueRequired":true,"valueName":"search_term_string"}}],"inLanguage":"tr"},{"@type":"Organization","@id":"https:\/\/narteks.net\/#organization","name":"narteks.net","url":"https:\/\/narteks.net\/","logo":{"@type":"ImageObject","inLanguage":"tr","@id":"https:\/\/narteks.net\/#\/schema\/logo\/image\/","url":"https:\/\/narteks.net\/wp-content\/uploads\/narteks.png","contentUrl":"https:\/\/narteks.net\/wp-content\/uploads\/narteks.png","width":300,"height":90,"caption":"narteks.net"},"image":{"@id":"https:\/\/narteks.net\/#\/schema\/logo\/image\/"},"sameAs":["https:\/\/x.com\/narteks","https:\/\/instagram.com\/narteksnet"]},{"@type":"Person","@id":"https:\/\/narteks.net\/#\/schema\/person\/61f37d9834294b72d31d274e7ed79bca","name":"Tar\u0131k","image":{"@type":"ImageObject","inLanguage":"tr","@id":"https:\/\/narteks.net\/#\/schema\/person\/image\/","url":"https:\/\/secure.gravatar.com\/avatar\/50865afb55632c4ae467e0af0930f6510aa2297d8014be502a55b14f3b7550cf?s=96&d=mm&r=g","contentUrl":"https:\/\/secure.gravatar.com\/avatar\/50865afb55632c4ae467e0af0930f6510aa2297d8014be502a55b14f3b7550cf?s=96&d=mm&r=g","caption":"Tar\u0131k"},"sameAs":["http:\/\/narteks.net"],"url":"https:\/\/narteks.net\/index.php\/author\/narbak\/"}]}},"_links":{"self":[{"href":"https:\/\/narteks.net\/index.php\/wp-json\/wp\/v2\/posts\/6732","targetHints":{"allow":["GET"]}}],"collection":[{"href":"https:\/\/narteks.net\/index.php\/wp-json\/wp\/v2\/posts"}],"about":[{"href":"https:\/\/narteks.net\/index.php\/wp-json\/wp\/v2\/types\/post"}],"author":[{"embeddable":true,"href":"https:\/\/narteks.net\/index.php\/wp-json\/wp\/v2\/users\/1"}],"replies":[{"embeddable":true,"href":"https:\/\/narteks.net\/index.php\/wp-json\/wp\/v2\/comments?post=6732"}],"version-history":[{"count":0,"href":"https:\/\/narteks.net\/index.php\/wp-json\/wp\/v2\/posts\/6732\/revisions"}],"wp:attachment":[{"href":"https:\/\/narteks.net\/index.php\/wp-json\/wp\/v2\/media?parent=6732"}],"wp:term":[{"taxonomy":"category","embeddable":true,"href":"https:\/\/narteks.net\/index.php\/wp-json\/wp\/v2\/categories?post=6732"},{"taxonomy":"post_tag","embeddable":true,"href":"https:\/\/narteks.net\/index.php\/wp-json\/wp\/v2\/tags?post=6732"}],"curies":[{"name":"wp","href":"https:\/\/api.w.org\/{rel}","templated":true}]}}