{"id":6735,"date":"2011-09-24T15:33:36","date_gmt":"2011-09-24T12:33:36","guid":{"rendered":"http:\/\/localhost\/wordpress\/2011\/09\/24\/savasta-olenler\/"},"modified":"2011-09-24T15:33:36","modified_gmt":"2011-09-24T12:33:36","slug":"savasta-olenler","status":"publish","type":"post","link":"https:\/\/narteks.net\/index.php\/2011\/09\/24\/savasta-olenler\/","title":{"rendered":"SAVA\u015eTA \u00d6LENLER"},"content":{"rendered":"<p>\u00a0<\/p>\n<p>Her yer t\u0131kl\u0131m t\u0131kl\u0131m \u00f6l\u00fc\u00a0\u00a0 <br \/>Ac\u0131 bo\u011facak beni bo\u011facak beni\u00a0 <br \/>Otlar yaln\u0131zl\u0131ktan kupkuru\u00a0 <br \/>Ama su\u00e7lu ben de\u011filim ben de\u011filim\u00a0 <br \/>Katillerle bir olmad\u0131m olmayaca\u011f\u0131m da\u00a0 <br \/>\u00d6zg\u00fcr kalaca\u011f\u0131m i\u015fte b\u00f6yle bir ba\u015f\u0131ma\u00a0 <br \/>Ve insano\u011fluna bundan sonra da\u00a0 <br \/>Ne \u00f6l\u00fcm dokunacak ne dirim.\u00a0 <\/p>\n<p>Paul\u00a0 ELUARD<\/p>\n<p>\u00c7eviren : A. KAD\u0130R \/ As\u0131m BEZ\u0130RC\u0130<\/p>\n<p><\/p>\n","protected":false},"excerpt":{"rendered":"<p>\u00a0 Her yer t\u0131kl\u0131m t\u0131kl\u0131m \u00f6l\u00fc\u00a0\u00a0 Ac\u0131 bo\u011facak beni bo\u011facak beni\u00a0 Otlar yaln\u0131zl\u0131ktan kupkuru\u00a0 Ama su\u00e7lu ben de\u011filim ben de\u011filim\u00a0 Katillerle bir olmad\u0131m olmayaca\u011f\u0131m da\u00a0 \u00d6zg\u00fcr kalaca\u011f\u0131m i\u015fte b\u00f6yle bir ba\u015f\u0131ma\u00a0 Ve insano\u011fluna bundan sonra da\u00a0 Ne \u00f6l\u00fcm dokunacak ne dirim.\u00a0 Paul\u00a0 ELUARD \u00c7eviren : A. KAD\u0130R \/ As\u0131m BEZ\u0130RC\u0130<\/p>\n","protected":false},"author":1,"featured_media":0,"comment_status":"open","ping_status":"open","sticky":false,"template":"","format":"standard","meta":{"footnotes":""},"categories":[68],"tags":[],"class_list":{"0":"post-6735","1":"post","2":"type-post","3":"status-publish","4":"format-standard","6":"category-paul-eluard"},"yoast_head":"<!-- This site is optimized with the Yoast SEO Premium plugin v24.9 (Yoast SEO v24.9) - https:\/\/yoast.com\/wordpress\/plugins\/seo\/ -->\n<title>SAVA\u015eTA \u00d6LENLER - narteks.net<\/title>\n<meta name=\"robots\" content=\"index, follow, max-snippet:-1, max-image-preview:large, max-video-preview:-1\" \/>\n<link rel=\"canonical\" href=\"https:\/\/narteks.net\/index.php\/2011\/09\/24\/savasta-olenler\/\" \/>\n<meta property=\"og:locale\" content=\"tr_TR\" \/>\n<meta property=\"og:type\" content=\"article\" \/>\n<meta property=\"og:title\" content=\"SAVA\u015eTA \u00d6LENLER\" \/>\n<meta property=\"og:description\" content=\"\u00a0 Her yer t\u0131kl\u0131m t\u0131kl\u0131m \u00f6l\u00fc\u00a0\u00a0 Ac\u0131 bo\u011facak beni bo\u011facak beni\u00a0 Otlar yaln\u0131zl\u0131ktan kupkuru\u00a0 Ama su\u00e7lu ben de\u011filim ben de\u011filim\u00a0 Katillerle bir olmad\u0131m olmayaca\u011f\u0131m da\u00a0 \u00d6zg\u00fcr kalaca\u011f\u0131m i\u015fte b\u00f6yle bir ba\u015f\u0131ma\u00a0 Ve insano\u011fluna bundan sonra da\u00a0 Ne \u00f6l\u00fcm dokunacak ne dirim.\u00a0 Paul\u00a0 ELUARD \u00c7eviren : A. KAD\u0130R \/ As\u0131m BEZ\u0130RC\u0130\" \/>\n<meta property=\"og:url\" content=\"https:\/\/narteks.net\/index.php\/2011\/09\/24\/savasta-olenler\/\" \/>\n<meta property=\"og:site_name\" content=\"narteks.net\" \/>\n<meta property=\"article:published_time\" content=\"2011-09-24T12:33:36+00:00\" \/>\n<meta property=\"og:image\" content=\"https:\/\/narteks.net\/wp-content\/uploads\/narteks.png\" \/>\n\t<meta property=\"og:image:width\" content=\"300\" \/>\n\t<meta property=\"og:image:height\" content=\"90\" \/>\n\t<meta property=\"og:image:type\" content=\"image\/png\" \/>\n<meta name=\"author\" content=\"Tar\u0131k\" \/>\n<meta name=\"twitter:card\" content=\"summary_large_image\" \/>\n<meta name=\"twitter:creator\" content=\"@narteks\" \/>\n<meta name=\"twitter:site\" content=\"@narteks\" \/>\n<meta name=\"twitter:label1\" content=\"Yazan:\" \/>\n\t<meta name=\"twitter:data1\" content=\"Tar\u0131k\" \/>\n<script type=\"application\/ld+json\" class=\"yoast-schema-graph\">{\"@context\":\"https:\/\/schema.org\",\"@graph\":[{\"@type\":\"Article\",\"@id\":\"https:\/\/narteks.net\/index.php\/2011\/09\/24\/savasta-olenler\/#article\",\"isPartOf\":{\"@id\":\"https:\/\/narteks.net\/index.php\/2011\/09\/24\/savasta-olenler\/\"},\"author\":{\"name\":\"Tar\u0131k\",\"@id\":\"https:\/\/narteks.net\/#\/schema\/person\/61f37d9834294b72d31d274e7ed79bca\"},\"headline\":\"SAVA\u015eTA \u00d6LENLER\",\"datePublished\":\"2011-09-24T12:33:36+00:00\",\"mainEntityOfPage\":{\"@id\":\"https:\/\/narteks.net\/index.php\/2011\/09\/24\/savasta-olenler\/\"},\"wordCount\":73,\"commentCount\":0,\"publisher\":{\"@id\":\"https:\/\/narteks.net\/#organization\"},\"articleSection\":[\"Paul ELUARD\"],\"inLanguage\":\"tr\",\"potentialAction\":[{\"@type\":\"CommentAction\",\"name\":\"Comment\",\"target\":[\"https:\/\/narteks.net\/index.php\/2011\/09\/24\/savasta-olenler\/#respond\"]}]},{\"@type\":\"WebPage\",\"@id\":\"https:\/\/narteks.net\/index.php\/2011\/09\/24\/savasta-olenler\/\",\"url\":\"https:\/\/narteks.net\/index.php\/2011\/09\/24\/savasta-olenler\/\",\"name\":\"SAVA\u015eTA \u00d6LENLER - narteks.net\",\"isPartOf\":{\"@id\":\"https:\/\/narteks.net\/#website\"},\"datePublished\":\"2011-09-24T12:33:36+00:00\",\"breadcrumb\":{\"@id\":\"https:\/\/narteks.net\/index.php\/2011\/09\/24\/savasta-olenler\/#breadcrumb\"},\"inLanguage\":\"tr\",\"potentialAction\":[{\"@type\":\"ReadAction\",\"target\":[\"https:\/\/narteks.net\/index.php\/2011\/09\/24\/savasta-olenler\/\"]}]},{\"@type\":\"BreadcrumbList\",\"@id\":\"https:\/\/narteks.net\/index.php\/2011\/09\/24\/savasta-olenler\/#breadcrumb\",\"itemListElement\":[{\"@type\":\"ListItem\",\"position\":1,\"name\":\"Anasayfa\",\"item\":\"https:\/\/narteks.net\/\"},{\"@type\":\"ListItem\",\"position\":2,\"name\":\"SAVA\u015eTA \u00d6LENLER\"}]},{\"@type\":\"WebSite\",\"@id\":\"https:\/\/narteks.net\/#website\",\"url\":\"https:\/\/narteks.net\/\",\"name\":\"narteks.net\",\"description\":\"K\u00fclt\u00fcr Sanat Edebiyat Felsefe\",\"publisher\":{\"@id\":\"https:\/\/narteks.net\/#organization\"},\"alternateName\":\"K\u00fclt\u00fcr Sanat Edebiyat Felsefe\",\"potentialAction\":[{\"@type\":\"SearchAction\",\"target\":{\"@type\":\"EntryPoint\",\"urlTemplate\":\"https:\/\/narteks.net\/?s={search_term_string}\"},\"query-input\":{\"@type\":\"PropertyValueSpecification\",\"valueRequired\":true,\"valueName\":\"search_term_string\"}}],\"inLanguage\":\"tr\"},{\"@type\":\"Organization\",\"@id\":\"https:\/\/narteks.net\/#organization\",\"name\":\"narteks.net\",\"url\":\"https:\/\/narteks.net\/\",\"logo\":{\"@type\":\"ImageObject\",\"inLanguage\":\"tr\",\"@id\":\"https:\/\/narteks.net\/#\/schema\/logo\/image\/\",\"url\":\"https:\/\/narteks.net\/wp-content\/uploads\/narteks.png\",\"contentUrl\":\"https:\/\/narteks.net\/wp-content\/uploads\/narteks.png\",\"width\":300,\"height\":90,\"caption\":\"narteks.net\"},\"image\":{\"@id\":\"https:\/\/narteks.net\/#\/schema\/logo\/image\/\"},\"sameAs\":[\"https:\/\/x.com\/narteks\",\"https:\/\/instagram.com\/narteksnet\"]},{\"@type\":\"Person\",\"@id\":\"https:\/\/narteks.net\/#\/schema\/person\/61f37d9834294b72d31d274e7ed79bca\",\"name\":\"Tar\u0131k\",\"image\":{\"@type\":\"ImageObject\",\"inLanguage\":\"tr\",\"@id\":\"https:\/\/narteks.net\/#\/schema\/person\/image\/\",\"url\":\"https:\/\/secure.gravatar.com\/avatar\/50865afb55632c4ae467e0af0930f6510aa2297d8014be502a55b14f3b7550cf?s=96&d=mm&r=g\",\"contentUrl\":\"https:\/\/secure.gravatar.com\/avatar\/50865afb55632c4ae467e0af0930f6510aa2297d8014be502a55b14f3b7550cf?s=96&d=mm&r=g\",\"caption\":\"Tar\u0131k\"},\"sameAs\":[\"http:\/\/narteks.net\"],\"url\":\"https:\/\/narteks.net\/index.php\/author\/narbak\/\"}]}<\/script>\n<!-- \/ Yoast SEO Premium plugin. -->","yoast_head_json":{"title":"SAVA\u015eTA \u00d6LENLER - narteks.net","robots":{"index":"index","follow":"follow","max-snippet":"max-snippet:-1","max-image-preview":"max-image-preview:large","max-video-preview":"max-video-preview:-1"},"canonical":"https:\/\/narteks.net\/index.php\/2011\/09\/24\/savasta-olenler\/","og_locale":"tr_TR","og_type":"article","og_title":"SAVA\u015eTA \u00d6LENLER","og_description":"\u00a0 Her yer t\u0131kl\u0131m t\u0131kl\u0131m \u00f6l\u00fc\u00a0\u00a0 Ac\u0131 bo\u011facak beni bo\u011facak beni\u00a0 Otlar yaln\u0131zl\u0131ktan kupkuru\u00a0 Ama su\u00e7lu ben de\u011filim ben de\u011filim\u00a0 Katillerle bir olmad\u0131m olmayaca\u011f\u0131m da\u00a0 \u00d6zg\u00fcr kalaca\u011f\u0131m i\u015fte b\u00f6yle bir ba\u015f\u0131ma\u00a0 Ve insano\u011fluna bundan sonra da\u00a0 Ne \u00f6l\u00fcm dokunacak ne dirim.\u00a0 Paul\u00a0 ELUARD \u00c7eviren : A. KAD\u0130R \/ As\u0131m BEZ\u0130RC\u0130","og_url":"https:\/\/narteks.net\/index.php\/2011\/09\/24\/savasta-olenler\/","og_site_name":"narteks.net","article_published_time":"2011-09-24T12:33:36+00:00","og_image":[{"width":300,"height":90,"url":"https:\/\/narteks.net\/wp-content\/uploads\/narteks.png","type":"image\/png"}],"author":"Tar\u0131k","twitter_card":"summary_large_image","twitter_creator":"@narteks","twitter_site":"@narteks","twitter_misc":{"Yazan:":"Tar\u0131k"},"schema":{"@context":"https:\/\/schema.org","@graph":[{"@type":"Article","@id":"https:\/\/narteks.net\/index.php\/2011\/09\/24\/savasta-olenler\/#article","isPartOf":{"@id":"https:\/\/narteks.net\/index.php\/2011\/09\/24\/savasta-olenler\/"},"author":{"name":"Tar\u0131k","@id":"https:\/\/narteks.net\/#\/schema\/person\/61f37d9834294b72d31d274e7ed79bca"},"headline":"SAVA\u015eTA \u00d6LENLER","datePublished":"2011-09-24T12:33:36+00:00","mainEntityOfPage":{"@id":"https:\/\/narteks.net\/index.php\/2011\/09\/24\/savasta-olenler\/"},"wordCount":73,"commentCount":0,"publisher":{"@id":"https:\/\/narteks.net\/#organization"},"articleSection":["Paul ELUARD"],"inLanguage":"tr","potentialAction":[{"@type":"CommentAction","name":"Comment","target":["https:\/\/narteks.net\/index.php\/2011\/09\/24\/savasta-olenler\/#respond"]}]},{"@type":"WebPage","@id":"https:\/\/narteks.net\/index.php\/2011\/09\/24\/savasta-olenler\/","url":"https:\/\/narteks.net\/index.php\/2011\/09\/24\/savasta-olenler\/","name":"SAVA\u015eTA \u00d6LENLER - narteks.net","isPartOf":{"@id":"https:\/\/narteks.net\/#website"},"datePublished":"2011-09-24T12:33:36+00:00","breadcrumb":{"@id":"https:\/\/narteks.net\/index.php\/2011\/09\/24\/savasta-olenler\/#breadcrumb"},"inLanguage":"tr","potentialAction":[{"@type":"ReadAction","target":["https:\/\/narteks.net\/index.php\/2011\/09\/24\/savasta-olenler\/"]}]},{"@type":"BreadcrumbList","@id":"https:\/\/narteks.net\/index.php\/2011\/09\/24\/savasta-olenler\/#breadcrumb","itemListElement":[{"@type":"ListItem","position":1,"name":"Anasayfa","item":"https:\/\/narteks.net\/"},{"@type":"ListItem","position":2,"name":"SAVA\u015eTA \u00d6LENLER"}]},{"@type":"WebSite","@id":"https:\/\/narteks.net\/#website","url":"https:\/\/narteks.net\/","name":"narteks.net","description":"K\u00fclt\u00fcr Sanat Edebiyat Felsefe","publisher":{"@id":"https:\/\/narteks.net\/#organization"},"alternateName":"K\u00fclt\u00fcr Sanat Edebiyat Felsefe","potentialAction":[{"@type":"SearchAction","target":{"@type":"EntryPoint","urlTemplate":"https:\/\/narteks.net\/?s={search_term_string}"},"query-input":{"@type":"PropertyValueSpecification","valueRequired":true,"valueName":"search_term_string"}}],"inLanguage":"tr"},{"@type":"Organization","@id":"https:\/\/narteks.net\/#organization","name":"narteks.net","url":"https:\/\/narteks.net\/","logo":{"@type":"ImageObject","inLanguage":"tr","@id":"https:\/\/narteks.net\/#\/schema\/logo\/image\/","url":"https:\/\/narteks.net\/wp-content\/uploads\/narteks.png","contentUrl":"https:\/\/narteks.net\/wp-content\/uploads\/narteks.png","width":300,"height":90,"caption":"narteks.net"},"image":{"@id":"https:\/\/narteks.net\/#\/schema\/logo\/image\/"},"sameAs":["https:\/\/x.com\/narteks","https:\/\/instagram.com\/narteksnet"]},{"@type":"Person","@id":"https:\/\/narteks.net\/#\/schema\/person\/61f37d9834294b72d31d274e7ed79bca","name":"Tar\u0131k","image":{"@type":"ImageObject","inLanguage":"tr","@id":"https:\/\/narteks.net\/#\/schema\/person\/image\/","url":"https:\/\/secure.gravatar.com\/avatar\/50865afb55632c4ae467e0af0930f6510aa2297d8014be502a55b14f3b7550cf?s=96&d=mm&r=g","contentUrl":"https:\/\/secure.gravatar.com\/avatar\/50865afb55632c4ae467e0af0930f6510aa2297d8014be502a55b14f3b7550cf?s=96&d=mm&r=g","caption":"Tar\u0131k"},"sameAs":["http:\/\/narteks.net"],"url":"https:\/\/narteks.net\/index.php\/author\/narbak\/"}]}},"_links":{"self":[{"href":"https:\/\/narteks.net\/index.php\/wp-json\/wp\/v2\/posts\/6735","targetHints":{"allow":["GET"]}}],"collection":[{"href":"https:\/\/narteks.net\/index.php\/wp-json\/wp\/v2\/posts"}],"about":[{"href":"https:\/\/narteks.net\/index.php\/wp-json\/wp\/v2\/types\/post"}],"author":[{"embeddable":true,"href":"https:\/\/narteks.net\/index.php\/wp-json\/wp\/v2\/users\/1"}],"replies":[{"embeddable":true,"href":"https:\/\/narteks.net\/index.php\/wp-json\/wp\/v2\/comments?post=6735"}],"version-history":[{"count":0,"href":"https:\/\/narteks.net\/index.php\/wp-json\/wp\/v2\/posts\/6735\/revisions"}],"wp:attachment":[{"href":"https:\/\/narteks.net\/index.php\/wp-json\/wp\/v2\/media?parent=6735"}],"wp:term":[{"taxonomy":"category","embeddable":true,"href":"https:\/\/narteks.net\/index.php\/wp-json\/wp\/v2\/categories?post=6735"},{"taxonomy":"post_tag","embeddable":true,"href":"https:\/\/narteks.net\/index.php\/wp-json\/wp\/v2\/tags?post=6735"}],"curies":[{"name":"wp","href":"https:\/\/api.w.org\/{rel}","templated":true}]}}