{"id":6738,"date":"2011-09-24T15:39:26","date_gmt":"2011-09-24T12:39:26","guid":{"rendered":"http:\/\/localhost\/wordpress\/2011\/09\/24\/guernica-zaferi\/"},"modified":"2011-09-24T15:39:26","modified_gmt":"2011-09-24T12:39:26","slug":"guernica-zaferi","status":"publish","type":"post","link":"https:\/\/narteks.net\/index.php\/2011\/09\/24\/guernica-zaferi\/","title":{"rendered":"GUERN\u0130CA ZAFER\u0130"},"content":{"rendered":"<p>\u00a0<\/p>\n<p>1<br \/>G\u00fczel d\u00fcnyas\u0131 izbe evlerin<br \/>Madenin ve tarlalar\u0131n<br \/>2<br \/>Ate\u015fe adanm\u0131\u015f y\u00fczler so\u011fu\u011fa adanm\u0131\u015f y\u00fczler<br \/>\u0130hanete geceye s\u00f6vg\u00fclere kur\u015fana adanm\u0131\u015f y\u00fczler<br \/>3<br \/>Her \u015feye a\u00e7\u0131k y\u00fczler<br \/>\u0130\u015fte sizi ba\u011flayan bo\u015fluk<br \/>\u00d6l\u00fcm\u00fcn\u00fcz \u00f6rnek olacak d\u00fcnyaya<br \/>4<br \/>\u00d6l\u00fcm ki ters y\u00fcz edilmi\u015f y\u00fcrek<br \/>5<br \/>\u00d6dettiler yedi\u011finiz ekme\u011fi<br \/>G\u00f6ky\u00fcz\u00fcn\u00fc topra\u011f\u0131 suyu uykuyu<br \/>Ve yoksullu\u011funu<br \/>Ya\u015fam\u0131n\u0131z\u0131n<br \/>6<br \/>Uyumdan yanaym\u0131\u015flar \u00f6yle dediler<br \/>Karneye ba\u011flad\u0131lar g\u00fc\u00e7l\u00fcleri \u00e7\u0131lg\u0131nlar\u0131 yarg\u0131lad\u0131lar<br \/>Sadaka verdiler ikiye b\u00f6l\u00fc\u015ft\u00fcrd\u00fcler bir meteli\u011fi<br \/>Selamlad\u0131lar kadavralar\u0131<br \/>Kibarl\u0131ktan k\u0131r\u0131l\u0131p d\u00f6k\u00fcld\u00fcler<br \/>7<br \/>Direttiler abartt\u0131lar de\u011filler bizim d\u00fcnyam\u0131zdan onlar<br \/>8<br \/>Ayn\u0131 hazineye sahip kad\u0131nlar ve \u00e7ocuklar<br \/>Ye\u015fil ilkyaz ve duru s\u00fct yapraklar\u0131<br \/>Ye\u015fil zaman yapraklar\u0131<br \/>Duru g\u00f6zlerinde onlar\u0131n<br \/>9<br \/>Ayn\u0131 hazine g\u00f6zlerindeki<br \/>Kad\u0131nlar\u0131n ve \u00e7ocuklar\u0131n<br \/>Savunuyor savunabildi\u011fince bu hazineyi insanlar<br \/>10<br \/>Ayn\u0131 k\u0131rm\u0131z\u0131 g\u00fcller g\u00f6zlerindeki<br \/>Kad\u0131nlar\u0131n ve \u00e7ocuklar\u0131n<br \/>Herbiri g\u00f6steriyor kendi kan\u0131n\u0131<br \/>11<br \/>Korkusu ve yi\u011fitli\u011fi ya\u015faman\u0131n ve \u00f6lmenin<br \/>\u00d6l\u00fcm \u00f6ylesine g\u00fc\u00e7 ve \u00f6ylesine kolay<br \/>12<br \/>U\u011fruna bu hazinenin \u015fark\u0131la\u015ft\u0131\u011f\u0131 insanlar<br \/>U\u011fruna bu hazinenin ya\u011fmaland\u0131\u011f\u0131 insanlar<br \/>13<br \/>U\u011fruna umutsuzlu\u011fun<br \/>Obur ate\u015fini umudun besledi\u011fi ger\u00e7ek insanlar<br \/>14<br \/>Paryalar<br \/>\u00d6l\u00fcm\u00fc topra\u011f\u0131 ve \u00e7irkinli\u011fi<br \/>D\u00fc\u015fmanlar\u0131m\u0131z\u0131n<br \/>Gecemizin tekd\u00fcze rengindedir<br \/>\u00dcstesinden gelece\u011fiz hepsinin <\/p>\n<p>Paul ELUARD<\/p>\n<p>\u00c7eviri: Erdo\u011fan Alkan<\/p>\n","protected":false},"excerpt":{"rendered":"<p>\u00a0 1G\u00fczel d\u00fcnyas\u0131 izbe evlerinMadenin ve tarlalar\u0131n2Ate\u015fe adanm\u0131\u015f y\u00fczler so\u011fu\u011fa adanm\u0131\u015f y\u00fczler\u0130hanete geceye s\u00f6vg\u00fclere kur\u015fana adanm\u0131\u015f y\u00fczler3Her \u015feye a\u00e7\u0131k y\u00fczler\u0130\u015fte sizi ba\u011flayan bo\u015fluk\u00d6l\u00fcm\u00fcn\u00fcz \u00f6rnek olacak d\u00fcnyaya4\u00d6l\u00fcm ki ters y\u00fcz edilmi\u015f y\u00fcrek5\u00d6dettiler yedi\u011finiz ekme\u011fiG\u00f6ky\u00fcz\u00fcn\u00fc topra\u011f\u0131 suyu uykuyuVe yoksullu\u011funuYa\u015fam\u0131n\u0131z\u0131n6Uyumdan yanaym\u0131\u015flar \u00f6yle dedilerKarneye ba\u011flad\u0131lar g\u00fc\u00e7l\u00fcleri \u00e7\u0131lg\u0131nlar\u0131 yarg\u0131lad\u0131larSadaka verdiler ikiye b\u00f6l\u00fc\u015ft\u00fcrd\u00fcler bir meteli\u011fiSelamlad\u0131lar kadavralar\u0131Kibarl\u0131ktan k\u0131r\u0131l\u0131p d\u00f6k\u00fcld\u00fcler7Direttiler abartt\u0131lar de\u011filler bizim [&hellip;]<\/p>\n","protected":false},"author":1,"featured_media":0,"comment_status":"open","ping_status":"open","sticky":false,"template":"","format":"standard","meta":{"footnotes":""},"categories":[68],"tags":[],"class_list":{"0":"post-6738","1":"post","2":"type-post","3":"status-publish","4":"format-standard","6":"category-paul-eluard"},"yoast_head":"<!-- This site is optimized with the Yoast SEO Premium plugin v24.9 (Yoast SEO v24.9) - https:\/\/yoast.com\/wordpress\/plugins\/seo\/ -->\n<title>GUERN\u0130CA ZAFER\u0130 - narteks.net<\/title>\n<meta name=\"robots\" content=\"index, follow, max-snippet:-1, max-image-preview:large, max-video-preview:-1\" \/>\n<link rel=\"canonical\" href=\"https:\/\/narteks.net\/index.php\/2011\/09\/24\/guernica-zaferi\/\" \/>\n<meta property=\"og:locale\" content=\"tr_TR\" \/>\n<meta property=\"og:type\" content=\"article\" \/>\n<meta property=\"og:title\" content=\"GUERN\u0130CA ZAFER\u0130\" \/>\n<meta property=\"og:description\" content=\"\u00a0 1G\u00fczel d\u00fcnyas\u0131 izbe evlerinMadenin ve tarlalar\u0131n2Ate\u015fe adanm\u0131\u015f y\u00fczler so\u011fu\u011fa adanm\u0131\u015f y\u00fczler\u0130hanete geceye s\u00f6vg\u00fclere kur\u015fana adanm\u0131\u015f y\u00fczler3Her \u015feye a\u00e7\u0131k y\u00fczler\u0130\u015fte sizi ba\u011flayan bo\u015fluk\u00d6l\u00fcm\u00fcn\u00fcz \u00f6rnek olacak d\u00fcnyaya4\u00d6l\u00fcm ki ters y\u00fcz edilmi\u015f y\u00fcrek5\u00d6dettiler yedi\u011finiz ekme\u011fiG\u00f6ky\u00fcz\u00fcn\u00fc topra\u011f\u0131 suyu uykuyuVe yoksullu\u011funuYa\u015fam\u0131n\u0131z\u0131n6Uyumdan yanaym\u0131\u015flar \u00f6yle dedilerKarneye ba\u011flad\u0131lar g\u00fc\u00e7l\u00fcleri \u00e7\u0131lg\u0131nlar\u0131 yarg\u0131lad\u0131larSadaka verdiler ikiye b\u00f6l\u00fc\u015ft\u00fcrd\u00fcler bir meteli\u011fiSelamlad\u0131lar kadavralar\u0131Kibarl\u0131ktan k\u0131r\u0131l\u0131p d\u00f6k\u00fcld\u00fcler7Direttiler abartt\u0131lar de\u011filler bizim [&hellip;]\" \/>\n<meta property=\"og:url\" content=\"https:\/\/narteks.net\/index.php\/2011\/09\/24\/guernica-zaferi\/\" \/>\n<meta property=\"og:site_name\" content=\"narteks.net\" \/>\n<meta property=\"article:published_time\" content=\"2011-09-24T12:39:26+00:00\" \/>\n<meta property=\"og:image\" content=\"https:\/\/narteks.net\/wp-content\/uploads\/narteks.png\" \/>\n\t<meta property=\"og:image:width\" content=\"300\" \/>\n\t<meta property=\"og:image:height\" content=\"90\" \/>\n\t<meta property=\"og:image:type\" content=\"image\/png\" \/>\n<meta name=\"author\" content=\"Tar\u0131k\" \/>\n<meta name=\"twitter:card\" content=\"summary_large_image\" \/>\n<meta name=\"twitter:creator\" content=\"@narteks\" \/>\n<meta name=\"twitter:site\" content=\"@narteks\" \/>\n<meta name=\"twitter:label1\" content=\"Yazan:\" \/>\n\t<meta name=\"twitter:data1\" content=\"Tar\u0131k\" \/>\n\t<meta name=\"twitter:label2\" content=\"Tahmini okuma s\u00fcresi\" \/>\n\t<meta name=\"twitter:data2\" content=\"1 dakika\" \/>\n<script type=\"application\/ld+json\" class=\"yoast-schema-graph\">{\"@context\":\"https:\/\/schema.org\",\"@graph\":[{\"@type\":\"Article\",\"@id\":\"https:\/\/narteks.net\/index.php\/2011\/09\/24\/guernica-zaferi\/#article\",\"isPartOf\":{\"@id\":\"https:\/\/narteks.net\/index.php\/2011\/09\/24\/guernica-zaferi\/\"},\"author\":{\"name\":\"Tar\u0131k\",\"@id\":\"https:\/\/narteks.net\/#\/schema\/person\/61f37d9834294b72d31d274e7ed79bca\"},\"headline\":\"GUERN\u0130CA ZAFER\u0130\",\"datePublished\":\"2011-09-24T12:39:26+00:00\",\"mainEntityOfPage\":{\"@id\":\"https:\/\/narteks.net\/index.php\/2011\/09\/24\/guernica-zaferi\/\"},\"wordCount\":249,\"commentCount\":0,\"publisher\":{\"@id\":\"https:\/\/narteks.net\/#organization\"},\"articleSection\":[\"Paul ELUARD\"],\"inLanguage\":\"tr\",\"potentialAction\":[{\"@type\":\"CommentAction\",\"name\":\"Comment\",\"target\":[\"https:\/\/narteks.net\/index.php\/2011\/09\/24\/guernica-zaferi\/#respond\"]}]},{\"@type\":\"WebPage\",\"@id\":\"https:\/\/narteks.net\/index.php\/2011\/09\/24\/guernica-zaferi\/\",\"url\":\"https:\/\/narteks.net\/index.php\/2011\/09\/24\/guernica-zaferi\/\",\"name\":\"GUERN\u0130CA ZAFER\u0130 - narteks.net\",\"isPartOf\":{\"@id\":\"https:\/\/narteks.net\/#website\"},\"datePublished\":\"2011-09-24T12:39:26+00:00\",\"breadcrumb\":{\"@id\":\"https:\/\/narteks.net\/index.php\/2011\/09\/24\/guernica-zaferi\/#breadcrumb\"},\"inLanguage\":\"tr\",\"potentialAction\":[{\"@type\":\"ReadAction\",\"target\":[\"https:\/\/narteks.net\/index.php\/2011\/09\/24\/guernica-zaferi\/\"]}]},{\"@type\":\"BreadcrumbList\",\"@id\":\"https:\/\/narteks.net\/index.php\/2011\/09\/24\/guernica-zaferi\/#breadcrumb\",\"itemListElement\":[{\"@type\":\"ListItem\",\"position\":1,\"name\":\"Anasayfa\",\"item\":\"https:\/\/narteks.net\/\"},{\"@type\":\"ListItem\",\"position\":2,\"name\":\"GUERN\u0130CA ZAFER\u0130\"}]},{\"@type\":\"WebSite\",\"@id\":\"https:\/\/narteks.net\/#website\",\"url\":\"https:\/\/narteks.net\/\",\"name\":\"narteks.net\",\"description\":\"K\u00fclt\u00fcr Sanat Edebiyat Felsefe\",\"publisher\":{\"@id\":\"https:\/\/narteks.net\/#organization\"},\"alternateName\":\"K\u00fclt\u00fcr Sanat Edebiyat Felsefe\",\"potentialAction\":[{\"@type\":\"SearchAction\",\"target\":{\"@type\":\"EntryPoint\",\"urlTemplate\":\"https:\/\/narteks.net\/?s={search_term_string}\"},\"query-input\":{\"@type\":\"PropertyValueSpecification\",\"valueRequired\":true,\"valueName\":\"search_term_string\"}}],\"inLanguage\":\"tr\"},{\"@type\":\"Organization\",\"@id\":\"https:\/\/narteks.net\/#organization\",\"name\":\"narteks.net\",\"url\":\"https:\/\/narteks.net\/\",\"logo\":{\"@type\":\"ImageObject\",\"inLanguage\":\"tr\",\"@id\":\"https:\/\/narteks.net\/#\/schema\/logo\/image\/\",\"url\":\"https:\/\/narteks.net\/wp-content\/uploads\/narteks.png\",\"contentUrl\":\"https:\/\/narteks.net\/wp-content\/uploads\/narteks.png\",\"width\":300,\"height\":90,\"caption\":\"narteks.net\"},\"image\":{\"@id\":\"https:\/\/narteks.net\/#\/schema\/logo\/image\/\"},\"sameAs\":[\"https:\/\/x.com\/narteks\",\"https:\/\/instagram.com\/narteksnet\"]},{\"@type\":\"Person\",\"@id\":\"https:\/\/narteks.net\/#\/schema\/person\/61f37d9834294b72d31d274e7ed79bca\",\"name\":\"Tar\u0131k\",\"image\":{\"@type\":\"ImageObject\",\"inLanguage\":\"tr\",\"@id\":\"https:\/\/narteks.net\/#\/schema\/person\/image\/\",\"url\":\"https:\/\/secure.gravatar.com\/avatar\/50865afb55632c4ae467e0af0930f6510aa2297d8014be502a55b14f3b7550cf?s=96&d=mm&r=g\",\"contentUrl\":\"https:\/\/secure.gravatar.com\/avatar\/50865afb55632c4ae467e0af0930f6510aa2297d8014be502a55b14f3b7550cf?s=96&d=mm&r=g\",\"caption\":\"Tar\u0131k\"},\"sameAs\":[\"http:\/\/narteks.net\"],\"url\":\"https:\/\/narteks.net\/index.php\/author\/narbak\/\"}]}<\/script>\n<!-- \/ Yoast SEO Premium plugin. -->","yoast_head_json":{"title":"GUERN\u0130CA ZAFER\u0130 - narteks.net","robots":{"index":"index","follow":"follow","max-snippet":"max-snippet:-1","max-image-preview":"max-image-preview:large","max-video-preview":"max-video-preview:-1"},"canonical":"https:\/\/narteks.net\/index.php\/2011\/09\/24\/guernica-zaferi\/","og_locale":"tr_TR","og_type":"article","og_title":"GUERN\u0130CA ZAFER\u0130","og_description":"\u00a0 1G\u00fczel d\u00fcnyas\u0131 izbe evlerinMadenin ve tarlalar\u0131n2Ate\u015fe adanm\u0131\u015f y\u00fczler so\u011fu\u011fa adanm\u0131\u015f y\u00fczler\u0130hanete geceye s\u00f6vg\u00fclere kur\u015fana adanm\u0131\u015f y\u00fczler3Her \u015feye a\u00e7\u0131k y\u00fczler\u0130\u015fte sizi ba\u011flayan bo\u015fluk\u00d6l\u00fcm\u00fcn\u00fcz \u00f6rnek olacak d\u00fcnyaya4\u00d6l\u00fcm ki ters y\u00fcz edilmi\u015f y\u00fcrek5\u00d6dettiler yedi\u011finiz ekme\u011fiG\u00f6ky\u00fcz\u00fcn\u00fc topra\u011f\u0131 suyu uykuyuVe yoksullu\u011funuYa\u015fam\u0131n\u0131z\u0131n6Uyumdan yanaym\u0131\u015flar \u00f6yle dedilerKarneye ba\u011flad\u0131lar g\u00fc\u00e7l\u00fcleri \u00e7\u0131lg\u0131nlar\u0131 yarg\u0131lad\u0131larSadaka verdiler ikiye b\u00f6l\u00fc\u015ft\u00fcrd\u00fcler bir meteli\u011fiSelamlad\u0131lar kadavralar\u0131Kibarl\u0131ktan k\u0131r\u0131l\u0131p d\u00f6k\u00fcld\u00fcler7Direttiler abartt\u0131lar de\u011filler bizim [&hellip;]","og_url":"https:\/\/narteks.net\/index.php\/2011\/09\/24\/guernica-zaferi\/","og_site_name":"narteks.net","article_published_time":"2011-09-24T12:39:26+00:00","og_image":[{"width":300,"height":90,"url":"https:\/\/narteks.net\/wp-content\/uploads\/narteks.png","type":"image\/png"}],"author":"Tar\u0131k","twitter_card":"summary_large_image","twitter_creator":"@narteks","twitter_site":"@narteks","twitter_misc":{"Yazan:":"Tar\u0131k","Tahmini okuma s\u00fcresi":"1 dakika"},"schema":{"@context":"https:\/\/schema.org","@graph":[{"@type":"Article","@id":"https:\/\/narteks.net\/index.php\/2011\/09\/24\/guernica-zaferi\/#article","isPartOf":{"@id":"https:\/\/narteks.net\/index.php\/2011\/09\/24\/guernica-zaferi\/"},"author":{"name":"Tar\u0131k","@id":"https:\/\/narteks.net\/#\/schema\/person\/61f37d9834294b72d31d274e7ed79bca"},"headline":"GUERN\u0130CA ZAFER\u0130","datePublished":"2011-09-24T12:39:26+00:00","mainEntityOfPage":{"@id":"https:\/\/narteks.net\/index.php\/2011\/09\/24\/guernica-zaferi\/"},"wordCount":249,"commentCount":0,"publisher":{"@id":"https:\/\/narteks.net\/#organization"},"articleSection":["Paul ELUARD"],"inLanguage":"tr","potentialAction":[{"@type":"CommentAction","name":"Comment","target":["https:\/\/narteks.net\/index.php\/2011\/09\/24\/guernica-zaferi\/#respond"]}]},{"@type":"WebPage","@id":"https:\/\/narteks.net\/index.php\/2011\/09\/24\/guernica-zaferi\/","url":"https:\/\/narteks.net\/index.php\/2011\/09\/24\/guernica-zaferi\/","name":"GUERN\u0130CA ZAFER\u0130 - narteks.net","isPartOf":{"@id":"https:\/\/narteks.net\/#website"},"datePublished":"2011-09-24T12:39:26+00:00","breadcrumb":{"@id":"https:\/\/narteks.net\/index.php\/2011\/09\/24\/guernica-zaferi\/#breadcrumb"},"inLanguage":"tr","potentialAction":[{"@type":"ReadAction","target":["https:\/\/narteks.net\/index.php\/2011\/09\/24\/guernica-zaferi\/"]}]},{"@type":"BreadcrumbList","@id":"https:\/\/narteks.net\/index.php\/2011\/09\/24\/guernica-zaferi\/#breadcrumb","itemListElement":[{"@type":"ListItem","position":1,"name":"Anasayfa","item":"https:\/\/narteks.net\/"},{"@type":"ListItem","position":2,"name":"GUERN\u0130CA ZAFER\u0130"}]},{"@type":"WebSite","@id":"https:\/\/narteks.net\/#website","url":"https:\/\/narteks.net\/","name":"narteks.net","description":"K\u00fclt\u00fcr Sanat Edebiyat Felsefe","publisher":{"@id":"https:\/\/narteks.net\/#organization"},"alternateName":"K\u00fclt\u00fcr Sanat Edebiyat Felsefe","potentialAction":[{"@type":"SearchAction","target":{"@type":"EntryPoint","urlTemplate":"https:\/\/narteks.net\/?s={search_term_string}"},"query-input":{"@type":"PropertyValueSpecification","valueRequired":true,"valueName":"search_term_string"}}],"inLanguage":"tr"},{"@type":"Organization","@id":"https:\/\/narteks.net\/#organization","name":"narteks.net","url":"https:\/\/narteks.net\/","logo":{"@type":"ImageObject","inLanguage":"tr","@id":"https:\/\/narteks.net\/#\/schema\/logo\/image\/","url":"https:\/\/narteks.net\/wp-content\/uploads\/narteks.png","contentUrl":"https:\/\/narteks.net\/wp-content\/uploads\/narteks.png","width":300,"height":90,"caption":"narteks.net"},"image":{"@id":"https:\/\/narteks.net\/#\/schema\/logo\/image\/"},"sameAs":["https:\/\/x.com\/narteks","https:\/\/instagram.com\/narteksnet"]},{"@type":"Person","@id":"https:\/\/narteks.net\/#\/schema\/person\/61f37d9834294b72d31d274e7ed79bca","name":"Tar\u0131k","image":{"@type":"ImageObject","inLanguage":"tr","@id":"https:\/\/narteks.net\/#\/schema\/person\/image\/","url":"https:\/\/secure.gravatar.com\/avatar\/50865afb55632c4ae467e0af0930f6510aa2297d8014be502a55b14f3b7550cf?s=96&d=mm&r=g","contentUrl":"https:\/\/secure.gravatar.com\/avatar\/50865afb55632c4ae467e0af0930f6510aa2297d8014be502a55b14f3b7550cf?s=96&d=mm&r=g","caption":"Tar\u0131k"},"sameAs":["http:\/\/narteks.net"],"url":"https:\/\/narteks.net\/index.php\/author\/narbak\/"}]}},"_links":{"self":[{"href":"https:\/\/narteks.net\/index.php\/wp-json\/wp\/v2\/posts\/6738","targetHints":{"allow":["GET"]}}],"collection":[{"href":"https:\/\/narteks.net\/index.php\/wp-json\/wp\/v2\/posts"}],"about":[{"href":"https:\/\/narteks.net\/index.php\/wp-json\/wp\/v2\/types\/post"}],"author":[{"embeddable":true,"href":"https:\/\/narteks.net\/index.php\/wp-json\/wp\/v2\/users\/1"}],"replies":[{"embeddable":true,"href":"https:\/\/narteks.net\/index.php\/wp-json\/wp\/v2\/comments?post=6738"}],"version-history":[{"count":0,"href":"https:\/\/narteks.net\/index.php\/wp-json\/wp\/v2\/posts\/6738\/revisions"}],"wp:attachment":[{"href":"https:\/\/narteks.net\/index.php\/wp-json\/wp\/v2\/media?parent=6738"}],"wp:term":[{"taxonomy":"category","embeddable":true,"href":"https:\/\/narteks.net\/index.php\/wp-json\/wp\/v2\/categories?post=6738"},{"taxonomy":"post_tag","embeddable":true,"href":"https:\/\/narteks.net\/index.php\/wp-json\/wp\/v2\/tags?post=6738"}],"curies":[{"name":"wp","href":"https:\/\/api.w.org\/{rel}","templated":true}]}}