{"id":6742,"date":"2011-09-27T17:30:38","date_gmt":"2011-09-27T14:30:38","guid":{"rendered":"http:\/\/localhost\/wordpress\/2011\/09\/27\/biz-bunu-yapacagiz-degil-mi-genc-arkadaslar-yapacagiz-rosa-luxemburg\/"},"modified":"2011-09-27T17:30:38","modified_gmt":"2011-09-27T14:30:38","slug":"biz-bunu-yapacagiz-degil-mi-genc-arkadaslar-yapacagiz-rosa-luxemburg","status":"publish","type":"post","link":"https:\/\/narteks.net\/index.php\/2011\/09\/27\/biz-bunu-yapacagiz-degil-mi-genc-arkadaslar-yapacagiz-rosa-luxemburg\/","title":{"rendered":"Biz bunu yapaca\u011f\u0131z de\u011fil mi gen\u00e7 arkada\u015flar ? Yapaca\u011f\u0131z ! | Rosa Luxemburg"},"content":{"rendered":"<p style=\"text-align: justify;\"><img loading=\"lazy\" decoding=\"async\" src=\"http:\/\/www.revleft.com\/vb\/picture.php?albumid=765&amp;pictureid=6613\" border=\"0\" width=\"155\" height=\"205\" style=\"float: left;\" \/>\u015eu anda ba\u015flam\u0131\u015f olan proletarya devriminin sosyalizmi ger\u00e7ekle\u015ftirmekten ba\u015fka bir amac\u0131 ve sonucu olamaz. \u0130\u015f\u00e7i s\u0131n\u0131f\u0131 her \u015feyden \u00f6nce t\u00fcm politik devlet g\u00fcc\u00fcn\u00fc eline ge\u00e7irmek i\u00e7in \u00e7aba sarf etmelidir. Ne var ki politik g\u00fc\u00e7 biz sosyalistler i\u00e7in sadece bir ara\u00e7t\u0131r. Bu g\u00fcc\u00fc u\u011frunda kullanmam\u0131z gereken ama\u00e7 ise, t\u00fcm ekonomik ili\u015fkilerin k\u00f6kten de\u011fi\u015fimidir.<\/p>\n<p>Bug\u00fcn t\u00fcm zenginlikler (madenler, i\u015fyerleri ve fabrikalar oldu\u011fu kadar en b\u00fcy\u00fck ve en iyi gayrimenkuller de) birka\u00e7 Junker\u2019in ve \u00f6zel kapitalistin elinde. \u0130\u015f\u00e7ilerin b\u00fcy\u00fck k\u0131sm\u0131, \u00e7ok \u00e7al\u0131\u015fma kar\u015f\u0131l\u0131\u011f\u0131nda, bu Junkerlerden ve kapitalistlerden, ya\u015fayacaklar\u0131 c\u00fczi bir \u00fccret al\u0131yorlar. Bug\u00fcnk\u00fc ekonominin gayesi az say\u0131da ayla\u011f\u0131n zenginle\u015fmesidir.<\/p>\n<p>Bu gidi\u015fe dur denmeli. B\u00fct\u00fcn toplumsal zenginlik, derinlerde gizlenen ve y\u00fczeydeki t\u00fcm do\u011fal kaynaklar\u0131yla toprak, t\u00fcm fabrikalar ve i\u015fyerleri s\u00f6m\u00fcrgenlerin ellerinden al\u0131nmal\u0131 ve insanl\u0131\u011f\u0131n ortak m\u00fclkiyetine ge\u00e7melidir. Ger\u00e7ek bir i\u015f\u00e7i h\u00fck\u00fcmetinin ilk g\u00f6revi, bir dizi kararnameyle en \u00f6nemli \u00fcretim ara\u00e7lar\u0131n\u0131n ulusal m\u00fclk oldu\u011funu ilan etmek ve onlar\u0131 toplumun kontrol\u00fcne vermektir. Fakat as\u0131l ve en zor vazife bundan sonra ba\u015fl\u0131yor: ekonominin tamamen yeni temeller \u00fczerinde yeniden in\u015fas\u0131.<\/p>\n<p>Halihaz\u0131rda her i\u015fletmede \u00fcretim tek tek kapitalistlerin kendi inisiyatifine g\u00f6re y\u00fcr\u00fct\u00fcl\u00fcyor. Neyin ne \u015fekilde \u00fcretilece\u011fi, \u00fcretilen mallar\u0131n nerede, ne zaman ve nas\u0131l sat\u0131laca\u011f\u0131 sanayici taraf\u0131ndan belirleniyor. \u0130\u015f\u00e7iler t\u00fcm bunlar\u0131 g\u00f6rm\u00fcyor, onlar sadece g\u00f6revini yerine getirmesi gereken canl\u0131 makineler.<\/p>\n<p>Sosyalist bir ekonomide bu tamamen farkl\u0131 olmak zorundad\u0131r! \u00d6zel i\u015fveren ortadan kalkacakt\u0131r. O zaman \u00fcretim bir bireyin zenginle\u015fmesi i\u00e7in de\u011fil, halk\u0131n \u00e7o\u011funlu\u011funun her t\u00fcrl\u00fc ihtiyac\u0131n\u0131 kar\u015f\u0131layacak ara\u00e7lar\u0131n sa\u011flanmas\u0131 i\u00e7in yap\u0131lacakt\u0131r. Fabrikalar, i\u015fyerleri ve tar\u0131msal i\u015fletmeler, buna uygun olarak, yeni bir bak\u0131\u015f a\u00e7\u0131s\u0131yla yeniden organize edilmelidir.<\/p>\n<p>\u0130lk olarak: e\u011fer \u00fcretimin amac\u0131 herkes i\u00e7in g\u00fczel bir hayat, bol yiyecek ve di\u011fer k\u00fclt\u00fcrel ge\u00e7im ara\u00e7lar\u0131n\u0131 sa\u011flamak ise, o zaman emek verimlili\u011finin bug\u00fcn oldu\u011fundan \u00e7ok daha y\u00fcksek olmas\u0131 gerekir. Toprak \u00e7ok daha fazla \u00fcr\u00fcn vermeli, fabrikalarda en ileri teknoloji kullan\u0131lmal\u0131, sadece en verimli k\u00f6m\u00fcr ve maden ocaklar\u0131 i\u015fletilmeli, vs. Dolay\u0131s\u0131yla sosyalizasyon her \u015feyden \u00f6nce sanayi ve tar\u0131mdaki b\u00fcy\u00fck i\u015fletmelere yay\u0131lacakt\u0131r. Biz k\u00fc\u00e7\u00fck \u00e7ift\u00e7inin ve zanaatk\u00e2r\u0131n elinden zar zor ge\u00e7indi\u011fi k\u00fc\u00e7\u00fck toprak par\u00e7as\u0131n\u0131 ve at\u00f6lyeyi almak istemiyoruz ve buna ihtiyac\u0131m\u0131z da yok. Onlar zamanla bize g\u00f6n\u00fcll\u00fc olarak kat\u0131lacaklar ve sosyalizmin \u00f6zel m\u00fclkiyete g\u00f6re de\u011ferini kabul edecekler.<\/p>\n<p>\u0130kinci olarak; toplumdaki herkesin zenginliklerden yararlanabilmesi i\u00e7in herkes \u00e7al\u0131\u015fmak zorundad\u0131r. Ancak eli ve beyni ile topluma yararl\u0131 i\u015fler ger\u00e7ekle\u015ftiren ki\u015filer, kendi ihtiya\u00e7lar\u0131n\u0131 kar\u015f\u0131layacak ara\u00e7lar\u0131 toplumdan alma hakk\u0131n\u0131 kazanabilirler. Bir\u00e7ok zengin s\u00f6m\u00fcr\u00fcc\u00fcn\u00fcn \u015fu an s\u00fcrd\u00fcrd\u00fc\u011f\u00fc haz\u0131r yiyici hayat sona erecek. K\u00fc\u00e7\u00fck \u00e7ocuklar, ya\u015fl\u0131 ve hastalar d\u0131\u015f\u0131nda, \u00e7al\u0131\u015fabilecek herkes i\u00e7in genel \u00e7al\u0131\u015fma zorunlulu\u011fu sosyalist ekonomide olmazsa olmaz bir husustur. Toplumun geri kalan b\u00fcy\u00fck \u00e7o\u011funlu\u011fu, \u00e7al\u0131\u015famayacak durumda olan bu insanlar\u0131n bak\u0131m\u0131n\u0131 (bug\u00fcnk\u00fc de\u011fersiz sadakalarla de\u011fil, c\u00f6mert ko\u015fullarda) derhal sa\u011flamak, \u00e7ocuklar\u0131n kamusal bak\u0131m\u0131n\u0131, ya\u015fl\u0131lar\u0131n zevk alacaklar\u0131 bir bak\u0131m\u0131, hastalar i\u00e7in kamusal sa\u011fl\u0131k bak\u0131m\u0131n\u0131 vs. \u00fcstlenmek zorundad\u0131r.<\/p>\n<p>\u00dc\u00e7\u00fcnc\u00fc olarak, ayn\u0131 bak\u0131\u015f a\u00e7\u0131s\u0131yla, yani toplumun genel refah\u0131 i\u00e7in, hem \u00fcretim ara\u00e7lar\u0131n\u0131n hem de i\u015fg\u00fcc\u00fcn\u00fcn idaresinde hassas ve tutumlu olunmal\u0131d\u0131r. Bug\u00fcn nereye gidersek gidelim g\u00f6rece\u011fimiz israf sona erdirilmelidir. Do\u011fal olarak sosyalist toplumun cinayet silahlar\u0131na ihtiyac\u0131 olmad\u0131\u011f\u0131 i\u00e7in t\u00fcm sava\u015f ve m\u00fchimmat sanayii ortadan kald\u0131r\u0131lmal\u0131 ve bunun yerine buralarda kullan\u0131lan de\u011ferli malzeme ve insan eme\u011fi yararl\u0131 \u00fcr\u00fcnler i\u00e7in istihdam edilmelidir. Aylak zenginler i\u00e7in her t\u00fcrl\u00fc g\u00f6steri\u015fli mal\u0131 \u00fcreten l\u00fcks t\u00fcketim mallar\u0131 sanayileri de \u00f6zel hizmet\u00e7ilikle birlikte ortadan kalkmal\u0131d\u0131r. Buralara ba\u011flanan b\u00fct\u00fcn insan eme\u011fi i\u00e7in daha de\u011ferli ve yararl\u0131 bir i\u015f bulunacakt\u0131r.<\/p>\n<p>E\u011fer bu \u015fekilde herkesin herkes i\u00e7in, kamu yarar\u0131 ve \u00e7\u0131kar\u0131 i\u00e7in \u00e7al\u0131\u015ft\u0131\u011f\u0131 bir i\u015f\u00e7i toplumu kurarsak, i\u015fin kendisinin \u00e7ok farkl\u0131 bir \u015fekilde organize edilmesi gerekir. Bug\u00fcn sanayide, tar\u0131mda ve ofisteki i\u015f, proleterler i\u00e7in \u00e7o\u011funlukla i\u015fkence ve y\u00fckt\u00fcr. \u0130nsanlar i\u015fe sadece gitmek zorunda oldu\u011fu i\u00e7in gidiyorlar, zira aksi takdirde ge\u00e7im ara\u00e7lar\u0131n\u0131 elde edemezler. Herkesin beraberce kendi refahlar\u0131 i\u00e7in \u00e7al\u0131\u015ft\u0131\u011f\u0131 sosyalist toplumda, i\u015fg\u00fcc\u00fcn\u00fcn \u00e7al\u0131\u015fma hayat\u0131ndaki sa\u011fl\u0131\u011f\u0131 ve \u00e7al\u0131\u015fma \u015fevki en \u00f6nemli \u015feydir. Herkesin \u00fczerine d\u00fc\u015feni yaparken iyi vakit ge\u00e7irebilmesi i\u00e7in, normal kapasiteyi a\u015fmayan k\u0131sa \u00e7al\u0131\u015fma saatleri, sa\u011fl\u0131kl\u0131 i\u015f mek\u00e2nlar\u0131, her t\u00fcrden rehabilitasyon y\u00f6ntemi ve i\u015f \u00e7e\u015fitlili\u011fi hayata ge\u00e7irilmelidir.<\/p>\n<p>Fakat b\u00fct\u00fcn bu reformlar uygun bir insan malzemesine gereksinim duyar. Halihaz\u0131rda kapitalist, onun ustaba\u015f\u0131s\u0131 veya g\u00f6zetmeni elinde k\u0131rbac\u0131 ile i\u015f\u00e7ilerin ba\u015f\u0131nda durmaktad\u0131r. A\u00e7l\u0131k, proleterleri Junker veya b\u00fcy\u00fck \u00e7ift\u00e7i i\u00e7in \u00e7al\u0131\u015fmak \u00fczere fabrika veya b\u00fcroya y\u00f6neltiyor. \u0130\u015fverenler zaman\u0131n bo\u015fa harcanmamas\u0131na, malzemenin israf edilmemesine ve hem iyi hem de verimli i\u015f \u00e7\u0131kar\u0131lmas\u0131na dikkat eder.<\/p>\n<p>Sosyalist toplumda eli k\u0131rba\u00e7l\u0131 sanayicilerin varl\u0131\u011f\u0131 sona erer. \u0130\u015f\u00e7iler kendi refah\u0131 ve yarar\u0131 i\u00e7in \u00e7al\u0131\u015fan \u00f6zg\u00fcr ve e\u015fit insanlard\u0131r. Yani kendi ba\u015flar\u0131na, kendi inisiyatifleriyle \u00e7al\u0131\u015f\u0131rlar, kamu varl\u0131klar\u0131n\u0131 israf etmezler ve en g\u00fcvenilir ve dikkatli i\u015fi \u00e7\u0131kar\u0131rlar. Her sosyalist kurulu\u015f, ku\u015fkusuz, ne yapt\u0131\u011f\u0131n\u0131 tam olarak bilen ve i\u015flerin d\u00fczg\u00fcn ilerlemesini, en iyi i\u015fb\u00f6l\u00fcm\u00fcn\u00fcn ve en y\u00fcksek verimlili\u011fin elde edilmesini sa\u011flayacak direktifler verebilen teknik y\u00f6neticilere ihtiya\u00e7 duyar. Art\u0131k mesele bu emirlere g\u00f6n\u00fcll\u00fc olarak eksiksiz uymakta, disiplin ve d\u00fczeni sa\u011flamakta ve zorluklara ve kar\u0131\u015f\u0131kl\u0131klara yol a\u00e7mamaktad\u0131r.<\/p>\n<p>K\u0131saca, sosyalist ekonomide i\u015f\u00e7i, a\u00e7l\u0131\u011f\u0131n k\u0131rbac\u0131 olmadan, kapitalist ve k\u00f6le y\u00f6neticisi ba\u015f\u0131nda durmadan da, d\u00fczenli ve \u00e7ok \u00e7al\u0131\u015fabilece\u011fini, disiplini koruyabilece\u011fini ve elinden gelenin en iyisini yapabilece\u011fini g\u00f6stermek zorundad\u0131r. Bu da i\u00e7 disiplin, entelekt\u00fcel olgunluk, y\u00fcksek ahl\u00e2k, d\u00fcr\u00fcstl\u00fck ve sorumluluk duygusu, proleterin tam anlam\u0131yla bir i\u00e7 yeniden do\u011fu\u015funu gerektirir.<\/p>\n<p>Sosyalizmi tembel, u\u00e7ar\u0131, egoist, d\u00fc\u015f\u00fcncesiz, kayg\u0131s\u0131z insanlarla ger\u00e7ekle\u015ftiremezsiniz. Sosyalist bir toplumun, kendi bulundu\u011fu yerden, genel refah i\u00e7in tutku ve hevesle dolu, yolda\u015f\u0131 insanlar i\u00e7in fedak\u00e2rl\u0131k ve duyguda\u015fl\u0131kla dolu, en zoru ger\u00e7ekle\u015ftirmeye kalk\u0131\u015facak cesaret ve kararl\u0131l\u0131kla dolu insanlara ihtiyac\u0131 vard\u0131r.<\/p>\n<p>Bununla birlikte, b\u00f6yle bir insan t\u00fcr\u00fcn\u00fcn geli\u015fmesi i\u00e7in onlarca y\u0131l ya da bir as\u0131r beklememize gerek yok. \u015eu anda, m\u00fccadelede ve devrimde, proleter kitleler gerekli idealizmi \u00f6\u011freniyorlar ve k\u0131sa s\u00fcrede entelekt\u00fcel olgunlu\u011fa eri\u015fecekler. Devrimi ger\u00e7ek anlamda zafere ula\u015ft\u0131rabilmemiz i\u00e7in ayn\u0131 zamanda cesaret ve dayan\u0131kl\u0131l\u0131\u011fa, i\u00e7sel berrakl\u0131k ve fedak\u00e2rl\u0131\u011fa ihtiyac\u0131m\u0131z var. Bizler bug\u00fcn devrime yatk\u0131n sava\u015f\u00e7\u0131lar\u0131 yeti\u015ftirirken ayn\u0131 zamanda yeni bir d\u00fczenin asli unsuru olarak gerekli olan gelece\u011fin sosyalist i\u015f\u00e7ilerini de yaratm\u0131\u015f oluyoruz.<\/p>\n<p>\u00d6zellikle i\u015f\u00e7i s\u0131n\u0131f\u0131 gen\u00e7li\u011fi bu vazifeler i\u00e7in yeterince niteliklidir. Gelecek nesil olarak, b\u00fcy\u00fck bir olas\u0131l\u0131kla, \u015fimdiden sosyalist ekonominin ger\u00e7ek temellerini olu\u015fturmu\u015f durumdalar. Onun i\u015fi, art\u0131k, insanl\u0131\u011f\u0131n gelece\u011finin ta\u015f\u0131y\u0131c\u0131s\u0131 olma y\u00fcce misyonunu \u00fcstlenecek g\u00fc\u00e7te oldu\u011funu g\u00f6stermektir. Koskoca bir eski d\u00fcnya h\u00e2l\u00e2 devrilmeyi ve tamamen yeni bir tanesiyse in\u015fa edilmeyi bekliyor. Fakat biz bunu yapaca\u011f\u0131z de\u011fil mi gen\u00e7 arkada\u015flar? Yapaca\u011f\u0131z!<\/p>\n<p style=\"text-align: justify;\">T\u0131pk\u0131 \u015fark\u0131da s\u00f6ylendi\u011fi gibi:<\/p>\n<p><em>Ku\u015flar kadar \u00f6zg\u00fcr olmak i\u00e7in,<br \/>Sayemizde boy veren \u015feyler hari\u00e7,<br \/>Elbette hi\u00e7bir eksi\u011fimiz yok, kar\u0131c\u0131\u011f\u0131m, \u00e7ocu\u011fum:<br \/>Sadece zaman!<\/em><\/p>\n<p>Aral\u0131k 1918<\/p>\n<p style=\"text-align: justify;\">Toplumun Sosyalizasyonu | Rosa Luxemburg<\/p>\n","protected":false},"excerpt":{"rendered":"<p>\u015eu anda ba\u015flam\u0131\u015f olan proletarya devriminin sosyalizmi ger\u00e7ekle\u015ftirmekten ba\u015fka bir amac\u0131 ve sonucu olamaz. \u0130\u015f\u00e7i s\u0131n\u0131f\u0131 her \u015feyden \u00f6nce t\u00fcm politik devlet g\u00fcc\u00fcn\u00fc eline ge\u00e7irmek i\u00e7in \u00e7aba sarf etmelidir. Ne var ki politik g\u00fc\u00e7 biz sosyalistler i\u00e7in sadece bir ara\u00e7t\u0131r. Bu g\u00fcc\u00fc u\u011frunda kullanmam\u0131z gereken ama\u00e7 ise, t\u00fcm ekonomik ili\u015fkilerin k\u00f6kten de\u011fi\u015fimidir. Bug\u00fcn t\u00fcm zenginlikler [&hellip;]<\/p>\n","protected":false},"author":1,"featured_media":0,"comment_status":"open","ping_status":"open","sticky":false,"template":"","format":"standard","meta":{"footnotes":""},"categories":[99],"tags":[],"class_list":{"0":"post-6742","1":"post","2":"type-post","3":"status-publish","4":"format-standard","6":"category-dunya"},"yoast_head":"<!-- This site is optimized with the Yoast SEO Premium plugin v24.9 (Yoast SEO v24.9) - https:\/\/yoast.com\/wordpress\/plugins\/seo\/ -->\n<title>Biz bunu yapaca\u011f\u0131z de\u011fil mi gen\u00e7 arkada\u015flar ? Yapaca\u011f\u0131z ! | Rosa Luxemburg - narteks.net<\/title>\n<meta name=\"robots\" content=\"index, follow, max-snippet:-1, max-image-preview:large, max-video-preview:-1\" \/>\n<link rel=\"canonical\" href=\"https:\/\/narteks.net\/index.php\/2011\/09\/27\/biz-bunu-yapacagiz-degil-mi-genc-arkadaslar-yapacagiz-rosa-luxemburg\/\" \/>\n<meta property=\"og:locale\" content=\"tr_TR\" \/>\n<meta property=\"og:type\" content=\"article\" \/>\n<meta property=\"og:title\" content=\"Biz bunu yapaca\u011f\u0131z de\u011fil mi gen\u00e7 arkada\u015flar ? Yapaca\u011f\u0131z ! | Rosa Luxemburg\" \/>\n<meta property=\"og:description\" content=\"\u015eu anda ba\u015flam\u0131\u015f olan proletarya devriminin sosyalizmi ger\u00e7ekle\u015ftirmekten ba\u015fka bir amac\u0131 ve sonucu olamaz. \u0130\u015f\u00e7i s\u0131n\u0131f\u0131 her \u015feyden \u00f6nce t\u00fcm politik devlet g\u00fcc\u00fcn\u00fc eline ge\u00e7irmek i\u00e7in \u00e7aba sarf etmelidir. Ne var ki politik g\u00fc\u00e7 biz sosyalistler i\u00e7in sadece bir ara\u00e7t\u0131r. Bu g\u00fcc\u00fc u\u011frunda kullanmam\u0131z gereken ama\u00e7 ise, t\u00fcm ekonomik ili\u015fkilerin k\u00f6kten de\u011fi\u015fimidir. Bug\u00fcn t\u00fcm zenginlikler [&hellip;]\" \/>\n<meta property=\"og:url\" content=\"https:\/\/narteks.net\/index.php\/2011\/09\/27\/biz-bunu-yapacagiz-degil-mi-genc-arkadaslar-yapacagiz-rosa-luxemburg\/\" \/>\n<meta property=\"og:site_name\" content=\"narteks.net\" \/>\n<meta property=\"article:published_time\" content=\"2011-09-27T14:30:38+00:00\" \/>\n<meta property=\"og:image\" content=\"http:\/\/www.revleft.com\/vb\/picture.php?albumid=765&amp;pictureid=6613\" \/>\n<meta name=\"author\" content=\"Tar\u0131k\" \/>\n<meta name=\"twitter:card\" content=\"summary_large_image\" \/>\n<meta name=\"twitter:creator\" content=\"@narteks\" \/>\n<meta name=\"twitter:site\" content=\"@narteks\" \/>\n<meta name=\"twitter:label1\" content=\"Yazan:\" \/>\n\t<meta name=\"twitter:data1\" content=\"Tar\u0131k\" \/>\n\t<meta name=\"twitter:label2\" content=\"Tahmini okuma s\u00fcresi\" \/>\n\t<meta name=\"twitter:data2\" content=\"7 dakika\" \/>\n<script type=\"application\/ld+json\" class=\"yoast-schema-graph\">{\"@context\":\"https:\/\/schema.org\",\"@graph\":[{\"@type\":\"Article\",\"@id\":\"https:\/\/narteks.net\/index.php\/2011\/09\/27\/biz-bunu-yapacagiz-degil-mi-genc-arkadaslar-yapacagiz-rosa-luxemburg\/#article\",\"isPartOf\":{\"@id\":\"https:\/\/narteks.net\/index.php\/2011\/09\/27\/biz-bunu-yapacagiz-degil-mi-genc-arkadaslar-yapacagiz-rosa-luxemburg\/\"},\"author\":{\"name\":\"Tar\u0131k\",\"@id\":\"https:\/\/narteks.net\/#\/schema\/person\/61f37d9834294b72d31d274e7ed79bca\"},\"headline\":\"Biz bunu yapaca\u011f\u0131z de\u011fil mi gen\u00e7 arkada\u015flar ? Yapaca\u011f\u0131z ! | Rosa Luxemburg\",\"datePublished\":\"2011-09-27T14:30:38+00:00\",\"mainEntityOfPage\":{\"@id\":\"https:\/\/narteks.net\/index.php\/2011\/09\/27\/biz-bunu-yapacagiz-degil-mi-genc-arkadaslar-yapacagiz-rosa-luxemburg\/\"},\"wordCount\":1491,\"commentCount\":0,\"publisher\":{\"@id\":\"https:\/\/narteks.net\/#organization\"},\"image\":{\"@id\":\"https:\/\/narteks.net\/index.php\/2011\/09\/27\/biz-bunu-yapacagiz-degil-mi-genc-arkadaslar-yapacagiz-rosa-luxemburg\/#primaryimage\"},\"thumbnailUrl\":\"http:\/\/www.revleft.com\/vb\/picture.php?albumid=765&amp;pictureid=6613\",\"articleSection\":[\"D\u00fcnya\"],\"inLanguage\":\"tr\",\"potentialAction\":[{\"@type\":\"CommentAction\",\"name\":\"Comment\",\"target\":[\"https:\/\/narteks.net\/index.php\/2011\/09\/27\/biz-bunu-yapacagiz-degil-mi-genc-arkadaslar-yapacagiz-rosa-luxemburg\/#respond\"]}]},{\"@type\":\"WebPage\",\"@id\":\"https:\/\/narteks.net\/index.php\/2011\/09\/27\/biz-bunu-yapacagiz-degil-mi-genc-arkadaslar-yapacagiz-rosa-luxemburg\/\",\"url\":\"https:\/\/narteks.net\/index.php\/2011\/09\/27\/biz-bunu-yapacagiz-degil-mi-genc-arkadaslar-yapacagiz-rosa-luxemburg\/\",\"name\":\"Biz bunu yapaca\u011f\u0131z de\u011fil mi gen\u00e7 arkada\u015flar ? Yapaca\u011f\u0131z ! | Rosa Luxemburg - narteks.net\",\"isPartOf\":{\"@id\":\"https:\/\/narteks.net\/#website\"},\"primaryImageOfPage\":{\"@id\":\"https:\/\/narteks.net\/index.php\/2011\/09\/27\/biz-bunu-yapacagiz-degil-mi-genc-arkadaslar-yapacagiz-rosa-luxemburg\/#primaryimage\"},\"image\":{\"@id\":\"https:\/\/narteks.net\/index.php\/2011\/09\/27\/biz-bunu-yapacagiz-degil-mi-genc-arkadaslar-yapacagiz-rosa-luxemburg\/#primaryimage\"},\"thumbnailUrl\":\"http:\/\/www.revleft.com\/vb\/picture.php?albumid=765&amp;pictureid=6613\",\"datePublished\":\"2011-09-27T14:30:38+00:00\",\"breadcrumb\":{\"@id\":\"https:\/\/narteks.net\/index.php\/2011\/09\/27\/biz-bunu-yapacagiz-degil-mi-genc-arkadaslar-yapacagiz-rosa-luxemburg\/#breadcrumb\"},\"inLanguage\":\"tr\",\"potentialAction\":[{\"@type\":\"ReadAction\",\"target\":[\"https:\/\/narteks.net\/index.php\/2011\/09\/27\/biz-bunu-yapacagiz-degil-mi-genc-arkadaslar-yapacagiz-rosa-luxemburg\/\"]}]},{\"@type\":\"ImageObject\",\"inLanguage\":\"tr\",\"@id\":\"https:\/\/narteks.net\/index.php\/2011\/09\/27\/biz-bunu-yapacagiz-degil-mi-genc-arkadaslar-yapacagiz-rosa-luxemburg\/#primaryimage\",\"url\":\"http:\/\/www.revleft.com\/vb\/picture.php?albumid=765&amp;pictureid=6613\",\"contentUrl\":\"http:\/\/www.revleft.com\/vb\/picture.php?albumid=765&amp;pictureid=6613\"},{\"@type\":\"BreadcrumbList\",\"@id\":\"https:\/\/narteks.net\/index.php\/2011\/09\/27\/biz-bunu-yapacagiz-degil-mi-genc-arkadaslar-yapacagiz-rosa-luxemburg\/#breadcrumb\",\"itemListElement\":[{\"@type\":\"ListItem\",\"position\":1,\"name\":\"Anasayfa\",\"item\":\"https:\/\/narteks.net\/\"},{\"@type\":\"ListItem\",\"position\":2,\"name\":\"Biz bunu yapaca\u011f\u0131z de\u011fil mi gen\u00e7 arkada\u015flar ? Yapaca\u011f\u0131z ! | Rosa Luxemburg\"}]},{\"@type\":\"WebSite\",\"@id\":\"https:\/\/narteks.net\/#website\",\"url\":\"https:\/\/narteks.net\/\",\"name\":\"narteks.net\",\"description\":\"K\u00fclt\u00fcr Sanat Edebiyat Felsefe\",\"publisher\":{\"@id\":\"https:\/\/narteks.net\/#organization\"},\"alternateName\":\"K\u00fclt\u00fcr Sanat Edebiyat Felsefe\",\"potentialAction\":[{\"@type\":\"SearchAction\",\"target\":{\"@type\":\"EntryPoint\",\"urlTemplate\":\"https:\/\/narteks.net\/?s={search_term_string}\"},\"query-input\":{\"@type\":\"PropertyValueSpecification\",\"valueRequired\":true,\"valueName\":\"search_term_string\"}}],\"inLanguage\":\"tr\"},{\"@type\":\"Organization\",\"@id\":\"https:\/\/narteks.net\/#organization\",\"name\":\"narteks.net\",\"url\":\"https:\/\/narteks.net\/\",\"logo\":{\"@type\":\"ImageObject\",\"inLanguage\":\"tr\",\"@id\":\"https:\/\/narteks.net\/#\/schema\/logo\/image\/\",\"url\":\"https:\/\/narteks.net\/wp-content\/uploads\/narteks.png\",\"contentUrl\":\"https:\/\/narteks.net\/wp-content\/uploads\/narteks.png\",\"width\":300,\"height\":90,\"caption\":\"narteks.net\"},\"image\":{\"@id\":\"https:\/\/narteks.net\/#\/schema\/logo\/image\/\"},\"sameAs\":[\"https:\/\/x.com\/narteks\",\"https:\/\/instagram.com\/narteksnet\"]},{\"@type\":\"Person\",\"@id\":\"https:\/\/narteks.net\/#\/schema\/person\/61f37d9834294b72d31d274e7ed79bca\",\"name\":\"Tar\u0131k\",\"image\":{\"@type\":\"ImageObject\",\"inLanguage\":\"tr\",\"@id\":\"https:\/\/narteks.net\/#\/schema\/person\/image\/\",\"url\":\"https:\/\/secure.gravatar.com\/avatar\/50865afb55632c4ae467e0af0930f6510aa2297d8014be502a55b14f3b7550cf?s=96&d=mm&r=g\",\"contentUrl\":\"https:\/\/secure.gravatar.com\/avatar\/50865afb55632c4ae467e0af0930f6510aa2297d8014be502a55b14f3b7550cf?s=96&d=mm&r=g\",\"caption\":\"Tar\u0131k\"},\"sameAs\":[\"http:\/\/narteks.net\"],\"url\":\"https:\/\/narteks.net\/index.php\/author\/narbak\/\"}]}<\/script>\n<!-- \/ Yoast SEO Premium plugin. -->","yoast_head_json":{"title":"Biz bunu yapaca\u011f\u0131z de\u011fil mi gen\u00e7 arkada\u015flar ? Yapaca\u011f\u0131z ! | Rosa Luxemburg - narteks.net","robots":{"index":"index","follow":"follow","max-snippet":"max-snippet:-1","max-image-preview":"max-image-preview:large","max-video-preview":"max-video-preview:-1"},"canonical":"https:\/\/narteks.net\/index.php\/2011\/09\/27\/biz-bunu-yapacagiz-degil-mi-genc-arkadaslar-yapacagiz-rosa-luxemburg\/","og_locale":"tr_TR","og_type":"article","og_title":"Biz bunu yapaca\u011f\u0131z de\u011fil mi gen\u00e7 arkada\u015flar ? Yapaca\u011f\u0131z ! | Rosa Luxemburg","og_description":"\u015eu anda ba\u015flam\u0131\u015f olan proletarya devriminin sosyalizmi ger\u00e7ekle\u015ftirmekten ba\u015fka bir amac\u0131 ve sonucu olamaz. \u0130\u015f\u00e7i s\u0131n\u0131f\u0131 her \u015feyden \u00f6nce t\u00fcm politik devlet g\u00fcc\u00fcn\u00fc eline ge\u00e7irmek i\u00e7in \u00e7aba sarf etmelidir. Ne var ki politik g\u00fc\u00e7 biz sosyalistler i\u00e7in sadece bir ara\u00e7t\u0131r. Bu g\u00fcc\u00fc u\u011frunda kullanmam\u0131z gereken ama\u00e7 ise, t\u00fcm ekonomik ili\u015fkilerin k\u00f6kten de\u011fi\u015fimidir. Bug\u00fcn t\u00fcm zenginlikler [&hellip;]","og_url":"https:\/\/narteks.net\/index.php\/2011\/09\/27\/biz-bunu-yapacagiz-degil-mi-genc-arkadaslar-yapacagiz-rosa-luxemburg\/","og_site_name":"narteks.net","article_published_time":"2011-09-27T14:30:38+00:00","og_image":[{"url":"http:\/\/www.revleft.com\/vb\/picture.php?albumid=765&amp;pictureid=6613","type":"","width":"","height":""}],"author":"Tar\u0131k","twitter_card":"summary_large_image","twitter_creator":"@narteks","twitter_site":"@narteks","twitter_misc":{"Yazan:":"Tar\u0131k","Tahmini okuma s\u00fcresi":"7 dakika"},"schema":{"@context":"https:\/\/schema.org","@graph":[{"@type":"Article","@id":"https:\/\/narteks.net\/index.php\/2011\/09\/27\/biz-bunu-yapacagiz-degil-mi-genc-arkadaslar-yapacagiz-rosa-luxemburg\/#article","isPartOf":{"@id":"https:\/\/narteks.net\/index.php\/2011\/09\/27\/biz-bunu-yapacagiz-degil-mi-genc-arkadaslar-yapacagiz-rosa-luxemburg\/"},"author":{"name":"Tar\u0131k","@id":"https:\/\/narteks.net\/#\/schema\/person\/61f37d9834294b72d31d274e7ed79bca"},"headline":"Biz bunu yapaca\u011f\u0131z de\u011fil mi gen\u00e7 arkada\u015flar ? Yapaca\u011f\u0131z ! | Rosa Luxemburg","datePublished":"2011-09-27T14:30:38+00:00","mainEntityOfPage":{"@id":"https:\/\/narteks.net\/index.php\/2011\/09\/27\/biz-bunu-yapacagiz-degil-mi-genc-arkadaslar-yapacagiz-rosa-luxemburg\/"},"wordCount":1491,"commentCount":0,"publisher":{"@id":"https:\/\/narteks.net\/#organization"},"image":{"@id":"https:\/\/narteks.net\/index.php\/2011\/09\/27\/biz-bunu-yapacagiz-degil-mi-genc-arkadaslar-yapacagiz-rosa-luxemburg\/#primaryimage"},"thumbnailUrl":"http:\/\/www.revleft.com\/vb\/picture.php?albumid=765&amp;pictureid=6613","articleSection":["D\u00fcnya"],"inLanguage":"tr","potentialAction":[{"@type":"CommentAction","name":"Comment","target":["https:\/\/narteks.net\/index.php\/2011\/09\/27\/biz-bunu-yapacagiz-degil-mi-genc-arkadaslar-yapacagiz-rosa-luxemburg\/#respond"]}]},{"@type":"WebPage","@id":"https:\/\/narteks.net\/index.php\/2011\/09\/27\/biz-bunu-yapacagiz-degil-mi-genc-arkadaslar-yapacagiz-rosa-luxemburg\/","url":"https:\/\/narteks.net\/index.php\/2011\/09\/27\/biz-bunu-yapacagiz-degil-mi-genc-arkadaslar-yapacagiz-rosa-luxemburg\/","name":"Biz bunu yapaca\u011f\u0131z de\u011fil mi gen\u00e7 arkada\u015flar ? Yapaca\u011f\u0131z ! | Rosa Luxemburg - narteks.net","isPartOf":{"@id":"https:\/\/narteks.net\/#website"},"primaryImageOfPage":{"@id":"https:\/\/narteks.net\/index.php\/2011\/09\/27\/biz-bunu-yapacagiz-degil-mi-genc-arkadaslar-yapacagiz-rosa-luxemburg\/#primaryimage"},"image":{"@id":"https:\/\/narteks.net\/index.php\/2011\/09\/27\/biz-bunu-yapacagiz-degil-mi-genc-arkadaslar-yapacagiz-rosa-luxemburg\/#primaryimage"},"thumbnailUrl":"http:\/\/www.revleft.com\/vb\/picture.php?albumid=765&amp;pictureid=6613","datePublished":"2011-09-27T14:30:38+00:00","breadcrumb":{"@id":"https:\/\/narteks.net\/index.php\/2011\/09\/27\/biz-bunu-yapacagiz-degil-mi-genc-arkadaslar-yapacagiz-rosa-luxemburg\/#breadcrumb"},"inLanguage":"tr","potentialAction":[{"@type":"ReadAction","target":["https:\/\/narteks.net\/index.php\/2011\/09\/27\/biz-bunu-yapacagiz-degil-mi-genc-arkadaslar-yapacagiz-rosa-luxemburg\/"]}]},{"@type":"ImageObject","inLanguage":"tr","@id":"https:\/\/narteks.net\/index.php\/2011\/09\/27\/biz-bunu-yapacagiz-degil-mi-genc-arkadaslar-yapacagiz-rosa-luxemburg\/#primaryimage","url":"http:\/\/www.revleft.com\/vb\/picture.php?albumid=765&amp;pictureid=6613","contentUrl":"http:\/\/www.revleft.com\/vb\/picture.php?albumid=765&amp;pictureid=6613"},{"@type":"BreadcrumbList","@id":"https:\/\/narteks.net\/index.php\/2011\/09\/27\/biz-bunu-yapacagiz-degil-mi-genc-arkadaslar-yapacagiz-rosa-luxemburg\/#breadcrumb","itemListElement":[{"@type":"ListItem","position":1,"name":"Anasayfa","item":"https:\/\/narteks.net\/"},{"@type":"ListItem","position":2,"name":"Biz bunu yapaca\u011f\u0131z de\u011fil mi gen\u00e7 arkada\u015flar ? Yapaca\u011f\u0131z ! | Rosa Luxemburg"}]},{"@type":"WebSite","@id":"https:\/\/narteks.net\/#website","url":"https:\/\/narteks.net\/","name":"narteks.net","description":"K\u00fclt\u00fcr Sanat Edebiyat Felsefe","publisher":{"@id":"https:\/\/narteks.net\/#organization"},"alternateName":"K\u00fclt\u00fcr Sanat Edebiyat Felsefe","potentialAction":[{"@type":"SearchAction","target":{"@type":"EntryPoint","urlTemplate":"https:\/\/narteks.net\/?s={search_term_string}"},"query-input":{"@type":"PropertyValueSpecification","valueRequired":true,"valueName":"search_term_string"}}],"inLanguage":"tr"},{"@type":"Organization","@id":"https:\/\/narteks.net\/#organization","name":"narteks.net","url":"https:\/\/narteks.net\/","logo":{"@type":"ImageObject","inLanguage":"tr","@id":"https:\/\/narteks.net\/#\/schema\/logo\/image\/","url":"https:\/\/narteks.net\/wp-content\/uploads\/narteks.png","contentUrl":"https:\/\/narteks.net\/wp-content\/uploads\/narteks.png","width":300,"height":90,"caption":"narteks.net"},"image":{"@id":"https:\/\/narteks.net\/#\/schema\/logo\/image\/"},"sameAs":["https:\/\/x.com\/narteks","https:\/\/instagram.com\/narteksnet"]},{"@type":"Person","@id":"https:\/\/narteks.net\/#\/schema\/person\/61f37d9834294b72d31d274e7ed79bca","name":"Tar\u0131k","image":{"@type":"ImageObject","inLanguage":"tr","@id":"https:\/\/narteks.net\/#\/schema\/person\/image\/","url":"https:\/\/secure.gravatar.com\/avatar\/50865afb55632c4ae467e0af0930f6510aa2297d8014be502a55b14f3b7550cf?s=96&d=mm&r=g","contentUrl":"https:\/\/secure.gravatar.com\/avatar\/50865afb55632c4ae467e0af0930f6510aa2297d8014be502a55b14f3b7550cf?s=96&d=mm&r=g","caption":"Tar\u0131k"},"sameAs":["http:\/\/narteks.net"],"url":"https:\/\/narteks.net\/index.php\/author\/narbak\/"}]}},"_links":{"self":[{"href":"https:\/\/narteks.net\/index.php\/wp-json\/wp\/v2\/posts\/6742","targetHints":{"allow":["GET"]}}],"collection":[{"href":"https:\/\/narteks.net\/index.php\/wp-json\/wp\/v2\/posts"}],"about":[{"href":"https:\/\/narteks.net\/index.php\/wp-json\/wp\/v2\/types\/post"}],"author":[{"embeddable":true,"href":"https:\/\/narteks.net\/index.php\/wp-json\/wp\/v2\/users\/1"}],"replies":[{"embeddable":true,"href":"https:\/\/narteks.net\/index.php\/wp-json\/wp\/v2\/comments?post=6742"}],"version-history":[{"count":0,"href":"https:\/\/narteks.net\/index.php\/wp-json\/wp\/v2\/posts\/6742\/revisions"}],"wp:attachment":[{"href":"https:\/\/narteks.net\/index.php\/wp-json\/wp\/v2\/media?parent=6742"}],"wp:term":[{"taxonomy":"category","embeddable":true,"href":"https:\/\/narteks.net\/index.php\/wp-json\/wp\/v2\/categories?post=6742"},{"taxonomy":"post_tag","embeddable":true,"href":"https:\/\/narteks.net\/index.php\/wp-json\/wp\/v2\/tags?post=6742"}],"curies":[{"name":"wp","href":"https:\/\/api.w.org\/{rel}","templated":true}]}}