{"id":6743,"date":"2011-09-28T23:38:07","date_gmt":"2011-09-28T20:38:07","guid":{"rendered":"http:\/\/localhost\/wordpress\/2011\/09\/28\/kavsakta\/"},"modified":"2011-09-28T23:38:07","modified_gmt":"2011-09-28T20:38:07","slug":"kavsakta","status":"publish","type":"post","link":"https:\/\/narteks.net\/index.php\/2011\/09\/28\/kavsakta\/","title":{"rendered":"KAV\u015eAKTA"},"content":{"rendered":"<p>\u00a0<\/p>\n<p>art\u0131k gelince biliyorum,\u00f6nceleri korkard\u0131m<br \/>\u015f\u00f6yle ufak bir \u015fey, sudan ka\u00e7m\u0131\u015f ay\u0131\u015f\u0131\u011f\u0131<br \/>otuzbe\u015fbin atl\u0131n\u0131n da\u011fdan gelen yank\u0131s\u0131<br \/>\u00f6nceleri a\u00e7\u0131l\u0131p gider san\u0131rd\u0131m her \u015feyi<br \/>her \u015feyi a\u00e7\u0131l\u0131p gider san\u0131rd\u0131m,bir kez \u015fiire konmu\u015fsa<br \/>menek\u015feler, bademler, b\u00fcy\u00fck adamlar,kutsal olan ne varsa<br \/>\u015fimdi bir \u00e7eki\u00e7 ve bir alan yetiyor \u00e7aresizli\u011fi anlamaya<br \/>\u00f6rne\u011fin bir eczanede bir koku duyuyorum<br \/>tamam.<\/p>\n<p>oysa ben eczaneye bir ila\u00e7 i\u00e7in girmi\u015ftim<br \/>sirozluyum, ya da mitral darl\u0131\u011f\u0131m var, \u00fclserliyim belki de<br \/>niyetim bin y\u0131l direnmektir bu halde bile<br \/>romaym\u0131\u015f, bizansm\u0131\u015f,cumhuriyetmi\u015f,bilmem neymi\u015f,bahane<br \/>turuncu bir \u00e7i\u00e7ek a\u00e7arm\u0131\u015f bir yerde ak\u015fam\u00fczerleri<br \/>eskiden b\u00fcy\u00fck adamlar ge\u00e7mi\u015f topuz gibiymi\u015f her biri<br \/>(o koku)<br \/>hangi budala s\u00f6yl\u00fcyor art\u0131k bu s\u00f6zleri<br \/>el ettim birisine, bir ba\u015fkas\u0131na giymedi\u011fim \u015fapkam\u0131 \u00e7\u0131kartt\u0131m<br \/>ne da\u011flar\u0131 tan\u0131d\u0131m, ne denizleri ne \u00f6te beriyi<br \/>daha demin uyanm\u0131\u015ft\u0131m,az \u00f6nce,bakt\u0131m<br \/>vakit ak\u015fam.<\/p>\n<p>hayrola yunus kaz\u0131m,hayrola karl\u0131 da\u011flar<br \/>hayrola karl\u0131 da\u011flar,hayrola yunus kaz\u0131m<br \/>geceniz bereketli olsun, g\u00fcn\u00fcn\u00fcz sa\u011flam<br \/>ben geldim gittim i\u015fe yaramayan \u015feyler toplad\u0131m<br \/>kancal\u0131 i\u011fne, bal\u0131k oltas\u0131, tabanca, bomba filan<br \/>da\u011f g\u00f6lgesi, k\u00f6\u015feba\u015f\u0131 , odun ve duman<br \/>bu arada ba\u015fa\u011f\u0131 tanr\u0131 bildim, m\u00fchr\u00fcmle onaylad\u0131m<br \/>a\u011fa\u00e7lara ve otlara \u00e7ocuklar gibi bakt\u0131m<br \/>kurda kozaya \u00f6yle, kalem ka\u011f\u0131da \u00f6yle<br \/>derken bir ihanet gibi vurdu g\u00f6z\u00fcme her \u015fey<br \/>anlatamam.<\/p>\n<p>ila\u00e7 mila\u00e7 bok p\u00fcs\u00fcr<br \/>\u015furamda bir \u015feyler var<br \/>sahiden bir \u015feyler var<br \/>hayk\u0131rmadan anlatamam.<\/p>\n<p>Turgut UYAR<\/p>\n","protected":false},"excerpt":{"rendered":"<p>\u00a0 art\u0131k gelince biliyorum,\u00f6nceleri korkard\u0131m\u015f\u00f6yle ufak bir \u015fey, sudan ka\u00e7m\u0131\u015f ay\u0131\u015f\u0131\u011f\u0131otuzbe\u015fbin atl\u0131n\u0131n da\u011fdan gelen yank\u0131s\u0131\u00f6nceleri a\u00e7\u0131l\u0131p gider san\u0131rd\u0131m her \u015feyiher \u015feyi a\u00e7\u0131l\u0131p gider san\u0131rd\u0131m,bir kez \u015fiire konmu\u015fsamenek\u015feler, bademler, b\u00fcy\u00fck adamlar,kutsal olan ne varsa\u015fimdi bir \u00e7eki\u00e7 ve bir alan yetiyor \u00e7aresizli\u011fi anlamaya\u00f6rne\u011fin bir eczanede bir koku duyuyorumtamam. oysa ben eczaneye bir ila\u00e7 i\u00e7in girmi\u015ftimsirozluyum, ya da [&hellip;]<\/p>\n","protected":false},"author":1,"featured_media":0,"comment_status":"open","ping_status":"open","sticky":false,"template":"","format":"standard","meta":{"footnotes":""},"categories":[65],"tags":[],"class_list":{"0":"post-6743","1":"post","2":"type-post","3":"status-publish","4":"format-standard","6":"category-turgut-uyar"},"yoast_head":"<!-- This site is optimized with the Yoast SEO Premium plugin v24.9 (Yoast SEO v24.9) - https:\/\/yoast.com\/wordpress\/plugins\/seo\/ -->\n<title>KAV\u015eAKTA - narteks.net<\/title>\n<meta name=\"robots\" content=\"index, follow, max-snippet:-1, max-image-preview:large, max-video-preview:-1\" \/>\n<link rel=\"canonical\" href=\"https:\/\/narteks.net\/index.php\/2011\/09\/28\/kavsakta\/\" \/>\n<meta property=\"og:locale\" content=\"tr_TR\" \/>\n<meta property=\"og:type\" content=\"article\" \/>\n<meta property=\"og:title\" content=\"KAV\u015eAKTA\" \/>\n<meta property=\"og:description\" content=\"\u00a0 art\u0131k gelince biliyorum,\u00f6nceleri korkard\u0131m\u015f\u00f6yle ufak bir \u015fey, sudan ka\u00e7m\u0131\u015f ay\u0131\u015f\u0131\u011f\u0131otuzbe\u015fbin atl\u0131n\u0131n da\u011fdan gelen yank\u0131s\u0131\u00f6nceleri a\u00e7\u0131l\u0131p gider san\u0131rd\u0131m her \u015feyiher \u015feyi a\u00e7\u0131l\u0131p gider san\u0131rd\u0131m,bir kez \u015fiire konmu\u015fsamenek\u015feler, bademler, b\u00fcy\u00fck adamlar,kutsal olan ne varsa\u015fimdi bir \u00e7eki\u00e7 ve bir alan yetiyor \u00e7aresizli\u011fi anlamaya\u00f6rne\u011fin bir eczanede bir koku duyuyorumtamam. oysa ben eczaneye bir ila\u00e7 i\u00e7in girmi\u015ftimsirozluyum, ya da [&hellip;]\" \/>\n<meta property=\"og:url\" content=\"https:\/\/narteks.net\/index.php\/2011\/09\/28\/kavsakta\/\" \/>\n<meta property=\"og:site_name\" content=\"narteks.net\" \/>\n<meta property=\"article:published_time\" content=\"2011-09-28T20:38:07+00:00\" \/>\n<meta property=\"og:image\" content=\"https:\/\/narteks.net\/wp-content\/uploads\/narteks.png\" \/>\n\t<meta property=\"og:image:width\" content=\"300\" \/>\n\t<meta property=\"og:image:height\" content=\"90\" \/>\n\t<meta property=\"og:image:type\" content=\"image\/png\" \/>\n<meta name=\"author\" content=\"Tar\u0131k\" \/>\n<meta name=\"twitter:card\" content=\"summary_large_image\" \/>\n<meta name=\"twitter:creator\" content=\"@narteks\" \/>\n<meta name=\"twitter:site\" content=\"@narteks\" \/>\n<meta name=\"twitter:label1\" content=\"Yazan:\" \/>\n\t<meta name=\"twitter:data1\" content=\"Tar\u0131k\" \/>\n\t<meta name=\"twitter:label2\" content=\"Tahmini okuma s\u00fcresi\" \/>\n\t<meta name=\"twitter:data2\" content=\"1 dakika\" \/>\n<script type=\"application\/ld+json\" class=\"yoast-schema-graph\">{\"@context\":\"https:\/\/schema.org\",\"@graph\":[{\"@type\":\"Article\",\"@id\":\"https:\/\/narteks.net\/index.php\/2011\/09\/28\/kavsakta\/#article\",\"isPartOf\":{\"@id\":\"https:\/\/narteks.net\/index.php\/2011\/09\/28\/kavsakta\/\"},\"author\":{\"name\":\"Tar\u0131k\",\"@id\":\"https:\/\/narteks.net\/#\/schema\/person\/61f37d9834294b72d31d274e7ed79bca\"},\"headline\":\"KAV\u015eAKTA\",\"datePublished\":\"2011-09-28T20:38:07+00:00\",\"mainEntityOfPage\":{\"@id\":\"https:\/\/narteks.net\/index.php\/2011\/09\/28\/kavsakta\/\"},\"wordCount\":266,\"commentCount\":0,\"publisher\":{\"@id\":\"https:\/\/narteks.net\/#organization\"},\"articleSection\":[\"Turgut UYAR\"],\"inLanguage\":\"tr\",\"potentialAction\":[{\"@type\":\"CommentAction\",\"name\":\"Comment\",\"target\":[\"https:\/\/narteks.net\/index.php\/2011\/09\/28\/kavsakta\/#respond\"]}]},{\"@type\":\"WebPage\",\"@id\":\"https:\/\/narteks.net\/index.php\/2011\/09\/28\/kavsakta\/\",\"url\":\"https:\/\/narteks.net\/index.php\/2011\/09\/28\/kavsakta\/\",\"name\":\"KAV\u015eAKTA - narteks.net\",\"isPartOf\":{\"@id\":\"https:\/\/narteks.net\/#website\"},\"datePublished\":\"2011-09-28T20:38:07+00:00\",\"breadcrumb\":{\"@id\":\"https:\/\/narteks.net\/index.php\/2011\/09\/28\/kavsakta\/#breadcrumb\"},\"inLanguage\":\"tr\",\"potentialAction\":[{\"@type\":\"ReadAction\",\"target\":[\"https:\/\/narteks.net\/index.php\/2011\/09\/28\/kavsakta\/\"]}]},{\"@type\":\"BreadcrumbList\",\"@id\":\"https:\/\/narteks.net\/index.php\/2011\/09\/28\/kavsakta\/#breadcrumb\",\"itemListElement\":[{\"@type\":\"ListItem\",\"position\":1,\"name\":\"Anasayfa\",\"item\":\"https:\/\/narteks.net\/\"},{\"@type\":\"ListItem\",\"position\":2,\"name\":\"KAV\u015eAKTA\"}]},{\"@type\":\"WebSite\",\"@id\":\"https:\/\/narteks.net\/#website\",\"url\":\"https:\/\/narteks.net\/\",\"name\":\"narteks.net\",\"description\":\"K\u00fclt\u00fcr Sanat Edebiyat Felsefe\",\"publisher\":{\"@id\":\"https:\/\/narteks.net\/#organization\"},\"alternateName\":\"K\u00fclt\u00fcr Sanat Edebiyat Felsefe\",\"potentialAction\":[{\"@type\":\"SearchAction\",\"target\":{\"@type\":\"EntryPoint\",\"urlTemplate\":\"https:\/\/narteks.net\/?s={search_term_string}\"},\"query-input\":{\"@type\":\"PropertyValueSpecification\",\"valueRequired\":true,\"valueName\":\"search_term_string\"}}],\"inLanguage\":\"tr\"},{\"@type\":\"Organization\",\"@id\":\"https:\/\/narteks.net\/#organization\",\"name\":\"narteks.net\",\"url\":\"https:\/\/narteks.net\/\",\"logo\":{\"@type\":\"ImageObject\",\"inLanguage\":\"tr\",\"@id\":\"https:\/\/narteks.net\/#\/schema\/logo\/image\/\",\"url\":\"https:\/\/narteks.net\/wp-content\/uploads\/narteks.png\",\"contentUrl\":\"https:\/\/narteks.net\/wp-content\/uploads\/narteks.png\",\"width\":300,\"height\":90,\"caption\":\"narteks.net\"},\"image\":{\"@id\":\"https:\/\/narteks.net\/#\/schema\/logo\/image\/\"},\"sameAs\":[\"https:\/\/x.com\/narteks\",\"https:\/\/instagram.com\/narteksnet\"]},{\"@type\":\"Person\",\"@id\":\"https:\/\/narteks.net\/#\/schema\/person\/61f37d9834294b72d31d274e7ed79bca\",\"name\":\"Tar\u0131k\",\"image\":{\"@type\":\"ImageObject\",\"inLanguage\":\"tr\",\"@id\":\"https:\/\/narteks.net\/#\/schema\/person\/image\/\",\"url\":\"https:\/\/secure.gravatar.com\/avatar\/50865afb55632c4ae467e0af0930f6510aa2297d8014be502a55b14f3b7550cf?s=96&d=mm&r=g\",\"contentUrl\":\"https:\/\/secure.gravatar.com\/avatar\/50865afb55632c4ae467e0af0930f6510aa2297d8014be502a55b14f3b7550cf?s=96&d=mm&r=g\",\"caption\":\"Tar\u0131k\"},\"sameAs\":[\"http:\/\/narteks.net\"],\"url\":\"https:\/\/narteks.net\/index.php\/author\/narbak\/\"}]}<\/script>\n<!-- \/ Yoast SEO Premium plugin. -->","yoast_head_json":{"title":"KAV\u015eAKTA - narteks.net","robots":{"index":"index","follow":"follow","max-snippet":"max-snippet:-1","max-image-preview":"max-image-preview:large","max-video-preview":"max-video-preview:-1"},"canonical":"https:\/\/narteks.net\/index.php\/2011\/09\/28\/kavsakta\/","og_locale":"tr_TR","og_type":"article","og_title":"KAV\u015eAKTA","og_description":"\u00a0 art\u0131k gelince biliyorum,\u00f6nceleri korkard\u0131m\u015f\u00f6yle ufak bir \u015fey, sudan ka\u00e7m\u0131\u015f ay\u0131\u015f\u0131\u011f\u0131otuzbe\u015fbin atl\u0131n\u0131n da\u011fdan gelen yank\u0131s\u0131\u00f6nceleri a\u00e7\u0131l\u0131p gider san\u0131rd\u0131m her \u015feyiher \u015feyi a\u00e7\u0131l\u0131p gider san\u0131rd\u0131m,bir kez \u015fiire konmu\u015fsamenek\u015feler, bademler, b\u00fcy\u00fck adamlar,kutsal olan ne varsa\u015fimdi bir \u00e7eki\u00e7 ve bir alan yetiyor \u00e7aresizli\u011fi anlamaya\u00f6rne\u011fin bir eczanede bir koku duyuyorumtamam. oysa ben eczaneye bir ila\u00e7 i\u00e7in girmi\u015ftimsirozluyum, ya da [&hellip;]","og_url":"https:\/\/narteks.net\/index.php\/2011\/09\/28\/kavsakta\/","og_site_name":"narteks.net","article_published_time":"2011-09-28T20:38:07+00:00","og_image":[{"width":300,"height":90,"url":"https:\/\/narteks.net\/wp-content\/uploads\/narteks.png","type":"image\/png"}],"author":"Tar\u0131k","twitter_card":"summary_large_image","twitter_creator":"@narteks","twitter_site":"@narteks","twitter_misc":{"Yazan:":"Tar\u0131k","Tahmini okuma s\u00fcresi":"1 dakika"},"schema":{"@context":"https:\/\/schema.org","@graph":[{"@type":"Article","@id":"https:\/\/narteks.net\/index.php\/2011\/09\/28\/kavsakta\/#article","isPartOf":{"@id":"https:\/\/narteks.net\/index.php\/2011\/09\/28\/kavsakta\/"},"author":{"name":"Tar\u0131k","@id":"https:\/\/narteks.net\/#\/schema\/person\/61f37d9834294b72d31d274e7ed79bca"},"headline":"KAV\u015eAKTA","datePublished":"2011-09-28T20:38:07+00:00","mainEntityOfPage":{"@id":"https:\/\/narteks.net\/index.php\/2011\/09\/28\/kavsakta\/"},"wordCount":266,"commentCount":0,"publisher":{"@id":"https:\/\/narteks.net\/#organization"},"articleSection":["Turgut UYAR"],"inLanguage":"tr","potentialAction":[{"@type":"CommentAction","name":"Comment","target":["https:\/\/narteks.net\/index.php\/2011\/09\/28\/kavsakta\/#respond"]}]},{"@type":"WebPage","@id":"https:\/\/narteks.net\/index.php\/2011\/09\/28\/kavsakta\/","url":"https:\/\/narteks.net\/index.php\/2011\/09\/28\/kavsakta\/","name":"KAV\u015eAKTA - narteks.net","isPartOf":{"@id":"https:\/\/narteks.net\/#website"},"datePublished":"2011-09-28T20:38:07+00:00","breadcrumb":{"@id":"https:\/\/narteks.net\/index.php\/2011\/09\/28\/kavsakta\/#breadcrumb"},"inLanguage":"tr","potentialAction":[{"@type":"ReadAction","target":["https:\/\/narteks.net\/index.php\/2011\/09\/28\/kavsakta\/"]}]},{"@type":"BreadcrumbList","@id":"https:\/\/narteks.net\/index.php\/2011\/09\/28\/kavsakta\/#breadcrumb","itemListElement":[{"@type":"ListItem","position":1,"name":"Anasayfa","item":"https:\/\/narteks.net\/"},{"@type":"ListItem","position":2,"name":"KAV\u015eAKTA"}]},{"@type":"WebSite","@id":"https:\/\/narteks.net\/#website","url":"https:\/\/narteks.net\/","name":"narteks.net","description":"K\u00fclt\u00fcr Sanat Edebiyat Felsefe","publisher":{"@id":"https:\/\/narteks.net\/#organization"},"alternateName":"K\u00fclt\u00fcr Sanat Edebiyat Felsefe","potentialAction":[{"@type":"SearchAction","target":{"@type":"EntryPoint","urlTemplate":"https:\/\/narteks.net\/?s={search_term_string}"},"query-input":{"@type":"PropertyValueSpecification","valueRequired":true,"valueName":"search_term_string"}}],"inLanguage":"tr"},{"@type":"Organization","@id":"https:\/\/narteks.net\/#organization","name":"narteks.net","url":"https:\/\/narteks.net\/","logo":{"@type":"ImageObject","inLanguage":"tr","@id":"https:\/\/narteks.net\/#\/schema\/logo\/image\/","url":"https:\/\/narteks.net\/wp-content\/uploads\/narteks.png","contentUrl":"https:\/\/narteks.net\/wp-content\/uploads\/narteks.png","width":300,"height":90,"caption":"narteks.net"},"image":{"@id":"https:\/\/narteks.net\/#\/schema\/logo\/image\/"},"sameAs":["https:\/\/x.com\/narteks","https:\/\/instagram.com\/narteksnet"]},{"@type":"Person","@id":"https:\/\/narteks.net\/#\/schema\/person\/61f37d9834294b72d31d274e7ed79bca","name":"Tar\u0131k","image":{"@type":"ImageObject","inLanguage":"tr","@id":"https:\/\/narteks.net\/#\/schema\/person\/image\/","url":"https:\/\/secure.gravatar.com\/avatar\/50865afb55632c4ae467e0af0930f6510aa2297d8014be502a55b14f3b7550cf?s=96&d=mm&r=g","contentUrl":"https:\/\/secure.gravatar.com\/avatar\/50865afb55632c4ae467e0af0930f6510aa2297d8014be502a55b14f3b7550cf?s=96&d=mm&r=g","caption":"Tar\u0131k"},"sameAs":["http:\/\/narteks.net"],"url":"https:\/\/narteks.net\/index.php\/author\/narbak\/"}]}},"_links":{"self":[{"href":"https:\/\/narteks.net\/index.php\/wp-json\/wp\/v2\/posts\/6743","targetHints":{"allow":["GET"]}}],"collection":[{"href":"https:\/\/narteks.net\/index.php\/wp-json\/wp\/v2\/posts"}],"about":[{"href":"https:\/\/narteks.net\/index.php\/wp-json\/wp\/v2\/types\/post"}],"author":[{"embeddable":true,"href":"https:\/\/narteks.net\/index.php\/wp-json\/wp\/v2\/users\/1"}],"replies":[{"embeddable":true,"href":"https:\/\/narteks.net\/index.php\/wp-json\/wp\/v2\/comments?post=6743"}],"version-history":[{"count":0,"href":"https:\/\/narteks.net\/index.php\/wp-json\/wp\/v2\/posts\/6743\/revisions"}],"wp:attachment":[{"href":"https:\/\/narteks.net\/index.php\/wp-json\/wp\/v2\/media?parent=6743"}],"wp:term":[{"taxonomy":"category","embeddable":true,"href":"https:\/\/narteks.net\/index.php\/wp-json\/wp\/v2\/categories?post=6743"},{"taxonomy":"post_tag","embeddable":true,"href":"https:\/\/narteks.net\/index.php\/wp-json\/wp\/v2\/tags?post=6743"}],"curies":[{"name":"wp","href":"https:\/\/api.w.org\/{rel}","templated":true}]}}