{"id":6744,"date":"2011-09-28T23:40:36","date_gmt":"2011-09-28T20:40:36","guid":{"rendered":"http:\/\/localhost\/wordpress\/2011\/09\/28\/palyaco\/"},"modified":"2011-09-28T23:40:36","modified_gmt":"2011-09-28T20:40:36","slug":"palyaco","status":"publish","type":"post","link":"https:\/\/narteks.net\/index.php\/2011\/09\/28\/palyaco\/","title":{"rendered":"PALYA\u00c7O"},"content":{"rendered":"<p>1.<\/p>\n<p>ka\u00e7 ki\u015fiyi \u00f6ld\u00fcrd\u00fcm d\u00fc\u015flerimde<br \/>ka\u00e7 kilo \u00e7ekerdi yaln\u0131zl\u0131k<br \/>ka\u00e7 kere ezildim alt\u0131nda<br \/>yaz ya\u011fmurlar\u0131n\u0131n<\/p>\n<p>belki de palya\u00e7olar a\u011flard\u0131 pazartesi sabahlar\u0131<br \/>her sirk geldi\u011finde a\u011flamakl\u0131 olurduk<br \/>hep a\u011flamakl\u0131 olurduk g\u00fcl\u00fcnecek halimize<\/p>\n<p>kim sevmezdi \u00e7i\u00e7ekleri filan<br \/>&#8220;ben sevmezdim&#8221; dedim, &#8220;yalan&#8221; dedi<\/p>\n<p>bunu palya\u00e7o s\u00f6yledi,<br \/>palya\u00e7o s\u00f6yledi ben yazd\u0131m<br \/>yazd\u0131m, yazmasam a\u011flayacakt\u0131m<\/p>\n<p>herkes a\u011flarm\u0131\u015f biraz, ben de a\u011flad\u0131m<br \/>s\u0131rf bu y\u00fczden mi a\u011flad\u0131m<br \/>al\u00e7akl\u0131k gibi bir \u015fey oldu bu biraz<\/p>\n<p>biraz birazd\u0131m her \u015feyden<br \/>d\u00fcn biraz sinirlenmi\u015ftim mesela<br \/>yar\u0131n bir kad\u0131n\u0131 sevece\u011fim biraz<br \/>biraz biraz k\u00f6r oldum b\u00fcg\u00fcnlerde<\/p>\n<p>ama rak\u0131 kadehlerini bo\u015faltmay\u0131n<br \/>eksilmesin hi\u00e7bir \u015fey<br \/>hi\u00e7bir \u015feyden dahi olsa<br \/>kals\u0131n biraz<\/p>\n<p>2.<\/p>\n<p>umursam\u0131yorum y\u0131lg\u0131nl\u0131\u011f\u0131m\u0131 filan<br \/>\u00e7\u00fcnk\u00fc sessizce ya\u015fanmal\u0131 her \u015fey<br \/>bir devrim sessizce olmal\u0131 mesela<br \/>ve her s\u00f6zc\u00fc\u011f\u00fcne inanmal\u0131 bir palya\u00e7onun<\/p>\n<p>bir palya\u00e7o neden yalan s\u00f6ylesin ki<br \/>ben palya\u00e7o olsayd\u0131m s\u00f6ylemezdim<br \/>marangoz olsayd\u0131m da s\u00f6ylemezdim<br \/>ben insan olsayd\u0131m yalan s\u00f6ylemezdim!<\/p>\n<p>hem nereden \u00e7\u0131kard\u0131n\u0131z palya\u00e7onun yaln\u0131zl\u0131\u011f\u0131n\u0131<br \/>ka\u00e7 kilo \u00e7eker ki bir palya\u00e7o<br \/>hem neden y\u00fcz\u00fcme vuruyorsunuz<br \/>bir \u00e7irkin \u00f6rdek yavrusu oldu\u011fumu<\/p>\n<p>gocunmam ki ben, ben gocunmam<br \/>bir palya\u00e7o ne kadar gocunmazsa<br \/>o kadar, o kadar gocunmam i\u015fte<\/p>\n<p>rak\u0131 doldurun! eksilmesin<\/p>\n<p>3.<\/p>\n<p>bitmedi, yazaca\u011f\u0131m daha<br \/>yazmazsam a\u011flayaca\u011f\u0131m \u00e7\u00fcnk\u00fc<br \/>al\u00e7ak\u00e7a olacak biraz<\/p>\n<p>hem biz o zaman kimdik ki, nerelere giderdik<br \/>her sokakta biraz daha eksilirdik<br \/>bilirdim, geceleri puslu puslu olurdu bazen<br \/>bazen birisi f\u0131s\u0131ldarm\u0131\u015f gibi olurdu<br \/>&#8220;duyamad\u0131m&#8221;, derdim, &#8220;tekrar et!&#8221;<br \/>sessizli\u011fe b\u00fcr\u00fcn\u00fcrd\u00fc o vakit her \u015fey<br \/>sokaklar daha bir puslu<br \/>palya\u00e7olar daha bir a\u011flamakl\u0131 olurdu<br \/>ve ben daha bir al\u00e7ak olurdum<br \/>a\u011flard\u0131m biraz<\/p>\n<p>hem sen kimsin, \u00e7eki\u015ftirme diyorum<br \/>hatta kuyru\u011fuma basma diyorum<br \/>ac\u0131yor, t\u0131rmalar\u0131m,-<br \/>diyorum<\/p>\n<p>kahrol, kahrol!<br \/>diyorum<\/p>\n<p>4.<\/p>\n<p>ge\u00e7en g\u00fcn y\u00fcz\u00fcme rastlad\u0131m bir ilan panosunda<br \/>korktum birden, kusacak gibi oldum<br \/>&#8220;olur \u00f6yle&#8221; dedi palya\u00e7o,<br \/>&#8220;herkes al\u00e7akt\u0131r biraz&#8221;<br \/>&#8220;otur ulan!&#8221; dedim, ba\u011f\u0131rd\u0131m ona<br \/>ben bazen ba\u011f\u0131r\u0131r\u0131m biraz<\/p>\n<p>&#8220;rak\u0131 doldur!&#8221; dedim, &#8220;eksilmesin!&#8221;<br \/>ben bazen eksilirim biraz<br \/>asl\u0131nda hepimiz eksilirmi\u015fiz biraz<br \/>bunu sonradan \u00f6\u011frendim<\/p>\n<p>ben asl\u0131nda her \u015feyi sonradan \u00f6\u011frendim<br \/>herkes herkesi sonradan \u00f6\u011frenirmi\u015f<br \/>bunu da sonradan \u00f6\u011frendim<\/p>\n<p>\u00f6rne\u011fin;<\/p>\n<p>ge\u00e7en g\u00fcn bir kad\u0131nla sevi\u015ftim<br \/>biraz de\u011fil \u00e7ok sevi\u015ftim<\/p>\n<p>ya i\u015fte \u00f6yle palya\u00e7o<br \/>diyorum ki,<br \/>bunu da yeni \u00f6\u011frendim<br \/>sevi\u015fmek de eksilmekmi\u015f biraz<\/p>\n<p>5.<\/p>\n<p>kim sevmezdi ki ku\u015f \u00f6t\u00fc\u015flerini filan<br \/>&#8220;ben sevmezdim&#8221; dedim, &#8220;yalan&#8221;<br \/>dedi<br \/>bunu palya\u00e7o s\u00f6yledi<br \/>palya\u00e7o s\u00f6yledi, ben yazd\u0131m<br \/>yazmasam, al\u00e7ak olacakt\u0131m<br \/>hem ben roman da yazd\u0131m biraz<\/p>\n<p>bazen diyorum ki, palya\u00e7o,<br \/>sen olmasan ben ne yapar\u0131m<br \/>al\u00e7ak\u00e7a eksilirim belki biraz<br \/>her ya\u011fmur ya\u011f\u0131\u015f\u0131nda yerindi dibine girerim<br \/>hi\u00e7bir kad\u0131n\u0131n kas\u0131klar\u0131n\u0131 \u00f6pemem belki<br \/>ya da unuturum sonradan \u00f6\u011frendiklerimi<\/p>\n<p>biraz biraz anl\u0131yorum ki,<br \/>y\u00fczler eller, o terli v\u00fccutlar filan<br \/>her \u015fey plastikmi\u015f biraz<\/p>\n<p>6.<\/p>\n<p>haydi sirtaki yapal\u0131m palya\u00e7o<br \/>rak\u0131 doldur, yine eksildik biraz<\/p>\n<p>Turgut UYAR<\/p>\n","protected":false},"excerpt":{"rendered":"<p>1. ka\u00e7 ki\u015fiyi \u00f6ld\u00fcrd\u00fcm d\u00fc\u015flerimdeka\u00e7 kilo \u00e7ekerdi yaln\u0131zl\u0131kka\u00e7 kere ezildim alt\u0131ndayaz ya\u011fmurlar\u0131n\u0131n belki de palya\u00e7olar a\u011flard\u0131 pazartesi sabahlar\u0131her sirk geldi\u011finde a\u011flamakl\u0131 olurdukhep a\u011flamakl\u0131 olurduk g\u00fcl\u00fcnecek halimize kim sevmezdi \u00e7i\u00e7ekleri filan&#8220;ben sevmezdim&#8221; dedim, &#8220;yalan&#8221; dedi bunu palya\u00e7o s\u00f6yledi,palya\u00e7o s\u00f6yledi ben yazd\u0131myazd\u0131m, yazmasam a\u011flayacakt\u0131m herkes a\u011flarm\u0131\u015f biraz, ben de a\u011flad\u0131ms\u0131rf bu y\u00fczden mi a\u011flad\u0131mal\u00e7akl\u0131k gibi bir \u015fey [&hellip;]<\/p>\n","protected":false},"author":1,"featured_media":0,"comment_status":"open","ping_status":"open","sticky":false,"template":"","format":"standard","meta":{"footnotes":""},"categories":[65],"tags":[],"class_list":{"0":"post-6744","1":"post","2":"type-post","3":"status-publish","4":"format-standard","6":"category-turgut-uyar"},"yoast_head":"<!-- This site is optimized with the Yoast SEO Premium plugin v24.9 (Yoast SEO v24.9) - https:\/\/yoast.com\/wordpress\/plugins\/seo\/ -->\n<title>PALYA\u00c7O - narteks.net<\/title>\n<meta name=\"robots\" content=\"index, follow, max-snippet:-1, max-image-preview:large, max-video-preview:-1\" \/>\n<link rel=\"canonical\" href=\"https:\/\/narteks.net\/index.php\/2011\/09\/28\/palyaco\/\" \/>\n<meta property=\"og:locale\" content=\"tr_TR\" \/>\n<meta property=\"og:type\" content=\"article\" \/>\n<meta property=\"og:title\" content=\"PALYA\u00c7O\" \/>\n<meta property=\"og:description\" content=\"1. ka\u00e7 ki\u015fiyi \u00f6ld\u00fcrd\u00fcm d\u00fc\u015flerimdeka\u00e7 kilo \u00e7ekerdi yaln\u0131zl\u0131kka\u00e7 kere ezildim alt\u0131ndayaz ya\u011fmurlar\u0131n\u0131n belki de palya\u00e7olar a\u011flard\u0131 pazartesi sabahlar\u0131her sirk geldi\u011finde a\u011flamakl\u0131 olurdukhep a\u011flamakl\u0131 olurduk g\u00fcl\u00fcnecek halimize kim sevmezdi \u00e7i\u00e7ekleri filan&#8220;ben sevmezdim&#8221; dedim, &#8220;yalan&#8221; dedi bunu palya\u00e7o s\u00f6yledi,palya\u00e7o s\u00f6yledi ben yazd\u0131myazd\u0131m, yazmasam a\u011flayacakt\u0131m herkes a\u011flarm\u0131\u015f biraz, ben de a\u011flad\u0131ms\u0131rf bu y\u00fczden mi a\u011flad\u0131mal\u00e7akl\u0131k gibi bir \u015fey [&hellip;]\" \/>\n<meta property=\"og:url\" content=\"https:\/\/narteks.net\/index.php\/2011\/09\/28\/palyaco\/\" \/>\n<meta property=\"og:site_name\" content=\"narteks.net\" \/>\n<meta property=\"article:published_time\" content=\"2011-09-28T20:40:36+00:00\" \/>\n<meta property=\"og:image\" content=\"https:\/\/narteks.net\/wp-content\/uploads\/narteks.png\" \/>\n\t<meta property=\"og:image:width\" content=\"300\" \/>\n\t<meta property=\"og:image:height\" content=\"90\" \/>\n\t<meta property=\"og:image:type\" content=\"image\/png\" \/>\n<meta name=\"author\" content=\"Tar\u0131k\" \/>\n<meta name=\"twitter:card\" content=\"summary_large_image\" \/>\n<meta name=\"twitter:creator\" content=\"@narteks\" \/>\n<meta name=\"twitter:site\" content=\"@narteks\" \/>\n<meta name=\"twitter:label1\" content=\"Yazan:\" \/>\n\t<meta name=\"twitter:data1\" content=\"Tar\u0131k\" \/>\n\t<meta name=\"twitter:label2\" content=\"Tahmini okuma s\u00fcresi\" \/>\n\t<meta name=\"twitter:data2\" content=\"2 dakika\" \/>\n<script type=\"application\/ld+json\" class=\"yoast-schema-graph\">{\"@context\":\"https:\/\/schema.org\",\"@graph\":[{\"@type\":\"Article\",\"@id\":\"https:\/\/narteks.net\/index.php\/2011\/09\/28\/palyaco\/#article\",\"isPartOf\":{\"@id\":\"https:\/\/narteks.net\/index.php\/2011\/09\/28\/palyaco\/\"},\"author\":{\"name\":\"Tar\u0131k\",\"@id\":\"https:\/\/narteks.net\/#\/schema\/person\/61f37d9834294b72d31d274e7ed79bca\"},\"headline\":\"PALYA\u00c7O\",\"datePublished\":\"2011-09-28T20:40:36+00:00\",\"mainEntityOfPage\":{\"@id\":\"https:\/\/narteks.net\/index.php\/2011\/09\/28\/palyaco\/\"},\"wordCount\":514,\"commentCount\":0,\"publisher\":{\"@id\":\"https:\/\/narteks.net\/#organization\"},\"articleSection\":[\"Turgut UYAR\"],\"inLanguage\":\"tr\",\"potentialAction\":[{\"@type\":\"CommentAction\",\"name\":\"Comment\",\"target\":[\"https:\/\/narteks.net\/index.php\/2011\/09\/28\/palyaco\/#respond\"]}]},{\"@type\":\"WebPage\",\"@id\":\"https:\/\/narteks.net\/index.php\/2011\/09\/28\/palyaco\/\",\"url\":\"https:\/\/narteks.net\/index.php\/2011\/09\/28\/palyaco\/\",\"name\":\"PALYA\u00c7O - narteks.net\",\"isPartOf\":{\"@id\":\"https:\/\/narteks.net\/#website\"},\"datePublished\":\"2011-09-28T20:40:36+00:00\",\"breadcrumb\":{\"@id\":\"https:\/\/narteks.net\/index.php\/2011\/09\/28\/palyaco\/#breadcrumb\"},\"inLanguage\":\"tr\",\"potentialAction\":[{\"@type\":\"ReadAction\",\"target\":[\"https:\/\/narteks.net\/index.php\/2011\/09\/28\/palyaco\/\"]}]},{\"@type\":\"BreadcrumbList\",\"@id\":\"https:\/\/narteks.net\/index.php\/2011\/09\/28\/palyaco\/#breadcrumb\",\"itemListElement\":[{\"@type\":\"ListItem\",\"position\":1,\"name\":\"Anasayfa\",\"item\":\"https:\/\/narteks.net\/\"},{\"@type\":\"ListItem\",\"position\":2,\"name\":\"PALYA\u00c7O\"}]},{\"@type\":\"WebSite\",\"@id\":\"https:\/\/narteks.net\/#website\",\"url\":\"https:\/\/narteks.net\/\",\"name\":\"narteks.net\",\"description\":\"K\u00fclt\u00fcr Sanat Edebiyat Felsefe\",\"publisher\":{\"@id\":\"https:\/\/narteks.net\/#organization\"},\"alternateName\":\"K\u00fclt\u00fcr Sanat Edebiyat Felsefe\",\"potentialAction\":[{\"@type\":\"SearchAction\",\"target\":{\"@type\":\"EntryPoint\",\"urlTemplate\":\"https:\/\/narteks.net\/?s={search_term_string}\"},\"query-input\":{\"@type\":\"PropertyValueSpecification\",\"valueRequired\":true,\"valueName\":\"search_term_string\"}}],\"inLanguage\":\"tr\"},{\"@type\":\"Organization\",\"@id\":\"https:\/\/narteks.net\/#organization\",\"name\":\"narteks.net\",\"url\":\"https:\/\/narteks.net\/\",\"logo\":{\"@type\":\"ImageObject\",\"inLanguage\":\"tr\",\"@id\":\"https:\/\/narteks.net\/#\/schema\/logo\/image\/\",\"url\":\"https:\/\/narteks.net\/wp-content\/uploads\/narteks.png\",\"contentUrl\":\"https:\/\/narteks.net\/wp-content\/uploads\/narteks.png\",\"width\":300,\"height\":90,\"caption\":\"narteks.net\"},\"image\":{\"@id\":\"https:\/\/narteks.net\/#\/schema\/logo\/image\/\"},\"sameAs\":[\"https:\/\/x.com\/narteks\",\"https:\/\/instagram.com\/narteksnet\"]},{\"@type\":\"Person\",\"@id\":\"https:\/\/narteks.net\/#\/schema\/person\/61f37d9834294b72d31d274e7ed79bca\",\"name\":\"Tar\u0131k\",\"image\":{\"@type\":\"ImageObject\",\"inLanguage\":\"tr\",\"@id\":\"https:\/\/narteks.net\/#\/schema\/person\/image\/\",\"url\":\"https:\/\/secure.gravatar.com\/avatar\/50865afb55632c4ae467e0af0930f6510aa2297d8014be502a55b14f3b7550cf?s=96&d=mm&r=g\",\"contentUrl\":\"https:\/\/secure.gravatar.com\/avatar\/50865afb55632c4ae467e0af0930f6510aa2297d8014be502a55b14f3b7550cf?s=96&d=mm&r=g\",\"caption\":\"Tar\u0131k\"},\"sameAs\":[\"http:\/\/narteks.net\"],\"url\":\"https:\/\/narteks.net\/index.php\/author\/narbak\/\"}]}<\/script>\n<!-- \/ Yoast SEO Premium plugin. -->","yoast_head_json":{"title":"PALYA\u00c7O - narteks.net","robots":{"index":"index","follow":"follow","max-snippet":"max-snippet:-1","max-image-preview":"max-image-preview:large","max-video-preview":"max-video-preview:-1"},"canonical":"https:\/\/narteks.net\/index.php\/2011\/09\/28\/palyaco\/","og_locale":"tr_TR","og_type":"article","og_title":"PALYA\u00c7O","og_description":"1. ka\u00e7 ki\u015fiyi \u00f6ld\u00fcrd\u00fcm d\u00fc\u015flerimdeka\u00e7 kilo \u00e7ekerdi yaln\u0131zl\u0131kka\u00e7 kere ezildim alt\u0131ndayaz ya\u011fmurlar\u0131n\u0131n belki de palya\u00e7olar a\u011flard\u0131 pazartesi sabahlar\u0131her sirk geldi\u011finde a\u011flamakl\u0131 olurdukhep a\u011flamakl\u0131 olurduk g\u00fcl\u00fcnecek halimize kim sevmezdi \u00e7i\u00e7ekleri filan&#8220;ben sevmezdim&#8221; dedim, &#8220;yalan&#8221; dedi bunu palya\u00e7o s\u00f6yledi,palya\u00e7o s\u00f6yledi ben yazd\u0131myazd\u0131m, yazmasam a\u011flayacakt\u0131m herkes a\u011flarm\u0131\u015f biraz, ben de a\u011flad\u0131ms\u0131rf bu y\u00fczden mi a\u011flad\u0131mal\u00e7akl\u0131k gibi bir \u015fey [&hellip;]","og_url":"https:\/\/narteks.net\/index.php\/2011\/09\/28\/palyaco\/","og_site_name":"narteks.net","article_published_time":"2011-09-28T20:40:36+00:00","og_image":[{"width":300,"height":90,"url":"https:\/\/narteks.net\/wp-content\/uploads\/narteks.png","type":"image\/png"}],"author":"Tar\u0131k","twitter_card":"summary_large_image","twitter_creator":"@narteks","twitter_site":"@narteks","twitter_misc":{"Yazan:":"Tar\u0131k","Tahmini okuma s\u00fcresi":"2 dakika"},"schema":{"@context":"https:\/\/schema.org","@graph":[{"@type":"Article","@id":"https:\/\/narteks.net\/index.php\/2011\/09\/28\/palyaco\/#article","isPartOf":{"@id":"https:\/\/narteks.net\/index.php\/2011\/09\/28\/palyaco\/"},"author":{"name":"Tar\u0131k","@id":"https:\/\/narteks.net\/#\/schema\/person\/61f37d9834294b72d31d274e7ed79bca"},"headline":"PALYA\u00c7O","datePublished":"2011-09-28T20:40:36+00:00","mainEntityOfPage":{"@id":"https:\/\/narteks.net\/index.php\/2011\/09\/28\/palyaco\/"},"wordCount":514,"commentCount":0,"publisher":{"@id":"https:\/\/narteks.net\/#organization"},"articleSection":["Turgut UYAR"],"inLanguage":"tr","potentialAction":[{"@type":"CommentAction","name":"Comment","target":["https:\/\/narteks.net\/index.php\/2011\/09\/28\/palyaco\/#respond"]}]},{"@type":"WebPage","@id":"https:\/\/narteks.net\/index.php\/2011\/09\/28\/palyaco\/","url":"https:\/\/narteks.net\/index.php\/2011\/09\/28\/palyaco\/","name":"PALYA\u00c7O - narteks.net","isPartOf":{"@id":"https:\/\/narteks.net\/#website"},"datePublished":"2011-09-28T20:40:36+00:00","breadcrumb":{"@id":"https:\/\/narteks.net\/index.php\/2011\/09\/28\/palyaco\/#breadcrumb"},"inLanguage":"tr","potentialAction":[{"@type":"ReadAction","target":["https:\/\/narteks.net\/index.php\/2011\/09\/28\/palyaco\/"]}]},{"@type":"BreadcrumbList","@id":"https:\/\/narteks.net\/index.php\/2011\/09\/28\/palyaco\/#breadcrumb","itemListElement":[{"@type":"ListItem","position":1,"name":"Anasayfa","item":"https:\/\/narteks.net\/"},{"@type":"ListItem","position":2,"name":"PALYA\u00c7O"}]},{"@type":"WebSite","@id":"https:\/\/narteks.net\/#website","url":"https:\/\/narteks.net\/","name":"narteks.net","description":"K\u00fclt\u00fcr Sanat Edebiyat Felsefe","publisher":{"@id":"https:\/\/narteks.net\/#organization"},"alternateName":"K\u00fclt\u00fcr Sanat Edebiyat Felsefe","potentialAction":[{"@type":"SearchAction","target":{"@type":"EntryPoint","urlTemplate":"https:\/\/narteks.net\/?s={search_term_string}"},"query-input":{"@type":"PropertyValueSpecification","valueRequired":true,"valueName":"search_term_string"}}],"inLanguage":"tr"},{"@type":"Organization","@id":"https:\/\/narteks.net\/#organization","name":"narteks.net","url":"https:\/\/narteks.net\/","logo":{"@type":"ImageObject","inLanguage":"tr","@id":"https:\/\/narteks.net\/#\/schema\/logo\/image\/","url":"https:\/\/narteks.net\/wp-content\/uploads\/narteks.png","contentUrl":"https:\/\/narteks.net\/wp-content\/uploads\/narteks.png","width":300,"height":90,"caption":"narteks.net"},"image":{"@id":"https:\/\/narteks.net\/#\/schema\/logo\/image\/"},"sameAs":["https:\/\/x.com\/narteks","https:\/\/instagram.com\/narteksnet"]},{"@type":"Person","@id":"https:\/\/narteks.net\/#\/schema\/person\/61f37d9834294b72d31d274e7ed79bca","name":"Tar\u0131k","image":{"@type":"ImageObject","inLanguage":"tr","@id":"https:\/\/narteks.net\/#\/schema\/person\/image\/","url":"https:\/\/secure.gravatar.com\/avatar\/50865afb55632c4ae467e0af0930f6510aa2297d8014be502a55b14f3b7550cf?s=96&d=mm&r=g","contentUrl":"https:\/\/secure.gravatar.com\/avatar\/50865afb55632c4ae467e0af0930f6510aa2297d8014be502a55b14f3b7550cf?s=96&d=mm&r=g","caption":"Tar\u0131k"},"sameAs":["http:\/\/narteks.net"],"url":"https:\/\/narteks.net\/index.php\/author\/narbak\/"}]}},"_links":{"self":[{"href":"https:\/\/narteks.net\/index.php\/wp-json\/wp\/v2\/posts\/6744","targetHints":{"allow":["GET"]}}],"collection":[{"href":"https:\/\/narteks.net\/index.php\/wp-json\/wp\/v2\/posts"}],"about":[{"href":"https:\/\/narteks.net\/index.php\/wp-json\/wp\/v2\/types\/post"}],"author":[{"embeddable":true,"href":"https:\/\/narteks.net\/index.php\/wp-json\/wp\/v2\/users\/1"}],"replies":[{"embeddable":true,"href":"https:\/\/narteks.net\/index.php\/wp-json\/wp\/v2\/comments?post=6744"}],"version-history":[{"count":0,"href":"https:\/\/narteks.net\/index.php\/wp-json\/wp\/v2\/posts\/6744\/revisions"}],"wp:attachment":[{"href":"https:\/\/narteks.net\/index.php\/wp-json\/wp\/v2\/media?parent=6744"}],"wp:term":[{"taxonomy":"category","embeddable":true,"href":"https:\/\/narteks.net\/index.php\/wp-json\/wp\/v2\/categories?post=6744"},{"taxonomy":"post_tag","embeddable":true,"href":"https:\/\/narteks.net\/index.php\/wp-json\/wp\/v2\/tags?post=6744"}],"curies":[{"name":"wp","href":"https:\/\/api.w.org\/{rel}","templated":true}]}}