{"id":6754,"date":"2011-09-29T00:02:10","date_gmt":"2011-09-28T21:02:10","guid":{"rendered":"http:\/\/localhost\/wordpress\/2011\/09\/29\/cuma-2\/"},"modified":"2011-09-29T00:02:10","modified_gmt":"2011-09-28T21:02:10","slug":"cuma-2","status":"publish","type":"post","link":"https:\/\/narteks.net\/index.php\/2011\/09\/29\/cuma-2\/","title":{"rendered":"CUMA"},"content":{"rendered":"<p>ne s\u00f6ylenebilir! tam \u00e7a\u011f\u0131yd\u0131. ola\u011fand\u0131k.<br \/>sabahlarda s\u00fczg\u00fcnd\u00fck, ancak ak\u015famlarda vard\u0131k.<\/p>\n<p>ne s\u00f6ylenebilir! her \u015fey d\u00fczeliyor sand\u0131k.<br \/>odalarda \u00e7ok geni\u015f alanlarda dard\u0131k<br \/>hi\u00e7bir \u015feye yeterince inan\u0131lmadan. topland\u0131lar<br \/>orada biz de vard\u0131k.<\/p>\n<p>ne s\u00f6ylenebilir! tam \u00e7a\u011f\u0131yd\u0131. belli aldand\u0131k.<br \/>otlarla ye\u015ferdik, g\u00fcllerle sarard\u0131k.<br \/>bir uykudan doyarak uyan\u0131lmadan. topland\u0131lar<br \/>orada biz de vard\u0131k.<\/p>\n<p>ben sokaklar\u0131 severim. deniz boyunda<br \/>her \u015fey bir eskidir. ellerim ac\u0131r onlar\u0131 ta\u015f\u0131maktan<br \/>ben s\u00f6z\u00fcmona sokaklar\u0131 severim deniz boyunda<br \/>oysa ensem ve \u015fakaklar\u0131m d\u00f6k\u00fcld\u00fc ka\u015f\u0131maktan<br \/>bir genelgeyim, g\u00fcnd\u00fcz\u00fcm ve gecem bir<br \/>bir an\u0131 bile de\u011filim eski olmaktan.<\/p>\n<p>g\u00fcc\u00fcm tazelenmedi, surat\u0131m eski. y\u0131rt\u0131k.<br \/>her \u015feyleri b\u0131rakt\u0131m. geni\u015f k\u0131y\u0131lara dadand\u0131m.<br \/>a\u015fk diye geceleri \u00e7\u00f6z\u00fcmledim. aldand\u0131m.<br \/>hep tozlar\u0131 silkeledim \u00fcst\u00fcmden. hep<br \/>bir pantolon i\u00e7in d\u00f6rt kere \u015fehre indim<br \/>bayramlara haz\u0131rland\u0131m. sadece haz\u0131rland\u0131m.<\/p>\n<p>ne s\u00f6ylenebilir! tam \u00e7a\u011f\u0131yd\u0131. oyaland\u0131k<br \/>suyun, ate\u015fin, havan\u0131n topra\u011f\u0131n \u00e7al\u0131\u015fkanl\u0131\u011f\u0131na dald\u0131k.<br \/>bir ac\u0131ya kahramanca katlan\u0131lmadan. topland\u0131lar<br \/>orada biz de vard\u0131k<br \/>ve uzun uzad\u0131ya orada kald\u0131k.<\/p>\n<p>Turgut UYAR<\/p>\n","protected":false},"excerpt":{"rendered":"<p>ne s\u00f6ylenebilir! tam \u00e7a\u011f\u0131yd\u0131. ola\u011fand\u0131k.sabahlarda s\u00fczg\u00fcnd\u00fck, ancak ak\u015famlarda vard\u0131k. ne s\u00f6ylenebilir! her \u015fey d\u00fczeliyor sand\u0131k.odalarda \u00e7ok geni\u015f alanlarda dard\u0131khi\u00e7bir \u015feye yeterince inan\u0131lmadan. topland\u0131larorada biz de vard\u0131k. ne s\u00f6ylenebilir! tam \u00e7a\u011f\u0131yd\u0131. belli aldand\u0131k.otlarla ye\u015ferdik, g\u00fcllerle sarard\u0131k.bir uykudan doyarak uyan\u0131lmadan. topland\u0131larorada biz de vard\u0131k. ben sokaklar\u0131 severim. deniz boyundaher \u015fey bir eskidir. ellerim ac\u0131r onlar\u0131 ta\u015f\u0131maktanben s\u00f6z\u00fcmona [&hellip;]<\/p>\n","protected":false},"author":1,"featured_media":0,"comment_status":"open","ping_status":"open","sticky":false,"template":"","format":"standard","meta":{"footnotes":""},"categories":[65],"tags":[],"class_list":{"0":"post-6754","1":"post","2":"type-post","3":"status-publish","4":"format-standard","6":"category-turgut-uyar"},"yoast_head":"<!-- This site is optimized with the Yoast SEO Premium plugin v24.9 (Yoast SEO v24.9) - https:\/\/yoast.com\/wordpress\/plugins\/seo\/ -->\n<title>CUMA - narteks.net<\/title>\n<meta name=\"robots\" content=\"index, follow, max-snippet:-1, max-image-preview:large, max-video-preview:-1\" \/>\n<link rel=\"canonical\" href=\"https:\/\/narteks.net\/index.php\/2011\/09\/29\/cuma-2\/\" \/>\n<meta property=\"og:locale\" content=\"tr_TR\" \/>\n<meta property=\"og:type\" content=\"article\" \/>\n<meta property=\"og:title\" content=\"CUMA\" \/>\n<meta property=\"og:description\" content=\"ne s\u00f6ylenebilir! tam \u00e7a\u011f\u0131yd\u0131. ola\u011fand\u0131k.sabahlarda s\u00fczg\u00fcnd\u00fck, ancak ak\u015famlarda vard\u0131k. ne s\u00f6ylenebilir! her \u015fey d\u00fczeliyor sand\u0131k.odalarda \u00e7ok geni\u015f alanlarda dard\u0131khi\u00e7bir \u015feye yeterince inan\u0131lmadan. topland\u0131larorada biz de vard\u0131k. ne s\u00f6ylenebilir! tam \u00e7a\u011f\u0131yd\u0131. belli aldand\u0131k.otlarla ye\u015ferdik, g\u00fcllerle sarard\u0131k.bir uykudan doyarak uyan\u0131lmadan. topland\u0131larorada biz de vard\u0131k. ben sokaklar\u0131 severim. deniz boyundaher \u015fey bir eskidir. ellerim ac\u0131r onlar\u0131 ta\u015f\u0131maktanben s\u00f6z\u00fcmona [&hellip;]\" \/>\n<meta property=\"og:url\" content=\"https:\/\/narteks.net\/index.php\/2011\/09\/29\/cuma-2\/\" \/>\n<meta property=\"og:site_name\" content=\"narteks.net\" \/>\n<meta property=\"article:published_time\" content=\"2011-09-28T21:02:10+00:00\" \/>\n<meta property=\"og:image\" content=\"https:\/\/narteks.net\/wp-content\/uploads\/narteks.png\" \/>\n\t<meta property=\"og:image:width\" content=\"300\" \/>\n\t<meta property=\"og:image:height\" content=\"90\" \/>\n\t<meta property=\"og:image:type\" content=\"image\/png\" \/>\n<meta name=\"author\" content=\"Tar\u0131k\" \/>\n<meta name=\"twitter:card\" content=\"summary_large_image\" \/>\n<meta name=\"twitter:creator\" content=\"@narteks\" \/>\n<meta name=\"twitter:site\" content=\"@narteks\" \/>\n<meta name=\"twitter:label1\" content=\"Yazan:\" \/>\n\t<meta name=\"twitter:data1\" content=\"Tar\u0131k\" \/>\n\t<meta name=\"twitter:label2\" content=\"Tahmini okuma s\u00fcresi\" \/>\n\t<meta name=\"twitter:data2\" content=\"1 dakika\" \/>\n<script type=\"application\/ld+json\" class=\"yoast-schema-graph\">{\"@context\":\"https:\/\/schema.org\",\"@graph\":[{\"@type\":\"Article\",\"@id\":\"https:\/\/narteks.net\/index.php\/2011\/09\/29\/cuma-2\/#article\",\"isPartOf\":{\"@id\":\"https:\/\/narteks.net\/index.php\/2011\/09\/29\/cuma-2\/\"},\"author\":{\"name\":\"Tar\u0131k\",\"@id\":\"https:\/\/narteks.net\/#\/schema\/person\/61f37d9834294b72d31d274e7ed79bca\"},\"headline\":\"CUMA\",\"datePublished\":\"2011-09-28T21:02:10+00:00\",\"mainEntityOfPage\":{\"@id\":\"https:\/\/narteks.net\/index.php\/2011\/09\/29\/cuma-2\/\"},\"wordCount\":206,\"commentCount\":0,\"publisher\":{\"@id\":\"https:\/\/narteks.net\/#organization\"},\"articleSection\":[\"Turgut UYAR\"],\"inLanguage\":\"tr\",\"potentialAction\":[{\"@type\":\"CommentAction\",\"name\":\"Comment\",\"target\":[\"https:\/\/narteks.net\/index.php\/2011\/09\/29\/cuma-2\/#respond\"]}]},{\"@type\":\"WebPage\",\"@id\":\"https:\/\/narteks.net\/index.php\/2011\/09\/29\/cuma-2\/\",\"url\":\"https:\/\/narteks.net\/index.php\/2011\/09\/29\/cuma-2\/\",\"name\":\"CUMA - narteks.net\",\"isPartOf\":{\"@id\":\"https:\/\/narteks.net\/#website\"},\"datePublished\":\"2011-09-28T21:02:10+00:00\",\"breadcrumb\":{\"@id\":\"https:\/\/narteks.net\/index.php\/2011\/09\/29\/cuma-2\/#breadcrumb\"},\"inLanguage\":\"tr\",\"potentialAction\":[{\"@type\":\"ReadAction\",\"target\":[\"https:\/\/narteks.net\/index.php\/2011\/09\/29\/cuma-2\/\"]}]},{\"@type\":\"BreadcrumbList\",\"@id\":\"https:\/\/narteks.net\/index.php\/2011\/09\/29\/cuma-2\/#breadcrumb\",\"itemListElement\":[{\"@type\":\"ListItem\",\"position\":1,\"name\":\"Anasayfa\",\"item\":\"https:\/\/narteks.net\/\"},{\"@type\":\"ListItem\",\"position\":2,\"name\":\"CUMA\"}]},{\"@type\":\"WebSite\",\"@id\":\"https:\/\/narteks.net\/#website\",\"url\":\"https:\/\/narteks.net\/\",\"name\":\"narteks.net\",\"description\":\"K\u00fclt\u00fcr Sanat Edebiyat Felsefe\",\"publisher\":{\"@id\":\"https:\/\/narteks.net\/#organization\"},\"alternateName\":\"K\u00fclt\u00fcr Sanat Edebiyat Felsefe\",\"potentialAction\":[{\"@type\":\"SearchAction\",\"target\":{\"@type\":\"EntryPoint\",\"urlTemplate\":\"https:\/\/narteks.net\/?s={search_term_string}\"},\"query-input\":{\"@type\":\"PropertyValueSpecification\",\"valueRequired\":true,\"valueName\":\"search_term_string\"}}],\"inLanguage\":\"tr\"},{\"@type\":\"Organization\",\"@id\":\"https:\/\/narteks.net\/#organization\",\"name\":\"narteks.net\",\"url\":\"https:\/\/narteks.net\/\",\"logo\":{\"@type\":\"ImageObject\",\"inLanguage\":\"tr\",\"@id\":\"https:\/\/narteks.net\/#\/schema\/logo\/image\/\",\"url\":\"https:\/\/narteks.net\/wp-content\/uploads\/narteks.png\",\"contentUrl\":\"https:\/\/narteks.net\/wp-content\/uploads\/narteks.png\",\"width\":300,\"height\":90,\"caption\":\"narteks.net\"},\"image\":{\"@id\":\"https:\/\/narteks.net\/#\/schema\/logo\/image\/\"},\"sameAs\":[\"https:\/\/x.com\/narteks\",\"https:\/\/instagram.com\/narteksnet\"]},{\"@type\":\"Person\",\"@id\":\"https:\/\/narteks.net\/#\/schema\/person\/61f37d9834294b72d31d274e7ed79bca\",\"name\":\"Tar\u0131k\",\"image\":{\"@type\":\"ImageObject\",\"inLanguage\":\"tr\",\"@id\":\"https:\/\/narteks.net\/#\/schema\/person\/image\/\",\"url\":\"https:\/\/secure.gravatar.com\/avatar\/50865afb55632c4ae467e0af0930f6510aa2297d8014be502a55b14f3b7550cf?s=96&d=mm&r=g\",\"contentUrl\":\"https:\/\/secure.gravatar.com\/avatar\/50865afb55632c4ae467e0af0930f6510aa2297d8014be502a55b14f3b7550cf?s=96&d=mm&r=g\",\"caption\":\"Tar\u0131k\"},\"sameAs\":[\"http:\/\/narteks.net\"],\"url\":\"https:\/\/narteks.net\/index.php\/author\/narbak\/\"}]}<\/script>\n<!-- \/ Yoast SEO Premium plugin. -->","yoast_head_json":{"title":"CUMA - narteks.net","robots":{"index":"index","follow":"follow","max-snippet":"max-snippet:-1","max-image-preview":"max-image-preview:large","max-video-preview":"max-video-preview:-1"},"canonical":"https:\/\/narteks.net\/index.php\/2011\/09\/29\/cuma-2\/","og_locale":"tr_TR","og_type":"article","og_title":"CUMA","og_description":"ne s\u00f6ylenebilir! tam \u00e7a\u011f\u0131yd\u0131. ola\u011fand\u0131k.sabahlarda s\u00fczg\u00fcnd\u00fck, ancak ak\u015famlarda vard\u0131k. ne s\u00f6ylenebilir! her \u015fey d\u00fczeliyor sand\u0131k.odalarda \u00e7ok geni\u015f alanlarda dard\u0131khi\u00e7bir \u015feye yeterince inan\u0131lmadan. topland\u0131larorada biz de vard\u0131k. ne s\u00f6ylenebilir! tam \u00e7a\u011f\u0131yd\u0131. belli aldand\u0131k.otlarla ye\u015ferdik, g\u00fcllerle sarard\u0131k.bir uykudan doyarak uyan\u0131lmadan. topland\u0131larorada biz de vard\u0131k. ben sokaklar\u0131 severim. deniz boyundaher \u015fey bir eskidir. ellerim ac\u0131r onlar\u0131 ta\u015f\u0131maktanben s\u00f6z\u00fcmona [&hellip;]","og_url":"https:\/\/narteks.net\/index.php\/2011\/09\/29\/cuma-2\/","og_site_name":"narteks.net","article_published_time":"2011-09-28T21:02:10+00:00","og_image":[{"width":300,"height":90,"url":"https:\/\/narteks.net\/wp-content\/uploads\/narteks.png","type":"image\/png"}],"author":"Tar\u0131k","twitter_card":"summary_large_image","twitter_creator":"@narteks","twitter_site":"@narteks","twitter_misc":{"Yazan:":"Tar\u0131k","Tahmini okuma s\u00fcresi":"1 dakika"},"schema":{"@context":"https:\/\/schema.org","@graph":[{"@type":"Article","@id":"https:\/\/narteks.net\/index.php\/2011\/09\/29\/cuma-2\/#article","isPartOf":{"@id":"https:\/\/narteks.net\/index.php\/2011\/09\/29\/cuma-2\/"},"author":{"name":"Tar\u0131k","@id":"https:\/\/narteks.net\/#\/schema\/person\/61f37d9834294b72d31d274e7ed79bca"},"headline":"CUMA","datePublished":"2011-09-28T21:02:10+00:00","mainEntityOfPage":{"@id":"https:\/\/narteks.net\/index.php\/2011\/09\/29\/cuma-2\/"},"wordCount":206,"commentCount":0,"publisher":{"@id":"https:\/\/narteks.net\/#organization"},"articleSection":["Turgut UYAR"],"inLanguage":"tr","potentialAction":[{"@type":"CommentAction","name":"Comment","target":["https:\/\/narteks.net\/index.php\/2011\/09\/29\/cuma-2\/#respond"]}]},{"@type":"WebPage","@id":"https:\/\/narteks.net\/index.php\/2011\/09\/29\/cuma-2\/","url":"https:\/\/narteks.net\/index.php\/2011\/09\/29\/cuma-2\/","name":"CUMA - narteks.net","isPartOf":{"@id":"https:\/\/narteks.net\/#website"},"datePublished":"2011-09-28T21:02:10+00:00","breadcrumb":{"@id":"https:\/\/narteks.net\/index.php\/2011\/09\/29\/cuma-2\/#breadcrumb"},"inLanguage":"tr","potentialAction":[{"@type":"ReadAction","target":["https:\/\/narteks.net\/index.php\/2011\/09\/29\/cuma-2\/"]}]},{"@type":"BreadcrumbList","@id":"https:\/\/narteks.net\/index.php\/2011\/09\/29\/cuma-2\/#breadcrumb","itemListElement":[{"@type":"ListItem","position":1,"name":"Anasayfa","item":"https:\/\/narteks.net\/"},{"@type":"ListItem","position":2,"name":"CUMA"}]},{"@type":"WebSite","@id":"https:\/\/narteks.net\/#website","url":"https:\/\/narteks.net\/","name":"narteks.net","description":"K\u00fclt\u00fcr Sanat Edebiyat Felsefe","publisher":{"@id":"https:\/\/narteks.net\/#organization"},"alternateName":"K\u00fclt\u00fcr Sanat Edebiyat Felsefe","potentialAction":[{"@type":"SearchAction","target":{"@type":"EntryPoint","urlTemplate":"https:\/\/narteks.net\/?s={search_term_string}"},"query-input":{"@type":"PropertyValueSpecification","valueRequired":true,"valueName":"search_term_string"}}],"inLanguage":"tr"},{"@type":"Organization","@id":"https:\/\/narteks.net\/#organization","name":"narteks.net","url":"https:\/\/narteks.net\/","logo":{"@type":"ImageObject","inLanguage":"tr","@id":"https:\/\/narteks.net\/#\/schema\/logo\/image\/","url":"https:\/\/narteks.net\/wp-content\/uploads\/narteks.png","contentUrl":"https:\/\/narteks.net\/wp-content\/uploads\/narteks.png","width":300,"height":90,"caption":"narteks.net"},"image":{"@id":"https:\/\/narteks.net\/#\/schema\/logo\/image\/"},"sameAs":["https:\/\/x.com\/narteks","https:\/\/instagram.com\/narteksnet"]},{"@type":"Person","@id":"https:\/\/narteks.net\/#\/schema\/person\/61f37d9834294b72d31d274e7ed79bca","name":"Tar\u0131k","image":{"@type":"ImageObject","inLanguage":"tr","@id":"https:\/\/narteks.net\/#\/schema\/person\/image\/","url":"https:\/\/secure.gravatar.com\/avatar\/50865afb55632c4ae467e0af0930f6510aa2297d8014be502a55b14f3b7550cf?s=96&d=mm&r=g","contentUrl":"https:\/\/secure.gravatar.com\/avatar\/50865afb55632c4ae467e0af0930f6510aa2297d8014be502a55b14f3b7550cf?s=96&d=mm&r=g","caption":"Tar\u0131k"},"sameAs":["http:\/\/narteks.net"],"url":"https:\/\/narteks.net\/index.php\/author\/narbak\/"}]}},"_links":{"self":[{"href":"https:\/\/narteks.net\/index.php\/wp-json\/wp\/v2\/posts\/6754","targetHints":{"allow":["GET"]}}],"collection":[{"href":"https:\/\/narteks.net\/index.php\/wp-json\/wp\/v2\/posts"}],"about":[{"href":"https:\/\/narteks.net\/index.php\/wp-json\/wp\/v2\/types\/post"}],"author":[{"embeddable":true,"href":"https:\/\/narteks.net\/index.php\/wp-json\/wp\/v2\/users\/1"}],"replies":[{"embeddable":true,"href":"https:\/\/narteks.net\/index.php\/wp-json\/wp\/v2\/comments?post=6754"}],"version-history":[{"count":0,"href":"https:\/\/narteks.net\/index.php\/wp-json\/wp\/v2\/posts\/6754\/revisions"}],"wp:attachment":[{"href":"https:\/\/narteks.net\/index.php\/wp-json\/wp\/v2\/media?parent=6754"}],"wp:term":[{"taxonomy":"category","embeddable":true,"href":"https:\/\/narteks.net\/index.php\/wp-json\/wp\/v2\/categories?post=6754"},{"taxonomy":"post_tag","embeddable":true,"href":"https:\/\/narteks.net\/index.php\/wp-json\/wp\/v2\/tags?post=6754"}],"curies":[{"name":"wp","href":"https:\/\/api.w.org\/{rel}","templated":true}]}}