{"id":6757,"date":"2011-09-29T00:14:38","date_gmt":"2011-09-28T21:14:38","guid":{"rendered":"http:\/\/localhost\/wordpress\/2011\/09\/29\/tomris-uyar-icin-bir-siir-kurma-calismasi\/"},"modified":"2011-09-29T00:14:38","modified_gmt":"2011-09-28T21:14:38","slug":"tomris-uyar-icin-bir-siir-kurma-calismasi","status":"publish","type":"post","link":"https:\/\/narteks.net\/index.php\/2011\/09\/29\/tomris-uyar-icin-bir-siir-kurma-calismasi\/","title":{"rendered":"Tomris Uyar \u0130\u00e7in Bir \u015eiir Kurma \u00c7al\u0131\u015fmas\u0131"},"content":{"rendered":"<p>seni sonsuz bi\u00e7iminde buldum o bi\u00e7imi alm\u0131\u015ft\u0131n<br \/>sandvi\u00e7lerle, k\u00f6t\u00fc \u015fehirle, terle ba\u015fba\u015fa kalm\u0131\u015ft\u0131n<\/p>\n<p>y\u00fcr\u00fcd\u00fc \u00fcst\u00fcne herkesin neonu, herkesin babaannesi<br \/>herkesin en eski olan k\u00f6k\u00fc, en eski hanesi<\/p>\n<p>ye\u015fili bozup suya \u00e7evirdin, ak\u015fam\u0131 sonsuz uzatt\u0131n<br \/>ne buldunsa o ak\u015fama uygun, ne buldunsa ona katt\u0131n<\/p>\n<p>perdeler uzundu, r\u00fczgar k\u0131sa, masalar \u00fc\u00e7 bacakl\u0131<br \/>masalar d\u00f6rt bacakl\u0131, r\u00fczgarlar uzun, perdeleri k\u0131saltt\u0131n<\/p>\n<p>sen bir atmacan\u0131n en uzun \u00e7\u0131\u011fl\u0131\u011f\u0131s\u0131n her t\u00fcr g\u00f6kte<br \/>g\u00f6\u011f\u00fc b\u00fcy\u00fctt\u00fcn, otob\u00fcsleri ald\u0131n, \u015fehirleri ufaltt\u0131n<\/p>\n<p>y\u0131k\u0131lan bir kedi bir s\u00fcre olarak doldurur sesini<br \/>seversin bir kanaryan\u0131n sesinden \u00e7ok kendisini<\/p>\n<p>denizi ve orman\u0131, a\u00e7l\u0131\u011f\u0131 ve ba\u015fkald\u0131rmay\u0131 ay\u0131rmad\u0131n<br \/>b\u0131rak\u0131lm\u0131\u015f bir k\u00f6\u015feba\u015f\u0131n\u0131n en g\u00fczel tan\u0131m\u0131d\u0131r ad\u0131n<\/p>\n<p>seversin diye s\u00f6ylerim her \u015feyi, sana uygun olsun<br \/>\u00e7\u00fcnk\u00fc her \u015feyin birbirine uygununu sen bulursun<\/p>\n<p>gel ellerini ver en g\u00fczel ellerini \u00f6yle<br \/>ruhum, ate\u015f y\u00fcre\u011fim, kokum, birlikte \u00f6yle<\/p>\n<p>Turgut UYAR<\/p>\n","protected":false},"excerpt":{"rendered":"<p>seni sonsuz bi\u00e7iminde buldum o bi\u00e7imi alm\u0131\u015ft\u0131nsandvi\u00e7lerle, k\u00f6t\u00fc \u015fehirle, terle ba\u015fba\u015fa kalm\u0131\u015ft\u0131n y\u00fcr\u00fcd\u00fc \u00fcst\u00fcne herkesin neonu, herkesin babaannesiherkesin en eski olan k\u00f6k\u00fc, en eski hanesi ye\u015fili bozup suya \u00e7evirdin, ak\u015fam\u0131 sonsuz uzatt\u0131nne buldunsa o ak\u015fama uygun, ne buldunsa ona katt\u0131n perdeler uzundu, r\u00fczgar k\u0131sa, masalar \u00fc\u00e7 bacakl\u0131masalar d\u00f6rt bacakl\u0131, r\u00fczgarlar uzun, perdeleri k\u0131saltt\u0131n sen bir [&hellip;]<\/p>\n","protected":false},"author":1,"featured_media":0,"comment_status":"open","ping_status":"open","sticky":false,"template":"","format":"standard","meta":{"footnotes":""},"categories":[65],"tags":[],"class_list":{"0":"post-6757","1":"post","2":"type-post","3":"status-publish","4":"format-standard","6":"category-turgut-uyar"},"yoast_head":"<!-- This site is optimized with the Yoast SEO Premium plugin v24.9 (Yoast SEO v24.9) - https:\/\/yoast.com\/wordpress\/plugins\/seo\/ -->\n<title>Tomris Uyar \u0130\u00e7in Bir \u015eiir Kurma \u00c7al\u0131\u015fmas\u0131 - narteks.net<\/title>\n<meta name=\"robots\" content=\"index, follow, max-snippet:-1, max-image-preview:large, max-video-preview:-1\" \/>\n<link rel=\"canonical\" href=\"https:\/\/narteks.net\/index.php\/2011\/09\/29\/tomris-uyar-icin-bir-siir-kurma-calismasi\/\" \/>\n<meta property=\"og:locale\" content=\"tr_TR\" \/>\n<meta property=\"og:type\" content=\"article\" \/>\n<meta property=\"og:title\" content=\"Tomris Uyar \u0130\u00e7in Bir \u015eiir Kurma \u00c7al\u0131\u015fmas\u0131\" \/>\n<meta property=\"og:description\" content=\"seni sonsuz bi\u00e7iminde buldum o bi\u00e7imi alm\u0131\u015ft\u0131nsandvi\u00e7lerle, k\u00f6t\u00fc \u015fehirle, terle ba\u015fba\u015fa kalm\u0131\u015ft\u0131n y\u00fcr\u00fcd\u00fc \u00fcst\u00fcne herkesin neonu, herkesin babaannesiherkesin en eski olan k\u00f6k\u00fc, en eski hanesi ye\u015fili bozup suya \u00e7evirdin, ak\u015fam\u0131 sonsuz uzatt\u0131nne buldunsa o ak\u015fama uygun, ne buldunsa ona katt\u0131n perdeler uzundu, r\u00fczgar k\u0131sa, masalar \u00fc\u00e7 bacakl\u0131masalar d\u00f6rt bacakl\u0131, r\u00fczgarlar uzun, perdeleri k\u0131saltt\u0131n sen bir [&hellip;]\" \/>\n<meta property=\"og:url\" content=\"https:\/\/narteks.net\/index.php\/2011\/09\/29\/tomris-uyar-icin-bir-siir-kurma-calismasi\/\" \/>\n<meta property=\"og:site_name\" content=\"narteks.net\" \/>\n<meta property=\"article:published_time\" content=\"2011-09-28T21:14:38+00:00\" \/>\n<meta property=\"og:image\" content=\"https:\/\/narteks.net\/wp-content\/uploads\/narteks.png\" \/>\n\t<meta property=\"og:image:width\" content=\"300\" \/>\n\t<meta property=\"og:image:height\" content=\"90\" \/>\n\t<meta property=\"og:image:type\" content=\"image\/png\" \/>\n<meta name=\"author\" content=\"Tar\u0131k\" \/>\n<meta name=\"twitter:card\" content=\"summary_large_image\" \/>\n<meta name=\"twitter:creator\" content=\"@narteks\" \/>\n<meta name=\"twitter:site\" content=\"@narteks\" \/>\n<meta name=\"twitter:label1\" content=\"Yazan:\" \/>\n\t<meta name=\"twitter:data1\" content=\"Tar\u0131k\" \/>\n\t<meta name=\"twitter:label2\" content=\"Tahmini okuma s\u00fcresi\" \/>\n\t<meta name=\"twitter:data2\" content=\"1 dakika\" \/>\n<script type=\"application\/ld+json\" class=\"yoast-schema-graph\">{\"@context\":\"https:\/\/schema.org\",\"@graph\":[{\"@type\":\"Article\",\"@id\":\"https:\/\/narteks.net\/index.php\/2011\/09\/29\/tomris-uyar-icin-bir-siir-kurma-calismasi\/#article\",\"isPartOf\":{\"@id\":\"https:\/\/narteks.net\/index.php\/2011\/09\/29\/tomris-uyar-icin-bir-siir-kurma-calismasi\/\"},\"author\":{\"name\":\"Tar\u0131k\",\"@id\":\"https:\/\/narteks.net\/#\/schema\/person\/61f37d9834294b72d31d274e7ed79bca\"},\"headline\":\"Tomris Uyar \u0130\u00e7in Bir \u015eiir Kurma \u00c7al\u0131\u015fmas\u0131\",\"datePublished\":\"2011-09-28T21:14:38+00:00\",\"mainEntityOfPage\":{\"@id\":\"https:\/\/narteks.net\/index.php\/2011\/09\/29\/tomris-uyar-icin-bir-siir-kurma-calismasi\/\"},\"wordCount\":189,\"commentCount\":0,\"publisher\":{\"@id\":\"https:\/\/narteks.net\/#organization\"},\"articleSection\":[\"Turgut UYAR\"],\"inLanguage\":\"tr\",\"potentialAction\":[{\"@type\":\"CommentAction\",\"name\":\"Comment\",\"target\":[\"https:\/\/narteks.net\/index.php\/2011\/09\/29\/tomris-uyar-icin-bir-siir-kurma-calismasi\/#respond\"]}]},{\"@type\":\"WebPage\",\"@id\":\"https:\/\/narteks.net\/index.php\/2011\/09\/29\/tomris-uyar-icin-bir-siir-kurma-calismasi\/\",\"url\":\"https:\/\/narteks.net\/index.php\/2011\/09\/29\/tomris-uyar-icin-bir-siir-kurma-calismasi\/\",\"name\":\"Tomris Uyar \u0130\u00e7in Bir \u015eiir Kurma \u00c7al\u0131\u015fmas\u0131 - narteks.net\",\"isPartOf\":{\"@id\":\"https:\/\/narteks.net\/#website\"},\"datePublished\":\"2011-09-28T21:14:38+00:00\",\"breadcrumb\":{\"@id\":\"https:\/\/narteks.net\/index.php\/2011\/09\/29\/tomris-uyar-icin-bir-siir-kurma-calismasi\/#breadcrumb\"},\"inLanguage\":\"tr\",\"potentialAction\":[{\"@type\":\"ReadAction\",\"target\":[\"https:\/\/narteks.net\/index.php\/2011\/09\/29\/tomris-uyar-icin-bir-siir-kurma-calismasi\/\"]}]},{\"@type\":\"BreadcrumbList\",\"@id\":\"https:\/\/narteks.net\/index.php\/2011\/09\/29\/tomris-uyar-icin-bir-siir-kurma-calismasi\/#breadcrumb\",\"itemListElement\":[{\"@type\":\"ListItem\",\"position\":1,\"name\":\"Anasayfa\",\"item\":\"https:\/\/narteks.net\/\"},{\"@type\":\"ListItem\",\"position\":2,\"name\":\"Tomris Uyar \u0130\u00e7in Bir \u015eiir Kurma \u00c7al\u0131\u015fmas\u0131\"}]},{\"@type\":\"WebSite\",\"@id\":\"https:\/\/narteks.net\/#website\",\"url\":\"https:\/\/narteks.net\/\",\"name\":\"narteks.net\",\"description\":\"K\u00fclt\u00fcr Sanat Edebiyat Felsefe\",\"publisher\":{\"@id\":\"https:\/\/narteks.net\/#organization\"},\"alternateName\":\"K\u00fclt\u00fcr Sanat Edebiyat Felsefe\",\"potentialAction\":[{\"@type\":\"SearchAction\",\"target\":{\"@type\":\"EntryPoint\",\"urlTemplate\":\"https:\/\/narteks.net\/?s={search_term_string}\"},\"query-input\":{\"@type\":\"PropertyValueSpecification\",\"valueRequired\":true,\"valueName\":\"search_term_string\"}}],\"inLanguage\":\"tr\"},{\"@type\":\"Organization\",\"@id\":\"https:\/\/narteks.net\/#organization\",\"name\":\"narteks.net\",\"url\":\"https:\/\/narteks.net\/\",\"logo\":{\"@type\":\"ImageObject\",\"inLanguage\":\"tr\",\"@id\":\"https:\/\/narteks.net\/#\/schema\/logo\/image\/\",\"url\":\"https:\/\/narteks.net\/wp-content\/uploads\/narteks.png\",\"contentUrl\":\"https:\/\/narteks.net\/wp-content\/uploads\/narteks.png\",\"width\":300,\"height\":90,\"caption\":\"narteks.net\"},\"image\":{\"@id\":\"https:\/\/narteks.net\/#\/schema\/logo\/image\/\"},\"sameAs\":[\"https:\/\/x.com\/narteks\",\"https:\/\/instagram.com\/narteksnet\"]},{\"@type\":\"Person\",\"@id\":\"https:\/\/narteks.net\/#\/schema\/person\/61f37d9834294b72d31d274e7ed79bca\",\"name\":\"Tar\u0131k\",\"image\":{\"@type\":\"ImageObject\",\"inLanguage\":\"tr\",\"@id\":\"https:\/\/narteks.net\/#\/schema\/person\/image\/\",\"url\":\"https:\/\/secure.gravatar.com\/avatar\/50865afb55632c4ae467e0af0930f6510aa2297d8014be502a55b14f3b7550cf?s=96&d=mm&r=g\",\"contentUrl\":\"https:\/\/secure.gravatar.com\/avatar\/50865afb55632c4ae467e0af0930f6510aa2297d8014be502a55b14f3b7550cf?s=96&d=mm&r=g\",\"caption\":\"Tar\u0131k\"},\"sameAs\":[\"http:\/\/narteks.net\"],\"url\":\"https:\/\/narteks.net\/index.php\/author\/narbak\/\"}]}<\/script>\n<!-- \/ Yoast SEO Premium plugin. -->","yoast_head_json":{"title":"Tomris Uyar \u0130\u00e7in Bir \u015eiir Kurma \u00c7al\u0131\u015fmas\u0131 - narteks.net","robots":{"index":"index","follow":"follow","max-snippet":"max-snippet:-1","max-image-preview":"max-image-preview:large","max-video-preview":"max-video-preview:-1"},"canonical":"https:\/\/narteks.net\/index.php\/2011\/09\/29\/tomris-uyar-icin-bir-siir-kurma-calismasi\/","og_locale":"tr_TR","og_type":"article","og_title":"Tomris Uyar \u0130\u00e7in Bir \u015eiir Kurma \u00c7al\u0131\u015fmas\u0131","og_description":"seni sonsuz bi\u00e7iminde buldum o bi\u00e7imi alm\u0131\u015ft\u0131nsandvi\u00e7lerle, k\u00f6t\u00fc \u015fehirle, terle ba\u015fba\u015fa kalm\u0131\u015ft\u0131n y\u00fcr\u00fcd\u00fc \u00fcst\u00fcne herkesin neonu, herkesin babaannesiherkesin en eski olan k\u00f6k\u00fc, en eski hanesi ye\u015fili bozup suya \u00e7evirdin, ak\u015fam\u0131 sonsuz uzatt\u0131nne buldunsa o ak\u015fama uygun, ne buldunsa ona katt\u0131n perdeler uzundu, r\u00fczgar k\u0131sa, masalar \u00fc\u00e7 bacakl\u0131masalar d\u00f6rt bacakl\u0131, r\u00fczgarlar uzun, perdeleri k\u0131saltt\u0131n sen bir [&hellip;]","og_url":"https:\/\/narteks.net\/index.php\/2011\/09\/29\/tomris-uyar-icin-bir-siir-kurma-calismasi\/","og_site_name":"narteks.net","article_published_time":"2011-09-28T21:14:38+00:00","og_image":[{"width":300,"height":90,"url":"https:\/\/narteks.net\/wp-content\/uploads\/narteks.png","type":"image\/png"}],"author":"Tar\u0131k","twitter_card":"summary_large_image","twitter_creator":"@narteks","twitter_site":"@narteks","twitter_misc":{"Yazan:":"Tar\u0131k","Tahmini okuma s\u00fcresi":"1 dakika"},"schema":{"@context":"https:\/\/schema.org","@graph":[{"@type":"Article","@id":"https:\/\/narteks.net\/index.php\/2011\/09\/29\/tomris-uyar-icin-bir-siir-kurma-calismasi\/#article","isPartOf":{"@id":"https:\/\/narteks.net\/index.php\/2011\/09\/29\/tomris-uyar-icin-bir-siir-kurma-calismasi\/"},"author":{"name":"Tar\u0131k","@id":"https:\/\/narteks.net\/#\/schema\/person\/61f37d9834294b72d31d274e7ed79bca"},"headline":"Tomris Uyar \u0130\u00e7in Bir \u015eiir Kurma \u00c7al\u0131\u015fmas\u0131","datePublished":"2011-09-28T21:14:38+00:00","mainEntityOfPage":{"@id":"https:\/\/narteks.net\/index.php\/2011\/09\/29\/tomris-uyar-icin-bir-siir-kurma-calismasi\/"},"wordCount":189,"commentCount":0,"publisher":{"@id":"https:\/\/narteks.net\/#organization"},"articleSection":["Turgut UYAR"],"inLanguage":"tr","potentialAction":[{"@type":"CommentAction","name":"Comment","target":["https:\/\/narteks.net\/index.php\/2011\/09\/29\/tomris-uyar-icin-bir-siir-kurma-calismasi\/#respond"]}]},{"@type":"WebPage","@id":"https:\/\/narteks.net\/index.php\/2011\/09\/29\/tomris-uyar-icin-bir-siir-kurma-calismasi\/","url":"https:\/\/narteks.net\/index.php\/2011\/09\/29\/tomris-uyar-icin-bir-siir-kurma-calismasi\/","name":"Tomris Uyar \u0130\u00e7in Bir \u015eiir Kurma \u00c7al\u0131\u015fmas\u0131 - narteks.net","isPartOf":{"@id":"https:\/\/narteks.net\/#website"},"datePublished":"2011-09-28T21:14:38+00:00","breadcrumb":{"@id":"https:\/\/narteks.net\/index.php\/2011\/09\/29\/tomris-uyar-icin-bir-siir-kurma-calismasi\/#breadcrumb"},"inLanguage":"tr","potentialAction":[{"@type":"ReadAction","target":["https:\/\/narteks.net\/index.php\/2011\/09\/29\/tomris-uyar-icin-bir-siir-kurma-calismasi\/"]}]},{"@type":"BreadcrumbList","@id":"https:\/\/narteks.net\/index.php\/2011\/09\/29\/tomris-uyar-icin-bir-siir-kurma-calismasi\/#breadcrumb","itemListElement":[{"@type":"ListItem","position":1,"name":"Anasayfa","item":"https:\/\/narteks.net\/"},{"@type":"ListItem","position":2,"name":"Tomris Uyar \u0130\u00e7in Bir \u015eiir Kurma \u00c7al\u0131\u015fmas\u0131"}]},{"@type":"WebSite","@id":"https:\/\/narteks.net\/#website","url":"https:\/\/narteks.net\/","name":"narteks.net","description":"K\u00fclt\u00fcr Sanat Edebiyat Felsefe","publisher":{"@id":"https:\/\/narteks.net\/#organization"},"alternateName":"K\u00fclt\u00fcr Sanat Edebiyat Felsefe","potentialAction":[{"@type":"SearchAction","target":{"@type":"EntryPoint","urlTemplate":"https:\/\/narteks.net\/?s={search_term_string}"},"query-input":{"@type":"PropertyValueSpecification","valueRequired":true,"valueName":"search_term_string"}}],"inLanguage":"tr"},{"@type":"Organization","@id":"https:\/\/narteks.net\/#organization","name":"narteks.net","url":"https:\/\/narteks.net\/","logo":{"@type":"ImageObject","inLanguage":"tr","@id":"https:\/\/narteks.net\/#\/schema\/logo\/image\/","url":"https:\/\/narteks.net\/wp-content\/uploads\/narteks.png","contentUrl":"https:\/\/narteks.net\/wp-content\/uploads\/narteks.png","width":300,"height":90,"caption":"narteks.net"},"image":{"@id":"https:\/\/narteks.net\/#\/schema\/logo\/image\/"},"sameAs":["https:\/\/x.com\/narteks","https:\/\/instagram.com\/narteksnet"]},{"@type":"Person","@id":"https:\/\/narteks.net\/#\/schema\/person\/61f37d9834294b72d31d274e7ed79bca","name":"Tar\u0131k","image":{"@type":"ImageObject","inLanguage":"tr","@id":"https:\/\/narteks.net\/#\/schema\/person\/image\/","url":"https:\/\/secure.gravatar.com\/avatar\/50865afb55632c4ae467e0af0930f6510aa2297d8014be502a55b14f3b7550cf?s=96&d=mm&r=g","contentUrl":"https:\/\/secure.gravatar.com\/avatar\/50865afb55632c4ae467e0af0930f6510aa2297d8014be502a55b14f3b7550cf?s=96&d=mm&r=g","caption":"Tar\u0131k"},"sameAs":["http:\/\/narteks.net"],"url":"https:\/\/narteks.net\/index.php\/author\/narbak\/"}]}},"_links":{"self":[{"href":"https:\/\/narteks.net\/index.php\/wp-json\/wp\/v2\/posts\/6757","targetHints":{"allow":["GET"]}}],"collection":[{"href":"https:\/\/narteks.net\/index.php\/wp-json\/wp\/v2\/posts"}],"about":[{"href":"https:\/\/narteks.net\/index.php\/wp-json\/wp\/v2\/types\/post"}],"author":[{"embeddable":true,"href":"https:\/\/narteks.net\/index.php\/wp-json\/wp\/v2\/users\/1"}],"replies":[{"embeddable":true,"href":"https:\/\/narteks.net\/index.php\/wp-json\/wp\/v2\/comments?post=6757"}],"version-history":[{"count":0,"href":"https:\/\/narteks.net\/index.php\/wp-json\/wp\/v2\/posts\/6757\/revisions"}],"wp:attachment":[{"href":"https:\/\/narteks.net\/index.php\/wp-json\/wp\/v2\/media?parent=6757"}],"wp:term":[{"taxonomy":"category","embeddable":true,"href":"https:\/\/narteks.net\/index.php\/wp-json\/wp\/v2\/categories?post=6757"},{"taxonomy":"post_tag","embeddable":true,"href":"https:\/\/narteks.net\/index.php\/wp-json\/wp\/v2\/tags?post=6757"}],"curies":[{"name":"wp","href":"https:\/\/api.w.org\/{rel}","templated":true}]}}