{"id":6759,"date":"2011-09-29T00:16:30","date_gmt":"2011-09-28T21:16:30","guid":{"rendered":"http:\/\/localhost\/wordpress\/2011\/09\/29\/olumlu-yasamaya-hergunku-cagri\/"},"modified":"2011-09-29T00:16:30","modified_gmt":"2011-09-28T21:16:30","slug":"olumlu-yasamaya-hergunku-cagri","status":"publish","type":"post","link":"https:\/\/narteks.net\/index.php\/2011\/09\/29\/olumlu-yasamaya-hergunku-cagri\/","title":{"rendered":"\u00d6L\u00dcML\u00dc YA\u015eAMAYA HERG\u00dcNK\u00dc \u00c7A\u011eRI"},"content":{"rendered":"<p>Halbuki bir\u00e7ok \u015fey s\u00f6ylenebilirdi.Yads\u0131n\u0131rd\u0131 \u00f6rne\u011fin.Ben vurmad\u0131m denirdi.Yalvar\u0131rd\u0131, ka\u00e7ard\u0131 hi\u00e7de\u011filse insan.T\u00fcrk\u00fc bile \u00e7a\u011f\u0131rabilirdi.Herif soka\u011f\u0131n ortas\u0131nda yat\u0131yordu.Kan i\u00e7imde yat\u0131yordu.T\u0131pk\u0131 \u00f6lm\u00fc\u015f gibi.\u00d6ld\u00fcyse e\u011fer sinemalara gidemeyecekti.S\u0131k\u0131ld\u0131 m\u0131 oturup a\u011flayam\u0131yacakt\u0131.Sa\u00e7lar\u0131 kandan yap\u0131\u015f yap\u0131\u015ft\u0131.Hem geceydi hem karanl\u0131kt\u0131.Bir direkte bir lamba yan\u0131yordu.Bildi\u011fimiz lambalardan.Bir de bulut.Halbuki bir\u00e7ok \u015fey s\u00f6ylenebilirdi.Polis dirse\u011fimi s\u0131kt\u0131.Ama hi\u00e7 ac\u0131mad\u0131.Art\u0131k rahatt\u0131m.Ayaklar\u0131m yerdeydi.Eller tutulurdu ya\u015fad\u0131\u011f\u0131m.Bir korkuyordum, bir korkuyordum. Titremek geliyordu i\u00e7imden.\u00dcstelik korkmaktan ho\u015flan\u0131yordum.Bir\u015feyler \u00f6zl\u00fcyordum korktu\u011fum zaman.Muz gibi, t\u00fcyl\u00fc t\u00fcyl\u00fc \u015feftali gibi, s\u0131cac\u0131k kad\u0131n gibi.Ama de\u011fildi, bunlar de\u011fildi. Neydi bilmiyorum.En iyisi bir duvara yaslan\u0131p sigara i\u00e7mekti.Polis dirse\u011fimi s\u0131kt\u0131.Bir\u00e7ok \u015fey s\u00f6ylenebilirdi.Denilebilirdi ki, herifin paras\u0131 vard\u0131 benim yoktu, kar\u0131ma sulan\u0131yordu namussuz, anama avrad\u0131ma s\u00f6vd\u00fc durup dururken, senin ge\u00e7mi\u015fini&#8230;dedi.Ama ben tutum ne dedim oysa.<\/p>\n<p>\u0130nce Zincir<br \/>Herif d\u00fcped\u00fcz beni aldatt\u0131<br \/>Beni mi ya hepimizi<br \/>Ense tra\u015f\u0131 uzama\u0131\u015ft\u0131 inand\u0131m<br \/>G\u00fcnlerden cumartesiydi iyi buldum<br \/>Bir ben yoktum ba\u015fka her\u015fey vard\u0131.<br \/>Dedim ki kendime hat\u0131rlar arada bir<br \/>Bir selam versem b\u00fct\u00fcn \u0131\u015f\u0131klar\u0131 yanar g\u00f6zbebeklerinin<br \/>Kopmu\u015f gemilerin birer birer r\u0131ht\u0131ma ba\u011flar<br \/>Merhaba dedim y\u00fcz\u00fcme bakt\u0131<br \/>\u00c7ektim herifi vurdum.<\/p>\n<p>Halbuki sarho\u015f olmasayd\u0131m vurmazd\u0131m<br \/>Adamak\u0131ll\u0131 a\u011flasayd\u0131m yahut<br \/>Mavi tulumbalar gibi<br \/>Bir \u0131\u015f\u0131k boydan boya yolu donatt\u0131<br \/>Ortada ben yoktum \u015fa\u015f\u0131rd\u0131m<br \/>Paltosu eskiydi sevindim<br \/>Merhaba dedim y\u00fcz\u00fcme bakt\u0131<br \/>Cebinde gazeteleri vard\u0131.<br \/>\u00c7ektim herifi bir daha vurdum.<\/p>\n<p>Adam\u0131n kan\u0131 akt\u0131 \u015fa\u015f\u0131rd\u0131m<br \/>D\u00fcnya \u00f6yle g\u00fczel ki<br \/>Sevi\u015fmek var \u00f6lmek var<br \/>\u0130\u00e7 \u00e7ekmeleri var \u015faraplarla<br \/>Bir kad\u0131n\u0131n oh demesi var i\u00e7inden<br \/>Koptu\u011fu yerden ba\u015flamak<br \/>Ya\u015famak i\u00e7in her\u015fey<br \/>Merhaba dedim y\u00fcz\u00fcme bakt\u0131<br \/>\u00c7ektim herifi vurdum.<\/p>\n<p>Asl\u0131nda bir ben vard\u0131m sokakta birde polis.Beni yeni olmu\u015ftum.\u00d6nce yoktum elbet.Bir de sokak lambas\u0131 ile o bulut.Bir de vurdu\u011fum o adam vard\u0131.Tamam birde a\u011fustos gecesi.Elbette geceydi ne sand\u0131n\u0131z.G\u00fcnd\u00fcz adam vurmak i\u00e7in sebep yok zaten.Polis benim savunmam\u0131 yeter buldu belki.Ama ille tan\u0131k gerekiyordu.\u00d6yle dedi polis.Tan\u0131k olmadan olmaz dedi.Do\u011fruydu ya.Tan\u0131k olmadan olmaz.Tan\u0131k kimse ne ya\u015far ne \u00f6lebilir, ne sarho\u015f olabilir, ne a\u015f\u0131k olabilir, ne yankesici olabilir.Bak\u0131nd\u0131m.Sokak lambas\u0131n\u0131 g\u00f6rd\u00fcm, g\u00f6sterdim, bulutu g\u00f6rd\u00fcm g\u00f6sterdim.Hem ba\u015fka kimseciklere inanamazd\u0131m.Zaten kimse de yoktu.O sokak lambas\u0131n\u0131n dedikleri bir bir hat\u0131r\u0131mda.I\u015f\u0131\u011f\u0131 da.Gidip birg\u00fcn hat\u0131r\u0131n\u0131 soraca\u011f\u0131m nokta.<\/p>\n<p>I\u015f\u0131\u011f\u0131n Bo\u011fuldu\u011fu<br \/>Bu adam\u0131n(benim yani) akl\u0131nda duman\u0131 t\u00fcten \u00e7orbalar vard\u0131r<br \/>\u00dc\u00e7 be\u015f ki\u015fi hat\u0131rl\u0131yodu biri kendisi<br \/>Kendi elini \u00fc\u00e7 defa \u00f6pt\u00fc ba\u015f\u0131na g\u00f6t\u00fcrd\u00fc<br \/>Sa\u00e7lar\u0131n\u0131 d\u00fczeltti kravat\u0131n\u0131n d\u00fc\u011f\u00fcm\u00fcn\u00fc \u00e7ekti<br \/>Sislerin k\u00f6t\u00fcmser kokusunu ben bile duyuyordum.<br \/>Sokaklar meydanlar t\u00fcm bo\u015f t\u00fcm zehir kalabal\u0131kta<br \/>G\u00fcm\u00fc\u015f buka\u011f\u0131lar vurulmu\u015f bir beygir ikide bir uykusunu b\u00f6l\u00fcyor<br \/>Bir ba\u011f\u0131rsa sesi b\u00fct\u00fcn sokaklara yeter biliyorum.<br \/>Beni bu i\u015fe katmay\u0131n<br \/>Ben durur \u015furac\u0131kta gelen ge\u00e7eni ayd\u0131nlat\u0131r\u0131m<br \/>Gece b\u00f6ceklerini g\u00f6nenirim<br \/>Bu i\u015fi sevgiyle \u00f6pt\u00fcm ba\u015f\u0131ma koydum<\/p>\n<p>Bunlar\u0131 b\u0131rak dedi, polis.\u0130\u015fin i\u00e7y\u00fcz\u00fcn\u00fc anlat biliyorsan.<br \/>Sokak lambas\u0131 t\u0131kand\u0131 bakt\u0131m.Dokunsalar a\u011flayacakt\u0131.Benim dedi, t\u0131pk\u0131 b\u00f6yle dedi, kendimden konu\u015fturulmayan yerlerde s\u00f6z\u00fcm yok.B\u00fct\u00fcn diyece\u011fim bu kadar.Ama yok yok bir t\u00fcrk\u00fcm daha var onu da s\u00f6ylemek isityorum.Sen b\u0131rakmasanda s\u00f6yleyece\u011fim zaten.<\/p>\n<p>Rahat Ayr\u0131l\u0131klar \u0130\u00e7in Giri\u015f.<\/p>\n<p>Turgut UYAR<\/p>\n","protected":false},"excerpt":{"rendered":"<p>Halbuki bir\u00e7ok \u015fey s\u00f6ylenebilirdi.Yads\u0131n\u0131rd\u0131 \u00f6rne\u011fin.Ben vurmad\u0131m denirdi.Yalvar\u0131rd\u0131, ka\u00e7ard\u0131 hi\u00e7de\u011filse insan.T\u00fcrk\u00fc bile \u00e7a\u011f\u0131rabilirdi.Herif soka\u011f\u0131n ortas\u0131nda yat\u0131yordu.Kan i\u00e7imde yat\u0131yordu.T\u0131pk\u0131 \u00f6lm\u00fc\u015f gibi.\u00d6ld\u00fcyse e\u011fer sinemalara gidemeyecekti.S\u0131k\u0131ld\u0131 m\u0131 oturup a\u011flayam\u0131yacakt\u0131.Sa\u00e7lar\u0131 kandan yap\u0131\u015f yap\u0131\u015ft\u0131.Hem geceydi hem karanl\u0131kt\u0131.Bir direkte bir lamba yan\u0131yordu.Bildi\u011fimiz lambalardan.Bir de bulut.Halbuki bir\u00e7ok \u015fey s\u00f6ylenebilirdi.Polis dirse\u011fimi s\u0131kt\u0131.Ama hi\u00e7 ac\u0131mad\u0131.Art\u0131k rahatt\u0131m.Ayaklar\u0131m yerdeydi.Eller tutulurdu ya\u015fad\u0131\u011f\u0131m.Bir korkuyordum, bir korkuyordum. Titremek geliyordu i\u00e7imden.\u00dcstelik [&hellip;]<\/p>\n","protected":false},"author":1,"featured_media":0,"comment_status":"open","ping_status":"open","sticky":false,"template":"","format":"standard","meta":{"footnotes":""},"categories":[65],"tags":[],"class_list":{"0":"post-6759","1":"post","2":"type-post","3":"status-publish","4":"format-standard","6":"category-turgut-uyar"},"yoast_head":"<!-- This site is optimized with the Yoast SEO Premium plugin v24.9 (Yoast SEO v24.9) - https:\/\/yoast.com\/wordpress\/plugins\/seo\/ -->\n<title>\u00d6L\u00dcML\u00dc YA\u015eAMAYA HERG\u00dcNK\u00dc \u00c7A\u011eRI - narteks.net<\/title>\n<meta name=\"robots\" content=\"index, follow, max-snippet:-1, max-image-preview:large, max-video-preview:-1\" \/>\n<link rel=\"canonical\" href=\"https:\/\/narteks.net\/index.php\/2011\/09\/29\/olumlu-yasamaya-hergunku-cagri\/\" \/>\n<meta property=\"og:locale\" content=\"tr_TR\" \/>\n<meta property=\"og:type\" content=\"article\" \/>\n<meta property=\"og:title\" content=\"\u00d6L\u00dcML\u00dc YA\u015eAMAYA HERG\u00dcNK\u00dc \u00c7A\u011eRI\" \/>\n<meta property=\"og:description\" content=\"Halbuki bir\u00e7ok \u015fey s\u00f6ylenebilirdi.Yads\u0131n\u0131rd\u0131 \u00f6rne\u011fin.Ben vurmad\u0131m denirdi.Yalvar\u0131rd\u0131, ka\u00e7ard\u0131 hi\u00e7de\u011filse insan.T\u00fcrk\u00fc bile \u00e7a\u011f\u0131rabilirdi.Herif soka\u011f\u0131n ortas\u0131nda yat\u0131yordu.Kan i\u00e7imde yat\u0131yordu.T\u0131pk\u0131 \u00f6lm\u00fc\u015f gibi.\u00d6ld\u00fcyse e\u011fer sinemalara gidemeyecekti.S\u0131k\u0131ld\u0131 m\u0131 oturup a\u011flayam\u0131yacakt\u0131.Sa\u00e7lar\u0131 kandan yap\u0131\u015f yap\u0131\u015ft\u0131.Hem geceydi hem karanl\u0131kt\u0131.Bir direkte bir lamba yan\u0131yordu.Bildi\u011fimiz lambalardan.Bir de bulut.Halbuki bir\u00e7ok \u015fey s\u00f6ylenebilirdi.Polis dirse\u011fimi s\u0131kt\u0131.Ama hi\u00e7 ac\u0131mad\u0131.Art\u0131k rahatt\u0131m.Ayaklar\u0131m yerdeydi.Eller tutulurdu ya\u015fad\u0131\u011f\u0131m.Bir korkuyordum, bir korkuyordum. Titremek geliyordu i\u00e7imden.\u00dcstelik [&hellip;]\" \/>\n<meta property=\"og:url\" content=\"https:\/\/narteks.net\/index.php\/2011\/09\/29\/olumlu-yasamaya-hergunku-cagri\/\" \/>\n<meta property=\"og:site_name\" content=\"narteks.net\" \/>\n<meta property=\"article:published_time\" content=\"2011-09-28T21:16:30+00:00\" \/>\n<meta property=\"og:image\" content=\"https:\/\/narteks.net\/wp-content\/uploads\/narteks.png\" \/>\n\t<meta property=\"og:image:width\" content=\"300\" \/>\n\t<meta property=\"og:image:height\" content=\"90\" \/>\n\t<meta property=\"og:image:type\" content=\"image\/png\" \/>\n<meta name=\"author\" content=\"Tar\u0131k\" \/>\n<meta name=\"twitter:card\" content=\"summary_large_image\" \/>\n<meta name=\"twitter:creator\" content=\"@narteks\" \/>\n<meta name=\"twitter:site\" content=\"@narteks\" \/>\n<meta name=\"twitter:label1\" content=\"Yazan:\" \/>\n\t<meta name=\"twitter:data1\" content=\"Tar\u0131k\" \/>\n\t<meta name=\"twitter:label2\" content=\"Tahmini okuma s\u00fcresi\" \/>\n\t<meta name=\"twitter:data2\" content=\"3 dakika\" \/>\n<script type=\"application\/ld+json\" class=\"yoast-schema-graph\">{\"@context\":\"https:\/\/schema.org\",\"@graph\":[{\"@type\":\"Article\",\"@id\":\"https:\/\/narteks.net\/index.php\/2011\/09\/29\/olumlu-yasamaya-hergunku-cagri\/#article\",\"isPartOf\":{\"@id\":\"https:\/\/narteks.net\/index.php\/2011\/09\/29\/olumlu-yasamaya-hergunku-cagri\/\"},\"author\":{\"name\":\"Tar\u0131k\",\"@id\":\"https:\/\/narteks.net\/#\/schema\/person\/61f37d9834294b72d31d274e7ed79bca\"},\"headline\":\"\u00d6L\u00dcML\u00dc YA\u015eAMAYA HERG\u00dcNK\u00dc \u00c7A\u011eRI\",\"datePublished\":\"2011-09-28T21:16:30+00:00\",\"mainEntityOfPage\":{\"@id\":\"https:\/\/narteks.net\/index.php\/2011\/09\/29\/olumlu-yasamaya-hergunku-cagri\/\"},\"wordCount\":676,\"commentCount\":0,\"publisher\":{\"@id\":\"https:\/\/narteks.net\/#organization\"},\"articleSection\":[\"Turgut UYAR\"],\"inLanguage\":\"tr\",\"potentialAction\":[{\"@type\":\"CommentAction\",\"name\":\"Comment\",\"target\":[\"https:\/\/narteks.net\/index.php\/2011\/09\/29\/olumlu-yasamaya-hergunku-cagri\/#respond\"]}]},{\"@type\":\"WebPage\",\"@id\":\"https:\/\/narteks.net\/index.php\/2011\/09\/29\/olumlu-yasamaya-hergunku-cagri\/\",\"url\":\"https:\/\/narteks.net\/index.php\/2011\/09\/29\/olumlu-yasamaya-hergunku-cagri\/\",\"name\":\"\u00d6L\u00dcML\u00dc YA\u015eAMAYA HERG\u00dcNK\u00dc \u00c7A\u011eRI - narteks.net\",\"isPartOf\":{\"@id\":\"https:\/\/narteks.net\/#website\"},\"datePublished\":\"2011-09-28T21:16:30+00:00\",\"breadcrumb\":{\"@id\":\"https:\/\/narteks.net\/index.php\/2011\/09\/29\/olumlu-yasamaya-hergunku-cagri\/#breadcrumb\"},\"inLanguage\":\"tr\",\"potentialAction\":[{\"@type\":\"ReadAction\",\"target\":[\"https:\/\/narteks.net\/index.php\/2011\/09\/29\/olumlu-yasamaya-hergunku-cagri\/\"]}]},{\"@type\":\"BreadcrumbList\",\"@id\":\"https:\/\/narteks.net\/index.php\/2011\/09\/29\/olumlu-yasamaya-hergunku-cagri\/#breadcrumb\",\"itemListElement\":[{\"@type\":\"ListItem\",\"position\":1,\"name\":\"Anasayfa\",\"item\":\"https:\/\/narteks.net\/\"},{\"@type\":\"ListItem\",\"position\":2,\"name\":\"\u00d6L\u00dcML\u00dc YA\u015eAMAYA HERG\u00dcNK\u00dc \u00c7A\u011eRI\"}]},{\"@type\":\"WebSite\",\"@id\":\"https:\/\/narteks.net\/#website\",\"url\":\"https:\/\/narteks.net\/\",\"name\":\"narteks.net\",\"description\":\"K\u00fclt\u00fcr Sanat Edebiyat Felsefe\",\"publisher\":{\"@id\":\"https:\/\/narteks.net\/#organization\"},\"alternateName\":\"K\u00fclt\u00fcr Sanat Edebiyat Felsefe\",\"potentialAction\":[{\"@type\":\"SearchAction\",\"target\":{\"@type\":\"EntryPoint\",\"urlTemplate\":\"https:\/\/narteks.net\/?s={search_term_string}\"},\"query-input\":{\"@type\":\"PropertyValueSpecification\",\"valueRequired\":true,\"valueName\":\"search_term_string\"}}],\"inLanguage\":\"tr\"},{\"@type\":\"Organization\",\"@id\":\"https:\/\/narteks.net\/#organization\",\"name\":\"narteks.net\",\"url\":\"https:\/\/narteks.net\/\",\"logo\":{\"@type\":\"ImageObject\",\"inLanguage\":\"tr\",\"@id\":\"https:\/\/narteks.net\/#\/schema\/logo\/image\/\",\"url\":\"https:\/\/narteks.net\/wp-content\/uploads\/narteks.png\",\"contentUrl\":\"https:\/\/narteks.net\/wp-content\/uploads\/narteks.png\",\"width\":300,\"height\":90,\"caption\":\"narteks.net\"},\"image\":{\"@id\":\"https:\/\/narteks.net\/#\/schema\/logo\/image\/\"},\"sameAs\":[\"https:\/\/x.com\/narteks\",\"https:\/\/instagram.com\/narteksnet\"]},{\"@type\":\"Person\",\"@id\":\"https:\/\/narteks.net\/#\/schema\/person\/61f37d9834294b72d31d274e7ed79bca\",\"name\":\"Tar\u0131k\",\"image\":{\"@type\":\"ImageObject\",\"inLanguage\":\"tr\",\"@id\":\"https:\/\/narteks.net\/#\/schema\/person\/image\/\",\"url\":\"https:\/\/secure.gravatar.com\/avatar\/50865afb55632c4ae467e0af0930f6510aa2297d8014be502a55b14f3b7550cf?s=96&d=mm&r=g\",\"contentUrl\":\"https:\/\/secure.gravatar.com\/avatar\/50865afb55632c4ae467e0af0930f6510aa2297d8014be502a55b14f3b7550cf?s=96&d=mm&r=g\",\"caption\":\"Tar\u0131k\"},\"sameAs\":[\"http:\/\/narteks.net\"],\"url\":\"https:\/\/narteks.net\/index.php\/author\/narbak\/\"}]}<\/script>\n<!-- \/ Yoast SEO Premium plugin. -->","yoast_head_json":{"title":"\u00d6L\u00dcML\u00dc YA\u015eAMAYA HERG\u00dcNK\u00dc \u00c7A\u011eRI - narteks.net","robots":{"index":"index","follow":"follow","max-snippet":"max-snippet:-1","max-image-preview":"max-image-preview:large","max-video-preview":"max-video-preview:-1"},"canonical":"https:\/\/narteks.net\/index.php\/2011\/09\/29\/olumlu-yasamaya-hergunku-cagri\/","og_locale":"tr_TR","og_type":"article","og_title":"\u00d6L\u00dcML\u00dc YA\u015eAMAYA HERG\u00dcNK\u00dc \u00c7A\u011eRI","og_description":"Halbuki bir\u00e7ok \u015fey s\u00f6ylenebilirdi.Yads\u0131n\u0131rd\u0131 \u00f6rne\u011fin.Ben vurmad\u0131m denirdi.Yalvar\u0131rd\u0131, ka\u00e7ard\u0131 hi\u00e7de\u011filse insan.T\u00fcrk\u00fc bile \u00e7a\u011f\u0131rabilirdi.Herif soka\u011f\u0131n ortas\u0131nda yat\u0131yordu.Kan i\u00e7imde yat\u0131yordu.T\u0131pk\u0131 \u00f6lm\u00fc\u015f gibi.\u00d6ld\u00fcyse e\u011fer sinemalara gidemeyecekti.S\u0131k\u0131ld\u0131 m\u0131 oturup a\u011flayam\u0131yacakt\u0131.Sa\u00e7lar\u0131 kandan yap\u0131\u015f yap\u0131\u015ft\u0131.Hem geceydi hem karanl\u0131kt\u0131.Bir direkte bir lamba yan\u0131yordu.Bildi\u011fimiz lambalardan.Bir de bulut.Halbuki bir\u00e7ok \u015fey s\u00f6ylenebilirdi.Polis dirse\u011fimi s\u0131kt\u0131.Ama hi\u00e7 ac\u0131mad\u0131.Art\u0131k rahatt\u0131m.Ayaklar\u0131m yerdeydi.Eller tutulurdu ya\u015fad\u0131\u011f\u0131m.Bir korkuyordum, bir korkuyordum. Titremek geliyordu i\u00e7imden.\u00dcstelik [&hellip;]","og_url":"https:\/\/narteks.net\/index.php\/2011\/09\/29\/olumlu-yasamaya-hergunku-cagri\/","og_site_name":"narteks.net","article_published_time":"2011-09-28T21:16:30+00:00","og_image":[{"width":300,"height":90,"url":"https:\/\/narteks.net\/wp-content\/uploads\/narteks.png","type":"image\/png"}],"author":"Tar\u0131k","twitter_card":"summary_large_image","twitter_creator":"@narteks","twitter_site":"@narteks","twitter_misc":{"Yazan:":"Tar\u0131k","Tahmini okuma s\u00fcresi":"3 dakika"},"schema":{"@context":"https:\/\/schema.org","@graph":[{"@type":"Article","@id":"https:\/\/narteks.net\/index.php\/2011\/09\/29\/olumlu-yasamaya-hergunku-cagri\/#article","isPartOf":{"@id":"https:\/\/narteks.net\/index.php\/2011\/09\/29\/olumlu-yasamaya-hergunku-cagri\/"},"author":{"name":"Tar\u0131k","@id":"https:\/\/narteks.net\/#\/schema\/person\/61f37d9834294b72d31d274e7ed79bca"},"headline":"\u00d6L\u00dcML\u00dc YA\u015eAMAYA HERG\u00dcNK\u00dc \u00c7A\u011eRI","datePublished":"2011-09-28T21:16:30+00:00","mainEntityOfPage":{"@id":"https:\/\/narteks.net\/index.php\/2011\/09\/29\/olumlu-yasamaya-hergunku-cagri\/"},"wordCount":676,"commentCount":0,"publisher":{"@id":"https:\/\/narteks.net\/#organization"},"articleSection":["Turgut UYAR"],"inLanguage":"tr","potentialAction":[{"@type":"CommentAction","name":"Comment","target":["https:\/\/narteks.net\/index.php\/2011\/09\/29\/olumlu-yasamaya-hergunku-cagri\/#respond"]}]},{"@type":"WebPage","@id":"https:\/\/narteks.net\/index.php\/2011\/09\/29\/olumlu-yasamaya-hergunku-cagri\/","url":"https:\/\/narteks.net\/index.php\/2011\/09\/29\/olumlu-yasamaya-hergunku-cagri\/","name":"\u00d6L\u00dcML\u00dc YA\u015eAMAYA HERG\u00dcNK\u00dc \u00c7A\u011eRI - narteks.net","isPartOf":{"@id":"https:\/\/narteks.net\/#website"},"datePublished":"2011-09-28T21:16:30+00:00","breadcrumb":{"@id":"https:\/\/narteks.net\/index.php\/2011\/09\/29\/olumlu-yasamaya-hergunku-cagri\/#breadcrumb"},"inLanguage":"tr","potentialAction":[{"@type":"ReadAction","target":["https:\/\/narteks.net\/index.php\/2011\/09\/29\/olumlu-yasamaya-hergunku-cagri\/"]}]},{"@type":"BreadcrumbList","@id":"https:\/\/narteks.net\/index.php\/2011\/09\/29\/olumlu-yasamaya-hergunku-cagri\/#breadcrumb","itemListElement":[{"@type":"ListItem","position":1,"name":"Anasayfa","item":"https:\/\/narteks.net\/"},{"@type":"ListItem","position":2,"name":"\u00d6L\u00dcML\u00dc YA\u015eAMAYA HERG\u00dcNK\u00dc \u00c7A\u011eRI"}]},{"@type":"WebSite","@id":"https:\/\/narteks.net\/#website","url":"https:\/\/narteks.net\/","name":"narteks.net","description":"K\u00fclt\u00fcr Sanat Edebiyat Felsefe","publisher":{"@id":"https:\/\/narteks.net\/#organization"},"alternateName":"K\u00fclt\u00fcr Sanat Edebiyat Felsefe","potentialAction":[{"@type":"SearchAction","target":{"@type":"EntryPoint","urlTemplate":"https:\/\/narteks.net\/?s={search_term_string}"},"query-input":{"@type":"PropertyValueSpecification","valueRequired":true,"valueName":"search_term_string"}}],"inLanguage":"tr"},{"@type":"Organization","@id":"https:\/\/narteks.net\/#organization","name":"narteks.net","url":"https:\/\/narteks.net\/","logo":{"@type":"ImageObject","inLanguage":"tr","@id":"https:\/\/narteks.net\/#\/schema\/logo\/image\/","url":"https:\/\/narteks.net\/wp-content\/uploads\/narteks.png","contentUrl":"https:\/\/narteks.net\/wp-content\/uploads\/narteks.png","width":300,"height":90,"caption":"narteks.net"},"image":{"@id":"https:\/\/narteks.net\/#\/schema\/logo\/image\/"},"sameAs":["https:\/\/x.com\/narteks","https:\/\/instagram.com\/narteksnet"]},{"@type":"Person","@id":"https:\/\/narteks.net\/#\/schema\/person\/61f37d9834294b72d31d274e7ed79bca","name":"Tar\u0131k","image":{"@type":"ImageObject","inLanguage":"tr","@id":"https:\/\/narteks.net\/#\/schema\/person\/image\/","url":"https:\/\/secure.gravatar.com\/avatar\/50865afb55632c4ae467e0af0930f6510aa2297d8014be502a55b14f3b7550cf?s=96&d=mm&r=g","contentUrl":"https:\/\/secure.gravatar.com\/avatar\/50865afb55632c4ae467e0af0930f6510aa2297d8014be502a55b14f3b7550cf?s=96&d=mm&r=g","caption":"Tar\u0131k"},"sameAs":["http:\/\/narteks.net"],"url":"https:\/\/narteks.net\/index.php\/author\/narbak\/"}]}},"_links":{"self":[{"href":"https:\/\/narteks.net\/index.php\/wp-json\/wp\/v2\/posts\/6759","targetHints":{"allow":["GET"]}}],"collection":[{"href":"https:\/\/narteks.net\/index.php\/wp-json\/wp\/v2\/posts"}],"about":[{"href":"https:\/\/narteks.net\/index.php\/wp-json\/wp\/v2\/types\/post"}],"author":[{"embeddable":true,"href":"https:\/\/narteks.net\/index.php\/wp-json\/wp\/v2\/users\/1"}],"replies":[{"embeddable":true,"href":"https:\/\/narteks.net\/index.php\/wp-json\/wp\/v2\/comments?post=6759"}],"version-history":[{"count":0,"href":"https:\/\/narteks.net\/index.php\/wp-json\/wp\/v2\/posts\/6759\/revisions"}],"wp:attachment":[{"href":"https:\/\/narteks.net\/index.php\/wp-json\/wp\/v2\/media?parent=6759"}],"wp:term":[{"taxonomy":"category","embeddable":true,"href":"https:\/\/narteks.net\/index.php\/wp-json\/wp\/v2\/categories?post=6759"},{"taxonomy":"post_tag","embeddable":true,"href":"https:\/\/narteks.net\/index.php\/wp-json\/wp\/v2\/tags?post=6759"}],"curies":[{"name":"wp","href":"https:\/\/api.w.org\/{rel}","templated":true}]}}