{"id":6762,"date":"2011-09-29T00:33:25","date_gmt":"2011-09-28T21:33:25","guid":{"rendered":"http:\/\/localhost\/wordpress\/2011\/09\/29\/sadabada-kaside\/"},"modified":"2011-09-29T00:33:25","modified_gmt":"2011-09-28T21:33:25","slug":"sadabada-kaside","status":"publish","type":"post","link":"https:\/\/narteks.net\/index.php\/2011\/09\/29\/sadabada-kaside\/","title":{"rendered":"SADABAD\u2019A KAS\u0130DE"},"content":{"rendered":"<p>Haz\u0131r bulunanlar\u0131n hepsi bahar mevsimini tan\u0131d\u0131<br \/>Lale uzun boylu nazdan, g\u00fcl kendi ismini tan\u0131d\u0131<\/p>\n<p>Su g\u00fcneye y\u00f6neldi hazdan, \u00e7i\u00e7ekle birlik akt\u0131lar<br \/>Haz\u0131r bulunanlar pi\u015fmanl\u0131kla kalubelas\u0131n\u0131 tan\u0131d\u0131<\/p>\n<p>Bahar bir nisan olarak geldi, g\u00f6nderi renk renk dolu<br \/>Umut \u00f6ylece umutsuzluk bi\u00e7iminde hasm\u0131n\u0131 tan\u0131d\u0131<\/p>\n<p>Yak\u0131nmalar bitti, elpen\u00e7e durdular geli\u015fen \u015feye<br \/>A\u015fklar a\u015fklar\u0131, otlar otlar\u0131 yani ki herkes h\u0131ms\u0131n\u0131 tan\u0131d\u0131<\/p>\n<p>Kimin akl\u0131 bir bahardan daha \u00e7ok olabilir sorar\u0131m<br \/>O ye\u015fili ve pembeyi birlikte g\u00f6r\u00fcnce resmini tan\u0131d\u0131<\/p>\n<p>\u0130stanbul\u2019un \u00f6yledir bahar\u0131, \u00e7aresiz alk\u0131\u015f tuttular<br \/>Ten uyand\u0131, herkes kendi olan cismini tan\u0131d\u0131<\/p>\n<p>Ne denmi\u015f ak\u0131p giden her suyla ak\u0131p giderim<br \/>\u00c7\u00fcnk\u00fc sevdim \u00e7\u00fcnk\u00fc bu y\u00fczden g\u00fc\u00e7l\u00fc bileklerim kanad\u0131<\/p>\n<p>Sahici mi elinde tuttu\u011fun o kartal kanad\u0131<br \/>Sen tuttun ac\u0131dan benim ellerim kanad\u0131<\/p>\n<p>Bir geceyi ge\u00e7irmek i\u00e7in bin t\u00fcrl\u00fc kalp ila\u00e7la<br \/>D\u00f6v\u00fcnd\u00fcm \u00e7\u0131rp\u0131nd\u0131m bilsen nerelerim kanad\u0131<\/p>\n<p>Haz\u0131r bulunanlar davran\u0131p saatlerini kurdular bahara<br \/>Ey dirili\u015f sana kurulmu\u015f saatlerim kanad\u0131<\/p>\n<p>Avlananlar, a\u011fa\u00e7 budayanlar sular\u0131n\u0131z bir \u0131rmakta<br \/>Yava\u015f\u00e7a geldim durdum beklediklerim kanad\u0131<\/p>\n<p>Ey yaz g\u00fcne\u015fine b\u0131rakt\u0131\u011f\u0131n aln\u0131n bana gel<br \/>Aln\u0131mdan damla damla s\u00fcz\u00fclen terlerim kanad\u0131<\/p>\n<p>Y\u00fcreklerimiz bir da\u011f serinli\u011fi ta\u015f\u0131rken birlikte<br \/>Birden bo\u015fta b\u0131rak\u0131lan bir yerim kanad\u0131<\/p>\n<p>Kanas\u0131n vars\u0131n ne varsa biraz kanamal\u0131d\u0131r<br \/>Benim bunca y\u0131ld\u0131r g\u00fcnlerim gecelerim kanad\u0131<\/p>\n<p>Haz\u0131r bulunanlar\u0131n hepsi evet dediler el ba\u011flad\u0131lar<br \/>Benim hepsinin \u00fcst\u00fcnde iliklenmeyen d\u00fc\u011fmelerim kanad\u0131<\/p>\n<p>Ey yaz gecesi gel art\u0131k gidelim suya girelim<br \/>\u00c7\u00fcnk\u00fc biliyorum sahici elindeki o kartal kanad\u0131<\/p>\n<p>Ey g\u00fczel bahar g\u00f6k\u00fc seni her \u015feyle birle\u015ftiriyorum<br \/>\u00c7\u00fcnk\u00fc ey yaz gecesi \u00e7\u00fcnk\u00fc her yerlerim kanad\u0131<\/p>\n<p>Bahar hep bir an\u0131 san\u0131l\u0131r nerde olsa ger\u00e7ektir asl\u0131nda<br \/>\u0130stanbul mesirelerinde ve Mu\u015f\u2019ta ayn\u0131d\u0131r tad\u0131<\/p>\n<p>Turgut UYAR<\/p>\n","protected":false},"excerpt":{"rendered":"<p>Haz\u0131r bulunanlar\u0131n hepsi bahar mevsimini tan\u0131d\u0131Lale uzun boylu nazdan, g\u00fcl kendi ismini tan\u0131d\u0131 Su g\u00fcneye y\u00f6neldi hazdan, \u00e7i\u00e7ekle birlik akt\u0131larHaz\u0131r bulunanlar pi\u015fmanl\u0131kla kalubelas\u0131n\u0131 tan\u0131d\u0131 Bahar bir nisan olarak geldi, g\u00f6nderi renk renk doluUmut \u00f6ylece umutsuzluk bi\u00e7iminde hasm\u0131n\u0131 tan\u0131d\u0131 Yak\u0131nmalar bitti, elpen\u00e7e durdular geli\u015fen \u015feyeA\u015fklar a\u015fklar\u0131, otlar otlar\u0131 yani ki herkes h\u0131ms\u0131n\u0131 tan\u0131d\u0131 Kimin akl\u0131 bir [&hellip;]<\/p>\n","protected":false},"author":1,"featured_media":0,"comment_status":"open","ping_status":"open","sticky":false,"template":"","format":"standard","meta":{"footnotes":""},"categories":[65],"tags":[],"class_list":{"0":"post-6762","1":"post","2":"type-post","3":"status-publish","4":"format-standard","6":"category-turgut-uyar"},"yoast_head":"<!-- This site is optimized with the Yoast SEO Premium plugin v24.9 (Yoast SEO v24.9) - https:\/\/yoast.com\/wordpress\/plugins\/seo\/ -->\n<title>SADABAD\u2019A KAS\u0130DE - narteks.net<\/title>\n<meta name=\"robots\" content=\"index, follow, max-snippet:-1, max-image-preview:large, max-video-preview:-1\" \/>\n<link rel=\"canonical\" href=\"https:\/\/narteks.net\/index.php\/2011\/09\/29\/sadabada-kaside\/\" \/>\n<meta property=\"og:locale\" content=\"tr_TR\" \/>\n<meta property=\"og:type\" content=\"article\" \/>\n<meta property=\"og:title\" content=\"SADABAD\u2019A KAS\u0130DE\" \/>\n<meta property=\"og:description\" content=\"Haz\u0131r bulunanlar\u0131n hepsi bahar mevsimini tan\u0131d\u0131Lale uzun boylu nazdan, g\u00fcl kendi ismini tan\u0131d\u0131 Su g\u00fcneye y\u00f6neldi hazdan, \u00e7i\u00e7ekle birlik akt\u0131larHaz\u0131r bulunanlar pi\u015fmanl\u0131kla kalubelas\u0131n\u0131 tan\u0131d\u0131 Bahar bir nisan olarak geldi, g\u00f6nderi renk renk doluUmut \u00f6ylece umutsuzluk bi\u00e7iminde hasm\u0131n\u0131 tan\u0131d\u0131 Yak\u0131nmalar bitti, elpen\u00e7e durdular geli\u015fen \u015feyeA\u015fklar a\u015fklar\u0131, otlar otlar\u0131 yani ki herkes h\u0131ms\u0131n\u0131 tan\u0131d\u0131 Kimin akl\u0131 bir [&hellip;]\" \/>\n<meta property=\"og:url\" content=\"https:\/\/narteks.net\/index.php\/2011\/09\/29\/sadabada-kaside\/\" \/>\n<meta property=\"og:site_name\" content=\"narteks.net\" \/>\n<meta property=\"article:published_time\" content=\"2011-09-28T21:33:25+00:00\" \/>\n<meta property=\"og:image\" content=\"https:\/\/narteks.net\/wp-content\/uploads\/narteks.png\" \/>\n\t<meta property=\"og:image:width\" content=\"300\" \/>\n\t<meta property=\"og:image:height\" content=\"90\" \/>\n\t<meta property=\"og:image:type\" content=\"image\/png\" \/>\n<meta name=\"author\" content=\"Tar\u0131k\" \/>\n<meta name=\"twitter:card\" content=\"summary_large_image\" \/>\n<meta name=\"twitter:creator\" content=\"@narteks\" \/>\n<meta name=\"twitter:site\" content=\"@narteks\" \/>\n<meta name=\"twitter:label1\" content=\"Yazan:\" \/>\n\t<meta name=\"twitter:data1\" content=\"Tar\u0131k\" \/>\n\t<meta name=\"twitter:label2\" content=\"Tahmini okuma s\u00fcresi\" \/>\n\t<meta name=\"twitter:data2\" content=\"2 dakika\" \/>\n<script type=\"application\/ld+json\" class=\"yoast-schema-graph\">{\"@context\":\"https:\/\/schema.org\",\"@graph\":[{\"@type\":\"Article\",\"@id\":\"https:\/\/narteks.net\/index.php\/2011\/09\/29\/sadabada-kaside\/#article\",\"isPartOf\":{\"@id\":\"https:\/\/narteks.net\/index.php\/2011\/09\/29\/sadabada-kaside\/\"},\"author\":{\"name\":\"Tar\u0131k\",\"@id\":\"https:\/\/narteks.net\/#\/schema\/person\/61f37d9834294b72d31d274e7ed79bca\"},\"headline\":\"SADABAD\u2019A KAS\u0130DE\",\"datePublished\":\"2011-09-28T21:33:25+00:00\",\"mainEntityOfPage\":{\"@id\":\"https:\/\/narteks.net\/index.php\/2011\/09\/29\/sadabada-kaside\/\"},\"wordCount\":332,\"commentCount\":0,\"publisher\":{\"@id\":\"https:\/\/narteks.net\/#organization\"},\"articleSection\":[\"Turgut UYAR\"],\"inLanguage\":\"tr\",\"potentialAction\":[{\"@type\":\"CommentAction\",\"name\":\"Comment\",\"target\":[\"https:\/\/narteks.net\/index.php\/2011\/09\/29\/sadabada-kaside\/#respond\"]}]},{\"@type\":\"WebPage\",\"@id\":\"https:\/\/narteks.net\/index.php\/2011\/09\/29\/sadabada-kaside\/\",\"url\":\"https:\/\/narteks.net\/index.php\/2011\/09\/29\/sadabada-kaside\/\",\"name\":\"SADABAD\u2019A KAS\u0130DE - narteks.net\",\"isPartOf\":{\"@id\":\"https:\/\/narteks.net\/#website\"},\"datePublished\":\"2011-09-28T21:33:25+00:00\",\"breadcrumb\":{\"@id\":\"https:\/\/narteks.net\/index.php\/2011\/09\/29\/sadabada-kaside\/#breadcrumb\"},\"inLanguage\":\"tr\",\"potentialAction\":[{\"@type\":\"ReadAction\",\"target\":[\"https:\/\/narteks.net\/index.php\/2011\/09\/29\/sadabada-kaside\/\"]}]},{\"@type\":\"BreadcrumbList\",\"@id\":\"https:\/\/narteks.net\/index.php\/2011\/09\/29\/sadabada-kaside\/#breadcrumb\",\"itemListElement\":[{\"@type\":\"ListItem\",\"position\":1,\"name\":\"Anasayfa\",\"item\":\"https:\/\/narteks.net\/\"},{\"@type\":\"ListItem\",\"position\":2,\"name\":\"SADABAD\u2019A KAS\u0130DE\"}]},{\"@type\":\"WebSite\",\"@id\":\"https:\/\/narteks.net\/#website\",\"url\":\"https:\/\/narteks.net\/\",\"name\":\"narteks.net\",\"description\":\"K\u00fclt\u00fcr Sanat Edebiyat Felsefe\",\"publisher\":{\"@id\":\"https:\/\/narteks.net\/#organization\"},\"alternateName\":\"K\u00fclt\u00fcr Sanat Edebiyat Felsefe\",\"potentialAction\":[{\"@type\":\"SearchAction\",\"target\":{\"@type\":\"EntryPoint\",\"urlTemplate\":\"https:\/\/narteks.net\/?s={search_term_string}\"},\"query-input\":{\"@type\":\"PropertyValueSpecification\",\"valueRequired\":true,\"valueName\":\"search_term_string\"}}],\"inLanguage\":\"tr\"},{\"@type\":\"Organization\",\"@id\":\"https:\/\/narteks.net\/#organization\",\"name\":\"narteks.net\",\"url\":\"https:\/\/narteks.net\/\",\"logo\":{\"@type\":\"ImageObject\",\"inLanguage\":\"tr\",\"@id\":\"https:\/\/narteks.net\/#\/schema\/logo\/image\/\",\"url\":\"https:\/\/narteks.net\/wp-content\/uploads\/narteks.png\",\"contentUrl\":\"https:\/\/narteks.net\/wp-content\/uploads\/narteks.png\",\"width\":300,\"height\":90,\"caption\":\"narteks.net\"},\"image\":{\"@id\":\"https:\/\/narteks.net\/#\/schema\/logo\/image\/\"},\"sameAs\":[\"https:\/\/x.com\/narteks\",\"https:\/\/instagram.com\/narteksnet\"]},{\"@type\":\"Person\",\"@id\":\"https:\/\/narteks.net\/#\/schema\/person\/61f37d9834294b72d31d274e7ed79bca\",\"name\":\"Tar\u0131k\",\"image\":{\"@type\":\"ImageObject\",\"inLanguage\":\"tr\",\"@id\":\"https:\/\/narteks.net\/#\/schema\/person\/image\/\",\"url\":\"https:\/\/secure.gravatar.com\/avatar\/50865afb55632c4ae467e0af0930f6510aa2297d8014be502a55b14f3b7550cf?s=96&d=mm&r=g\",\"contentUrl\":\"https:\/\/secure.gravatar.com\/avatar\/50865afb55632c4ae467e0af0930f6510aa2297d8014be502a55b14f3b7550cf?s=96&d=mm&r=g\",\"caption\":\"Tar\u0131k\"},\"sameAs\":[\"http:\/\/narteks.net\"],\"url\":\"https:\/\/narteks.net\/index.php\/author\/narbak\/\"}]}<\/script>\n<!-- \/ Yoast SEO Premium plugin. -->","yoast_head_json":{"title":"SADABAD\u2019A KAS\u0130DE - narteks.net","robots":{"index":"index","follow":"follow","max-snippet":"max-snippet:-1","max-image-preview":"max-image-preview:large","max-video-preview":"max-video-preview:-1"},"canonical":"https:\/\/narteks.net\/index.php\/2011\/09\/29\/sadabada-kaside\/","og_locale":"tr_TR","og_type":"article","og_title":"SADABAD\u2019A KAS\u0130DE","og_description":"Haz\u0131r bulunanlar\u0131n hepsi bahar mevsimini tan\u0131d\u0131Lale uzun boylu nazdan, g\u00fcl kendi ismini tan\u0131d\u0131 Su g\u00fcneye y\u00f6neldi hazdan, \u00e7i\u00e7ekle birlik akt\u0131larHaz\u0131r bulunanlar pi\u015fmanl\u0131kla kalubelas\u0131n\u0131 tan\u0131d\u0131 Bahar bir nisan olarak geldi, g\u00f6nderi renk renk doluUmut \u00f6ylece umutsuzluk bi\u00e7iminde hasm\u0131n\u0131 tan\u0131d\u0131 Yak\u0131nmalar bitti, elpen\u00e7e durdular geli\u015fen \u015feyeA\u015fklar a\u015fklar\u0131, otlar otlar\u0131 yani ki herkes h\u0131ms\u0131n\u0131 tan\u0131d\u0131 Kimin akl\u0131 bir [&hellip;]","og_url":"https:\/\/narteks.net\/index.php\/2011\/09\/29\/sadabada-kaside\/","og_site_name":"narteks.net","article_published_time":"2011-09-28T21:33:25+00:00","og_image":[{"width":300,"height":90,"url":"https:\/\/narteks.net\/wp-content\/uploads\/narteks.png","type":"image\/png"}],"author":"Tar\u0131k","twitter_card":"summary_large_image","twitter_creator":"@narteks","twitter_site":"@narteks","twitter_misc":{"Yazan:":"Tar\u0131k","Tahmini okuma s\u00fcresi":"2 dakika"},"schema":{"@context":"https:\/\/schema.org","@graph":[{"@type":"Article","@id":"https:\/\/narteks.net\/index.php\/2011\/09\/29\/sadabada-kaside\/#article","isPartOf":{"@id":"https:\/\/narteks.net\/index.php\/2011\/09\/29\/sadabada-kaside\/"},"author":{"name":"Tar\u0131k","@id":"https:\/\/narteks.net\/#\/schema\/person\/61f37d9834294b72d31d274e7ed79bca"},"headline":"SADABAD\u2019A KAS\u0130DE","datePublished":"2011-09-28T21:33:25+00:00","mainEntityOfPage":{"@id":"https:\/\/narteks.net\/index.php\/2011\/09\/29\/sadabada-kaside\/"},"wordCount":332,"commentCount":0,"publisher":{"@id":"https:\/\/narteks.net\/#organization"},"articleSection":["Turgut UYAR"],"inLanguage":"tr","potentialAction":[{"@type":"CommentAction","name":"Comment","target":["https:\/\/narteks.net\/index.php\/2011\/09\/29\/sadabada-kaside\/#respond"]}]},{"@type":"WebPage","@id":"https:\/\/narteks.net\/index.php\/2011\/09\/29\/sadabada-kaside\/","url":"https:\/\/narteks.net\/index.php\/2011\/09\/29\/sadabada-kaside\/","name":"SADABAD\u2019A KAS\u0130DE - narteks.net","isPartOf":{"@id":"https:\/\/narteks.net\/#website"},"datePublished":"2011-09-28T21:33:25+00:00","breadcrumb":{"@id":"https:\/\/narteks.net\/index.php\/2011\/09\/29\/sadabada-kaside\/#breadcrumb"},"inLanguage":"tr","potentialAction":[{"@type":"ReadAction","target":["https:\/\/narteks.net\/index.php\/2011\/09\/29\/sadabada-kaside\/"]}]},{"@type":"BreadcrumbList","@id":"https:\/\/narteks.net\/index.php\/2011\/09\/29\/sadabada-kaside\/#breadcrumb","itemListElement":[{"@type":"ListItem","position":1,"name":"Anasayfa","item":"https:\/\/narteks.net\/"},{"@type":"ListItem","position":2,"name":"SADABAD\u2019A KAS\u0130DE"}]},{"@type":"WebSite","@id":"https:\/\/narteks.net\/#website","url":"https:\/\/narteks.net\/","name":"narteks.net","description":"K\u00fclt\u00fcr Sanat Edebiyat Felsefe","publisher":{"@id":"https:\/\/narteks.net\/#organization"},"alternateName":"K\u00fclt\u00fcr Sanat Edebiyat Felsefe","potentialAction":[{"@type":"SearchAction","target":{"@type":"EntryPoint","urlTemplate":"https:\/\/narteks.net\/?s={search_term_string}"},"query-input":{"@type":"PropertyValueSpecification","valueRequired":true,"valueName":"search_term_string"}}],"inLanguage":"tr"},{"@type":"Organization","@id":"https:\/\/narteks.net\/#organization","name":"narteks.net","url":"https:\/\/narteks.net\/","logo":{"@type":"ImageObject","inLanguage":"tr","@id":"https:\/\/narteks.net\/#\/schema\/logo\/image\/","url":"https:\/\/narteks.net\/wp-content\/uploads\/narteks.png","contentUrl":"https:\/\/narteks.net\/wp-content\/uploads\/narteks.png","width":300,"height":90,"caption":"narteks.net"},"image":{"@id":"https:\/\/narteks.net\/#\/schema\/logo\/image\/"},"sameAs":["https:\/\/x.com\/narteks","https:\/\/instagram.com\/narteksnet"]},{"@type":"Person","@id":"https:\/\/narteks.net\/#\/schema\/person\/61f37d9834294b72d31d274e7ed79bca","name":"Tar\u0131k","image":{"@type":"ImageObject","inLanguage":"tr","@id":"https:\/\/narteks.net\/#\/schema\/person\/image\/","url":"https:\/\/secure.gravatar.com\/avatar\/50865afb55632c4ae467e0af0930f6510aa2297d8014be502a55b14f3b7550cf?s=96&d=mm&r=g","contentUrl":"https:\/\/secure.gravatar.com\/avatar\/50865afb55632c4ae467e0af0930f6510aa2297d8014be502a55b14f3b7550cf?s=96&d=mm&r=g","caption":"Tar\u0131k"},"sameAs":["http:\/\/narteks.net"],"url":"https:\/\/narteks.net\/index.php\/author\/narbak\/"}]}},"_links":{"self":[{"href":"https:\/\/narteks.net\/index.php\/wp-json\/wp\/v2\/posts\/6762","targetHints":{"allow":["GET"]}}],"collection":[{"href":"https:\/\/narteks.net\/index.php\/wp-json\/wp\/v2\/posts"}],"about":[{"href":"https:\/\/narteks.net\/index.php\/wp-json\/wp\/v2\/types\/post"}],"author":[{"embeddable":true,"href":"https:\/\/narteks.net\/index.php\/wp-json\/wp\/v2\/users\/1"}],"replies":[{"embeddable":true,"href":"https:\/\/narteks.net\/index.php\/wp-json\/wp\/v2\/comments?post=6762"}],"version-history":[{"count":0,"href":"https:\/\/narteks.net\/index.php\/wp-json\/wp\/v2\/posts\/6762\/revisions"}],"wp:attachment":[{"href":"https:\/\/narteks.net\/index.php\/wp-json\/wp\/v2\/media?parent=6762"}],"wp:term":[{"taxonomy":"category","embeddable":true,"href":"https:\/\/narteks.net\/index.php\/wp-json\/wp\/v2\/categories?post=6762"},{"taxonomy":"post_tag","embeddable":true,"href":"https:\/\/narteks.net\/index.php\/wp-json\/wp\/v2\/tags?post=6762"}],"curies":[{"name":"wp","href":"https:\/\/api.w.org\/{rel}","templated":true}]}}