{"id":6763,"date":"2011-09-29T00:35:13","date_gmt":"2011-09-28T21:35:13","guid":{"rendered":"http:\/\/localhost\/wordpress\/2011\/09\/29\/umuttur\/"},"modified":"2011-09-29T00:35:13","modified_gmt":"2011-09-28T21:35:13","slug":"umuttur","status":"publish","type":"post","link":"https:\/\/narteks.net\/index.php\/2011\/09\/29\/umuttur\/","title":{"rendered":"UMUTTUR"},"content":{"rendered":"<p>&#8220;sen beni sevdik\u00e7e ey yar derdim artar daima\u201d<br \/>\u00e7\u00fcnk\u00fc beni sevsen de<br \/>g\u00fcvenmezsin bana bilirim<br \/>ama artan her \u015feyle birlikte yanl\u0131\u015fl\u0131k da artar<br \/>mesela her su g\u00f6zya\u015f\u0131 olur<br \/>her d\u00f6nem bir hazin ge\u00e7i\u015f<br \/>suya bo\u015fversem yan\u0131lsama<br \/>aya baksam bir bulut<br \/>sevgisizlikle birlikte yanl\u0131\u015fl\u0131\u011f\u0131n h\u00fckm\u00fc ba\u015flar<\/p>\n<p>bir d\u00fc\u015f\u00fcn ka\u00e7 ki\u015fiyiz bildirilerde<br \/>\u015fimdilik ka\u00e7 paral\u0131\u011f\u0131z hele ak\u015fam olunca<br \/>bunca s\u00fcts\u00fcz\u00fcn kahr\u0131n\u0131 \u00e7ektik d\u00fc\u015f\u00fcn ki<br \/>gene de solu\u011fumuz<br \/>bir orman yang\u0131n\u0131 san\u0131l\u0131r oralarda buralarda<br \/>ezildik ger\u00e7i ama horlanamad\u0131k bunu hat\u0131rlars\u0131n<br \/>mutlaka hat\u0131rlars\u0131n bunu<br \/>tut ki enver b\u0131rak\u0131r tehdidini<br \/>ethem ba\u015flar<\/p>\n<p>\u00e7\u00fcnk\u00fc beni sevsen de bana g\u00fcvenmezsin iyi bilirim<br \/>apoletim s\u0131rmas\u0131z hatta hi\u00e7 yok<br \/>su i\u00e7sem a\u011fz\u0131m\u0131n kenarlar\u0131ndan d\u00f6kerim<br \/>neyi hat\u0131rlat\u0131r benim sana uzak bir bak\u0131\u015f\u0131m<br \/>bilirim<br \/>asl\u0131nda mutsuz ya\u015fay\u0131p gidiyoruz<br \/>\u00f6l\u00fcme direnerek \u015fimdilik<br \/>\u015fimdilik al\u0131ml\u0131 bir ba\u015fka mutluluklara \u00f6zenerek<br \/>a\u015fk\u0131m\u0131z ve mutfak raflar\u0131 ve u\u00e7aklar \u00fcst\u00fcne korkumuz<br \/>bir yudum gelecek ve mutlu saatler \u00fcst\u00fcne korkumuz<br \/>ama birlikte biliyoruz: e\u011filecek bug\u00fcnk\u00fc ba\u015flar<\/p>\n<p>sev beni, al\u0131\u015f bana<br \/>kimse \u00fcrk\u00fctemez ba\u011fland\u0131\u011f\u0131m\u0131z g\u00fczelli\u011fin utkusunu<br \/>sev beni, bir da\u011f g\u00f6lgesi kadar sev<br \/>\u015fimdilik b\u0131rak muslu\u011fun s\u0131zmas\u0131n\u0131 dam\u0131n akmas\u0131n\u0131<br \/>bir t\u0131rnak gibi b\u00fcy\u00fc domuz bir t\u0131rnak gibi<br \/>zorlayarak her bir yan\u0131<br \/>\u00e7\u00fcnk\u00fc biraz sonra umut ba\u015flar her g\u00fcnk\u00fc, ba\u015flar<\/p>\n<p>asl\u0131nda bir al\u0131\u015ft\u0131rmad\u0131r umut<br \/>\u00f6b\u00fcrlerinin az\u0131c\u0131k nefes diye ba\u011f\u0131\u015flad\u0131\u011f\u0131<br \/>-bahar\u0131 beklemeye benzer-<br \/>hain ve olmayanad\u0131r \u00e7\u00fcnk\u00fc<br \/>umutsuzlu\u011fu ta\u015f\u0131r yan\u0131nda<br \/>oysa nas\u0131l olsa gelecektir bahar denen tarih<br \/>\u00f6n\u00fcne durulmaz mant\u0131\u011f\u0131yla do\u011fan\u0131n<br \/>ye\u015filden olma birim<br \/>sudan gelme itmeyle<\/p>\n<p>umut yoktur<br \/>kimse yoktur umut etmemeyi \u00f6nleyecek<br \/>\u00e7\u00fcnk\u00fc umut ka\u00e7\u0131n\u0131lmaz gelecektir<br \/>b\u00fct\u00fcn g\u00fcmb\u00fcrt\u00fcs\u00fcyle<br \/>umut ka\u00e7\u0131n\u0131lmaz ger\u00e7ektir \u00e7\u00fcnk\u00fc<br \/>biri Asya\u2019da biterken s\u00f6zgeli\u015fi, \u015eili\u2019de \u00f6b\u00fcrk\u00fc ba\u015flar .<\/p>\n<p>Turgut UYAR<\/p>\n","protected":false},"excerpt":{"rendered":"<p>&#8220;sen beni sevdik\u00e7e ey yar derdim artar daima\u201d\u00e7\u00fcnk\u00fc beni sevsen deg\u00fcvenmezsin bana bilirimama artan her \u015feyle birlikte yanl\u0131\u015fl\u0131k da artarmesela her su g\u00f6zya\u015f\u0131 olurher d\u00f6nem bir hazin ge\u00e7i\u015fsuya bo\u015fversem yan\u0131lsamaaya baksam bir bulutsevgisizlikle birlikte yanl\u0131\u015fl\u0131\u011f\u0131n h\u00fckm\u00fc ba\u015flar bir d\u00fc\u015f\u00fcn ka\u00e7 ki\u015fiyiz bildirilerde\u015fimdilik ka\u00e7 paral\u0131\u011f\u0131z hele ak\u015fam oluncabunca s\u00fcts\u00fcz\u00fcn kahr\u0131n\u0131 \u00e7ektik d\u00fc\u015f\u00fcn kigene de solu\u011fumuzbir orman [&hellip;]<\/p>\n","protected":false},"author":1,"featured_media":0,"comment_status":"open","ping_status":"open","sticky":false,"template":"","format":"standard","meta":{"footnotes":""},"categories":[65],"tags":[],"class_list":{"0":"post-6763","1":"post","2":"type-post","3":"status-publish","4":"format-standard","6":"category-turgut-uyar"},"yoast_head":"<!-- This site is optimized with the Yoast SEO Premium plugin v24.9 (Yoast SEO v24.9) - https:\/\/yoast.com\/wordpress\/plugins\/seo\/ -->\n<title>UMUTTUR - narteks.net<\/title>\n<meta name=\"robots\" content=\"index, follow, max-snippet:-1, max-image-preview:large, max-video-preview:-1\" \/>\n<link rel=\"canonical\" href=\"https:\/\/narteks.net\/index.php\/2011\/09\/29\/umuttur\/\" \/>\n<meta property=\"og:locale\" content=\"tr_TR\" \/>\n<meta property=\"og:type\" content=\"article\" \/>\n<meta property=\"og:title\" content=\"UMUTTUR\" \/>\n<meta property=\"og:description\" content=\"&#8220;sen beni sevdik\u00e7e ey yar derdim artar daima\u201d\u00e7\u00fcnk\u00fc beni sevsen deg\u00fcvenmezsin bana bilirimama artan her \u015feyle birlikte yanl\u0131\u015fl\u0131k da artarmesela her su g\u00f6zya\u015f\u0131 olurher d\u00f6nem bir hazin ge\u00e7i\u015fsuya bo\u015fversem yan\u0131lsamaaya baksam bir bulutsevgisizlikle birlikte yanl\u0131\u015fl\u0131\u011f\u0131n h\u00fckm\u00fc ba\u015flar bir d\u00fc\u015f\u00fcn ka\u00e7 ki\u015fiyiz bildirilerde\u015fimdilik ka\u00e7 paral\u0131\u011f\u0131z hele ak\u015fam oluncabunca s\u00fcts\u00fcz\u00fcn kahr\u0131n\u0131 \u00e7ektik d\u00fc\u015f\u00fcn kigene de solu\u011fumuzbir orman [&hellip;]\" \/>\n<meta property=\"og:url\" content=\"https:\/\/narteks.net\/index.php\/2011\/09\/29\/umuttur\/\" \/>\n<meta property=\"og:site_name\" content=\"narteks.net\" \/>\n<meta property=\"article:published_time\" content=\"2011-09-28T21:35:13+00:00\" \/>\n<meta property=\"og:image\" content=\"https:\/\/narteks.net\/wp-content\/uploads\/narteks.png\" \/>\n\t<meta property=\"og:image:width\" content=\"300\" \/>\n\t<meta property=\"og:image:height\" content=\"90\" \/>\n\t<meta property=\"og:image:type\" content=\"image\/png\" \/>\n<meta name=\"author\" content=\"Tar\u0131k\" \/>\n<meta name=\"twitter:card\" content=\"summary_large_image\" \/>\n<meta name=\"twitter:creator\" content=\"@narteks\" \/>\n<meta name=\"twitter:site\" content=\"@narteks\" \/>\n<meta name=\"twitter:label1\" content=\"Yazan:\" \/>\n\t<meta name=\"twitter:data1\" content=\"Tar\u0131k\" \/>\n\t<meta name=\"twitter:label2\" content=\"Tahmini okuma s\u00fcresi\" \/>\n\t<meta name=\"twitter:data2\" content=\"2 dakika\" \/>\n<script type=\"application\/ld+json\" class=\"yoast-schema-graph\">{\"@context\":\"https:\/\/schema.org\",\"@graph\":[{\"@type\":\"Article\",\"@id\":\"https:\/\/narteks.net\/index.php\/2011\/09\/29\/umuttur\/#article\",\"isPartOf\":{\"@id\":\"https:\/\/narteks.net\/index.php\/2011\/09\/29\/umuttur\/\"},\"author\":{\"name\":\"Tar\u0131k\",\"@id\":\"https:\/\/narteks.net\/#\/schema\/person\/61f37d9834294b72d31d274e7ed79bca\"},\"headline\":\"UMUTTUR\",\"datePublished\":\"2011-09-28T21:35:13+00:00\",\"mainEntityOfPage\":{\"@id\":\"https:\/\/narteks.net\/index.php\/2011\/09\/29\/umuttur\/\"},\"wordCount\":338,\"commentCount\":0,\"publisher\":{\"@id\":\"https:\/\/narteks.net\/#organization\"},\"articleSection\":[\"Turgut UYAR\"],\"inLanguage\":\"tr\",\"potentialAction\":[{\"@type\":\"CommentAction\",\"name\":\"Comment\",\"target\":[\"https:\/\/narteks.net\/index.php\/2011\/09\/29\/umuttur\/#respond\"]}]},{\"@type\":\"WebPage\",\"@id\":\"https:\/\/narteks.net\/index.php\/2011\/09\/29\/umuttur\/\",\"url\":\"https:\/\/narteks.net\/index.php\/2011\/09\/29\/umuttur\/\",\"name\":\"UMUTTUR - narteks.net\",\"isPartOf\":{\"@id\":\"https:\/\/narteks.net\/#website\"},\"datePublished\":\"2011-09-28T21:35:13+00:00\",\"breadcrumb\":{\"@id\":\"https:\/\/narteks.net\/index.php\/2011\/09\/29\/umuttur\/#breadcrumb\"},\"inLanguage\":\"tr\",\"potentialAction\":[{\"@type\":\"ReadAction\",\"target\":[\"https:\/\/narteks.net\/index.php\/2011\/09\/29\/umuttur\/\"]}]},{\"@type\":\"BreadcrumbList\",\"@id\":\"https:\/\/narteks.net\/index.php\/2011\/09\/29\/umuttur\/#breadcrumb\",\"itemListElement\":[{\"@type\":\"ListItem\",\"position\":1,\"name\":\"Anasayfa\",\"item\":\"https:\/\/narteks.net\/\"},{\"@type\":\"ListItem\",\"position\":2,\"name\":\"UMUTTUR\"}]},{\"@type\":\"WebSite\",\"@id\":\"https:\/\/narteks.net\/#website\",\"url\":\"https:\/\/narteks.net\/\",\"name\":\"narteks.net\",\"description\":\"K\u00fclt\u00fcr Sanat Edebiyat Felsefe\",\"publisher\":{\"@id\":\"https:\/\/narteks.net\/#organization\"},\"alternateName\":\"K\u00fclt\u00fcr Sanat Edebiyat Felsefe\",\"potentialAction\":[{\"@type\":\"SearchAction\",\"target\":{\"@type\":\"EntryPoint\",\"urlTemplate\":\"https:\/\/narteks.net\/?s={search_term_string}\"},\"query-input\":{\"@type\":\"PropertyValueSpecification\",\"valueRequired\":true,\"valueName\":\"search_term_string\"}}],\"inLanguage\":\"tr\"},{\"@type\":\"Organization\",\"@id\":\"https:\/\/narteks.net\/#organization\",\"name\":\"narteks.net\",\"url\":\"https:\/\/narteks.net\/\",\"logo\":{\"@type\":\"ImageObject\",\"inLanguage\":\"tr\",\"@id\":\"https:\/\/narteks.net\/#\/schema\/logo\/image\/\",\"url\":\"https:\/\/narteks.net\/wp-content\/uploads\/narteks.png\",\"contentUrl\":\"https:\/\/narteks.net\/wp-content\/uploads\/narteks.png\",\"width\":300,\"height\":90,\"caption\":\"narteks.net\"},\"image\":{\"@id\":\"https:\/\/narteks.net\/#\/schema\/logo\/image\/\"},\"sameAs\":[\"https:\/\/x.com\/narteks\",\"https:\/\/instagram.com\/narteksnet\"]},{\"@type\":\"Person\",\"@id\":\"https:\/\/narteks.net\/#\/schema\/person\/61f37d9834294b72d31d274e7ed79bca\",\"name\":\"Tar\u0131k\",\"image\":{\"@type\":\"ImageObject\",\"inLanguage\":\"tr\",\"@id\":\"https:\/\/narteks.net\/#\/schema\/person\/image\/\",\"url\":\"https:\/\/secure.gravatar.com\/avatar\/50865afb55632c4ae467e0af0930f6510aa2297d8014be502a55b14f3b7550cf?s=96&d=mm&r=g\",\"contentUrl\":\"https:\/\/secure.gravatar.com\/avatar\/50865afb55632c4ae467e0af0930f6510aa2297d8014be502a55b14f3b7550cf?s=96&d=mm&r=g\",\"caption\":\"Tar\u0131k\"},\"sameAs\":[\"http:\/\/narteks.net\"],\"url\":\"https:\/\/narteks.net\/index.php\/author\/narbak\/\"}]}<\/script>\n<!-- \/ Yoast SEO Premium plugin. -->","yoast_head_json":{"title":"UMUTTUR - narteks.net","robots":{"index":"index","follow":"follow","max-snippet":"max-snippet:-1","max-image-preview":"max-image-preview:large","max-video-preview":"max-video-preview:-1"},"canonical":"https:\/\/narteks.net\/index.php\/2011\/09\/29\/umuttur\/","og_locale":"tr_TR","og_type":"article","og_title":"UMUTTUR","og_description":"&#8220;sen beni sevdik\u00e7e ey yar derdim artar daima\u201d\u00e7\u00fcnk\u00fc beni sevsen deg\u00fcvenmezsin bana bilirimama artan her \u015feyle birlikte yanl\u0131\u015fl\u0131k da artarmesela her su g\u00f6zya\u015f\u0131 olurher d\u00f6nem bir hazin ge\u00e7i\u015fsuya bo\u015fversem yan\u0131lsamaaya baksam bir bulutsevgisizlikle birlikte yanl\u0131\u015fl\u0131\u011f\u0131n h\u00fckm\u00fc ba\u015flar bir d\u00fc\u015f\u00fcn ka\u00e7 ki\u015fiyiz bildirilerde\u015fimdilik ka\u00e7 paral\u0131\u011f\u0131z hele ak\u015fam oluncabunca s\u00fcts\u00fcz\u00fcn kahr\u0131n\u0131 \u00e7ektik d\u00fc\u015f\u00fcn kigene de solu\u011fumuzbir orman [&hellip;]","og_url":"https:\/\/narteks.net\/index.php\/2011\/09\/29\/umuttur\/","og_site_name":"narteks.net","article_published_time":"2011-09-28T21:35:13+00:00","og_image":[{"width":300,"height":90,"url":"https:\/\/narteks.net\/wp-content\/uploads\/narteks.png","type":"image\/png"}],"author":"Tar\u0131k","twitter_card":"summary_large_image","twitter_creator":"@narteks","twitter_site":"@narteks","twitter_misc":{"Yazan:":"Tar\u0131k","Tahmini okuma s\u00fcresi":"2 dakika"},"schema":{"@context":"https:\/\/schema.org","@graph":[{"@type":"Article","@id":"https:\/\/narteks.net\/index.php\/2011\/09\/29\/umuttur\/#article","isPartOf":{"@id":"https:\/\/narteks.net\/index.php\/2011\/09\/29\/umuttur\/"},"author":{"name":"Tar\u0131k","@id":"https:\/\/narteks.net\/#\/schema\/person\/61f37d9834294b72d31d274e7ed79bca"},"headline":"UMUTTUR","datePublished":"2011-09-28T21:35:13+00:00","mainEntityOfPage":{"@id":"https:\/\/narteks.net\/index.php\/2011\/09\/29\/umuttur\/"},"wordCount":338,"commentCount":0,"publisher":{"@id":"https:\/\/narteks.net\/#organization"},"articleSection":["Turgut UYAR"],"inLanguage":"tr","potentialAction":[{"@type":"CommentAction","name":"Comment","target":["https:\/\/narteks.net\/index.php\/2011\/09\/29\/umuttur\/#respond"]}]},{"@type":"WebPage","@id":"https:\/\/narteks.net\/index.php\/2011\/09\/29\/umuttur\/","url":"https:\/\/narteks.net\/index.php\/2011\/09\/29\/umuttur\/","name":"UMUTTUR - narteks.net","isPartOf":{"@id":"https:\/\/narteks.net\/#website"},"datePublished":"2011-09-28T21:35:13+00:00","breadcrumb":{"@id":"https:\/\/narteks.net\/index.php\/2011\/09\/29\/umuttur\/#breadcrumb"},"inLanguage":"tr","potentialAction":[{"@type":"ReadAction","target":["https:\/\/narteks.net\/index.php\/2011\/09\/29\/umuttur\/"]}]},{"@type":"BreadcrumbList","@id":"https:\/\/narteks.net\/index.php\/2011\/09\/29\/umuttur\/#breadcrumb","itemListElement":[{"@type":"ListItem","position":1,"name":"Anasayfa","item":"https:\/\/narteks.net\/"},{"@type":"ListItem","position":2,"name":"UMUTTUR"}]},{"@type":"WebSite","@id":"https:\/\/narteks.net\/#website","url":"https:\/\/narteks.net\/","name":"narteks.net","description":"K\u00fclt\u00fcr Sanat Edebiyat Felsefe","publisher":{"@id":"https:\/\/narteks.net\/#organization"},"alternateName":"K\u00fclt\u00fcr Sanat Edebiyat Felsefe","potentialAction":[{"@type":"SearchAction","target":{"@type":"EntryPoint","urlTemplate":"https:\/\/narteks.net\/?s={search_term_string}"},"query-input":{"@type":"PropertyValueSpecification","valueRequired":true,"valueName":"search_term_string"}}],"inLanguage":"tr"},{"@type":"Organization","@id":"https:\/\/narteks.net\/#organization","name":"narteks.net","url":"https:\/\/narteks.net\/","logo":{"@type":"ImageObject","inLanguage":"tr","@id":"https:\/\/narteks.net\/#\/schema\/logo\/image\/","url":"https:\/\/narteks.net\/wp-content\/uploads\/narteks.png","contentUrl":"https:\/\/narteks.net\/wp-content\/uploads\/narteks.png","width":300,"height":90,"caption":"narteks.net"},"image":{"@id":"https:\/\/narteks.net\/#\/schema\/logo\/image\/"},"sameAs":["https:\/\/x.com\/narteks","https:\/\/instagram.com\/narteksnet"]},{"@type":"Person","@id":"https:\/\/narteks.net\/#\/schema\/person\/61f37d9834294b72d31d274e7ed79bca","name":"Tar\u0131k","image":{"@type":"ImageObject","inLanguage":"tr","@id":"https:\/\/narteks.net\/#\/schema\/person\/image\/","url":"https:\/\/secure.gravatar.com\/avatar\/50865afb55632c4ae467e0af0930f6510aa2297d8014be502a55b14f3b7550cf?s=96&d=mm&r=g","contentUrl":"https:\/\/secure.gravatar.com\/avatar\/50865afb55632c4ae467e0af0930f6510aa2297d8014be502a55b14f3b7550cf?s=96&d=mm&r=g","caption":"Tar\u0131k"},"sameAs":["http:\/\/narteks.net"],"url":"https:\/\/narteks.net\/index.php\/author\/narbak\/"}]}},"_links":{"self":[{"href":"https:\/\/narteks.net\/index.php\/wp-json\/wp\/v2\/posts\/6763","targetHints":{"allow":["GET"]}}],"collection":[{"href":"https:\/\/narteks.net\/index.php\/wp-json\/wp\/v2\/posts"}],"about":[{"href":"https:\/\/narteks.net\/index.php\/wp-json\/wp\/v2\/types\/post"}],"author":[{"embeddable":true,"href":"https:\/\/narteks.net\/index.php\/wp-json\/wp\/v2\/users\/1"}],"replies":[{"embeddable":true,"href":"https:\/\/narteks.net\/index.php\/wp-json\/wp\/v2\/comments?post=6763"}],"version-history":[{"count":0,"href":"https:\/\/narteks.net\/index.php\/wp-json\/wp\/v2\/posts\/6763\/revisions"}],"wp:attachment":[{"href":"https:\/\/narteks.net\/index.php\/wp-json\/wp\/v2\/media?parent=6763"}],"wp:term":[{"taxonomy":"category","embeddable":true,"href":"https:\/\/narteks.net\/index.php\/wp-json\/wp\/v2\/categories?post=6763"},{"taxonomy":"post_tag","embeddable":true,"href":"https:\/\/narteks.net\/index.php\/wp-json\/wp\/v2\/tags?post=6763"}],"curies":[{"name":"wp","href":"https:\/\/api.w.org\/{rel}","templated":true}]}}