{"id":6765,"date":"2011-09-29T00:41:05","date_gmt":"2011-09-28T21:41:05","guid":{"rendered":"http:\/\/localhost\/wordpress\/2011\/09\/29\/iyimser-bir-sonuca\/"},"modified":"2011-09-29T00:41:05","modified_gmt":"2011-09-28T21:41:05","slug":"iyimser-bir-sonuca","status":"publish","type":"post","link":"https:\/\/narteks.net\/index.php\/2011\/09\/29\/iyimser-bir-sonuca\/","title":{"rendered":"\u0130Y\u0130MSER B\u0130R SONU\u00c7&#8217;A"},"content":{"rendered":"<p>\u00a0<\/p>\n<p>Ben bir g\u00fcn giderim ki neyim kal\u0131r<br \/> Eksik b\u0131rakt\u0131\u011f\u0131m her \u015feyim kal\u0131r<\/p>\n<p> Yaz g\u00fcn\u00fc kim ister ki \u00f6ld\u00fc\u011f\u00fcn\u00fc<br \/> Eksik b\u0131rakt\u0131\u011f\u0131m her \u015feyim kal\u0131r<\/p>\n<p> Ya\u015famam bir beyazl\u0131k gibi sanki<br \/> Eksik b\u0131rakt\u0131\u011f\u0131m her \u015feyim kal\u0131r<\/p>\n<p> Geni\u015flerim da\u011f\u0131l\u0131r\u0131m beyaz\u0131m<br \/> Ben bir g\u00fcn giderim ki neyim kal\u0131r<\/p>\n<p> Ben bir g\u00fcn giderim ki ey diri at<br \/> Elbette benim de bir \u015feyim kal\u0131r<\/p>\n<p>Turgut UYAR<\/p>\n","protected":false},"excerpt":{"rendered":"<p>\u00a0 Ben bir g\u00fcn giderim ki neyim kal\u0131r Eksik b\u0131rakt\u0131\u011f\u0131m her \u015feyim kal\u0131r Yaz g\u00fcn\u00fc kim ister ki \u00f6ld\u00fc\u011f\u00fcn\u00fc Eksik b\u0131rakt\u0131\u011f\u0131m her \u015feyim kal\u0131r Ya\u015famam bir beyazl\u0131k gibi sanki Eksik b\u0131rakt\u0131\u011f\u0131m her \u015feyim kal\u0131r Geni\u015flerim da\u011f\u0131l\u0131r\u0131m beyaz\u0131m Ben bir g\u00fcn giderim ki neyim kal\u0131r Ben bir g\u00fcn giderim ki ey diri at Elbette benim de [&hellip;]<\/p>\n","protected":false},"author":1,"featured_media":0,"comment_status":"open","ping_status":"open","sticky":false,"template":"","format":"standard","meta":{"footnotes":""},"categories":[65],"tags":[],"class_list":{"0":"post-6765","1":"post","2":"type-post","3":"status-publish","4":"format-standard","6":"category-turgut-uyar"},"yoast_head":"<!-- This site is optimized with the Yoast SEO Premium plugin v24.9 (Yoast SEO v24.9) - https:\/\/yoast.com\/wordpress\/plugins\/seo\/ -->\n<title>\u0130Y\u0130MSER B\u0130R SONU\u00c7&#039;A - narteks.net<\/title>\n<meta name=\"robots\" content=\"index, follow, max-snippet:-1, max-image-preview:large, max-video-preview:-1\" \/>\n<link rel=\"canonical\" href=\"https:\/\/narteks.net\/index.php\/2011\/09\/29\/iyimser-bir-sonuca\/\" \/>\n<meta property=\"og:locale\" content=\"tr_TR\" \/>\n<meta property=\"og:type\" content=\"article\" \/>\n<meta property=\"og:title\" content=\"\u0130Y\u0130MSER B\u0130R SONU\u00c7&#039;A\" \/>\n<meta property=\"og:description\" content=\"\u00a0 Ben bir g\u00fcn giderim ki neyim kal\u0131r Eksik b\u0131rakt\u0131\u011f\u0131m her \u015feyim kal\u0131r Yaz g\u00fcn\u00fc kim ister ki \u00f6ld\u00fc\u011f\u00fcn\u00fc Eksik b\u0131rakt\u0131\u011f\u0131m her \u015feyim kal\u0131r Ya\u015famam bir beyazl\u0131k gibi sanki Eksik b\u0131rakt\u0131\u011f\u0131m her \u015feyim kal\u0131r Geni\u015flerim da\u011f\u0131l\u0131r\u0131m beyaz\u0131m Ben bir g\u00fcn giderim ki neyim kal\u0131r Ben bir g\u00fcn giderim ki ey diri at Elbette benim de [&hellip;]\" \/>\n<meta property=\"og:url\" content=\"https:\/\/narteks.net\/index.php\/2011\/09\/29\/iyimser-bir-sonuca\/\" \/>\n<meta property=\"og:site_name\" content=\"narteks.net\" \/>\n<meta property=\"article:published_time\" content=\"2011-09-28T21:41:05+00:00\" \/>\n<meta property=\"og:image\" content=\"https:\/\/narteks.net\/wp-content\/uploads\/narteks.png\" \/>\n\t<meta property=\"og:image:width\" content=\"300\" \/>\n\t<meta property=\"og:image:height\" content=\"90\" \/>\n\t<meta property=\"og:image:type\" content=\"image\/png\" \/>\n<meta name=\"author\" content=\"Tar\u0131k\" \/>\n<meta name=\"twitter:card\" content=\"summary_large_image\" \/>\n<meta name=\"twitter:creator\" content=\"@narteks\" \/>\n<meta name=\"twitter:site\" content=\"@narteks\" \/>\n<meta name=\"twitter:label1\" content=\"Yazan:\" \/>\n\t<meta name=\"twitter:data1\" content=\"Tar\u0131k\" \/>\n<script type=\"application\/ld+json\" class=\"yoast-schema-graph\">{\"@context\":\"https:\/\/schema.org\",\"@graph\":[{\"@type\":\"Article\",\"@id\":\"https:\/\/narteks.net\/index.php\/2011\/09\/29\/iyimser-bir-sonuca\/#article\",\"isPartOf\":{\"@id\":\"https:\/\/narteks.net\/index.php\/2011\/09\/29\/iyimser-bir-sonuca\/\"},\"author\":{\"name\":\"Tar\u0131k\",\"@id\":\"https:\/\/narteks.net\/#\/schema\/person\/61f37d9834294b72d31d274e7ed79bca\"},\"headline\":\"\u0130Y\u0130MSER B\u0130R SONU\u00c7&#8217;A\",\"datePublished\":\"2011-09-28T21:41:05+00:00\",\"mainEntityOfPage\":{\"@id\":\"https:\/\/narteks.net\/index.php\/2011\/09\/29\/iyimser-bir-sonuca\/\"},\"wordCount\":89,\"commentCount\":0,\"publisher\":{\"@id\":\"https:\/\/narteks.net\/#organization\"},\"articleSection\":[\"Turgut UYAR\"],\"inLanguage\":\"tr\",\"potentialAction\":[{\"@type\":\"CommentAction\",\"name\":\"Comment\",\"target\":[\"https:\/\/narteks.net\/index.php\/2011\/09\/29\/iyimser-bir-sonuca\/#respond\"]}]},{\"@type\":\"WebPage\",\"@id\":\"https:\/\/narteks.net\/index.php\/2011\/09\/29\/iyimser-bir-sonuca\/\",\"url\":\"https:\/\/narteks.net\/index.php\/2011\/09\/29\/iyimser-bir-sonuca\/\",\"name\":\"\u0130Y\u0130MSER B\u0130R SONU\u00c7'A - narteks.net\",\"isPartOf\":{\"@id\":\"https:\/\/narteks.net\/#website\"},\"datePublished\":\"2011-09-28T21:41:05+00:00\",\"breadcrumb\":{\"@id\":\"https:\/\/narteks.net\/index.php\/2011\/09\/29\/iyimser-bir-sonuca\/#breadcrumb\"},\"inLanguage\":\"tr\",\"potentialAction\":[{\"@type\":\"ReadAction\",\"target\":[\"https:\/\/narteks.net\/index.php\/2011\/09\/29\/iyimser-bir-sonuca\/\"]}]},{\"@type\":\"BreadcrumbList\",\"@id\":\"https:\/\/narteks.net\/index.php\/2011\/09\/29\/iyimser-bir-sonuca\/#breadcrumb\",\"itemListElement\":[{\"@type\":\"ListItem\",\"position\":1,\"name\":\"Anasayfa\",\"item\":\"https:\/\/narteks.net\/\"},{\"@type\":\"ListItem\",\"position\":2,\"name\":\"\u0130Y\u0130MSER B\u0130R SONU\u00c7&#8217;A\"}]},{\"@type\":\"WebSite\",\"@id\":\"https:\/\/narteks.net\/#website\",\"url\":\"https:\/\/narteks.net\/\",\"name\":\"narteks.net\",\"description\":\"K\u00fclt\u00fcr Sanat Edebiyat Felsefe\",\"publisher\":{\"@id\":\"https:\/\/narteks.net\/#organization\"},\"alternateName\":\"K\u00fclt\u00fcr Sanat Edebiyat Felsefe\",\"potentialAction\":[{\"@type\":\"SearchAction\",\"target\":{\"@type\":\"EntryPoint\",\"urlTemplate\":\"https:\/\/narteks.net\/?s={search_term_string}\"},\"query-input\":{\"@type\":\"PropertyValueSpecification\",\"valueRequired\":true,\"valueName\":\"search_term_string\"}}],\"inLanguage\":\"tr\"},{\"@type\":\"Organization\",\"@id\":\"https:\/\/narteks.net\/#organization\",\"name\":\"narteks.net\",\"url\":\"https:\/\/narteks.net\/\",\"logo\":{\"@type\":\"ImageObject\",\"inLanguage\":\"tr\",\"@id\":\"https:\/\/narteks.net\/#\/schema\/logo\/image\/\",\"url\":\"https:\/\/narteks.net\/wp-content\/uploads\/narteks.png\",\"contentUrl\":\"https:\/\/narteks.net\/wp-content\/uploads\/narteks.png\",\"width\":300,\"height\":90,\"caption\":\"narteks.net\"},\"image\":{\"@id\":\"https:\/\/narteks.net\/#\/schema\/logo\/image\/\"},\"sameAs\":[\"https:\/\/x.com\/narteks\",\"https:\/\/instagram.com\/narteksnet\"]},{\"@type\":\"Person\",\"@id\":\"https:\/\/narteks.net\/#\/schema\/person\/61f37d9834294b72d31d274e7ed79bca\",\"name\":\"Tar\u0131k\",\"image\":{\"@type\":\"ImageObject\",\"inLanguage\":\"tr\",\"@id\":\"https:\/\/narteks.net\/#\/schema\/person\/image\/\",\"url\":\"https:\/\/secure.gravatar.com\/avatar\/50865afb55632c4ae467e0af0930f6510aa2297d8014be502a55b14f3b7550cf?s=96&d=mm&r=g\",\"contentUrl\":\"https:\/\/secure.gravatar.com\/avatar\/50865afb55632c4ae467e0af0930f6510aa2297d8014be502a55b14f3b7550cf?s=96&d=mm&r=g\",\"caption\":\"Tar\u0131k\"},\"sameAs\":[\"http:\/\/narteks.net\"],\"url\":\"https:\/\/narteks.net\/index.php\/author\/narbak\/\"}]}<\/script>\n<!-- \/ Yoast SEO Premium plugin. -->","yoast_head_json":{"title":"\u0130Y\u0130MSER B\u0130R SONU\u00c7'A - narteks.net","robots":{"index":"index","follow":"follow","max-snippet":"max-snippet:-1","max-image-preview":"max-image-preview:large","max-video-preview":"max-video-preview:-1"},"canonical":"https:\/\/narteks.net\/index.php\/2011\/09\/29\/iyimser-bir-sonuca\/","og_locale":"tr_TR","og_type":"article","og_title":"\u0130Y\u0130MSER B\u0130R SONU\u00c7'A","og_description":"\u00a0 Ben bir g\u00fcn giderim ki neyim kal\u0131r Eksik b\u0131rakt\u0131\u011f\u0131m her \u015feyim kal\u0131r Yaz g\u00fcn\u00fc kim ister ki \u00f6ld\u00fc\u011f\u00fcn\u00fc Eksik b\u0131rakt\u0131\u011f\u0131m her \u015feyim kal\u0131r Ya\u015famam bir beyazl\u0131k gibi sanki Eksik b\u0131rakt\u0131\u011f\u0131m her \u015feyim kal\u0131r Geni\u015flerim da\u011f\u0131l\u0131r\u0131m beyaz\u0131m Ben bir g\u00fcn giderim ki neyim kal\u0131r Ben bir g\u00fcn giderim ki ey diri at Elbette benim de [&hellip;]","og_url":"https:\/\/narteks.net\/index.php\/2011\/09\/29\/iyimser-bir-sonuca\/","og_site_name":"narteks.net","article_published_time":"2011-09-28T21:41:05+00:00","og_image":[{"width":300,"height":90,"url":"https:\/\/narteks.net\/wp-content\/uploads\/narteks.png","type":"image\/png"}],"author":"Tar\u0131k","twitter_card":"summary_large_image","twitter_creator":"@narteks","twitter_site":"@narteks","twitter_misc":{"Yazan:":"Tar\u0131k"},"schema":{"@context":"https:\/\/schema.org","@graph":[{"@type":"Article","@id":"https:\/\/narteks.net\/index.php\/2011\/09\/29\/iyimser-bir-sonuca\/#article","isPartOf":{"@id":"https:\/\/narteks.net\/index.php\/2011\/09\/29\/iyimser-bir-sonuca\/"},"author":{"name":"Tar\u0131k","@id":"https:\/\/narteks.net\/#\/schema\/person\/61f37d9834294b72d31d274e7ed79bca"},"headline":"\u0130Y\u0130MSER B\u0130R SONU\u00c7&#8217;A","datePublished":"2011-09-28T21:41:05+00:00","mainEntityOfPage":{"@id":"https:\/\/narteks.net\/index.php\/2011\/09\/29\/iyimser-bir-sonuca\/"},"wordCount":89,"commentCount":0,"publisher":{"@id":"https:\/\/narteks.net\/#organization"},"articleSection":["Turgut UYAR"],"inLanguage":"tr","potentialAction":[{"@type":"CommentAction","name":"Comment","target":["https:\/\/narteks.net\/index.php\/2011\/09\/29\/iyimser-bir-sonuca\/#respond"]}]},{"@type":"WebPage","@id":"https:\/\/narteks.net\/index.php\/2011\/09\/29\/iyimser-bir-sonuca\/","url":"https:\/\/narteks.net\/index.php\/2011\/09\/29\/iyimser-bir-sonuca\/","name":"\u0130Y\u0130MSER B\u0130R SONU\u00c7'A - narteks.net","isPartOf":{"@id":"https:\/\/narteks.net\/#website"},"datePublished":"2011-09-28T21:41:05+00:00","breadcrumb":{"@id":"https:\/\/narteks.net\/index.php\/2011\/09\/29\/iyimser-bir-sonuca\/#breadcrumb"},"inLanguage":"tr","potentialAction":[{"@type":"ReadAction","target":["https:\/\/narteks.net\/index.php\/2011\/09\/29\/iyimser-bir-sonuca\/"]}]},{"@type":"BreadcrumbList","@id":"https:\/\/narteks.net\/index.php\/2011\/09\/29\/iyimser-bir-sonuca\/#breadcrumb","itemListElement":[{"@type":"ListItem","position":1,"name":"Anasayfa","item":"https:\/\/narteks.net\/"},{"@type":"ListItem","position":2,"name":"\u0130Y\u0130MSER B\u0130R SONU\u00c7&#8217;A"}]},{"@type":"WebSite","@id":"https:\/\/narteks.net\/#website","url":"https:\/\/narteks.net\/","name":"narteks.net","description":"K\u00fclt\u00fcr Sanat Edebiyat Felsefe","publisher":{"@id":"https:\/\/narteks.net\/#organization"},"alternateName":"K\u00fclt\u00fcr Sanat Edebiyat Felsefe","potentialAction":[{"@type":"SearchAction","target":{"@type":"EntryPoint","urlTemplate":"https:\/\/narteks.net\/?s={search_term_string}"},"query-input":{"@type":"PropertyValueSpecification","valueRequired":true,"valueName":"search_term_string"}}],"inLanguage":"tr"},{"@type":"Organization","@id":"https:\/\/narteks.net\/#organization","name":"narteks.net","url":"https:\/\/narteks.net\/","logo":{"@type":"ImageObject","inLanguage":"tr","@id":"https:\/\/narteks.net\/#\/schema\/logo\/image\/","url":"https:\/\/narteks.net\/wp-content\/uploads\/narteks.png","contentUrl":"https:\/\/narteks.net\/wp-content\/uploads\/narteks.png","width":300,"height":90,"caption":"narteks.net"},"image":{"@id":"https:\/\/narteks.net\/#\/schema\/logo\/image\/"},"sameAs":["https:\/\/x.com\/narteks","https:\/\/instagram.com\/narteksnet"]},{"@type":"Person","@id":"https:\/\/narteks.net\/#\/schema\/person\/61f37d9834294b72d31d274e7ed79bca","name":"Tar\u0131k","image":{"@type":"ImageObject","inLanguage":"tr","@id":"https:\/\/narteks.net\/#\/schema\/person\/image\/","url":"https:\/\/secure.gravatar.com\/avatar\/50865afb55632c4ae467e0af0930f6510aa2297d8014be502a55b14f3b7550cf?s=96&d=mm&r=g","contentUrl":"https:\/\/secure.gravatar.com\/avatar\/50865afb55632c4ae467e0af0930f6510aa2297d8014be502a55b14f3b7550cf?s=96&d=mm&r=g","caption":"Tar\u0131k"},"sameAs":["http:\/\/narteks.net"],"url":"https:\/\/narteks.net\/index.php\/author\/narbak\/"}]}},"_links":{"self":[{"href":"https:\/\/narteks.net\/index.php\/wp-json\/wp\/v2\/posts\/6765","targetHints":{"allow":["GET"]}}],"collection":[{"href":"https:\/\/narteks.net\/index.php\/wp-json\/wp\/v2\/posts"}],"about":[{"href":"https:\/\/narteks.net\/index.php\/wp-json\/wp\/v2\/types\/post"}],"author":[{"embeddable":true,"href":"https:\/\/narteks.net\/index.php\/wp-json\/wp\/v2\/users\/1"}],"replies":[{"embeddable":true,"href":"https:\/\/narteks.net\/index.php\/wp-json\/wp\/v2\/comments?post=6765"}],"version-history":[{"count":0,"href":"https:\/\/narteks.net\/index.php\/wp-json\/wp\/v2\/posts\/6765\/revisions"}],"wp:attachment":[{"href":"https:\/\/narteks.net\/index.php\/wp-json\/wp\/v2\/media?parent=6765"}],"wp:term":[{"taxonomy":"category","embeddable":true,"href":"https:\/\/narteks.net\/index.php\/wp-json\/wp\/v2\/categories?post=6765"},{"taxonomy":"post_tag","embeddable":true,"href":"https:\/\/narteks.net\/index.php\/wp-json\/wp\/v2\/tags?post=6765"}],"curies":[{"name":"wp","href":"https:\/\/api.w.org\/{rel}","templated":true}]}}