{"id":6768,"date":"2011-09-29T00:42:58","date_gmt":"2011-09-28T21:42:58","guid":{"rendered":"http:\/\/localhost\/wordpress\/2011\/09\/29\/karisik-saatlere\/"},"modified":"2011-09-29T00:42:58","modified_gmt":"2011-09-28T21:42:58","slug":"karisik-saatlere","status":"publish","type":"post","link":"https:\/\/narteks.net\/index.php\/2011\/09\/29\/karisik-saatlere\/","title":{"rendered":"KARI\u015eIK SAATLER&#8217;E"},"content":{"rendered":"<p>soylulu\u011fumu an\u0131ms\u0131yorum. Bir gece farkettim<br \/>sinemada m\u0131yd\u0131 bir \u015fehirde mi bilmiyorum<\/p>\n<p>\u00f6nce her \u015feyi ben haz\u0131rl\u0131yorum sonra geliyorlar<br \/>saat ikide mi, i\u00e7kide mi, on birde mi bilmiyorum<\/p>\n<p>kar\u0131\u015f\u0131kl\u0131k! Ke\u00e7ileri seviyorum tuz gibi<br \/>susuzlukta m\u0131, \u015f\u00f6yle ak\u015famlarda m\u0131 bilmiyorum<\/p>\n<p>her \u015fey bozuktur bir \u00f6\u011fle y\u00fcr\u00fcy\u00fc\u015f\u00fcnde<br \/>g\u00fcnlerin ak\u0131tt\u0131\u011f\u0131 \u0131rmaklardan m\u0131 bilmiyorum<\/p>\n<p>ben tutunurum saatsiz bir yelkovana<br \/>saat ikide mi, k\u0131r\u0131lmada m\u0131, on birde mi bilmiyorum<\/p>\n<p>ad\u0131n bir g\u00fczelli\u011fe yak\u0131\u015f\u0131r elbet yak\u0131\u015f\u0131r<br \/>bir intiharda m\u0131, bir \u015fiirde mi bilmiyorum<\/p>\n<p>Turgut UYAR<\/p>\n<p>\u00a0<\/p>\n","protected":false},"excerpt":{"rendered":"<p>soylulu\u011fumu an\u0131ms\u0131yorum. Bir gece farkettimsinemada m\u0131yd\u0131 bir \u015fehirde mi bilmiyorum \u00f6nce her \u015feyi ben haz\u0131rl\u0131yorum sonra geliyorlarsaat ikide mi, i\u00e7kide mi, on birde mi bilmiyorum kar\u0131\u015f\u0131kl\u0131k! Ke\u00e7ileri seviyorum tuz gibisusuzlukta m\u0131, \u015f\u00f6yle ak\u015famlarda m\u0131 bilmiyorum her \u015fey bozuktur bir \u00f6\u011fle y\u00fcr\u00fcy\u00fc\u015f\u00fcndeg\u00fcnlerin ak\u0131tt\u0131\u011f\u0131 \u0131rmaklardan m\u0131 bilmiyorum ben tutunurum saatsiz bir yelkovanasaat ikide mi, k\u0131r\u0131lmada m\u0131, on [&hellip;]<\/p>\n","protected":false},"author":1,"featured_media":0,"comment_status":"open","ping_status":"open","sticky":false,"template":"","format":"standard","meta":{"footnotes":""},"categories":[65],"tags":[],"class_list":{"0":"post-6768","1":"post","2":"type-post","3":"status-publish","4":"format-standard","6":"category-turgut-uyar"},"yoast_head":"<!-- This site is optimized with the Yoast SEO Premium plugin v24.9 (Yoast SEO v24.9) - https:\/\/yoast.com\/wordpress\/plugins\/seo\/ -->\n<title>KARI\u015eIK SAATLER&#039;E - narteks.net<\/title>\n<meta name=\"robots\" content=\"index, follow, max-snippet:-1, max-image-preview:large, max-video-preview:-1\" \/>\n<link rel=\"canonical\" href=\"https:\/\/narteks.net\/index.php\/2011\/09\/29\/karisik-saatlere\/\" \/>\n<meta property=\"og:locale\" content=\"tr_TR\" \/>\n<meta property=\"og:type\" content=\"article\" \/>\n<meta property=\"og:title\" content=\"KARI\u015eIK SAATLER&#039;E\" \/>\n<meta property=\"og:description\" content=\"soylulu\u011fumu an\u0131ms\u0131yorum. Bir gece farkettimsinemada m\u0131yd\u0131 bir \u015fehirde mi bilmiyorum \u00f6nce her \u015feyi ben haz\u0131rl\u0131yorum sonra geliyorlarsaat ikide mi, i\u00e7kide mi, on birde mi bilmiyorum kar\u0131\u015f\u0131kl\u0131k! Ke\u00e7ileri seviyorum tuz gibisusuzlukta m\u0131, \u015f\u00f6yle ak\u015famlarda m\u0131 bilmiyorum her \u015fey bozuktur bir \u00f6\u011fle y\u00fcr\u00fcy\u00fc\u015f\u00fcndeg\u00fcnlerin ak\u0131tt\u0131\u011f\u0131 \u0131rmaklardan m\u0131 bilmiyorum ben tutunurum saatsiz bir yelkovanasaat ikide mi, k\u0131r\u0131lmada m\u0131, on [&hellip;]\" \/>\n<meta property=\"og:url\" content=\"https:\/\/narteks.net\/index.php\/2011\/09\/29\/karisik-saatlere\/\" \/>\n<meta property=\"og:site_name\" content=\"narteks.net\" \/>\n<meta property=\"article:published_time\" content=\"2011-09-28T21:42:58+00:00\" \/>\n<meta property=\"og:image\" content=\"https:\/\/narteks.net\/wp-content\/uploads\/narteks.png\" \/>\n\t<meta property=\"og:image:width\" content=\"300\" \/>\n\t<meta property=\"og:image:height\" content=\"90\" \/>\n\t<meta property=\"og:image:type\" content=\"image\/png\" \/>\n<meta name=\"author\" content=\"Tar\u0131k\" \/>\n<meta name=\"twitter:card\" content=\"summary_large_image\" \/>\n<meta name=\"twitter:creator\" content=\"@narteks\" \/>\n<meta name=\"twitter:site\" content=\"@narteks\" \/>\n<meta name=\"twitter:label1\" content=\"Yazan:\" \/>\n\t<meta name=\"twitter:data1\" content=\"Tar\u0131k\" \/>\n<script type=\"application\/ld+json\" class=\"yoast-schema-graph\">{\"@context\":\"https:\/\/schema.org\",\"@graph\":[{\"@type\":\"Article\",\"@id\":\"https:\/\/narteks.net\/index.php\/2011\/09\/29\/karisik-saatlere\/#article\",\"isPartOf\":{\"@id\":\"https:\/\/narteks.net\/index.php\/2011\/09\/29\/karisik-saatlere\/\"},\"author\":{\"name\":\"Tar\u0131k\",\"@id\":\"https:\/\/narteks.net\/#\/schema\/person\/61f37d9834294b72d31d274e7ed79bca\"},\"headline\":\"KARI\u015eIK SAATLER&#8217;E\",\"datePublished\":\"2011-09-28T21:42:58+00:00\",\"mainEntityOfPage\":{\"@id\":\"https:\/\/narteks.net\/index.php\/2011\/09\/29\/karisik-saatlere\/\"},\"wordCount\":98,\"commentCount\":0,\"publisher\":{\"@id\":\"https:\/\/narteks.net\/#organization\"},\"articleSection\":[\"Turgut UYAR\"],\"inLanguage\":\"tr\",\"potentialAction\":[{\"@type\":\"CommentAction\",\"name\":\"Comment\",\"target\":[\"https:\/\/narteks.net\/index.php\/2011\/09\/29\/karisik-saatlere\/#respond\"]}]},{\"@type\":\"WebPage\",\"@id\":\"https:\/\/narteks.net\/index.php\/2011\/09\/29\/karisik-saatlere\/\",\"url\":\"https:\/\/narteks.net\/index.php\/2011\/09\/29\/karisik-saatlere\/\",\"name\":\"KARI\u015eIK SAATLER'E - narteks.net\",\"isPartOf\":{\"@id\":\"https:\/\/narteks.net\/#website\"},\"datePublished\":\"2011-09-28T21:42:58+00:00\",\"breadcrumb\":{\"@id\":\"https:\/\/narteks.net\/index.php\/2011\/09\/29\/karisik-saatlere\/#breadcrumb\"},\"inLanguage\":\"tr\",\"potentialAction\":[{\"@type\":\"ReadAction\",\"target\":[\"https:\/\/narteks.net\/index.php\/2011\/09\/29\/karisik-saatlere\/\"]}]},{\"@type\":\"BreadcrumbList\",\"@id\":\"https:\/\/narteks.net\/index.php\/2011\/09\/29\/karisik-saatlere\/#breadcrumb\",\"itemListElement\":[{\"@type\":\"ListItem\",\"position\":1,\"name\":\"Anasayfa\",\"item\":\"https:\/\/narteks.net\/\"},{\"@type\":\"ListItem\",\"position\":2,\"name\":\"KARI\u015eIK SAATLER&#8217;E\"}]},{\"@type\":\"WebSite\",\"@id\":\"https:\/\/narteks.net\/#website\",\"url\":\"https:\/\/narteks.net\/\",\"name\":\"narteks.net\",\"description\":\"K\u00fclt\u00fcr Sanat Edebiyat Felsefe\",\"publisher\":{\"@id\":\"https:\/\/narteks.net\/#organization\"},\"alternateName\":\"K\u00fclt\u00fcr Sanat Edebiyat Felsefe\",\"potentialAction\":[{\"@type\":\"SearchAction\",\"target\":{\"@type\":\"EntryPoint\",\"urlTemplate\":\"https:\/\/narteks.net\/?s={search_term_string}\"},\"query-input\":{\"@type\":\"PropertyValueSpecification\",\"valueRequired\":true,\"valueName\":\"search_term_string\"}}],\"inLanguage\":\"tr\"},{\"@type\":\"Organization\",\"@id\":\"https:\/\/narteks.net\/#organization\",\"name\":\"narteks.net\",\"url\":\"https:\/\/narteks.net\/\",\"logo\":{\"@type\":\"ImageObject\",\"inLanguage\":\"tr\",\"@id\":\"https:\/\/narteks.net\/#\/schema\/logo\/image\/\",\"url\":\"https:\/\/narteks.net\/wp-content\/uploads\/narteks.png\",\"contentUrl\":\"https:\/\/narteks.net\/wp-content\/uploads\/narteks.png\",\"width\":300,\"height\":90,\"caption\":\"narteks.net\"},\"image\":{\"@id\":\"https:\/\/narteks.net\/#\/schema\/logo\/image\/\"},\"sameAs\":[\"https:\/\/x.com\/narteks\",\"https:\/\/instagram.com\/narteksnet\"]},{\"@type\":\"Person\",\"@id\":\"https:\/\/narteks.net\/#\/schema\/person\/61f37d9834294b72d31d274e7ed79bca\",\"name\":\"Tar\u0131k\",\"image\":{\"@type\":\"ImageObject\",\"inLanguage\":\"tr\",\"@id\":\"https:\/\/narteks.net\/#\/schema\/person\/image\/\",\"url\":\"https:\/\/secure.gravatar.com\/avatar\/50865afb55632c4ae467e0af0930f6510aa2297d8014be502a55b14f3b7550cf?s=96&d=mm&r=g\",\"contentUrl\":\"https:\/\/secure.gravatar.com\/avatar\/50865afb55632c4ae467e0af0930f6510aa2297d8014be502a55b14f3b7550cf?s=96&d=mm&r=g\",\"caption\":\"Tar\u0131k\"},\"sameAs\":[\"http:\/\/narteks.net\"],\"url\":\"https:\/\/narteks.net\/index.php\/author\/narbak\/\"}]}<\/script>\n<!-- \/ Yoast SEO Premium plugin. -->","yoast_head_json":{"title":"KARI\u015eIK SAATLER'E - narteks.net","robots":{"index":"index","follow":"follow","max-snippet":"max-snippet:-1","max-image-preview":"max-image-preview:large","max-video-preview":"max-video-preview:-1"},"canonical":"https:\/\/narteks.net\/index.php\/2011\/09\/29\/karisik-saatlere\/","og_locale":"tr_TR","og_type":"article","og_title":"KARI\u015eIK SAATLER'E","og_description":"soylulu\u011fumu an\u0131ms\u0131yorum. Bir gece farkettimsinemada m\u0131yd\u0131 bir \u015fehirde mi bilmiyorum \u00f6nce her \u015feyi ben haz\u0131rl\u0131yorum sonra geliyorlarsaat ikide mi, i\u00e7kide mi, on birde mi bilmiyorum kar\u0131\u015f\u0131kl\u0131k! Ke\u00e7ileri seviyorum tuz gibisusuzlukta m\u0131, \u015f\u00f6yle ak\u015famlarda m\u0131 bilmiyorum her \u015fey bozuktur bir \u00f6\u011fle y\u00fcr\u00fcy\u00fc\u015f\u00fcndeg\u00fcnlerin ak\u0131tt\u0131\u011f\u0131 \u0131rmaklardan m\u0131 bilmiyorum ben tutunurum saatsiz bir yelkovanasaat ikide mi, k\u0131r\u0131lmada m\u0131, on [&hellip;]","og_url":"https:\/\/narteks.net\/index.php\/2011\/09\/29\/karisik-saatlere\/","og_site_name":"narteks.net","article_published_time":"2011-09-28T21:42:58+00:00","og_image":[{"width":300,"height":90,"url":"https:\/\/narteks.net\/wp-content\/uploads\/narteks.png","type":"image\/png"}],"author":"Tar\u0131k","twitter_card":"summary_large_image","twitter_creator":"@narteks","twitter_site":"@narteks","twitter_misc":{"Yazan:":"Tar\u0131k"},"schema":{"@context":"https:\/\/schema.org","@graph":[{"@type":"Article","@id":"https:\/\/narteks.net\/index.php\/2011\/09\/29\/karisik-saatlere\/#article","isPartOf":{"@id":"https:\/\/narteks.net\/index.php\/2011\/09\/29\/karisik-saatlere\/"},"author":{"name":"Tar\u0131k","@id":"https:\/\/narteks.net\/#\/schema\/person\/61f37d9834294b72d31d274e7ed79bca"},"headline":"KARI\u015eIK SAATLER&#8217;E","datePublished":"2011-09-28T21:42:58+00:00","mainEntityOfPage":{"@id":"https:\/\/narteks.net\/index.php\/2011\/09\/29\/karisik-saatlere\/"},"wordCount":98,"commentCount":0,"publisher":{"@id":"https:\/\/narteks.net\/#organization"},"articleSection":["Turgut UYAR"],"inLanguage":"tr","potentialAction":[{"@type":"CommentAction","name":"Comment","target":["https:\/\/narteks.net\/index.php\/2011\/09\/29\/karisik-saatlere\/#respond"]}]},{"@type":"WebPage","@id":"https:\/\/narteks.net\/index.php\/2011\/09\/29\/karisik-saatlere\/","url":"https:\/\/narteks.net\/index.php\/2011\/09\/29\/karisik-saatlere\/","name":"KARI\u015eIK SAATLER'E - narteks.net","isPartOf":{"@id":"https:\/\/narteks.net\/#website"},"datePublished":"2011-09-28T21:42:58+00:00","breadcrumb":{"@id":"https:\/\/narteks.net\/index.php\/2011\/09\/29\/karisik-saatlere\/#breadcrumb"},"inLanguage":"tr","potentialAction":[{"@type":"ReadAction","target":["https:\/\/narteks.net\/index.php\/2011\/09\/29\/karisik-saatlere\/"]}]},{"@type":"BreadcrumbList","@id":"https:\/\/narteks.net\/index.php\/2011\/09\/29\/karisik-saatlere\/#breadcrumb","itemListElement":[{"@type":"ListItem","position":1,"name":"Anasayfa","item":"https:\/\/narteks.net\/"},{"@type":"ListItem","position":2,"name":"KARI\u015eIK SAATLER&#8217;E"}]},{"@type":"WebSite","@id":"https:\/\/narteks.net\/#website","url":"https:\/\/narteks.net\/","name":"narteks.net","description":"K\u00fclt\u00fcr Sanat Edebiyat Felsefe","publisher":{"@id":"https:\/\/narteks.net\/#organization"},"alternateName":"K\u00fclt\u00fcr Sanat Edebiyat Felsefe","potentialAction":[{"@type":"SearchAction","target":{"@type":"EntryPoint","urlTemplate":"https:\/\/narteks.net\/?s={search_term_string}"},"query-input":{"@type":"PropertyValueSpecification","valueRequired":true,"valueName":"search_term_string"}}],"inLanguage":"tr"},{"@type":"Organization","@id":"https:\/\/narteks.net\/#organization","name":"narteks.net","url":"https:\/\/narteks.net\/","logo":{"@type":"ImageObject","inLanguage":"tr","@id":"https:\/\/narteks.net\/#\/schema\/logo\/image\/","url":"https:\/\/narteks.net\/wp-content\/uploads\/narteks.png","contentUrl":"https:\/\/narteks.net\/wp-content\/uploads\/narteks.png","width":300,"height":90,"caption":"narteks.net"},"image":{"@id":"https:\/\/narteks.net\/#\/schema\/logo\/image\/"},"sameAs":["https:\/\/x.com\/narteks","https:\/\/instagram.com\/narteksnet"]},{"@type":"Person","@id":"https:\/\/narteks.net\/#\/schema\/person\/61f37d9834294b72d31d274e7ed79bca","name":"Tar\u0131k","image":{"@type":"ImageObject","inLanguage":"tr","@id":"https:\/\/narteks.net\/#\/schema\/person\/image\/","url":"https:\/\/secure.gravatar.com\/avatar\/50865afb55632c4ae467e0af0930f6510aa2297d8014be502a55b14f3b7550cf?s=96&d=mm&r=g","contentUrl":"https:\/\/secure.gravatar.com\/avatar\/50865afb55632c4ae467e0af0930f6510aa2297d8014be502a55b14f3b7550cf?s=96&d=mm&r=g","caption":"Tar\u0131k"},"sameAs":["http:\/\/narteks.net"],"url":"https:\/\/narteks.net\/index.php\/author\/narbak\/"}]}},"_links":{"self":[{"href":"https:\/\/narteks.net\/index.php\/wp-json\/wp\/v2\/posts\/6768","targetHints":{"allow":["GET"]}}],"collection":[{"href":"https:\/\/narteks.net\/index.php\/wp-json\/wp\/v2\/posts"}],"about":[{"href":"https:\/\/narteks.net\/index.php\/wp-json\/wp\/v2\/types\/post"}],"author":[{"embeddable":true,"href":"https:\/\/narteks.net\/index.php\/wp-json\/wp\/v2\/users\/1"}],"replies":[{"embeddable":true,"href":"https:\/\/narteks.net\/index.php\/wp-json\/wp\/v2\/comments?post=6768"}],"version-history":[{"count":0,"href":"https:\/\/narteks.net\/index.php\/wp-json\/wp\/v2\/posts\/6768\/revisions"}],"wp:attachment":[{"href":"https:\/\/narteks.net\/index.php\/wp-json\/wp\/v2\/media?parent=6768"}],"wp:term":[{"taxonomy":"category","embeddable":true,"href":"https:\/\/narteks.net\/index.php\/wp-json\/wp\/v2\/categories?post=6768"},{"taxonomy":"post_tag","embeddable":true,"href":"https:\/\/narteks.net\/index.php\/wp-json\/wp\/v2\/tags?post=6768"}],"curies":[{"name":"wp","href":"https:\/\/api.w.org\/{rel}","templated":true}]}}