{"id":677,"date":"2009-04-16T11:35:47","date_gmt":"2009-04-16T08:35:47","guid":{"rendered":"http:\/\/localhost\/wordpress\/2009\/04\/16\/melih-cevdet-anday-biyografisi\/"},"modified":"2009-04-16T11:35:47","modified_gmt":"2009-04-16T08:35:47","slug":"melih-cevdet-anday-biyografisi","status":"publish","type":"post","link":"https:\/\/narteks.net\/index.php\/2009\/04\/16\/melih-cevdet-anday-biyografisi\/","title":{"rendered":"Melih Cevdet ANDAY Biyografisi"},"content":{"rendered":"<p><img loading=\"lazy\" decoding=\"async\" src=\"http:\/\/upload.wikimedia.org\/wikipedia\/tr\/thumb\/d\/d9\/Melih_Cevdet_Anday.jpg\/225px-Melih_Cevdet_Anday.jpg\" border=\"0\" alt=\"\u015fair ve yazar\" width=\"155\" height=\"205\" style=\"border: 0;\" \/><\/p>\n<p style=\"text-align: justify;\">Melih Cevdet Anday (13 Mart 1915, \u0130stanbul \u2013 28 Kas\u0131m 2002, \u0130stanbul), \u015fair, tiyatro oyunu, roman, deneme, makale yazar\u0131.<\/p>\n<p style=\"text-align: justify;\">Lise arkada\u015flar\u0131 Orhan Veli ve Oktay Rifat&#8217;la birlikte ortaya \u00e7\u0131kard\u0131klar\u0131 Garip Ak\u0131m\u0131 ile T\u00fcrk \u015fiirindeki yenilenmeyi ba\u015flatm\u0131\u015ft\u0131r. Kollar\u0131 Ba\u011fl\u0131 Odysseus ile kendine \u00f6zg\u00fc felsefi \u015fiir ak\u0131m\u0131n\u0131 ba\u015flatm\u0131\u015f, Garip Ak\u0131m\u0131`ndan ayr\u0131lm\u0131\u015ft\u0131r. UNESCO&#8217;nun Courrier dergisi, 1971 y\u0131l\u0131nda onu Cervantes, Dante, Tolstoy, Unamuno, Seferis ve Kawabata d\u00fczeyinde bir edebiyat adam\u0131 olarak g\u00f6rd\u00fc\u011f\u00fcn\u00fc a\u00e7\u0131klam\u0131\u015ft\u0131r.<\/p>\n<p>\u00a0<\/p>\n<p style=\"text-align: justify;\">\u0130stanbul&#8217;da do\u011fan Melih Cevdet Anday&#8217;\u0131n \u00e7ocuklu\u011fu Kad\u0131k\u00f6y Bahariye&#8217;de ge\u00e7ti. Ortaokula kadar \u0130stanbul&#8217;da e\u011fitim g\u00f6rd\u00fc. Liseyi ise Ankara&#8217;da, Gazi Lisesi&#8217;nde tamamlad\u0131. Lisede okudu\u011fu s\u0131rada, Orhan Veli ve Oktay Rifat ile tan\u0131\u015ft\u0131.<\/p>\n<p style=\"text-align: justify;\">Liseyi bitirdikten sonra bir s\u00fcre Hukuk Fak\u00fcltesi&#8217;ne devam etti. Daha sonra Ankara \u00dcniversitesi Dil ve Tarih Co\u011frafya Fak\u00fcltesi&#8217;ne kaydoldu. Ancak Devlet Demiryollar\u0131&#8217;nda memur olarak \u00e7al\u0131\u015ft\u0131\u011f\u0131 i\u00e7in \u00f6\u011frenimine devam edemedi. \u00c7al\u0131\u015ft\u0131\u011f\u0131 kurulu\u015f taraf\u0131ndan sosyoloji \u00f6\u011frenimi g\u00f6rmek i\u00e7in Bel\u00e7ika&#8217;ya g\u00f6nderildi.<\/p>\n<p style=\"text-align: justify;\">Ukde isimli \u015fiiri 1936&#8217;da Varl\u0131k Dergisi&#8217;nde yay\u0131nland\u0131. Bunun ard\u0131ndan \u015fiirleri Ses, Yaprak, Yeditepe, Papir\u00fcs, Yeni Ufuklar, Yeni Dergi, Soyut, Ata\u00e7, D\u00f6nem, Y\u00f6n gibi dergilerde yay\u0131nland\u0131. Orhan Veli ve Oktay Rifat ile birlikte 1941 y\u0131l\u0131nda Garip isimli \u015fiir kitab\u0131n\u0131 \u00e7\u0131kard\u0131.<\/p>\n<p style=\"text-align: justify;\">Hasan \u00c2li Y\u00fccel&#8217;in tavsiyesi ile Milli E\u011fitim Bakanl\u0131\u011f\u0131 Ne\u015friyat M\u00fcd\u00fcrl\u00fc\u011f\u00fc&#8217;ne memur olarak atand\u0131. 1946 se\u00e7imleriyle birlikte bakanl\u0131\u011f\u0131n el de\u011fi\u015ftirmesi sonras\u0131nda \u00f6nce yeniden askere al\u0131nd\u0131, sonra Konya&#8217;ya atand\u0131. Ancak bu atama daha sonra geri al\u0131nd\u0131. Anday, bir s\u00fcre sonra bu g\u00f6revinden ayr\u0131larak \u0130stanbul&#8217;a d\u00f6nd\u00fc.<\/p>\n<div class=\"thumb tright\">\n<div class=\"thumbinner\" style=\"width: 202px;\"><img loading=\"lazy\" decoding=\"async\" class=\"thumbimage\" src=\"http:\/\/upload.wikimedia.org\/wikipedia\/commons\/thumb\/8\/82\/Melih_Cevdet_Anday.JPG\/200px-Melih_Cevdet_Anday.JPG\" border=\"0\" width=\"200\" height=\"261\" \/><\/p>\n<div class=\"thumbcaption\">\n<div class=\"magnify\"><\/div>\n<p>Melih Cevdet Anday&#8217;\u0131n \u00d6ren&#8217;deki heykeli<\/p><\/div>\n<\/div>\n<\/div>\n<p style=\"text-align: justify;\">1953-1954 y\u0131llar\u0131 aras\u0131nda Ak\u015fam Gazetesi&#8217;nin edebiyat ve sanat sayfas\u0131n\u0131 haz\u0131rlad\u0131. Fikirleri sebebiyle i\u015ften \u00e7\u0131kar\u0131ld\u0131. Do\u011fan Karde\u015f Yay\u0131nlar\u0131&#8217;na ge\u00e7ti ve \u00e7eviriler yapt\u0131. Buradaki g\u00f6revinden de ayn\u0131 sebeple ayr\u0131lmak zorunda kald\u0131.<\/p>\n<p style=\"text-align: justify;\">1958&#8217;den itibaren Terc\u00fcman, B\u00fcy\u00fck Gazete, Yeni Tanin ve \u0130kdam&#8217;da kendi ad\u0131yla ve \u00e7e\u015fitli takma adlarla denemeler ve makaleler yazd\u0131, tefrika romanlar yay\u0131nlad\u0131. 1960&#8217;ta Nadir Nadi&#8217;nin deste\u011fiyle Cumhuriyet&#8217;te k\u00f6\u015fe yaz\u0131lar\u0131 yazmaya ba\u015flad\u0131. Bu gazetedeki yaz\u0131lar\u0131n\u0131 1997&#8217;ye kadar s\u00fcrd\u00fcrd\u00fc.<\/p>\n<p style=\"text-align: justify;\">1956&#8217;da yay\u0131nlad\u0131\u011f\u0131 Yanyana isimli \u015fiir kitab\u0131, 142. maddeye ayk\u0131r\u0131 oldu\u011fu gerek\u00e7esiyle 1964&#8217;te yasakland\u0131. Anday gerek \u015fiir kitaplar\u0131yla, gerekse daha sonralar\u0131 y\u00f6neldi\u011fi roman ve tiyatro alanlar\u0131ndaki yap\u0131tlar\u0131yla bir \u00e7ok \u00f6d\u00fcl ald\u0131.<\/p>\n<p style=\"text-align: justify;\">Anday, \u0130stanbul Belediye Konservatuar\u0131 Tiyatro B\u00f6l\u00fcm\u00fc&#8217;nde diksiyon, \u00f6zel bir tiyatro okulunda mitoloji dersleri verdi. 1964-1969 y\u0131llar\u0131 aras\u0131nda TRT&#8217;de y\u00f6netim kurulu \u00fcyeli\u011fi, 1979-1980 y\u0131llar\u0131nda da Paris&#8217;te e\u011fitim m\u00fc\u015favirli\u011fi g\u00f6revlerinde bulundu.<\/p>\n<p style=\"text-align: justify;\">Solunum ve b\u00f6brek yetmezli\u011fi tan\u0131s\u0131yla Marmara \u00dcniversitesi Ko\u015fuyolu Hastanesi&#8217;ne kald\u0131r\u0131lan Melih Cevdet Anday, 28 Kas\u0131m 2002&#8217;de 87 ya\u015f\u0131nda vefat etti.<\/p>\n<p style=\"text-align: justify;\">Yurtd\u0131\u015f\u0131nda kat\u0131ld\u0131\u011f\u0131 bir kongrede Louis Aragon un kendisine sormu\u015f oldu\u011fu: &#8220;sizdeki klasikler nelerdir\u00a0?&#8221; sorusuna &#8220;bizde klasik yoktur&#8221; demi\u015ftir. (Kaynak: Tarihin Arka Odas\u0131 Program\u0131nda Murat Bardak\u00e7\u0131 taraf\u0131ndan Attil\u00e2 \u0130lhan referans g\u00f6sterilerek a\u00e7\u0131klanm\u0131\u015ft\u0131r. Hatta Murat Bardak\u00e7\u0131 taraf\u0131ndan bu davran\u0131\u015f &#8220;Utan\u00e7 Verici&#8221; olarak tan\u0131mlanm\u0131\u015ft\u0131r.)<\/p>\n<p>\u00a0<\/p>\n<p><strong>Takma Adlar\u0131<\/strong><\/p>\n<p style=\"text-align: justify;\">Anday, eserlerinde kendi ad\u0131 haricinde \u015fu takma adlar\u0131 da kullanm\u0131\u015ft\u0131r: Ya\u015far Tellidede, Niyaz Niyazo\u011flu, A. Mecdi Velet, M. C. A., H. Mecdi Velet, Ya\u015far Tellidere, Gani Girgin, Zater, Ya\u015far Tellio\u011flu<\/p>\n<p>\u00a0<\/p>\n<p style=\"text-align: justify;\"><strong>Eserleri<\/strong><\/p>\n<p>\u015eiir<\/p>\n<p> * Garip (1941, Orhan Veli ve Oktay Rifat&#8217;la birlikte)<br \/> * Rahat\u0131 Ka\u00e7an A\u011fa\u00e7 (1946)<br \/> * Telgrafhane (1952)<br \/> * Yanyana (1956)<br \/> * Kollar\u0131 Ba\u011fl\u0131 Odysseus (1962)<br \/> * G\u00f6\u00e7ebe Denizin \u00dcst\u00fcnde (1970)<br \/> * Teknenin \u00d6l\u00fcm\u00fc (1975)<br \/> * S\u00f6zc\u00fckler (1978, toplu \u015fiirler)<br \/> * \u00d6l\u00fcms\u00fczl\u00fck Ard\u0131nda G\u0131lgam\u0131\u015f (1981)<br \/> * Tan\u0131d\u0131k D\u00fcnya (1984)<br \/> * G\u00fcne\u015fte (1989)<br \/> * Ya\u011fmurun Alt\u0131nda (1995)<br \/> * Yalan<br \/> * \u015einanay<\/p>\n<p>Roman<\/p>\n<p>Babalar ve O\u011fullar ( 1983- [Turgenyev] )<\/p>\n<p>Zifaftan \u00d6nce (1957 &#8211; Murat Tek ad\u0131yla)<\/p>\n<p> * Ya\u011fmurlu Sokak (1959 &#8211; Murat Tek ad\u0131yla)<br \/> * Dullar \u00c7\u0131kmaz\u0131 (1962 &#8211; Murat Tek ad\u0131yla)<br \/> * Bir Gecede \u00dc\u00e7 Erkek (Murat Tek ad\u0131yla)<br \/> * Aylaklar (1965)<br \/> * Gizli Emir (1970)<br \/> * \u0130sa&#8217;n\u0131n G\u00fcncesi (1974)<br \/> * Raziye (1975)<\/p>\n<p>\u015eiir \u00c7evirileri<\/p>\n<p> * Annabel Lee &#8211; Edgar Allan Poe<br \/> * Atl\u0131n\u0131n T\u00fcrk\u00fcs\u00fc &#8211; Federico Garcia Lorca<br \/> * Ben de &#8211; Langston Hughes<br \/> * Bir Zenci K\u0131z\u0131n T\u00fcrk\u00fcs\u00fc &#8211; Langston Hughes<br \/> * \u00c7ayhane &#8211; Ezra Pound<br \/> * Gece. \u015eehir Uyumu\u015f. &#8211; Aleksandr Blok<br \/> * H\u00fcrriyet &#8211; Paul \u00c9luard<br \/> * Kanun &#8211; Wystan Hugh Auden<br \/> * Pan \u00d6ld\u00fc &#8211; Ezra Pound<br \/> * \u015eiir Sanat\u0131 &#8211; Paul Verlaine<\/p>\n<p>\u015eiir \u00dczerine Yaz\u0131lar<\/p>\n<p> * Anlam\u0131n Anlam\u0131<br \/> * \u00c7a\u011flar Ge\u00e7iyor<br \/> * \u015eiir \u00dczerine<br \/> * \u015eiirin Vazge\u00e7ilmez \u00dc\u00e7 D\u00f6nemi<br \/> * \u015eiirin Anlam\u0131<br \/> * Uzun \u015eiir &#8211; K\u0131sa \u015eiir<br \/> * Yar\u0131n D\u00fc\u015f\u00fcncesi<\/p>\n<p>Roman \u00c7evirisi<\/p>\n<p> * Buz Saray\u0131 (1973 &#8211; Tarjei Vesaas)<\/p>\n<p>Tiyatro Oyunu<\/p>\n<p> * \u0130\u00e7erdekiler (1965)<br \/> * Mikadonun \u00c7\u00f6pleri (1967)<br \/> * Yar\u0131n Ba\u015fka Koruda<br \/> * Dikkat K\u00f6pek Var<br \/> * \u00d6l\u00fcler Konu\u015fmak \u0130ster<br \/> * M\u00fcfetti\u015fler (1972)<br \/> * \u00d6l\u00fcms\u00fczler (1984)<\/p>\n<p>\u00d6d\u00fclleri<\/p>\n<p> * 1970 TRT Roman Arma\u011fan\u0131 (Gizli Emir ile)<br \/> * 1973 TDK \u00c7eviri \u00d6d\u00fcl\u00fc (Buz Saray\u0131 ile)<br \/> * 1976 Yeditepe \u015eiir Arma\u011fan\u0131 (Teknenin \u00d6l\u00fcm\u00fc ile)<br \/> * 1978 Sedat Simavi Vakf\u0131 Edebiyat \u00d6d\u00fcl\u00fc (S\u00f6zc\u00fckler ile)<br \/> * 1981 \u0130\u015f Bankas\u0131 B\u00fcy\u00fck \u00d6d\u00fcl\u00fc (\u00d6l\u00fcms\u00fczl\u00fck Ard\u0131nda G\u0131lgam\u0131\u015f ile)<br \/> * 1984 Enka Sanat \u00d6d\u00fclleri (Mansiyon &#8211; \u00d6l\u00fcms\u00fczler ile)<br \/> * 1991 T\u00dcYAP Onur \u00d6d\u00fcl\u00fc<br \/> * 2000 Ayd\u0131n Do\u011fan Vakf\u0131 \u015eiir \u00d6d\u00fcl\u00fc<\/p>\n","protected":false},"excerpt":{"rendered":"<p>Melih Cevdet Anday (13 Mart 1915, \u0130stanbul \u2013 28 Kas\u0131m 2002, \u0130stanbul), \u015fair, tiyatro oyunu, roman, deneme, makale yazar\u0131. Lise arkada\u015flar\u0131 Orhan Veli ve Oktay Rifat&#8217;la birlikte ortaya \u00e7\u0131kard\u0131klar\u0131 Garip Ak\u0131m\u0131 ile T\u00fcrk \u015fiirindeki yenilenmeyi ba\u015flatm\u0131\u015ft\u0131r. Kollar\u0131 Ba\u011fl\u0131 Odysseus ile kendine \u00f6zg\u00fc felsefi \u015fiir ak\u0131m\u0131n\u0131 ba\u015flatm\u0131\u015f, Garip Ak\u0131m\u0131`ndan ayr\u0131lm\u0131\u015ft\u0131r. UNESCO&#8217;nun Courrier dergisi, 1971 y\u0131l\u0131nda onu [&hellip;]<\/p>\n","protected":false},"author":1,"featured_media":0,"comment_status":"open","ping_status":"open","sticky":false,"template":"","format":"standard","meta":{"footnotes":""},"categories":[22],"tags":[],"class_list":["post-677","post","type-post","status-publish","format-standard","category-m-cevdet-anday"],"yoast_head":"<!-- This site is optimized with the Yoast SEO Premium plugin v24.9 (Yoast SEO v24.9) - https:\/\/yoast.com\/wordpress\/plugins\/seo\/ -->\n<title>Melih Cevdet ANDAY Biyografisi - narteks.net<\/title>\n<meta name=\"robots\" content=\"index, follow, max-snippet:-1, max-image-preview:large, max-video-preview:-1\" \/>\n<link rel=\"canonical\" href=\"https:\/\/narteks.net\/index.php\/2009\/04\/16\/melih-cevdet-anday-biyografisi\/\" \/>\n<meta property=\"og:locale\" content=\"tr_TR\" \/>\n<meta property=\"og:type\" content=\"article\" \/>\n<meta property=\"og:title\" content=\"Melih Cevdet ANDAY Biyografisi\" \/>\n<meta property=\"og:description\" content=\"Melih Cevdet Anday (13 Mart 1915, \u0130stanbul \u2013 28 Kas\u0131m 2002, \u0130stanbul), \u015fair, tiyatro oyunu, roman, deneme, makale yazar\u0131. Lise arkada\u015flar\u0131 Orhan Veli ve Oktay Rifat&#8217;la birlikte ortaya \u00e7\u0131kard\u0131klar\u0131 Garip Ak\u0131m\u0131 ile T\u00fcrk \u015fiirindeki yenilenmeyi ba\u015flatm\u0131\u015ft\u0131r. Kollar\u0131 Ba\u011fl\u0131 Odysseus ile kendine \u00f6zg\u00fc felsefi \u015fiir ak\u0131m\u0131n\u0131 ba\u015flatm\u0131\u015f, Garip Ak\u0131m\u0131`ndan ayr\u0131lm\u0131\u015ft\u0131r. UNESCO&#8217;nun Courrier dergisi, 1971 y\u0131l\u0131nda onu [&hellip;]\" \/>\n<meta property=\"og:url\" content=\"https:\/\/narteks.net\/index.php\/2009\/04\/16\/melih-cevdet-anday-biyografisi\/\" \/>\n<meta property=\"og:site_name\" content=\"narteks.net\" \/>\n<meta property=\"article:published_time\" content=\"2009-04-16T08:35:47+00:00\" \/>\n<meta property=\"og:image\" content=\"http:\/\/upload.wikimedia.org\/wikipedia\/tr\/thumb\/d\/d9\/Melih_Cevdet_Anday.jpg\/225px-Melih_Cevdet_Anday.jpg\" \/>\n<meta name=\"author\" content=\"Tar\u0131k\" \/>\n<meta name=\"twitter:card\" content=\"summary_large_image\" \/>\n<meta name=\"twitter:creator\" content=\"@narteks\" \/>\n<meta name=\"twitter:site\" content=\"@narteks\" \/>\n<meta name=\"twitter:label1\" content=\"Yazan:\" \/>\n\t<meta name=\"twitter:data1\" content=\"Tar\u0131k\" \/>\n\t<meta name=\"twitter:label2\" content=\"Tahmini okuma s\u00fcresi\" \/>\n\t<meta name=\"twitter:data2\" content=\"4 dakika\" \/>\n<script type=\"application\/ld+json\" class=\"yoast-schema-graph\">{\"@context\":\"https:\/\/schema.org\",\"@graph\":[{\"@type\":\"Article\",\"@id\":\"https:\/\/narteks.net\/index.php\/2009\/04\/16\/melih-cevdet-anday-biyografisi\/#article\",\"isPartOf\":{\"@id\":\"https:\/\/narteks.net\/index.php\/2009\/04\/16\/melih-cevdet-anday-biyografisi\/\"},\"author\":{\"name\":\"Tar\u0131k\",\"@id\":\"https:\/\/narteks.net\/#\/schema\/person\/61f37d9834294b72d31d274e7ed79bca\"},\"headline\":\"Melih Cevdet ANDAY Biyografisi\",\"datePublished\":\"2009-04-16T08:35:47+00:00\",\"mainEntityOfPage\":{\"@id\":\"https:\/\/narteks.net\/index.php\/2009\/04\/16\/melih-cevdet-anday-biyografisi\/\"},\"wordCount\":890,\"commentCount\":0,\"publisher\":{\"@id\":\"https:\/\/narteks.net\/#organization\"},\"image\":{\"@id\":\"https:\/\/narteks.net\/index.php\/2009\/04\/16\/melih-cevdet-anday-biyografisi\/#primaryimage\"},\"thumbnailUrl\":\"http:\/\/upload.wikimedia.org\/wikipedia\/tr\/thumb\/d\/d9\/Melih_Cevdet_Anday.jpg\/225px-Melih_Cevdet_Anday.jpg\",\"articleSection\":[\"M.Cevdet ANDAY\"],\"inLanguage\":\"tr\",\"potentialAction\":[{\"@type\":\"CommentAction\",\"name\":\"Comment\",\"target\":[\"https:\/\/narteks.net\/index.php\/2009\/04\/16\/melih-cevdet-anday-biyografisi\/#respond\"]}]},{\"@type\":\"WebPage\",\"@id\":\"https:\/\/narteks.net\/index.php\/2009\/04\/16\/melih-cevdet-anday-biyografisi\/\",\"url\":\"https:\/\/narteks.net\/index.php\/2009\/04\/16\/melih-cevdet-anday-biyografisi\/\",\"name\":\"Melih Cevdet ANDAY Biyografisi - narteks.net\",\"isPartOf\":{\"@id\":\"https:\/\/narteks.net\/#website\"},\"primaryImageOfPage\":{\"@id\":\"https:\/\/narteks.net\/index.php\/2009\/04\/16\/melih-cevdet-anday-biyografisi\/#primaryimage\"},\"image\":{\"@id\":\"https:\/\/narteks.net\/index.php\/2009\/04\/16\/melih-cevdet-anday-biyografisi\/#primaryimage\"},\"thumbnailUrl\":\"http:\/\/upload.wikimedia.org\/wikipedia\/tr\/thumb\/d\/d9\/Melih_Cevdet_Anday.jpg\/225px-Melih_Cevdet_Anday.jpg\",\"datePublished\":\"2009-04-16T08:35:47+00:00\",\"breadcrumb\":{\"@id\":\"https:\/\/narteks.net\/index.php\/2009\/04\/16\/melih-cevdet-anday-biyografisi\/#breadcrumb\"},\"inLanguage\":\"tr\",\"potentialAction\":[{\"@type\":\"ReadAction\",\"target\":[\"https:\/\/narteks.net\/index.php\/2009\/04\/16\/melih-cevdet-anday-biyografisi\/\"]}]},{\"@type\":\"ImageObject\",\"inLanguage\":\"tr\",\"@id\":\"https:\/\/narteks.net\/index.php\/2009\/04\/16\/melih-cevdet-anday-biyografisi\/#primaryimage\",\"url\":\"http:\/\/upload.wikimedia.org\/wikipedia\/tr\/thumb\/d\/d9\/Melih_Cevdet_Anday.jpg\/225px-Melih_Cevdet_Anday.jpg\",\"contentUrl\":\"http:\/\/upload.wikimedia.org\/wikipedia\/tr\/thumb\/d\/d9\/Melih_Cevdet_Anday.jpg\/225px-Melih_Cevdet_Anday.jpg\"},{\"@type\":\"BreadcrumbList\",\"@id\":\"https:\/\/narteks.net\/index.php\/2009\/04\/16\/melih-cevdet-anday-biyografisi\/#breadcrumb\",\"itemListElement\":[{\"@type\":\"ListItem\",\"position\":1,\"name\":\"Anasayfa\",\"item\":\"https:\/\/narteks.net\/\"},{\"@type\":\"ListItem\",\"position\":2,\"name\":\"Melih Cevdet ANDAY Biyografisi\"}]},{\"@type\":\"WebSite\",\"@id\":\"https:\/\/narteks.net\/#website\",\"url\":\"https:\/\/narteks.net\/\",\"name\":\"narteks.net\",\"description\":\"K\u00fclt\u00fcr Sanat Edebiyat Felsefe\",\"publisher\":{\"@id\":\"https:\/\/narteks.net\/#organization\"},\"alternateName\":\"K\u00fclt\u00fcr Sanat Edebiyat Felsefe\",\"potentialAction\":[{\"@type\":\"SearchAction\",\"target\":{\"@type\":\"EntryPoint\",\"urlTemplate\":\"https:\/\/narteks.net\/?s={search_term_string}\"},\"query-input\":{\"@type\":\"PropertyValueSpecification\",\"valueRequired\":true,\"valueName\":\"search_term_string\"}}],\"inLanguage\":\"tr\"},{\"@type\":\"Organization\",\"@id\":\"https:\/\/narteks.net\/#organization\",\"name\":\"narteks.net\",\"url\":\"https:\/\/narteks.net\/\",\"logo\":{\"@type\":\"ImageObject\",\"inLanguage\":\"tr\",\"@id\":\"https:\/\/narteks.net\/#\/schema\/logo\/image\/\",\"url\":\"https:\/\/narteks.net\/wp-content\/uploads\/narteks.png\",\"contentUrl\":\"https:\/\/narteks.net\/wp-content\/uploads\/narteks.png\",\"width\":300,\"height\":90,\"caption\":\"narteks.net\"},\"image\":{\"@id\":\"https:\/\/narteks.net\/#\/schema\/logo\/image\/\"},\"sameAs\":[\"https:\/\/x.com\/narteks\",\"https:\/\/instagram.com\/narteksnet\"]},{\"@type\":\"Person\",\"@id\":\"https:\/\/narteks.net\/#\/schema\/person\/61f37d9834294b72d31d274e7ed79bca\",\"name\":\"Tar\u0131k\",\"image\":{\"@type\":\"ImageObject\",\"inLanguage\":\"tr\",\"@id\":\"https:\/\/narteks.net\/#\/schema\/person\/image\/\",\"url\":\"https:\/\/secure.gravatar.com\/avatar\/50865afb55632c4ae467e0af0930f6510aa2297d8014be502a55b14f3b7550cf?s=96&d=mm&r=g\",\"contentUrl\":\"https:\/\/secure.gravatar.com\/avatar\/50865afb55632c4ae467e0af0930f6510aa2297d8014be502a55b14f3b7550cf?s=96&d=mm&r=g\",\"caption\":\"Tar\u0131k\"},\"sameAs\":[\"http:\/\/narteks.net\"],\"url\":\"https:\/\/narteks.net\/index.php\/author\/narbak\/\"}]}<\/script>\n<!-- \/ Yoast SEO Premium plugin. -->","yoast_head_json":{"title":"Melih Cevdet ANDAY Biyografisi - narteks.net","robots":{"index":"index","follow":"follow","max-snippet":"max-snippet:-1","max-image-preview":"max-image-preview:large","max-video-preview":"max-video-preview:-1"},"canonical":"https:\/\/narteks.net\/index.php\/2009\/04\/16\/melih-cevdet-anday-biyografisi\/","og_locale":"tr_TR","og_type":"article","og_title":"Melih Cevdet ANDAY Biyografisi","og_description":"Melih Cevdet Anday (13 Mart 1915, \u0130stanbul \u2013 28 Kas\u0131m 2002, \u0130stanbul), \u015fair, tiyatro oyunu, roman, deneme, makale yazar\u0131. Lise arkada\u015flar\u0131 Orhan Veli ve Oktay Rifat&#8217;la birlikte ortaya \u00e7\u0131kard\u0131klar\u0131 Garip Ak\u0131m\u0131 ile T\u00fcrk \u015fiirindeki yenilenmeyi ba\u015flatm\u0131\u015ft\u0131r. Kollar\u0131 Ba\u011fl\u0131 Odysseus ile kendine \u00f6zg\u00fc felsefi \u015fiir ak\u0131m\u0131n\u0131 ba\u015flatm\u0131\u015f, Garip Ak\u0131m\u0131`ndan ayr\u0131lm\u0131\u015ft\u0131r. UNESCO&#8217;nun Courrier dergisi, 1971 y\u0131l\u0131nda onu [&hellip;]","og_url":"https:\/\/narteks.net\/index.php\/2009\/04\/16\/melih-cevdet-anday-biyografisi\/","og_site_name":"narteks.net","article_published_time":"2009-04-16T08:35:47+00:00","og_image":[{"url":"http:\/\/upload.wikimedia.org\/wikipedia\/tr\/thumb\/d\/d9\/Melih_Cevdet_Anday.jpg\/225px-Melih_Cevdet_Anday.jpg","type":"","width":"","height":""}],"author":"Tar\u0131k","twitter_card":"summary_large_image","twitter_creator":"@narteks","twitter_site":"@narteks","twitter_misc":{"Yazan:":"Tar\u0131k","Tahmini okuma s\u00fcresi":"4 dakika"},"schema":{"@context":"https:\/\/schema.org","@graph":[{"@type":"Article","@id":"https:\/\/narteks.net\/index.php\/2009\/04\/16\/melih-cevdet-anday-biyografisi\/#article","isPartOf":{"@id":"https:\/\/narteks.net\/index.php\/2009\/04\/16\/melih-cevdet-anday-biyografisi\/"},"author":{"name":"Tar\u0131k","@id":"https:\/\/narteks.net\/#\/schema\/person\/61f37d9834294b72d31d274e7ed79bca"},"headline":"Melih Cevdet ANDAY Biyografisi","datePublished":"2009-04-16T08:35:47+00:00","mainEntityOfPage":{"@id":"https:\/\/narteks.net\/index.php\/2009\/04\/16\/melih-cevdet-anday-biyografisi\/"},"wordCount":890,"commentCount":0,"publisher":{"@id":"https:\/\/narteks.net\/#organization"},"image":{"@id":"https:\/\/narteks.net\/index.php\/2009\/04\/16\/melih-cevdet-anday-biyografisi\/#primaryimage"},"thumbnailUrl":"http:\/\/upload.wikimedia.org\/wikipedia\/tr\/thumb\/d\/d9\/Melih_Cevdet_Anday.jpg\/225px-Melih_Cevdet_Anday.jpg","articleSection":["M.Cevdet ANDAY"],"inLanguage":"tr","potentialAction":[{"@type":"CommentAction","name":"Comment","target":["https:\/\/narteks.net\/index.php\/2009\/04\/16\/melih-cevdet-anday-biyografisi\/#respond"]}]},{"@type":"WebPage","@id":"https:\/\/narteks.net\/index.php\/2009\/04\/16\/melih-cevdet-anday-biyografisi\/","url":"https:\/\/narteks.net\/index.php\/2009\/04\/16\/melih-cevdet-anday-biyografisi\/","name":"Melih Cevdet ANDAY Biyografisi - narteks.net","isPartOf":{"@id":"https:\/\/narteks.net\/#website"},"primaryImageOfPage":{"@id":"https:\/\/narteks.net\/index.php\/2009\/04\/16\/melih-cevdet-anday-biyografisi\/#primaryimage"},"image":{"@id":"https:\/\/narteks.net\/index.php\/2009\/04\/16\/melih-cevdet-anday-biyografisi\/#primaryimage"},"thumbnailUrl":"http:\/\/upload.wikimedia.org\/wikipedia\/tr\/thumb\/d\/d9\/Melih_Cevdet_Anday.jpg\/225px-Melih_Cevdet_Anday.jpg","datePublished":"2009-04-16T08:35:47+00:00","breadcrumb":{"@id":"https:\/\/narteks.net\/index.php\/2009\/04\/16\/melih-cevdet-anday-biyografisi\/#breadcrumb"},"inLanguage":"tr","potentialAction":[{"@type":"ReadAction","target":["https:\/\/narteks.net\/index.php\/2009\/04\/16\/melih-cevdet-anday-biyografisi\/"]}]},{"@type":"ImageObject","inLanguage":"tr","@id":"https:\/\/narteks.net\/index.php\/2009\/04\/16\/melih-cevdet-anday-biyografisi\/#primaryimage","url":"http:\/\/upload.wikimedia.org\/wikipedia\/tr\/thumb\/d\/d9\/Melih_Cevdet_Anday.jpg\/225px-Melih_Cevdet_Anday.jpg","contentUrl":"http:\/\/upload.wikimedia.org\/wikipedia\/tr\/thumb\/d\/d9\/Melih_Cevdet_Anday.jpg\/225px-Melih_Cevdet_Anday.jpg"},{"@type":"BreadcrumbList","@id":"https:\/\/narteks.net\/index.php\/2009\/04\/16\/melih-cevdet-anday-biyografisi\/#breadcrumb","itemListElement":[{"@type":"ListItem","position":1,"name":"Anasayfa","item":"https:\/\/narteks.net\/"},{"@type":"ListItem","position":2,"name":"Melih Cevdet ANDAY Biyografisi"}]},{"@type":"WebSite","@id":"https:\/\/narteks.net\/#website","url":"https:\/\/narteks.net\/","name":"narteks.net","description":"K\u00fclt\u00fcr Sanat Edebiyat Felsefe","publisher":{"@id":"https:\/\/narteks.net\/#organization"},"alternateName":"K\u00fclt\u00fcr Sanat Edebiyat Felsefe","potentialAction":[{"@type":"SearchAction","target":{"@type":"EntryPoint","urlTemplate":"https:\/\/narteks.net\/?s={search_term_string}"},"query-input":{"@type":"PropertyValueSpecification","valueRequired":true,"valueName":"search_term_string"}}],"inLanguage":"tr"},{"@type":"Organization","@id":"https:\/\/narteks.net\/#organization","name":"narteks.net","url":"https:\/\/narteks.net\/","logo":{"@type":"ImageObject","inLanguage":"tr","@id":"https:\/\/narteks.net\/#\/schema\/logo\/image\/","url":"https:\/\/narteks.net\/wp-content\/uploads\/narteks.png","contentUrl":"https:\/\/narteks.net\/wp-content\/uploads\/narteks.png","width":300,"height":90,"caption":"narteks.net"},"image":{"@id":"https:\/\/narteks.net\/#\/schema\/logo\/image\/"},"sameAs":["https:\/\/x.com\/narteks","https:\/\/instagram.com\/narteksnet"]},{"@type":"Person","@id":"https:\/\/narteks.net\/#\/schema\/person\/61f37d9834294b72d31d274e7ed79bca","name":"Tar\u0131k","image":{"@type":"ImageObject","inLanguage":"tr","@id":"https:\/\/narteks.net\/#\/schema\/person\/image\/","url":"https:\/\/secure.gravatar.com\/avatar\/50865afb55632c4ae467e0af0930f6510aa2297d8014be502a55b14f3b7550cf?s=96&d=mm&r=g","contentUrl":"https:\/\/secure.gravatar.com\/avatar\/50865afb55632c4ae467e0af0930f6510aa2297d8014be502a55b14f3b7550cf?s=96&d=mm&r=g","caption":"Tar\u0131k"},"sameAs":["http:\/\/narteks.net"],"url":"https:\/\/narteks.net\/index.php\/author\/narbak\/"}]}},"_links":{"self":[{"href":"https:\/\/narteks.net\/index.php\/wp-json\/wp\/v2\/posts\/677","targetHints":{"allow":["GET"]}}],"collection":[{"href":"https:\/\/narteks.net\/index.php\/wp-json\/wp\/v2\/posts"}],"about":[{"href":"https:\/\/narteks.net\/index.php\/wp-json\/wp\/v2\/types\/post"}],"author":[{"embeddable":true,"href":"https:\/\/narteks.net\/index.php\/wp-json\/wp\/v2\/users\/1"}],"replies":[{"embeddable":true,"href":"https:\/\/narteks.net\/index.php\/wp-json\/wp\/v2\/comments?post=677"}],"version-history":[{"count":0,"href":"https:\/\/narteks.net\/index.php\/wp-json\/wp\/v2\/posts\/677\/revisions"}],"wp:attachment":[{"href":"https:\/\/narteks.net\/index.php\/wp-json\/wp\/v2\/media?parent=677"}],"wp:term":[{"taxonomy":"category","embeddable":true,"href":"https:\/\/narteks.net\/index.php\/wp-json\/wp\/v2\/categories?post=677"},{"taxonomy":"post_tag","embeddable":true,"href":"https:\/\/narteks.net\/index.php\/wp-json\/wp\/v2\/tags?post=677"}],"curies":[{"name":"wp","href":"https:\/\/api.w.org\/{rel}","templated":true}]}}