{"id":6773,"date":"2011-09-29T00:46:38","date_gmt":"2011-09-28T21:46:38","guid":{"rendered":"http:\/\/localhost\/wordpress\/2011\/09\/29\/kirlara-gitmeye\/"},"modified":"2011-09-29T00:46:38","modified_gmt":"2011-09-28T21:46:38","slug":"kirlara-gitmeye","status":"publish","type":"post","link":"https:\/\/narteks.net\/index.php\/2011\/09\/29\/kirlara-gitmeye\/","title":{"rendered":"KIRLARA G\u0130TMEYE"},"content":{"rendered":"<p>\u0130\u015fte ben buna a\u015fk derim herkes durur<br \/>Sonsuzlu\u011fun and&#8217;\u0131 durur son ses durur<\/p>\n<p>Atar\u0131m sava\u015f art\u0131\u011f\u0131 madalyalar\u0131 giderim<br \/>\u00c7\u00fcnk\u00fc sivil bir askerdi rahmetli pederim<\/p>\n<p>\u0130\u015fte ben buna a\u015fk derim sakallar\u0131m vard\u0131r<br \/>D\u00fcnya bir orman kadard\u0131r bir su kadard\u0131r<\/p>\n<p>Ki a\u015f\u0131l\u0131r korkun\u00e7 k\u00f6pr\u00fcs\u00fczl\u00fc\u011f\u00fc bir \u00e7avlan\u0131n<br \/>Temmuzun g\u00fcl\u00fcn\u00e7s\u00fczl\u00fc\u011f\u00fc ve h\u00fczn\u00fc haziran\u0131n<\/p>\n<p>Ey kim bakar k\u0131sa boyuma kim bakar pirin\u00e7lere<br \/>R\u0131ht\u0131mlarda insanlarla a\u015fk yapan vin\u00e7lere<\/p>\n<p>Yatar\u0131m akasyalar\u0131n alt\u0131nda b\u00fct\u00fcn bir g\u00fcn<br \/>Ey ne olur al\u0131n beni al\u0131n buralardan g\u00f6t\u00fcr\u00fcn<\/p>\n<p>Turgut UYAR<\/p>\n","protected":false},"excerpt":{"rendered":"<p>\u0130\u015fte ben buna a\u015fk derim herkes dururSonsuzlu\u011fun and&#8217;\u0131 durur son ses durur Atar\u0131m sava\u015f art\u0131\u011f\u0131 madalyalar\u0131 giderim\u00c7\u00fcnk\u00fc sivil bir askerdi rahmetli pederim \u0130\u015fte ben buna a\u015fk derim sakallar\u0131m vard\u0131rD\u00fcnya bir orman kadard\u0131r bir su kadard\u0131r Ki a\u015f\u0131l\u0131r korkun\u00e7 k\u00f6pr\u00fcs\u00fczl\u00fc\u011f\u00fc bir \u00e7avlan\u0131nTemmuzun g\u00fcl\u00fcn\u00e7s\u00fczl\u00fc\u011f\u00fc ve h\u00fczn\u00fc haziran\u0131n Ey kim bakar k\u0131sa boyuma kim bakar pirin\u00e7lereR\u0131ht\u0131mlarda insanlarla a\u015fk [&hellip;]<\/p>\n","protected":false},"author":1,"featured_media":0,"comment_status":"open","ping_status":"open","sticky":false,"template":"","format":"standard","meta":{"footnotes":""},"categories":[65],"tags":[],"class_list":{"0":"post-6773","1":"post","2":"type-post","3":"status-publish","4":"format-standard","6":"category-turgut-uyar"},"yoast_head":"<!-- This site is optimized with the Yoast SEO Premium plugin v24.9 (Yoast SEO v24.9) - https:\/\/yoast.com\/wordpress\/plugins\/seo\/ -->\n<title>KIRLARA G\u0130TMEYE - narteks.net<\/title>\n<meta name=\"robots\" content=\"index, follow, max-snippet:-1, max-image-preview:large, max-video-preview:-1\" \/>\n<link rel=\"canonical\" href=\"https:\/\/narteks.net\/index.php\/2011\/09\/29\/kirlara-gitmeye\/\" \/>\n<meta property=\"og:locale\" content=\"tr_TR\" \/>\n<meta property=\"og:type\" content=\"article\" \/>\n<meta property=\"og:title\" content=\"KIRLARA G\u0130TMEYE\" \/>\n<meta property=\"og:description\" content=\"\u0130\u015fte ben buna a\u015fk derim herkes dururSonsuzlu\u011fun and&#8217;\u0131 durur son ses durur Atar\u0131m sava\u015f art\u0131\u011f\u0131 madalyalar\u0131 giderim\u00c7\u00fcnk\u00fc sivil bir askerdi rahmetli pederim \u0130\u015fte ben buna a\u015fk derim sakallar\u0131m vard\u0131rD\u00fcnya bir orman kadard\u0131r bir su kadard\u0131r Ki a\u015f\u0131l\u0131r korkun\u00e7 k\u00f6pr\u00fcs\u00fczl\u00fc\u011f\u00fc bir \u00e7avlan\u0131nTemmuzun g\u00fcl\u00fcn\u00e7s\u00fczl\u00fc\u011f\u00fc ve h\u00fczn\u00fc haziran\u0131n Ey kim bakar k\u0131sa boyuma kim bakar pirin\u00e7lereR\u0131ht\u0131mlarda insanlarla a\u015fk [&hellip;]\" \/>\n<meta property=\"og:url\" content=\"https:\/\/narteks.net\/index.php\/2011\/09\/29\/kirlara-gitmeye\/\" \/>\n<meta property=\"og:site_name\" content=\"narteks.net\" \/>\n<meta property=\"article:published_time\" content=\"2011-09-28T21:46:38+00:00\" \/>\n<meta property=\"og:image\" content=\"https:\/\/narteks.net\/wp-content\/uploads\/narteks.png\" \/>\n\t<meta property=\"og:image:width\" content=\"300\" \/>\n\t<meta property=\"og:image:height\" content=\"90\" \/>\n\t<meta property=\"og:image:type\" content=\"image\/png\" \/>\n<meta name=\"author\" content=\"Tar\u0131k\" \/>\n<meta name=\"twitter:card\" content=\"summary_large_image\" \/>\n<meta name=\"twitter:creator\" content=\"@narteks\" \/>\n<meta name=\"twitter:site\" content=\"@narteks\" \/>\n<meta name=\"twitter:label1\" content=\"Yazan:\" \/>\n\t<meta name=\"twitter:data1\" content=\"Tar\u0131k\" \/>\n\t<meta name=\"twitter:label2\" content=\"Tahmini okuma s\u00fcresi\" \/>\n\t<meta name=\"twitter:data2\" content=\"1 dakika\" \/>\n<script type=\"application\/ld+json\" class=\"yoast-schema-graph\">{\"@context\":\"https:\/\/schema.org\",\"@graph\":[{\"@type\":\"Article\",\"@id\":\"https:\/\/narteks.net\/index.php\/2011\/09\/29\/kirlara-gitmeye\/#article\",\"isPartOf\":{\"@id\":\"https:\/\/narteks.net\/index.php\/2011\/09\/29\/kirlara-gitmeye\/\"},\"author\":{\"name\":\"Tar\u0131k\",\"@id\":\"https:\/\/narteks.net\/#\/schema\/person\/61f37d9834294b72d31d274e7ed79bca\"},\"headline\":\"KIRLARA G\u0130TMEYE\",\"datePublished\":\"2011-09-28T21:46:38+00:00\",\"mainEntityOfPage\":{\"@id\":\"https:\/\/narteks.net\/index.php\/2011\/09\/29\/kirlara-gitmeye\/\"},\"wordCount\":114,\"commentCount\":0,\"publisher\":{\"@id\":\"https:\/\/narteks.net\/#organization\"},\"articleSection\":[\"Turgut UYAR\"],\"inLanguage\":\"tr\",\"potentialAction\":[{\"@type\":\"CommentAction\",\"name\":\"Comment\",\"target\":[\"https:\/\/narteks.net\/index.php\/2011\/09\/29\/kirlara-gitmeye\/#respond\"]}]},{\"@type\":\"WebPage\",\"@id\":\"https:\/\/narteks.net\/index.php\/2011\/09\/29\/kirlara-gitmeye\/\",\"url\":\"https:\/\/narteks.net\/index.php\/2011\/09\/29\/kirlara-gitmeye\/\",\"name\":\"KIRLARA G\u0130TMEYE - narteks.net\",\"isPartOf\":{\"@id\":\"https:\/\/narteks.net\/#website\"},\"datePublished\":\"2011-09-28T21:46:38+00:00\",\"breadcrumb\":{\"@id\":\"https:\/\/narteks.net\/index.php\/2011\/09\/29\/kirlara-gitmeye\/#breadcrumb\"},\"inLanguage\":\"tr\",\"potentialAction\":[{\"@type\":\"ReadAction\",\"target\":[\"https:\/\/narteks.net\/index.php\/2011\/09\/29\/kirlara-gitmeye\/\"]}]},{\"@type\":\"BreadcrumbList\",\"@id\":\"https:\/\/narteks.net\/index.php\/2011\/09\/29\/kirlara-gitmeye\/#breadcrumb\",\"itemListElement\":[{\"@type\":\"ListItem\",\"position\":1,\"name\":\"Anasayfa\",\"item\":\"https:\/\/narteks.net\/\"},{\"@type\":\"ListItem\",\"position\":2,\"name\":\"KIRLARA G\u0130TMEYE\"}]},{\"@type\":\"WebSite\",\"@id\":\"https:\/\/narteks.net\/#website\",\"url\":\"https:\/\/narteks.net\/\",\"name\":\"narteks.net\",\"description\":\"K\u00fclt\u00fcr Sanat Edebiyat Felsefe\",\"publisher\":{\"@id\":\"https:\/\/narteks.net\/#organization\"},\"alternateName\":\"K\u00fclt\u00fcr Sanat Edebiyat Felsefe\",\"potentialAction\":[{\"@type\":\"SearchAction\",\"target\":{\"@type\":\"EntryPoint\",\"urlTemplate\":\"https:\/\/narteks.net\/?s={search_term_string}\"},\"query-input\":{\"@type\":\"PropertyValueSpecification\",\"valueRequired\":true,\"valueName\":\"search_term_string\"}}],\"inLanguage\":\"tr\"},{\"@type\":\"Organization\",\"@id\":\"https:\/\/narteks.net\/#organization\",\"name\":\"narteks.net\",\"url\":\"https:\/\/narteks.net\/\",\"logo\":{\"@type\":\"ImageObject\",\"inLanguage\":\"tr\",\"@id\":\"https:\/\/narteks.net\/#\/schema\/logo\/image\/\",\"url\":\"https:\/\/narteks.net\/wp-content\/uploads\/narteks.png\",\"contentUrl\":\"https:\/\/narteks.net\/wp-content\/uploads\/narteks.png\",\"width\":300,\"height\":90,\"caption\":\"narteks.net\"},\"image\":{\"@id\":\"https:\/\/narteks.net\/#\/schema\/logo\/image\/\"},\"sameAs\":[\"https:\/\/x.com\/narteks\",\"https:\/\/instagram.com\/narteksnet\"]},{\"@type\":\"Person\",\"@id\":\"https:\/\/narteks.net\/#\/schema\/person\/61f37d9834294b72d31d274e7ed79bca\",\"name\":\"Tar\u0131k\",\"image\":{\"@type\":\"ImageObject\",\"inLanguage\":\"tr\",\"@id\":\"https:\/\/narteks.net\/#\/schema\/person\/image\/\",\"url\":\"https:\/\/secure.gravatar.com\/avatar\/50865afb55632c4ae467e0af0930f6510aa2297d8014be502a55b14f3b7550cf?s=96&d=mm&r=g\",\"contentUrl\":\"https:\/\/secure.gravatar.com\/avatar\/50865afb55632c4ae467e0af0930f6510aa2297d8014be502a55b14f3b7550cf?s=96&d=mm&r=g\",\"caption\":\"Tar\u0131k\"},\"sameAs\":[\"http:\/\/narteks.net\"],\"url\":\"https:\/\/narteks.net\/index.php\/author\/narbak\/\"}]}<\/script>\n<!-- \/ Yoast SEO Premium plugin. -->","yoast_head_json":{"title":"KIRLARA G\u0130TMEYE - narteks.net","robots":{"index":"index","follow":"follow","max-snippet":"max-snippet:-1","max-image-preview":"max-image-preview:large","max-video-preview":"max-video-preview:-1"},"canonical":"https:\/\/narteks.net\/index.php\/2011\/09\/29\/kirlara-gitmeye\/","og_locale":"tr_TR","og_type":"article","og_title":"KIRLARA G\u0130TMEYE","og_description":"\u0130\u015fte ben buna a\u015fk derim herkes dururSonsuzlu\u011fun and&#8217;\u0131 durur son ses durur Atar\u0131m sava\u015f art\u0131\u011f\u0131 madalyalar\u0131 giderim\u00c7\u00fcnk\u00fc sivil bir askerdi rahmetli pederim \u0130\u015fte ben buna a\u015fk derim sakallar\u0131m vard\u0131rD\u00fcnya bir orman kadard\u0131r bir su kadard\u0131r Ki a\u015f\u0131l\u0131r korkun\u00e7 k\u00f6pr\u00fcs\u00fczl\u00fc\u011f\u00fc bir \u00e7avlan\u0131nTemmuzun g\u00fcl\u00fcn\u00e7s\u00fczl\u00fc\u011f\u00fc ve h\u00fczn\u00fc haziran\u0131n Ey kim bakar k\u0131sa boyuma kim bakar pirin\u00e7lereR\u0131ht\u0131mlarda insanlarla a\u015fk [&hellip;]","og_url":"https:\/\/narteks.net\/index.php\/2011\/09\/29\/kirlara-gitmeye\/","og_site_name":"narteks.net","article_published_time":"2011-09-28T21:46:38+00:00","og_image":[{"width":300,"height":90,"url":"https:\/\/narteks.net\/wp-content\/uploads\/narteks.png","type":"image\/png"}],"author":"Tar\u0131k","twitter_card":"summary_large_image","twitter_creator":"@narteks","twitter_site":"@narteks","twitter_misc":{"Yazan:":"Tar\u0131k","Tahmini okuma s\u00fcresi":"1 dakika"},"schema":{"@context":"https:\/\/schema.org","@graph":[{"@type":"Article","@id":"https:\/\/narteks.net\/index.php\/2011\/09\/29\/kirlara-gitmeye\/#article","isPartOf":{"@id":"https:\/\/narteks.net\/index.php\/2011\/09\/29\/kirlara-gitmeye\/"},"author":{"name":"Tar\u0131k","@id":"https:\/\/narteks.net\/#\/schema\/person\/61f37d9834294b72d31d274e7ed79bca"},"headline":"KIRLARA G\u0130TMEYE","datePublished":"2011-09-28T21:46:38+00:00","mainEntityOfPage":{"@id":"https:\/\/narteks.net\/index.php\/2011\/09\/29\/kirlara-gitmeye\/"},"wordCount":114,"commentCount":0,"publisher":{"@id":"https:\/\/narteks.net\/#organization"},"articleSection":["Turgut UYAR"],"inLanguage":"tr","potentialAction":[{"@type":"CommentAction","name":"Comment","target":["https:\/\/narteks.net\/index.php\/2011\/09\/29\/kirlara-gitmeye\/#respond"]}]},{"@type":"WebPage","@id":"https:\/\/narteks.net\/index.php\/2011\/09\/29\/kirlara-gitmeye\/","url":"https:\/\/narteks.net\/index.php\/2011\/09\/29\/kirlara-gitmeye\/","name":"KIRLARA G\u0130TMEYE - narteks.net","isPartOf":{"@id":"https:\/\/narteks.net\/#website"},"datePublished":"2011-09-28T21:46:38+00:00","breadcrumb":{"@id":"https:\/\/narteks.net\/index.php\/2011\/09\/29\/kirlara-gitmeye\/#breadcrumb"},"inLanguage":"tr","potentialAction":[{"@type":"ReadAction","target":["https:\/\/narteks.net\/index.php\/2011\/09\/29\/kirlara-gitmeye\/"]}]},{"@type":"BreadcrumbList","@id":"https:\/\/narteks.net\/index.php\/2011\/09\/29\/kirlara-gitmeye\/#breadcrumb","itemListElement":[{"@type":"ListItem","position":1,"name":"Anasayfa","item":"https:\/\/narteks.net\/"},{"@type":"ListItem","position":2,"name":"KIRLARA G\u0130TMEYE"}]},{"@type":"WebSite","@id":"https:\/\/narteks.net\/#website","url":"https:\/\/narteks.net\/","name":"narteks.net","description":"K\u00fclt\u00fcr Sanat Edebiyat Felsefe","publisher":{"@id":"https:\/\/narteks.net\/#organization"},"alternateName":"K\u00fclt\u00fcr Sanat Edebiyat Felsefe","potentialAction":[{"@type":"SearchAction","target":{"@type":"EntryPoint","urlTemplate":"https:\/\/narteks.net\/?s={search_term_string}"},"query-input":{"@type":"PropertyValueSpecification","valueRequired":true,"valueName":"search_term_string"}}],"inLanguage":"tr"},{"@type":"Organization","@id":"https:\/\/narteks.net\/#organization","name":"narteks.net","url":"https:\/\/narteks.net\/","logo":{"@type":"ImageObject","inLanguage":"tr","@id":"https:\/\/narteks.net\/#\/schema\/logo\/image\/","url":"https:\/\/narteks.net\/wp-content\/uploads\/narteks.png","contentUrl":"https:\/\/narteks.net\/wp-content\/uploads\/narteks.png","width":300,"height":90,"caption":"narteks.net"},"image":{"@id":"https:\/\/narteks.net\/#\/schema\/logo\/image\/"},"sameAs":["https:\/\/x.com\/narteks","https:\/\/instagram.com\/narteksnet"]},{"@type":"Person","@id":"https:\/\/narteks.net\/#\/schema\/person\/61f37d9834294b72d31d274e7ed79bca","name":"Tar\u0131k","image":{"@type":"ImageObject","inLanguage":"tr","@id":"https:\/\/narteks.net\/#\/schema\/person\/image\/","url":"https:\/\/secure.gravatar.com\/avatar\/50865afb55632c4ae467e0af0930f6510aa2297d8014be502a55b14f3b7550cf?s=96&d=mm&r=g","contentUrl":"https:\/\/secure.gravatar.com\/avatar\/50865afb55632c4ae467e0af0930f6510aa2297d8014be502a55b14f3b7550cf?s=96&d=mm&r=g","caption":"Tar\u0131k"},"sameAs":["http:\/\/narteks.net"],"url":"https:\/\/narteks.net\/index.php\/author\/narbak\/"}]}},"_links":{"self":[{"href":"https:\/\/narteks.net\/index.php\/wp-json\/wp\/v2\/posts\/6773","targetHints":{"allow":["GET"]}}],"collection":[{"href":"https:\/\/narteks.net\/index.php\/wp-json\/wp\/v2\/posts"}],"about":[{"href":"https:\/\/narteks.net\/index.php\/wp-json\/wp\/v2\/types\/post"}],"author":[{"embeddable":true,"href":"https:\/\/narteks.net\/index.php\/wp-json\/wp\/v2\/users\/1"}],"replies":[{"embeddable":true,"href":"https:\/\/narteks.net\/index.php\/wp-json\/wp\/v2\/comments?post=6773"}],"version-history":[{"count":0,"href":"https:\/\/narteks.net\/index.php\/wp-json\/wp\/v2\/posts\/6773\/revisions"}],"wp:attachment":[{"href":"https:\/\/narteks.net\/index.php\/wp-json\/wp\/v2\/media?parent=6773"}],"wp:term":[{"taxonomy":"category","embeddable":true,"href":"https:\/\/narteks.net\/index.php\/wp-json\/wp\/v2\/categories?post=6773"},{"taxonomy":"post_tag","embeddable":true,"href":"https:\/\/narteks.net\/index.php\/wp-json\/wp\/v2\/tags?post=6773"}],"curies":[{"name":"wp","href":"https:\/\/api.w.org\/{rel}","templated":true}]}}