{"id":6786,"date":"2011-10-02T13:43:21","date_gmt":"2011-10-02T10:43:21","guid":{"rendered":"http:\/\/localhost\/wordpress\/2011\/10\/02\/birinci-agit\/"},"modified":"2011-10-02T13:43:21","modified_gmt":"2011-10-02T10:43:21","slug":"birinci-agit","status":"publish","type":"post","link":"https:\/\/narteks.net\/index.php\/2011\/10\/02\/birinci-agit\/","title":{"rendered":"B\u0130R\u0130NC\u0130 A\u011eIT"},"content":{"rendered":"<p>\u00a0<\/p>\n<p>Hayk\u0131rsayd\u0131m, kim duyard\u0131 beni, melekler<br \/>Kat\u0131ndan? Ve ans\u0131z\u0131n bassayd\u0131 bile<br \/>\u0130\u00e7lerinden biri beni ba\u011fr\u0131na: Yok olurdum onun<br \/>Daha g\u00fc\u00e7l\u00fc varl\u0131\u011f\u0131 kar\u015f\u0131s\u0131nda. \u00c7\u00fcnk\u00fc g\u00fczel olan de\u011fil ba\u015fka bir \u015fey<br \/>Korkuncun ba\u015flang\u0131c\u0131ndan, ancak katlanabildi\u011fimiz ona;<br \/>Hayran\u0131z ona, kay\u0131ts\u0131zca k\u00fc\u00e7\u00fcmsedi\u011finden<br \/>Bizi yok etmeyi. Her melek korkun\u00e7tur.<br \/>Ve tutar kendini, yutkunurum \u00e7a\u011fr\u0131\u015f\u0131n\u0131<br \/>Karanl\u0131k a\u011flay\u0131\u015f\u0131m\u0131z. Ah, kime gereksinim<br \/>Duyabiliriz ki? Meleklere de\u011fil, insanlara de\u011fil;<br \/>Ve fark\u0131na vard\u0131lar bile hayvanlar, kendi sezgileriyle<br \/>Hi\u00e7 de g\u00fcvenlik i\u00e7inde olmad\u0131\u011f\u0131m\u0131z\u0131n<br \/>Anlamlarla olu\u015fturdu\u011fumuz bu d\u00fcnyada. Bize kalan belki de<br \/>Bir a\u011fa\u00e7, yoku\u015fun ba\u015f\u0131ndaki her g\u00fcn yeniden<br \/>G\u00f6rebilece\u011fimiz; belki de biz kalan, ge\u00e7mi\u015fin sokaklar\u0131;<br \/>Ve \u00e7eke \u00e7eke uzatt\u0131\u011f\u0131m\u0131z ba\u011fl\u0131l\u0131\u011f\u0131 bir al\u0131\u015fkanl\u0131\u011f\u0131n,<br \/>Bize yap\u0131\u015f\u0131p kalm\u0131\u015f; \u00f6ylesine yap\u0131\u015fm\u0131\u015f ki, kopmak bilmiyor.<br \/>Bir de gece, gece, evrenle dolu r\u00fczgar<br \/>Y\u00fcz\u00fcm\u00fcz\u00fc kemirdi\u011finde-, kime kalmaz ki, o \u00f6zlenen,<br \/>Yumu\u015fak\u00e7a hayal k\u0131r\u0131kl\u0131\u011f\u0131na u\u011fratan, bir kalbi<br \/>Alt etmeyi bekleyip de. Yoksa gece, sevenlere daha kolay midir?<br \/>Ah, ne \u00e7are, \u00f6rtt\u00fcler yazg\u0131lar\u0131n\u0131 birbirleriyle.<br \/>Bunu bilemez misin hala? F\u0131rlat kollar\u0131ndan bo\u015flu\u011fu<br \/>Kar\u0131\u015fs\u0131n solu\u011fumuz evrene; belki de ku\u015flar i\u00e7lerinde<br \/>Hissedecekler zenginle\u015fen havay\u0131 u\u00e7arlarken.<\/p>\n<p>Evet, baharlar\u0131n gereksinimi vard\u0131 sana. Beklemi\u015flerdi baz\u0131<br \/>Y\u0131ld\u0131zlar senden, onlar\u0131 hissetmeni. Y\u00fckselmi\u015fti<br \/>Bir dalga ge\u00e7mi\u015ften, ya da<br \/>Ge\u00e7erken a\u00e7\u0131k bir pencerenin \u00f6n\u00fcnden<br \/>Verivermi\u015fti kendini sana bir keman sesi i\u015fte t\u00fcm bunlar g\u00f6revindi<br \/>Ama ba\u015farabildin mi? De\u011fil miydin hala<br \/>Beklentilerin da\u011f\u0131n\u0131kl\u0131\u011f\u0131nda, m\u00fcjdelerken her \u015fey<br \/>Sana bir sevgiliyi? (Nerede al\u0131koymak istiyorsun onu,<br \/>Kap\u0131ndan b\u00fcy\u00fck, yabanc\u0131 d\u00fc\u015f\u00fcnceler<br \/>Girip \u00e7\u0131karlarken ve sende gecelerken sik sik.)<br \/>Ama \u00f6zl\u00fcyorsan, \u015fark\u0131nda sevenleri anlat.<br \/>\u00d6l\u00fcms\u00fcz de\u011fildir yeterince onlar\u0131n bu \u00fcnl\u00fc duygusu.<br \/>Onlar\u0131 anlat \u015fark\u0131nda, neredeyse k\u0131skand\u0131\u011f\u0131n; o terkedilmi\u015fleri,<br \/>Daha fazla sevebildiklerini sand\u0131\u011f\u0131n tatmin edilmi\u015flerden. Ba\u015fla<br \/>Yeniden, hi\u00e7 eri\u015filmez o \u00f6vg\u00fcye<br \/>D\u00fc\u015f\u00fcn: o kahramanlar\u0131, yok olmay\u0131 her zaman<br \/>Bir bahane sayan varolmaya ve onlarin son do\u011fu\u015flar\u0131n\u0131,<br \/>Ama al\u0131r sevgilileri yorgun do\u011fa<br \/>\u0130\u00e7ine yeniden, sanki bir ikinci sevgi yaratma g\u00fcc\u00fc<br \/>Yokmu\u015fcas\u0131na. D\u00fc\u015f\u00fcnd\u00fcn m\u00fc Gaspara Stampa\u2019y\u0131 (1)<br \/>Yeterince? \u00d6yle ki, bir gen\u00e7 k\u0131z da<br \/>Sevgilisini yitirmi\u015f, \u00f6rnek alarak<br \/>Bu seven kad\u0131n\u0131: ben de onun gibi olsayd\u0131m diyebilsin.<br \/>Zaman\u0131 gelmedi mi, bu en eski ac\u0131lar\u0131n bize<br \/>Daha faydal\u0131 olmalar\u0131n\u0131n? Zaman\u0131 gelmedi mi, seven bizlerin<br \/>Sevgiliden ayr\u0131lmas\u0131n\u0131n ve bunu heyecandan titreyerek ba\u015farmas\u0131n\u0131n:<br \/>Titrek kiri\u015fi yenen bir ok gibi, f\u0131rlarken t\u00fcm h\u0131z\u0131yla<br \/>Oldu\u011fundan daha fazlas\u0131na eri\u015fmek i\u00e7in. \u00c7\u00fcnk\u00fc yok kalmak diye bir \u015fey.<\/p>\n<p>Sesler, sesler. Dinle, kalbim, t\u0131pk\u0131 yaln\u0131zca<br \/>Ermi\u015flerin dinledi\u011fi gibi. \u00d6yle ki, o dev \u00e7a\u011fr\u0131<br \/>Kald\u0131rd\u0131 onlar\u0131 yerden. Ama onlar<br \/>O do\u011fa\u00fcst\u00fc ki\u015filer, s\u00fcrd\u00fcr\u00fcrlerdi diz \u00e7\u00f6kmeyi ald\u0131rmadan:<br \/>\u0130\u015fte b\u00f6ylesine kulak vermi\u015flerdi. Sanma ki, dayanabilirdin<\/p>\n<p>Rainer Maria R\u0130LKE<\/p>\n","protected":false},"excerpt":{"rendered":"<p>\u00a0 Hayk\u0131rsayd\u0131m, kim duyard\u0131 beni, meleklerKat\u0131ndan? Ve ans\u0131z\u0131n bassayd\u0131 bile\u0130\u00e7lerinden biri beni ba\u011fr\u0131na: Yok olurdum onunDaha g\u00fc\u00e7l\u00fc varl\u0131\u011f\u0131 kar\u015f\u0131s\u0131nda. \u00c7\u00fcnk\u00fc g\u00fczel olan de\u011fil ba\u015fka bir \u015feyKorkuncun ba\u015flang\u0131c\u0131ndan, ancak katlanabildi\u011fimiz ona;Hayran\u0131z ona, kay\u0131ts\u0131zca k\u00fc\u00e7\u00fcmsedi\u011findenBizi yok etmeyi. Her melek korkun\u00e7tur.Ve tutar kendini, yutkunurum \u00e7a\u011fr\u0131\u015f\u0131n\u0131Karanl\u0131k a\u011flay\u0131\u015f\u0131m\u0131z. Ah, kime gereksinimDuyabiliriz ki? Meleklere de\u011fil, insanlara de\u011fil;Ve fark\u0131na vard\u0131lar bile hayvanlar, [&hellip;]<\/p>\n","protected":false},"author":1,"featured_media":0,"comment_status":"open","ping_status":"open","sticky":false,"template":"","format":"standard","meta":{"footnotes":""},"categories":[80],"tags":[],"class_list":{"0":"post-6786","1":"post","2":"type-post","3":"status-publish","4":"format-standard","6":"category-rainer-maria-rilke"},"yoast_head":"<!-- This site is optimized with the Yoast SEO Premium plugin v24.9 (Yoast SEO v24.9) - https:\/\/yoast.com\/wordpress\/plugins\/seo\/ -->\n<title>B\u0130R\u0130NC\u0130 A\u011eIT - narteks.net<\/title>\n<meta name=\"robots\" content=\"index, follow, max-snippet:-1, max-image-preview:large, max-video-preview:-1\" \/>\n<link rel=\"canonical\" href=\"https:\/\/narteks.net\/index.php\/2011\/10\/02\/birinci-agit\/\" \/>\n<meta property=\"og:locale\" content=\"tr_TR\" \/>\n<meta property=\"og:type\" content=\"article\" \/>\n<meta property=\"og:title\" content=\"B\u0130R\u0130NC\u0130 A\u011eIT\" \/>\n<meta property=\"og:description\" content=\"\u00a0 Hayk\u0131rsayd\u0131m, kim duyard\u0131 beni, meleklerKat\u0131ndan? Ve ans\u0131z\u0131n bassayd\u0131 bile\u0130\u00e7lerinden biri beni ba\u011fr\u0131na: Yok olurdum onunDaha g\u00fc\u00e7l\u00fc varl\u0131\u011f\u0131 kar\u015f\u0131s\u0131nda. \u00c7\u00fcnk\u00fc g\u00fczel olan de\u011fil ba\u015fka bir \u015feyKorkuncun ba\u015flang\u0131c\u0131ndan, ancak katlanabildi\u011fimiz ona;Hayran\u0131z ona, kay\u0131ts\u0131zca k\u00fc\u00e7\u00fcmsedi\u011findenBizi yok etmeyi. Her melek korkun\u00e7tur.Ve tutar kendini, yutkunurum \u00e7a\u011fr\u0131\u015f\u0131n\u0131Karanl\u0131k a\u011flay\u0131\u015f\u0131m\u0131z. Ah, kime gereksinimDuyabiliriz ki? Meleklere de\u011fil, insanlara de\u011fil;Ve fark\u0131na vard\u0131lar bile hayvanlar, [&hellip;]\" \/>\n<meta property=\"og:url\" content=\"https:\/\/narteks.net\/index.php\/2011\/10\/02\/birinci-agit\/\" \/>\n<meta property=\"og:site_name\" content=\"narteks.net\" \/>\n<meta property=\"article:published_time\" content=\"2011-10-02T10:43:21+00:00\" \/>\n<meta property=\"og:image\" content=\"https:\/\/narteks.net\/wp-content\/uploads\/narteks.png\" \/>\n\t<meta property=\"og:image:width\" content=\"300\" \/>\n\t<meta property=\"og:image:height\" content=\"90\" \/>\n\t<meta property=\"og:image:type\" content=\"image\/png\" \/>\n<meta name=\"author\" content=\"Tar\u0131k\" \/>\n<meta name=\"twitter:card\" content=\"summary_large_image\" \/>\n<meta name=\"twitter:creator\" content=\"@narteks\" \/>\n<meta name=\"twitter:site\" content=\"@narteks\" \/>\n<meta name=\"twitter:label1\" content=\"Yazan:\" \/>\n\t<meta name=\"twitter:data1\" content=\"Tar\u0131k\" \/>\n\t<meta name=\"twitter:label2\" content=\"Tahmini okuma s\u00fcresi\" \/>\n\t<meta name=\"twitter:data2\" content=\"3 dakika\" \/>\n<script type=\"application\/ld+json\" class=\"yoast-schema-graph\">{\"@context\":\"https:\/\/schema.org\",\"@graph\":[{\"@type\":\"Article\",\"@id\":\"https:\/\/narteks.net\/index.php\/2011\/10\/02\/birinci-agit\/#article\",\"isPartOf\":{\"@id\":\"https:\/\/narteks.net\/index.php\/2011\/10\/02\/birinci-agit\/\"},\"author\":{\"name\":\"Tar\u0131k\",\"@id\":\"https:\/\/narteks.net\/#\/schema\/person\/61f37d9834294b72d31d274e7ed79bca\"},\"headline\":\"B\u0130R\u0130NC\u0130 A\u011eIT\",\"datePublished\":\"2011-10-02T10:43:21+00:00\",\"mainEntityOfPage\":{\"@id\":\"https:\/\/narteks.net\/index.php\/2011\/10\/02\/birinci-agit\/\"},\"wordCount\":534,\"commentCount\":0,\"publisher\":{\"@id\":\"https:\/\/narteks.net\/#organization\"},\"articleSection\":[\"Rainer Maria R\u0130LKE\"],\"inLanguage\":\"tr\",\"potentialAction\":[{\"@type\":\"CommentAction\",\"name\":\"Comment\",\"target\":[\"https:\/\/narteks.net\/index.php\/2011\/10\/02\/birinci-agit\/#respond\"]}]},{\"@type\":\"WebPage\",\"@id\":\"https:\/\/narteks.net\/index.php\/2011\/10\/02\/birinci-agit\/\",\"url\":\"https:\/\/narteks.net\/index.php\/2011\/10\/02\/birinci-agit\/\",\"name\":\"B\u0130R\u0130NC\u0130 A\u011eIT - narteks.net\",\"isPartOf\":{\"@id\":\"https:\/\/narteks.net\/#website\"},\"datePublished\":\"2011-10-02T10:43:21+00:00\",\"breadcrumb\":{\"@id\":\"https:\/\/narteks.net\/index.php\/2011\/10\/02\/birinci-agit\/#breadcrumb\"},\"inLanguage\":\"tr\",\"potentialAction\":[{\"@type\":\"ReadAction\",\"target\":[\"https:\/\/narteks.net\/index.php\/2011\/10\/02\/birinci-agit\/\"]}]},{\"@type\":\"BreadcrumbList\",\"@id\":\"https:\/\/narteks.net\/index.php\/2011\/10\/02\/birinci-agit\/#breadcrumb\",\"itemListElement\":[{\"@type\":\"ListItem\",\"position\":1,\"name\":\"Anasayfa\",\"item\":\"https:\/\/narteks.net\/\"},{\"@type\":\"ListItem\",\"position\":2,\"name\":\"B\u0130R\u0130NC\u0130 A\u011eIT\"}]},{\"@type\":\"WebSite\",\"@id\":\"https:\/\/narteks.net\/#website\",\"url\":\"https:\/\/narteks.net\/\",\"name\":\"narteks.net\",\"description\":\"K\u00fclt\u00fcr Sanat Edebiyat Felsefe\",\"publisher\":{\"@id\":\"https:\/\/narteks.net\/#organization\"},\"alternateName\":\"K\u00fclt\u00fcr Sanat Edebiyat Felsefe\",\"potentialAction\":[{\"@type\":\"SearchAction\",\"target\":{\"@type\":\"EntryPoint\",\"urlTemplate\":\"https:\/\/narteks.net\/?s={search_term_string}\"},\"query-input\":{\"@type\":\"PropertyValueSpecification\",\"valueRequired\":true,\"valueName\":\"search_term_string\"}}],\"inLanguage\":\"tr\"},{\"@type\":\"Organization\",\"@id\":\"https:\/\/narteks.net\/#organization\",\"name\":\"narteks.net\",\"url\":\"https:\/\/narteks.net\/\",\"logo\":{\"@type\":\"ImageObject\",\"inLanguage\":\"tr\",\"@id\":\"https:\/\/narteks.net\/#\/schema\/logo\/image\/\",\"url\":\"https:\/\/narteks.net\/wp-content\/uploads\/narteks.png\",\"contentUrl\":\"https:\/\/narteks.net\/wp-content\/uploads\/narteks.png\",\"width\":300,\"height\":90,\"caption\":\"narteks.net\"},\"image\":{\"@id\":\"https:\/\/narteks.net\/#\/schema\/logo\/image\/\"},\"sameAs\":[\"https:\/\/x.com\/narteks\",\"https:\/\/instagram.com\/narteksnet\"]},{\"@type\":\"Person\",\"@id\":\"https:\/\/narteks.net\/#\/schema\/person\/61f37d9834294b72d31d274e7ed79bca\",\"name\":\"Tar\u0131k\",\"image\":{\"@type\":\"ImageObject\",\"inLanguage\":\"tr\",\"@id\":\"https:\/\/narteks.net\/#\/schema\/person\/image\/\",\"url\":\"https:\/\/secure.gravatar.com\/avatar\/50865afb55632c4ae467e0af0930f6510aa2297d8014be502a55b14f3b7550cf?s=96&d=mm&r=g\",\"contentUrl\":\"https:\/\/secure.gravatar.com\/avatar\/50865afb55632c4ae467e0af0930f6510aa2297d8014be502a55b14f3b7550cf?s=96&d=mm&r=g\",\"caption\":\"Tar\u0131k\"},\"sameAs\":[\"http:\/\/narteks.net\"],\"url\":\"https:\/\/narteks.net\/index.php\/author\/narbak\/\"}]}<\/script>\n<!-- \/ Yoast SEO Premium plugin. -->","yoast_head_json":{"title":"B\u0130R\u0130NC\u0130 A\u011eIT - narteks.net","robots":{"index":"index","follow":"follow","max-snippet":"max-snippet:-1","max-image-preview":"max-image-preview:large","max-video-preview":"max-video-preview:-1"},"canonical":"https:\/\/narteks.net\/index.php\/2011\/10\/02\/birinci-agit\/","og_locale":"tr_TR","og_type":"article","og_title":"B\u0130R\u0130NC\u0130 A\u011eIT","og_description":"\u00a0 Hayk\u0131rsayd\u0131m, kim duyard\u0131 beni, meleklerKat\u0131ndan? Ve ans\u0131z\u0131n bassayd\u0131 bile\u0130\u00e7lerinden biri beni ba\u011fr\u0131na: Yok olurdum onunDaha g\u00fc\u00e7l\u00fc varl\u0131\u011f\u0131 kar\u015f\u0131s\u0131nda. \u00c7\u00fcnk\u00fc g\u00fczel olan de\u011fil ba\u015fka bir \u015feyKorkuncun ba\u015flang\u0131c\u0131ndan, ancak katlanabildi\u011fimiz ona;Hayran\u0131z ona, kay\u0131ts\u0131zca k\u00fc\u00e7\u00fcmsedi\u011findenBizi yok etmeyi. Her melek korkun\u00e7tur.Ve tutar kendini, yutkunurum \u00e7a\u011fr\u0131\u015f\u0131n\u0131Karanl\u0131k a\u011flay\u0131\u015f\u0131m\u0131z. Ah, kime gereksinimDuyabiliriz ki? Meleklere de\u011fil, insanlara de\u011fil;Ve fark\u0131na vard\u0131lar bile hayvanlar, [&hellip;]","og_url":"https:\/\/narteks.net\/index.php\/2011\/10\/02\/birinci-agit\/","og_site_name":"narteks.net","article_published_time":"2011-10-02T10:43:21+00:00","og_image":[{"width":300,"height":90,"url":"https:\/\/narteks.net\/wp-content\/uploads\/narteks.png","type":"image\/png"}],"author":"Tar\u0131k","twitter_card":"summary_large_image","twitter_creator":"@narteks","twitter_site":"@narteks","twitter_misc":{"Yazan:":"Tar\u0131k","Tahmini okuma s\u00fcresi":"3 dakika"},"schema":{"@context":"https:\/\/schema.org","@graph":[{"@type":"Article","@id":"https:\/\/narteks.net\/index.php\/2011\/10\/02\/birinci-agit\/#article","isPartOf":{"@id":"https:\/\/narteks.net\/index.php\/2011\/10\/02\/birinci-agit\/"},"author":{"name":"Tar\u0131k","@id":"https:\/\/narteks.net\/#\/schema\/person\/61f37d9834294b72d31d274e7ed79bca"},"headline":"B\u0130R\u0130NC\u0130 A\u011eIT","datePublished":"2011-10-02T10:43:21+00:00","mainEntityOfPage":{"@id":"https:\/\/narteks.net\/index.php\/2011\/10\/02\/birinci-agit\/"},"wordCount":534,"commentCount":0,"publisher":{"@id":"https:\/\/narteks.net\/#organization"},"articleSection":["Rainer Maria R\u0130LKE"],"inLanguage":"tr","potentialAction":[{"@type":"CommentAction","name":"Comment","target":["https:\/\/narteks.net\/index.php\/2011\/10\/02\/birinci-agit\/#respond"]}]},{"@type":"WebPage","@id":"https:\/\/narteks.net\/index.php\/2011\/10\/02\/birinci-agit\/","url":"https:\/\/narteks.net\/index.php\/2011\/10\/02\/birinci-agit\/","name":"B\u0130R\u0130NC\u0130 A\u011eIT - narteks.net","isPartOf":{"@id":"https:\/\/narteks.net\/#website"},"datePublished":"2011-10-02T10:43:21+00:00","breadcrumb":{"@id":"https:\/\/narteks.net\/index.php\/2011\/10\/02\/birinci-agit\/#breadcrumb"},"inLanguage":"tr","potentialAction":[{"@type":"ReadAction","target":["https:\/\/narteks.net\/index.php\/2011\/10\/02\/birinci-agit\/"]}]},{"@type":"BreadcrumbList","@id":"https:\/\/narteks.net\/index.php\/2011\/10\/02\/birinci-agit\/#breadcrumb","itemListElement":[{"@type":"ListItem","position":1,"name":"Anasayfa","item":"https:\/\/narteks.net\/"},{"@type":"ListItem","position":2,"name":"B\u0130R\u0130NC\u0130 A\u011eIT"}]},{"@type":"WebSite","@id":"https:\/\/narteks.net\/#website","url":"https:\/\/narteks.net\/","name":"narteks.net","description":"K\u00fclt\u00fcr Sanat Edebiyat Felsefe","publisher":{"@id":"https:\/\/narteks.net\/#organization"},"alternateName":"K\u00fclt\u00fcr Sanat Edebiyat Felsefe","potentialAction":[{"@type":"SearchAction","target":{"@type":"EntryPoint","urlTemplate":"https:\/\/narteks.net\/?s={search_term_string}"},"query-input":{"@type":"PropertyValueSpecification","valueRequired":true,"valueName":"search_term_string"}}],"inLanguage":"tr"},{"@type":"Organization","@id":"https:\/\/narteks.net\/#organization","name":"narteks.net","url":"https:\/\/narteks.net\/","logo":{"@type":"ImageObject","inLanguage":"tr","@id":"https:\/\/narteks.net\/#\/schema\/logo\/image\/","url":"https:\/\/narteks.net\/wp-content\/uploads\/narteks.png","contentUrl":"https:\/\/narteks.net\/wp-content\/uploads\/narteks.png","width":300,"height":90,"caption":"narteks.net"},"image":{"@id":"https:\/\/narteks.net\/#\/schema\/logo\/image\/"},"sameAs":["https:\/\/x.com\/narteks","https:\/\/instagram.com\/narteksnet"]},{"@type":"Person","@id":"https:\/\/narteks.net\/#\/schema\/person\/61f37d9834294b72d31d274e7ed79bca","name":"Tar\u0131k","image":{"@type":"ImageObject","inLanguage":"tr","@id":"https:\/\/narteks.net\/#\/schema\/person\/image\/","url":"https:\/\/secure.gravatar.com\/avatar\/50865afb55632c4ae467e0af0930f6510aa2297d8014be502a55b14f3b7550cf?s=96&d=mm&r=g","contentUrl":"https:\/\/secure.gravatar.com\/avatar\/50865afb55632c4ae467e0af0930f6510aa2297d8014be502a55b14f3b7550cf?s=96&d=mm&r=g","caption":"Tar\u0131k"},"sameAs":["http:\/\/narteks.net"],"url":"https:\/\/narteks.net\/index.php\/author\/narbak\/"}]}},"_links":{"self":[{"href":"https:\/\/narteks.net\/index.php\/wp-json\/wp\/v2\/posts\/6786","targetHints":{"allow":["GET"]}}],"collection":[{"href":"https:\/\/narteks.net\/index.php\/wp-json\/wp\/v2\/posts"}],"about":[{"href":"https:\/\/narteks.net\/index.php\/wp-json\/wp\/v2\/types\/post"}],"author":[{"embeddable":true,"href":"https:\/\/narteks.net\/index.php\/wp-json\/wp\/v2\/users\/1"}],"replies":[{"embeddable":true,"href":"https:\/\/narteks.net\/index.php\/wp-json\/wp\/v2\/comments?post=6786"}],"version-history":[{"count":0,"href":"https:\/\/narteks.net\/index.php\/wp-json\/wp\/v2\/posts\/6786\/revisions"}],"wp:attachment":[{"href":"https:\/\/narteks.net\/index.php\/wp-json\/wp\/v2\/media?parent=6786"}],"wp:term":[{"taxonomy":"category","embeddable":true,"href":"https:\/\/narteks.net\/index.php\/wp-json\/wp\/v2\/categories?post=6786"},{"taxonomy":"post_tag","embeddable":true,"href":"https:\/\/narteks.net\/index.php\/wp-json\/wp\/v2\/tags?post=6786"}],"curies":[{"name":"wp","href":"https:\/\/api.w.org\/{rel}","templated":true}]}}