{"id":6801,"date":"2011-10-03T15:56:11","date_gmt":"2011-10-03T12:56:11","guid":{"rendered":"http:\/\/localhost\/wordpress\/2011\/10\/03\/jose-marti-biyografisi\/"},"modified":"2011-10-03T15:56:11","modified_gmt":"2011-10-03T12:56:11","slug":"jose-marti-biyografisi","status":"publish","type":"post","link":"https:\/\/narteks.net\/index.php\/2011\/10\/03\/jose-marti-biyografisi\/","title":{"rendered":"Jos\u00e9 MART\u0130 Biyografisi"},"content":{"rendered":"<p><img loading=\"lazy\" decoding=\"async\" src=\"http:\/\/www.cubaheadlines.com\/files\/cubaheadlines.com\/imagenes\/marti_0.jpg\" border=\"0\" width=\"155\" height=\"205\" \/><\/p>\n<p style=\"text-align: justify;\">Jos\u00e9 Juli\u00e1n Mart\u00ed P\u00e9rez, (d. 28 Ocak 1853 \u2013 \u00f6. 19 May\u0131s 1895). K\u00fcba ba\u011f\u0131ms\u0131zl\u0131k m\u00fccadelesinin \u00f6nc\u00fcs\u00fc, \u015fair ve yazar\u0131.<\/p>\n<p>1853 y\u0131l\u0131nda Havana&#8217;da do\u011fan Marti, 17 ya\u015f\u0131ndayken s\u00f6m\u00fcrge y\u00f6netimine muhalif eylemleri nedeniyle \u0130spanya&#8217;ya s\u00fcrg\u00fcn edilmi\u015ftir. \u0130spanya&#8217;da ya\u015fad\u0131\u011f\u0131 d\u00f6nemde, K\u00fcba&#8217;da siyasi h\u00fck\u00fcml\u00fclerin maruz kald\u0131\u011f\u0131 eziyetleri anlatan bir bro\u015f\u00fcr yay\u0131nlam\u0131\u015ft\u0131r. Zaragoza \u00dcniversitesi&#8217;nden mezun olduktan sonra Mexico City&#8217;e (ciudad de Mexico) gitmi\u015f ve burada edebiyat \u00e7al\u0131\u015fmalar\u0131na ba\u015flam\u0131\u015ft\u0131r. Askeri darbenin olu\u015fturdu\u011fu rejime kar\u015f\u0131 muhalefeti nedeniyle bu \u00fclkeden ayr\u0131lmak zorunda kalan Marti, Guatemala&#8217;ya ge\u00e7mi\u015ftir ancak h\u00fck\u00fcmetin bask\u0131s\u0131 nedeniyle buradan da ayr\u0131lmak zorunda kalm\u0131\u015ft\u0131r. 1878&#8217;de genel aftan faydalanarak K\u00fcba&#8217;ya d\u00f6nm\u00fc\u015ft\u00fcr ancak \u0130spanyol y\u00f6netimine kar\u015f\u0131 m\u00fccadelesinden dolay\u0131 tekrar s\u00fcrg\u00fcne gitmek zorunda kalm\u0131\u015ft\u0131r. \u00d6nce \u0130spanya&#8217;ya daha sonra da ABD&#8217;ye gitmi\u015f, New York&#8217;da bir y\u0131l ya\u015fad\u0131ktan sonra Venezuela&#8217;ya ge\u00e7mi\u015ftir. Venezuela&#8217;ya yerle\u015fmeyi ummas\u0131na kar\u015f\u0131n buradaki diktat\u00f6rl\u00fck rejimi nedeniyle tekrar ABD&#8217;ye d\u00f6nm\u00fc\u015ft\u00fcr. 1895 y\u0131l\u0131nda ise K\u00fcba Ba\u011f\u0131ms\u0131zl\u0131k Sava\u015f\u0131 i\u00e7in ABD&#8217;yi terketmi\u015ftir.<\/p>\n<p>11 Nisan 1895&#8217;te Jose Marti, aralar\u0131nda General\u00edsimo M\u00e1ximo G\u00f3mez y B\u00e1ez&#8217;in de bulundu\u011fu s\u00fcrg\u00fcndeki muhaliflerden olu\u015fan bir g\u00fc\u00e7le K\u00fcba&#8217;ya ula\u015fm\u0131\u015ft\u0131r. 19 May\u0131s 1895&#8217;te Dos Rios sava\u015f\u0131nda \u0130spanyol g\u00fc\u00e7leri ile girdi\u011fi \u00e7at\u0131\u015fmada ya\u015fam\u0131n\u0131 yitirmi\u015ftir. Mezar\u0131 Santiago de Cuba&#8217;da Santa Efigenia mezarl\u0131\u011f\u0131ndad\u0131r.<\/p>\n<p>T\u00fcrkiye`de \u0130stanbul-Esenyurt`da ve Ankara \u00c7ankaya&#8217;da (Ho\u015fdere Caddesi \u00fczerinde) heykeli bulunmaktadir. Ayr\u0131ca ismiyle an\u0131lan Jose Marti K\u00fcba Dostluk Derne\u011fi bulunmaktad\u0131r.<\/p>\n<p><strong>\u015eiirleri<\/strong><\/p>\n<p> Alacal\u0131 T\u00fcy Sorgu\u00e7lar<br \/> Ayn\u0131 Yal\u0131nl\u0131kla \u00d6lmek \u0130sterim<br \/> Benim Sakim<br \/> Benim \u015e\u00f6valyem<br \/> Guanatanamo&#8217;lu kad\u0131n<br \/> G\u00fczel Kokulu Eller<br \/> K\u00fc\u00e7\u00fck Prens (\u015fiir)<br \/> Ruhumun O\u011flu<br \/> Omuzumda<br \/> Uyan\u0131k D\u00fc\u015f<br \/> \u0130ki Yurt<\/p>\n","protected":false},"excerpt":{"rendered":"<p>Jos\u00e9 Juli\u00e1n Mart\u00ed P\u00e9rez, (d. 28 Ocak 1853 \u2013 \u00f6. 19 May\u0131s 1895). K\u00fcba ba\u011f\u0131ms\u0131zl\u0131k m\u00fccadelesinin \u00f6nc\u00fcs\u00fc, \u015fair ve yazar\u0131. 1853 y\u0131l\u0131nda Havana&#8217;da do\u011fan Marti, 17 ya\u015f\u0131ndayken s\u00f6m\u00fcrge y\u00f6netimine muhalif eylemleri nedeniyle \u0130spanya&#8217;ya s\u00fcrg\u00fcn edilmi\u015ftir. \u0130spanya&#8217;da ya\u015fad\u0131\u011f\u0131 d\u00f6nemde, K\u00fcba&#8217;da siyasi h\u00fck\u00fcml\u00fclerin maruz kald\u0131\u011f\u0131 eziyetleri anlatan bir bro\u015f\u00fcr yay\u0131nlam\u0131\u015ft\u0131r. Zaragoza \u00dcniversitesi&#8217;nden mezun olduktan sonra Mexico City&#8217;e [&hellip;]<\/p>\n","protected":false},"author":1,"featured_media":0,"comment_status":"open","ping_status":"open","sticky":false,"template":"","format":"standard","meta":{"footnotes":""},"categories":[192],"tags":[],"class_list":{"0":"post-6801","1":"post","2":"type-post","3":"status-publish","4":"format-standard","6":"category-jose-marti"},"yoast_head":"<!-- This site is optimized with the Yoast SEO Premium plugin v24.9 (Yoast SEO v24.9) - https:\/\/yoast.com\/wordpress\/plugins\/seo\/ -->\n<title>Jos\u00e9 MART\u0130 Biyografisi - narteks.net<\/title>\n<meta name=\"robots\" content=\"index, follow, max-snippet:-1, max-image-preview:large, max-video-preview:-1\" \/>\n<link rel=\"canonical\" href=\"https:\/\/narteks.net\/index.php\/2011\/10\/03\/jose-marti-biyografisi\/\" \/>\n<meta property=\"og:locale\" content=\"tr_TR\" \/>\n<meta property=\"og:type\" content=\"article\" \/>\n<meta property=\"og:title\" content=\"Jos\u00e9 MART\u0130 Biyografisi\" \/>\n<meta property=\"og:description\" content=\"Jos\u00e9 Juli\u00e1n Mart\u00ed P\u00e9rez, (d. 28 Ocak 1853 \u2013 \u00f6. 19 May\u0131s 1895). K\u00fcba ba\u011f\u0131ms\u0131zl\u0131k m\u00fccadelesinin \u00f6nc\u00fcs\u00fc, \u015fair ve yazar\u0131. 1853 y\u0131l\u0131nda Havana&#8217;da do\u011fan Marti, 17 ya\u015f\u0131ndayken s\u00f6m\u00fcrge y\u00f6netimine muhalif eylemleri nedeniyle \u0130spanya&#8217;ya s\u00fcrg\u00fcn edilmi\u015ftir. \u0130spanya&#8217;da ya\u015fad\u0131\u011f\u0131 d\u00f6nemde, K\u00fcba&#8217;da siyasi h\u00fck\u00fcml\u00fclerin maruz kald\u0131\u011f\u0131 eziyetleri anlatan bir bro\u015f\u00fcr yay\u0131nlam\u0131\u015ft\u0131r. Zaragoza \u00dcniversitesi&#8217;nden mezun olduktan sonra Mexico City&#8217;e [&hellip;]\" \/>\n<meta property=\"og:url\" content=\"https:\/\/narteks.net\/index.php\/2011\/10\/03\/jose-marti-biyografisi\/\" \/>\n<meta property=\"og:site_name\" content=\"narteks.net\" \/>\n<meta property=\"article:published_time\" content=\"2011-10-03T12:56:11+00:00\" \/>\n<meta property=\"og:image\" content=\"http:\/\/www.cubaheadlines.com\/files\/cubaheadlines.com\/imagenes\/marti_0.jpg\" \/>\n<meta name=\"author\" content=\"Tar\u0131k\" \/>\n<meta name=\"twitter:card\" content=\"summary_large_image\" \/>\n<meta name=\"twitter:creator\" content=\"@narteks\" \/>\n<meta name=\"twitter:site\" content=\"@narteks\" \/>\n<meta name=\"twitter:label1\" content=\"Yazan:\" \/>\n\t<meta name=\"twitter:data1\" content=\"Tar\u0131k\" \/>\n\t<meta name=\"twitter:label2\" content=\"Tahmini okuma s\u00fcresi\" \/>\n\t<meta name=\"twitter:data2\" content=\"2 dakika\" \/>\n<script type=\"application\/ld+json\" class=\"yoast-schema-graph\">{\"@context\":\"https:\/\/schema.org\",\"@graph\":[{\"@type\":\"Article\",\"@id\":\"https:\/\/narteks.net\/index.php\/2011\/10\/03\/jose-marti-biyografisi\/#article\",\"isPartOf\":{\"@id\":\"https:\/\/narteks.net\/index.php\/2011\/10\/03\/jose-marti-biyografisi\/\"},\"author\":{\"name\":\"Tar\u0131k\",\"@id\":\"https:\/\/narteks.net\/#\/schema\/person\/61f37d9834294b72d31d274e7ed79bca\"},\"headline\":\"Jos\u00e9 MART\u0130 Biyografisi\",\"datePublished\":\"2011-10-03T12:56:11+00:00\",\"mainEntityOfPage\":{\"@id\":\"https:\/\/narteks.net\/index.php\/2011\/10\/03\/jose-marti-biyografisi\/\"},\"wordCount\":336,\"commentCount\":0,\"publisher\":{\"@id\":\"https:\/\/narteks.net\/#organization\"},\"image\":{\"@id\":\"https:\/\/narteks.net\/index.php\/2011\/10\/03\/jose-marti-biyografisi\/#primaryimage\"},\"thumbnailUrl\":\"http:\/\/www.cubaheadlines.com\/files\/cubaheadlines.com\/imagenes\/marti_0.jpg\",\"articleSection\":[\"Jos\u00e9 MART\u0130\"],\"inLanguage\":\"tr\",\"potentialAction\":[{\"@type\":\"CommentAction\",\"name\":\"Comment\",\"target\":[\"https:\/\/narteks.net\/index.php\/2011\/10\/03\/jose-marti-biyografisi\/#respond\"]}]},{\"@type\":\"WebPage\",\"@id\":\"https:\/\/narteks.net\/index.php\/2011\/10\/03\/jose-marti-biyografisi\/\",\"url\":\"https:\/\/narteks.net\/index.php\/2011\/10\/03\/jose-marti-biyografisi\/\",\"name\":\"Jos\u00e9 MART\u0130 Biyografisi - narteks.net\",\"isPartOf\":{\"@id\":\"https:\/\/narteks.net\/#website\"},\"primaryImageOfPage\":{\"@id\":\"https:\/\/narteks.net\/index.php\/2011\/10\/03\/jose-marti-biyografisi\/#primaryimage\"},\"image\":{\"@id\":\"https:\/\/narteks.net\/index.php\/2011\/10\/03\/jose-marti-biyografisi\/#primaryimage\"},\"thumbnailUrl\":\"http:\/\/www.cubaheadlines.com\/files\/cubaheadlines.com\/imagenes\/marti_0.jpg\",\"datePublished\":\"2011-10-03T12:56:11+00:00\",\"breadcrumb\":{\"@id\":\"https:\/\/narteks.net\/index.php\/2011\/10\/03\/jose-marti-biyografisi\/#breadcrumb\"},\"inLanguage\":\"tr\",\"potentialAction\":[{\"@type\":\"ReadAction\",\"target\":[\"https:\/\/narteks.net\/index.php\/2011\/10\/03\/jose-marti-biyografisi\/\"]}]},{\"@type\":\"ImageObject\",\"inLanguage\":\"tr\",\"@id\":\"https:\/\/narteks.net\/index.php\/2011\/10\/03\/jose-marti-biyografisi\/#primaryimage\",\"url\":\"http:\/\/www.cubaheadlines.com\/files\/cubaheadlines.com\/imagenes\/marti_0.jpg\",\"contentUrl\":\"http:\/\/www.cubaheadlines.com\/files\/cubaheadlines.com\/imagenes\/marti_0.jpg\"},{\"@type\":\"BreadcrumbList\",\"@id\":\"https:\/\/narteks.net\/index.php\/2011\/10\/03\/jose-marti-biyografisi\/#breadcrumb\",\"itemListElement\":[{\"@type\":\"ListItem\",\"position\":1,\"name\":\"Anasayfa\",\"item\":\"https:\/\/narteks.net\/\"},{\"@type\":\"ListItem\",\"position\":2,\"name\":\"Jos\u00e9 MART\u0130 Biyografisi\"}]},{\"@type\":\"WebSite\",\"@id\":\"https:\/\/narteks.net\/#website\",\"url\":\"https:\/\/narteks.net\/\",\"name\":\"narteks.net\",\"description\":\"K\u00fclt\u00fcr Sanat Edebiyat Felsefe\",\"publisher\":{\"@id\":\"https:\/\/narteks.net\/#organization\"},\"alternateName\":\"K\u00fclt\u00fcr Sanat Edebiyat Felsefe\",\"potentialAction\":[{\"@type\":\"SearchAction\",\"target\":{\"@type\":\"EntryPoint\",\"urlTemplate\":\"https:\/\/narteks.net\/?s={search_term_string}\"},\"query-input\":{\"@type\":\"PropertyValueSpecification\",\"valueRequired\":true,\"valueName\":\"search_term_string\"}}],\"inLanguage\":\"tr\"},{\"@type\":\"Organization\",\"@id\":\"https:\/\/narteks.net\/#organization\",\"name\":\"narteks.net\",\"url\":\"https:\/\/narteks.net\/\",\"logo\":{\"@type\":\"ImageObject\",\"inLanguage\":\"tr\",\"@id\":\"https:\/\/narteks.net\/#\/schema\/logo\/image\/\",\"url\":\"https:\/\/narteks.net\/wp-content\/uploads\/narteks.png\",\"contentUrl\":\"https:\/\/narteks.net\/wp-content\/uploads\/narteks.png\",\"width\":300,\"height\":90,\"caption\":\"narteks.net\"},\"image\":{\"@id\":\"https:\/\/narteks.net\/#\/schema\/logo\/image\/\"},\"sameAs\":[\"https:\/\/x.com\/narteks\",\"https:\/\/instagram.com\/narteksnet\"]},{\"@type\":\"Person\",\"@id\":\"https:\/\/narteks.net\/#\/schema\/person\/61f37d9834294b72d31d274e7ed79bca\",\"name\":\"Tar\u0131k\",\"image\":{\"@type\":\"ImageObject\",\"inLanguage\":\"tr\",\"@id\":\"https:\/\/narteks.net\/#\/schema\/person\/image\/\",\"url\":\"https:\/\/secure.gravatar.com\/avatar\/50865afb55632c4ae467e0af0930f6510aa2297d8014be502a55b14f3b7550cf?s=96&d=mm&r=g\",\"contentUrl\":\"https:\/\/secure.gravatar.com\/avatar\/50865afb55632c4ae467e0af0930f6510aa2297d8014be502a55b14f3b7550cf?s=96&d=mm&r=g\",\"caption\":\"Tar\u0131k\"},\"sameAs\":[\"http:\/\/narteks.net\"],\"url\":\"https:\/\/narteks.net\/index.php\/author\/narbak\/\"}]}<\/script>\n<!-- \/ Yoast SEO Premium plugin. -->","yoast_head_json":{"title":"Jos\u00e9 MART\u0130 Biyografisi - narteks.net","robots":{"index":"index","follow":"follow","max-snippet":"max-snippet:-1","max-image-preview":"max-image-preview:large","max-video-preview":"max-video-preview:-1"},"canonical":"https:\/\/narteks.net\/index.php\/2011\/10\/03\/jose-marti-biyografisi\/","og_locale":"tr_TR","og_type":"article","og_title":"Jos\u00e9 MART\u0130 Biyografisi","og_description":"Jos\u00e9 Juli\u00e1n Mart\u00ed P\u00e9rez, (d. 28 Ocak 1853 \u2013 \u00f6. 19 May\u0131s 1895). K\u00fcba ba\u011f\u0131ms\u0131zl\u0131k m\u00fccadelesinin \u00f6nc\u00fcs\u00fc, \u015fair ve yazar\u0131. 1853 y\u0131l\u0131nda Havana&#8217;da do\u011fan Marti, 17 ya\u015f\u0131ndayken s\u00f6m\u00fcrge y\u00f6netimine muhalif eylemleri nedeniyle \u0130spanya&#8217;ya s\u00fcrg\u00fcn edilmi\u015ftir. \u0130spanya&#8217;da ya\u015fad\u0131\u011f\u0131 d\u00f6nemde, K\u00fcba&#8217;da siyasi h\u00fck\u00fcml\u00fclerin maruz kald\u0131\u011f\u0131 eziyetleri anlatan bir bro\u015f\u00fcr yay\u0131nlam\u0131\u015ft\u0131r. Zaragoza \u00dcniversitesi&#8217;nden mezun olduktan sonra Mexico City&#8217;e [&hellip;]","og_url":"https:\/\/narteks.net\/index.php\/2011\/10\/03\/jose-marti-biyografisi\/","og_site_name":"narteks.net","article_published_time":"2011-10-03T12:56:11+00:00","og_image":[{"url":"http:\/\/www.cubaheadlines.com\/files\/cubaheadlines.com\/imagenes\/marti_0.jpg","type":"","width":"","height":""}],"author":"Tar\u0131k","twitter_card":"summary_large_image","twitter_creator":"@narteks","twitter_site":"@narteks","twitter_misc":{"Yazan:":"Tar\u0131k","Tahmini okuma s\u00fcresi":"2 dakika"},"schema":{"@context":"https:\/\/schema.org","@graph":[{"@type":"Article","@id":"https:\/\/narteks.net\/index.php\/2011\/10\/03\/jose-marti-biyografisi\/#article","isPartOf":{"@id":"https:\/\/narteks.net\/index.php\/2011\/10\/03\/jose-marti-biyografisi\/"},"author":{"name":"Tar\u0131k","@id":"https:\/\/narteks.net\/#\/schema\/person\/61f37d9834294b72d31d274e7ed79bca"},"headline":"Jos\u00e9 MART\u0130 Biyografisi","datePublished":"2011-10-03T12:56:11+00:00","mainEntityOfPage":{"@id":"https:\/\/narteks.net\/index.php\/2011\/10\/03\/jose-marti-biyografisi\/"},"wordCount":336,"commentCount":0,"publisher":{"@id":"https:\/\/narteks.net\/#organization"},"image":{"@id":"https:\/\/narteks.net\/index.php\/2011\/10\/03\/jose-marti-biyografisi\/#primaryimage"},"thumbnailUrl":"http:\/\/www.cubaheadlines.com\/files\/cubaheadlines.com\/imagenes\/marti_0.jpg","articleSection":["Jos\u00e9 MART\u0130"],"inLanguage":"tr","potentialAction":[{"@type":"CommentAction","name":"Comment","target":["https:\/\/narteks.net\/index.php\/2011\/10\/03\/jose-marti-biyografisi\/#respond"]}]},{"@type":"WebPage","@id":"https:\/\/narteks.net\/index.php\/2011\/10\/03\/jose-marti-biyografisi\/","url":"https:\/\/narteks.net\/index.php\/2011\/10\/03\/jose-marti-biyografisi\/","name":"Jos\u00e9 MART\u0130 Biyografisi - narteks.net","isPartOf":{"@id":"https:\/\/narteks.net\/#website"},"primaryImageOfPage":{"@id":"https:\/\/narteks.net\/index.php\/2011\/10\/03\/jose-marti-biyografisi\/#primaryimage"},"image":{"@id":"https:\/\/narteks.net\/index.php\/2011\/10\/03\/jose-marti-biyografisi\/#primaryimage"},"thumbnailUrl":"http:\/\/www.cubaheadlines.com\/files\/cubaheadlines.com\/imagenes\/marti_0.jpg","datePublished":"2011-10-03T12:56:11+00:00","breadcrumb":{"@id":"https:\/\/narteks.net\/index.php\/2011\/10\/03\/jose-marti-biyografisi\/#breadcrumb"},"inLanguage":"tr","potentialAction":[{"@type":"ReadAction","target":["https:\/\/narteks.net\/index.php\/2011\/10\/03\/jose-marti-biyografisi\/"]}]},{"@type":"ImageObject","inLanguage":"tr","@id":"https:\/\/narteks.net\/index.php\/2011\/10\/03\/jose-marti-biyografisi\/#primaryimage","url":"http:\/\/www.cubaheadlines.com\/files\/cubaheadlines.com\/imagenes\/marti_0.jpg","contentUrl":"http:\/\/www.cubaheadlines.com\/files\/cubaheadlines.com\/imagenes\/marti_0.jpg"},{"@type":"BreadcrumbList","@id":"https:\/\/narteks.net\/index.php\/2011\/10\/03\/jose-marti-biyografisi\/#breadcrumb","itemListElement":[{"@type":"ListItem","position":1,"name":"Anasayfa","item":"https:\/\/narteks.net\/"},{"@type":"ListItem","position":2,"name":"Jos\u00e9 MART\u0130 Biyografisi"}]},{"@type":"WebSite","@id":"https:\/\/narteks.net\/#website","url":"https:\/\/narteks.net\/","name":"narteks.net","description":"K\u00fclt\u00fcr Sanat Edebiyat Felsefe","publisher":{"@id":"https:\/\/narteks.net\/#organization"},"alternateName":"K\u00fclt\u00fcr Sanat Edebiyat Felsefe","potentialAction":[{"@type":"SearchAction","target":{"@type":"EntryPoint","urlTemplate":"https:\/\/narteks.net\/?s={search_term_string}"},"query-input":{"@type":"PropertyValueSpecification","valueRequired":true,"valueName":"search_term_string"}}],"inLanguage":"tr"},{"@type":"Organization","@id":"https:\/\/narteks.net\/#organization","name":"narteks.net","url":"https:\/\/narteks.net\/","logo":{"@type":"ImageObject","inLanguage":"tr","@id":"https:\/\/narteks.net\/#\/schema\/logo\/image\/","url":"https:\/\/narteks.net\/wp-content\/uploads\/narteks.png","contentUrl":"https:\/\/narteks.net\/wp-content\/uploads\/narteks.png","width":300,"height":90,"caption":"narteks.net"},"image":{"@id":"https:\/\/narteks.net\/#\/schema\/logo\/image\/"},"sameAs":["https:\/\/x.com\/narteks","https:\/\/instagram.com\/narteksnet"]},{"@type":"Person","@id":"https:\/\/narteks.net\/#\/schema\/person\/61f37d9834294b72d31d274e7ed79bca","name":"Tar\u0131k","image":{"@type":"ImageObject","inLanguage":"tr","@id":"https:\/\/narteks.net\/#\/schema\/person\/image\/","url":"https:\/\/secure.gravatar.com\/avatar\/50865afb55632c4ae467e0af0930f6510aa2297d8014be502a55b14f3b7550cf?s=96&d=mm&r=g","contentUrl":"https:\/\/secure.gravatar.com\/avatar\/50865afb55632c4ae467e0af0930f6510aa2297d8014be502a55b14f3b7550cf?s=96&d=mm&r=g","caption":"Tar\u0131k"},"sameAs":["http:\/\/narteks.net"],"url":"https:\/\/narteks.net\/index.php\/author\/narbak\/"}]}},"_links":{"self":[{"href":"https:\/\/narteks.net\/index.php\/wp-json\/wp\/v2\/posts\/6801","targetHints":{"allow":["GET"]}}],"collection":[{"href":"https:\/\/narteks.net\/index.php\/wp-json\/wp\/v2\/posts"}],"about":[{"href":"https:\/\/narteks.net\/index.php\/wp-json\/wp\/v2\/types\/post"}],"author":[{"embeddable":true,"href":"https:\/\/narteks.net\/index.php\/wp-json\/wp\/v2\/users\/1"}],"replies":[{"embeddable":true,"href":"https:\/\/narteks.net\/index.php\/wp-json\/wp\/v2\/comments?post=6801"}],"version-history":[{"count":0,"href":"https:\/\/narteks.net\/index.php\/wp-json\/wp\/v2\/posts\/6801\/revisions"}],"wp:attachment":[{"href":"https:\/\/narteks.net\/index.php\/wp-json\/wp\/v2\/media?parent=6801"}],"wp:term":[{"taxonomy":"category","embeddable":true,"href":"https:\/\/narteks.net\/index.php\/wp-json\/wp\/v2\/categories?post=6801"},{"taxonomy":"post_tag","embeddable":true,"href":"https:\/\/narteks.net\/index.php\/wp-json\/wp\/v2\/tags?post=6801"}],"curies":[{"name":"wp","href":"https:\/\/api.w.org\/{rel}","templated":true}]}}