{"id":6811,"date":"2011-10-03T16:15:21","date_gmt":"2011-10-03T13:15:21","guid":{"rendered":"http:\/\/localhost\/wordpress\/2011\/10\/03\/olu-asker-2\/"},"modified":"2011-10-03T16:15:21","modified_gmt":"2011-10-03T13:15:21","slug":"olu-asker-2","status":"publish","type":"post","link":"https:\/\/narteks.net\/index.php\/2011\/10\/03\/olu-asker-2\/","title":{"rendered":"\u00d6L\u00dc ASKER"},"content":{"rendered":"<p>\u00a0<\/p>\n<p>&#8211; Kimin kur\u015funu \u00f6ld\u00fcrm\u00fc\u015f onu? <br \/>&#8211; Bilen yok. <br \/>&#8211; Nereliymi\u015f? <br \/>&#8211; Jovellanos&#8217; lu diyorlar. <br \/>&#8211; Nerede bulmu\u015flar? <br \/>&#8211; Yolun yan\u0131nda yat\u0131yormu\u015f, <br \/>\u00f6teki askerler g\u00f6rm\u00fc\u015f. <br \/>&#8211; Kimin kur\u015funu \u00f6ld\u00fcrm\u00fc\u015f onu? <\/p>\n<p>Gelip \u00f6p\u00fcyor onu ni\u015fanl\u0131s\u0131; <br \/>anas\u0131 geliyor sonra a\u011fl\u0131yor. <br \/>Sonra da y\u00fczba\u015f\u0131 \u00e7\u0131kageliyor. <br \/>ba\u011f\u0131r\u0131yor: <br \/> &#8211; G\u00f6m\u00fcn onu! <br \/> Dan! Dan! Dan! <br \/>G\u0130D\u0130YOR \u00d6L\u00dc ASKER. <br \/> Dan! Dan! Dan! <br \/>YOLUN YANINDA BULMU\u015eLAR ONU. <br \/> Dan! Dan! Dan! <br \/>B\u0130R ASKERDEN NE \u00c7IKAR. <br \/> Dan! Dan! Dan! <br \/>DAHA NE ASKERLER VAR B\u0130ZDE.\u00a0 <\/p>\n<p>Nicolas\u00a0 GUILLEN<\/p>\n<p>\u00c7eviri : \u00dclk\u00fc TAMER<\/p>\n","protected":false},"excerpt":{"rendered":"<p>\u00a0 &#8211; Kimin kur\u015funu \u00f6ld\u00fcrm\u00fc\u015f onu? &#8211; Bilen yok. &#8211; Nereliymi\u015f? &#8211; Jovellanos&#8217; lu diyorlar. &#8211; Nerede bulmu\u015flar? &#8211; Yolun yan\u0131nda yat\u0131yormu\u015f, \u00f6teki askerler g\u00f6rm\u00fc\u015f. &#8211; Kimin kur\u015funu \u00f6ld\u00fcrm\u00fc\u015f onu? Gelip \u00f6p\u00fcyor onu ni\u015fanl\u0131s\u0131; anas\u0131 geliyor sonra a\u011fl\u0131yor. Sonra da y\u00fczba\u015f\u0131 \u00e7\u0131kageliyor. ba\u011f\u0131r\u0131yor: &#8211; G\u00f6m\u00fcn onu! Dan! Dan! Dan! G\u0130D\u0130YOR \u00d6L\u00dc ASKER. Dan! Dan! Dan! [&hellip;]<\/p>\n","protected":false},"author":1,"featured_media":0,"comment_status":"open","ping_status":"open","sticky":false,"template":"","format":"standard","meta":{"footnotes":""},"categories":[193],"tags":[],"class_list":{"0":"post-6811","1":"post","2":"type-post","3":"status-publish","4":"format-standard","6":"category-nicolas-guillen"},"yoast_head":"<!-- This site is optimized with the Yoast SEO Premium plugin v24.9 (Yoast SEO v24.9) - https:\/\/yoast.com\/wordpress\/plugins\/seo\/ -->\n<title>\u00d6L\u00dc ASKER - narteks.net<\/title>\n<meta name=\"robots\" content=\"index, follow, max-snippet:-1, max-image-preview:large, max-video-preview:-1\" \/>\n<link rel=\"canonical\" href=\"https:\/\/narteks.net\/index.php\/2011\/10\/03\/olu-asker-2\/\" \/>\n<meta property=\"og:locale\" content=\"tr_TR\" \/>\n<meta property=\"og:type\" content=\"article\" \/>\n<meta property=\"og:title\" content=\"\u00d6L\u00dc ASKER\" \/>\n<meta property=\"og:description\" content=\"\u00a0 &#8211; Kimin kur\u015funu \u00f6ld\u00fcrm\u00fc\u015f onu? &#8211; Bilen yok. &#8211; Nereliymi\u015f? &#8211; Jovellanos&#8217; lu diyorlar. &#8211; Nerede bulmu\u015flar? &#8211; Yolun yan\u0131nda yat\u0131yormu\u015f, \u00f6teki askerler g\u00f6rm\u00fc\u015f. &#8211; Kimin kur\u015funu \u00f6ld\u00fcrm\u00fc\u015f onu? Gelip \u00f6p\u00fcyor onu ni\u015fanl\u0131s\u0131; anas\u0131 geliyor sonra a\u011fl\u0131yor. Sonra da y\u00fczba\u015f\u0131 \u00e7\u0131kageliyor. ba\u011f\u0131r\u0131yor: &#8211; G\u00f6m\u00fcn onu! Dan! Dan! Dan! G\u0130D\u0130YOR \u00d6L\u00dc ASKER. Dan! Dan! Dan! [&hellip;]\" \/>\n<meta property=\"og:url\" content=\"https:\/\/narteks.net\/index.php\/2011\/10\/03\/olu-asker-2\/\" \/>\n<meta property=\"og:site_name\" content=\"narteks.net\" \/>\n<meta property=\"article:published_time\" content=\"2011-10-03T13:15:21+00:00\" \/>\n<meta property=\"og:image\" content=\"https:\/\/narteks.net\/wp-content\/uploads\/narteks.png\" \/>\n\t<meta property=\"og:image:width\" content=\"300\" \/>\n\t<meta property=\"og:image:height\" content=\"90\" \/>\n\t<meta property=\"og:image:type\" content=\"image\/png\" \/>\n<meta name=\"author\" content=\"Tar\u0131k\" \/>\n<meta name=\"twitter:card\" content=\"summary_large_image\" \/>\n<meta name=\"twitter:creator\" content=\"@narteks\" \/>\n<meta name=\"twitter:site\" content=\"@narteks\" \/>\n<meta name=\"twitter:label1\" content=\"Yazan:\" \/>\n\t<meta name=\"twitter:data1\" content=\"Tar\u0131k\" \/>\n\t<meta name=\"twitter:label2\" content=\"Tahmini okuma s\u00fcresi\" \/>\n\t<meta name=\"twitter:data2\" content=\"1 dakika\" \/>\n<script type=\"application\/ld+json\" class=\"yoast-schema-graph\">{\"@context\":\"https:\/\/schema.org\",\"@graph\":[{\"@type\":\"Article\",\"@id\":\"https:\/\/narteks.net\/index.php\/2011\/10\/03\/olu-asker-2\/#article\",\"isPartOf\":{\"@id\":\"https:\/\/narteks.net\/index.php\/2011\/10\/03\/olu-asker-2\/\"},\"author\":{\"name\":\"Tar\u0131k\",\"@id\":\"https:\/\/narteks.net\/#\/schema\/person\/61f37d9834294b72d31d274e7ed79bca\"},\"headline\":\"\u00d6L\u00dc ASKER\",\"datePublished\":\"2011-10-03T13:15:21+00:00\",\"mainEntityOfPage\":{\"@id\":\"https:\/\/narteks.net\/index.php\/2011\/10\/03\/olu-asker-2\/\"},\"wordCount\":103,\"commentCount\":0,\"publisher\":{\"@id\":\"https:\/\/narteks.net\/#organization\"},\"articleSection\":[\"Nicolas GUILLEN\"],\"inLanguage\":\"tr\",\"potentialAction\":[{\"@type\":\"CommentAction\",\"name\":\"Comment\",\"target\":[\"https:\/\/narteks.net\/index.php\/2011\/10\/03\/olu-asker-2\/#respond\"]}]},{\"@type\":\"WebPage\",\"@id\":\"https:\/\/narteks.net\/index.php\/2011\/10\/03\/olu-asker-2\/\",\"url\":\"https:\/\/narteks.net\/index.php\/2011\/10\/03\/olu-asker-2\/\",\"name\":\"\u00d6L\u00dc ASKER - narteks.net\",\"isPartOf\":{\"@id\":\"https:\/\/narteks.net\/#website\"},\"datePublished\":\"2011-10-03T13:15:21+00:00\",\"breadcrumb\":{\"@id\":\"https:\/\/narteks.net\/index.php\/2011\/10\/03\/olu-asker-2\/#breadcrumb\"},\"inLanguage\":\"tr\",\"potentialAction\":[{\"@type\":\"ReadAction\",\"target\":[\"https:\/\/narteks.net\/index.php\/2011\/10\/03\/olu-asker-2\/\"]}]},{\"@type\":\"BreadcrumbList\",\"@id\":\"https:\/\/narteks.net\/index.php\/2011\/10\/03\/olu-asker-2\/#breadcrumb\",\"itemListElement\":[{\"@type\":\"ListItem\",\"position\":1,\"name\":\"Anasayfa\",\"item\":\"https:\/\/narteks.net\/\"},{\"@type\":\"ListItem\",\"position\":2,\"name\":\"\u00d6L\u00dc ASKER\"}]},{\"@type\":\"WebSite\",\"@id\":\"https:\/\/narteks.net\/#website\",\"url\":\"https:\/\/narteks.net\/\",\"name\":\"narteks.net\",\"description\":\"K\u00fclt\u00fcr Sanat Edebiyat Felsefe\",\"publisher\":{\"@id\":\"https:\/\/narteks.net\/#organization\"},\"alternateName\":\"K\u00fclt\u00fcr Sanat Edebiyat Felsefe\",\"potentialAction\":[{\"@type\":\"SearchAction\",\"target\":{\"@type\":\"EntryPoint\",\"urlTemplate\":\"https:\/\/narteks.net\/?s={search_term_string}\"},\"query-input\":{\"@type\":\"PropertyValueSpecification\",\"valueRequired\":true,\"valueName\":\"search_term_string\"}}],\"inLanguage\":\"tr\"},{\"@type\":\"Organization\",\"@id\":\"https:\/\/narteks.net\/#organization\",\"name\":\"narteks.net\",\"url\":\"https:\/\/narteks.net\/\",\"logo\":{\"@type\":\"ImageObject\",\"inLanguage\":\"tr\",\"@id\":\"https:\/\/narteks.net\/#\/schema\/logo\/image\/\",\"url\":\"https:\/\/narteks.net\/wp-content\/uploads\/narteks.png\",\"contentUrl\":\"https:\/\/narteks.net\/wp-content\/uploads\/narteks.png\",\"width\":300,\"height\":90,\"caption\":\"narteks.net\"},\"image\":{\"@id\":\"https:\/\/narteks.net\/#\/schema\/logo\/image\/\"},\"sameAs\":[\"https:\/\/x.com\/narteks\",\"https:\/\/instagram.com\/narteksnet\"]},{\"@type\":\"Person\",\"@id\":\"https:\/\/narteks.net\/#\/schema\/person\/61f37d9834294b72d31d274e7ed79bca\",\"name\":\"Tar\u0131k\",\"image\":{\"@type\":\"ImageObject\",\"inLanguage\":\"tr\",\"@id\":\"https:\/\/narteks.net\/#\/schema\/person\/image\/\",\"url\":\"https:\/\/secure.gravatar.com\/avatar\/50865afb55632c4ae467e0af0930f6510aa2297d8014be502a55b14f3b7550cf?s=96&d=mm&r=g\",\"contentUrl\":\"https:\/\/secure.gravatar.com\/avatar\/50865afb55632c4ae467e0af0930f6510aa2297d8014be502a55b14f3b7550cf?s=96&d=mm&r=g\",\"caption\":\"Tar\u0131k\"},\"sameAs\":[\"http:\/\/narteks.net\"],\"url\":\"https:\/\/narteks.net\/index.php\/author\/narbak\/\"}]}<\/script>\n<!-- \/ Yoast SEO Premium plugin. -->","yoast_head_json":{"title":"\u00d6L\u00dc ASKER - narteks.net","robots":{"index":"index","follow":"follow","max-snippet":"max-snippet:-1","max-image-preview":"max-image-preview:large","max-video-preview":"max-video-preview:-1"},"canonical":"https:\/\/narteks.net\/index.php\/2011\/10\/03\/olu-asker-2\/","og_locale":"tr_TR","og_type":"article","og_title":"\u00d6L\u00dc ASKER","og_description":"\u00a0 &#8211; Kimin kur\u015funu \u00f6ld\u00fcrm\u00fc\u015f onu? &#8211; Bilen yok. &#8211; Nereliymi\u015f? &#8211; Jovellanos&#8217; lu diyorlar. &#8211; Nerede bulmu\u015flar? &#8211; Yolun yan\u0131nda yat\u0131yormu\u015f, \u00f6teki askerler g\u00f6rm\u00fc\u015f. &#8211; Kimin kur\u015funu \u00f6ld\u00fcrm\u00fc\u015f onu? Gelip \u00f6p\u00fcyor onu ni\u015fanl\u0131s\u0131; anas\u0131 geliyor sonra a\u011fl\u0131yor. Sonra da y\u00fczba\u015f\u0131 \u00e7\u0131kageliyor. ba\u011f\u0131r\u0131yor: &#8211; G\u00f6m\u00fcn onu! Dan! Dan! Dan! G\u0130D\u0130YOR \u00d6L\u00dc ASKER. Dan! Dan! Dan! [&hellip;]","og_url":"https:\/\/narteks.net\/index.php\/2011\/10\/03\/olu-asker-2\/","og_site_name":"narteks.net","article_published_time":"2011-10-03T13:15:21+00:00","og_image":[{"width":300,"height":90,"url":"https:\/\/narteks.net\/wp-content\/uploads\/narteks.png","type":"image\/png"}],"author":"Tar\u0131k","twitter_card":"summary_large_image","twitter_creator":"@narteks","twitter_site":"@narteks","twitter_misc":{"Yazan:":"Tar\u0131k","Tahmini okuma s\u00fcresi":"1 dakika"},"schema":{"@context":"https:\/\/schema.org","@graph":[{"@type":"Article","@id":"https:\/\/narteks.net\/index.php\/2011\/10\/03\/olu-asker-2\/#article","isPartOf":{"@id":"https:\/\/narteks.net\/index.php\/2011\/10\/03\/olu-asker-2\/"},"author":{"name":"Tar\u0131k","@id":"https:\/\/narteks.net\/#\/schema\/person\/61f37d9834294b72d31d274e7ed79bca"},"headline":"\u00d6L\u00dc ASKER","datePublished":"2011-10-03T13:15:21+00:00","mainEntityOfPage":{"@id":"https:\/\/narteks.net\/index.php\/2011\/10\/03\/olu-asker-2\/"},"wordCount":103,"commentCount":0,"publisher":{"@id":"https:\/\/narteks.net\/#organization"},"articleSection":["Nicolas GUILLEN"],"inLanguage":"tr","potentialAction":[{"@type":"CommentAction","name":"Comment","target":["https:\/\/narteks.net\/index.php\/2011\/10\/03\/olu-asker-2\/#respond"]}]},{"@type":"WebPage","@id":"https:\/\/narteks.net\/index.php\/2011\/10\/03\/olu-asker-2\/","url":"https:\/\/narteks.net\/index.php\/2011\/10\/03\/olu-asker-2\/","name":"\u00d6L\u00dc ASKER - narteks.net","isPartOf":{"@id":"https:\/\/narteks.net\/#website"},"datePublished":"2011-10-03T13:15:21+00:00","breadcrumb":{"@id":"https:\/\/narteks.net\/index.php\/2011\/10\/03\/olu-asker-2\/#breadcrumb"},"inLanguage":"tr","potentialAction":[{"@type":"ReadAction","target":["https:\/\/narteks.net\/index.php\/2011\/10\/03\/olu-asker-2\/"]}]},{"@type":"BreadcrumbList","@id":"https:\/\/narteks.net\/index.php\/2011\/10\/03\/olu-asker-2\/#breadcrumb","itemListElement":[{"@type":"ListItem","position":1,"name":"Anasayfa","item":"https:\/\/narteks.net\/"},{"@type":"ListItem","position":2,"name":"\u00d6L\u00dc ASKER"}]},{"@type":"WebSite","@id":"https:\/\/narteks.net\/#website","url":"https:\/\/narteks.net\/","name":"narteks.net","description":"K\u00fclt\u00fcr Sanat Edebiyat Felsefe","publisher":{"@id":"https:\/\/narteks.net\/#organization"},"alternateName":"K\u00fclt\u00fcr Sanat Edebiyat Felsefe","potentialAction":[{"@type":"SearchAction","target":{"@type":"EntryPoint","urlTemplate":"https:\/\/narteks.net\/?s={search_term_string}"},"query-input":{"@type":"PropertyValueSpecification","valueRequired":true,"valueName":"search_term_string"}}],"inLanguage":"tr"},{"@type":"Organization","@id":"https:\/\/narteks.net\/#organization","name":"narteks.net","url":"https:\/\/narteks.net\/","logo":{"@type":"ImageObject","inLanguage":"tr","@id":"https:\/\/narteks.net\/#\/schema\/logo\/image\/","url":"https:\/\/narteks.net\/wp-content\/uploads\/narteks.png","contentUrl":"https:\/\/narteks.net\/wp-content\/uploads\/narteks.png","width":300,"height":90,"caption":"narteks.net"},"image":{"@id":"https:\/\/narteks.net\/#\/schema\/logo\/image\/"},"sameAs":["https:\/\/x.com\/narteks","https:\/\/instagram.com\/narteksnet"]},{"@type":"Person","@id":"https:\/\/narteks.net\/#\/schema\/person\/61f37d9834294b72d31d274e7ed79bca","name":"Tar\u0131k","image":{"@type":"ImageObject","inLanguage":"tr","@id":"https:\/\/narteks.net\/#\/schema\/person\/image\/","url":"https:\/\/secure.gravatar.com\/avatar\/50865afb55632c4ae467e0af0930f6510aa2297d8014be502a55b14f3b7550cf?s=96&d=mm&r=g","contentUrl":"https:\/\/secure.gravatar.com\/avatar\/50865afb55632c4ae467e0af0930f6510aa2297d8014be502a55b14f3b7550cf?s=96&d=mm&r=g","caption":"Tar\u0131k"},"sameAs":["http:\/\/narteks.net"],"url":"https:\/\/narteks.net\/index.php\/author\/narbak\/"}]}},"_links":{"self":[{"href":"https:\/\/narteks.net\/index.php\/wp-json\/wp\/v2\/posts\/6811","targetHints":{"allow":["GET"]}}],"collection":[{"href":"https:\/\/narteks.net\/index.php\/wp-json\/wp\/v2\/posts"}],"about":[{"href":"https:\/\/narteks.net\/index.php\/wp-json\/wp\/v2\/types\/post"}],"author":[{"embeddable":true,"href":"https:\/\/narteks.net\/index.php\/wp-json\/wp\/v2\/users\/1"}],"replies":[{"embeddable":true,"href":"https:\/\/narteks.net\/index.php\/wp-json\/wp\/v2\/comments?post=6811"}],"version-history":[{"count":0,"href":"https:\/\/narteks.net\/index.php\/wp-json\/wp\/v2\/posts\/6811\/revisions"}],"wp:attachment":[{"href":"https:\/\/narteks.net\/index.php\/wp-json\/wp\/v2\/media?parent=6811"}],"wp:term":[{"taxonomy":"category","embeddable":true,"href":"https:\/\/narteks.net\/index.php\/wp-json\/wp\/v2\/categories?post=6811"},{"taxonomy":"post_tag","embeddable":true,"href":"https:\/\/narteks.net\/index.php\/wp-json\/wp\/v2\/tags?post=6811"}],"curies":[{"name":"wp","href":"https:\/\/api.w.org\/{rel}","templated":true}]}}