{"id":6814,"date":"2011-10-03T16:17:53","date_gmt":"2011-10-03T13:17:53","guid":{"rendered":"http:\/\/localhost\/wordpress\/2011\/10\/03\/ter-ve-kirbac\/"},"modified":"2011-10-03T16:17:53","modified_gmt":"2011-10-03T13:17:53","slug":"ter-ve-kirbac","status":"publish","type":"post","link":"https:\/\/narteks.net\/index.php\/2011\/10\/03\/ter-ve-kirbac\/","title":{"rendered":"TER VE KIRBA\u00c7"},"content":{"rendered":"<p>\u00a0<\/p>\n<p>K\u0131rba\u00e7,<br \/>ter ve k\u0131rba\u00e7.<\/p>\n<p>G\u00fcne\u015f erkenden uyand\u0131<br \/>ve buldu yal\u0131nayak Zenciyi.<br \/>\u00c7\u0131plak g\u00f6vdesi k\u0131rba\u00e7lanm\u0131\u015f<br \/>meydanda.<\/p>\n<p>K\u0131rba\u00e7,<br \/>ter ve k\u0131rba\u00e7.<\/p>\n<p>R\u00fczg\u00e2r hayk\u0131ra hayk\u0131ra esti:<br \/>Kara bir \u00e7i\u00e7ektir her yumruk!<br \/>Kan dedi ki ona, Haydi git!<br \/>O kana dedi ki, Haydi git!<\/p>\n<p>Al kanlar i\u00e7inde gitti, yal\u0131nayak.<br \/>Titreyerek, kam\u0131\u015f tarlas\u0131<br \/>A\u00e7\u0131ld\u0131 yol verdi ona.<\/p>\n<p>Sonra, g\u00f6ky\u00fcz\u00fc sessizli\u011fe b\u00fcr\u00fcnd\u00fc,<br \/>ve g\u00f6\u011f\u00fcn alt\u0131nda bir k\u00f6le<br \/>her yan\u0131 boyand\u0131 efendinin kan\u0131yla.<\/p>\n<p>K\u0131rba\u00e7,<br \/>ter ve k\u0131rba\u00e7,<br \/>her yan\u0131 boyand\u0131 efendinin kan\u0131yla;<br \/>k\u0131rba\u00e7,<br \/>ter ve k\u0131rba\u00e7,<br \/>her yan\u0131 boyand\u0131 efendinin kan\u0131yla,<br \/>her yan\u0131 boyand\u0131 efendinin kan\u0131yla.<\/p>\n<p>Nicolas\u00a0 GUILLEN<\/p>\n<p>\u00c7eviri : O\u011fuz Ya\u015far A.<\/p>\n","protected":false},"excerpt":{"rendered":"<p>\u00a0 K\u0131rba\u00e7,ter ve k\u0131rba\u00e7. G\u00fcne\u015f erkenden uyand\u0131ve buldu yal\u0131nayak Zenciyi.\u00c7\u0131plak g\u00f6vdesi k\u0131rba\u00e7lanm\u0131\u015fmeydanda. K\u0131rba\u00e7,ter ve k\u0131rba\u00e7. R\u00fczg\u00e2r hayk\u0131ra hayk\u0131ra esti:Kara bir \u00e7i\u00e7ektir her yumruk!Kan dedi ki ona, Haydi git!O kana dedi ki, Haydi git! Al kanlar i\u00e7inde gitti, yal\u0131nayak.Titreyerek, kam\u0131\u015f tarlas\u0131A\u00e7\u0131ld\u0131 yol verdi ona. Sonra, g\u00f6ky\u00fcz\u00fc sessizli\u011fe b\u00fcr\u00fcnd\u00fc,ve g\u00f6\u011f\u00fcn alt\u0131nda bir k\u00f6leher yan\u0131 boyand\u0131 efendinin kan\u0131yla. [&hellip;]<\/p>\n","protected":false},"author":1,"featured_media":0,"comment_status":"open","ping_status":"open","sticky":false,"template":"","format":"standard","meta":{"footnotes":""},"categories":[193],"tags":[],"class_list":{"0":"post-6814","1":"post","2":"type-post","3":"status-publish","4":"format-standard","6":"category-nicolas-guillen"},"yoast_head":"<!-- This site is optimized with the Yoast SEO Premium plugin v24.9 (Yoast SEO v24.9) - https:\/\/yoast.com\/wordpress\/plugins\/seo\/ -->\n<title>TER VE KIRBA\u00c7 - narteks.net<\/title>\n<meta name=\"robots\" content=\"index, follow, max-snippet:-1, max-image-preview:large, max-video-preview:-1\" \/>\n<link rel=\"canonical\" href=\"https:\/\/narteks.net\/index.php\/2011\/10\/03\/ter-ve-kirbac\/\" \/>\n<meta property=\"og:locale\" content=\"tr_TR\" \/>\n<meta property=\"og:type\" content=\"article\" \/>\n<meta property=\"og:title\" content=\"TER VE KIRBA\u00c7\" \/>\n<meta property=\"og:description\" content=\"\u00a0 K\u0131rba\u00e7,ter ve k\u0131rba\u00e7. G\u00fcne\u015f erkenden uyand\u0131ve buldu yal\u0131nayak Zenciyi.\u00c7\u0131plak g\u00f6vdesi k\u0131rba\u00e7lanm\u0131\u015fmeydanda. K\u0131rba\u00e7,ter ve k\u0131rba\u00e7. R\u00fczg\u00e2r hayk\u0131ra hayk\u0131ra esti:Kara bir \u00e7i\u00e7ektir her yumruk!Kan dedi ki ona, Haydi git!O kana dedi ki, Haydi git! Al kanlar i\u00e7inde gitti, yal\u0131nayak.Titreyerek, kam\u0131\u015f tarlas\u0131A\u00e7\u0131ld\u0131 yol verdi ona. Sonra, g\u00f6ky\u00fcz\u00fc sessizli\u011fe b\u00fcr\u00fcnd\u00fc,ve g\u00f6\u011f\u00fcn alt\u0131nda bir k\u00f6leher yan\u0131 boyand\u0131 efendinin kan\u0131yla. [&hellip;]\" \/>\n<meta property=\"og:url\" content=\"https:\/\/narteks.net\/index.php\/2011\/10\/03\/ter-ve-kirbac\/\" \/>\n<meta property=\"og:site_name\" content=\"narteks.net\" \/>\n<meta property=\"article:published_time\" content=\"2011-10-03T13:17:53+00:00\" \/>\n<meta property=\"og:image\" content=\"https:\/\/narteks.net\/wp-content\/uploads\/narteks.png\" \/>\n\t<meta property=\"og:image:width\" content=\"300\" \/>\n\t<meta property=\"og:image:height\" content=\"90\" \/>\n\t<meta property=\"og:image:type\" content=\"image\/png\" \/>\n<meta name=\"author\" content=\"Tar\u0131k\" \/>\n<meta name=\"twitter:card\" content=\"summary_large_image\" \/>\n<meta name=\"twitter:creator\" content=\"@narteks\" \/>\n<meta name=\"twitter:site\" content=\"@narteks\" \/>\n<meta name=\"twitter:label1\" content=\"Yazan:\" \/>\n\t<meta name=\"twitter:data1\" content=\"Tar\u0131k\" \/>\n\t<meta name=\"twitter:label2\" content=\"Tahmini okuma s\u00fcresi\" \/>\n\t<meta name=\"twitter:data2\" content=\"1 dakika\" \/>\n<script type=\"application\/ld+json\" class=\"yoast-schema-graph\">{\"@context\":\"https:\/\/schema.org\",\"@graph\":[{\"@type\":\"Article\",\"@id\":\"https:\/\/narteks.net\/index.php\/2011\/10\/03\/ter-ve-kirbac\/#article\",\"isPartOf\":{\"@id\":\"https:\/\/narteks.net\/index.php\/2011\/10\/03\/ter-ve-kirbac\/\"},\"author\":{\"name\":\"Tar\u0131k\",\"@id\":\"https:\/\/narteks.net\/#\/schema\/person\/61f37d9834294b72d31d274e7ed79bca\"},\"headline\":\"TER VE KIRBA\u00c7\",\"datePublished\":\"2011-10-03T13:17:53+00:00\",\"mainEntityOfPage\":{\"@id\":\"https:\/\/narteks.net\/index.php\/2011\/10\/03\/ter-ve-kirbac\/\"},\"wordCount\":132,\"commentCount\":0,\"publisher\":{\"@id\":\"https:\/\/narteks.net\/#organization\"},\"articleSection\":[\"Nicolas GUILLEN\"],\"inLanguage\":\"tr\",\"potentialAction\":[{\"@type\":\"CommentAction\",\"name\":\"Comment\",\"target\":[\"https:\/\/narteks.net\/index.php\/2011\/10\/03\/ter-ve-kirbac\/#respond\"]}]},{\"@type\":\"WebPage\",\"@id\":\"https:\/\/narteks.net\/index.php\/2011\/10\/03\/ter-ve-kirbac\/\",\"url\":\"https:\/\/narteks.net\/index.php\/2011\/10\/03\/ter-ve-kirbac\/\",\"name\":\"TER VE KIRBA\u00c7 - narteks.net\",\"isPartOf\":{\"@id\":\"https:\/\/narteks.net\/#website\"},\"datePublished\":\"2011-10-03T13:17:53+00:00\",\"breadcrumb\":{\"@id\":\"https:\/\/narteks.net\/index.php\/2011\/10\/03\/ter-ve-kirbac\/#breadcrumb\"},\"inLanguage\":\"tr\",\"potentialAction\":[{\"@type\":\"ReadAction\",\"target\":[\"https:\/\/narteks.net\/index.php\/2011\/10\/03\/ter-ve-kirbac\/\"]}]},{\"@type\":\"BreadcrumbList\",\"@id\":\"https:\/\/narteks.net\/index.php\/2011\/10\/03\/ter-ve-kirbac\/#breadcrumb\",\"itemListElement\":[{\"@type\":\"ListItem\",\"position\":1,\"name\":\"Anasayfa\",\"item\":\"https:\/\/narteks.net\/\"},{\"@type\":\"ListItem\",\"position\":2,\"name\":\"TER VE KIRBA\u00c7\"}]},{\"@type\":\"WebSite\",\"@id\":\"https:\/\/narteks.net\/#website\",\"url\":\"https:\/\/narteks.net\/\",\"name\":\"narteks.net\",\"description\":\"K\u00fclt\u00fcr Sanat Edebiyat Felsefe\",\"publisher\":{\"@id\":\"https:\/\/narteks.net\/#organization\"},\"alternateName\":\"K\u00fclt\u00fcr Sanat Edebiyat Felsefe\",\"potentialAction\":[{\"@type\":\"SearchAction\",\"target\":{\"@type\":\"EntryPoint\",\"urlTemplate\":\"https:\/\/narteks.net\/?s={search_term_string}\"},\"query-input\":{\"@type\":\"PropertyValueSpecification\",\"valueRequired\":true,\"valueName\":\"search_term_string\"}}],\"inLanguage\":\"tr\"},{\"@type\":\"Organization\",\"@id\":\"https:\/\/narteks.net\/#organization\",\"name\":\"narteks.net\",\"url\":\"https:\/\/narteks.net\/\",\"logo\":{\"@type\":\"ImageObject\",\"inLanguage\":\"tr\",\"@id\":\"https:\/\/narteks.net\/#\/schema\/logo\/image\/\",\"url\":\"https:\/\/narteks.net\/wp-content\/uploads\/narteks.png\",\"contentUrl\":\"https:\/\/narteks.net\/wp-content\/uploads\/narteks.png\",\"width\":300,\"height\":90,\"caption\":\"narteks.net\"},\"image\":{\"@id\":\"https:\/\/narteks.net\/#\/schema\/logo\/image\/\"},\"sameAs\":[\"https:\/\/x.com\/narteks\",\"https:\/\/instagram.com\/narteksnet\"]},{\"@type\":\"Person\",\"@id\":\"https:\/\/narteks.net\/#\/schema\/person\/61f37d9834294b72d31d274e7ed79bca\",\"name\":\"Tar\u0131k\",\"image\":{\"@type\":\"ImageObject\",\"inLanguage\":\"tr\",\"@id\":\"https:\/\/narteks.net\/#\/schema\/person\/image\/\",\"url\":\"https:\/\/secure.gravatar.com\/avatar\/50865afb55632c4ae467e0af0930f6510aa2297d8014be502a55b14f3b7550cf?s=96&d=mm&r=g\",\"contentUrl\":\"https:\/\/secure.gravatar.com\/avatar\/50865afb55632c4ae467e0af0930f6510aa2297d8014be502a55b14f3b7550cf?s=96&d=mm&r=g\",\"caption\":\"Tar\u0131k\"},\"sameAs\":[\"http:\/\/narteks.net\"],\"url\":\"https:\/\/narteks.net\/index.php\/author\/narbak\/\"}]}<\/script>\n<!-- \/ Yoast SEO Premium plugin. -->","yoast_head_json":{"title":"TER VE KIRBA\u00c7 - narteks.net","robots":{"index":"index","follow":"follow","max-snippet":"max-snippet:-1","max-image-preview":"max-image-preview:large","max-video-preview":"max-video-preview:-1"},"canonical":"https:\/\/narteks.net\/index.php\/2011\/10\/03\/ter-ve-kirbac\/","og_locale":"tr_TR","og_type":"article","og_title":"TER VE KIRBA\u00c7","og_description":"\u00a0 K\u0131rba\u00e7,ter ve k\u0131rba\u00e7. G\u00fcne\u015f erkenden uyand\u0131ve buldu yal\u0131nayak Zenciyi.\u00c7\u0131plak g\u00f6vdesi k\u0131rba\u00e7lanm\u0131\u015fmeydanda. K\u0131rba\u00e7,ter ve k\u0131rba\u00e7. R\u00fczg\u00e2r hayk\u0131ra hayk\u0131ra esti:Kara bir \u00e7i\u00e7ektir her yumruk!Kan dedi ki ona, Haydi git!O kana dedi ki, Haydi git! Al kanlar i\u00e7inde gitti, yal\u0131nayak.Titreyerek, kam\u0131\u015f tarlas\u0131A\u00e7\u0131ld\u0131 yol verdi ona. Sonra, g\u00f6ky\u00fcz\u00fc sessizli\u011fe b\u00fcr\u00fcnd\u00fc,ve g\u00f6\u011f\u00fcn alt\u0131nda bir k\u00f6leher yan\u0131 boyand\u0131 efendinin kan\u0131yla. [&hellip;]","og_url":"https:\/\/narteks.net\/index.php\/2011\/10\/03\/ter-ve-kirbac\/","og_site_name":"narteks.net","article_published_time":"2011-10-03T13:17:53+00:00","og_image":[{"width":300,"height":90,"url":"https:\/\/narteks.net\/wp-content\/uploads\/narteks.png","type":"image\/png"}],"author":"Tar\u0131k","twitter_card":"summary_large_image","twitter_creator":"@narteks","twitter_site":"@narteks","twitter_misc":{"Yazan:":"Tar\u0131k","Tahmini okuma s\u00fcresi":"1 dakika"},"schema":{"@context":"https:\/\/schema.org","@graph":[{"@type":"Article","@id":"https:\/\/narteks.net\/index.php\/2011\/10\/03\/ter-ve-kirbac\/#article","isPartOf":{"@id":"https:\/\/narteks.net\/index.php\/2011\/10\/03\/ter-ve-kirbac\/"},"author":{"name":"Tar\u0131k","@id":"https:\/\/narteks.net\/#\/schema\/person\/61f37d9834294b72d31d274e7ed79bca"},"headline":"TER VE KIRBA\u00c7","datePublished":"2011-10-03T13:17:53+00:00","mainEntityOfPage":{"@id":"https:\/\/narteks.net\/index.php\/2011\/10\/03\/ter-ve-kirbac\/"},"wordCount":132,"commentCount":0,"publisher":{"@id":"https:\/\/narteks.net\/#organization"},"articleSection":["Nicolas GUILLEN"],"inLanguage":"tr","potentialAction":[{"@type":"CommentAction","name":"Comment","target":["https:\/\/narteks.net\/index.php\/2011\/10\/03\/ter-ve-kirbac\/#respond"]}]},{"@type":"WebPage","@id":"https:\/\/narteks.net\/index.php\/2011\/10\/03\/ter-ve-kirbac\/","url":"https:\/\/narteks.net\/index.php\/2011\/10\/03\/ter-ve-kirbac\/","name":"TER VE KIRBA\u00c7 - narteks.net","isPartOf":{"@id":"https:\/\/narteks.net\/#website"},"datePublished":"2011-10-03T13:17:53+00:00","breadcrumb":{"@id":"https:\/\/narteks.net\/index.php\/2011\/10\/03\/ter-ve-kirbac\/#breadcrumb"},"inLanguage":"tr","potentialAction":[{"@type":"ReadAction","target":["https:\/\/narteks.net\/index.php\/2011\/10\/03\/ter-ve-kirbac\/"]}]},{"@type":"BreadcrumbList","@id":"https:\/\/narteks.net\/index.php\/2011\/10\/03\/ter-ve-kirbac\/#breadcrumb","itemListElement":[{"@type":"ListItem","position":1,"name":"Anasayfa","item":"https:\/\/narteks.net\/"},{"@type":"ListItem","position":2,"name":"TER VE KIRBA\u00c7"}]},{"@type":"WebSite","@id":"https:\/\/narteks.net\/#website","url":"https:\/\/narteks.net\/","name":"narteks.net","description":"K\u00fclt\u00fcr Sanat Edebiyat Felsefe","publisher":{"@id":"https:\/\/narteks.net\/#organization"},"alternateName":"K\u00fclt\u00fcr Sanat Edebiyat Felsefe","potentialAction":[{"@type":"SearchAction","target":{"@type":"EntryPoint","urlTemplate":"https:\/\/narteks.net\/?s={search_term_string}"},"query-input":{"@type":"PropertyValueSpecification","valueRequired":true,"valueName":"search_term_string"}}],"inLanguage":"tr"},{"@type":"Organization","@id":"https:\/\/narteks.net\/#organization","name":"narteks.net","url":"https:\/\/narteks.net\/","logo":{"@type":"ImageObject","inLanguage":"tr","@id":"https:\/\/narteks.net\/#\/schema\/logo\/image\/","url":"https:\/\/narteks.net\/wp-content\/uploads\/narteks.png","contentUrl":"https:\/\/narteks.net\/wp-content\/uploads\/narteks.png","width":300,"height":90,"caption":"narteks.net"},"image":{"@id":"https:\/\/narteks.net\/#\/schema\/logo\/image\/"},"sameAs":["https:\/\/x.com\/narteks","https:\/\/instagram.com\/narteksnet"]},{"@type":"Person","@id":"https:\/\/narteks.net\/#\/schema\/person\/61f37d9834294b72d31d274e7ed79bca","name":"Tar\u0131k","image":{"@type":"ImageObject","inLanguage":"tr","@id":"https:\/\/narteks.net\/#\/schema\/person\/image\/","url":"https:\/\/secure.gravatar.com\/avatar\/50865afb55632c4ae467e0af0930f6510aa2297d8014be502a55b14f3b7550cf?s=96&d=mm&r=g","contentUrl":"https:\/\/secure.gravatar.com\/avatar\/50865afb55632c4ae467e0af0930f6510aa2297d8014be502a55b14f3b7550cf?s=96&d=mm&r=g","caption":"Tar\u0131k"},"sameAs":["http:\/\/narteks.net"],"url":"https:\/\/narteks.net\/index.php\/author\/narbak\/"}]}},"_links":{"self":[{"href":"https:\/\/narteks.net\/index.php\/wp-json\/wp\/v2\/posts\/6814","targetHints":{"allow":["GET"]}}],"collection":[{"href":"https:\/\/narteks.net\/index.php\/wp-json\/wp\/v2\/posts"}],"about":[{"href":"https:\/\/narteks.net\/index.php\/wp-json\/wp\/v2\/types\/post"}],"author":[{"embeddable":true,"href":"https:\/\/narteks.net\/index.php\/wp-json\/wp\/v2\/users\/1"}],"replies":[{"embeddable":true,"href":"https:\/\/narteks.net\/index.php\/wp-json\/wp\/v2\/comments?post=6814"}],"version-history":[{"count":0,"href":"https:\/\/narteks.net\/index.php\/wp-json\/wp\/v2\/posts\/6814\/revisions"}],"wp:attachment":[{"href":"https:\/\/narteks.net\/index.php\/wp-json\/wp\/v2\/media?parent=6814"}],"wp:term":[{"taxonomy":"category","embeddable":true,"href":"https:\/\/narteks.net\/index.php\/wp-json\/wp\/v2\/categories?post=6814"},{"taxonomy":"post_tag","embeddable":true,"href":"https:\/\/narteks.net\/index.php\/wp-json\/wp\/v2\/tags?post=6814"}],"curies":[{"name":"wp","href":"https:\/\/api.w.org\/{rel}","templated":true}]}}