{"id":6816,"date":"2011-10-03T16:20:42","date_gmt":"2011-10-03T13:20:42","guid":{"rendered":"http:\/\/localhost\/wordpress\/2011\/10\/03\/nicolas-guillen-biyografisi\/"},"modified":"2011-10-03T16:20:42","modified_gmt":"2011-10-03T13:20:42","slug":"nicolas-guillen-biyografisi","status":"publish","type":"post","link":"https:\/\/narteks.net\/index.php\/2011\/10\/03\/nicolas-guillen-biyografisi\/","title":{"rendered":"Nicolas GUILLEN Biyografisi"},"content":{"rendered":"<p><img loading=\"lazy\" decoding=\"async\" src=\"http:\/\/t1.gstatic.com\/images?q=tbn:ANd9GcSqtgTvvwUWbBXMuSkITJaFZp8B0imN-sHPNBARIlyghrmlotBAx1mq8SkQNw\" border=\"0\" width=\"155\" height=\"205\" \/><\/p>\n<p style=\"text-align: justify;\">10 Temmuz 1902\u2032de Camag\u00fcey\u2019de do\u011fdu. 17 Temmuz 1989\u2032da Havana\u2019da \u00f6ld\u00fc.Tam ad\u0131 Nicol\u00e1s Crist\u00f3bal Guill\u00e9n Batista\u2019d\u0131r. Hem Afrikal\u0131 hem de Avrupal\u0131 kan\u0131 ta\u015f\u0131yordu. Havana \u00dcniversitesi\u2019nde hukuk \u00f6\u011frenimi g\u00f6rd\u00fc. 1937\u2032de Cumhuriyet\u00e7iler\u2019in saf\u0131nda \u0130spanya \u0130\u00e7 Sava\u015f\u0131\u2019na kat\u0131ld\u0131. Ayn\u0131 y\u0131l K\u00fcba Kom\u00fcnist Partisi\u2019ne girdi. Alt\u0131 y\u0131l kadar s\u00fcrg\u00fcnde ya\u015fad\u0131; bir s\u00fcre Avrupa\u2019da -\u00fc\u00e7 y\u0131l\u0131 Paris\u2019te \u2013 kald\u0131ktan sonra K\u00fcba Devrimi\u2019nin ba\u015far\u0131ya ula\u015fmas\u0131 \u00fczerine \u00fclkesine d\u00f6nd\u00fc. Sociedad de Estudios Afrocubanos\u2019u (Afro-K\u00fcba Ara\u015ft\u0131rmalar\u0131 Toplulu\u011fu) kurdu. UNEAC\u2019\u0131n (Union Nacional de Escritores y Artistas Cubanos \u2013 K\u00fcbal\u0131 Yazar ve Sanat\u00e7\u0131lar Ulusal Birli\u011fi) kurulmas\u0131na \u00f6nc\u00fcl\u00fck yapt\u0131. 1954\u2032de Lenin Bar\u0131\u015f \u00d6d\u00fcl\u00fc\u2019n\u00fc kazand\u0131. 1961\u2032de Ulusal Ozan (Poeta nacional) san\u0131 verildi, UNEAC\u2019\u0131n ba\u015fkanl\u0131\u011f\u0131na se\u00e7ildi.<\/p>\n<p style=\"text-align: justify;\">Toplumsal ele\u015ftiri i\u00e7eren \u015fiirleriyle tan\u0131nan K\u00fcbal\u0131 \u015fair, 1920&#8217;lerin sonuyla 1930&#8217;larda yayg\u0131nl\u0131k kazanan Afrika-K\u00fcba hareketinin \u00f6nderlerindendir.Toplumsal adalete ve dayan\u0131\u015fmaya derinden ba\u011fl\u0131l\u0131\u011f\u0131yla, Afrika k\u00f6kenli K\u00fcbal\u0131lar\u0131n s\u00f6zc\u00fcs\u00fc, Avrupa ve Latin Amerika devrimcilerinin kahraman\u0131 olmu\u015ftur.<\/p>\n<p style=\"text-align: justify;\">Guillen, Afrikal\u0131 ve Avrupal\u0131 kar\u0131\u015f\u0131m\u0131 bir aileden geliyordu.Resmi e\u011fitim g\u00f6rmemesine kar\u015f\u0131n, gen\u00e7li\u011finde \u0130spanyol ve \u0130spanyol-Amerikan edebiyat\u0131ndan bir\u00e7ok yap\u0131t okudu.Afrika k\u00f6kenli K\u00fcbal\u0131lar\u0131n konu\u015fma bi\u00e7imleri, efsaneleri, \u015fark\u0131lar\u0131 ve son&#8217;lar\u0131na (halk danslar\u0131) ili\u015fkin deneyimlerini geleneksel edebiyat bilgisiyle birle\u015ftirdi\u011fi ilk \u015fiir kitab\u0131 Motivos de son (1930; Son Motifleri), k\u0131sa s\u00fcrede ba\u015fyap\u0131t oldu ve bir\u00e7ok benzeri yaz\u0131ld\u0131.<br \/>Guillen, sonraki y\u0131llarda daha a\u00e7\u0131k bir siyasal tutum tak\u0131nd\u0131.Yoksul ve ezilen insanlar\u0131n g\u00fcnl\u00fck ya\u015fam\u0131n\u0131 betimlemekle yetinmeyip onlar i\u00e7in sava\u015fmaya ba\u015flad\u0131.Cantos para soldados y sones para turistas (1937; Askerler \u0130\u00e7in \u015eark\u0131lar ve Turistler \u0130\u00e7in Son&#8217;lar) adl\u0131 yap\u0131t\u0131ndaki \u015fiirler bu tutumunu yans\u0131t\u0131r.Ayn\u0131 y\u0131l \u0130spanya \u0130\u00e7 Sava\u015f\u0131&#8217;nda Cumhuriyet\u00e7ilerin yan\u0131nda sava\u015fmak \u00fczere \u0130spanya&#8217;ya gitti.<\/p>\n<p style=\"text-align: justify;\">Nicolas Guillen, Cumhuriyet\u00e7ilerin yenilgisi \u00fczerine K\u00fcba&#8217;ya d\u00f6nd\u00fckten sonra K\u00fcba Kom\u00fcnist Partisi i\u00e7inde etkin bir rol \u00fcstlendi.Eylemleri ve \u015fiirleriyle toplumsal ve siyasal reformlar i\u00e7in \u00e7al\u0131\u015fmay\u0131 s\u00fcrd\u00fcrd\u00fc.Bir\u00e7ok ele\u015ftirmen taraf\u0131ndan \u0130spanyol-Amerikan edebiyat\u0131ndaki poesia negra (siyah \u015fiir) ak\u0131m\u0131n\u0131n en b\u00fcy\u00fck ve en etkili \u015fairi kabul edildi.<\/p>\n","protected":false},"excerpt":{"rendered":"<p>10 Temmuz 1902\u2032de Camag\u00fcey\u2019de do\u011fdu. 17 Temmuz 1989\u2032da Havana\u2019da \u00f6ld\u00fc.Tam ad\u0131 Nicol\u00e1s Crist\u00f3bal Guill\u00e9n Batista\u2019d\u0131r. Hem Afrikal\u0131 hem de Avrupal\u0131 kan\u0131 ta\u015f\u0131yordu. Havana \u00dcniversitesi\u2019nde hukuk \u00f6\u011frenimi g\u00f6rd\u00fc. 1937\u2032de Cumhuriyet\u00e7iler\u2019in saf\u0131nda \u0130spanya \u0130\u00e7 Sava\u015f\u0131\u2019na kat\u0131ld\u0131. Ayn\u0131 y\u0131l K\u00fcba Kom\u00fcnist Partisi\u2019ne girdi. Alt\u0131 y\u0131l kadar s\u00fcrg\u00fcnde ya\u015fad\u0131; bir s\u00fcre Avrupa\u2019da -\u00fc\u00e7 y\u0131l\u0131 Paris\u2019te \u2013 kald\u0131ktan sonra K\u00fcba [&hellip;]<\/p>\n","protected":false},"author":1,"featured_media":0,"comment_status":"open","ping_status":"open","sticky":false,"template":"","format":"standard","meta":{"footnotes":""},"categories":[193],"tags":[],"class_list":{"0":"post-6816","1":"post","2":"type-post","3":"status-publish","4":"format-standard","6":"category-nicolas-guillen"},"yoast_head":"<!-- This site is optimized with the Yoast SEO Premium plugin v24.9 (Yoast SEO v24.9) - https:\/\/yoast.com\/wordpress\/plugins\/seo\/ -->\n<title>Nicolas GUILLEN Biyografisi - narteks.net<\/title>\n<meta name=\"robots\" content=\"index, follow, max-snippet:-1, max-image-preview:large, max-video-preview:-1\" \/>\n<link rel=\"canonical\" href=\"https:\/\/narteks.net\/index.php\/2011\/10\/03\/nicolas-guillen-biyografisi\/\" \/>\n<meta property=\"og:locale\" content=\"tr_TR\" \/>\n<meta property=\"og:type\" content=\"article\" \/>\n<meta property=\"og:title\" content=\"Nicolas GUILLEN Biyografisi\" \/>\n<meta property=\"og:description\" content=\"10 Temmuz 1902\u2032de Camag\u00fcey\u2019de do\u011fdu. 17 Temmuz 1989\u2032da Havana\u2019da \u00f6ld\u00fc.Tam ad\u0131 Nicol\u00e1s Crist\u00f3bal Guill\u00e9n Batista\u2019d\u0131r. Hem Afrikal\u0131 hem de Avrupal\u0131 kan\u0131 ta\u015f\u0131yordu. Havana \u00dcniversitesi\u2019nde hukuk \u00f6\u011frenimi g\u00f6rd\u00fc. 1937\u2032de Cumhuriyet\u00e7iler\u2019in saf\u0131nda \u0130spanya \u0130\u00e7 Sava\u015f\u0131\u2019na kat\u0131ld\u0131. Ayn\u0131 y\u0131l K\u00fcba Kom\u00fcnist Partisi\u2019ne girdi. Alt\u0131 y\u0131l kadar s\u00fcrg\u00fcnde ya\u015fad\u0131; bir s\u00fcre Avrupa\u2019da -\u00fc\u00e7 y\u0131l\u0131 Paris\u2019te \u2013 kald\u0131ktan sonra K\u00fcba [&hellip;]\" \/>\n<meta property=\"og:url\" content=\"https:\/\/narteks.net\/index.php\/2011\/10\/03\/nicolas-guillen-biyografisi\/\" \/>\n<meta property=\"og:site_name\" content=\"narteks.net\" \/>\n<meta property=\"article:published_time\" content=\"2011-10-03T13:20:42+00:00\" \/>\n<meta property=\"og:image\" content=\"http:\/\/t1.gstatic.com\/images?q=tbn:ANd9GcSqtgTvvwUWbBXMuSkITJaFZp8B0imN-sHPNBARIlyghrmlotBAx1mq8SkQNw\" \/>\n<meta name=\"author\" content=\"Tar\u0131k\" \/>\n<meta name=\"twitter:card\" content=\"summary_large_image\" \/>\n<meta name=\"twitter:creator\" content=\"@narteks\" \/>\n<meta name=\"twitter:site\" content=\"@narteks\" \/>\n<meta name=\"twitter:label1\" content=\"Yazan:\" \/>\n\t<meta name=\"twitter:data1\" content=\"Tar\u0131k\" \/>\n\t<meta name=\"twitter:label2\" content=\"Tahmini okuma s\u00fcresi\" \/>\n\t<meta name=\"twitter:data2\" content=\"2 dakika\" \/>\n<script type=\"application\/ld+json\" class=\"yoast-schema-graph\">{\"@context\":\"https:\/\/schema.org\",\"@graph\":[{\"@type\":\"Article\",\"@id\":\"https:\/\/narteks.net\/index.php\/2011\/10\/03\/nicolas-guillen-biyografisi\/#article\",\"isPartOf\":{\"@id\":\"https:\/\/narteks.net\/index.php\/2011\/10\/03\/nicolas-guillen-biyografisi\/\"},\"author\":{\"name\":\"Tar\u0131k\",\"@id\":\"https:\/\/narteks.net\/#\/schema\/person\/61f37d9834294b72d31d274e7ed79bca\"},\"headline\":\"Nicolas GUILLEN Biyografisi\",\"datePublished\":\"2011-10-03T13:20:42+00:00\",\"mainEntityOfPage\":{\"@id\":\"https:\/\/narteks.net\/index.php\/2011\/10\/03\/nicolas-guillen-biyografisi\/\"},\"wordCount\":420,\"commentCount\":0,\"publisher\":{\"@id\":\"https:\/\/narteks.net\/#organization\"},\"image\":{\"@id\":\"https:\/\/narteks.net\/index.php\/2011\/10\/03\/nicolas-guillen-biyografisi\/#primaryimage\"},\"thumbnailUrl\":\"http:\/\/t1.gstatic.com\/images?q=tbn:ANd9GcSqtgTvvwUWbBXMuSkITJaFZp8B0imN-sHPNBARIlyghrmlotBAx1mq8SkQNw\",\"articleSection\":[\"Nicolas GUILLEN\"],\"inLanguage\":\"tr\",\"potentialAction\":[{\"@type\":\"CommentAction\",\"name\":\"Comment\",\"target\":[\"https:\/\/narteks.net\/index.php\/2011\/10\/03\/nicolas-guillen-biyografisi\/#respond\"]}]},{\"@type\":\"WebPage\",\"@id\":\"https:\/\/narteks.net\/index.php\/2011\/10\/03\/nicolas-guillen-biyografisi\/\",\"url\":\"https:\/\/narteks.net\/index.php\/2011\/10\/03\/nicolas-guillen-biyografisi\/\",\"name\":\"Nicolas GUILLEN Biyografisi - narteks.net\",\"isPartOf\":{\"@id\":\"https:\/\/narteks.net\/#website\"},\"primaryImageOfPage\":{\"@id\":\"https:\/\/narteks.net\/index.php\/2011\/10\/03\/nicolas-guillen-biyografisi\/#primaryimage\"},\"image\":{\"@id\":\"https:\/\/narteks.net\/index.php\/2011\/10\/03\/nicolas-guillen-biyografisi\/#primaryimage\"},\"thumbnailUrl\":\"http:\/\/t1.gstatic.com\/images?q=tbn:ANd9GcSqtgTvvwUWbBXMuSkITJaFZp8B0imN-sHPNBARIlyghrmlotBAx1mq8SkQNw\",\"datePublished\":\"2011-10-03T13:20:42+00:00\",\"breadcrumb\":{\"@id\":\"https:\/\/narteks.net\/index.php\/2011\/10\/03\/nicolas-guillen-biyografisi\/#breadcrumb\"},\"inLanguage\":\"tr\",\"potentialAction\":[{\"@type\":\"ReadAction\",\"target\":[\"https:\/\/narteks.net\/index.php\/2011\/10\/03\/nicolas-guillen-biyografisi\/\"]}]},{\"@type\":\"ImageObject\",\"inLanguage\":\"tr\",\"@id\":\"https:\/\/narteks.net\/index.php\/2011\/10\/03\/nicolas-guillen-biyografisi\/#primaryimage\",\"url\":\"http:\/\/t1.gstatic.com\/images?q=tbn:ANd9GcSqtgTvvwUWbBXMuSkITJaFZp8B0imN-sHPNBARIlyghrmlotBAx1mq8SkQNw\",\"contentUrl\":\"http:\/\/t1.gstatic.com\/images?q=tbn:ANd9GcSqtgTvvwUWbBXMuSkITJaFZp8B0imN-sHPNBARIlyghrmlotBAx1mq8SkQNw\"},{\"@type\":\"BreadcrumbList\",\"@id\":\"https:\/\/narteks.net\/index.php\/2011\/10\/03\/nicolas-guillen-biyografisi\/#breadcrumb\",\"itemListElement\":[{\"@type\":\"ListItem\",\"position\":1,\"name\":\"Anasayfa\",\"item\":\"https:\/\/narteks.net\/\"},{\"@type\":\"ListItem\",\"position\":2,\"name\":\"Nicolas GUILLEN Biyografisi\"}]},{\"@type\":\"WebSite\",\"@id\":\"https:\/\/narteks.net\/#website\",\"url\":\"https:\/\/narteks.net\/\",\"name\":\"narteks.net\",\"description\":\"K\u00fclt\u00fcr Sanat Edebiyat Felsefe\",\"publisher\":{\"@id\":\"https:\/\/narteks.net\/#organization\"},\"alternateName\":\"K\u00fclt\u00fcr Sanat Edebiyat Felsefe\",\"potentialAction\":[{\"@type\":\"SearchAction\",\"target\":{\"@type\":\"EntryPoint\",\"urlTemplate\":\"https:\/\/narteks.net\/?s={search_term_string}\"},\"query-input\":{\"@type\":\"PropertyValueSpecification\",\"valueRequired\":true,\"valueName\":\"search_term_string\"}}],\"inLanguage\":\"tr\"},{\"@type\":\"Organization\",\"@id\":\"https:\/\/narteks.net\/#organization\",\"name\":\"narteks.net\",\"url\":\"https:\/\/narteks.net\/\",\"logo\":{\"@type\":\"ImageObject\",\"inLanguage\":\"tr\",\"@id\":\"https:\/\/narteks.net\/#\/schema\/logo\/image\/\",\"url\":\"https:\/\/narteks.net\/wp-content\/uploads\/narteks.png\",\"contentUrl\":\"https:\/\/narteks.net\/wp-content\/uploads\/narteks.png\",\"width\":300,\"height\":90,\"caption\":\"narteks.net\"},\"image\":{\"@id\":\"https:\/\/narteks.net\/#\/schema\/logo\/image\/\"},\"sameAs\":[\"https:\/\/x.com\/narteks\",\"https:\/\/instagram.com\/narteksnet\"]},{\"@type\":\"Person\",\"@id\":\"https:\/\/narteks.net\/#\/schema\/person\/61f37d9834294b72d31d274e7ed79bca\",\"name\":\"Tar\u0131k\",\"image\":{\"@type\":\"ImageObject\",\"inLanguage\":\"tr\",\"@id\":\"https:\/\/narteks.net\/#\/schema\/person\/image\/\",\"url\":\"https:\/\/secure.gravatar.com\/avatar\/50865afb55632c4ae467e0af0930f6510aa2297d8014be502a55b14f3b7550cf?s=96&d=mm&r=g\",\"contentUrl\":\"https:\/\/secure.gravatar.com\/avatar\/50865afb55632c4ae467e0af0930f6510aa2297d8014be502a55b14f3b7550cf?s=96&d=mm&r=g\",\"caption\":\"Tar\u0131k\"},\"sameAs\":[\"http:\/\/narteks.net\"],\"url\":\"https:\/\/narteks.net\/index.php\/author\/narbak\/\"}]}<\/script>\n<!-- \/ Yoast SEO Premium plugin. -->","yoast_head_json":{"title":"Nicolas GUILLEN Biyografisi - narteks.net","robots":{"index":"index","follow":"follow","max-snippet":"max-snippet:-1","max-image-preview":"max-image-preview:large","max-video-preview":"max-video-preview:-1"},"canonical":"https:\/\/narteks.net\/index.php\/2011\/10\/03\/nicolas-guillen-biyografisi\/","og_locale":"tr_TR","og_type":"article","og_title":"Nicolas GUILLEN Biyografisi","og_description":"10 Temmuz 1902\u2032de Camag\u00fcey\u2019de do\u011fdu. 17 Temmuz 1989\u2032da Havana\u2019da \u00f6ld\u00fc.Tam ad\u0131 Nicol\u00e1s Crist\u00f3bal Guill\u00e9n Batista\u2019d\u0131r. Hem Afrikal\u0131 hem de Avrupal\u0131 kan\u0131 ta\u015f\u0131yordu. Havana \u00dcniversitesi\u2019nde hukuk \u00f6\u011frenimi g\u00f6rd\u00fc. 1937\u2032de Cumhuriyet\u00e7iler\u2019in saf\u0131nda \u0130spanya \u0130\u00e7 Sava\u015f\u0131\u2019na kat\u0131ld\u0131. Ayn\u0131 y\u0131l K\u00fcba Kom\u00fcnist Partisi\u2019ne girdi. Alt\u0131 y\u0131l kadar s\u00fcrg\u00fcnde ya\u015fad\u0131; bir s\u00fcre Avrupa\u2019da -\u00fc\u00e7 y\u0131l\u0131 Paris\u2019te \u2013 kald\u0131ktan sonra K\u00fcba [&hellip;]","og_url":"https:\/\/narteks.net\/index.php\/2011\/10\/03\/nicolas-guillen-biyografisi\/","og_site_name":"narteks.net","article_published_time":"2011-10-03T13:20:42+00:00","og_image":[{"url":"http:\/\/t1.gstatic.com\/images?q=tbn:ANd9GcSqtgTvvwUWbBXMuSkITJaFZp8B0imN-sHPNBARIlyghrmlotBAx1mq8SkQNw","type":"","width":"","height":""}],"author":"Tar\u0131k","twitter_card":"summary_large_image","twitter_creator":"@narteks","twitter_site":"@narteks","twitter_misc":{"Yazan:":"Tar\u0131k","Tahmini okuma s\u00fcresi":"2 dakika"},"schema":{"@context":"https:\/\/schema.org","@graph":[{"@type":"Article","@id":"https:\/\/narteks.net\/index.php\/2011\/10\/03\/nicolas-guillen-biyografisi\/#article","isPartOf":{"@id":"https:\/\/narteks.net\/index.php\/2011\/10\/03\/nicolas-guillen-biyografisi\/"},"author":{"name":"Tar\u0131k","@id":"https:\/\/narteks.net\/#\/schema\/person\/61f37d9834294b72d31d274e7ed79bca"},"headline":"Nicolas GUILLEN Biyografisi","datePublished":"2011-10-03T13:20:42+00:00","mainEntityOfPage":{"@id":"https:\/\/narteks.net\/index.php\/2011\/10\/03\/nicolas-guillen-biyografisi\/"},"wordCount":420,"commentCount":0,"publisher":{"@id":"https:\/\/narteks.net\/#organization"},"image":{"@id":"https:\/\/narteks.net\/index.php\/2011\/10\/03\/nicolas-guillen-biyografisi\/#primaryimage"},"thumbnailUrl":"http:\/\/t1.gstatic.com\/images?q=tbn:ANd9GcSqtgTvvwUWbBXMuSkITJaFZp8B0imN-sHPNBARIlyghrmlotBAx1mq8SkQNw","articleSection":["Nicolas GUILLEN"],"inLanguage":"tr","potentialAction":[{"@type":"CommentAction","name":"Comment","target":["https:\/\/narteks.net\/index.php\/2011\/10\/03\/nicolas-guillen-biyografisi\/#respond"]}]},{"@type":"WebPage","@id":"https:\/\/narteks.net\/index.php\/2011\/10\/03\/nicolas-guillen-biyografisi\/","url":"https:\/\/narteks.net\/index.php\/2011\/10\/03\/nicolas-guillen-biyografisi\/","name":"Nicolas GUILLEN Biyografisi - narteks.net","isPartOf":{"@id":"https:\/\/narteks.net\/#website"},"primaryImageOfPage":{"@id":"https:\/\/narteks.net\/index.php\/2011\/10\/03\/nicolas-guillen-biyografisi\/#primaryimage"},"image":{"@id":"https:\/\/narteks.net\/index.php\/2011\/10\/03\/nicolas-guillen-biyografisi\/#primaryimage"},"thumbnailUrl":"http:\/\/t1.gstatic.com\/images?q=tbn:ANd9GcSqtgTvvwUWbBXMuSkITJaFZp8B0imN-sHPNBARIlyghrmlotBAx1mq8SkQNw","datePublished":"2011-10-03T13:20:42+00:00","breadcrumb":{"@id":"https:\/\/narteks.net\/index.php\/2011\/10\/03\/nicolas-guillen-biyografisi\/#breadcrumb"},"inLanguage":"tr","potentialAction":[{"@type":"ReadAction","target":["https:\/\/narteks.net\/index.php\/2011\/10\/03\/nicolas-guillen-biyografisi\/"]}]},{"@type":"ImageObject","inLanguage":"tr","@id":"https:\/\/narteks.net\/index.php\/2011\/10\/03\/nicolas-guillen-biyografisi\/#primaryimage","url":"http:\/\/t1.gstatic.com\/images?q=tbn:ANd9GcSqtgTvvwUWbBXMuSkITJaFZp8B0imN-sHPNBARIlyghrmlotBAx1mq8SkQNw","contentUrl":"http:\/\/t1.gstatic.com\/images?q=tbn:ANd9GcSqtgTvvwUWbBXMuSkITJaFZp8B0imN-sHPNBARIlyghrmlotBAx1mq8SkQNw"},{"@type":"BreadcrumbList","@id":"https:\/\/narteks.net\/index.php\/2011\/10\/03\/nicolas-guillen-biyografisi\/#breadcrumb","itemListElement":[{"@type":"ListItem","position":1,"name":"Anasayfa","item":"https:\/\/narteks.net\/"},{"@type":"ListItem","position":2,"name":"Nicolas GUILLEN Biyografisi"}]},{"@type":"WebSite","@id":"https:\/\/narteks.net\/#website","url":"https:\/\/narteks.net\/","name":"narteks.net","description":"K\u00fclt\u00fcr Sanat Edebiyat Felsefe","publisher":{"@id":"https:\/\/narteks.net\/#organization"},"alternateName":"K\u00fclt\u00fcr Sanat Edebiyat Felsefe","potentialAction":[{"@type":"SearchAction","target":{"@type":"EntryPoint","urlTemplate":"https:\/\/narteks.net\/?s={search_term_string}"},"query-input":{"@type":"PropertyValueSpecification","valueRequired":true,"valueName":"search_term_string"}}],"inLanguage":"tr"},{"@type":"Organization","@id":"https:\/\/narteks.net\/#organization","name":"narteks.net","url":"https:\/\/narteks.net\/","logo":{"@type":"ImageObject","inLanguage":"tr","@id":"https:\/\/narteks.net\/#\/schema\/logo\/image\/","url":"https:\/\/narteks.net\/wp-content\/uploads\/narteks.png","contentUrl":"https:\/\/narteks.net\/wp-content\/uploads\/narteks.png","width":300,"height":90,"caption":"narteks.net"},"image":{"@id":"https:\/\/narteks.net\/#\/schema\/logo\/image\/"},"sameAs":["https:\/\/x.com\/narteks","https:\/\/instagram.com\/narteksnet"]},{"@type":"Person","@id":"https:\/\/narteks.net\/#\/schema\/person\/61f37d9834294b72d31d274e7ed79bca","name":"Tar\u0131k","image":{"@type":"ImageObject","inLanguage":"tr","@id":"https:\/\/narteks.net\/#\/schema\/person\/image\/","url":"https:\/\/secure.gravatar.com\/avatar\/50865afb55632c4ae467e0af0930f6510aa2297d8014be502a55b14f3b7550cf?s=96&d=mm&r=g","contentUrl":"https:\/\/secure.gravatar.com\/avatar\/50865afb55632c4ae467e0af0930f6510aa2297d8014be502a55b14f3b7550cf?s=96&d=mm&r=g","caption":"Tar\u0131k"},"sameAs":["http:\/\/narteks.net"],"url":"https:\/\/narteks.net\/index.php\/author\/narbak\/"}]}},"_links":{"self":[{"href":"https:\/\/narteks.net\/index.php\/wp-json\/wp\/v2\/posts\/6816","targetHints":{"allow":["GET"]}}],"collection":[{"href":"https:\/\/narteks.net\/index.php\/wp-json\/wp\/v2\/posts"}],"about":[{"href":"https:\/\/narteks.net\/index.php\/wp-json\/wp\/v2\/types\/post"}],"author":[{"embeddable":true,"href":"https:\/\/narteks.net\/index.php\/wp-json\/wp\/v2\/users\/1"}],"replies":[{"embeddable":true,"href":"https:\/\/narteks.net\/index.php\/wp-json\/wp\/v2\/comments?post=6816"}],"version-history":[{"count":0,"href":"https:\/\/narteks.net\/index.php\/wp-json\/wp\/v2\/posts\/6816\/revisions"}],"wp:attachment":[{"href":"https:\/\/narteks.net\/index.php\/wp-json\/wp\/v2\/media?parent=6816"}],"wp:term":[{"taxonomy":"category","embeddable":true,"href":"https:\/\/narteks.net\/index.php\/wp-json\/wp\/v2\/categories?post=6816"},{"taxonomy":"post_tag","embeddable":true,"href":"https:\/\/narteks.net\/index.php\/wp-json\/wp\/v2\/tags?post=6816"}],"curies":[{"name":"wp","href":"https:\/\/api.w.org\/{rel}","templated":true}]}}