{"id":6818,"date":"2011-10-03T16:27:01","date_gmt":"2011-10-03T13:27:01","guid":{"rendered":"http:\/\/localhost\/wordpress\/2011\/10\/03\/sili\/"},"modified":"2011-10-03T16:27:01","modified_gmt":"2011-10-03T13:27:01","slug":"sili","status":"publish","type":"post","link":"https:\/\/narteks.net\/index.php\/2011\/10\/03\/sili\/","title":{"rendered":"\u015e\u0130L\u0130"},"content":{"rendered":"<p>\u00a0<\/p>\n<p>\u015eili: bir demir g\u00fcld\u00fcr<br \/>tak\u0131l\u0131 ve canl\u0131d\u0131r sa\u00e7lar\u0131nda<br \/>kara g\u00f6zl\u00fc bir kad\u0131n\u0131n.<br \/>\u2014G\u00fcl\u00fcn, g\u00fcl\u00fcn\u00fc istiyorum<br \/>(Gelip Antofagasta\u2019dan<br \/>gidiyorum \u0130quiqua\u2019ya;<br \/>bir teki bir teki bak\u0131\u015flar\u0131n\u0131n<br \/>h\u00fcz\u00fcnlendirdi beni.)<\/p>\n<p>\u015eili: zorlu g\u00fcher\u00e7ile.<br \/>So\u011fuk yumruklu pampa<br \/>Ve ate\u015ften bir bayrak.<br \/>\u2014Pampan, pampan\u0131 istiyorum<br \/>(\u0130lerledim, yakla\u015ft\u0131m<br \/>g\u00fcher\u00e7ile \u00fczerinde.<br \/>\u00d6l\u00fcm bak\u0131yordu hayranl\u0131kla<br \/>Ve ben h\u00fcz\u00fcnl\u00fcyd\u00fcm.)<\/p>\n<p>\u015eili: Ye\u015fil sessizli\u011fin senin.<br \/>G\u00fcney aya\u011f\u0131n i\u00e7indedir.<br \/>yel ve k\u00f6p\u00fckten dar bir ayakkab\u0131n\u0131n.<br \/>\u2014Yelin, yelini istiyorum<br \/>(Havl\u0131yor k\u00f6pek,<br \/>s\u00fcr\u00fc izliyor,<br \/>koyun k\u00f6pe\u011fe bak\u0131yor<br \/>h\u00fcz\u00fcnl\u00fc g\u00f6zleriyle.)<\/p>\n<p>\u015eili: b\u00fcy\u00fck ve beyaz y\u0131ld\u0131z\u0131n.<br \/>Y\u00fcrek paralay\u0131c\u0131 buz \u00e7\u0131\u011fl\u0131\u011f\u0131n.<br \/>Cusca halk\u0131n Zolu halk\u0131n.<br \/>\u2014\u00c7\u0131\u011fl\u0131\u011f\u0131n, \u00e7\u0131\u011fl\u0131\u011f\u0131n\u0131 istiyorum.<br \/>(Bir s\u0131rada\u011f doru\u011funda<br \/>inilder ay;<br \/>su ve kar y\u0131karlarken<br \/>h\u00fcz\u00fcnl\u00fc \u015fakaklar\u0131n\u0131.)\u00a0 <\/p>\n<p>Nicolas\u00a0 GUILLEN<\/p>\n<p>\u00c7eviri : \u00d6zdemir \u0130nce<\/p>\n","protected":false},"excerpt":{"rendered":"<p>\u00a0 \u015eili: bir demir g\u00fcld\u00fcrtak\u0131l\u0131 ve canl\u0131d\u0131r sa\u00e7lar\u0131ndakara g\u00f6zl\u00fc bir kad\u0131n\u0131n.\u2014G\u00fcl\u00fcn, g\u00fcl\u00fcn\u00fc istiyorum(Gelip Antofagasta\u2019dangidiyorum \u0130quiqua\u2019ya;bir teki bir teki bak\u0131\u015flar\u0131n\u0131nh\u00fcz\u00fcnlendirdi beni.) \u015eili: zorlu g\u00fcher\u00e7ile.So\u011fuk yumruklu pampaVe ate\u015ften bir bayrak.\u2014Pampan, pampan\u0131 istiyorum(\u0130lerledim, yakla\u015ft\u0131mg\u00fcher\u00e7ile \u00fczerinde.\u00d6l\u00fcm bak\u0131yordu hayranl\u0131klaVe ben h\u00fcz\u00fcnl\u00fcyd\u00fcm.) \u015eili: Ye\u015fil sessizli\u011fin senin.G\u00fcney aya\u011f\u0131n i\u00e7indedir.yel ve k\u00f6p\u00fckten dar bir ayakkab\u0131n\u0131n.\u2014Yelin, yelini istiyorum(Havl\u0131yor k\u00f6pek,s\u00fcr\u00fc izliyor,koyun k\u00f6pe\u011fe bak\u0131yorh\u00fcz\u00fcnl\u00fc g\u00f6zleriyle.) \u015eili: [&hellip;]<\/p>\n","protected":false},"author":1,"featured_media":0,"comment_status":"open","ping_status":"open","sticky":false,"template":"","format":"standard","meta":{"footnotes":""},"categories":[193],"tags":[],"class_list":{"0":"post-6818","1":"post","2":"type-post","3":"status-publish","4":"format-standard","6":"category-nicolas-guillen"},"yoast_head":"<!-- This site is optimized with the Yoast SEO Premium plugin v24.9 (Yoast SEO v24.9) - https:\/\/yoast.com\/wordpress\/plugins\/seo\/ -->\n<title>\u015e\u0130L\u0130 - narteks.net<\/title>\n<meta name=\"robots\" content=\"index, follow, max-snippet:-1, max-image-preview:large, max-video-preview:-1\" \/>\n<link rel=\"canonical\" href=\"https:\/\/narteks.net\/index.php\/2011\/10\/03\/sili\/\" \/>\n<meta property=\"og:locale\" content=\"tr_TR\" \/>\n<meta property=\"og:type\" content=\"article\" \/>\n<meta property=\"og:title\" content=\"\u015e\u0130L\u0130\" \/>\n<meta property=\"og:description\" content=\"\u00a0 \u015eili: bir demir g\u00fcld\u00fcrtak\u0131l\u0131 ve canl\u0131d\u0131r sa\u00e7lar\u0131ndakara g\u00f6zl\u00fc bir kad\u0131n\u0131n.\u2014G\u00fcl\u00fcn, g\u00fcl\u00fcn\u00fc istiyorum(Gelip Antofagasta\u2019dangidiyorum \u0130quiqua\u2019ya;bir teki bir teki bak\u0131\u015flar\u0131n\u0131nh\u00fcz\u00fcnlendirdi beni.) \u015eili: zorlu g\u00fcher\u00e7ile.So\u011fuk yumruklu pampaVe ate\u015ften bir bayrak.\u2014Pampan, pampan\u0131 istiyorum(\u0130lerledim, yakla\u015ft\u0131mg\u00fcher\u00e7ile \u00fczerinde.\u00d6l\u00fcm bak\u0131yordu hayranl\u0131klaVe ben h\u00fcz\u00fcnl\u00fcyd\u00fcm.) \u015eili: Ye\u015fil sessizli\u011fin senin.G\u00fcney aya\u011f\u0131n i\u00e7indedir.yel ve k\u00f6p\u00fckten dar bir ayakkab\u0131n\u0131n.\u2014Yelin, yelini istiyorum(Havl\u0131yor k\u00f6pek,s\u00fcr\u00fc izliyor,koyun k\u00f6pe\u011fe bak\u0131yorh\u00fcz\u00fcnl\u00fc g\u00f6zleriyle.) \u015eili: [&hellip;]\" \/>\n<meta property=\"og:url\" content=\"https:\/\/narteks.net\/index.php\/2011\/10\/03\/sili\/\" \/>\n<meta property=\"og:site_name\" content=\"narteks.net\" \/>\n<meta property=\"article:published_time\" content=\"2011-10-03T13:27:01+00:00\" \/>\n<meta property=\"og:image\" content=\"https:\/\/narteks.net\/wp-content\/uploads\/narteks.png\" \/>\n\t<meta property=\"og:image:width\" content=\"300\" \/>\n\t<meta property=\"og:image:height\" content=\"90\" \/>\n\t<meta property=\"og:image:type\" content=\"image\/png\" \/>\n<meta name=\"author\" content=\"Tar\u0131k\" \/>\n<meta name=\"twitter:card\" content=\"summary_large_image\" \/>\n<meta name=\"twitter:creator\" content=\"@narteks\" \/>\n<meta name=\"twitter:site\" content=\"@narteks\" \/>\n<meta name=\"twitter:label1\" content=\"Yazan:\" \/>\n\t<meta name=\"twitter:data1\" content=\"Tar\u0131k\" \/>\n\t<meta name=\"twitter:label2\" content=\"Tahmini okuma s\u00fcresi\" \/>\n\t<meta name=\"twitter:data2\" content=\"1 dakika\" \/>\n<script type=\"application\/ld+json\" class=\"yoast-schema-graph\">{\"@context\":\"https:\/\/schema.org\",\"@graph\":[{\"@type\":\"Article\",\"@id\":\"https:\/\/narteks.net\/index.php\/2011\/10\/03\/sili\/#article\",\"isPartOf\":{\"@id\":\"https:\/\/narteks.net\/index.php\/2011\/10\/03\/sili\/\"},\"author\":{\"name\":\"Tar\u0131k\",\"@id\":\"https:\/\/narteks.net\/#\/schema\/person\/61f37d9834294b72d31d274e7ed79bca\"},\"headline\":\"\u015e\u0130L\u0130\",\"datePublished\":\"2011-10-03T13:27:01+00:00\",\"mainEntityOfPage\":{\"@id\":\"https:\/\/narteks.net\/index.php\/2011\/10\/03\/sili\/\"},\"wordCount\":169,\"commentCount\":0,\"publisher\":{\"@id\":\"https:\/\/narteks.net\/#organization\"},\"articleSection\":[\"Nicolas GUILLEN\"],\"inLanguage\":\"tr\",\"potentialAction\":[{\"@type\":\"CommentAction\",\"name\":\"Comment\",\"target\":[\"https:\/\/narteks.net\/index.php\/2011\/10\/03\/sili\/#respond\"]}]},{\"@type\":\"WebPage\",\"@id\":\"https:\/\/narteks.net\/index.php\/2011\/10\/03\/sili\/\",\"url\":\"https:\/\/narteks.net\/index.php\/2011\/10\/03\/sili\/\",\"name\":\"\u015e\u0130L\u0130 - narteks.net\",\"isPartOf\":{\"@id\":\"https:\/\/narteks.net\/#website\"},\"datePublished\":\"2011-10-03T13:27:01+00:00\",\"breadcrumb\":{\"@id\":\"https:\/\/narteks.net\/index.php\/2011\/10\/03\/sili\/#breadcrumb\"},\"inLanguage\":\"tr\",\"potentialAction\":[{\"@type\":\"ReadAction\",\"target\":[\"https:\/\/narteks.net\/index.php\/2011\/10\/03\/sili\/\"]}]},{\"@type\":\"BreadcrumbList\",\"@id\":\"https:\/\/narteks.net\/index.php\/2011\/10\/03\/sili\/#breadcrumb\",\"itemListElement\":[{\"@type\":\"ListItem\",\"position\":1,\"name\":\"Anasayfa\",\"item\":\"https:\/\/narteks.net\/\"},{\"@type\":\"ListItem\",\"position\":2,\"name\":\"\u015e\u0130L\u0130\"}]},{\"@type\":\"WebSite\",\"@id\":\"https:\/\/narteks.net\/#website\",\"url\":\"https:\/\/narteks.net\/\",\"name\":\"narteks.net\",\"description\":\"K\u00fclt\u00fcr Sanat Edebiyat Felsefe\",\"publisher\":{\"@id\":\"https:\/\/narteks.net\/#organization\"},\"alternateName\":\"K\u00fclt\u00fcr Sanat Edebiyat Felsefe\",\"potentialAction\":[{\"@type\":\"SearchAction\",\"target\":{\"@type\":\"EntryPoint\",\"urlTemplate\":\"https:\/\/narteks.net\/?s={search_term_string}\"},\"query-input\":{\"@type\":\"PropertyValueSpecification\",\"valueRequired\":true,\"valueName\":\"search_term_string\"}}],\"inLanguage\":\"tr\"},{\"@type\":\"Organization\",\"@id\":\"https:\/\/narteks.net\/#organization\",\"name\":\"narteks.net\",\"url\":\"https:\/\/narteks.net\/\",\"logo\":{\"@type\":\"ImageObject\",\"inLanguage\":\"tr\",\"@id\":\"https:\/\/narteks.net\/#\/schema\/logo\/image\/\",\"url\":\"https:\/\/narteks.net\/wp-content\/uploads\/narteks.png\",\"contentUrl\":\"https:\/\/narteks.net\/wp-content\/uploads\/narteks.png\",\"width\":300,\"height\":90,\"caption\":\"narteks.net\"},\"image\":{\"@id\":\"https:\/\/narteks.net\/#\/schema\/logo\/image\/\"},\"sameAs\":[\"https:\/\/x.com\/narteks\",\"https:\/\/instagram.com\/narteksnet\"]},{\"@type\":\"Person\",\"@id\":\"https:\/\/narteks.net\/#\/schema\/person\/61f37d9834294b72d31d274e7ed79bca\",\"name\":\"Tar\u0131k\",\"image\":{\"@type\":\"ImageObject\",\"inLanguage\":\"tr\",\"@id\":\"https:\/\/narteks.net\/#\/schema\/person\/image\/\",\"url\":\"https:\/\/secure.gravatar.com\/avatar\/50865afb55632c4ae467e0af0930f6510aa2297d8014be502a55b14f3b7550cf?s=96&d=mm&r=g\",\"contentUrl\":\"https:\/\/secure.gravatar.com\/avatar\/50865afb55632c4ae467e0af0930f6510aa2297d8014be502a55b14f3b7550cf?s=96&d=mm&r=g\",\"caption\":\"Tar\u0131k\"},\"sameAs\":[\"http:\/\/narteks.net\"],\"url\":\"https:\/\/narteks.net\/index.php\/author\/narbak\/\"}]}<\/script>\n<!-- \/ Yoast SEO Premium plugin. -->","yoast_head_json":{"title":"\u015e\u0130L\u0130 - narteks.net","robots":{"index":"index","follow":"follow","max-snippet":"max-snippet:-1","max-image-preview":"max-image-preview:large","max-video-preview":"max-video-preview:-1"},"canonical":"https:\/\/narteks.net\/index.php\/2011\/10\/03\/sili\/","og_locale":"tr_TR","og_type":"article","og_title":"\u015e\u0130L\u0130","og_description":"\u00a0 \u015eili: bir demir g\u00fcld\u00fcrtak\u0131l\u0131 ve canl\u0131d\u0131r sa\u00e7lar\u0131ndakara g\u00f6zl\u00fc bir kad\u0131n\u0131n.\u2014G\u00fcl\u00fcn, g\u00fcl\u00fcn\u00fc istiyorum(Gelip Antofagasta\u2019dangidiyorum \u0130quiqua\u2019ya;bir teki bir teki bak\u0131\u015flar\u0131n\u0131nh\u00fcz\u00fcnlendirdi beni.) \u015eili: zorlu g\u00fcher\u00e7ile.So\u011fuk yumruklu pampaVe ate\u015ften bir bayrak.\u2014Pampan, pampan\u0131 istiyorum(\u0130lerledim, yakla\u015ft\u0131mg\u00fcher\u00e7ile \u00fczerinde.\u00d6l\u00fcm bak\u0131yordu hayranl\u0131klaVe ben h\u00fcz\u00fcnl\u00fcyd\u00fcm.) \u015eili: Ye\u015fil sessizli\u011fin senin.G\u00fcney aya\u011f\u0131n i\u00e7indedir.yel ve k\u00f6p\u00fckten dar bir ayakkab\u0131n\u0131n.\u2014Yelin, yelini istiyorum(Havl\u0131yor k\u00f6pek,s\u00fcr\u00fc izliyor,koyun k\u00f6pe\u011fe bak\u0131yorh\u00fcz\u00fcnl\u00fc g\u00f6zleriyle.) \u015eili: [&hellip;]","og_url":"https:\/\/narteks.net\/index.php\/2011\/10\/03\/sili\/","og_site_name":"narteks.net","article_published_time":"2011-10-03T13:27:01+00:00","og_image":[{"width":300,"height":90,"url":"https:\/\/narteks.net\/wp-content\/uploads\/narteks.png","type":"image\/png"}],"author":"Tar\u0131k","twitter_card":"summary_large_image","twitter_creator":"@narteks","twitter_site":"@narteks","twitter_misc":{"Yazan:":"Tar\u0131k","Tahmini okuma s\u00fcresi":"1 dakika"},"schema":{"@context":"https:\/\/schema.org","@graph":[{"@type":"Article","@id":"https:\/\/narteks.net\/index.php\/2011\/10\/03\/sili\/#article","isPartOf":{"@id":"https:\/\/narteks.net\/index.php\/2011\/10\/03\/sili\/"},"author":{"name":"Tar\u0131k","@id":"https:\/\/narteks.net\/#\/schema\/person\/61f37d9834294b72d31d274e7ed79bca"},"headline":"\u015e\u0130L\u0130","datePublished":"2011-10-03T13:27:01+00:00","mainEntityOfPage":{"@id":"https:\/\/narteks.net\/index.php\/2011\/10\/03\/sili\/"},"wordCount":169,"commentCount":0,"publisher":{"@id":"https:\/\/narteks.net\/#organization"},"articleSection":["Nicolas GUILLEN"],"inLanguage":"tr","potentialAction":[{"@type":"CommentAction","name":"Comment","target":["https:\/\/narteks.net\/index.php\/2011\/10\/03\/sili\/#respond"]}]},{"@type":"WebPage","@id":"https:\/\/narteks.net\/index.php\/2011\/10\/03\/sili\/","url":"https:\/\/narteks.net\/index.php\/2011\/10\/03\/sili\/","name":"\u015e\u0130L\u0130 - narteks.net","isPartOf":{"@id":"https:\/\/narteks.net\/#website"},"datePublished":"2011-10-03T13:27:01+00:00","breadcrumb":{"@id":"https:\/\/narteks.net\/index.php\/2011\/10\/03\/sili\/#breadcrumb"},"inLanguage":"tr","potentialAction":[{"@type":"ReadAction","target":["https:\/\/narteks.net\/index.php\/2011\/10\/03\/sili\/"]}]},{"@type":"BreadcrumbList","@id":"https:\/\/narteks.net\/index.php\/2011\/10\/03\/sili\/#breadcrumb","itemListElement":[{"@type":"ListItem","position":1,"name":"Anasayfa","item":"https:\/\/narteks.net\/"},{"@type":"ListItem","position":2,"name":"\u015e\u0130L\u0130"}]},{"@type":"WebSite","@id":"https:\/\/narteks.net\/#website","url":"https:\/\/narteks.net\/","name":"narteks.net","description":"K\u00fclt\u00fcr Sanat Edebiyat Felsefe","publisher":{"@id":"https:\/\/narteks.net\/#organization"},"alternateName":"K\u00fclt\u00fcr Sanat Edebiyat Felsefe","potentialAction":[{"@type":"SearchAction","target":{"@type":"EntryPoint","urlTemplate":"https:\/\/narteks.net\/?s={search_term_string}"},"query-input":{"@type":"PropertyValueSpecification","valueRequired":true,"valueName":"search_term_string"}}],"inLanguage":"tr"},{"@type":"Organization","@id":"https:\/\/narteks.net\/#organization","name":"narteks.net","url":"https:\/\/narteks.net\/","logo":{"@type":"ImageObject","inLanguage":"tr","@id":"https:\/\/narteks.net\/#\/schema\/logo\/image\/","url":"https:\/\/narteks.net\/wp-content\/uploads\/narteks.png","contentUrl":"https:\/\/narteks.net\/wp-content\/uploads\/narteks.png","width":300,"height":90,"caption":"narteks.net"},"image":{"@id":"https:\/\/narteks.net\/#\/schema\/logo\/image\/"},"sameAs":["https:\/\/x.com\/narteks","https:\/\/instagram.com\/narteksnet"]},{"@type":"Person","@id":"https:\/\/narteks.net\/#\/schema\/person\/61f37d9834294b72d31d274e7ed79bca","name":"Tar\u0131k","image":{"@type":"ImageObject","inLanguage":"tr","@id":"https:\/\/narteks.net\/#\/schema\/person\/image\/","url":"https:\/\/secure.gravatar.com\/avatar\/50865afb55632c4ae467e0af0930f6510aa2297d8014be502a55b14f3b7550cf?s=96&d=mm&r=g","contentUrl":"https:\/\/secure.gravatar.com\/avatar\/50865afb55632c4ae467e0af0930f6510aa2297d8014be502a55b14f3b7550cf?s=96&d=mm&r=g","caption":"Tar\u0131k"},"sameAs":["http:\/\/narteks.net"],"url":"https:\/\/narteks.net\/index.php\/author\/narbak\/"}]}},"_links":{"self":[{"href":"https:\/\/narteks.net\/index.php\/wp-json\/wp\/v2\/posts\/6818","targetHints":{"allow":["GET"]}}],"collection":[{"href":"https:\/\/narteks.net\/index.php\/wp-json\/wp\/v2\/posts"}],"about":[{"href":"https:\/\/narteks.net\/index.php\/wp-json\/wp\/v2\/types\/post"}],"author":[{"embeddable":true,"href":"https:\/\/narteks.net\/index.php\/wp-json\/wp\/v2\/users\/1"}],"replies":[{"embeddable":true,"href":"https:\/\/narteks.net\/index.php\/wp-json\/wp\/v2\/comments?post=6818"}],"version-history":[{"count":0,"href":"https:\/\/narteks.net\/index.php\/wp-json\/wp\/v2\/posts\/6818\/revisions"}],"wp:attachment":[{"href":"https:\/\/narteks.net\/index.php\/wp-json\/wp\/v2\/media?parent=6818"}],"wp:term":[{"taxonomy":"category","embeddable":true,"href":"https:\/\/narteks.net\/index.php\/wp-json\/wp\/v2\/categories?post=6818"},{"taxonomy":"post_tag","embeddable":true,"href":"https:\/\/narteks.net\/index.php\/wp-json\/wp\/v2\/tags?post=6818"}],"curies":[{"name":"wp","href":"https:\/\/api.w.org\/{rel}","templated":true}]}}