{"id":6819,"date":"2011-10-04T12:24:43","date_gmt":"2011-10-04T09:24:43","guid":{"rendered":"http:\/\/localhost\/wordpress\/2011\/10\/04\/melegin-de-seytanin-da-gercekten-saptiklarini-ve-butun-renklerin-igrenc-olduklarini-biliyorum-j-l-borges\/"},"modified":"2011-10-04T12:24:43","modified_gmt":"2011-10-04T09:24:43","slug":"melegin-de-seytanin-da-gercekten-saptiklarini-ve-butun-renklerin-igrenc-olduklarini-biliyorum-j-l-borges","status":"publish","type":"post","link":"https:\/\/narteks.net\/index.php\/2011\/10\/04\/melegin-de-seytanin-da-gercekten-saptiklarini-ve-butun-renklerin-igrenc-olduklarini-biliyorum-j-l-borges\/","title":{"rendered":"Mele\u011fin de, \u015eeytan\u0131n da ger\u00e7ekten sapt\u0131klar\u0131n\u0131 ve b\u00fct\u00fcn renklerin i\u011fren\u00e7 olduklar\u0131n\u0131 biliyorum | J. L. Borges"},"content":{"rendered":"<p style=\"text-align: justify;\"><img loading=\"lazy\" decoding=\"async\" src=\"http:\/\/www.futuristika.org\/wp\/wp-content\/uploads\/2008\/05\/borges2.jpg\" border=\"0\" width=\"155\" height=\"205\" style=\"float: left;\" \/>\u00c7a\u011f\u0131n\u0131n ve \u00fclkesinin insanlar\u0131 taraf\u0131ndan sonradan Pe\u00e7eli Peygamber diye an\u0131lacak olan Hakim denen adam,Hicri 120 y\u0131l\u0131nda(\u0130S 736) T\u00fcrkistan&#8217;da do\u011fdu.Ba\u011flar\u0131,bah\u00e7eleri,otlaklar\u0131 alabildi\u011fine uzan\u0131p giden \u00e7\u00f6le h\u00fcz\u00fcnle bakan eski Merv kentiydi yurdu.<\/p>\n<p style=\"text-align: justify;\">Kentlilerin solu\u011funu kesen siyah \u00fcz\u00fcm salk\u0131mlar\u0131n\u0131n \u00fczerini k\u00fcl rengi bir \u00f6rt\u00fcyle \u00f6rten toz bulutlar\u0131 ortal\u0131\u011f\u0131 kaplamam\u0131\u015fsa,\u00f6\u011fle vakti,g\u00f6z kama\u015ft\u0131r\u0131c\u0131 bir beyaza keserdi Merv kenti.<\/p>\n<p>Hakim,bu bezgin kentte b\u00fcy\u00fcd\u00fc.Amcalar\u0131ndan birinin,onu,o zamanlar kafirlerin,sahtekarlar\u0131n,hilebazlar\u0131n sanat\u0131 olan y\u00fcn boyama i\u015fine \u00e7\u0131rak olarak ald\u0131\u011f\u0131n\u0131 biliyoruz.O kafir,sahtekar ve hilebazlar\u0131n,sonradan,Hakim&#8217;in s\u0131ra sayg\u0131 tan\u0131maz hayat\u0131n\u0131n ilk al\u00e7akl\u0131klar\u0131n\u0131n esin kayna\u011f\u0131 olacaklar\u0131n\u0131 da.&#8221;G\u00fcl\u00fcn Yok Edilmesi&#8221;nin \u00fcnl\u00fc sayfalar\u0131ndan birinde,Hakim&#8217;in \u015fu s\u00f6zleri aktar\u0131l\u0131r:<\/p>\n<p>&#8220;Y\u00fcz\u00fcm alt\u0131n suyuna batm\u0131\u015ft\u0131r.ama ben boyalar\u0131m\u0131 kar\u0131p demlendirdim,ikinci gece taranmam\u0131\u015f y\u00fcn\u00fc boyaya bast\u0131rd\u0131m,\u00fc\u00e7\u00fcnc\u00fc gece i\u015flenmi\u015f y\u00fcne boyay\u0131 emdirdim.Adalar\u0131n h\u00fck\u00fcmdarlar\u0131 hala bu k\u0131z\u0131l kuma\u015f i\u00e7in birbirlerini yer dururlar.<\/p>\n<p style=\"text-align: justify;\">Diyece\u011fim,gen\u00e7lik \u00e7a\u011f\u0131mda,Tanr\u0131&#8217;n\u0131n i\u015fine kar\u0131\u015ft\u0131m,O&#8217;nun yaratt\u0131\u011f\u0131 ger\u00e7ek renklere hile kar\u0131\u015ft\u0131rarak g\u00fcnaha girdim.Melek,ko\u00e7un kaplanla ayn\u0131 renkte olmad\u0131\u011f\u0131n\u0131 s\u00f6ylemi\u015fti;\u015eeytan da,Y\u00fcce Tanr\u0131&#8217;n\u0131n ko\u00e7la kaplan\u0131n ayn\u0131 renkte olmalar\u0131n\u0131 istedi\u011fini,her \u015feye kadir Y\u00fcce Tanr\u0131&#8217;n\u0131n benim ustal\u0131\u011f\u0131mdan ve boya s\u0131rlar\u0131mdan yararland\u0131\u011f\u0131n\u0131.Ama art\u0131k,Mele\u011fin de, \u015eeytan\u0131n da ger\u00e7ekten sapt\u0131klar\u0131n\u0131 ve b\u00fct\u00fcn renklerin i\u011fren\u00e7 olduklar\u0131n\u0131 biliyorum.&#8221;<\/p>\n<p>Hicri 146 y\u0131l\u0131nda,Hakim,Merv&#8217;den kayboldu.Kazanlar\u0131 ve boya f\u0131\u00e7\u0131lar\u0131,bir \u015eiraz k\u0131l\u0131c\u0131 ve bir tun\u00e7 aynayla birlikte parampar\u00e7a bulundu..<\/p>\n<p>K\u0131z\u0131l Boya &#8211; Al\u00e7akl\u0131\u011f\u0131n Evrensel Tarihi | Jorge Luis Borges<\/p>\n","protected":false},"excerpt":{"rendered":"<p>\u00c7a\u011f\u0131n\u0131n ve \u00fclkesinin insanlar\u0131 taraf\u0131ndan sonradan Pe\u00e7eli Peygamber diye an\u0131lacak olan Hakim denen adam,Hicri 120 y\u0131l\u0131nda(\u0130S 736) T\u00fcrkistan&#8217;da do\u011fdu.Ba\u011flar\u0131,bah\u00e7eleri,otlaklar\u0131 alabildi\u011fine uzan\u0131p giden \u00e7\u00f6le h\u00fcz\u00fcnle bakan eski Merv kentiydi yurdu. Kentlilerin solu\u011funu kesen siyah \u00fcz\u00fcm salk\u0131mlar\u0131n\u0131n \u00fczerini k\u00fcl rengi bir \u00f6rt\u00fcyle \u00f6rten toz bulutlar\u0131 ortal\u0131\u011f\u0131 kaplamam\u0131\u015fsa,\u00f6\u011fle vakti,g\u00f6z kama\u015ft\u0131r\u0131c\u0131 bir beyaza keserdi Merv kenti. Hakim,bu bezgin kentte [&hellip;]<\/p>\n","protected":false},"author":1,"featured_media":0,"comment_status":"open","ping_status":"open","sticky":false,"template":"","format":"standard","meta":{"footnotes":""},"categories":[138],"tags":[],"class_list":{"0":"post-6819","1":"post","2":"type-post","3":"status-publish","4":"format-standard","6":"category-edebiyat-dunya"},"yoast_head":"<!-- This site is optimized with the Yoast SEO Premium plugin v24.9 (Yoast SEO v24.9) - https:\/\/yoast.com\/wordpress\/plugins\/seo\/ -->\n<title>Mele\u011fin de, \u015eeytan\u0131n da ger\u00e7ekten sapt\u0131klar\u0131n\u0131 ve b\u00fct\u00fcn renklerin i\u011fren\u00e7 olduklar\u0131n\u0131 biliyorum | J. L. Borges - narteks.net<\/title>\n<meta name=\"robots\" content=\"index, follow, max-snippet:-1, max-image-preview:large, max-video-preview:-1\" \/>\n<link rel=\"canonical\" href=\"https:\/\/narteks.net\/index.php\/2011\/10\/04\/melegin-de-seytanin-da-gercekten-saptiklarini-ve-butun-renklerin-igrenc-olduklarini-biliyorum-j-l-borges\/\" \/>\n<meta property=\"og:locale\" content=\"tr_TR\" \/>\n<meta property=\"og:type\" content=\"article\" \/>\n<meta property=\"og:title\" content=\"Mele\u011fin de, \u015eeytan\u0131n da ger\u00e7ekten sapt\u0131klar\u0131n\u0131 ve b\u00fct\u00fcn renklerin i\u011fren\u00e7 olduklar\u0131n\u0131 biliyorum | J. L. Borges\" \/>\n<meta property=\"og:description\" content=\"\u00c7a\u011f\u0131n\u0131n ve \u00fclkesinin insanlar\u0131 taraf\u0131ndan sonradan Pe\u00e7eli Peygamber diye an\u0131lacak olan Hakim denen adam,Hicri 120 y\u0131l\u0131nda(\u0130S 736) T\u00fcrkistan&#8217;da do\u011fdu.Ba\u011flar\u0131,bah\u00e7eleri,otlaklar\u0131 alabildi\u011fine uzan\u0131p giden \u00e7\u00f6le h\u00fcz\u00fcnle bakan eski Merv kentiydi yurdu. Kentlilerin solu\u011funu kesen siyah \u00fcz\u00fcm salk\u0131mlar\u0131n\u0131n \u00fczerini k\u00fcl rengi bir \u00f6rt\u00fcyle \u00f6rten toz bulutlar\u0131 ortal\u0131\u011f\u0131 kaplamam\u0131\u015fsa,\u00f6\u011fle vakti,g\u00f6z kama\u015ft\u0131r\u0131c\u0131 bir beyaza keserdi Merv kenti. Hakim,bu bezgin kentte [&hellip;]\" \/>\n<meta property=\"og:url\" content=\"https:\/\/narteks.net\/index.php\/2011\/10\/04\/melegin-de-seytanin-da-gercekten-saptiklarini-ve-butun-renklerin-igrenc-olduklarini-biliyorum-j-l-borges\/\" \/>\n<meta property=\"og:site_name\" content=\"narteks.net\" \/>\n<meta property=\"article:published_time\" content=\"2011-10-04T09:24:43+00:00\" \/>\n<meta property=\"og:image\" content=\"http:\/\/www.futuristika.org\/wp\/wp-content\/uploads\/2008\/05\/borges2.jpg\" \/>\n<meta name=\"author\" content=\"Tar\u0131k\" \/>\n<meta name=\"twitter:card\" content=\"summary_large_image\" \/>\n<meta name=\"twitter:creator\" content=\"@narteks\" \/>\n<meta name=\"twitter:site\" content=\"@narteks\" \/>\n<meta name=\"twitter:label1\" content=\"Yazan:\" \/>\n\t<meta name=\"twitter:data1\" content=\"Tar\u0131k\" \/>\n\t<meta name=\"twitter:label2\" content=\"Tahmini okuma s\u00fcresi\" \/>\n\t<meta name=\"twitter:data2\" content=\"2 dakika\" \/>\n<script type=\"application\/ld+json\" class=\"yoast-schema-graph\">{\"@context\":\"https:\/\/schema.org\",\"@graph\":[{\"@type\":\"Article\",\"@id\":\"https:\/\/narteks.net\/index.php\/2011\/10\/04\/melegin-de-seytanin-da-gercekten-saptiklarini-ve-butun-renklerin-igrenc-olduklarini-biliyorum-j-l-borges\/#article\",\"isPartOf\":{\"@id\":\"https:\/\/narteks.net\/index.php\/2011\/10\/04\/melegin-de-seytanin-da-gercekten-saptiklarini-ve-butun-renklerin-igrenc-olduklarini-biliyorum-j-l-borges\/\"},\"author\":{\"name\":\"Tar\u0131k\",\"@id\":\"https:\/\/narteks.net\/#\/schema\/person\/61f37d9834294b72d31d274e7ed79bca\"},\"headline\":\"Mele\u011fin de, \u015eeytan\u0131n da ger\u00e7ekten sapt\u0131klar\u0131n\u0131 ve b\u00fct\u00fcn renklerin i\u011fren\u00e7 olduklar\u0131n\u0131 biliyorum | J. L. Borges\",\"datePublished\":\"2011-10-04T09:24:43+00:00\",\"mainEntityOfPage\":{\"@id\":\"https:\/\/narteks.net\/index.php\/2011\/10\/04\/melegin-de-seytanin-da-gercekten-saptiklarini-ve-butun-renklerin-igrenc-olduklarini-biliyorum-j-l-borges\/\"},\"wordCount\":365,\"commentCount\":0,\"publisher\":{\"@id\":\"https:\/\/narteks.net\/#organization\"},\"image\":{\"@id\":\"https:\/\/narteks.net\/index.php\/2011\/10\/04\/melegin-de-seytanin-da-gercekten-saptiklarini-ve-butun-renklerin-igrenc-olduklarini-biliyorum-j-l-borges\/#primaryimage\"},\"thumbnailUrl\":\"http:\/\/www.futuristika.org\/wp\/wp-content\/uploads\/2008\/05\/borges2.jpg\",\"articleSection\":[\"Edebiyat ( D\u00fcnya )\"],\"inLanguage\":\"tr\",\"potentialAction\":[{\"@type\":\"CommentAction\",\"name\":\"Comment\",\"target\":[\"https:\/\/narteks.net\/index.php\/2011\/10\/04\/melegin-de-seytanin-da-gercekten-saptiklarini-ve-butun-renklerin-igrenc-olduklarini-biliyorum-j-l-borges\/#respond\"]}]},{\"@type\":\"WebPage\",\"@id\":\"https:\/\/narteks.net\/index.php\/2011\/10\/04\/melegin-de-seytanin-da-gercekten-saptiklarini-ve-butun-renklerin-igrenc-olduklarini-biliyorum-j-l-borges\/\",\"url\":\"https:\/\/narteks.net\/index.php\/2011\/10\/04\/melegin-de-seytanin-da-gercekten-saptiklarini-ve-butun-renklerin-igrenc-olduklarini-biliyorum-j-l-borges\/\",\"name\":\"Mele\u011fin de, \u015eeytan\u0131n da ger\u00e7ekten sapt\u0131klar\u0131n\u0131 ve b\u00fct\u00fcn renklerin i\u011fren\u00e7 olduklar\u0131n\u0131 biliyorum | J. L. Borges - narteks.net\",\"isPartOf\":{\"@id\":\"https:\/\/narteks.net\/#website\"},\"primaryImageOfPage\":{\"@id\":\"https:\/\/narteks.net\/index.php\/2011\/10\/04\/melegin-de-seytanin-da-gercekten-saptiklarini-ve-butun-renklerin-igrenc-olduklarini-biliyorum-j-l-borges\/#primaryimage\"},\"image\":{\"@id\":\"https:\/\/narteks.net\/index.php\/2011\/10\/04\/melegin-de-seytanin-da-gercekten-saptiklarini-ve-butun-renklerin-igrenc-olduklarini-biliyorum-j-l-borges\/#primaryimage\"},\"thumbnailUrl\":\"http:\/\/www.futuristika.org\/wp\/wp-content\/uploads\/2008\/05\/borges2.jpg\",\"datePublished\":\"2011-10-04T09:24:43+00:00\",\"breadcrumb\":{\"@id\":\"https:\/\/narteks.net\/index.php\/2011\/10\/04\/melegin-de-seytanin-da-gercekten-saptiklarini-ve-butun-renklerin-igrenc-olduklarini-biliyorum-j-l-borges\/#breadcrumb\"},\"inLanguage\":\"tr\",\"potentialAction\":[{\"@type\":\"ReadAction\",\"target\":[\"https:\/\/narteks.net\/index.php\/2011\/10\/04\/melegin-de-seytanin-da-gercekten-saptiklarini-ve-butun-renklerin-igrenc-olduklarini-biliyorum-j-l-borges\/\"]}]},{\"@type\":\"ImageObject\",\"inLanguage\":\"tr\",\"@id\":\"https:\/\/narteks.net\/index.php\/2011\/10\/04\/melegin-de-seytanin-da-gercekten-saptiklarini-ve-butun-renklerin-igrenc-olduklarini-biliyorum-j-l-borges\/#primaryimage\",\"url\":\"http:\/\/www.futuristika.org\/wp\/wp-content\/uploads\/2008\/05\/borges2.jpg\",\"contentUrl\":\"http:\/\/www.futuristika.org\/wp\/wp-content\/uploads\/2008\/05\/borges2.jpg\"},{\"@type\":\"BreadcrumbList\",\"@id\":\"https:\/\/narteks.net\/index.php\/2011\/10\/04\/melegin-de-seytanin-da-gercekten-saptiklarini-ve-butun-renklerin-igrenc-olduklarini-biliyorum-j-l-borges\/#breadcrumb\",\"itemListElement\":[{\"@type\":\"ListItem\",\"position\":1,\"name\":\"Anasayfa\",\"item\":\"https:\/\/narteks.net\/\"},{\"@type\":\"ListItem\",\"position\":2,\"name\":\"Mele\u011fin de, \u015eeytan\u0131n da ger\u00e7ekten sapt\u0131klar\u0131n\u0131 ve b\u00fct\u00fcn renklerin i\u011fren\u00e7 olduklar\u0131n\u0131 biliyorum | J. L. Borges\"}]},{\"@type\":\"WebSite\",\"@id\":\"https:\/\/narteks.net\/#website\",\"url\":\"https:\/\/narteks.net\/\",\"name\":\"narteks.net\",\"description\":\"K\u00fclt\u00fcr Sanat Edebiyat Felsefe\",\"publisher\":{\"@id\":\"https:\/\/narteks.net\/#organization\"},\"alternateName\":\"K\u00fclt\u00fcr Sanat Edebiyat Felsefe\",\"potentialAction\":[{\"@type\":\"SearchAction\",\"target\":{\"@type\":\"EntryPoint\",\"urlTemplate\":\"https:\/\/narteks.net\/?s={search_term_string}\"},\"query-input\":{\"@type\":\"PropertyValueSpecification\",\"valueRequired\":true,\"valueName\":\"search_term_string\"}}],\"inLanguage\":\"tr\"},{\"@type\":\"Organization\",\"@id\":\"https:\/\/narteks.net\/#organization\",\"name\":\"narteks.net\",\"url\":\"https:\/\/narteks.net\/\",\"logo\":{\"@type\":\"ImageObject\",\"inLanguage\":\"tr\",\"@id\":\"https:\/\/narteks.net\/#\/schema\/logo\/image\/\",\"url\":\"https:\/\/narteks.net\/wp-content\/uploads\/narteks.png\",\"contentUrl\":\"https:\/\/narteks.net\/wp-content\/uploads\/narteks.png\",\"width\":300,\"height\":90,\"caption\":\"narteks.net\"},\"image\":{\"@id\":\"https:\/\/narteks.net\/#\/schema\/logo\/image\/\"},\"sameAs\":[\"https:\/\/x.com\/narteks\",\"https:\/\/instagram.com\/narteksnet\"]},{\"@type\":\"Person\",\"@id\":\"https:\/\/narteks.net\/#\/schema\/person\/61f37d9834294b72d31d274e7ed79bca\",\"name\":\"Tar\u0131k\",\"image\":{\"@type\":\"ImageObject\",\"inLanguage\":\"tr\",\"@id\":\"https:\/\/narteks.net\/#\/schema\/person\/image\/\",\"url\":\"https:\/\/secure.gravatar.com\/avatar\/50865afb55632c4ae467e0af0930f6510aa2297d8014be502a55b14f3b7550cf?s=96&d=mm&r=g\",\"contentUrl\":\"https:\/\/secure.gravatar.com\/avatar\/50865afb55632c4ae467e0af0930f6510aa2297d8014be502a55b14f3b7550cf?s=96&d=mm&r=g\",\"caption\":\"Tar\u0131k\"},\"sameAs\":[\"http:\/\/narteks.net\"],\"url\":\"https:\/\/narteks.net\/index.php\/author\/narbak\/\"}]}<\/script>\n<!-- \/ Yoast SEO Premium plugin. -->","yoast_head_json":{"title":"Mele\u011fin de, \u015eeytan\u0131n da ger\u00e7ekten sapt\u0131klar\u0131n\u0131 ve b\u00fct\u00fcn renklerin i\u011fren\u00e7 olduklar\u0131n\u0131 biliyorum | J. L. Borges - narteks.net","robots":{"index":"index","follow":"follow","max-snippet":"max-snippet:-1","max-image-preview":"max-image-preview:large","max-video-preview":"max-video-preview:-1"},"canonical":"https:\/\/narteks.net\/index.php\/2011\/10\/04\/melegin-de-seytanin-da-gercekten-saptiklarini-ve-butun-renklerin-igrenc-olduklarini-biliyorum-j-l-borges\/","og_locale":"tr_TR","og_type":"article","og_title":"Mele\u011fin de, \u015eeytan\u0131n da ger\u00e7ekten sapt\u0131klar\u0131n\u0131 ve b\u00fct\u00fcn renklerin i\u011fren\u00e7 olduklar\u0131n\u0131 biliyorum | J. L. Borges","og_description":"\u00c7a\u011f\u0131n\u0131n ve \u00fclkesinin insanlar\u0131 taraf\u0131ndan sonradan Pe\u00e7eli Peygamber diye an\u0131lacak olan Hakim denen adam,Hicri 120 y\u0131l\u0131nda(\u0130S 736) T\u00fcrkistan&#8217;da do\u011fdu.Ba\u011flar\u0131,bah\u00e7eleri,otlaklar\u0131 alabildi\u011fine uzan\u0131p giden \u00e7\u00f6le h\u00fcz\u00fcnle bakan eski Merv kentiydi yurdu. Kentlilerin solu\u011funu kesen siyah \u00fcz\u00fcm salk\u0131mlar\u0131n\u0131n \u00fczerini k\u00fcl rengi bir \u00f6rt\u00fcyle \u00f6rten toz bulutlar\u0131 ortal\u0131\u011f\u0131 kaplamam\u0131\u015fsa,\u00f6\u011fle vakti,g\u00f6z kama\u015ft\u0131r\u0131c\u0131 bir beyaza keserdi Merv kenti. Hakim,bu bezgin kentte [&hellip;]","og_url":"https:\/\/narteks.net\/index.php\/2011\/10\/04\/melegin-de-seytanin-da-gercekten-saptiklarini-ve-butun-renklerin-igrenc-olduklarini-biliyorum-j-l-borges\/","og_site_name":"narteks.net","article_published_time":"2011-10-04T09:24:43+00:00","og_image":[{"url":"http:\/\/www.futuristika.org\/wp\/wp-content\/uploads\/2008\/05\/borges2.jpg","type":"","width":"","height":""}],"author":"Tar\u0131k","twitter_card":"summary_large_image","twitter_creator":"@narteks","twitter_site":"@narteks","twitter_misc":{"Yazan:":"Tar\u0131k","Tahmini okuma s\u00fcresi":"2 dakika"},"schema":{"@context":"https:\/\/schema.org","@graph":[{"@type":"Article","@id":"https:\/\/narteks.net\/index.php\/2011\/10\/04\/melegin-de-seytanin-da-gercekten-saptiklarini-ve-butun-renklerin-igrenc-olduklarini-biliyorum-j-l-borges\/#article","isPartOf":{"@id":"https:\/\/narteks.net\/index.php\/2011\/10\/04\/melegin-de-seytanin-da-gercekten-saptiklarini-ve-butun-renklerin-igrenc-olduklarini-biliyorum-j-l-borges\/"},"author":{"name":"Tar\u0131k","@id":"https:\/\/narteks.net\/#\/schema\/person\/61f37d9834294b72d31d274e7ed79bca"},"headline":"Mele\u011fin de, \u015eeytan\u0131n da ger\u00e7ekten sapt\u0131klar\u0131n\u0131 ve b\u00fct\u00fcn renklerin i\u011fren\u00e7 olduklar\u0131n\u0131 biliyorum | J. L. Borges","datePublished":"2011-10-04T09:24:43+00:00","mainEntityOfPage":{"@id":"https:\/\/narteks.net\/index.php\/2011\/10\/04\/melegin-de-seytanin-da-gercekten-saptiklarini-ve-butun-renklerin-igrenc-olduklarini-biliyorum-j-l-borges\/"},"wordCount":365,"commentCount":0,"publisher":{"@id":"https:\/\/narteks.net\/#organization"},"image":{"@id":"https:\/\/narteks.net\/index.php\/2011\/10\/04\/melegin-de-seytanin-da-gercekten-saptiklarini-ve-butun-renklerin-igrenc-olduklarini-biliyorum-j-l-borges\/#primaryimage"},"thumbnailUrl":"http:\/\/www.futuristika.org\/wp\/wp-content\/uploads\/2008\/05\/borges2.jpg","articleSection":["Edebiyat ( D\u00fcnya )"],"inLanguage":"tr","potentialAction":[{"@type":"CommentAction","name":"Comment","target":["https:\/\/narteks.net\/index.php\/2011\/10\/04\/melegin-de-seytanin-da-gercekten-saptiklarini-ve-butun-renklerin-igrenc-olduklarini-biliyorum-j-l-borges\/#respond"]}]},{"@type":"WebPage","@id":"https:\/\/narteks.net\/index.php\/2011\/10\/04\/melegin-de-seytanin-da-gercekten-saptiklarini-ve-butun-renklerin-igrenc-olduklarini-biliyorum-j-l-borges\/","url":"https:\/\/narteks.net\/index.php\/2011\/10\/04\/melegin-de-seytanin-da-gercekten-saptiklarini-ve-butun-renklerin-igrenc-olduklarini-biliyorum-j-l-borges\/","name":"Mele\u011fin de, \u015eeytan\u0131n da ger\u00e7ekten sapt\u0131klar\u0131n\u0131 ve b\u00fct\u00fcn renklerin i\u011fren\u00e7 olduklar\u0131n\u0131 biliyorum | J. L. Borges - narteks.net","isPartOf":{"@id":"https:\/\/narteks.net\/#website"},"primaryImageOfPage":{"@id":"https:\/\/narteks.net\/index.php\/2011\/10\/04\/melegin-de-seytanin-da-gercekten-saptiklarini-ve-butun-renklerin-igrenc-olduklarini-biliyorum-j-l-borges\/#primaryimage"},"image":{"@id":"https:\/\/narteks.net\/index.php\/2011\/10\/04\/melegin-de-seytanin-da-gercekten-saptiklarini-ve-butun-renklerin-igrenc-olduklarini-biliyorum-j-l-borges\/#primaryimage"},"thumbnailUrl":"http:\/\/www.futuristika.org\/wp\/wp-content\/uploads\/2008\/05\/borges2.jpg","datePublished":"2011-10-04T09:24:43+00:00","breadcrumb":{"@id":"https:\/\/narteks.net\/index.php\/2011\/10\/04\/melegin-de-seytanin-da-gercekten-saptiklarini-ve-butun-renklerin-igrenc-olduklarini-biliyorum-j-l-borges\/#breadcrumb"},"inLanguage":"tr","potentialAction":[{"@type":"ReadAction","target":["https:\/\/narteks.net\/index.php\/2011\/10\/04\/melegin-de-seytanin-da-gercekten-saptiklarini-ve-butun-renklerin-igrenc-olduklarini-biliyorum-j-l-borges\/"]}]},{"@type":"ImageObject","inLanguage":"tr","@id":"https:\/\/narteks.net\/index.php\/2011\/10\/04\/melegin-de-seytanin-da-gercekten-saptiklarini-ve-butun-renklerin-igrenc-olduklarini-biliyorum-j-l-borges\/#primaryimage","url":"http:\/\/www.futuristika.org\/wp\/wp-content\/uploads\/2008\/05\/borges2.jpg","contentUrl":"http:\/\/www.futuristika.org\/wp\/wp-content\/uploads\/2008\/05\/borges2.jpg"},{"@type":"BreadcrumbList","@id":"https:\/\/narteks.net\/index.php\/2011\/10\/04\/melegin-de-seytanin-da-gercekten-saptiklarini-ve-butun-renklerin-igrenc-olduklarini-biliyorum-j-l-borges\/#breadcrumb","itemListElement":[{"@type":"ListItem","position":1,"name":"Anasayfa","item":"https:\/\/narteks.net\/"},{"@type":"ListItem","position":2,"name":"Mele\u011fin de, \u015eeytan\u0131n da ger\u00e7ekten sapt\u0131klar\u0131n\u0131 ve b\u00fct\u00fcn renklerin i\u011fren\u00e7 olduklar\u0131n\u0131 biliyorum | J. L. Borges"}]},{"@type":"WebSite","@id":"https:\/\/narteks.net\/#website","url":"https:\/\/narteks.net\/","name":"narteks.net","description":"K\u00fclt\u00fcr Sanat Edebiyat Felsefe","publisher":{"@id":"https:\/\/narteks.net\/#organization"},"alternateName":"K\u00fclt\u00fcr Sanat Edebiyat Felsefe","potentialAction":[{"@type":"SearchAction","target":{"@type":"EntryPoint","urlTemplate":"https:\/\/narteks.net\/?s={search_term_string}"},"query-input":{"@type":"PropertyValueSpecification","valueRequired":true,"valueName":"search_term_string"}}],"inLanguage":"tr"},{"@type":"Organization","@id":"https:\/\/narteks.net\/#organization","name":"narteks.net","url":"https:\/\/narteks.net\/","logo":{"@type":"ImageObject","inLanguage":"tr","@id":"https:\/\/narteks.net\/#\/schema\/logo\/image\/","url":"https:\/\/narteks.net\/wp-content\/uploads\/narteks.png","contentUrl":"https:\/\/narteks.net\/wp-content\/uploads\/narteks.png","width":300,"height":90,"caption":"narteks.net"},"image":{"@id":"https:\/\/narteks.net\/#\/schema\/logo\/image\/"},"sameAs":["https:\/\/x.com\/narteks","https:\/\/instagram.com\/narteksnet"]},{"@type":"Person","@id":"https:\/\/narteks.net\/#\/schema\/person\/61f37d9834294b72d31d274e7ed79bca","name":"Tar\u0131k","image":{"@type":"ImageObject","inLanguage":"tr","@id":"https:\/\/narteks.net\/#\/schema\/person\/image\/","url":"https:\/\/secure.gravatar.com\/avatar\/50865afb55632c4ae467e0af0930f6510aa2297d8014be502a55b14f3b7550cf?s=96&d=mm&r=g","contentUrl":"https:\/\/secure.gravatar.com\/avatar\/50865afb55632c4ae467e0af0930f6510aa2297d8014be502a55b14f3b7550cf?s=96&d=mm&r=g","caption":"Tar\u0131k"},"sameAs":["http:\/\/narteks.net"],"url":"https:\/\/narteks.net\/index.php\/author\/narbak\/"}]}},"_links":{"self":[{"href":"https:\/\/narteks.net\/index.php\/wp-json\/wp\/v2\/posts\/6819","targetHints":{"allow":["GET"]}}],"collection":[{"href":"https:\/\/narteks.net\/index.php\/wp-json\/wp\/v2\/posts"}],"about":[{"href":"https:\/\/narteks.net\/index.php\/wp-json\/wp\/v2\/types\/post"}],"author":[{"embeddable":true,"href":"https:\/\/narteks.net\/index.php\/wp-json\/wp\/v2\/users\/1"}],"replies":[{"embeddable":true,"href":"https:\/\/narteks.net\/index.php\/wp-json\/wp\/v2\/comments?post=6819"}],"version-history":[{"count":0,"href":"https:\/\/narteks.net\/index.php\/wp-json\/wp\/v2\/posts\/6819\/revisions"}],"wp:attachment":[{"href":"https:\/\/narteks.net\/index.php\/wp-json\/wp\/v2\/media?parent=6819"}],"wp:term":[{"taxonomy":"category","embeddable":true,"href":"https:\/\/narteks.net\/index.php\/wp-json\/wp\/v2\/categories?post=6819"},{"taxonomy":"post_tag","embeddable":true,"href":"https:\/\/narteks.net\/index.php\/wp-json\/wp\/v2\/tags?post=6819"}],"curies":[{"name":"wp","href":"https:\/\/api.w.org\/{rel}","templated":true}]}}