{"id":682,"date":"2009-04-16T16:42:09","date_gmt":"2009-04-16T13:42:09","guid":{"rendered":"http:\/\/localhost\/wordpress\/2009\/04\/16\/maddenin-temel-parcaciklari-tubitak\/"},"modified":"2009-04-16T16:42:09","modified_gmt":"2009-04-16T13:42:09","slug":"maddenin-temel-parcaciklari-tubitak","status":"publish","type":"post","link":"https:\/\/narteks.net\/index.php\/2009\/04\/16\/maddenin-temel-parcaciklari-tubitak\/","title":{"rendered":"Maddenin Temel Par\u00e7ac\u0131klar\u0131 | T\u00fcbitak"},"content":{"rendered":"<p><img loading=\"lazy\" decoding=\"async\" style=\"float: left;\" src=\"http:\/\/www.biltek.tubitak.gov.tr\/bilgipaket\/madde\/img\/sub1karikatur.jpg\" width=\"155\" height=\"203\" border=\"0\" \/><\/p>\n<p style=\"text-align: justify;\"><strong>Standart Model<\/strong><\/p>\n<p style=\"text-align: justify;\">Standart Model&#8217;e g\u00f6re evrende, temel par\u00e7ac\u0131k olarak sadece;<br \/>* 6 \u00e7e\u015fit kuark,<\/p>\n<div style=\"text-align: justify;\">\n<p>* 6 \u00e7e\u015fit lepton,<\/p>\n<p>* bunlar\u0131n &#8216;kar\u015f\u0131t&#8217; par\u00e7ac\u0131klar\u0131 ile,<\/p>\n<p>* foton, 8 \u00e7e\u015fit gluon ve 3 \u00e7e\u015fit &#8216;vekt\u00f6r bozon&#8217;dan olu\u015fan &#8216;kuvvet ta\u015f\u0131y\u0131c\u0131&#8217; par\u00e7ac\u0131klar var.<\/p>\n<\/div>\n<div style=\"text-align: justify;\">Kuarklarla leptonlar, kuvvet ta\u015f\u0131y\u0131c\u0131 par\u00e7ac\u0131klar arac\u0131l\u0131\u011f\u0131yla etkile\u015fime girerek, evrendeki g\u00f6r\u00fcn\u00fcr maddenin t\u00fcm\u00fcne v\u00fccut veriyor. Kuark ve lepton \u00e7e\u015fitlerine &#8216;\u00e7e\u015fni&#8217; (flavor) de deniyor. Dolay\u0131s\u0131yla, kuarklarla leptonlar\u0131n 6&#8217;\u015far farkl\u0131 &#8216;\u00e7e\u015fni&#8217;si var. Hepsinin de, i\u00e7 yap\u0131lar\u0131 olmayan temel par\u00e7ac\u0131klar olduklar\u0131 d\u00fc\u015f\u00fcn\u00fcl\u00fcyor.<\/p>\n<p>Standart Model&#8217;in, k\u00fctle\u00e7ekimini de kapsayacak \u015fekilde geli\u015ftirilmi\u015f halinde bir de, par\u00e7ac\u0131klarla etkile\u015fime girerek onlara k\u00fctle kazand\u0131ran Higgs bozonu var.<\/p>\n<p><strong>Kuarklar<\/strong><\/p>\n<p>Kuarklar, k\u00fctle a\u00e7\u0131s\u0131ndan hafiften a\u011f\u0131ra do\u011fru;<\/p>\n<p> * yukar\u0131 ve a\u015fa\u011f\u0131,<br \/> * t\u0131ls\u0131m ve garip,<br \/> * \u00fcst ve alt<\/p>\n<p>kuark ikililerinden olu\u015fuyorlar. Bunlar\u0131n birer de kar\u015f\u0131t (anti) kuarklar\u0131 var. Par\u00e7ac\u0131klar \u0130ngilizce adlar\u0131n\u0131n k\u00fc\u00e7\u00fck ba\u015fharfleriyle;<\/p>\n<p> * yukar\u0131 ve a\u015fa\u011f\u0131; u ve d (&#8216;up&#8217; ve &#8216;down&#8217;),<br \/> * t\u0131ls\u0131m ve garip; c ve s (&#8216;charm&#8217; ve &#8216;strange&#8217;),<br \/> * \u00fcst ve alt; t ve b, (&#8216;top&#8217; ve &#8216;bottom&#8217;)<\/p>\n<p>olarak g\u00f6steriliyor. Kar\u015f\u0131t par\u00e7ac\u0131klar\u0131 ise; &#8216;yukar\u0131 kar\u015f\u0131t&#8217; ve &#8216;a\u015fa\u011f\u0131 kar\u015f\u0131t&#8217; kuark, &#8216;garip kar\u015f\u0131t&#8217; ve &#8216;t\u0131ls\u0131m kar\u015f\u0131t&#8217; kuark, &#8216;\u00fcst kar\u015f\u0131t&#8217; ve &#8216;alt kar\u015f\u0131t&#8217; kuark olarak isimlendiriliyor ve kar\u015f\u0131t\u0131 olduklar\u0131 kuarklar\u0131n simgelerinin \u00fczerine birer \u00e7izgi konularak g\u00f6steriliyor. \u00d6rne\u011fin &#8216;yukar\u0131 kar\u015f\u0131t kuark&#8217;\u0131n simgesi \u016b oluyor. Par\u00e7ac\u0131klarda tabii; a\u015fa\u011f\u0131 veya yukar\u0131, alt ya da \u00fcst veya garip olan bir \u015fey yok. \u0130simler kolay hat\u0131rlanabilmeleri i\u00e7in b\u00f6yle kurgulanm\u0131\u015f.<\/p>\n<p><strong>Leptonlar<\/strong><\/p>\n<p>Leptonlar;<\/p>\n<p>\u00b7\u00a0\u00a0\u00a0\u00a0\u00a0\u00a0\u00a0\u00a0 elektron, muon ve tau par\u00e7ac\u0131klar\u0131yla,<\/p>\n<p>\u00b7\u00a0\u00a0\u00a0\u00a0\u00a0\u00a0\u00a0\u00a0 bunlardan her birinin ayr\u0131 n\u00f6trinolar\u0131ndan olu\u015fuyor.<br \/>Bunlar\u0131n birer de kar\u015f\u0131t leptonlar\u0131 var.<\/p>\n<p>Par\u00e7ac\u0131klardan;<\/p>\n<p>\u00b7\u00a0\u00a0\u00a0\u00a0\u00a0\u00a0\u00a0\u00a0 elektron, muon ve tau par\u00e7ac\u0131klar\u0131; Grek\u00e7e yaz\u0131l\u0131\u015flar\u0131n\u0131n k\u00fc\u00e7\u00fck ba\u015fharfleri olan e, \u03bc ve \u03c4 ile,<\/p>\n<p>\u00b7\u00a0\u00a0\u00a0\u00a0\u00a0\u00a0\u00a0\u00a0 bunlar\u0131n n\u00f6trinolar\u0131, keza Grek\u00e7e yaz\u0131l\u0131\u015f\u0131n k\u00fc\u00e7\u00fck ba\u015fharfi olan \u03bd ile ba\u015flay\u0131p; elektron n\u00f6trinosu i\u00e7in e, muon n\u00f6trinosu i\u00e7in \u03bc, tau n\u00f6trinosu i\u00e7in \u03c4 alt indisi eklenerek; \u03bde, \u03bd\u03bc, \u03bd\u03c4 \u015feklinde g\u00f6steriliyor.<\/p>\n<p>Leptonlardan ilk \u00fc\u00e7\u00fcn\u00fcn kar\u015f\u0131t par\u00e7ac\u0131klar\u0131; &#8216;kar\u015f\u0131t elektron&#8217;, &#8216;kar\u015f\u0131t muon&#8217; ve &#8216;kar\u015f\u0131t tau.&#8217; Fakat &#8216;kar\u015f\u0131t elektron&#8217;a &#8216;pozitron&#8217; da deniyor. N\u00f6trinolar\u0131n kar\u015f\u0131tlar\u0131 ise; &#8216;elektron kar\u015f\u0131t n\u00f6trinosu&#8217;, &#8216;muon kar\u015f\u0131t n\u00f6trinosu&#8217;, &#8216;tau kar\u015f\u0131t n\u00f6trinosu&#8217; olarak isimlendiriliyor. Pozitron hari\u00e7 olmak \u00fczere, bu kar\u015f\u0131t leptonlar; kar\u015f\u0131t\u0131 olduklar\u0131 leptonlar\u0131n simgelerinin \u00fczerine birer \u00e7izgi konularak g\u00f6steriliyor. \u00d6rne\u011fin &#8216;muon kar\u015f\u0131t n\u00f6trinosu&#8217;nun simgesi\u00a0<img decoding=\"async\" src=\"http:\/\/www.biltek.tubitak.gov.tr\/bilgipaket\/madde\/img\/sembol.gif\" border=\"0\" \/> oluyor. Kar\u015f\u0131t elektron veya pozitronun ise, \u00f6zel bir simgesi var: e+.<\/p>\n<p>\u0130simlendirmeler ve simgelere dal\u0131p gitmi\u015f gibiyiz. Nelerden s\u00f6z etti\u011fimiz konusunda anla\u015fabilmek a\u00e7\u0131s\u0131ndan bunlar da \u00f6nemli tabii. Ama as\u0131l \u00f6nemli olan, bu par\u00e7ac\u0131klar\u0131n ta\u015f\u0131d\u0131klar\u0131 \u00f6zellikler ve bu \u00f6zellikler sayesinde yerine getirdikleri i\u015flevler.<\/p>\n<p><strong>Kuarklarla Leptonlar\u0131n \u00d6zellikleri<\/strong><\/p>\n<p>Par\u00e7ac\u0131klarda; spin, elektrik y\u00fck\u00fc ve k\u00fctle, en \u00f6nemli \u00f6zellikler aras\u0131nda. Elektrik y\u00fckleri elektron y\u00fck\u00fcn\u00fcn b\u00fcy\u00fckl\u00fc\u011f\u00fc olan e, spinler ise \u045b =h\/2\u03c0 cinsinden \u00f6l\u00e7\u00fcl\u00fcyor.<br \/>Burada h Planck sabiti, \u045b&#8217;\u0131n de\u011feri ise 1.055&#215;10-34 J-s. Ayr\u0131ca kuarklar\u0131n, leptonlarda bulunmayan bir ba\u015fka \u00e7e\u015fit y\u00fck\u00fc daha var. S\u0131ras\u0131yla bakal\u0131m&#8230;<\/p>\n<p><img decoding=\"async\" src=\"http:\/\/www.biltek.tubitak.gov.tr\/bilgipaket\/madde\/img\/sub118eksikustkuark.jpg\" border=\"0\" \/><\/p>\n<p>1. Kuarklarla leptonlar\u0131n hepsinin spini ayn\u0131 ve \u045b cinsinden, 1\/2.<\/p>\n<p>2. Kuarklar elektrik y\u00fck\u00fc ta\u015f\u0131yor. Ancak y\u00fckleri; elektron y\u00fck\u00fcn\u00fcn, al\u0131\u015f\u0131k oldu\u011fumuz gibi tamsay\u0131 katlar\u0131 \u015feklinde olmay\u0131p, e cinsinden; \u00b11\/3 veya \u00b12\/3 kesirleri \u015feklinde. \u015e\u00f6yle ki:<br \/>* Yukar\u0131, t\u0131ls\u0131m ve \u00fcst kuarklar\u0131n y\u00fck\u00fc +2\/3,<br \/>* a\u015fa\u011f\u0131, garip ve alt kuarklar\u0131n y\u00fck\u00fc -1\/3,<br \/>* kar\u015f\u0131t kuarklar\u0131n y\u00fckleri de, kar\u015f\u0131tlar\u0131n\u0131n y\u00fck\u00fcn\u00fcn z\u0131tt\u0131 oluyor.<\/p>\n<p>Leptonlardan;<br \/>* elektron, muon ve tau; ayn\u0131 -e y\u00fck\u00fcne,<br \/>* bunlar\u0131n kar\u015f\u0131t par\u00e7ac\u0131klar\u0131; yani kar\u015f\u0131t elektron, kar\u015f\u0131t muon ve kar\u015f\u0131t tau; bunun z\u0131tt\u0131 olan +e y\u00fck\u00fcne,<br \/>* n\u00f6trinolar ve kar\u015f\u0131t n\u00f6trinolar ise 0 y\u00fcke sahipler.<\/p>\n<p>3. Kuarklarla leptonlar\u0131n, hepsinin k\u00fctleleleri var ve birbirinin kar\u015f\u0131t\u0131 olan par\u00e7ac\u0131klar\u0131n k\u00fctleleri ayn\u0131. Fakat par\u00e7ac\u0131klar aras\u0131nda, k\u00fctle a\u00e7\u0131s\u0131ndan siklet farklar\u0131 bulunuyor. \u015e\u00f6yle ki, kuarklarda;<br \/>* yukar\u0131 kuark t\u0131ls\u0131m kuarktan, t\u0131ls\u0131m kuark da \u00fcst kuarktan,<br \/>* a\u015fa\u011f\u0131 kuark garip kuarktan, garip kuark da alt kuarktan daha hafif. Yani kuarklar\u0131, k\u00fctle a\u00e7\u0131s\u0131ndan \u00fc\u00e7 s\u0131n\u0131fa ay\u0131rmak m\u00fcmk\u00fcn.<\/p>\n<p>Leptonlarda n\u00f6trinolar di\u011fer \u00fc\u00e7\u00fcnden \u00e7ok \u00e7ok daha hafifken;<br \/>* elektron, muondan; muon da taudan,<br \/>* elektron n\u00f6trinosu, muon n\u00f6trinosundan; muon n\u00f6trinosu da tau n\u00f6trinosundan, daha hafif veya daha az enerji ta\u015f\u0131yor.<\/p>\n<p>Yani leptonlar\u0131 da aralar\u0131nda, k\u00fctle a\u00e7\u0131s\u0131ndan \u00fc\u00e7 s\u0131n\u0131fa ay\u0131rmak m\u00fcmk\u00fcn. Ger\u00e7i &#8216;Lepton&#8217; s\u00f6zc\u00fc\u011f\u00fc Grek\u00e7e&#8217;de, &#8216;k\u00fc\u00e7\u00fck k\u00fctleli&#8217; kast\u0131yla &#8216;ince&#8217; anlam\u0131na geliyor. Fakat bu biraz yan\u0131lt\u0131c\u0131. \u00c7\u00fcnk\u00fc \u00f6rne\u011fin tau leptonu, elektrondan 3,500 kat daha a\u011f\u0131r. N\u00f6trinolar ise y\u00fcks\u00fcz ve \u00e7ok k\u00fc\u00e7\u00fck k\u00fctlelere sahipler. O kadar ki; k\u00fctleleri, bug\u00fcnk\u00fc k\u00fctle \u00f6l\u00e7\u00fcm tekniklerinin duyarl\u0131l\u0131k d\u00fczeyinin alt\u0131nda kal\u0131yor. Dolay\u0131s\u0131yla, teorik olarak k\u00fctlelerinin olmad\u0131\u011f\u0131 dahi s\u00f6ylenebiliyor. G\u00f6zlenmeleri \u00e7ok zor.<\/p>\n<p><strong>Par\u00e7ac\u0131k Nesilleri<\/strong><\/p>\n<p>Toparlayacak olursak; kuarklarla leptonlar, k\u00fctleleri a\u00e7\u0131s\u0131ndan aralar\u0131nda \u00fc\u00e7 s\u0131n\u0131fa ayr\u0131l\u0131yorlar ve herhangi birinin y\u00fck\u00fc; +2\/3, -1\/3, 0 veya -1 olabiliyor. Bu durumda; \u00fc\u00e7 farkl\u0131 a\u011f\u0131rl\u0131k s\u0131n\u0131f\u0131ndaki par\u00e7ac\u0131klardan, olas\u0131 d\u00f6rt farkl\u0131 y\u00fcke sahip birer tanesini bir araya koyarak bir grupland\u0131rma yap\u0131labilir ve b\u00f6ylelikle d\u00f6rder elemanl\u0131, k\u00fctle d\u0131\u015f\u0131nda ayn\u0131 \u00f6zelliklere sahip \u00fc\u00e7 grup elde edilebilir:<\/p>\n<p>I. Yukar\u0131 kuark (+2\/3), a\u015fa\u011f\u0131 kuark (-1\/3), elektron n\u00f6trinosu (0) ve elektron (-1).<br \/>II. T\u0131ls\u0131m kuark (+2\/3), garip kuark (-1\/3), muon n\u00f6trinosu (0) ve muon (-1).<br \/>III. \u00dcst kuark (+2\/3), alt kuark (-1\/3), tau n\u00f6trinosu (0) ve tau (-1).<\/p>\n<p>kaynak: T\u00fcbitak<\/p><\/div>\n","protected":false},"excerpt":{"rendered":"<p>Standart Model Standart Model&#8217;e g\u00f6re evrende, temel par\u00e7ac\u0131k olarak sadece;* 6 \u00e7e\u015fit kuark, * 6 \u00e7e\u015fit lepton, * bunlar\u0131n &#8216;kar\u015f\u0131t&#8217; par\u00e7ac\u0131klar\u0131 ile, * foton, 8 \u00e7e\u015fit gluon ve 3 \u00e7e\u015fit &#8216;vekt\u00f6r bozon&#8217;dan olu\u015fan &#8216;kuvvet ta\u015f\u0131y\u0131c\u0131&#8217; par\u00e7ac\u0131klar var. Kuarklarla leptonlar, kuvvet ta\u015f\u0131y\u0131c\u0131 par\u00e7ac\u0131klar arac\u0131l\u0131\u011f\u0131yla etkile\u015fime girerek, evrendeki g\u00f6r\u00fcn\u00fcr maddenin t\u00fcm\u00fcne v\u00fccut veriyor. Kuark ve lepton \u00e7e\u015fitlerine [&hellip;]<\/p>\n","protected":false},"author":1,"featured_media":0,"comment_status":"open","ping_status":"open","sticky":false,"template":"","format":"standard","meta":{"footnotes":""},"categories":[56],"tags":[],"class_list":{"0":"post-682","1":"post","2":"type-post","3":"status-publish","4":"format-standard","6":"category-kuantum"},"yoast_head":"<!-- This site is optimized with the Yoast SEO Premium plugin v24.9 (Yoast SEO v24.9) - https:\/\/yoast.com\/wordpress\/plugins\/seo\/ -->\n<title>Maddenin Temel Par\u00e7ac\u0131klar\u0131 | T\u00fcbitak - narteks.net<\/title>\n<meta name=\"robots\" content=\"index, follow, max-snippet:-1, max-image-preview:large, max-video-preview:-1\" \/>\n<link rel=\"canonical\" href=\"https:\/\/narteks.net\/index.php\/2009\/04\/16\/maddenin-temel-parcaciklari-tubitak\/\" \/>\n<meta property=\"og:locale\" content=\"tr_TR\" \/>\n<meta property=\"og:type\" content=\"article\" \/>\n<meta property=\"og:title\" content=\"Maddenin Temel Par\u00e7ac\u0131klar\u0131 | T\u00fcbitak\" \/>\n<meta property=\"og:description\" content=\"Standart Model Standart Model&#8217;e g\u00f6re evrende, temel par\u00e7ac\u0131k olarak sadece;* 6 \u00e7e\u015fit kuark, * 6 \u00e7e\u015fit lepton, * bunlar\u0131n &#8216;kar\u015f\u0131t&#8217; par\u00e7ac\u0131klar\u0131 ile, * foton, 8 \u00e7e\u015fit gluon ve 3 \u00e7e\u015fit &#8216;vekt\u00f6r bozon&#8217;dan olu\u015fan &#8216;kuvvet ta\u015f\u0131y\u0131c\u0131&#8217; par\u00e7ac\u0131klar var. Kuarklarla leptonlar, kuvvet ta\u015f\u0131y\u0131c\u0131 par\u00e7ac\u0131klar arac\u0131l\u0131\u011f\u0131yla etkile\u015fime girerek, evrendeki g\u00f6r\u00fcn\u00fcr maddenin t\u00fcm\u00fcne v\u00fccut veriyor. Kuark ve lepton \u00e7e\u015fitlerine [&hellip;]\" \/>\n<meta property=\"og:url\" content=\"https:\/\/narteks.net\/index.php\/2009\/04\/16\/maddenin-temel-parcaciklari-tubitak\/\" \/>\n<meta property=\"og:site_name\" content=\"narteks.net\" \/>\n<meta property=\"article:published_time\" content=\"2009-04-16T13:42:09+00:00\" \/>\n<meta property=\"og:image\" content=\"http:\/\/www.biltek.tubitak.gov.tr\/bilgipaket\/madde\/img\/sub1karikatur.jpg\" \/>\n<meta name=\"author\" content=\"Tar\u0131k\" \/>\n<meta name=\"twitter:card\" content=\"summary_large_image\" \/>\n<meta name=\"twitter:creator\" content=\"@narteks\" \/>\n<meta name=\"twitter:site\" content=\"@narteks\" \/>\n<meta name=\"twitter:label1\" content=\"Yazan:\" \/>\n\t<meta name=\"twitter:data1\" content=\"Tar\u0131k\" \/>\n\t<meta name=\"twitter:label2\" content=\"Tahmini okuma s\u00fcresi\" \/>\n\t<meta name=\"twitter:data2\" content=\"5 dakika\" \/>\n<script type=\"application\/ld+json\" class=\"yoast-schema-graph\">{\"@context\":\"https:\/\/schema.org\",\"@graph\":[{\"@type\":\"Article\",\"@id\":\"https:\/\/narteks.net\/index.php\/2009\/04\/16\/maddenin-temel-parcaciklari-tubitak\/#article\",\"isPartOf\":{\"@id\":\"https:\/\/narteks.net\/index.php\/2009\/04\/16\/maddenin-temel-parcaciklari-tubitak\/\"},\"author\":{\"name\":\"Tar\u0131k\",\"@id\":\"https:\/\/narteks.net\/#\/schema\/person\/61f37d9834294b72d31d274e7ed79bca\"},\"headline\":\"Maddenin Temel Par\u00e7ac\u0131klar\u0131 | T\u00fcbitak\",\"datePublished\":\"2009-04-16T13:42:09+00:00\",\"mainEntityOfPage\":{\"@id\":\"https:\/\/narteks.net\/index.php\/2009\/04\/16\/maddenin-temel-parcaciklari-tubitak\/\"},\"wordCount\":1067,\"commentCount\":0,\"publisher\":{\"@id\":\"https:\/\/narteks.net\/#organization\"},\"image\":{\"@id\":\"https:\/\/narteks.net\/index.php\/2009\/04\/16\/maddenin-temel-parcaciklari-tubitak\/#primaryimage\"},\"thumbnailUrl\":\"http:\/\/www.biltek.tubitak.gov.tr\/bilgipaket\/madde\/img\/sub1karikatur.jpg\",\"articleSection\":[\"Kuantum\"],\"inLanguage\":\"tr\",\"potentialAction\":[{\"@type\":\"CommentAction\",\"name\":\"Comment\",\"target\":[\"https:\/\/narteks.net\/index.php\/2009\/04\/16\/maddenin-temel-parcaciklari-tubitak\/#respond\"]}]},{\"@type\":\"WebPage\",\"@id\":\"https:\/\/narteks.net\/index.php\/2009\/04\/16\/maddenin-temel-parcaciklari-tubitak\/\",\"url\":\"https:\/\/narteks.net\/index.php\/2009\/04\/16\/maddenin-temel-parcaciklari-tubitak\/\",\"name\":\"Maddenin Temel Par\u00e7ac\u0131klar\u0131 | T\u00fcbitak - narteks.net\",\"isPartOf\":{\"@id\":\"https:\/\/narteks.net\/#website\"},\"primaryImageOfPage\":{\"@id\":\"https:\/\/narteks.net\/index.php\/2009\/04\/16\/maddenin-temel-parcaciklari-tubitak\/#primaryimage\"},\"image\":{\"@id\":\"https:\/\/narteks.net\/index.php\/2009\/04\/16\/maddenin-temel-parcaciklari-tubitak\/#primaryimage\"},\"thumbnailUrl\":\"http:\/\/www.biltek.tubitak.gov.tr\/bilgipaket\/madde\/img\/sub1karikatur.jpg\",\"datePublished\":\"2009-04-16T13:42:09+00:00\",\"breadcrumb\":{\"@id\":\"https:\/\/narteks.net\/index.php\/2009\/04\/16\/maddenin-temel-parcaciklari-tubitak\/#breadcrumb\"},\"inLanguage\":\"tr\",\"potentialAction\":[{\"@type\":\"ReadAction\",\"target\":[\"https:\/\/narteks.net\/index.php\/2009\/04\/16\/maddenin-temel-parcaciklari-tubitak\/\"]}]},{\"@type\":\"ImageObject\",\"inLanguage\":\"tr\",\"@id\":\"https:\/\/narteks.net\/index.php\/2009\/04\/16\/maddenin-temel-parcaciklari-tubitak\/#primaryimage\",\"url\":\"http:\/\/www.biltek.tubitak.gov.tr\/bilgipaket\/madde\/img\/sub1karikatur.jpg\",\"contentUrl\":\"http:\/\/www.biltek.tubitak.gov.tr\/bilgipaket\/madde\/img\/sub1karikatur.jpg\"},{\"@type\":\"BreadcrumbList\",\"@id\":\"https:\/\/narteks.net\/index.php\/2009\/04\/16\/maddenin-temel-parcaciklari-tubitak\/#breadcrumb\",\"itemListElement\":[{\"@type\":\"ListItem\",\"position\":1,\"name\":\"Anasayfa\",\"item\":\"https:\/\/narteks.net\/\"},{\"@type\":\"ListItem\",\"position\":2,\"name\":\"Maddenin Temel Par\u00e7ac\u0131klar\u0131 | T\u00fcbitak\"}]},{\"@type\":\"WebSite\",\"@id\":\"https:\/\/narteks.net\/#website\",\"url\":\"https:\/\/narteks.net\/\",\"name\":\"narteks.net\",\"description\":\"K\u00fclt\u00fcr Sanat Edebiyat Felsefe\",\"publisher\":{\"@id\":\"https:\/\/narteks.net\/#organization\"},\"alternateName\":\"K\u00fclt\u00fcr Sanat Edebiyat Felsefe\",\"potentialAction\":[{\"@type\":\"SearchAction\",\"target\":{\"@type\":\"EntryPoint\",\"urlTemplate\":\"https:\/\/narteks.net\/?s={search_term_string}\"},\"query-input\":{\"@type\":\"PropertyValueSpecification\",\"valueRequired\":true,\"valueName\":\"search_term_string\"}}],\"inLanguage\":\"tr\"},{\"@type\":\"Organization\",\"@id\":\"https:\/\/narteks.net\/#organization\",\"name\":\"narteks.net\",\"url\":\"https:\/\/narteks.net\/\",\"logo\":{\"@type\":\"ImageObject\",\"inLanguage\":\"tr\",\"@id\":\"https:\/\/narteks.net\/#\/schema\/logo\/image\/\",\"url\":\"https:\/\/narteks.net\/wp-content\/uploads\/narteks.png\",\"contentUrl\":\"https:\/\/narteks.net\/wp-content\/uploads\/narteks.png\",\"width\":300,\"height\":90,\"caption\":\"narteks.net\"},\"image\":{\"@id\":\"https:\/\/narteks.net\/#\/schema\/logo\/image\/\"},\"sameAs\":[\"https:\/\/x.com\/narteks\",\"https:\/\/instagram.com\/narteksnet\"]},{\"@type\":\"Person\",\"@id\":\"https:\/\/narteks.net\/#\/schema\/person\/61f37d9834294b72d31d274e7ed79bca\",\"name\":\"Tar\u0131k\",\"image\":{\"@type\":\"ImageObject\",\"inLanguage\":\"tr\",\"@id\":\"https:\/\/narteks.net\/#\/schema\/person\/image\/\",\"url\":\"https:\/\/secure.gravatar.com\/avatar\/50865afb55632c4ae467e0af0930f6510aa2297d8014be502a55b14f3b7550cf?s=96&d=mm&r=g\",\"contentUrl\":\"https:\/\/secure.gravatar.com\/avatar\/50865afb55632c4ae467e0af0930f6510aa2297d8014be502a55b14f3b7550cf?s=96&d=mm&r=g\",\"caption\":\"Tar\u0131k\"},\"sameAs\":[\"http:\/\/narteks.net\"],\"url\":\"https:\/\/narteks.net\/index.php\/author\/narbak\/\"}]}<\/script>\n<!-- \/ Yoast SEO Premium plugin. -->","yoast_head_json":{"title":"Maddenin Temel Par\u00e7ac\u0131klar\u0131 | T\u00fcbitak - narteks.net","robots":{"index":"index","follow":"follow","max-snippet":"max-snippet:-1","max-image-preview":"max-image-preview:large","max-video-preview":"max-video-preview:-1"},"canonical":"https:\/\/narteks.net\/index.php\/2009\/04\/16\/maddenin-temel-parcaciklari-tubitak\/","og_locale":"tr_TR","og_type":"article","og_title":"Maddenin Temel Par\u00e7ac\u0131klar\u0131 | T\u00fcbitak","og_description":"Standart Model Standart Model&#8217;e g\u00f6re evrende, temel par\u00e7ac\u0131k olarak sadece;* 6 \u00e7e\u015fit kuark, * 6 \u00e7e\u015fit lepton, * bunlar\u0131n &#8216;kar\u015f\u0131t&#8217; par\u00e7ac\u0131klar\u0131 ile, * foton, 8 \u00e7e\u015fit gluon ve 3 \u00e7e\u015fit &#8216;vekt\u00f6r bozon&#8217;dan olu\u015fan &#8216;kuvvet ta\u015f\u0131y\u0131c\u0131&#8217; par\u00e7ac\u0131klar var. Kuarklarla leptonlar, kuvvet ta\u015f\u0131y\u0131c\u0131 par\u00e7ac\u0131klar arac\u0131l\u0131\u011f\u0131yla etkile\u015fime girerek, evrendeki g\u00f6r\u00fcn\u00fcr maddenin t\u00fcm\u00fcne v\u00fccut veriyor. Kuark ve lepton \u00e7e\u015fitlerine [&hellip;]","og_url":"https:\/\/narteks.net\/index.php\/2009\/04\/16\/maddenin-temel-parcaciklari-tubitak\/","og_site_name":"narteks.net","article_published_time":"2009-04-16T13:42:09+00:00","og_image":[{"url":"http:\/\/www.biltek.tubitak.gov.tr\/bilgipaket\/madde\/img\/sub1karikatur.jpg","type":"","width":"","height":""}],"author":"Tar\u0131k","twitter_card":"summary_large_image","twitter_creator":"@narteks","twitter_site":"@narteks","twitter_misc":{"Yazan:":"Tar\u0131k","Tahmini okuma s\u00fcresi":"5 dakika"},"schema":{"@context":"https:\/\/schema.org","@graph":[{"@type":"Article","@id":"https:\/\/narteks.net\/index.php\/2009\/04\/16\/maddenin-temel-parcaciklari-tubitak\/#article","isPartOf":{"@id":"https:\/\/narteks.net\/index.php\/2009\/04\/16\/maddenin-temel-parcaciklari-tubitak\/"},"author":{"name":"Tar\u0131k","@id":"https:\/\/narteks.net\/#\/schema\/person\/61f37d9834294b72d31d274e7ed79bca"},"headline":"Maddenin Temel Par\u00e7ac\u0131klar\u0131 | T\u00fcbitak","datePublished":"2009-04-16T13:42:09+00:00","mainEntityOfPage":{"@id":"https:\/\/narteks.net\/index.php\/2009\/04\/16\/maddenin-temel-parcaciklari-tubitak\/"},"wordCount":1067,"commentCount":0,"publisher":{"@id":"https:\/\/narteks.net\/#organization"},"image":{"@id":"https:\/\/narteks.net\/index.php\/2009\/04\/16\/maddenin-temel-parcaciklari-tubitak\/#primaryimage"},"thumbnailUrl":"http:\/\/www.biltek.tubitak.gov.tr\/bilgipaket\/madde\/img\/sub1karikatur.jpg","articleSection":["Kuantum"],"inLanguage":"tr","potentialAction":[{"@type":"CommentAction","name":"Comment","target":["https:\/\/narteks.net\/index.php\/2009\/04\/16\/maddenin-temel-parcaciklari-tubitak\/#respond"]}]},{"@type":"WebPage","@id":"https:\/\/narteks.net\/index.php\/2009\/04\/16\/maddenin-temel-parcaciklari-tubitak\/","url":"https:\/\/narteks.net\/index.php\/2009\/04\/16\/maddenin-temel-parcaciklari-tubitak\/","name":"Maddenin Temel Par\u00e7ac\u0131klar\u0131 | T\u00fcbitak - narteks.net","isPartOf":{"@id":"https:\/\/narteks.net\/#website"},"primaryImageOfPage":{"@id":"https:\/\/narteks.net\/index.php\/2009\/04\/16\/maddenin-temel-parcaciklari-tubitak\/#primaryimage"},"image":{"@id":"https:\/\/narteks.net\/index.php\/2009\/04\/16\/maddenin-temel-parcaciklari-tubitak\/#primaryimage"},"thumbnailUrl":"http:\/\/www.biltek.tubitak.gov.tr\/bilgipaket\/madde\/img\/sub1karikatur.jpg","datePublished":"2009-04-16T13:42:09+00:00","breadcrumb":{"@id":"https:\/\/narteks.net\/index.php\/2009\/04\/16\/maddenin-temel-parcaciklari-tubitak\/#breadcrumb"},"inLanguage":"tr","potentialAction":[{"@type":"ReadAction","target":["https:\/\/narteks.net\/index.php\/2009\/04\/16\/maddenin-temel-parcaciklari-tubitak\/"]}]},{"@type":"ImageObject","inLanguage":"tr","@id":"https:\/\/narteks.net\/index.php\/2009\/04\/16\/maddenin-temel-parcaciklari-tubitak\/#primaryimage","url":"http:\/\/www.biltek.tubitak.gov.tr\/bilgipaket\/madde\/img\/sub1karikatur.jpg","contentUrl":"http:\/\/www.biltek.tubitak.gov.tr\/bilgipaket\/madde\/img\/sub1karikatur.jpg"},{"@type":"BreadcrumbList","@id":"https:\/\/narteks.net\/index.php\/2009\/04\/16\/maddenin-temel-parcaciklari-tubitak\/#breadcrumb","itemListElement":[{"@type":"ListItem","position":1,"name":"Anasayfa","item":"https:\/\/narteks.net\/"},{"@type":"ListItem","position":2,"name":"Maddenin Temel Par\u00e7ac\u0131klar\u0131 | T\u00fcbitak"}]},{"@type":"WebSite","@id":"https:\/\/narteks.net\/#website","url":"https:\/\/narteks.net\/","name":"narteks.net","description":"K\u00fclt\u00fcr Sanat Edebiyat Felsefe","publisher":{"@id":"https:\/\/narteks.net\/#organization"},"alternateName":"K\u00fclt\u00fcr Sanat Edebiyat Felsefe","potentialAction":[{"@type":"SearchAction","target":{"@type":"EntryPoint","urlTemplate":"https:\/\/narteks.net\/?s={search_term_string}"},"query-input":{"@type":"PropertyValueSpecification","valueRequired":true,"valueName":"search_term_string"}}],"inLanguage":"tr"},{"@type":"Organization","@id":"https:\/\/narteks.net\/#organization","name":"narteks.net","url":"https:\/\/narteks.net\/","logo":{"@type":"ImageObject","inLanguage":"tr","@id":"https:\/\/narteks.net\/#\/schema\/logo\/image\/","url":"https:\/\/narteks.net\/wp-content\/uploads\/narteks.png","contentUrl":"https:\/\/narteks.net\/wp-content\/uploads\/narteks.png","width":300,"height":90,"caption":"narteks.net"},"image":{"@id":"https:\/\/narteks.net\/#\/schema\/logo\/image\/"},"sameAs":["https:\/\/x.com\/narteks","https:\/\/instagram.com\/narteksnet"]},{"@type":"Person","@id":"https:\/\/narteks.net\/#\/schema\/person\/61f37d9834294b72d31d274e7ed79bca","name":"Tar\u0131k","image":{"@type":"ImageObject","inLanguage":"tr","@id":"https:\/\/narteks.net\/#\/schema\/person\/image\/","url":"https:\/\/secure.gravatar.com\/avatar\/50865afb55632c4ae467e0af0930f6510aa2297d8014be502a55b14f3b7550cf?s=96&d=mm&r=g","contentUrl":"https:\/\/secure.gravatar.com\/avatar\/50865afb55632c4ae467e0af0930f6510aa2297d8014be502a55b14f3b7550cf?s=96&d=mm&r=g","caption":"Tar\u0131k"},"sameAs":["http:\/\/narteks.net"],"url":"https:\/\/narteks.net\/index.php\/author\/narbak\/"}]}},"_links":{"self":[{"href":"https:\/\/narteks.net\/index.php\/wp-json\/wp\/v2\/posts\/682","targetHints":{"allow":["GET"]}}],"collection":[{"href":"https:\/\/narteks.net\/index.php\/wp-json\/wp\/v2\/posts"}],"about":[{"href":"https:\/\/narteks.net\/index.php\/wp-json\/wp\/v2\/types\/post"}],"author":[{"embeddable":true,"href":"https:\/\/narteks.net\/index.php\/wp-json\/wp\/v2\/users\/1"}],"replies":[{"embeddable":true,"href":"https:\/\/narteks.net\/index.php\/wp-json\/wp\/v2\/comments?post=682"}],"version-history":[{"count":0,"href":"https:\/\/narteks.net\/index.php\/wp-json\/wp\/v2\/posts\/682\/revisions"}],"wp:attachment":[{"href":"https:\/\/narteks.net\/index.php\/wp-json\/wp\/v2\/media?parent=682"}],"wp:term":[{"taxonomy":"category","embeddable":true,"href":"https:\/\/narteks.net\/index.php\/wp-json\/wp\/v2\/categories?post=682"},{"taxonomy":"post_tag","embeddable":true,"href":"https:\/\/narteks.net\/index.php\/wp-json\/wp\/v2\/tags?post=682"}],"curies":[{"name":"wp","href":"https:\/\/api.w.org\/{rel}","templated":true}]}}