{"id":6820,"date":"2011-10-04T16:05:54","date_gmt":"2011-10-04T13:05:54","guid":{"rendered":"http:\/\/localhost\/wordpress\/2011\/10\/04\/kopek-baliklari-insan-olsalardi-bertolt-brecht\/"},"modified":"2011-10-04T16:05:54","modified_gmt":"2011-10-04T13:05:54","slug":"kopek-baliklari-insan-olsalardi-bertolt-brecht","status":"publish","type":"post","link":"https:\/\/narteks.net\/index.php\/2011\/10\/04\/kopek-baliklari-insan-olsalardi-bertolt-brecht\/","title":{"rendered":"K\u00f6pek bal\u0131klar\u0131 insan olsalard\u0131 | Bertolt Brecht"},"content":{"rendered":"<p style=\"text-align: justify;\"><img loading=\"lazy\" decoding=\"async\" src=\"http:\/\/www.herseyimiz.net\/wp-content\/uploads\/2011\/05\/Bertolt-Brecht.jpg\" border=\"0\" width=\"155\" height=\"205\" style=\"float: left;\" \/>Bay K&#8217;ya ev sahibesinin k\u00fc\u00e7\u00fck k\u0131z\u0131; &#8220;K\u00f6pek bal\u0131klar\u0131 insan olsalard\u0131, \u00f6teki k\u00fc\u00e7\u00fck bal\u0131klara \u015fimdikinden daha nazik davran\u0131rlar m\u0131yd\u0131?&#8221; diye sordu.<\/p>\n<p>&#8220;Muhakkak&#8221; dedi Bay K: &#8220;K\u00f6pek bal\u0131klar\u0131 insan olsalard\u0131, k\u00fc\u00e7\u00fck bal\u0131klar i\u00e7in sa\u011flam muhafazalar yapar ve bu muhafazalara onlar i\u00e7in hayvan ve bitkilerden, gerekli her t\u00fcrl\u00fc yiyece\u011fi koyarlard\u0131. Muhafazalar\u0131n suyunun s\u00fcrekli taze kalmas\u0131na \u00f6zen g\u00f6sterirler, bal\u0131k\u00e7\u0131lar\u0131n sa\u011fl\u0131klar\u0131 i\u00e7in her t\u00fcrl\u00fc tedbiri al\u0131rlard\u0131. Mesel\u00e2 bir bal\u0131k\u00e7\u0131\u011f\u0131n y\u00fczge\u00e7leri yaralansa, l\u00e2z\u0131m olacaklar\u0131 vakitten \u00f6nce \u00f6lmemeleri i\u00e7in, gereken ilk yard\u0131m\u0131 yaparlard\u0131.<\/p>\n<p>Onlar\u0131 Melankolizmden korumak i\u00e7in zaman zaman b\u00fcy\u00fck Su Bayramlar\u0131 tertiplerlerdi. \u00c7\u00fcnk\u00fc manyak(ne\u015feli) bal\u0131k\u00e7\u0131klar melankoliklerden \u00e7ok daha lezizdirler.<\/p>\n<p>S\u00f6z konusu muhafazalar i\u00e7inde kimi okullar da bulunurdu. Bu okullarda k\u00fc\u00e7\u00fck bal\u0131klara, kendileri k\u00f6pek bal\u0131klar\u0131 taraf\u0131ndan yenilirken, onlar\u0131n a\u011f\u0131zlar\u0131nda uymalar\u0131 gereken us\u00fbl ve te\u015frifat \u00f6\u011fretilirdi. Bu okullarda ayr\u0131ca co\u011frafya dersi de bulunurdu. B\u00f6ylece herhangi bir yerde bulunan ac\u0131km\u0131\u015f bir k\u00f6pek bal\u0131\u011f\u0131n\u0131 k\u00fc\u00e7\u00fck bal\u0131k\u00e7\u0131klar\u0131n kolayca bulmalar\u0131 sa\u011flan\u0131r, \u00f6tekilerin berikileri bulma zahmeti giderilirdi.<\/p>\n<p>Bal\u0131k\u00e7\u0131klara itaatli olmay\u0131 \u00f6\u011frenmeleri halinde, geleceklerinin g\u00fcvence alt\u0131na al\u0131naca\u011f\u0131 \u00f6\u011fretilirdi. Kendilerine s\u00f6ylenen &#8220;\u0130yi Bir \u0130stikbal&#8221; vaadine b\u00fct\u00fcn bal\u0131k\u00e7\u0131klar\u0131n i\u00e7tenlikle inanmalar\u0131 gere\u011fi \u00f6\u011fretilirdi. Bir bal\u0131k\u00e7\u0131k i\u00e7in en erdemli ve soylu davran\u0131\u015f\u0131n kendisini k\u00f6pek bal\u0131klar\u0131na seve seve feda etmesi oldu\u011fu \u00f6\u011fretilirdi.<\/p>\n<p>Aralar\u0131ndaki b\u00fct\u00fcn adi, bencil, materyalist ve Marksist e\u011filimlerden kendilerini korumalar\u0131 ve i\u00e7lerinden birinin bu t\u00fcr e\u011filimler g\u00f6stermesi halinde onu hemen k\u00f6pek bal\u0131klar\u0131na bildirmeleri gerekti\u011fi \u00f6\u011fretilirdi.<\/p>\n<p>K\u00f6pek bal\u0131klar\u0131 insan olsalard\u0131, elbet kendi i\u00e7lerinde sava\u015flar da yaparlard\u0131; yabanc\u0131 k\u00f6pek bal\u0131\u011f\u0131 muhafazalar\u0131 ve i\u00e7indeki bal\u0131k\u00e7\u0131klar\u0131 elde etmek i\u00e7in. Yine elbet, bu sava\u015flar\u0131 her k\u00f6pek bal\u0131\u011f\u0131 kendi bal\u0131k\u00e7\u0131klar\u0131na yapt\u0131r\u0131rd\u0131. \u0130\u015fte bu arefede, kendileriyle kendi bal\u0131k\u00e7\u0131klar\u0131n\u0131n, sair t\u00fcm bal\u0131k ve bal\u0131k\u00e7\u0131klardan \u00fcst\u00fcn ve farkl\u0131 yarat\u0131lm\u0131\u015f olduklar\u0131 vurgulan\u0131rd\u0131.<\/p>\n<p>Bilindi\u011fi gibi, bal\u0131k\u00e7\u0131klar &#8220;dilsiz&#8221; olduklar\u0131n\u0131 beyan ederlerdi. Fakat, her kavmin kendi dilinin susmas\u0131yla b\u00fct\u00fcn dillerde s\u00fck\u00fbt ettiklerinden birbirlerini de asla anlamazlard\u0131. Yabanc\u0131 bir dilde s\u00fck\u00fbt eden bir ka\u00e7 bal\u0131k\u00e7\u0131\u011f\u0131 \u00f6ld\u00fcren her bal\u0131k\u00e7\u0131\u011fa deniz bitkilerinden bir ni\u015fan tak\u0131l\u0131r ve kahraman \u00fcnvan\u0131 verilirdi.<\/p>\n<p>K\u00f6pek bal\u0131klar\u0131 insan olsalard\u0131, elbet kendilerine has g\u00fczel sanatlar\u0131 da olurdu. \u00d6yle g\u00fczel resimleri olurdu ki \u00f6rne\u011fin, bunlar muhte\u015fem renklerle betimlenmi\u015f k\u00f6pek bal\u0131\u011f\u0131 di\u015fleri, bal\u0131k\u00e7\u0131klar\u0131n ne\u015feyle s\u0131\u00e7ray\u0131p y\u00fczd\u00fckleri bah\u00e7elerden olu\u015fan k\u00f6pek bal\u0131\u011f\u0131 a\u011f\u0131zlar\u0131n\u0131 yans\u0131t\u0131rd\u0131.<\/p>\n<p>Deniz dibindeki tiyatrolar yi\u011fit bal\u0131k\u00e7\u0131klar\u0131n, co\u015fkun bir \u015fekilde k\u00f6pek bal\u0131\u011f\u0131 a\u011f\u0131zlar\u0131na do\u011fru nas\u0131l y\u00fczd\u00fcklerini temsil ederdi.<\/p>\n<p>K\u00f6pek bal\u0131klar\u0131 insan olsalard\u0131 bir dinleri de olurdu ku\u015fkusuz. Bal\u0131k\u00e7\u0131klara, ger\u00e7ek hayat\u0131 ancak k\u00f6pek bal\u0131klar\u0131n\u0131n karn\u0131nda ya\u015fayabilecekleri \u00f6\u011fretilirdi.<\/p>\n<p>Bunlardan ba\u015fka, \u015fimdi oldu\u011fu gibi, b\u00fct\u00fcn bal\u0131k\u00e7\u0131klar e\u015fit de olmazlard\u0131. Baz\u0131lar\u0131 kimi g\u00f6revler al\u0131r, \u00f6tekilerine h\u00fckmederlerdi. Bal\u0131k\u00e7\u0131klar\u0131n az\u0131c\u0131k iri olanlar\u0131 k\u00fc\u00e7\u00fckleri yutabilirlerdi. Ama bu yaln\u0131z k\u00f6pek bal\u0131klar\u0131n\u0131n i\u015fine gelirdi. B\u00f6ylece k\u00f6pek bal\u0131klar\u0131na yem olacak bal\u0131klar daha semiz olurdu. \u00d6\u011fretmen, zab\u0131ta gibi, g\u00f6revli bal\u0131k\u00e7\u0131klar \u00f6teki bal\u0131k\u00e7\u0131klar aras\u0131ndaki d\u00fczeni sa\u011flard\u0131. M\u00fchendislerse, muhafaza yap\u0131m\u0131nda hizmet verilirlerdi.<\/p>\n<p>K\u0131sacas\u0131 k\u00f6pek bal\u0131klar\u0131 insan olsalard\u0131, denizlerde bamba\u015fka bir k\u00fclt\u00fcr olu\u015furdu.&#8221;<\/p>\n<p>\u00c7eviri: Hasan Ekinci<\/p>\n","protected":false},"excerpt":{"rendered":"<p>Bay K&#8217;ya ev sahibesinin k\u00fc\u00e7\u00fck k\u0131z\u0131; &#8220;K\u00f6pek bal\u0131klar\u0131 insan olsalard\u0131, \u00f6teki k\u00fc\u00e7\u00fck bal\u0131klara \u015fimdikinden daha nazik davran\u0131rlar m\u0131yd\u0131?&#8221; diye sordu. &#8220;Muhakkak&#8221; dedi Bay K: &#8220;K\u00f6pek bal\u0131klar\u0131 insan olsalard\u0131, k\u00fc\u00e7\u00fck bal\u0131klar i\u00e7in sa\u011flam muhafazalar yapar ve bu muhafazalara onlar i\u00e7in hayvan ve bitkilerden, gerekli her t\u00fcrl\u00fc yiyece\u011fi koyarlard\u0131. Muhafazalar\u0131n suyunun s\u00fcrekli taze kalmas\u0131na \u00f6zen g\u00f6sterirler, bal\u0131k\u00e7\u0131lar\u0131n [&hellip;]<\/p>\n","protected":false},"author":1,"featured_media":0,"comment_status":"open","ping_status":"open","sticky":false,"template":"","format":"standard","meta":{"footnotes":""},"categories":[115],"tags":[],"class_list":{"0":"post-6820","1":"post","2":"type-post","3":"status-publish","4":"format-standard","6":"category-ceviri-oykuler"},"yoast_head":"<!-- This site is optimized with the Yoast SEO Premium plugin v24.9 (Yoast SEO v24.9) - https:\/\/yoast.com\/wordpress\/plugins\/seo\/ -->\n<title>K\u00f6pek bal\u0131klar\u0131 insan olsalard\u0131 | Bertolt Brecht - narteks.net<\/title>\n<meta name=\"robots\" content=\"index, follow, max-snippet:-1, max-image-preview:large, max-video-preview:-1\" \/>\n<link rel=\"canonical\" href=\"https:\/\/narteks.net\/index.php\/2011\/10\/04\/kopek-baliklari-insan-olsalardi-bertolt-brecht\/\" \/>\n<meta property=\"og:locale\" content=\"tr_TR\" \/>\n<meta property=\"og:type\" content=\"article\" \/>\n<meta property=\"og:title\" content=\"K\u00f6pek bal\u0131klar\u0131 insan olsalard\u0131 | Bertolt Brecht\" \/>\n<meta property=\"og:description\" content=\"Bay K&#8217;ya ev sahibesinin k\u00fc\u00e7\u00fck k\u0131z\u0131; &#8220;K\u00f6pek bal\u0131klar\u0131 insan olsalard\u0131, \u00f6teki k\u00fc\u00e7\u00fck bal\u0131klara \u015fimdikinden daha nazik davran\u0131rlar m\u0131yd\u0131?&#8221; diye sordu. &#8220;Muhakkak&#8221; dedi Bay K: &#8220;K\u00f6pek bal\u0131klar\u0131 insan olsalard\u0131, k\u00fc\u00e7\u00fck bal\u0131klar i\u00e7in sa\u011flam muhafazalar yapar ve bu muhafazalara onlar i\u00e7in hayvan ve bitkilerden, gerekli her t\u00fcrl\u00fc yiyece\u011fi koyarlard\u0131. Muhafazalar\u0131n suyunun s\u00fcrekli taze kalmas\u0131na \u00f6zen g\u00f6sterirler, bal\u0131k\u00e7\u0131lar\u0131n [&hellip;]\" \/>\n<meta property=\"og:url\" content=\"https:\/\/narteks.net\/index.php\/2011\/10\/04\/kopek-baliklari-insan-olsalardi-bertolt-brecht\/\" \/>\n<meta property=\"og:site_name\" content=\"narteks.net\" \/>\n<meta property=\"article:published_time\" content=\"2011-10-04T13:05:54+00:00\" \/>\n<meta property=\"og:image\" content=\"http:\/\/www.herseyimiz.net\/wp-content\/uploads\/2011\/05\/Bertolt-Brecht.jpg\" \/>\n<meta name=\"author\" content=\"Tar\u0131k\" \/>\n<meta name=\"twitter:card\" content=\"summary_large_image\" \/>\n<meta name=\"twitter:creator\" content=\"@narteks\" \/>\n<meta name=\"twitter:site\" content=\"@narteks\" \/>\n<meta name=\"twitter:label1\" content=\"Yazan:\" \/>\n\t<meta name=\"twitter:data1\" content=\"Tar\u0131k\" \/>\n\t<meta name=\"twitter:label2\" content=\"Tahmini okuma s\u00fcresi\" \/>\n\t<meta name=\"twitter:data2\" content=\"3 dakika\" \/>\n<script type=\"application\/ld+json\" class=\"yoast-schema-graph\">{\"@context\":\"https:\/\/schema.org\",\"@graph\":[{\"@type\":\"Article\",\"@id\":\"https:\/\/narteks.net\/index.php\/2011\/10\/04\/kopek-baliklari-insan-olsalardi-bertolt-brecht\/#article\",\"isPartOf\":{\"@id\":\"https:\/\/narteks.net\/index.php\/2011\/10\/04\/kopek-baliklari-insan-olsalardi-bertolt-brecht\/\"},\"author\":{\"name\":\"Tar\u0131k\",\"@id\":\"https:\/\/narteks.net\/#\/schema\/person\/61f37d9834294b72d31d274e7ed79bca\"},\"headline\":\"K\u00f6pek bal\u0131klar\u0131 insan olsalard\u0131 | Bertolt Brecht\",\"datePublished\":\"2011-10-04T13:05:54+00:00\",\"mainEntityOfPage\":{\"@id\":\"https:\/\/narteks.net\/index.php\/2011\/10\/04\/kopek-baliklari-insan-olsalardi-bertolt-brecht\/\"},\"wordCount\":678,\"commentCount\":0,\"publisher\":{\"@id\":\"https:\/\/narteks.net\/#organization\"},\"image\":{\"@id\":\"https:\/\/narteks.net\/index.php\/2011\/10\/04\/kopek-baliklari-insan-olsalardi-bertolt-brecht\/#primaryimage\"},\"thumbnailUrl\":\"http:\/\/www.herseyimiz.net\/wp-content\/uploads\/2011\/05\/Bertolt-Brecht.jpg\",\"articleSection\":[\"\u00c7eviri \u00d6yk\u00fcler\"],\"inLanguage\":\"tr\",\"potentialAction\":[{\"@type\":\"CommentAction\",\"name\":\"Comment\",\"target\":[\"https:\/\/narteks.net\/index.php\/2011\/10\/04\/kopek-baliklari-insan-olsalardi-bertolt-brecht\/#respond\"]}]},{\"@type\":\"WebPage\",\"@id\":\"https:\/\/narteks.net\/index.php\/2011\/10\/04\/kopek-baliklari-insan-olsalardi-bertolt-brecht\/\",\"url\":\"https:\/\/narteks.net\/index.php\/2011\/10\/04\/kopek-baliklari-insan-olsalardi-bertolt-brecht\/\",\"name\":\"K\u00f6pek bal\u0131klar\u0131 insan olsalard\u0131 | Bertolt Brecht - narteks.net\",\"isPartOf\":{\"@id\":\"https:\/\/narteks.net\/#website\"},\"primaryImageOfPage\":{\"@id\":\"https:\/\/narteks.net\/index.php\/2011\/10\/04\/kopek-baliklari-insan-olsalardi-bertolt-brecht\/#primaryimage\"},\"image\":{\"@id\":\"https:\/\/narteks.net\/index.php\/2011\/10\/04\/kopek-baliklari-insan-olsalardi-bertolt-brecht\/#primaryimage\"},\"thumbnailUrl\":\"http:\/\/www.herseyimiz.net\/wp-content\/uploads\/2011\/05\/Bertolt-Brecht.jpg\",\"datePublished\":\"2011-10-04T13:05:54+00:00\",\"breadcrumb\":{\"@id\":\"https:\/\/narteks.net\/index.php\/2011\/10\/04\/kopek-baliklari-insan-olsalardi-bertolt-brecht\/#breadcrumb\"},\"inLanguage\":\"tr\",\"potentialAction\":[{\"@type\":\"ReadAction\",\"target\":[\"https:\/\/narteks.net\/index.php\/2011\/10\/04\/kopek-baliklari-insan-olsalardi-bertolt-brecht\/\"]}]},{\"@type\":\"ImageObject\",\"inLanguage\":\"tr\",\"@id\":\"https:\/\/narteks.net\/index.php\/2011\/10\/04\/kopek-baliklari-insan-olsalardi-bertolt-brecht\/#primaryimage\",\"url\":\"http:\/\/www.herseyimiz.net\/wp-content\/uploads\/2011\/05\/Bertolt-Brecht.jpg\",\"contentUrl\":\"http:\/\/www.herseyimiz.net\/wp-content\/uploads\/2011\/05\/Bertolt-Brecht.jpg\"},{\"@type\":\"BreadcrumbList\",\"@id\":\"https:\/\/narteks.net\/index.php\/2011\/10\/04\/kopek-baliklari-insan-olsalardi-bertolt-brecht\/#breadcrumb\",\"itemListElement\":[{\"@type\":\"ListItem\",\"position\":1,\"name\":\"Anasayfa\",\"item\":\"https:\/\/narteks.net\/\"},{\"@type\":\"ListItem\",\"position\":2,\"name\":\"K\u00f6pek bal\u0131klar\u0131 insan olsalard\u0131 | Bertolt Brecht\"}]},{\"@type\":\"WebSite\",\"@id\":\"https:\/\/narteks.net\/#website\",\"url\":\"https:\/\/narteks.net\/\",\"name\":\"narteks.net\",\"description\":\"K\u00fclt\u00fcr Sanat Edebiyat Felsefe\",\"publisher\":{\"@id\":\"https:\/\/narteks.net\/#organization\"},\"alternateName\":\"K\u00fclt\u00fcr Sanat Edebiyat Felsefe\",\"potentialAction\":[{\"@type\":\"SearchAction\",\"target\":{\"@type\":\"EntryPoint\",\"urlTemplate\":\"https:\/\/narteks.net\/?s={search_term_string}\"},\"query-input\":{\"@type\":\"PropertyValueSpecification\",\"valueRequired\":true,\"valueName\":\"search_term_string\"}}],\"inLanguage\":\"tr\"},{\"@type\":\"Organization\",\"@id\":\"https:\/\/narteks.net\/#organization\",\"name\":\"narteks.net\",\"url\":\"https:\/\/narteks.net\/\",\"logo\":{\"@type\":\"ImageObject\",\"inLanguage\":\"tr\",\"@id\":\"https:\/\/narteks.net\/#\/schema\/logo\/image\/\",\"url\":\"https:\/\/narteks.net\/wp-content\/uploads\/narteks.png\",\"contentUrl\":\"https:\/\/narteks.net\/wp-content\/uploads\/narteks.png\",\"width\":300,\"height\":90,\"caption\":\"narteks.net\"},\"image\":{\"@id\":\"https:\/\/narteks.net\/#\/schema\/logo\/image\/\"},\"sameAs\":[\"https:\/\/x.com\/narteks\",\"https:\/\/instagram.com\/narteksnet\"]},{\"@type\":\"Person\",\"@id\":\"https:\/\/narteks.net\/#\/schema\/person\/61f37d9834294b72d31d274e7ed79bca\",\"name\":\"Tar\u0131k\",\"image\":{\"@type\":\"ImageObject\",\"inLanguage\":\"tr\",\"@id\":\"https:\/\/narteks.net\/#\/schema\/person\/image\/\",\"url\":\"https:\/\/secure.gravatar.com\/avatar\/50865afb55632c4ae467e0af0930f6510aa2297d8014be502a55b14f3b7550cf?s=96&d=mm&r=g\",\"contentUrl\":\"https:\/\/secure.gravatar.com\/avatar\/50865afb55632c4ae467e0af0930f6510aa2297d8014be502a55b14f3b7550cf?s=96&d=mm&r=g\",\"caption\":\"Tar\u0131k\"},\"sameAs\":[\"http:\/\/narteks.net\"],\"url\":\"https:\/\/narteks.net\/index.php\/author\/narbak\/\"}]}<\/script>\n<!-- \/ Yoast SEO Premium plugin. -->","yoast_head_json":{"title":"K\u00f6pek bal\u0131klar\u0131 insan olsalard\u0131 | Bertolt Brecht - narteks.net","robots":{"index":"index","follow":"follow","max-snippet":"max-snippet:-1","max-image-preview":"max-image-preview:large","max-video-preview":"max-video-preview:-1"},"canonical":"https:\/\/narteks.net\/index.php\/2011\/10\/04\/kopek-baliklari-insan-olsalardi-bertolt-brecht\/","og_locale":"tr_TR","og_type":"article","og_title":"K\u00f6pek bal\u0131klar\u0131 insan olsalard\u0131 | Bertolt Brecht","og_description":"Bay K&#8217;ya ev sahibesinin k\u00fc\u00e7\u00fck k\u0131z\u0131; &#8220;K\u00f6pek bal\u0131klar\u0131 insan olsalard\u0131, \u00f6teki k\u00fc\u00e7\u00fck bal\u0131klara \u015fimdikinden daha nazik davran\u0131rlar m\u0131yd\u0131?&#8221; diye sordu. &#8220;Muhakkak&#8221; dedi Bay K: &#8220;K\u00f6pek bal\u0131klar\u0131 insan olsalard\u0131, k\u00fc\u00e7\u00fck bal\u0131klar i\u00e7in sa\u011flam muhafazalar yapar ve bu muhafazalara onlar i\u00e7in hayvan ve bitkilerden, gerekli her t\u00fcrl\u00fc yiyece\u011fi koyarlard\u0131. Muhafazalar\u0131n suyunun s\u00fcrekli taze kalmas\u0131na \u00f6zen g\u00f6sterirler, bal\u0131k\u00e7\u0131lar\u0131n [&hellip;]","og_url":"https:\/\/narteks.net\/index.php\/2011\/10\/04\/kopek-baliklari-insan-olsalardi-bertolt-brecht\/","og_site_name":"narteks.net","article_published_time":"2011-10-04T13:05:54+00:00","og_image":[{"url":"http:\/\/www.herseyimiz.net\/wp-content\/uploads\/2011\/05\/Bertolt-Brecht.jpg","type":"","width":"","height":""}],"author":"Tar\u0131k","twitter_card":"summary_large_image","twitter_creator":"@narteks","twitter_site":"@narteks","twitter_misc":{"Yazan:":"Tar\u0131k","Tahmini okuma s\u00fcresi":"3 dakika"},"schema":{"@context":"https:\/\/schema.org","@graph":[{"@type":"Article","@id":"https:\/\/narteks.net\/index.php\/2011\/10\/04\/kopek-baliklari-insan-olsalardi-bertolt-brecht\/#article","isPartOf":{"@id":"https:\/\/narteks.net\/index.php\/2011\/10\/04\/kopek-baliklari-insan-olsalardi-bertolt-brecht\/"},"author":{"name":"Tar\u0131k","@id":"https:\/\/narteks.net\/#\/schema\/person\/61f37d9834294b72d31d274e7ed79bca"},"headline":"K\u00f6pek bal\u0131klar\u0131 insan olsalard\u0131 | Bertolt Brecht","datePublished":"2011-10-04T13:05:54+00:00","mainEntityOfPage":{"@id":"https:\/\/narteks.net\/index.php\/2011\/10\/04\/kopek-baliklari-insan-olsalardi-bertolt-brecht\/"},"wordCount":678,"commentCount":0,"publisher":{"@id":"https:\/\/narteks.net\/#organization"},"image":{"@id":"https:\/\/narteks.net\/index.php\/2011\/10\/04\/kopek-baliklari-insan-olsalardi-bertolt-brecht\/#primaryimage"},"thumbnailUrl":"http:\/\/www.herseyimiz.net\/wp-content\/uploads\/2011\/05\/Bertolt-Brecht.jpg","articleSection":["\u00c7eviri \u00d6yk\u00fcler"],"inLanguage":"tr","potentialAction":[{"@type":"CommentAction","name":"Comment","target":["https:\/\/narteks.net\/index.php\/2011\/10\/04\/kopek-baliklari-insan-olsalardi-bertolt-brecht\/#respond"]}]},{"@type":"WebPage","@id":"https:\/\/narteks.net\/index.php\/2011\/10\/04\/kopek-baliklari-insan-olsalardi-bertolt-brecht\/","url":"https:\/\/narteks.net\/index.php\/2011\/10\/04\/kopek-baliklari-insan-olsalardi-bertolt-brecht\/","name":"K\u00f6pek bal\u0131klar\u0131 insan olsalard\u0131 | Bertolt Brecht - narteks.net","isPartOf":{"@id":"https:\/\/narteks.net\/#website"},"primaryImageOfPage":{"@id":"https:\/\/narteks.net\/index.php\/2011\/10\/04\/kopek-baliklari-insan-olsalardi-bertolt-brecht\/#primaryimage"},"image":{"@id":"https:\/\/narteks.net\/index.php\/2011\/10\/04\/kopek-baliklari-insan-olsalardi-bertolt-brecht\/#primaryimage"},"thumbnailUrl":"http:\/\/www.herseyimiz.net\/wp-content\/uploads\/2011\/05\/Bertolt-Brecht.jpg","datePublished":"2011-10-04T13:05:54+00:00","breadcrumb":{"@id":"https:\/\/narteks.net\/index.php\/2011\/10\/04\/kopek-baliklari-insan-olsalardi-bertolt-brecht\/#breadcrumb"},"inLanguage":"tr","potentialAction":[{"@type":"ReadAction","target":["https:\/\/narteks.net\/index.php\/2011\/10\/04\/kopek-baliklari-insan-olsalardi-bertolt-brecht\/"]}]},{"@type":"ImageObject","inLanguage":"tr","@id":"https:\/\/narteks.net\/index.php\/2011\/10\/04\/kopek-baliklari-insan-olsalardi-bertolt-brecht\/#primaryimage","url":"http:\/\/www.herseyimiz.net\/wp-content\/uploads\/2011\/05\/Bertolt-Brecht.jpg","contentUrl":"http:\/\/www.herseyimiz.net\/wp-content\/uploads\/2011\/05\/Bertolt-Brecht.jpg"},{"@type":"BreadcrumbList","@id":"https:\/\/narteks.net\/index.php\/2011\/10\/04\/kopek-baliklari-insan-olsalardi-bertolt-brecht\/#breadcrumb","itemListElement":[{"@type":"ListItem","position":1,"name":"Anasayfa","item":"https:\/\/narteks.net\/"},{"@type":"ListItem","position":2,"name":"K\u00f6pek bal\u0131klar\u0131 insan olsalard\u0131 | Bertolt Brecht"}]},{"@type":"WebSite","@id":"https:\/\/narteks.net\/#website","url":"https:\/\/narteks.net\/","name":"narteks.net","description":"K\u00fclt\u00fcr Sanat Edebiyat Felsefe","publisher":{"@id":"https:\/\/narteks.net\/#organization"},"alternateName":"K\u00fclt\u00fcr Sanat Edebiyat Felsefe","potentialAction":[{"@type":"SearchAction","target":{"@type":"EntryPoint","urlTemplate":"https:\/\/narteks.net\/?s={search_term_string}"},"query-input":{"@type":"PropertyValueSpecification","valueRequired":true,"valueName":"search_term_string"}}],"inLanguage":"tr"},{"@type":"Organization","@id":"https:\/\/narteks.net\/#organization","name":"narteks.net","url":"https:\/\/narteks.net\/","logo":{"@type":"ImageObject","inLanguage":"tr","@id":"https:\/\/narteks.net\/#\/schema\/logo\/image\/","url":"https:\/\/narteks.net\/wp-content\/uploads\/narteks.png","contentUrl":"https:\/\/narteks.net\/wp-content\/uploads\/narteks.png","width":300,"height":90,"caption":"narteks.net"},"image":{"@id":"https:\/\/narteks.net\/#\/schema\/logo\/image\/"},"sameAs":["https:\/\/x.com\/narteks","https:\/\/instagram.com\/narteksnet"]},{"@type":"Person","@id":"https:\/\/narteks.net\/#\/schema\/person\/61f37d9834294b72d31d274e7ed79bca","name":"Tar\u0131k","image":{"@type":"ImageObject","inLanguage":"tr","@id":"https:\/\/narteks.net\/#\/schema\/person\/image\/","url":"https:\/\/secure.gravatar.com\/avatar\/50865afb55632c4ae467e0af0930f6510aa2297d8014be502a55b14f3b7550cf?s=96&d=mm&r=g","contentUrl":"https:\/\/secure.gravatar.com\/avatar\/50865afb55632c4ae467e0af0930f6510aa2297d8014be502a55b14f3b7550cf?s=96&d=mm&r=g","caption":"Tar\u0131k"},"sameAs":["http:\/\/narteks.net"],"url":"https:\/\/narteks.net\/index.php\/author\/narbak\/"}]}},"_links":{"self":[{"href":"https:\/\/narteks.net\/index.php\/wp-json\/wp\/v2\/posts\/6820","targetHints":{"allow":["GET"]}}],"collection":[{"href":"https:\/\/narteks.net\/index.php\/wp-json\/wp\/v2\/posts"}],"about":[{"href":"https:\/\/narteks.net\/index.php\/wp-json\/wp\/v2\/types\/post"}],"author":[{"embeddable":true,"href":"https:\/\/narteks.net\/index.php\/wp-json\/wp\/v2\/users\/1"}],"replies":[{"embeddable":true,"href":"https:\/\/narteks.net\/index.php\/wp-json\/wp\/v2\/comments?post=6820"}],"version-history":[{"count":0,"href":"https:\/\/narteks.net\/index.php\/wp-json\/wp\/v2\/posts\/6820\/revisions"}],"wp:attachment":[{"href":"https:\/\/narteks.net\/index.php\/wp-json\/wp\/v2\/media?parent=6820"}],"wp:term":[{"taxonomy":"category","embeddable":true,"href":"https:\/\/narteks.net\/index.php\/wp-json\/wp\/v2\/categories?post=6820"},{"taxonomy":"post_tag","embeddable":true,"href":"https:\/\/narteks.net\/index.php\/wp-json\/wp\/v2\/tags?post=6820"}],"curies":[{"name":"wp","href":"https:\/\/api.w.org\/{rel}","templated":true}]}}