{"id":6821,"date":"2011-10-04T18:59:14","date_gmt":"2011-10-04T15:59:14","guid":{"rendered":"http:\/\/localhost\/wordpress\/2011\/10\/04\/karl-marxa-ait-aforizmalar\/"},"modified":"2011-10-04T18:59:14","modified_gmt":"2011-10-04T15:59:14","slug":"karl-marxa-ait-aforizmalar","status":"publish","type":"post","link":"https:\/\/narteks.net\/index.php\/2011\/10\/04\/karl-marxa-ait-aforizmalar\/","title":{"rendered":"Karl Marx&#8217;a ait Aforizmalar"},"content":{"rendered":"<p style=\"text-align: justify;\"><img loading=\"lazy\" decoding=\"async\" src=\"images\/stories\/karl_marx.jpg\" border=\"0\" width=\"155\" height=\"205\" \/><\/p>\n<p style=\"text-align: justify;\">* E\u011fer sevgi \u00fcretmiyorsa y\u00fcre\u011finiz,ba\u015far\u0131l\u0131 bir \u00fcretici de\u011filsiniz&#8230;<br \/>* Yoksullu\u011fu azaltmadan zenginli\u011fi artt\u0131ran ve su\u00e7 i\u015fleme bak\u0131m\u0131ndan,say\u0131lardan daha h\u0131zl\u0131 art\u0131\u015f g\u00f6steren bir toplumsal sistemin \u00f6z\u00fcnde \u00e7\u00fcr\u00fcm\u00fc\u015f bir\u015feylerin olmas\u0131 gerekir.<br \/>* \u0130nsano\u011flu \u00f6n\u00fcne \u00e7\u0131kan sorunlara \u00e7\u00f6z\u00fcm arar.<br \/>* Hadi oradan. Son s\u00f6zler yeterince do\u011fru s\u00f6z s\u00f6ylememi\u015f aptallar i\u00e7indir.<br \/>* \u0130nsan geli\u015fmesinin alan\u0131 zamand\u0131r.<br \/>* Din, bunalm\u0131\u015f mahlukun i\u00e7 \u00e7eki\u015fi, merhametsiz bir d\u00fcnyan\u0131n ruhu ve ayn\u0131 zamanda ak\u0131ls\u0131z bir \u00e7a\u011f\u0131n akl\u0131d\u0131r. Din halk\u0131n afyonudur. <br \/>* Filozoflar d\u00fcnyay\u0131 yaln\u0131zca \u00e7e\u015fitli bi\u00e7imlerde yorumlam\u0131\u015flard\u0131r; oysa sorun onu de\u011fi\u015ftirmektir.<br \/>* \u0130\u015fe fiilen ba\u015flar ba\u015flamaz, art\u0131k, eme\u011fi onun olmaktan \u00e7\u0131km\u0131\u015ft\u0131r ve bunun i\u00e7in de bu eme\u011fin \u015fimdi i\u015f\u00e7i taraf\u0131ndan sat\u0131lmas\u0131 s\u00f6zkonusu olamaz.<br \/>* G\u00f6r\u00fcnen, ger\u00e7ek olsayd\u0131 bilime gerek kalmazd\u0131.<br \/>* D\u00fcnyay\u0131 anlamak yetmez, onu de\u011fi\u015ftirmek gerekir.<br \/>* \u0130nsan do\u011faya ne kadar yabanc\u0131la\u015f\u0131rsa o kadar toplumsalla\u015f\u0131r, ne kadar toplumsalla\u015f\u0131rsa da o kadar kendine yabanc\u0131la\u015f\u0131r.<br \/>* \u0130nsanlar\u0131n maddi ya\u015fam ko\u015fullar\u0131n\u0131 belirleyen onlar\u0131n bilin\u00e7leri de\u011fildir, bu maddi ko\u015fullar onlar\u0131n bilin\u00e7lerini belirler.<br \/>* Cehalet, ayr\u0131cal\u0131kl\u0131 s\u0131n\u0131f\u0131n ustaca kulland\u0131\u011f\u0131 bir silaht\u0131r.<br \/>* Cehenneme giden yollar iyi niyet ta\u015flar\u0131yla d\u00f6\u015felidir.<br \/>* Kapitalizm g\u00f6lgesini satamad\u0131\u011f\u0131 a\u011fac\u0131 keser.<br \/>* Toplumun kalabal\u0131klar\u0131 ve onlar gibi d\u00fc\u015f\u00fcnenler benim kitab\u0131m\u0131 okumas\u0131nlar; hem ben, ona hi\u00e7 el s\u00fcrmemelerini al\u0131\u015fkanl\u0131klar\u0131na uyarak eserimi yanl\u0131\u015f anlamalar\u0131na ye\u011f tutar\u0131m.<br \/>* Toplumlar \u00fcstesinden gelemeyecekleri sorunlar\u0131 g\u00fcndeme getirmezler.<br \/>* Kat\u0131 olan her \u015fey buharla\u015f\u0131yor, kutsal olan her \u015fey d\u00fcnyevile\u015fiyor ve en sonunda insanlar ya\u015fam\u0131n ger\u00e7ek ko\u015fullar\u0131yla ve di\u011fer insanlarla ili\u015fkileriyle y\u00fczle\u015fmeye zorlan\u0131yor. Modern burjuva toplumu, b\u00f6ylesine kudretli \u00fcretim ve m\u00fcbadele ara\u00e7lar\u0131n\u0131n bir araya getirmi\u015f olan bu toplum, yer alt\u0131 g\u00fc\u00e7lerini kontrol edemez bir b\u00fcy\u00fcc\u00fcye benziyor.<br \/>* Bir kimsenin \u00f6zg\u00fcr olarak geli\u015fmesi, herkesin \u00f6zg\u00fcr olarak geli\u015fmesinin \u015fart\u0131d\u0131r.<br \/>* Almanya&#8217;n\u0131n ve geriye kalan Bat\u0131 K\u0131ta Avrupas\u0131&#8217;n\u0131n toplumsal istatistikleri, \u0130ngiltere&#8217;dekilere oranla ac\u0131nacak durumdad\u0131r. Ama gene de, arkas\u0131ndaki meduza ba\u015f\u0131n\u0131 \u015f\u00f6yle bir g\u00f6rmemize yetecek kadar perdeyi aral\u0131yorlar. H\u00fck\u00fcmetlerimiz ve parlamentolar\u0131m\u0131z, \u0130ngiltere&#8217;deki gibi, zaman zaman, ekonomik ko\u015fullar\u0131 inceleyecek komisyonlar kursa; bu komisyonlara ger\u00e7e\u011fi ara\u015ft\u0131rmak i\u00e7in ayn\u0131 bi\u00e7imde tam yetkiler verilse; bu g\u00f6revler i\u00e7in \u0130ngiltere&#8217;nin fabrika denetmenleri,halk sa\u011fl\u0131\u011f\u0131 konusundaki sa\u011fl\u0131k raport\u00f6rleri, kad\u0131nlar ile \u00e7ocuklar\u0131n s\u00f6m\u00fcr\u00fclmesi, konut ve beslenme konular\u0131n\u0131 inceleyen komiserler gibi yetenekli, tarafs\u0131z ve sayg\u0131n insanlar bulunabilse; bizdeki durumu g\u00f6r\u00fcp deh\u015fete d\u00fc\u015ferdik. Perseus, avlad\u0131\u011f\u0131 devler kendisini g\u00f6rmesin diye sihirli bir ba\u015fl\u0131k giyerdi. Biz ise, devlerin varl\u0131\u011f\u0131n\u0131 g\u00f6rmemek i\u00e7in, sihirli ba\u015fl\u0131\u011f\u0131 g\u00f6zlerimize ve kulaklar\u0131m\u0131za kadar indiriyoruz.<br \/>* Kapitalist \u00fcretimin en b\u00fcy\u00fck engeli, sermayenin ta kendisidir.<br \/>* D\u00fcnyan\u0131n kurtulu\u015fu sosyalizmdedir.<br \/>* Anlat\u0131lan senin hikayendir.<br \/>* Madem ki insan\u0131 bi\u00e7imlendiren ya\u015fad\u0131\u011f\u0131 ko\u015fullar; ko\u015fullar en insani \u015fekilde bi\u00e7imlenmelidir.<br \/>* E\u011fer d\u0131\u015f g\u00f6r\u00fcn\u00fc\u015f ve \u015feylerin \u00f6z\u00fc ayn\u0131 olsayd\u0131, o zaman bilime gerek kalmazd\u0131 .<br \/>* Kar\u015f\u0131l\u0131\u011f\u0131nda sevgi uyand\u0131rmadan seviyorsan\u0131z, yani sevgi olarak sevginiz kar\u015f\u0131l\u0131kl\u0131 sevgi yaratm\u0131yorsa; seven bir ki\u015fi olarak d\u0131\u015favurumunuzla kendinizi sevilen bir ki\u015fi yapam\u0131yorsan\u0131z, sevginiz g\u00fc\u00e7s\u00fczd\u00fcr, bu bir talihsizliktir.&#8221;<br \/>* Proleterlerin zincirlerinden ba\u015fka kaybedecekleri \u015feyleri yok, kazanacaklar\u0131 bir d\u00fcnya var. B\u00fct\u00fcn \u00fclkelerin i\u015f\u00e7ileri, birle\u015fin!<br \/>* Kitaplar\u0131m, onlar\u0131 yazarken i\u00e7ti\u011fim t\u00fct\u00fcn\u00fcn bile paras\u0131n\u0131 kar\u015f\u0131lamad\u0131.<\/p>\n","protected":false},"excerpt":{"rendered":"<p>* E\u011fer sevgi \u00fcretmiyorsa y\u00fcre\u011finiz,ba\u015far\u0131l\u0131 bir \u00fcretici de\u011filsiniz&#8230;* Yoksullu\u011fu azaltmadan zenginli\u011fi artt\u0131ran ve su\u00e7 i\u015fleme bak\u0131m\u0131ndan,say\u0131lardan daha h\u0131zl\u0131 art\u0131\u015f g\u00f6steren bir toplumsal sistemin \u00f6z\u00fcnde \u00e7\u00fcr\u00fcm\u00fc\u015f bir\u015feylerin olmas\u0131 gerekir.* \u0130nsano\u011flu \u00f6n\u00fcne \u00e7\u0131kan sorunlara \u00e7\u00f6z\u00fcm arar.* Hadi oradan. Son s\u00f6zler yeterince do\u011fru s\u00f6z s\u00f6ylememi\u015f aptallar i\u00e7indir.* \u0130nsan geli\u015fmesinin alan\u0131 zamand\u0131r.* Din, bunalm\u0131\u015f mahlukun i\u00e7 \u00e7eki\u015fi, merhametsiz bir [&hellip;]<\/p>\n","protected":false},"author":1,"featured_media":0,"comment_status":"open","ping_status":"open","sticky":false,"template":"","format":"standard","meta":{"footnotes":""},"categories":[194],"tags":[],"class_list":{"0":"post-6821","1":"post","2":"type-post","3":"status-publish","4":"format-standard","6":"category-aforizmalar"},"yoast_head":"<!-- This site is optimized with the Yoast SEO Premium plugin v24.9 (Yoast SEO v24.9) - https:\/\/yoast.com\/wordpress\/plugins\/seo\/ -->\n<title>Karl Marx&#039;a ait Aforizmalar - narteks.net<\/title>\n<meta name=\"robots\" content=\"index, follow, max-snippet:-1, max-image-preview:large, max-video-preview:-1\" \/>\n<link rel=\"canonical\" href=\"https:\/\/narteks.net\/index.php\/2011\/10\/04\/karl-marxa-ait-aforizmalar\/\" \/>\n<meta property=\"og:locale\" content=\"tr_TR\" \/>\n<meta property=\"og:type\" content=\"article\" \/>\n<meta property=\"og:title\" content=\"Karl Marx&#039;a ait Aforizmalar\" \/>\n<meta property=\"og:description\" content=\"* E\u011fer sevgi \u00fcretmiyorsa y\u00fcre\u011finiz,ba\u015far\u0131l\u0131 bir \u00fcretici de\u011filsiniz&#8230;* Yoksullu\u011fu azaltmadan zenginli\u011fi artt\u0131ran ve su\u00e7 i\u015fleme bak\u0131m\u0131ndan,say\u0131lardan daha h\u0131zl\u0131 art\u0131\u015f g\u00f6steren bir toplumsal sistemin \u00f6z\u00fcnde \u00e7\u00fcr\u00fcm\u00fc\u015f bir\u015feylerin olmas\u0131 gerekir.* \u0130nsano\u011flu \u00f6n\u00fcne \u00e7\u0131kan sorunlara \u00e7\u00f6z\u00fcm arar.* Hadi oradan. Son s\u00f6zler yeterince do\u011fru s\u00f6z s\u00f6ylememi\u015f aptallar i\u00e7indir.* \u0130nsan geli\u015fmesinin alan\u0131 zamand\u0131r.* Din, bunalm\u0131\u015f mahlukun i\u00e7 \u00e7eki\u015fi, merhametsiz bir [&hellip;]\" \/>\n<meta property=\"og:url\" content=\"https:\/\/narteks.net\/index.php\/2011\/10\/04\/karl-marxa-ait-aforizmalar\/\" \/>\n<meta property=\"og:site_name\" content=\"narteks.net\" \/>\n<meta property=\"article:published_time\" content=\"2011-10-04T15:59:14+00:00\" \/>\n<meta property=\"og:image\" content=\"https:\/\/narteks.net\/wp-content\/uploads\/narteks.png\" \/>\n\t<meta property=\"og:image:width\" content=\"300\" \/>\n\t<meta property=\"og:image:height\" content=\"90\" \/>\n\t<meta property=\"og:image:type\" content=\"image\/png\" \/>\n<meta name=\"author\" content=\"Tar\u0131k\" \/>\n<meta name=\"twitter:card\" content=\"summary_large_image\" \/>\n<meta name=\"twitter:creator\" content=\"@narteks\" \/>\n<meta name=\"twitter:site\" content=\"@narteks\" \/>\n<meta name=\"twitter:label1\" content=\"Yazan:\" \/>\n\t<meta name=\"twitter:data1\" content=\"Tar\u0131k\" \/>\n\t<meta name=\"twitter:label2\" content=\"Tahmini okuma s\u00fcresi\" \/>\n\t<meta name=\"twitter:data2\" content=\"3 dakika\" \/>\n<script type=\"application\/ld+json\" class=\"yoast-schema-graph\">{\"@context\":\"https:\/\/schema.org\",\"@graph\":[{\"@type\":\"Article\",\"@id\":\"https:\/\/narteks.net\/index.php\/2011\/10\/04\/karl-marxa-ait-aforizmalar\/#article\",\"isPartOf\":{\"@id\":\"https:\/\/narteks.net\/index.php\/2011\/10\/04\/karl-marxa-ait-aforizmalar\/\"},\"author\":{\"name\":\"Tar\u0131k\",\"@id\":\"https:\/\/narteks.net\/#\/schema\/person\/61f37d9834294b72d31d274e7ed79bca\"},\"headline\":\"Karl Marx&#8217;a ait Aforizmalar\",\"datePublished\":\"2011-10-04T15:59:14+00:00\",\"mainEntityOfPage\":{\"@id\":\"https:\/\/narteks.net\/index.php\/2011\/10\/04\/karl-marxa-ait-aforizmalar\/\"},\"wordCount\":660,\"commentCount\":0,\"publisher\":{\"@id\":\"https:\/\/narteks.net\/#organization\"},\"articleSection\":[\"Aforizmalar\"],\"inLanguage\":\"tr\",\"potentialAction\":[{\"@type\":\"CommentAction\",\"name\":\"Comment\",\"target\":[\"https:\/\/narteks.net\/index.php\/2011\/10\/04\/karl-marxa-ait-aforizmalar\/#respond\"]}]},{\"@type\":\"WebPage\",\"@id\":\"https:\/\/narteks.net\/index.php\/2011\/10\/04\/karl-marxa-ait-aforizmalar\/\",\"url\":\"https:\/\/narteks.net\/index.php\/2011\/10\/04\/karl-marxa-ait-aforizmalar\/\",\"name\":\"Karl Marx'a ait Aforizmalar - narteks.net\",\"isPartOf\":{\"@id\":\"https:\/\/narteks.net\/#website\"},\"datePublished\":\"2011-10-04T15:59:14+00:00\",\"breadcrumb\":{\"@id\":\"https:\/\/narteks.net\/index.php\/2011\/10\/04\/karl-marxa-ait-aforizmalar\/#breadcrumb\"},\"inLanguage\":\"tr\",\"potentialAction\":[{\"@type\":\"ReadAction\",\"target\":[\"https:\/\/narteks.net\/index.php\/2011\/10\/04\/karl-marxa-ait-aforizmalar\/\"]}]},{\"@type\":\"BreadcrumbList\",\"@id\":\"https:\/\/narteks.net\/index.php\/2011\/10\/04\/karl-marxa-ait-aforizmalar\/#breadcrumb\",\"itemListElement\":[{\"@type\":\"ListItem\",\"position\":1,\"name\":\"Anasayfa\",\"item\":\"https:\/\/narteks.net\/\"},{\"@type\":\"ListItem\",\"position\":2,\"name\":\"Karl Marx&#8217;a ait Aforizmalar\"}]},{\"@type\":\"WebSite\",\"@id\":\"https:\/\/narteks.net\/#website\",\"url\":\"https:\/\/narteks.net\/\",\"name\":\"narteks.net\",\"description\":\"K\u00fclt\u00fcr Sanat Edebiyat Felsefe\",\"publisher\":{\"@id\":\"https:\/\/narteks.net\/#organization\"},\"alternateName\":\"K\u00fclt\u00fcr Sanat Edebiyat Felsefe\",\"potentialAction\":[{\"@type\":\"SearchAction\",\"target\":{\"@type\":\"EntryPoint\",\"urlTemplate\":\"https:\/\/narteks.net\/?s={search_term_string}\"},\"query-input\":{\"@type\":\"PropertyValueSpecification\",\"valueRequired\":true,\"valueName\":\"search_term_string\"}}],\"inLanguage\":\"tr\"},{\"@type\":\"Organization\",\"@id\":\"https:\/\/narteks.net\/#organization\",\"name\":\"narteks.net\",\"url\":\"https:\/\/narteks.net\/\",\"logo\":{\"@type\":\"ImageObject\",\"inLanguage\":\"tr\",\"@id\":\"https:\/\/narteks.net\/#\/schema\/logo\/image\/\",\"url\":\"https:\/\/narteks.net\/wp-content\/uploads\/narteks.png\",\"contentUrl\":\"https:\/\/narteks.net\/wp-content\/uploads\/narteks.png\",\"width\":300,\"height\":90,\"caption\":\"narteks.net\"},\"image\":{\"@id\":\"https:\/\/narteks.net\/#\/schema\/logo\/image\/\"},\"sameAs\":[\"https:\/\/x.com\/narteks\",\"https:\/\/instagram.com\/narteksnet\"]},{\"@type\":\"Person\",\"@id\":\"https:\/\/narteks.net\/#\/schema\/person\/61f37d9834294b72d31d274e7ed79bca\",\"name\":\"Tar\u0131k\",\"image\":{\"@type\":\"ImageObject\",\"inLanguage\":\"tr\",\"@id\":\"https:\/\/narteks.net\/#\/schema\/person\/image\/\",\"url\":\"https:\/\/secure.gravatar.com\/avatar\/50865afb55632c4ae467e0af0930f6510aa2297d8014be502a55b14f3b7550cf?s=96&d=mm&r=g\",\"contentUrl\":\"https:\/\/secure.gravatar.com\/avatar\/50865afb55632c4ae467e0af0930f6510aa2297d8014be502a55b14f3b7550cf?s=96&d=mm&r=g\",\"caption\":\"Tar\u0131k\"},\"sameAs\":[\"http:\/\/narteks.net\"],\"url\":\"https:\/\/narteks.net\/index.php\/author\/narbak\/\"}]}<\/script>\n<!-- \/ Yoast SEO Premium plugin. -->","yoast_head_json":{"title":"Karl Marx'a ait Aforizmalar - narteks.net","robots":{"index":"index","follow":"follow","max-snippet":"max-snippet:-1","max-image-preview":"max-image-preview:large","max-video-preview":"max-video-preview:-1"},"canonical":"https:\/\/narteks.net\/index.php\/2011\/10\/04\/karl-marxa-ait-aforizmalar\/","og_locale":"tr_TR","og_type":"article","og_title":"Karl Marx'a ait Aforizmalar","og_description":"* E\u011fer sevgi \u00fcretmiyorsa y\u00fcre\u011finiz,ba\u015far\u0131l\u0131 bir \u00fcretici de\u011filsiniz&#8230;* Yoksullu\u011fu azaltmadan zenginli\u011fi artt\u0131ran ve su\u00e7 i\u015fleme bak\u0131m\u0131ndan,say\u0131lardan daha h\u0131zl\u0131 art\u0131\u015f g\u00f6steren bir toplumsal sistemin \u00f6z\u00fcnde \u00e7\u00fcr\u00fcm\u00fc\u015f bir\u015feylerin olmas\u0131 gerekir.* \u0130nsano\u011flu \u00f6n\u00fcne \u00e7\u0131kan sorunlara \u00e7\u00f6z\u00fcm arar.* Hadi oradan. Son s\u00f6zler yeterince do\u011fru s\u00f6z s\u00f6ylememi\u015f aptallar i\u00e7indir.* \u0130nsan geli\u015fmesinin alan\u0131 zamand\u0131r.* Din, bunalm\u0131\u015f mahlukun i\u00e7 \u00e7eki\u015fi, merhametsiz bir [&hellip;]","og_url":"https:\/\/narteks.net\/index.php\/2011\/10\/04\/karl-marxa-ait-aforizmalar\/","og_site_name":"narteks.net","article_published_time":"2011-10-04T15:59:14+00:00","og_image":[{"width":300,"height":90,"url":"https:\/\/narteks.net\/wp-content\/uploads\/narteks.png","type":"image\/png"}],"author":"Tar\u0131k","twitter_card":"summary_large_image","twitter_creator":"@narteks","twitter_site":"@narteks","twitter_misc":{"Yazan:":"Tar\u0131k","Tahmini okuma s\u00fcresi":"3 dakika"},"schema":{"@context":"https:\/\/schema.org","@graph":[{"@type":"Article","@id":"https:\/\/narteks.net\/index.php\/2011\/10\/04\/karl-marxa-ait-aforizmalar\/#article","isPartOf":{"@id":"https:\/\/narteks.net\/index.php\/2011\/10\/04\/karl-marxa-ait-aforizmalar\/"},"author":{"name":"Tar\u0131k","@id":"https:\/\/narteks.net\/#\/schema\/person\/61f37d9834294b72d31d274e7ed79bca"},"headline":"Karl Marx&#8217;a ait Aforizmalar","datePublished":"2011-10-04T15:59:14+00:00","mainEntityOfPage":{"@id":"https:\/\/narteks.net\/index.php\/2011\/10\/04\/karl-marxa-ait-aforizmalar\/"},"wordCount":660,"commentCount":0,"publisher":{"@id":"https:\/\/narteks.net\/#organization"},"articleSection":["Aforizmalar"],"inLanguage":"tr","potentialAction":[{"@type":"CommentAction","name":"Comment","target":["https:\/\/narteks.net\/index.php\/2011\/10\/04\/karl-marxa-ait-aforizmalar\/#respond"]}]},{"@type":"WebPage","@id":"https:\/\/narteks.net\/index.php\/2011\/10\/04\/karl-marxa-ait-aforizmalar\/","url":"https:\/\/narteks.net\/index.php\/2011\/10\/04\/karl-marxa-ait-aforizmalar\/","name":"Karl Marx'a ait Aforizmalar - narteks.net","isPartOf":{"@id":"https:\/\/narteks.net\/#website"},"datePublished":"2011-10-04T15:59:14+00:00","breadcrumb":{"@id":"https:\/\/narteks.net\/index.php\/2011\/10\/04\/karl-marxa-ait-aforizmalar\/#breadcrumb"},"inLanguage":"tr","potentialAction":[{"@type":"ReadAction","target":["https:\/\/narteks.net\/index.php\/2011\/10\/04\/karl-marxa-ait-aforizmalar\/"]}]},{"@type":"BreadcrumbList","@id":"https:\/\/narteks.net\/index.php\/2011\/10\/04\/karl-marxa-ait-aforizmalar\/#breadcrumb","itemListElement":[{"@type":"ListItem","position":1,"name":"Anasayfa","item":"https:\/\/narteks.net\/"},{"@type":"ListItem","position":2,"name":"Karl Marx&#8217;a ait Aforizmalar"}]},{"@type":"WebSite","@id":"https:\/\/narteks.net\/#website","url":"https:\/\/narteks.net\/","name":"narteks.net","description":"K\u00fclt\u00fcr Sanat Edebiyat Felsefe","publisher":{"@id":"https:\/\/narteks.net\/#organization"},"alternateName":"K\u00fclt\u00fcr Sanat Edebiyat Felsefe","potentialAction":[{"@type":"SearchAction","target":{"@type":"EntryPoint","urlTemplate":"https:\/\/narteks.net\/?s={search_term_string}"},"query-input":{"@type":"PropertyValueSpecification","valueRequired":true,"valueName":"search_term_string"}}],"inLanguage":"tr"},{"@type":"Organization","@id":"https:\/\/narteks.net\/#organization","name":"narteks.net","url":"https:\/\/narteks.net\/","logo":{"@type":"ImageObject","inLanguage":"tr","@id":"https:\/\/narteks.net\/#\/schema\/logo\/image\/","url":"https:\/\/narteks.net\/wp-content\/uploads\/narteks.png","contentUrl":"https:\/\/narteks.net\/wp-content\/uploads\/narteks.png","width":300,"height":90,"caption":"narteks.net"},"image":{"@id":"https:\/\/narteks.net\/#\/schema\/logo\/image\/"},"sameAs":["https:\/\/x.com\/narteks","https:\/\/instagram.com\/narteksnet"]},{"@type":"Person","@id":"https:\/\/narteks.net\/#\/schema\/person\/61f37d9834294b72d31d274e7ed79bca","name":"Tar\u0131k","image":{"@type":"ImageObject","inLanguage":"tr","@id":"https:\/\/narteks.net\/#\/schema\/person\/image\/","url":"https:\/\/secure.gravatar.com\/avatar\/50865afb55632c4ae467e0af0930f6510aa2297d8014be502a55b14f3b7550cf?s=96&d=mm&r=g","contentUrl":"https:\/\/secure.gravatar.com\/avatar\/50865afb55632c4ae467e0af0930f6510aa2297d8014be502a55b14f3b7550cf?s=96&d=mm&r=g","caption":"Tar\u0131k"},"sameAs":["http:\/\/narteks.net"],"url":"https:\/\/narteks.net\/index.php\/author\/narbak\/"}]}},"_links":{"self":[{"href":"https:\/\/narteks.net\/index.php\/wp-json\/wp\/v2\/posts\/6821","targetHints":{"allow":["GET"]}}],"collection":[{"href":"https:\/\/narteks.net\/index.php\/wp-json\/wp\/v2\/posts"}],"about":[{"href":"https:\/\/narteks.net\/index.php\/wp-json\/wp\/v2\/types\/post"}],"author":[{"embeddable":true,"href":"https:\/\/narteks.net\/index.php\/wp-json\/wp\/v2\/users\/1"}],"replies":[{"embeddable":true,"href":"https:\/\/narteks.net\/index.php\/wp-json\/wp\/v2\/comments?post=6821"}],"version-history":[{"count":0,"href":"https:\/\/narteks.net\/index.php\/wp-json\/wp\/v2\/posts\/6821\/revisions"}],"wp:attachment":[{"href":"https:\/\/narteks.net\/index.php\/wp-json\/wp\/v2\/media?parent=6821"}],"wp:term":[{"taxonomy":"category","embeddable":true,"href":"https:\/\/narteks.net\/index.php\/wp-json\/wp\/v2\/categories?post=6821"},{"taxonomy":"post_tag","embeddable":true,"href":"https:\/\/narteks.net\/index.php\/wp-json\/wp\/v2\/tags?post=6821"}],"curies":[{"name":"wp","href":"https:\/\/api.w.org\/{rel}","templated":true}]}}