{"id":6824,"date":"2011-10-04T20:29:07","date_gmt":"2011-10-04T17:29:07","guid":{"rendered":"http:\/\/localhost\/wordpress\/2011\/10\/04\/stefan-zweiga-ait-aforizmalar\/"},"modified":"2011-10-04T20:29:07","modified_gmt":"2011-10-04T17:29:07","slug":"stefan-zweiga-ait-aforizmalar","status":"publish","type":"post","link":"https:\/\/narteks.net\/index.php\/2011\/10\/04\/stefan-zweiga-ait-aforizmalar\/","title":{"rendered":"Stefan Zweig&#8217;a ait Aforizmalar"},"content":{"rendered":"<p><img loading=\"lazy\" decoding=\"async\" src=\"http:\/\/upload.wikimedia.org\/wikipedia\/commons\/4\/4e\/Stefan_Zweig2.png\" border=\"0\" width=\"155\" height=\"205\" \/><\/p>\n<p>* B\u00fct\u00fcn dostlar\u0131m\u0131 selamlar\u0131m! Umar\u0131m, uzun gecenin ard\u0131ndan gelecek olan sabah\u0131n k\u0131z\u0131ll\u0131\u011f\u0131n\u0131 hala g\u00f6rebilirler! Ben, \u00e7ok sab\u0131rs\u0131z olan ben, onlar\u0131n \u00f6n\u00fcnden gidiyorum.<br \/>* Ruhunu geni\u015f tutmas\u0131n\u0131 erken \u00f6grenebilmi\u015f ki\u015fi, sonralar\u0131 d\u00fcnyaya i\u00e7ine s\u0131\u011fd\u0131r\u0131labilir.<br \/>* G\u00f6zler az g\u00f6rd\u00fc\u011f\u00fc, kulaklar az duydu\u011fu \u00f6l\u00e7\u00fcde hayal g\u00fcc\u00fc artar.<br \/>* D\u00fcnyay\u0131 de\u011fi\u015ftiremiyorsan d\u00fcnyan\u0131 de\u011fi\u015ftirirsin. Hepsi bu.<br \/>* K\u00fc\u00e7\u00fcklerin b\u00fcy\u00fckl\u00fck taslamas\u0131 kadar tehlikeli bir \u015fey yoktur.<br \/>* Birisi bar\u0131\u015f\u0131 ba\u015flatmal\u0131, t\u0131pk\u0131 sava\u015f\u0131 ba\u015flatt\u0131\u011f\u0131 gibi.<br \/>* Satran\u00e7 a\u015fk gibidir. Tek ba\u015f\u0131na daha az e\u011flencelidir.<br \/>* Sab\u0131rs\u0131zl\u0131k korkudur.<br \/>* Ger\u00e7ek doktor, her hasta ile ya\u015fay\u0131p \u00f6lendir.<br \/>* Birini aldatan \u00f6tekini de aldat\u0131r.<br \/>* Felaket,y\u00fcz\u00fcne kap\u0131 kapansa, bir ba\u015fka kap\u0131dan sokulmas\u0131n\u0131 bilir.<br \/>* Bast\u0131\u011f\u0131n\u0131z bir kar\u0131\u015f topra\u011fa vatan\u0131m diyemedikten sonra ya\u015famak neye yarar.<br \/>* B\u00fct\u00fcn yaln\u0131zlar gibi \u00f6zg\u00fcr ve b\u00fct\u00fcn \u00f6zg\u00fcrler gibi yaln\u0131z.<br \/>* Yery\u00fcz\u00fcnde hi\u00e7bir \u015fey insan ruhuna hi\u00e7lik kadar bask\u0131 yapamaz.<br \/>* Suskunlu\u011fun siyah okyanusundaki cam fanuslu bir dalg\u0131\u00e7 gibi ya\u015f\u0131yordu insan, kendisini d\u0131\u015f d\u00fcnyaya ba\u011flayan halat\u0131n kopmu\u015f oldu\u011funu ve o sessiz derinlikten hi\u00e7 bir zaman yukar\u0131 \u00e7ekilmeyece\u011fini ayr\u0131msayan bir dalg\u0131\u00e7 gibi hatta.. Duracak, g\u00f6recek, hi\u00e7bir \u015fey yoktu, her yerde ve s\u00fcrekli ve s\u00fcrekli hi\u00e7likle \u00e7evriliydi insan, boyuttan ve zamandan t\u00fcm\u00fcyle yoksun bo\u015flukla.<br \/>* Utanacak, gizlenecek bir \u015fey yok. \u0130nsanlarda benim \u00f6n\u00fcmde soyunuyor, bana yaralar\u0131n\u0131, idrarlar\u0131n\u0131, d\u0131\u015fk\u0131lar\u0131n\u0131 g\u00f6steriyorlar\u2026 \u0130nsan kendisine yard\u0131m edilmesini istiyorsa, laf\u0131 d\u00f6n\u00fcp dola\u015ft\u0131rmamal\u0131 ve hi\u00e7bir \u015fey gizlememeli.<br \/>* Ama 60 ya\u015f\u0131ndan sonra, yeni ba\u015ftan ba\u015flamak i\u00e7in \u00f6zel g\u00fc\u00e7lere ihtiyac\u0131m vard\u0131. Benim g\u00fcc\u00fcm ise, uzun y\u0131llar s\u00fcren yurtsuz g\u00fcc\u00fcm s\u0131ras\u0131nda t\u00fckendi. B\u00f6ylece, ruhsal \u00e7al\u0131\u015fmas\u0131, her zaman en b\u00fcy\u00fck sevinci ve bireysel \u00f6zg\u00fcrl\u00fc\u011f\u00fc bu d\u00fcnyan\u0131n en b\u00fcy\u00fck nimeti olan bu hayat\u0131, zaman\u0131nda ve dimdik sona erdirmek bana daha do\u011fru g\u00f6r\u00fcn\u00fcyor.<br \/>* Kendi iste\u011fimle ve bilin\u00e7li olarak hayattan ayr\u0131lmadan \u00f6nce, son bir g\u00f6revi yerine getirme\u011fe kendimi mecbur hissediyorum: bana ve \u00e7al\u0131\u015fmalar\u0131ma, b\u00f6yle iyi ve konuksever \u015fekilde kucak a\u00e7an harikulade \u00fclke brezilya&#8217;ya i\u00e7tenlikle te\u015fekk\u00fcr etmeliyim. Her ge\u00e7en g\u00fcn, bu \u00fclkeyi daha \u00e7ok sevmeyi \u00f6\u011frendim ve benim lisan\u0131m konu\u015fuldu\u011fu d\u00fcnya, bana g\u00f6re mahvolduktan ve manevi yurdum Avrupa\u2019n\u0131n kendi kendisini yok etmesinden sonra, hayat\u0131m\u0131 yeni ba\u015ftan kurmay\u0131 daha fazla isteyebilece\u011fim bir yer daha yoktu.<\/p>\n","protected":false},"excerpt":{"rendered":"<p>* B\u00fct\u00fcn dostlar\u0131m\u0131 selamlar\u0131m! Umar\u0131m, uzun gecenin ard\u0131ndan gelecek olan sabah\u0131n k\u0131z\u0131ll\u0131\u011f\u0131n\u0131 hala g\u00f6rebilirler! Ben, \u00e7ok sab\u0131rs\u0131z olan ben, onlar\u0131n \u00f6n\u00fcnden gidiyorum.* Ruhunu geni\u015f tutmas\u0131n\u0131 erken \u00f6grenebilmi\u015f ki\u015fi, sonralar\u0131 d\u00fcnyaya i\u00e7ine s\u0131\u011fd\u0131r\u0131labilir.* G\u00f6zler az g\u00f6rd\u00fc\u011f\u00fc, kulaklar az duydu\u011fu \u00f6l\u00e7\u00fcde hayal g\u00fcc\u00fc artar.* D\u00fcnyay\u0131 de\u011fi\u015ftiremiyorsan d\u00fcnyan\u0131 de\u011fi\u015ftirirsin. Hepsi bu.* K\u00fc\u00e7\u00fcklerin b\u00fcy\u00fckl\u00fck taslamas\u0131 kadar tehlikeli bir \u015fey [&hellip;]<\/p>\n","protected":false},"author":1,"featured_media":0,"comment_status":"open","ping_status":"open","sticky":false,"template":"","format":"standard","meta":{"footnotes":""},"categories":[194],"tags":[],"class_list":{"0":"post-6824","1":"post","2":"type-post","3":"status-publish","4":"format-standard","6":"category-aforizmalar"},"yoast_head":"<!-- This site is optimized with the Yoast SEO Premium plugin v24.9 (Yoast SEO v24.9) - https:\/\/yoast.com\/wordpress\/plugins\/seo\/ -->\n<title>Stefan Zweig&#039;a ait Aforizmalar - narteks.net<\/title>\n<meta name=\"robots\" content=\"index, follow, max-snippet:-1, max-image-preview:large, max-video-preview:-1\" \/>\n<link rel=\"canonical\" href=\"https:\/\/narteks.net\/index.php\/2011\/10\/04\/stefan-zweiga-ait-aforizmalar\/\" \/>\n<meta property=\"og:locale\" content=\"tr_TR\" \/>\n<meta property=\"og:type\" content=\"article\" \/>\n<meta property=\"og:title\" content=\"Stefan Zweig&#039;a ait Aforizmalar\" \/>\n<meta property=\"og:description\" content=\"* B\u00fct\u00fcn dostlar\u0131m\u0131 selamlar\u0131m! Umar\u0131m, uzun gecenin ard\u0131ndan gelecek olan sabah\u0131n k\u0131z\u0131ll\u0131\u011f\u0131n\u0131 hala g\u00f6rebilirler! Ben, \u00e7ok sab\u0131rs\u0131z olan ben, onlar\u0131n \u00f6n\u00fcnden gidiyorum.* Ruhunu geni\u015f tutmas\u0131n\u0131 erken \u00f6grenebilmi\u015f ki\u015fi, sonralar\u0131 d\u00fcnyaya i\u00e7ine s\u0131\u011fd\u0131r\u0131labilir.* G\u00f6zler az g\u00f6rd\u00fc\u011f\u00fc, kulaklar az duydu\u011fu \u00f6l\u00e7\u00fcde hayal g\u00fcc\u00fc artar.* D\u00fcnyay\u0131 de\u011fi\u015ftiremiyorsan d\u00fcnyan\u0131 de\u011fi\u015ftirirsin. Hepsi bu.* K\u00fc\u00e7\u00fcklerin b\u00fcy\u00fckl\u00fck taslamas\u0131 kadar tehlikeli bir \u015fey [&hellip;]\" \/>\n<meta property=\"og:url\" content=\"https:\/\/narteks.net\/index.php\/2011\/10\/04\/stefan-zweiga-ait-aforizmalar\/\" \/>\n<meta property=\"og:site_name\" content=\"narteks.net\" \/>\n<meta property=\"article:published_time\" content=\"2011-10-04T17:29:07+00:00\" \/>\n<meta property=\"og:image\" content=\"http:\/\/upload.wikimedia.org\/wikipedia\/commons\/4\/4e\/Stefan_Zweig2.png\" \/>\n<meta name=\"author\" content=\"Tar\u0131k\" \/>\n<meta name=\"twitter:card\" content=\"summary_large_image\" \/>\n<meta name=\"twitter:creator\" content=\"@narteks\" \/>\n<meta name=\"twitter:site\" content=\"@narteks\" \/>\n<meta name=\"twitter:label1\" content=\"Yazan:\" \/>\n\t<meta name=\"twitter:data1\" content=\"Tar\u0131k\" \/>\n\t<meta name=\"twitter:label2\" content=\"Tahmini okuma s\u00fcresi\" \/>\n\t<meta name=\"twitter:data2\" content=\"2 dakika\" \/>\n<script type=\"application\/ld+json\" class=\"yoast-schema-graph\">{\"@context\":\"https:\/\/schema.org\",\"@graph\":[{\"@type\":\"Article\",\"@id\":\"https:\/\/narteks.net\/index.php\/2011\/10\/04\/stefan-zweiga-ait-aforizmalar\/#article\",\"isPartOf\":{\"@id\":\"https:\/\/narteks.net\/index.php\/2011\/10\/04\/stefan-zweiga-ait-aforizmalar\/\"},\"author\":{\"name\":\"Tar\u0131k\",\"@id\":\"https:\/\/narteks.net\/#\/schema\/person\/61f37d9834294b72d31d274e7ed79bca\"},\"headline\":\"Stefan Zweig&#8217;a ait Aforizmalar\",\"datePublished\":\"2011-10-04T17:29:07+00:00\",\"mainEntityOfPage\":{\"@id\":\"https:\/\/narteks.net\/index.php\/2011\/10\/04\/stefan-zweiga-ait-aforizmalar\/\"},\"wordCount\":474,\"commentCount\":0,\"publisher\":{\"@id\":\"https:\/\/narteks.net\/#organization\"},\"image\":{\"@id\":\"https:\/\/narteks.net\/index.php\/2011\/10\/04\/stefan-zweiga-ait-aforizmalar\/#primaryimage\"},\"thumbnailUrl\":\"http:\/\/upload.wikimedia.org\/wikipedia\/commons\/4\/4e\/Stefan_Zweig2.png\",\"articleSection\":[\"Aforizmalar\"],\"inLanguage\":\"tr\",\"potentialAction\":[{\"@type\":\"CommentAction\",\"name\":\"Comment\",\"target\":[\"https:\/\/narteks.net\/index.php\/2011\/10\/04\/stefan-zweiga-ait-aforizmalar\/#respond\"]}]},{\"@type\":\"WebPage\",\"@id\":\"https:\/\/narteks.net\/index.php\/2011\/10\/04\/stefan-zweiga-ait-aforizmalar\/\",\"url\":\"https:\/\/narteks.net\/index.php\/2011\/10\/04\/stefan-zweiga-ait-aforizmalar\/\",\"name\":\"Stefan Zweig'a ait Aforizmalar - narteks.net\",\"isPartOf\":{\"@id\":\"https:\/\/narteks.net\/#website\"},\"primaryImageOfPage\":{\"@id\":\"https:\/\/narteks.net\/index.php\/2011\/10\/04\/stefan-zweiga-ait-aforizmalar\/#primaryimage\"},\"image\":{\"@id\":\"https:\/\/narteks.net\/index.php\/2011\/10\/04\/stefan-zweiga-ait-aforizmalar\/#primaryimage\"},\"thumbnailUrl\":\"http:\/\/upload.wikimedia.org\/wikipedia\/commons\/4\/4e\/Stefan_Zweig2.png\",\"datePublished\":\"2011-10-04T17:29:07+00:00\",\"breadcrumb\":{\"@id\":\"https:\/\/narteks.net\/index.php\/2011\/10\/04\/stefan-zweiga-ait-aforizmalar\/#breadcrumb\"},\"inLanguage\":\"tr\",\"potentialAction\":[{\"@type\":\"ReadAction\",\"target\":[\"https:\/\/narteks.net\/index.php\/2011\/10\/04\/stefan-zweiga-ait-aforizmalar\/\"]}]},{\"@type\":\"ImageObject\",\"inLanguage\":\"tr\",\"@id\":\"https:\/\/narteks.net\/index.php\/2011\/10\/04\/stefan-zweiga-ait-aforizmalar\/#primaryimage\",\"url\":\"http:\/\/upload.wikimedia.org\/wikipedia\/commons\/4\/4e\/Stefan_Zweig2.png\",\"contentUrl\":\"http:\/\/upload.wikimedia.org\/wikipedia\/commons\/4\/4e\/Stefan_Zweig2.png\"},{\"@type\":\"BreadcrumbList\",\"@id\":\"https:\/\/narteks.net\/index.php\/2011\/10\/04\/stefan-zweiga-ait-aforizmalar\/#breadcrumb\",\"itemListElement\":[{\"@type\":\"ListItem\",\"position\":1,\"name\":\"Anasayfa\",\"item\":\"https:\/\/narteks.net\/\"},{\"@type\":\"ListItem\",\"position\":2,\"name\":\"Stefan Zweig&#8217;a ait Aforizmalar\"}]},{\"@type\":\"WebSite\",\"@id\":\"https:\/\/narteks.net\/#website\",\"url\":\"https:\/\/narteks.net\/\",\"name\":\"narteks.net\",\"description\":\"K\u00fclt\u00fcr Sanat Edebiyat Felsefe\",\"publisher\":{\"@id\":\"https:\/\/narteks.net\/#organization\"},\"alternateName\":\"K\u00fclt\u00fcr Sanat Edebiyat Felsefe\",\"potentialAction\":[{\"@type\":\"SearchAction\",\"target\":{\"@type\":\"EntryPoint\",\"urlTemplate\":\"https:\/\/narteks.net\/?s={search_term_string}\"},\"query-input\":{\"@type\":\"PropertyValueSpecification\",\"valueRequired\":true,\"valueName\":\"search_term_string\"}}],\"inLanguage\":\"tr\"},{\"@type\":\"Organization\",\"@id\":\"https:\/\/narteks.net\/#organization\",\"name\":\"narteks.net\",\"url\":\"https:\/\/narteks.net\/\",\"logo\":{\"@type\":\"ImageObject\",\"inLanguage\":\"tr\",\"@id\":\"https:\/\/narteks.net\/#\/schema\/logo\/image\/\",\"url\":\"https:\/\/narteks.net\/wp-content\/uploads\/narteks.png\",\"contentUrl\":\"https:\/\/narteks.net\/wp-content\/uploads\/narteks.png\",\"width\":300,\"height\":90,\"caption\":\"narteks.net\"},\"image\":{\"@id\":\"https:\/\/narteks.net\/#\/schema\/logo\/image\/\"},\"sameAs\":[\"https:\/\/x.com\/narteks\",\"https:\/\/instagram.com\/narteksnet\"]},{\"@type\":\"Person\",\"@id\":\"https:\/\/narteks.net\/#\/schema\/person\/61f37d9834294b72d31d274e7ed79bca\",\"name\":\"Tar\u0131k\",\"image\":{\"@type\":\"ImageObject\",\"inLanguage\":\"tr\",\"@id\":\"https:\/\/narteks.net\/#\/schema\/person\/image\/\",\"url\":\"https:\/\/secure.gravatar.com\/avatar\/50865afb55632c4ae467e0af0930f6510aa2297d8014be502a55b14f3b7550cf?s=96&d=mm&r=g\",\"contentUrl\":\"https:\/\/secure.gravatar.com\/avatar\/50865afb55632c4ae467e0af0930f6510aa2297d8014be502a55b14f3b7550cf?s=96&d=mm&r=g\",\"caption\":\"Tar\u0131k\"},\"sameAs\":[\"http:\/\/narteks.net\"],\"url\":\"https:\/\/narteks.net\/index.php\/author\/narbak\/\"}]}<\/script>\n<!-- \/ Yoast SEO Premium plugin. -->","yoast_head_json":{"title":"Stefan Zweig'a ait Aforizmalar - narteks.net","robots":{"index":"index","follow":"follow","max-snippet":"max-snippet:-1","max-image-preview":"max-image-preview:large","max-video-preview":"max-video-preview:-1"},"canonical":"https:\/\/narteks.net\/index.php\/2011\/10\/04\/stefan-zweiga-ait-aforizmalar\/","og_locale":"tr_TR","og_type":"article","og_title":"Stefan Zweig'a ait Aforizmalar","og_description":"* B\u00fct\u00fcn dostlar\u0131m\u0131 selamlar\u0131m! Umar\u0131m, uzun gecenin ard\u0131ndan gelecek olan sabah\u0131n k\u0131z\u0131ll\u0131\u011f\u0131n\u0131 hala g\u00f6rebilirler! Ben, \u00e7ok sab\u0131rs\u0131z olan ben, onlar\u0131n \u00f6n\u00fcnden gidiyorum.* Ruhunu geni\u015f tutmas\u0131n\u0131 erken \u00f6grenebilmi\u015f ki\u015fi, sonralar\u0131 d\u00fcnyaya i\u00e7ine s\u0131\u011fd\u0131r\u0131labilir.* G\u00f6zler az g\u00f6rd\u00fc\u011f\u00fc, kulaklar az duydu\u011fu \u00f6l\u00e7\u00fcde hayal g\u00fcc\u00fc artar.* D\u00fcnyay\u0131 de\u011fi\u015ftiremiyorsan d\u00fcnyan\u0131 de\u011fi\u015ftirirsin. Hepsi bu.* K\u00fc\u00e7\u00fcklerin b\u00fcy\u00fckl\u00fck taslamas\u0131 kadar tehlikeli bir \u015fey [&hellip;]","og_url":"https:\/\/narteks.net\/index.php\/2011\/10\/04\/stefan-zweiga-ait-aforizmalar\/","og_site_name":"narteks.net","article_published_time":"2011-10-04T17:29:07+00:00","og_image":[{"url":"http:\/\/upload.wikimedia.org\/wikipedia\/commons\/4\/4e\/Stefan_Zweig2.png","type":"","width":"","height":""}],"author":"Tar\u0131k","twitter_card":"summary_large_image","twitter_creator":"@narteks","twitter_site":"@narteks","twitter_misc":{"Yazan:":"Tar\u0131k","Tahmini okuma s\u00fcresi":"2 dakika"},"schema":{"@context":"https:\/\/schema.org","@graph":[{"@type":"Article","@id":"https:\/\/narteks.net\/index.php\/2011\/10\/04\/stefan-zweiga-ait-aforizmalar\/#article","isPartOf":{"@id":"https:\/\/narteks.net\/index.php\/2011\/10\/04\/stefan-zweiga-ait-aforizmalar\/"},"author":{"name":"Tar\u0131k","@id":"https:\/\/narteks.net\/#\/schema\/person\/61f37d9834294b72d31d274e7ed79bca"},"headline":"Stefan Zweig&#8217;a ait Aforizmalar","datePublished":"2011-10-04T17:29:07+00:00","mainEntityOfPage":{"@id":"https:\/\/narteks.net\/index.php\/2011\/10\/04\/stefan-zweiga-ait-aforizmalar\/"},"wordCount":474,"commentCount":0,"publisher":{"@id":"https:\/\/narteks.net\/#organization"},"image":{"@id":"https:\/\/narteks.net\/index.php\/2011\/10\/04\/stefan-zweiga-ait-aforizmalar\/#primaryimage"},"thumbnailUrl":"http:\/\/upload.wikimedia.org\/wikipedia\/commons\/4\/4e\/Stefan_Zweig2.png","articleSection":["Aforizmalar"],"inLanguage":"tr","potentialAction":[{"@type":"CommentAction","name":"Comment","target":["https:\/\/narteks.net\/index.php\/2011\/10\/04\/stefan-zweiga-ait-aforizmalar\/#respond"]}]},{"@type":"WebPage","@id":"https:\/\/narteks.net\/index.php\/2011\/10\/04\/stefan-zweiga-ait-aforizmalar\/","url":"https:\/\/narteks.net\/index.php\/2011\/10\/04\/stefan-zweiga-ait-aforizmalar\/","name":"Stefan Zweig'a ait Aforizmalar - narteks.net","isPartOf":{"@id":"https:\/\/narteks.net\/#website"},"primaryImageOfPage":{"@id":"https:\/\/narteks.net\/index.php\/2011\/10\/04\/stefan-zweiga-ait-aforizmalar\/#primaryimage"},"image":{"@id":"https:\/\/narteks.net\/index.php\/2011\/10\/04\/stefan-zweiga-ait-aforizmalar\/#primaryimage"},"thumbnailUrl":"http:\/\/upload.wikimedia.org\/wikipedia\/commons\/4\/4e\/Stefan_Zweig2.png","datePublished":"2011-10-04T17:29:07+00:00","breadcrumb":{"@id":"https:\/\/narteks.net\/index.php\/2011\/10\/04\/stefan-zweiga-ait-aforizmalar\/#breadcrumb"},"inLanguage":"tr","potentialAction":[{"@type":"ReadAction","target":["https:\/\/narteks.net\/index.php\/2011\/10\/04\/stefan-zweiga-ait-aforizmalar\/"]}]},{"@type":"ImageObject","inLanguage":"tr","@id":"https:\/\/narteks.net\/index.php\/2011\/10\/04\/stefan-zweiga-ait-aforizmalar\/#primaryimage","url":"http:\/\/upload.wikimedia.org\/wikipedia\/commons\/4\/4e\/Stefan_Zweig2.png","contentUrl":"http:\/\/upload.wikimedia.org\/wikipedia\/commons\/4\/4e\/Stefan_Zweig2.png"},{"@type":"BreadcrumbList","@id":"https:\/\/narteks.net\/index.php\/2011\/10\/04\/stefan-zweiga-ait-aforizmalar\/#breadcrumb","itemListElement":[{"@type":"ListItem","position":1,"name":"Anasayfa","item":"https:\/\/narteks.net\/"},{"@type":"ListItem","position":2,"name":"Stefan Zweig&#8217;a ait Aforizmalar"}]},{"@type":"WebSite","@id":"https:\/\/narteks.net\/#website","url":"https:\/\/narteks.net\/","name":"narteks.net","description":"K\u00fclt\u00fcr Sanat Edebiyat Felsefe","publisher":{"@id":"https:\/\/narteks.net\/#organization"},"alternateName":"K\u00fclt\u00fcr Sanat Edebiyat Felsefe","potentialAction":[{"@type":"SearchAction","target":{"@type":"EntryPoint","urlTemplate":"https:\/\/narteks.net\/?s={search_term_string}"},"query-input":{"@type":"PropertyValueSpecification","valueRequired":true,"valueName":"search_term_string"}}],"inLanguage":"tr"},{"@type":"Organization","@id":"https:\/\/narteks.net\/#organization","name":"narteks.net","url":"https:\/\/narteks.net\/","logo":{"@type":"ImageObject","inLanguage":"tr","@id":"https:\/\/narteks.net\/#\/schema\/logo\/image\/","url":"https:\/\/narteks.net\/wp-content\/uploads\/narteks.png","contentUrl":"https:\/\/narteks.net\/wp-content\/uploads\/narteks.png","width":300,"height":90,"caption":"narteks.net"},"image":{"@id":"https:\/\/narteks.net\/#\/schema\/logo\/image\/"},"sameAs":["https:\/\/x.com\/narteks","https:\/\/instagram.com\/narteksnet"]},{"@type":"Person","@id":"https:\/\/narteks.net\/#\/schema\/person\/61f37d9834294b72d31d274e7ed79bca","name":"Tar\u0131k","image":{"@type":"ImageObject","inLanguage":"tr","@id":"https:\/\/narteks.net\/#\/schema\/person\/image\/","url":"https:\/\/secure.gravatar.com\/avatar\/50865afb55632c4ae467e0af0930f6510aa2297d8014be502a55b14f3b7550cf?s=96&d=mm&r=g","contentUrl":"https:\/\/secure.gravatar.com\/avatar\/50865afb55632c4ae467e0af0930f6510aa2297d8014be502a55b14f3b7550cf?s=96&d=mm&r=g","caption":"Tar\u0131k"},"sameAs":["http:\/\/narteks.net"],"url":"https:\/\/narteks.net\/index.php\/author\/narbak\/"}]}},"_links":{"self":[{"href":"https:\/\/narteks.net\/index.php\/wp-json\/wp\/v2\/posts\/6824","targetHints":{"allow":["GET"]}}],"collection":[{"href":"https:\/\/narteks.net\/index.php\/wp-json\/wp\/v2\/posts"}],"about":[{"href":"https:\/\/narteks.net\/index.php\/wp-json\/wp\/v2\/types\/post"}],"author":[{"embeddable":true,"href":"https:\/\/narteks.net\/index.php\/wp-json\/wp\/v2\/users\/1"}],"replies":[{"embeddable":true,"href":"https:\/\/narteks.net\/index.php\/wp-json\/wp\/v2\/comments?post=6824"}],"version-history":[{"count":0,"href":"https:\/\/narteks.net\/index.php\/wp-json\/wp\/v2\/posts\/6824\/revisions"}],"wp:attachment":[{"href":"https:\/\/narteks.net\/index.php\/wp-json\/wp\/v2\/media?parent=6824"}],"wp:term":[{"taxonomy":"category","embeddable":true,"href":"https:\/\/narteks.net\/index.php\/wp-json\/wp\/v2\/categories?post=6824"},{"taxonomy":"post_tag","embeddable":true,"href":"https:\/\/narteks.net\/index.php\/wp-json\/wp\/v2\/tags?post=6824"}],"curies":[{"name":"wp","href":"https:\/\/api.w.org\/{rel}","templated":true}]}}