{"id":6829,"date":"2011-10-04T21:41:39","date_gmt":"2011-10-04T18:41:39","guid":{"rendered":"http:\/\/localhost\/wordpress\/2011\/10\/04\/jozef-staline-ait-aforizmalar\/"},"modified":"2011-10-04T21:41:39","modified_gmt":"2011-10-04T18:41:39","slug":"jozef-staline-ait-aforizmalar","status":"publish","type":"post","link":"https:\/\/narteks.net\/index.php\/2011\/10\/04\/jozef-staline-ait-aforizmalar\/","title":{"rendered":"Jozef Stalin&#8217;e ait Aforizmalar"},"content":{"rendered":"<p><img loading=\"lazy\" decoding=\"async\" src=\"images\/stories\/stalin.jpg\" border=\"0\" width=\"155\" height=\"205\" \/><\/p>\n<p>*\u00a0\u00a0\u00a0 E\u011fer sermaye, Sovyetler Cumhuriyeti&#8217;ni da\u011f\u0131tmakta ba\u015far\u0131l\u0131 olursa ne olacak? B\u00fct\u00fcn kapitalist ve koloni \u00fclkelerde karanl\u0131k bir kar\u015f\u0131 sald\u0131r\u0131 \u00e7a\u011f\u0131 ba\u015flayacak, i\u015f\u00e7i s\u0131n\u0131f\u0131n\u0131n ve ezilenlerin bo\u011fazlar\u0131na yap\u0131\u015f\u0131lacak ve uluslarar\u0131 kom\u00fcnizmin b\u00fct\u00fcn cepheleri kaybedilecektir.<br \/> Kom\u00fcnist Enternasyonal Y\u00fcr\u00fctme Kurulu Yedinci Plenumu&#8217;nda (1926)<br \/>*\u00a0\u00a0\u00a0 Hitler gelir ve gider, ama Almanya ve Alman halk\u0131 kalacakt\u0131r.<br \/> Ulusal Komiser&#8217;in 55. Savunma Emri (23 \u015eubat 1942) Nazi ordusu Moskova s\u0131n\u0131r\u0131na dayand\u0131\u011f\u0131nda, Sovyet halk\u0131n\u0131 b\u00fct\u00fcn Almanlar\u0131 Nazi olarak g\u00f6rmemeleri i\u00e7in uyarmaktad\u0131r.<br \/>*\u00a0\u00a0\u00a0 Yahudi kar\u015f\u0131tl\u0131\u011f\u0131, \u0131rk\u00e7\u0131 \u015fovenizmin a\u015f\u0131r\u0131 bir t\u00fcr\u00fc olarak, yamyaml\u0131\u011f\u0131n en tehlikeli eseridir.<br \/> &#8220;Yahudi Kar\u015f\u0131tl\u0131\u011f\u0131: ABD&#8217;deki Jewish News Agency&#8217;nin ara\u015ft\u0131rmas\u0131na yan\u0131t&#8221; (12 Ocak 1931)<br \/>*\u00a0\u00a0\u00a0 Sovyet ordusunda geri \u00e7ekilmek ileri gitmekten daha \u00e7ok y\u00fcrek ister.<br \/> ABD eski Moskova B\u00fcy\u00fckel\u00e7isi Averell Harriman&#8217;a.<br \/>*\u00a0\u00a0\u00a0 Bizler geli\u015fmi\u015f \u00fclkelerin 50 ya da 100 y\u0131l gerisindeyiz ve bunu 5 y\u0131l i\u00e7inde d\u00fczeltmeliyiz. Ya bunu yapar\u0131z ya da bizi yok ederler.<br \/> 2 \u015eubat 1931&#8217;deki &#8220;Ekonomik \u0130darecilerin G\u00f6revleri&#8221; konu\u015fmas\u0131ndan.<br \/>*\u00a0\u00a0\u00a0 &#8220;Tarihten gelme &#8220;Rus&#8221; gerili\u011fimizi arkada b\u0131rakarak, sanayile\u015fme yolunda, sosyalizm yolunda var h\u0131z\u0131m\u0131zla ilerliyoruz. \u0130\u015flenmi\u015f maden \u00fclkesi, otomobil \u00fclkesi, trakt\u00f6r \u00fclkesi olmaktay\u0131z. Ve Sovyetler Birli\u011fi&#8217;ni otomobile ve muji\u011fi trakt\u00f6re bindirdi\u011fimiz zaman vars\u0131n o &#8220;uygarl\u0131klar\u0131&#8221; ile \u00f6v\u00fcnen sayg\u0131de\u011fer kapitalistler, bize ula\u015fmaya \u00e7al\u0131\u015fs\u0131nlar. Hangi \u00fclkenin geri, hangi \u00fclkenin ileri olarak nitelendirilece\u011fini o zaman g\u00f6rece\u011fiz&#8221; (&#8220;Sosyalizmin Ekonomi Meseleleri&#8221; \u00e7al\u0131\u015fmas\u0131 i\u00e7erisinde &#8220;B\u00fcy\u00fck D\u00f6n\u00fc\u015f Y\u0131l\u0131 &#8211; 1929&#8221; isimli makaleden)<br \/>*\u00a0\u00a0\u00a0 E\u011fer d\u00fc\u015fman teslim olursa, her \u015fey iyi ve olmas\u0131 gerekti\u011fi gibidir. E\u011fer teslim olmay\u0131 reddediyorsa, onu biz teslim oldurtturmal\u0131y\u0131z.<br \/> Merkez Komitenin Siyasi Raporu, Kom\u00fcnist Parti&#8217;nin 15. Kongresi 7 Aral\u0131k 1927<br \/>*\u00a0\u00a0\u00a0 Bir onba\u015f\u0131 ancak bir onba\u015f\u0131 ile takas edilir.(Yakov ad\u0131nda bir o\u011flum yok.)<br \/> \u0130kinci D\u00fcnya Sava\u015f\u0131 s\u0131ras\u0131nda Almanlar\u0131n eline esir d\u00fc\u015fen Stalin&#8217;in en b\u00fcy\u00fck o\u011flu Yakov&#8217;un Ruslar\u0131n elindeki esir Alman generallerinden biri kar\u015f\u0131l\u0131\u011f\u0131nda teslim edilmesi \u00f6nerildi\u011finde Stalin&#8217;in verdi\u011fi cevap.<br \/>*\u00a0\u00a0\u00a0 \u015eeytan bizimle, beraber kazanaca\u011f\u0131z.<br \/> \u0130kinci D\u00fcnya Sava\u015f\u0131 s\u0131ras\u0131nda Churchill&#8217;in &#8220;Tanr\u0131 bizimle&#8221; s\u00f6z\u00fcne cevap. <\/p>\n<p>*\u00a0\u00a0\u00a0 Miktar kalitedir.<br \/> Bu s\u00f6z genellikle Rusya&#8217;n\u0131n tank ve askeri ara\u00e7 \u00fcretimini a\u00e7\u0131klamak i\u00e7in kullan\u0131l\u0131r.<br \/> Bu sava\u015f ba\u015fka t\u00fcrl\u00fc bir sava\u015ft\u0131r (\u0130kinci D\u00fcnya sava\u015f\u0131 ya da So\u011fuk Sava\u015ftan bahsediyor). Herkes sistemini ordular\u0131n\u0131n eri\u015febildi\u011fi yere kadar empoze eder. Bu ba\u015fka t\u00fcrl\u00fc de olamaz. E\u011fer \u015fu anda Paris&#8217;te kom\u00fcnist bir h\u00fck\u00fcmet yoksa, bunun sebebi 1945 y\u0131l\u0131nda Sovyet ordusunun oraya eri\u015fecek kadar g\u00fc\u00e7l\u00fc olmamas\u0131d\u0131r.<br \/> 1945 Nisan ay\u0131nda s\u00f6ylemi\u015ftir.(&#8220;Stalin&#8217;le Sohbet&#8221; (1963), Milovan Djilas)<br \/>*\u00a0\u00a0\u00a0 Yazarlar insan ruhunun m\u00fchendisleridir.<br \/> 26 Ekim 1932&#8217;de Sovyetler&#8217;in en iyi 50 yazar\u0131yla Maksim Gorki&#8217;nin evinde yapt\u0131\u011f\u0131 toplant\u0131da<br \/>*\u00a0\u00a0\u00a0 Demek adi herif \u00f6ld\u00fc!\u00c7ok k\u00f6t\u00fc; onu canl\u0131 ele ge\u00e7iremedik.<br \/> Nisan 1945.Hitler&#8217;in intihar etti\u011fini duyunca&#8230;<\/p>\n","protected":false},"excerpt":{"rendered":"<p>*\u00a0\u00a0\u00a0 E\u011fer sermaye, Sovyetler Cumhuriyeti&#8217;ni da\u011f\u0131tmakta ba\u015far\u0131l\u0131 olursa ne olacak? B\u00fct\u00fcn kapitalist ve koloni \u00fclkelerde karanl\u0131k bir kar\u015f\u0131 sald\u0131r\u0131 \u00e7a\u011f\u0131 ba\u015flayacak, i\u015f\u00e7i s\u0131n\u0131f\u0131n\u0131n ve ezilenlerin bo\u011fazlar\u0131na yap\u0131\u015f\u0131lacak ve uluslarar\u0131 kom\u00fcnizmin b\u00fct\u00fcn cepheleri kaybedilecektir. Kom\u00fcnist Enternasyonal Y\u00fcr\u00fctme Kurulu Yedinci Plenumu&#8217;nda (1926)*\u00a0\u00a0\u00a0 Hitler gelir ve gider, ama Almanya ve Alman halk\u0131 kalacakt\u0131r. Ulusal Komiser&#8217;in 55. Savunma Emri [&hellip;]<\/p>\n","protected":false},"author":1,"featured_media":0,"comment_status":"open","ping_status":"open","sticky":false,"template":"","format":"standard","meta":{"footnotes":""},"categories":[194],"tags":[],"class_list":{"0":"post-6829","1":"post","2":"type-post","3":"status-publish","4":"format-standard","6":"category-aforizmalar"},"yoast_head":"<!-- This site is optimized with the Yoast SEO Premium plugin v24.9 (Yoast SEO v24.9) - https:\/\/yoast.com\/wordpress\/plugins\/seo\/ -->\n<title>Jozef Stalin&#039;e ait Aforizmalar - narteks.net<\/title>\n<meta name=\"robots\" content=\"index, follow, max-snippet:-1, max-image-preview:large, max-video-preview:-1\" \/>\n<link rel=\"canonical\" href=\"https:\/\/narteks.net\/index.php\/2011\/10\/04\/jozef-staline-ait-aforizmalar\/\" \/>\n<meta property=\"og:locale\" content=\"tr_TR\" \/>\n<meta property=\"og:type\" content=\"article\" \/>\n<meta property=\"og:title\" content=\"Jozef Stalin&#039;e ait Aforizmalar\" \/>\n<meta property=\"og:description\" content=\"*\u00a0\u00a0\u00a0 E\u011fer sermaye, Sovyetler Cumhuriyeti&#8217;ni da\u011f\u0131tmakta ba\u015far\u0131l\u0131 olursa ne olacak? B\u00fct\u00fcn kapitalist ve koloni \u00fclkelerde karanl\u0131k bir kar\u015f\u0131 sald\u0131r\u0131 \u00e7a\u011f\u0131 ba\u015flayacak, i\u015f\u00e7i s\u0131n\u0131f\u0131n\u0131n ve ezilenlerin bo\u011fazlar\u0131na yap\u0131\u015f\u0131lacak ve uluslarar\u0131 kom\u00fcnizmin b\u00fct\u00fcn cepheleri kaybedilecektir. Kom\u00fcnist Enternasyonal Y\u00fcr\u00fctme Kurulu Yedinci Plenumu&#8217;nda (1926)*\u00a0\u00a0\u00a0 Hitler gelir ve gider, ama Almanya ve Alman halk\u0131 kalacakt\u0131r. Ulusal Komiser&#8217;in 55. Savunma Emri [&hellip;]\" \/>\n<meta property=\"og:url\" content=\"https:\/\/narteks.net\/index.php\/2011\/10\/04\/jozef-staline-ait-aforizmalar\/\" \/>\n<meta property=\"og:site_name\" content=\"narteks.net\" \/>\n<meta property=\"article:published_time\" content=\"2011-10-04T18:41:39+00:00\" \/>\n<meta property=\"og:image\" content=\"https:\/\/narteks.net\/wp-content\/uploads\/narteks.png\" \/>\n\t<meta property=\"og:image:width\" content=\"300\" \/>\n\t<meta property=\"og:image:height\" content=\"90\" \/>\n\t<meta property=\"og:image:type\" content=\"image\/png\" \/>\n<meta name=\"author\" content=\"Tar\u0131k\" \/>\n<meta name=\"twitter:card\" content=\"summary_large_image\" \/>\n<meta name=\"twitter:creator\" content=\"@narteks\" \/>\n<meta name=\"twitter:site\" content=\"@narteks\" \/>\n<meta name=\"twitter:label1\" content=\"Yazan:\" \/>\n\t<meta name=\"twitter:data1\" content=\"Tar\u0131k\" \/>\n\t<meta name=\"twitter:label2\" content=\"Tahmini okuma s\u00fcresi\" \/>\n\t<meta name=\"twitter:data2\" content=\"3 dakika\" \/>\n<script type=\"application\/ld+json\" class=\"yoast-schema-graph\">{\"@context\":\"https:\/\/schema.org\",\"@graph\":[{\"@type\":\"Article\",\"@id\":\"https:\/\/narteks.net\/index.php\/2011\/10\/04\/jozef-staline-ait-aforizmalar\/#article\",\"isPartOf\":{\"@id\":\"https:\/\/narteks.net\/index.php\/2011\/10\/04\/jozef-staline-ait-aforizmalar\/\"},\"author\":{\"name\":\"Tar\u0131k\",\"@id\":\"https:\/\/narteks.net\/#\/schema\/person\/61f37d9834294b72d31d274e7ed79bca\"},\"headline\":\"Jozef Stalin&#8217;e ait Aforizmalar\",\"datePublished\":\"2011-10-04T18:41:39+00:00\",\"mainEntityOfPage\":{\"@id\":\"https:\/\/narteks.net\/index.php\/2011\/10\/04\/jozef-staline-ait-aforizmalar\/\"},\"wordCount\":523,\"commentCount\":0,\"publisher\":{\"@id\":\"https:\/\/narteks.net\/#organization\"},\"articleSection\":[\"Aforizmalar\"],\"inLanguage\":\"tr\",\"potentialAction\":[{\"@type\":\"CommentAction\",\"name\":\"Comment\",\"target\":[\"https:\/\/narteks.net\/index.php\/2011\/10\/04\/jozef-staline-ait-aforizmalar\/#respond\"]}]},{\"@type\":\"WebPage\",\"@id\":\"https:\/\/narteks.net\/index.php\/2011\/10\/04\/jozef-staline-ait-aforizmalar\/\",\"url\":\"https:\/\/narteks.net\/index.php\/2011\/10\/04\/jozef-staline-ait-aforizmalar\/\",\"name\":\"Jozef Stalin'e ait Aforizmalar - narteks.net\",\"isPartOf\":{\"@id\":\"https:\/\/narteks.net\/#website\"},\"datePublished\":\"2011-10-04T18:41:39+00:00\",\"breadcrumb\":{\"@id\":\"https:\/\/narteks.net\/index.php\/2011\/10\/04\/jozef-staline-ait-aforizmalar\/#breadcrumb\"},\"inLanguage\":\"tr\",\"potentialAction\":[{\"@type\":\"ReadAction\",\"target\":[\"https:\/\/narteks.net\/index.php\/2011\/10\/04\/jozef-staline-ait-aforizmalar\/\"]}]},{\"@type\":\"BreadcrumbList\",\"@id\":\"https:\/\/narteks.net\/index.php\/2011\/10\/04\/jozef-staline-ait-aforizmalar\/#breadcrumb\",\"itemListElement\":[{\"@type\":\"ListItem\",\"position\":1,\"name\":\"Anasayfa\",\"item\":\"https:\/\/narteks.net\/\"},{\"@type\":\"ListItem\",\"position\":2,\"name\":\"Jozef Stalin&#8217;e ait Aforizmalar\"}]},{\"@type\":\"WebSite\",\"@id\":\"https:\/\/narteks.net\/#website\",\"url\":\"https:\/\/narteks.net\/\",\"name\":\"narteks.net\",\"description\":\"K\u00fclt\u00fcr Sanat Edebiyat Felsefe\",\"publisher\":{\"@id\":\"https:\/\/narteks.net\/#organization\"},\"alternateName\":\"K\u00fclt\u00fcr Sanat Edebiyat Felsefe\",\"potentialAction\":[{\"@type\":\"SearchAction\",\"target\":{\"@type\":\"EntryPoint\",\"urlTemplate\":\"https:\/\/narteks.net\/?s={search_term_string}\"},\"query-input\":{\"@type\":\"PropertyValueSpecification\",\"valueRequired\":true,\"valueName\":\"search_term_string\"}}],\"inLanguage\":\"tr\"},{\"@type\":\"Organization\",\"@id\":\"https:\/\/narteks.net\/#organization\",\"name\":\"narteks.net\",\"url\":\"https:\/\/narteks.net\/\",\"logo\":{\"@type\":\"ImageObject\",\"inLanguage\":\"tr\",\"@id\":\"https:\/\/narteks.net\/#\/schema\/logo\/image\/\",\"url\":\"https:\/\/narteks.net\/wp-content\/uploads\/narteks.png\",\"contentUrl\":\"https:\/\/narteks.net\/wp-content\/uploads\/narteks.png\",\"width\":300,\"height\":90,\"caption\":\"narteks.net\"},\"image\":{\"@id\":\"https:\/\/narteks.net\/#\/schema\/logo\/image\/\"},\"sameAs\":[\"https:\/\/x.com\/narteks\",\"https:\/\/instagram.com\/narteksnet\"]},{\"@type\":\"Person\",\"@id\":\"https:\/\/narteks.net\/#\/schema\/person\/61f37d9834294b72d31d274e7ed79bca\",\"name\":\"Tar\u0131k\",\"image\":{\"@type\":\"ImageObject\",\"inLanguage\":\"tr\",\"@id\":\"https:\/\/narteks.net\/#\/schema\/person\/image\/\",\"url\":\"https:\/\/secure.gravatar.com\/avatar\/50865afb55632c4ae467e0af0930f6510aa2297d8014be502a55b14f3b7550cf?s=96&d=mm&r=g\",\"contentUrl\":\"https:\/\/secure.gravatar.com\/avatar\/50865afb55632c4ae467e0af0930f6510aa2297d8014be502a55b14f3b7550cf?s=96&d=mm&r=g\",\"caption\":\"Tar\u0131k\"},\"sameAs\":[\"http:\/\/narteks.net\"],\"url\":\"https:\/\/narteks.net\/index.php\/author\/narbak\/\"}]}<\/script>\n<!-- \/ Yoast SEO Premium plugin. -->","yoast_head_json":{"title":"Jozef Stalin'e ait Aforizmalar - narteks.net","robots":{"index":"index","follow":"follow","max-snippet":"max-snippet:-1","max-image-preview":"max-image-preview:large","max-video-preview":"max-video-preview:-1"},"canonical":"https:\/\/narteks.net\/index.php\/2011\/10\/04\/jozef-staline-ait-aforizmalar\/","og_locale":"tr_TR","og_type":"article","og_title":"Jozef Stalin'e ait Aforizmalar","og_description":"*\u00a0\u00a0\u00a0 E\u011fer sermaye, Sovyetler Cumhuriyeti&#8217;ni da\u011f\u0131tmakta ba\u015far\u0131l\u0131 olursa ne olacak? B\u00fct\u00fcn kapitalist ve koloni \u00fclkelerde karanl\u0131k bir kar\u015f\u0131 sald\u0131r\u0131 \u00e7a\u011f\u0131 ba\u015flayacak, i\u015f\u00e7i s\u0131n\u0131f\u0131n\u0131n ve ezilenlerin bo\u011fazlar\u0131na yap\u0131\u015f\u0131lacak ve uluslarar\u0131 kom\u00fcnizmin b\u00fct\u00fcn cepheleri kaybedilecektir. Kom\u00fcnist Enternasyonal Y\u00fcr\u00fctme Kurulu Yedinci Plenumu&#8217;nda (1926)*\u00a0\u00a0\u00a0 Hitler gelir ve gider, ama Almanya ve Alman halk\u0131 kalacakt\u0131r. Ulusal Komiser&#8217;in 55. Savunma Emri [&hellip;]","og_url":"https:\/\/narteks.net\/index.php\/2011\/10\/04\/jozef-staline-ait-aforizmalar\/","og_site_name":"narteks.net","article_published_time":"2011-10-04T18:41:39+00:00","og_image":[{"width":300,"height":90,"url":"https:\/\/narteks.net\/wp-content\/uploads\/narteks.png","type":"image\/png"}],"author":"Tar\u0131k","twitter_card":"summary_large_image","twitter_creator":"@narteks","twitter_site":"@narteks","twitter_misc":{"Yazan:":"Tar\u0131k","Tahmini okuma s\u00fcresi":"3 dakika"},"schema":{"@context":"https:\/\/schema.org","@graph":[{"@type":"Article","@id":"https:\/\/narteks.net\/index.php\/2011\/10\/04\/jozef-staline-ait-aforizmalar\/#article","isPartOf":{"@id":"https:\/\/narteks.net\/index.php\/2011\/10\/04\/jozef-staline-ait-aforizmalar\/"},"author":{"name":"Tar\u0131k","@id":"https:\/\/narteks.net\/#\/schema\/person\/61f37d9834294b72d31d274e7ed79bca"},"headline":"Jozef Stalin&#8217;e ait Aforizmalar","datePublished":"2011-10-04T18:41:39+00:00","mainEntityOfPage":{"@id":"https:\/\/narteks.net\/index.php\/2011\/10\/04\/jozef-staline-ait-aforizmalar\/"},"wordCount":523,"commentCount":0,"publisher":{"@id":"https:\/\/narteks.net\/#organization"},"articleSection":["Aforizmalar"],"inLanguage":"tr","potentialAction":[{"@type":"CommentAction","name":"Comment","target":["https:\/\/narteks.net\/index.php\/2011\/10\/04\/jozef-staline-ait-aforizmalar\/#respond"]}]},{"@type":"WebPage","@id":"https:\/\/narteks.net\/index.php\/2011\/10\/04\/jozef-staline-ait-aforizmalar\/","url":"https:\/\/narteks.net\/index.php\/2011\/10\/04\/jozef-staline-ait-aforizmalar\/","name":"Jozef Stalin'e ait Aforizmalar - narteks.net","isPartOf":{"@id":"https:\/\/narteks.net\/#website"},"datePublished":"2011-10-04T18:41:39+00:00","breadcrumb":{"@id":"https:\/\/narteks.net\/index.php\/2011\/10\/04\/jozef-staline-ait-aforizmalar\/#breadcrumb"},"inLanguage":"tr","potentialAction":[{"@type":"ReadAction","target":["https:\/\/narteks.net\/index.php\/2011\/10\/04\/jozef-staline-ait-aforizmalar\/"]}]},{"@type":"BreadcrumbList","@id":"https:\/\/narteks.net\/index.php\/2011\/10\/04\/jozef-staline-ait-aforizmalar\/#breadcrumb","itemListElement":[{"@type":"ListItem","position":1,"name":"Anasayfa","item":"https:\/\/narteks.net\/"},{"@type":"ListItem","position":2,"name":"Jozef Stalin&#8217;e ait Aforizmalar"}]},{"@type":"WebSite","@id":"https:\/\/narteks.net\/#website","url":"https:\/\/narteks.net\/","name":"narteks.net","description":"K\u00fclt\u00fcr Sanat Edebiyat Felsefe","publisher":{"@id":"https:\/\/narteks.net\/#organization"},"alternateName":"K\u00fclt\u00fcr Sanat Edebiyat Felsefe","potentialAction":[{"@type":"SearchAction","target":{"@type":"EntryPoint","urlTemplate":"https:\/\/narteks.net\/?s={search_term_string}"},"query-input":{"@type":"PropertyValueSpecification","valueRequired":true,"valueName":"search_term_string"}}],"inLanguage":"tr"},{"@type":"Organization","@id":"https:\/\/narteks.net\/#organization","name":"narteks.net","url":"https:\/\/narteks.net\/","logo":{"@type":"ImageObject","inLanguage":"tr","@id":"https:\/\/narteks.net\/#\/schema\/logo\/image\/","url":"https:\/\/narteks.net\/wp-content\/uploads\/narteks.png","contentUrl":"https:\/\/narteks.net\/wp-content\/uploads\/narteks.png","width":300,"height":90,"caption":"narteks.net"},"image":{"@id":"https:\/\/narteks.net\/#\/schema\/logo\/image\/"},"sameAs":["https:\/\/x.com\/narteks","https:\/\/instagram.com\/narteksnet"]},{"@type":"Person","@id":"https:\/\/narteks.net\/#\/schema\/person\/61f37d9834294b72d31d274e7ed79bca","name":"Tar\u0131k","image":{"@type":"ImageObject","inLanguage":"tr","@id":"https:\/\/narteks.net\/#\/schema\/person\/image\/","url":"https:\/\/secure.gravatar.com\/avatar\/50865afb55632c4ae467e0af0930f6510aa2297d8014be502a55b14f3b7550cf?s=96&d=mm&r=g","contentUrl":"https:\/\/secure.gravatar.com\/avatar\/50865afb55632c4ae467e0af0930f6510aa2297d8014be502a55b14f3b7550cf?s=96&d=mm&r=g","caption":"Tar\u0131k"},"sameAs":["http:\/\/narteks.net"],"url":"https:\/\/narteks.net\/index.php\/author\/narbak\/"}]}},"_links":{"self":[{"href":"https:\/\/narteks.net\/index.php\/wp-json\/wp\/v2\/posts\/6829","targetHints":{"allow":["GET"]}}],"collection":[{"href":"https:\/\/narteks.net\/index.php\/wp-json\/wp\/v2\/posts"}],"about":[{"href":"https:\/\/narteks.net\/index.php\/wp-json\/wp\/v2\/types\/post"}],"author":[{"embeddable":true,"href":"https:\/\/narteks.net\/index.php\/wp-json\/wp\/v2\/users\/1"}],"replies":[{"embeddable":true,"href":"https:\/\/narteks.net\/index.php\/wp-json\/wp\/v2\/comments?post=6829"}],"version-history":[{"count":0,"href":"https:\/\/narteks.net\/index.php\/wp-json\/wp\/v2\/posts\/6829\/revisions"}],"wp:attachment":[{"href":"https:\/\/narteks.net\/index.php\/wp-json\/wp\/v2\/media?parent=6829"}],"wp:term":[{"taxonomy":"category","embeddable":true,"href":"https:\/\/narteks.net\/index.php\/wp-json\/wp\/v2\/categories?post=6829"},{"taxonomy":"post_tag","embeddable":true,"href":"https:\/\/narteks.net\/index.php\/wp-json\/wp\/v2\/tags?post=6829"}],"curies":[{"name":"wp","href":"https:\/\/api.w.org\/{rel}","templated":true}]}}