{"id":683,"date":"2009-04-17T09:54:11","date_gmt":"2009-04-17T06:54:11","guid":{"rendered":"http:\/\/localhost\/wordpress\/2009\/04\/17\/metin-altiok-biyografisi\/"},"modified":"2009-04-17T09:54:11","modified_gmt":"2009-04-17T06:54:11","slug":"metin-altiok-biyografisi","status":"publish","type":"post","link":"https:\/\/narteks.net\/index.php\/2009\/04\/17\/metin-altiok-biyografisi\/","title":{"rendered":"Metin ALTIOK Biyografisi"},"content":{"rendered":"<div class=\"center\">\n<p class=\"floatnone\"><span class=\"image\"><img loading=\"lazy\" decoding=\"async\" src=\"http:\/\/upload.wikimedia.org\/wikipedia\/tr\/thumb\/a\/a0\/Metinaltiok.jpg\/120px-Metinaltiok.jpg\" border=\"0\" width=\"155\" height=\"205\" style=\"border: 0;\" \/><\/span><\/p>\n<\/div>\n<p style=\"text-align: justify;\">Metin Alt\u0131ok (Bergama, \u0130zmir, 1941 &#8211; Ankara, 9 Temmuz 1993), T\u00fcrk \u015fair, yazar.<\/p>\n<p>1941 y\u0131l\u0131nda Bergama, \u0130zmir&#8217;de do\u011fdu. Kar\u015f\u0131yaka Lisesi ve Ankara \u00dcniversitesi Dil Tarih Co\u011frafya Fak\u00fcltesi Felsefe b\u00f6l\u00fcm\u00fcn\u00fc bitirdi. Bing\u00f6l&#8217;\u00fcn Gen\u00e7 il\u00e7esinde, Karaman imam hatip lisesinde felsefe \u00f6\u011fretmenli\u011fi yapt\u0131.<\/p>\n<p>Sivas katliam\u0131ndan (2 Temmuz) a\u011f\u0131r yaral\u0131 olarak kurtuldu ancak komadan \u00e7\u0131kamayarak 9 Temmuz 1993&#8217;te Ankara&#8217;da vefat etti.<\/p>\n<p>\u015eiiri<\/p>\n<p>\u015eiirleri 70&#8217;li y\u0131llarda yay\u0131nlanmas\u0131na kar\u015f\u0131n Metin Alt\u0131ok, \u015fiirlerinin kaynaklar\u0131 bak\u0131m\u0131ndan 60&#8217;l\u0131 y\u0131llar\u0131n ge\u00e7 \u00fcr\u00fcn veren (ya da ge\u00e7 yay\u0131nlanan) \u015fairlerinden biri olarak nitelendirilebilir.<\/p>\n<p>Gezginde Servet-i F\u00fcnun&#8217;dan, Ahmet Ha\u015fim&#8217;den, Dranas&#8217;dan, \u0130kinci Yeni&#8217;ye, ve 60&#8217;l\u0131 y\u0131llar \u015fiirinin baz\u0131 ortak s\u00f6yleyi\u015flerine kadar \u00e7e\u015fitli etkilenmeler bulunmaktad\u0131r. Bu ku\u015fa\u011f\u0131n en romantik, duygucu \u015fairleri aras\u0131nda olan sanat\u00e7\u0131n\u0131n dili yal\u0131nd\u0131r. Benzetme yapmay\u0131, anla\u015f\u0131lmas\u0131 g\u00fc\u00e7 olmayan simgeler kullanmay\u0131 sevdi. Bu kitab\u0131nda halk \u015fiiri bi\u00e7imlerinden de yararland\u0131.<\/p>\n<p>Yerle\u015fik Yabanc\u0131&#8217;da t\u00fcm \u015fiirleri tek bir \u015fiirmi\u015f izlenimi uyand\u0131rmakta, s\u00f6yleyi\u015fte ve konularda benzerlikler bulunmaktad\u0131r. Buna kar\u015f\u0131l\u0131k Kendinin Avc\u0131s\u0131nda kendine \u00f6zg\u00fc bir ses, romantik, ac\u0131l\u0131 ve yal\u0131n bir s\u00f6yleyi\u015f g\u00f6zlenir. Simge, alegori ve mecazlardan \u00f6l\u00e7\u00fcl\u00fc bir tutumla yararland\u0131\u011f\u0131 bu \u015fiirleriyle T\u00fcrk \u015fiirinin lirik geleneklerine ba\u011flanmaktad\u0131r.<\/p>\n<p><strong>eserleri<\/strong><\/p>\n<p> * Gezgin (1976)<br \/> * Yerle\u015fik yabanc\u0131 (1978)<br \/> * Kendinin avc\u0131s\u0131 (1979, Ahmet Telli ile 1980 \u00d6. F. Toprak \u015fiir \u00f6d\u00fcl\u00fc)<br \/> * K\u00fc\u00e7\u00fck tragedyalar (1981)<br \/> * \u0130pek ve klabtan (1987)<br \/> * Ger\u00e7e\u011fin \u00f6te yakas\u0131 (1990, Cemal S\u00fcreya \u015fiir \u00f6d\u00fcl\u00fc)<br \/> * D\u00f6rtl\u00fckler ve desenler (1990)<br \/> * S\u00fcveyda (1991)<br \/> * Alaturka \u015fiirler (1992)<br \/> * \u015eiirin ilk atlas\u0131 (1992)<br \/> * Hesap i\u015fi \u015fiirler (1993)<br \/> * Bir ac\u0131ya kirac\u0131 (1998-B\u00fct\u00fcn \u015eiirleri)<\/p>\n","protected":false},"excerpt":{"rendered":"<p>Metin Alt\u0131ok (Bergama, \u0130zmir, 1941 &#8211; Ankara, 9 Temmuz 1993), T\u00fcrk \u015fair, yazar. 1941 y\u0131l\u0131nda Bergama, \u0130zmir&#8217;de do\u011fdu. Kar\u015f\u0131yaka Lisesi ve Ankara \u00dcniversitesi Dil Tarih Co\u011frafya Fak\u00fcltesi Felsefe b\u00f6l\u00fcm\u00fcn\u00fc bitirdi. Bing\u00f6l&#8217;\u00fcn Gen\u00e7 il\u00e7esinde, Karaman imam hatip lisesinde felsefe \u00f6\u011fretmenli\u011fi yapt\u0131. Sivas katliam\u0131ndan (2 Temmuz) a\u011f\u0131r yaral\u0131 olarak kurtuldu ancak komadan \u00e7\u0131kamayarak 9 Temmuz 1993&#8217;te Ankara&#8217;da [&hellip;]<\/p>\n","protected":false},"author":1,"featured_media":0,"comment_status":"open","ping_status":"open","sticky":false,"template":"","format":"standard","meta":{"footnotes":""},"categories":[23],"tags":[],"class_list":{"0":"post-683","1":"post","2":"type-post","3":"status-publish","4":"format-standard","6":"category-metin-altiok"},"yoast_head":"<!-- This site is optimized with the Yoast SEO Premium plugin v24.9 (Yoast SEO v24.9) - https:\/\/yoast.com\/wordpress\/plugins\/seo\/ -->\n<title>Metin ALTIOK Biyografisi - narteks.net<\/title>\n<meta name=\"robots\" content=\"index, follow, max-snippet:-1, max-image-preview:large, max-video-preview:-1\" \/>\n<link rel=\"canonical\" href=\"https:\/\/narteks.net\/index.php\/2009\/04\/17\/metin-altiok-biyografisi\/\" \/>\n<meta property=\"og:locale\" content=\"tr_TR\" \/>\n<meta property=\"og:type\" content=\"article\" \/>\n<meta property=\"og:title\" content=\"Metin ALTIOK Biyografisi\" \/>\n<meta property=\"og:description\" content=\"Metin Alt\u0131ok (Bergama, \u0130zmir, 1941 &#8211; Ankara, 9 Temmuz 1993), T\u00fcrk \u015fair, yazar. 1941 y\u0131l\u0131nda Bergama, \u0130zmir&#8217;de do\u011fdu. Kar\u015f\u0131yaka Lisesi ve Ankara \u00dcniversitesi Dil Tarih Co\u011frafya Fak\u00fcltesi Felsefe b\u00f6l\u00fcm\u00fcn\u00fc bitirdi. Bing\u00f6l&#8217;\u00fcn Gen\u00e7 il\u00e7esinde, Karaman imam hatip lisesinde felsefe \u00f6\u011fretmenli\u011fi yapt\u0131. Sivas katliam\u0131ndan (2 Temmuz) a\u011f\u0131r yaral\u0131 olarak kurtuldu ancak komadan \u00e7\u0131kamayarak 9 Temmuz 1993&#8217;te Ankara&#8217;da [&hellip;]\" \/>\n<meta property=\"og:url\" content=\"https:\/\/narteks.net\/index.php\/2009\/04\/17\/metin-altiok-biyografisi\/\" \/>\n<meta property=\"og:site_name\" content=\"narteks.net\" \/>\n<meta property=\"article:published_time\" content=\"2009-04-17T06:54:11+00:00\" \/>\n<meta property=\"og:image\" content=\"http:\/\/upload.wikimedia.org\/wikipedia\/tr\/thumb\/a\/a0\/Metinaltiok.jpg\/120px-Metinaltiok.jpg\" \/>\n<meta name=\"author\" content=\"Tar\u0131k\" \/>\n<meta name=\"twitter:card\" content=\"summary_large_image\" \/>\n<meta name=\"twitter:creator\" content=\"@narteks\" \/>\n<meta name=\"twitter:site\" content=\"@narteks\" \/>\n<meta name=\"twitter:label1\" content=\"Yazan:\" \/>\n\t<meta name=\"twitter:data1\" content=\"Tar\u0131k\" \/>\n\t<meta name=\"twitter:label2\" content=\"Tahmini okuma s\u00fcresi\" \/>\n\t<meta name=\"twitter:data2\" content=\"1 dakika\" \/>\n<script type=\"application\/ld+json\" class=\"yoast-schema-graph\">{\"@context\":\"https:\/\/schema.org\",\"@graph\":[{\"@type\":\"Article\",\"@id\":\"https:\/\/narteks.net\/index.php\/2009\/04\/17\/metin-altiok-biyografisi\/#article\",\"isPartOf\":{\"@id\":\"https:\/\/narteks.net\/index.php\/2009\/04\/17\/metin-altiok-biyografisi\/\"},\"author\":{\"name\":\"Tar\u0131k\",\"@id\":\"https:\/\/narteks.net\/#\/schema\/person\/61f37d9834294b72d31d274e7ed79bca\"},\"headline\":\"Metin ALTIOK Biyografisi\",\"datePublished\":\"2009-04-17T06:54:11+00:00\",\"mainEntityOfPage\":{\"@id\":\"https:\/\/narteks.net\/index.php\/2009\/04\/17\/metin-altiok-biyografisi\/\"},\"wordCount\":288,\"commentCount\":0,\"publisher\":{\"@id\":\"https:\/\/narteks.net\/#organization\"},\"image\":{\"@id\":\"https:\/\/narteks.net\/index.php\/2009\/04\/17\/metin-altiok-biyografisi\/#primaryimage\"},\"thumbnailUrl\":\"http:\/\/upload.wikimedia.org\/wikipedia\/tr\/thumb\/a\/a0\/Metinaltiok.jpg\/120px-Metinaltiok.jpg\",\"articleSection\":[\"Metin ALTIOK\"],\"inLanguage\":\"tr\",\"potentialAction\":[{\"@type\":\"CommentAction\",\"name\":\"Comment\",\"target\":[\"https:\/\/narteks.net\/index.php\/2009\/04\/17\/metin-altiok-biyografisi\/#respond\"]}]},{\"@type\":\"WebPage\",\"@id\":\"https:\/\/narteks.net\/index.php\/2009\/04\/17\/metin-altiok-biyografisi\/\",\"url\":\"https:\/\/narteks.net\/index.php\/2009\/04\/17\/metin-altiok-biyografisi\/\",\"name\":\"Metin ALTIOK Biyografisi - narteks.net\",\"isPartOf\":{\"@id\":\"https:\/\/narteks.net\/#website\"},\"primaryImageOfPage\":{\"@id\":\"https:\/\/narteks.net\/index.php\/2009\/04\/17\/metin-altiok-biyografisi\/#primaryimage\"},\"image\":{\"@id\":\"https:\/\/narteks.net\/index.php\/2009\/04\/17\/metin-altiok-biyografisi\/#primaryimage\"},\"thumbnailUrl\":\"http:\/\/upload.wikimedia.org\/wikipedia\/tr\/thumb\/a\/a0\/Metinaltiok.jpg\/120px-Metinaltiok.jpg\",\"datePublished\":\"2009-04-17T06:54:11+00:00\",\"breadcrumb\":{\"@id\":\"https:\/\/narteks.net\/index.php\/2009\/04\/17\/metin-altiok-biyografisi\/#breadcrumb\"},\"inLanguage\":\"tr\",\"potentialAction\":[{\"@type\":\"ReadAction\",\"target\":[\"https:\/\/narteks.net\/index.php\/2009\/04\/17\/metin-altiok-biyografisi\/\"]}]},{\"@type\":\"ImageObject\",\"inLanguage\":\"tr\",\"@id\":\"https:\/\/narteks.net\/index.php\/2009\/04\/17\/metin-altiok-biyografisi\/#primaryimage\",\"url\":\"http:\/\/upload.wikimedia.org\/wikipedia\/tr\/thumb\/a\/a0\/Metinaltiok.jpg\/120px-Metinaltiok.jpg\",\"contentUrl\":\"http:\/\/upload.wikimedia.org\/wikipedia\/tr\/thumb\/a\/a0\/Metinaltiok.jpg\/120px-Metinaltiok.jpg\"},{\"@type\":\"BreadcrumbList\",\"@id\":\"https:\/\/narteks.net\/index.php\/2009\/04\/17\/metin-altiok-biyografisi\/#breadcrumb\",\"itemListElement\":[{\"@type\":\"ListItem\",\"position\":1,\"name\":\"Anasayfa\",\"item\":\"https:\/\/narteks.net\/\"},{\"@type\":\"ListItem\",\"position\":2,\"name\":\"Metin ALTIOK Biyografisi\"}]},{\"@type\":\"WebSite\",\"@id\":\"https:\/\/narteks.net\/#website\",\"url\":\"https:\/\/narteks.net\/\",\"name\":\"narteks.net\",\"description\":\"K\u00fclt\u00fcr Sanat Edebiyat Felsefe\",\"publisher\":{\"@id\":\"https:\/\/narteks.net\/#organization\"},\"alternateName\":\"K\u00fclt\u00fcr Sanat Edebiyat Felsefe\",\"potentialAction\":[{\"@type\":\"SearchAction\",\"target\":{\"@type\":\"EntryPoint\",\"urlTemplate\":\"https:\/\/narteks.net\/?s={search_term_string}\"},\"query-input\":{\"@type\":\"PropertyValueSpecification\",\"valueRequired\":true,\"valueName\":\"search_term_string\"}}],\"inLanguage\":\"tr\"},{\"@type\":\"Organization\",\"@id\":\"https:\/\/narteks.net\/#organization\",\"name\":\"narteks.net\",\"url\":\"https:\/\/narteks.net\/\",\"logo\":{\"@type\":\"ImageObject\",\"inLanguage\":\"tr\",\"@id\":\"https:\/\/narteks.net\/#\/schema\/logo\/image\/\",\"url\":\"https:\/\/narteks.net\/wp-content\/uploads\/narteks.png\",\"contentUrl\":\"https:\/\/narteks.net\/wp-content\/uploads\/narteks.png\",\"width\":300,\"height\":90,\"caption\":\"narteks.net\"},\"image\":{\"@id\":\"https:\/\/narteks.net\/#\/schema\/logo\/image\/\"},\"sameAs\":[\"https:\/\/x.com\/narteks\",\"https:\/\/instagram.com\/narteksnet\"]},{\"@type\":\"Person\",\"@id\":\"https:\/\/narteks.net\/#\/schema\/person\/61f37d9834294b72d31d274e7ed79bca\",\"name\":\"Tar\u0131k\",\"image\":{\"@type\":\"ImageObject\",\"inLanguage\":\"tr\",\"@id\":\"https:\/\/narteks.net\/#\/schema\/person\/image\/\",\"url\":\"https:\/\/secure.gravatar.com\/avatar\/50865afb55632c4ae467e0af0930f6510aa2297d8014be502a55b14f3b7550cf?s=96&d=mm&r=g\",\"contentUrl\":\"https:\/\/secure.gravatar.com\/avatar\/50865afb55632c4ae467e0af0930f6510aa2297d8014be502a55b14f3b7550cf?s=96&d=mm&r=g\",\"caption\":\"Tar\u0131k\"},\"sameAs\":[\"http:\/\/narteks.net\"],\"url\":\"https:\/\/narteks.net\/index.php\/author\/narbak\/\"}]}<\/script>\n<!-- \/ Yoast SEO Premium plugin. -->","yoast_head_json":{"title":"Metin ALTIOK Biyografisi - narteks.net","robots":{"index":"index","follow":"follow","max-snippet":"max-snippet:-1","max-image-preview":"max-image-preview:large","max-video-preview":"max-video-preview:-1"},"canonical":"https:\/\/narteks.net\/index.php\/2009\/04\/17\/metin-altiok-biyografisi\/","og_locale":"tr_TR","og_type":"article","og_title":"Metin ALTIOK Biyografisi","og_description":"Metin Alt\u0131ok (Bergama, \u0130zmir, 1941 &#8211; Ankara, 9 Temmuz 1993), T\u00fcrk \u015fair, yazar. 1941 y\u0131l\u0131nda Bergama, \u0130zmir&#8217;de do\u011fdu. Kar\u015f\u0131yaka Lisesi ve Ankara \u00dcniversitesi Dil Tarih Co\u011frafya Fak\u00fcltesi Felsefe b\u00f6l\u00fcm\u00fcn\u00fc bitirdi. Bing\u00f6l&#8217;\u00fcn Gen\u00e7 il\u00e7esinde, Karaman imam hatip lisesinde felsefe \u00f6\u011fretmenli\u011fi yapt\u0131. Sivas katliam\u0131ndan (2 Temmuz) a\u011f\u0131r yaral\u0131 olarak kurtuldu ancak komadan \u00e7\u0131kamayarak 9 Temmuz 1993&#8217;te Ankara&#8217;da [&hellip;]","og_url":"https:\/\/narteks.net\/index.php\/2009\/04\/17\/metin-altiok-biyografisi\/","og_site_name":"narteks.net","article_published_time":"2009-04-17T06:54:11+00:00","og_image":[{"url":"http:\/\/upload.wikimedia.org\/wikipedia\/tr\/thumb\/a\/a0\/Metinaltiok.jpg\/120px-Metinaltiok.jpg","type":"","width":"","height":""}],"author":"Tar\u0131k","twitter_card":"summary_large_image","twitter_creator":"@narteks","twitter_site":"@narteks","twitter_misc":{"Yazan:":"Tar\u0131k","Tahmini okuma s\u00fcresi":"1 dakika"},"schema":{"@context":"https:\/\/schema.org","@graph":[{"@type":"Article","@id":"https:\/\/narteks.net\/index.php\/2009\/04\/17\/metin-altiok-biyografisi\/#article","isPartOf":{"@id":"https:\/\/narteks.net\/index.php\/2009\/04\/17\/metin-altiok-biyografisi\/"},"author":{"name":"Tar\u0131k","@id":"https:\/\/narteks.net\/#\/schema\/person\/61f37d9834294b72d31d274e7ed79bca"},"headline":"Metin ALTIOK Biyografisi","datePublished":"2009-04-17T06:54:11+00:00","mainEntityOfPage":{"@id":"https:\/\/narteks.net\/index.php\/2009\/04\/17\/metin-altiok-biyografisi\/"},"wordCount":288,"commentCount":0,"publisher":{"@id":"https:\/\/narteks.net\/#organization"},"image":{"@id":"https:\/\/narteks.net\/index.php\/2009\/04\/17\/metin-altiok-biyografisi\/#primaryimage"},"thumbnailUrl":"http:\/\/upload.wikimedia.org\/wikipedia\/tr\/thumb\/a\/a0\/Metinaltiok.jpg\/120px-Metinaltiok.jpg","articleSection":["Metin ALTIOK"],"inLanguage":"tr","potentialAction":[{"@type":"CommentAction","name":"Comment","target":["https:\/\/narteks.net\/index.php\/2009\/04\/17\/metin-altiok-biyografisi\/#respond"]}]},{"@type":"WebPage","@id":"https:\/\/narteks.net\/index.php\/2009\/04\/17\/metin-altiok-biyografisi\/","url":"https:\/\/narteks.net\/index.php\/2009\/04\/17\/metin-altiok-biyografisi\/","name":"Metin ALTIOK Biyografisi - narteks.net","isPartOf":{"@id":"https:\/\/narteks.net\/#website"},"primaryImageOfPage":{"@id":"https:\/\/narteks.net\/index.php\/2009\/04\/17\/metin-altiok-biyografisi\/#primaryimage"},"image":{"@id":"https:\/\/narteks.net\/index.php\/2009\/04\/17\/metin-altiok-biyografisi\/#primaryimage"},"thumbnailUrl":"http:\/\/upload.wikimedia.org\/wikipedia\/tr\/thumb\/a\/a0\/Metinaltiok.jpg\/120px-Metinaltiok.jpg","datePublished":"2009-04-17T06:54:11+00:00","breadcrumb":{"@id":"https:\/\/narteks.net\/index.php\/2009\/04\/17\/metin-altiok-biyografisi\/#breadcrumb"},"inLanguage":"tr","potentialAction":[{"@type":"ReadAction","target":["https:\/\/narteks.net\/index.php\/2009\/04\/17\/metin-altiok-biyografisi\/"]}]},{"@type":"ImageObject","inLanguage":"tr","@id":"https:\/\/narteks.net\/index.php\/2009\/04\/17\/metin-altiok-biyografisi\/#primaryimage","url":"http:\/\/upload.wikimedia.org\/wikipedia\/tr\/thumb\/a\/a0\/Metinaltiok.jpg\/120px-Metinaltiok.jpg","contentUrl":"http:\/\/upload.wikimedia.org\/wikipedia\/tr\/thumb\/a\/a0\/Metinaltiok.jpg\/120px-Metinaltiok.jpg"},{"@type":"BreadcrumbList","@id":"https:\/\/narteks.net\/index.php\/2009\/04\/17\/metin-altiok-biyografisi\/#breadcrumb","itemListElement":[{"@type":"ListItem","position":1,"name":"Anasayfa","item":"https:\/\/narteks.net\/"},{"@type":"ListItem","position":2,"name":"Metin ALTIOK Biyografisi"}]},{"@type":"WebSite","@id":"https:\/\/narteks.net\/#website","url":"https:\/\/narteks.net\/","name":"narteks.net","description":"K\u00fclt\u00fcr Sanat Edebiyat Felsefe","publisher":{"@id":"https:\/\/narteks.net\/#organization"},"alternateName":"K\u00fclt\u00fcr Sanat Edebiyat Felsefe","potentialAction":[{"@type":"SearchAction","target":{"@type":"EntryPoint","urlTemplate":"https:\/\/narteks.net\/?s={search_term_string}"},"query-input":{"@type":"PropertyValueSpecification","valueRequired":true,"valueName":"search_term_string"}}],"inLanguage":"tr"},{"@type":"Organization","@id":"https:\/\/narteks.net\/#organization","name":"narteks.net","url":"https:\/\/narteks.net\/","logo":{"@type":"ImageObject","inLanguage":"tr","@id":"https:\/\/narteks.net\/#\/schema\/logo\/image\/","url":"https:\/\/narteks.net\/wp-content\/uploads\/narteks.png","contentUrl":"https:\/\/narteks.net\/wp-content\/uploads\/narteks.png","width":300,"height":90,"caption":"narteks.net"},"image":{"@id":"https:\/\/narteks.net\/#\/schema\/logo\/image\/"},"sameAs":["https:\/\/x.com\/narteks","https:\/\/instagram.com\/narteksnet"]},{"@type":"Person","@id":"https:\/\/narteks.net\/#\/schema\/person\/61f37d9834294b72d31d274e7ed79bca","name":"Tar\u0131k","image":{"@type":"ImageObject","inLanguage":"tr","@id":"https:\/\/narteks.net\/#\/schema\/person\/image\/","url":"https:\/\/secure.gravatar.com\/avatar\/50865afb55632c4ae467e0af0930f6510aa2297d8014be502a55b14f3b7550cf?s=96&d=mm&r=g","contentUrl":"https:\/\/secure.gravatar.com\/avatar\/50865afb55632c4ae467e0af0930f6510aa2297d8014be502a55b14f3b7550cf?s=96&d=mm&r=g","caption":"Tar\u0131k"},"sameAs":["http:\/\/narteks.net"],"url":"https:\/\/narteks.net\/index.php\/author\/narbak\/"}]}},"_links":{"self":[{"href":"https:\/\/narteks.net\/index.php\/wp-json\/wp\/v2\/posts\/683","targetHints":{"allow":["GET"]}}],"collection":[{"href":"https:\/\/narteks.net\/index.php\/wp-json\/wp\/v2\/posts"}],"about":[{"href":"https:\/\/narteks.net\/index.php\/wp-json\/wp\/v2\/types\/post"}],"author":[{"embeddable":true,"href":"https:\/\/narteks.net\/index.php\/wp-json\/wp\/v2\/users\/1"}],"replies":[{"embeddable":true,"href":"https:\/\/narteks.net\/index.php\/wp-json\/wp\/v2\/comments?post=683"}],"version-history":[{"count":0,"href":"https:\/\/narteks.net\/index.php\/wp-json\/wp\/v2\/posts\/683\/revisions"}],"wp:attachment":[{"href":"https:\/\/narteks.net\/index.php\/wp-json\/wp\/v2\/media?parent=683"}],"wp:term":[{"taxonomy":"category","embeddable":true,"href":"https:\/\/narteks.net\/index.php\/wp-json\/wp\/v2\/categories?post=683"},{"taxonomy":"post_tag","embeddable":true,"href":"https:\/\/narteks.net\/index.php\/wp-json\/wp\/v2\/tags?post=683"}],"curies":[{"name":"wp","href":"https:\/\/api.w.org\/{rel}","templated":true}]}}