{"id":6832,"date":"2011-10-04T21:58:32","date_gmt":"2011-10-04T18:58:32","guid":{"rendered":"http:\/\/localhost\/wordpress\/2011\/10\/04\/jean-paul-sartrea-ait-aforizmalar\/"},"modified":"2011-10-04T21:58:32","modified_gmt":"2011-10-04T18:58:32","slug":"jean-paul-sartrea-ait-aforizmalar","status":"publish","type":"post","link":"https:\/\/narteks.net\/index.php\/2011\/10\/04\/jean-paul-sartrea-ait-aforizmalar\/","title":{"rendered":"Jean Paul Sartre&#8217;a ait Aforizmalar"},"content":{"rendered":"<p><img loading=\"lazy\" decoding=\"async\" src=\"images\/stories\/jean_paul_sartre.jpg\" border=\"0\" width=\"155\" height=\"205\" \/><\/p>\n<p>*\u00a0\u00a0\u00a0 \u0130nsan\u0131n \u00f6zg\u00fcrl\u00fc\u011f\u00fc, kendisine yap\u0131lanlara kar\u015f\u0131 tak\u0131nd\u0131\u011f\u0131 tav\u0131rda gizlidir.<br \/>*\u00a0\u00a0\u00a0 Varolmak susamadan i\u00e7mek gibi bir \u015feydir.<br \/>*\u00a0\u00a0\u00a0 En b\u00fcy\u00fck g\u00fcnah pi\u015fmanl\u0131kt\u0131r.<br \/>*\u00a0\u00a0\u00a0 A\u015fk; iki insan\u0131n bilin\u00e7lerini birle\u015ftirme \u00e7abas\u0131d\u0131r.Bo\u015funa bir \u00e7aba, \u00e7\u00fcnk\u00fc insan kendi bilincine mahkumdur.<br \/>*\u00a0\u00a0\u00a0 Varl\u0131\u011f\u0131nda,varl\u0131\u011f\u0131n var olmas\u0131n\u0131n s\u00f6z konusu oldu\u011fu bir varl\u0131k olarak var olan bir varl\u0131\u011f\u0131m.<br \/>*\u00a0\u00a0\u00a0 Resmi payeleri hep reddettim. Legion d\u2019Honneur\u2019\u00fc de kabul etmemi\u015ftim. Frans\u0131z akademisine de girmedim. Yazar kendisinin bir kuruma d\u00f6n\u00fc\u015ft\u00fcr\u00fclmesini reddetmelidir. Bu onur verici bir paye dahi olsa bunlar ki\u015fisel nedenlerim. Ayr\u0131ca \u015fu da var: Ben iki k\u00fclt\u00fcr\u00fcn bar\u0131\u015f i\u00e7inde bir arada ya\u015fayabilmesi i\u00e7in u\u011fra\u015f\u0131yorum. Elbette \u00e7eli\u015fki ve \u00e7at\u0131\u015fma var ve olmal\u0131. Burjuva bir ailede yeti\u015fti\u011fim halde sosyalist oldum. Sempatim ondan yanad\u0131r. Bir de bu y\u00fczden , bu \u00f6d\u00fcl\u00fc verenlerin konumundan dolay\u0131 , kabul edemem.<br \/> (Nobel \u00d6d\u00fcl\u00fcn\u00fc reddettikten sonra)<br \/>*\u00a0\u00a0\u00a0 Cehennem ba\u015fkalar\u0131d\u0131r.<br \/>*\u00a0\u00a0\u00a0 \u0130nsano\u011flu \u00f6zg\u00fcrl\u00fc\u011fe yazg\u0131l\u0131d\u0131r; \u00e7\u00fcnk\u00fc, bir kere d\u00fcnyaya at\u0131ld\u0131ktan sonra yapt\u0131\u011f\u0131 her \u015feyden sorumludur.<br \/>*\u00a0\u00a0\u00a0 Sava\u015f\u0131 zenginler \u00e7\u0131kar\u0131r, yoksullar \u00f6l\u00fcr.<br \/>*\u00a0\u00a0\u00a0 Birini sevmeye, koyulmak ba\u015fl\u0131 ba\u015f\u0131na bir i\u015f, bir giri\u015fimdir. G\u00fc\u00e7 ister, y\u00fcrek ister, k\u00f6rl\u00fck ister. Hatta ba\u015flang\u0131\u00e7ta \u00f6yle bir an vard\u0131r ki u\u00e7urumun \u00fcst\u00fcnden s\u0131\u00e7ramak ister; d\u00fc\u015f\u00fcnmeye kalkarsan a\u015famazs\u0131n onu.<br \/>*\u00a0\u00a0\u00a0 Her se\u00e7i\u015f bir vazge\u00e7i\u015ftir.<br \/>*\u00a0\u00a0\u00a0 \u0130nsan sahip olduklar\u0131n\u0131n toplam\u0131 de\u011fil,fakat hen\u00fcz ger\u00e7ekle\u015ftiremediklerinin toplam\u0131d\u0131r.<\/p>\n","protected":false},"excerpt":{"rendered":"<p>*\u00a0\u00a0\u00a0 \u0130nsan\u0131n \u00f6zg\u00fcrl\u00fc\u011f\u00fc, kendisine yap\u0131lanlara kar\u015f\u0131 tak\u0131nd\u0131\u011f\u0131 tav\u0131rda gizlidir.*\u00a0\u00a0\u00a0 Varolmak susamadan i\u00e7mek gibi bir \u015feydir.*\u00a0\u00a0\u00a0 En b\u00fcy\u00fck g\u00fcnah pi\u015fmanl\u0131kt\u0131r.*\u00a0\u00a0\u00a0 A\u015fk; iki insan\u0131n bilin\u00e7lerini birle\u015ftirme \u00e7abas\u0131d\u0131r.Bo\u015funa bir \u00e7aba, \u00e7\u00fcnk\u00fc insan kendi bilincine mahkumdur.*\u00a0\u00a0\u00a0 Varl\u0131\u011f\u0131nda,varl\u0131\u011f\u0131n var olmas\u0131n\u0131n s\u00f6z konusu oldu\u011fu bir varl\u0131k olarak var olan bir varl\u0131\u011f\u0131m.*\u00a0\u00a0\u00a0 Resmi payeleri hep reddettim. Legion d\u2019Honneur\u2019\u00fc de kabul etmemi\u015ftim. Frans\u0131z [&hellip;]<\/p>\n","protected":false},"author":1,"featured_media":0,"comment_status":"open","ping_status":"open","sticky":false,"template":"","format":"standard","meta":{"footnotes":""},"categories":[194],"tags":[],"class_list":{"0":"post-6832","1":"post","2":"type-post","3":"status-publish","4":"format-standard","6":"category-aforizmalar"},"yoast_head":"<!-- This site is optimized with the Yoast SEO Premium plugin v24.9 (Yoast SEO v24.9) - https:\/\/yoast.com\/wordpress\/plugins\/seo\/ -->\n<title>Jean Paul Sartre&#039;a ait Aforizmalar - narteks.net<\/title>\n<meta name=\"robots\" content=\"index, follow, max-snippet:-1, max-image-preview:large, max-video-preview:-1\" \/>\n<link rel=\"canonical\" href=\"https:\/\/narteks.net\/index.php\/2011\/10\/04\/jean-paul-sartrea-ait-aforizmalar\/\" \/>\n<meta property=\"og:locale\" content=\"tr_TR\" \/>\n<meta property=\"og:type\" content=\"article\" \/>\n<meta property=\"og:title\" content=\"Jean Paul Sartre&#039;a ait Aforizmalar\" \/>\n<meta property=\"og:description\" content=\"*\u00a0\u00a0\u00a0 \u0130nsan\u0131n \u00f6zg\u00fcrl\u00fc\u011f\u00fc, kendisine yap\u0131lanlara kar\u015f\u0131 tak\u0131nd\u0131\u011f\u0131 tav\u0131rda gizlidir.*\u00a0\u00a0\u00a0 Varolmak susamadan i\u00e7mek gibi bir \u015feydir.*\u00a0\u00a0\u00a0 En b\u00fcy\u00fck g\u00fcnah pi\u015fmanl\u0131kt\u0131r.*\u00a0\u00a0\u00a0 A\u015fk; iki insan\u0131n bilin\u00e7lerini birle\u015ftirme \u00e7abas\u0131d\u0131r.Bo\u015funa bir \u00e7aba, \u00e7\u00fcnk\u00fc insan kendi bilincine mahkumdur.*\u00a0\u00a0\u00a0 Varl\u0131\u011f\u0131nda,varl\u0131\u011f\u0131n var olmas\u0131n\u0131n s\u00f6z konusu oldu\u011fu bir varl\u0131k olarak var olan bir varl\u0131\u011f\u0131m.*\u00a0\u00a0\u00a0 Resmi payeleri hep reddettim. Legion d\u2019Honneur\u2019\u00fc de kabul etmemi\u015ftim. Frans\u0131z [&hellip;]\" \/>\n<meta property=\"og:url\" content=\"https:\/\/narteks.net\/index.php\/2011\/10\/04\/jean-paul-sartrea-ait-aforizmalar\/\" \/>\n<meta property=\"og:site_name\" content=\"narteks.net\" \/>\n<meta property=\"article:published_time\" content=\"2011-10-04T18:58:32+00:00\" \/>\n<meta property=\"og:image\" content=\"https:\/\/narteks.net\/wp-content\/uploads\/narteks.png\" \/>\n\t<meta property=\"og:image:width\" content=\"300\" \/>\n\t<meta property=\"og:image:height\" content=\"90\" \/>\n\t<meta property=\"og:image:type\" content=\"image\/png\" \/>\n<meta name=\"author\" content=\"Tar\u0131k\" \/>\n<meta name=\"twitter:card\" content=\"summary_large_image\" \/>\n<meta name=\"twitter:creator\" content=\"@narteks\" \/>\n<meta name=\"twitter:site\" content=\"@narteks\" \/>\n<meta name=\"twitter:label1\" content=\"Yazan:\" \/>\n\t<meta name=\"twitter:data1\" content=\"Tar\u0131k\" \/>\n\t<meta name=\"twitter:label2\" content=\"Tahmini okuma s\u00fcresi\" \/>\n\t<meta name=\"twitter:data2\" content=\"1 dakika\" \/>\n<script type=\"application\/ld+json\" class=\"yoast-schema-graph\">{\"@context\":\"https:\/\/schema.org\",\"@graph\":[{\"@type\":\"Article\",\"@id\":\"https:\/\/narteks.net\/index.php\/2011\/10\/04\/jean-paul-sartrea-ait-aforizmalar\/#article\",\"isPartOf\":{\"@id\":\"https:\/\/narteks.net\/index.php\/2011\/10\/04\/jean-paul-sartrea-ait-aforizmalar\/\"},\"author\":{\"name\":\"Tar\u0131k\",\"@id\":\"https:\/\/narteks.net\/#\/schema\/person\/61f37d9834294b72d31d274e7ed79bca\"},\"headline\":\"Jean Paul Sartre&#8217;a ait Aforizmalar\",\"datePublished\":\"2011-10-04T18:58:32+00:00\",\"mainEntityOfPage\":{\"@id\":\"https:\/\/narteks.net\/index.php\/2011\/10\/04\/jean-paul-sartrea-ait-aforizmalar\/\"},\"wordCount\":282,\"commentCount\":0,\"publisher\":{\"@id\":\"https:\/\/narteks.net\/#organization\"},\"articleSection\":[\"Aforizmalar\"],\"inLanguage\":\"tr\",\"potentialAction\":[{\"@type\":\"CommentAction\",\"name\":\"Comment\",\"target\":[\"https:\/\/narteks.net\/index.php\/2011\/10\/04\/jean-paul-sartrea-ait-aforizmalar\/#respond\"]}]},{\"@type\":\"WebPage\",\"@id\":\"https:\/\/narteks.net\/index.php\/2011\/10\/04\/jean-paul-sartrea-ait-aforizmalar\/\",\"url\":\"https:\/\/narteks.net\/index.php\/2011\/10\/04\/jean-paul-sartrea-ait-aforizmalar\/\",\"name\":\"Jean Paul Sartre'a ait Aforizmalar - narteks.net\",\"isPartOf\":{\"@id\":\"https:\/\/narteks.net\/#website\"},\"datePublished\":\"2011-10-04T18:58:32+00:00\",\"breadcrumb\":{\"@id\":\"https:\/\/narteks.net\/index.php\/2011\/10\/04\/jean-paul-sartrea-ait-aforizmalar\/#breadcrumb\"},\"inLanguage\":\"tr\",\"potentialAction\":[{\"@type\":\"ReadAction\",\"target\":[\"https:\/\/narteks.net\/index.php\/2011\/10\/04\/jean-paul-sartrea-ait-aforizmalar\/\"]}]},{\"@type\":\"BreadcrumbList\",\"@id\":\"https:\/\/narteks.net\/index.php\/2011\/10\/04\/jean-paul-sartrea-ait-aforizmalar\/#breadcrumb\",\"itemListElement\":[{\"@type\":\"ListItem\",\"position\":1,\"name\":\"Anasayfa\",\"item\":\"https:\/\/narteks.net\/\"},{\"@type\":\"ListItem\",\"position\":2,\"name\":\"Jean Paul Sartre&#8217;a ait Aforizmalar\"}]},{\"@type\":\"WebSite\",\"@id\":\"https:\/\/narteks.net\/#website\",\"url\":\"https:\/\/narteks.net\/\",\"name\":\"narteks.net\",\"description\":\"K\u00fclt\u00fcr Sanat Edebiyat Felsefe\",\"publisher\":{\"@id\":\"https:\/\/narteks.net\/#organization\"},\"alternateName\":\"K\u00fclt\u00fcr Sanat Edebiyat Felsefe\",\"potentialAction\":[{\"@type\":\"SearchAction\",\"target\":{\"@type\":\"EntryPoint\",\"urlTemplate\":\"https:\/\/narteks.net\/?s={search_term_string}\"},\"query-input\":{\"@type\":\"PropertyValueSpecification\",\"valueRequired\":true,\"valueName\":\"search_term_string\"}}],\"inLanguage\":\"tr\"},{\"@type\":\"Organization\",\"@id\":\"https:\/\/narteks.net\/#organization\",\"name\":\"narteks.net\",\"url\":\"https:\/\/narteks.net\/\",\"logo\":{\"@type\":\"ImageObject\",\"inLanguage\":\"tr\",\"@id\":\"https:\/\/narteks.net\/#\/schema\/logo\/image\/\",\"url\":\"https:\/\/narteks.net\/wp-content\/uploads\/narteks.png\",\"contentUrl\":\"https:\/\/narteks.net\/wp-content\/uploads\/narteks.png\",\"width\":300,\"height\":90,\"caption\":\"narteks.net\"},\"image\":{\"@id\":\"https:\/\/narteks.net\/#\/schema\/logo\/image\/\"},\"sameAs\":[\"https:\/\/x.com\/narteks\",\"https:\/\/instagram.com\/narteksnet\"]},{\"@type\":\"Person\",\"@id\":\"https:\/\/narteks.net\/#\/schema\/person\/61f37d9834294b72d31d274e7ed79bca\",\"name\":\"Tar\u0131k\",\"image\":{\"@type\":\"ImageObject\",\"inLanguage\":\"tr\",\"@id\":\"https:\/\/narteks.net\/#\/schema\/person\/image\/\",\"url\":\"https:\/\/secure.gravatar.com\/avatar\/50865afb55632c4ae467e0af0930f6510aa2297d8014be502a55b14f3b7550cf?s=96&d=mm&r=g\",\"contentUrl\":\"https:\/\/secure.gravatar.com\/avatar\/50865afb55632c4ae467e0af0930f6510aa2297d8014be502a55b14f3b7550cf?s=96&d=mm&r=g\",\"caption\":\"Tar\u0131k\"},\"sameAs\":[\"http:\/\/narteks.net\"],\"url\":\"https:\/\/narteks.net\/index.php\/author\/narbak\/\"}]}<\/script>\n<!-- \/ Yoast SEO Premium plugin. -->","yoast_head_json":{"title":"Jean Paul Sartre'a ait Aforizmalar - narteks.net","robots":{"index":"index","follow":"follow","max-snippet":"max-snippet:-1","max-image-preview":"max-image-preview:large","max-video-preview":"max-video-preview:-1"},"canonical":"https:\/\/narteks.net\/index.php\/2011\/10\/04\/jean-paul-sartrea-ait-aforizmalar\/","og_locale":"tr_TR","og_type":"article","og_title":"Jean Paul Sartre'a ait Aforizmalar","og_description":"*\u00a0\u00a0\u00a0 \u0130nsan\u0131n \u00f6zg\u00fcrl\u00fc\u011f\u00fc, kendisine yap\u0131lanlara kar\u015f\u0131 tak\u0131nd\u0131\u011f\u0131 tav\u0131rda gizlidir.*\u00a0\u00a0\u00a0 Varolmak susamadan i\u00e7mek gibi bir \u015feydir.*\u00a0\u00a0\u00a0 En b\u00fcy\u00fck g\u00fcnah pi\u015fmanl\u0131kt\u0131r.*\u00a0\u00a0\u00a0 A\u015fk; iki insan\u0131n bilin\u00e7lerini birle\u015ftirme \u00e7abas\u0131d\u0131r.Bo\u015funa bir \u00e7aba, \u00e7\u00fcnk\u00fc insan kendi bilincine mahkumdur.*\u00a0\u00a0\u00a0 Varl\u0131\u011f\u0131nda,varl\u0131\u011f\u0131n var olmas\u0131n\u0131n s\u00f6z konusu oldu\u011fu bir varl\u0131k olarak var olan bir varl\u0131\u011f\u0131m.*\u00a0\u00a0\u00a0 Resmi payeleri hep reddettim. Legion d\u2019Honneur\u2019\u00fc de kabul etmemi\u015ftim. Frans\u0131z [&hellip;]","og_url":"https:\/\/narteks.net\/index.php\/2011\/10\/04\/jean-paul-sartrea-ait-aforizmalar\/","og_site_name":"narteks.net","article_published_time":"2011-10-04T18:58:32+00:00","og_image":[{"width":300,"height":90,"url":"https:\/\/narteks.net\/wp-content\/uploads\/narteks.png","type":"image\/png"}],"author":"Tar\u0131k","twitter_card":"summary_large_image","twitter_creator":"@narteks","twitter_site":"@narteks","twitter_misc":{"Yazan:":"Tar\u0131k","Tahmini okuma s\u00fcresi":"1 dakika"},"schema":{"@context":"https:\/\/schema.org","@graph":[{"@type":"Article","@id":"https:\/\/narteks.net\/index.php\/2011\/10\/04\/jean-paul-sartrea-ait-aforizmalar\/#article","isPartOf":{"@id":"https:\/\/narteks.net\/index.php\/2011\/10\/04\/jean-paul-sartrea-ait-aforizmalar\/"},"author":{"name":"Tar\u0131k","@id":"https:\/\/narteks.net\/#\/schema\/person\/61f37d9834294b72d31d274e7ed79bca"},"headline":"Jean Paul Sartre&#8217;a ait Aforizmalar","datePublished":"2011-10-04T18:58:32+00:00","mainEntityOfPage":{"@id":"https:\/\/narteks.net\/index.php\/2011\/10\/04\/jean-paul-sartrea-ait-aforizmalar\/"},"wordCount":282,"commentCount":0,"publisher":{"@id":"https:\/\/narteks.net\/#organization"},"articleSection":["Aforizmalar"],"inLanguage":"tr","potentialAction":[{"@type":"CommentAction","name":"Comment","target":["https:\/\/narteks.net\/index.php\/2011\/10\/04\/jean-paul-sartrea-ait-aforizmalar\/#respond"]}]},{"@type":"WebPage","@id":"https:\/\/narteks.net\/index.php\/2011\/10\/04\/jean-paul-sartrea-ait-aforizmalar\/","url":"https:\/\/narteks.net\/index.php\/2011\/10\/04\/jean-paul-sartrea-ait-aforizmalar\/","name":"Jean Paul Sartre'a ait Aforizmalar - narteks.net","isPartOf":{"@id":"https:\/\/narteks.net\/#website"},"datePublished":"2011-10-04T18:58:32+00:00","breadcrumb":{"@id":"https:\/\/narteks.net\/index.php\/2011\/10\/04\/jean-paul-sartrea-ait-aforizmalar\/#breadcrumb"},"inLanguage":"tr","potentialAction":[{"@type":"ReadAction","target":["https:\/\/narteks.net\/index.php\/2011\/10\/04\/jean-paul-sartrea-ait-aforizmalar\/"]}]},{"@type":"BreadcrumbList","@id":"https:\/\/narteks.net\/index.php\/2011\/10\/04\/jean-paul-sartrea-ait-aforizmalar\/#breadcrumb","itemListElement":[{"@type":"ListItem","position":1,"name":"Anasayfa","item":"https:\/\/narteks.net\/"},{"@type":"ListItem","position":2,"name":"Jean Paul Sartre&#8217;a ait Aforizmalar"}]},{"@type":"WebSite","@id":"https:\/\/narteks.net\/#website","url":"https:\/\/narteks.net\/","name":"narteks.net","description":"K\u00fclt\u00fcr Sanat Edebiyat Felsefe","publisher":{"@id":"https:\/\/narteks.net\/#organization"},"alternateName":"K\u00fclt\u00fcr Sanat Edebiyat Felsefe","potentialAction":[{"@type":"SearchAction","target":{"@type":"EntryPoint","urlTemplate":"https:\/\/narteks.net\/?s={search_term_string}"},"query-input":{"@type":"PropertyValueSpecification","valueRequired":true,"valueName":"search_term_string"}}],"inLanguage":"tr"},{"@type":"Organization","@id":"https:\/\/narteks.net\/#organization","name":"narteks.net","url":"https:\/\/narteks.net\/","logo":{"@type":"ImageObject","inLanguage":"tr","@id":"https:\/\/narteks.net\/#\/schema\/logo\/image\/","url":"https:\/\/narteks.net\/wp-content\/uploads\/narteks.png","contentUrl":"https:\/\/narteks.net\/wp-content\/uploads\/narteks.png","width":300,"height":90,"caption":"narteks.net"},"image":{"@id":"https:\/\/narteks.net\/#\/schema\/logo\/image\/"},"sameAs":["https:\/\/x.com\/narteks","https:\/\/instagram.com\/narteksnet"]},{"@type":"Person","@id":"https:\/\/narteks.net\/#\/schema\/person\/61f37d9834294b72d31d274e7ed79bca","name":"Tar\u0131k","image":{"@type":"ImageObject","inLanguage":"tr","@id":"https:\/\/narteks.net\/#\/schema\/person\/image\/","url":"https:\/\/secure.gravatar.com\/avatar\/50865afb55632c4ae467e0af0930f6510aa2297d8014be502a55b14f3b7550cf?s=96&d=mm&r=g","contentUrl":"https:\/\/secure.gravatar.com\/avatar\/50865afb55632c4ae467e0af0930f6510aa2297d8014be502a55b14f3b7550cf?s=96&d=mm&r=g","caption":"Tar\u0131k"},"sameAs":["http:\/\/narteks.net"],"url":"https:\/\/narteks.net\/index.php\/author\/narbak\/"}]}},"_links":{"self":[{"href":"https:\/\/narteks.net\/index.php\/wp-json\/wp\/v2\/posts\/6832","targetHints":{"allow":["GET"]}}],"collection":[{"href":"https:\/\/narteks.net\/index.php\/wp-json\/wp\/v2\/posts"}],"about":[{"href":"https:\/\/narteks.net\/index.php\/wp-json\/wp\/v2\/types\/post"}],"author":[{"embeddable":true,"href":"https:\/\/narteks.net\/index.php\/wp-json\/wp\/v2\/users\/1"}],"replies":[{"embeddable":true,"href":"https:\/\/narteks.net\/index.php\/wp-json\/wp\/v2\/comments?post=6832"}],"version-history":[{"count":0,"href":"https:\/\/narteks.net\/index.php\/wp-json\/wp\/v2\/posts\/6832\/revisions"}],"wp:attachment":[{"href":"https:\/\/narteks.net\/index.php\/wp-json\/wp\/v2\/media?parent=6832"}],"wp:term":[{"taxonomy":"category","embeddable":true,"href":"https:\/\/narteks.net\/index.php\/wp-json\/wp\/v2\/categories?post=6832"},{"taxonomy":"post_tag","embeddable":true,"href":"https:\/\/narteks.net\/index.php\/wp-json\/wp\/v2\/tags?post=6832"}],"curies":[{"name":"wp","href":"https:\/\/api.w.org\/{rel}","templated":true}]}}