{"id":6833,"date":"2011-10-05T10:52:40","date_gmt":"2011-10-05T07:52:40","guid":{"rendered":"http:\/\/localhost\/wordpress\/2011\/10\/05\/devrimciler-gerici-sendikalara-girip-mucadele-etmeli-midirler-vilenin\/"},"modified":"2011-10-05T10:52:40","modified_gmt":"2011-10-05T07:52:40","slug":"devrimciler-gerici-sendikalara-girip-mucadele-etmeli-midirler-vilenin","status":"publish","type":"post","link":"https:\/\/narteks.net\/index.php\/2011\/10\/05\/devrimciler-gerici-sendikalara-girip-mucadele-etmeli-midirler-vilenin\/","title":{"rendered":"Devrimciler Gerici Sendikalara Girip M\u00fccadele Etmeli midirler ? | V.\u0130.Lenin"},"content":{"rendered":"<p style=\"text-align: justify;\"><img loading=\"lazy\" decoding=\"async\" src=\"images\/stories\/lenin.jpg\" border=\"0\" width=\"155\" height=\"205\" style=\"float: left;\" \/>Alman &#8220;sollar\u0131&#8221; bu soruya, teredd\u00fcts\u00fcz olumsuz cevap verilmesi gerekti\u011fi kan\u0131s\u0131ndad\u0131rlar. Onlara g\u00f6re &#8220;gerici&#8221; ve &#8220;kar\u015f\u0131-devrimci&#8221; sendikalara kar\u015f\u0131 \u00f6fkeyle savrulan k\u00fcf\u00fcrler ve bu cinsten parlak beyanlar, devrimcilerin sar\u0131 sendikalarda, kar\u015f\u0131-devrimci sendikalarda, sosyal-\u015fovenlerin, uzla\u015f\u0131c\u0131lar\u0131n, Legien&#8217;lerin sendikalar\u0131nda m\u00fccadele etmelerinin gereksizli\u011fini &#8220;tan\u0131tlamaya&#8221; yeter (K. Horner, bu g\u00f6r\u00fc\u015f\u00fc, \u00f6zel ve ahmak\u00e7a bir &#8220;a\u011f\u0131rba\u015fl\u0131l\u0131kla&#8221; do\u011frulamaktad\u0131r).<\/p>\n<p style=\"text-align: justify;\">Ama Alman &#8220;sollar\u0131&#8221;, bu takti\u011fin devrimci niteli\u011fine ne kadar inanm\u0131\u015f olurlarsa olsunlar, bu taktik, ger\u00e7ekte temelden yanl\u0131\u015ft\u0131r ve bir iki bo\u015f laftan gayr\u0131 hi\u00e7 bir \u00f6z ta\u015f\u0131mamaktad\u0131r.<\/p>\n<p style=\"text-align: justify;\">Bunu a\u00e7\u0131k\u00e7a g\u00f6stermek i\u00e7in, amac\u0131, bol\u015fevizmin tarihinde ve bug\u00fcnk\u00fc takti\u011finde genel olarak uygulanabilir, genel olarak anlaml\u0131, genel olarak izlenmesi zorunlu ne varsa onu, Bat\u0131 Avrupa&#8217;ya uygulamak olan bu yaz\u0131n\u0131n genel plan\u0131na uygun olarak, burada da, bizim kendi tecr\u00fcbemizden hareket edece\u011fim.<\/p>\n<p style=\"text-align: justify;\">Liderler, parti, s\u0131n\u0131f, y\u0131\u011f\u0131nlar aras\u0131ndaki ili\u015fkiler ve \u00f6te yandan proletarya diktat\u00f6rl\u00fc\u011f\u00fcn\u00fcn ve onun partisinin sendikalara kar\u015f\u0131 tutumu, bug\u00fcn bizde somut olarak \u015f\u00f6yledir: diktat\u00f6rl\u00fck, sovyetler i\u00e7inde \u00f6rg\u00fctlenmi\u015f ve son kongresinde bildirildi\u011fine g\u00f6re (Nisan, 1920), 611.000 \u00fcyesi bulunan Kom\u00fcnist (Bol\u015fevik) Partisinin y\u00f6netti\u011fi proletarya taraf\u0131ndan ger\u00e7ekle\u015ftirilmi\u015ftir. Partinin \u00fcye say\u0131s\u0131nda, Ekim devriminden \u00f6nce ve sonra hissedilir de\u011fi\u015fiklikler oldu; \u00fcye say\u0131s\u0131, eskiden, hatta 1918 ve 1919&#8217;da bile \u00e7ok daha az \u00f6nem ta\u015f\u0131yordu. Biz, partinin \u00f6l\u00e7\u00fcy\u00fc a\u015fan bir geni\u015flemesinden korkmaktay\u0131z, \u00e7\u00fcnk\u00fc kariyeristler ve (idam sehpas\u0131na lay\u0131k) sahtekar tak\u0131m\u0131, \u015f\u00fcphesiz ki, iktidar partisinin saflar\u0131na s\u0131zma \u00e7abas\u0131ndad\u0131rlar. Yaln\u0131z i\u015f\u00e7ilere ve k\u00f6yl\u00fclere olmak \u00fczere partinin kap\u0131lar\u0131n\u0131 son defa ard\u0131na kadar a\u00e7mam\u0131z, Yudeni\u00e7&#8217;in Petrograt&#8217;tan birka\u00e7 verst uzakl\u0131kta oldu\u011fu ve Denikin&#8217;in de Orel&#8217;de bulundu\u011fu (Moskova&#8217;ya yakla\u015f\u0131k olarak 350 km.) 1919 k\u0131\u015f\u0131ndayd\u0131; yani Sovyetler Cumhuriyetini, korkun\u00e7 bir tehlikenin, bir \u00f6l\u00fcm tehlikesinin tehdit etti\u011fi bir anda, kom\u00fcnistlere kat\u0131lmakla, macerac\u0131lar\u0131n, kariyeristlerin ve sahtekar tak\u0131m\u0131n\u0131n ve genel olarak istikrars\u0131z unsurlar\u0131n, \u00e7\u0131kar sa\u011flayacaklar\u0131 bir kariyer umamayacaklar\u0131, tam tersine, bu y\u00fczden i\u015fkenceyi ve \u00f6l\u00fcm\u00fc beklemeleri gerekti\u011fi bir anda. Her y\u0131l kongresini toplayan partiyi, kongrenin se\u00e7ti\u011fi 19 \u00fcyeden kurulu bir Merkez Komitesi y\u00f6netir (son kongreye, 1.000 \u00fcye, bir delege g\u00f6ndermi\u015ftir); g\u00fcnl\u00fck \u00e7al\u0131\u015fmalar, Moskova&#8217;da &#8220;\u00d6rgb\u00fcro&#8221;\u00a0 [\u00d6rg\u00fctlenme B\u00fcrosu] ve &#8220;Politb\u00fcro&#8221; [Siyasi B\u00fcro] diye adland\u0131r\u0131lan Merkez Komitesi taraf\u0131ndan se\u00e7ilen ve herbiri be\u015f \u00fcyeden kurulu bulunan daha da s\u0131n\u0131rl\u0131 komiteler taraf\u0131ndan y\u00fcr\u00fct\u00fcl\u00fcr. Demek ki, bundan \u00e7\u0131kan sonu\u00e7, &#8220;oligar\u015fi&#8221;nin en hakikisidir. Ve bizim cumhuriyetimizde, Partinin Merkez Komitesinin direktifleri al\u0131nmadan, hi\u00e7 bir siyasi sorun ya da \u00f6rg\u00fctlenme sorunu, bir devlet kurumu taraf\u0131ndan \u00e7\u00f6z\u00fcme ba\u011flanmaz.<\/p>\n<p style=\"text-align: justify;\">\u00c7al\u0131\u015fmalar\u0131nda parti, son kongrenin verilerine g\u00f6re (Nisan, 1920) bug\u00fcn 4 milyondan \u00e7ok \u00fcyesi olan ve resmen partisiz bulunan sendikalara do\u011frudan do\u011fruya dayan\u0131r. Ger\u00e7ekte sendikalar\u0131n b\u00fcy\u00fck \u00e7o\u011funlu\u011funun y\u00f6netici kurumlar\u0131n\u0131n t\u00fcm\u00fc ve ba\u015fta Rusya Sendikalar Merkezi ya da B\u00fcrosu (Rusya Sendikalar\u0131 Merkez \u015e\u00fbras\u0131) kom\u00fcnistlerden kuruludur ve partinin b\u00fct\u00fcn direktiflerini uygular. B\u00f6ylelikle elde edilmi\u015f olan, resmen kom\u00fcnist olmayan daha esnek ve daha geni\u015f olan \u00e7ok g\u00fc\u00e7l\u00fc bir proleter cihaz\u0131d\u0131r, partiyi s\u0131n\u0131fa ve y\u0131\u011f\u0131nlara s\u0131k\u0131 s\u0131k\u0131 ba\u011flayan ve partinin y\u00f6netimi alt\u0131nda s\u0131n\u0131f diktat\u00f6rl\u00fc\u011f\u00fcn\u00fc ger\u00e7ekle\u015ftiren bir cihaz. Sendikalarla en s\u0131k\u0131 ba\u011flar kurulmadan, sendikalar\u0131n enerjik deste\u011fi olmadan, sadece iktisadi kurulu\u015fta de\u011fil, ama ayn\u0131 zamanda askeri \u00f6rg\u00fctlenmede de ve sendikalar\u0131n feragatle \u00e7al\u0131\u015fmalar\u0131 olmadan, besbelli ki, ikibu\u00e7uk y\u0131l de\u011fil, ikibu\u00e7uk ay bile \u00fclkeyi y\u00f6netemezdik. Pratikte b\u00f6yle s\u0131k\u0131 ba\u011flar\u0131n \u00e7ok \u00e7e\u015fitli ve \u00e7apra\u015f\u0131k bir propaganda ve bilin\u00e7lendirme \u00e7al\u0131\u015fmas\u0131 gerektirdi\u011fini, sadece y\u00f6neticilere de\u011fil, genel olarak sendikan\u0131n etkili militanlar\u0131yla zaman\u0131nda ve s\u0131k s\u0131k konferanslar gerektirdi\u011fini; bug\u00fcn bile say\u0131lar\u0131 az olmakla birlikte, aram\u0131zda taraftarlar\u0131 bulunan ve (burjuva) demokrasinin ideolojik savunmas\u0131ndan, sendikalar\u0131n &#8220;ba\u011f\u0131ms\u0131zl\u0131\u011f\u0131ndan&#8221;, (proleter devlet iktidar\u0131 kar\u015f\u0131s\u0131nda ba\u011f\u0131ms\u0131zl\u0131k!) proleter disiplininin vb. baltalanmas\u0131na kadar her t\u00fcrl\u00fc kar\u015f\u0131-devrimci hilelere ba\u015fvuran men\u015feviklere\u00a0 kar\u015f\u0131, kesin bir sava\u015f\u0131 gerektirdi\u011fini anlamak kolayd\u0131r.<\/p>\n<p style=\"text-align: justify;\">&#8220;Y\u0131\u011f\u0131nlarla&#8221; ba\u011flant\u0131 kurman\u0131n sendikalar arac\u0131l\u0131\u011f\u0131yla yeterli olmad\u0131\u011f\u0131n\u0131 kabul ediyoruz. Pratik, bizde, devrim s\u0131ras\u0131nda, b\u00fct\u00fcn olanaklar\u0131m\u0131zla muhafaza etmeye, geli\u015ftirmeye ve geni\u015fletmeye \u00e7al\u0131\u015ft\u0131\u011f\u0131m\u0131z bir kurumu meydana getirmi\u015ftir: bu, bize, y\u0131\u011f\u0131nlar\u0131n ruh haletini gizleme, y\u0131\u011f\u0131nlara yakla\u015fma, onlar\u0131n ihtiya\u00e7lar\u0131n\u0131 kar\u015f\u0131lama, i\u00e7lerindeki en iyi unsurlar\u0131 devlet g\u00f6revlerine \u00e7a\u011f\u0131rma vb. olana\u011f\u0131n\u0131 sa\u011flayan partisiz i\u015f\u00e7i ve k\u00f6yl\u00fc konferanslar\u0131d\u0131r. Devlet Kontrol Halk Komiserli\u011fini, &#8220;\u0130\u015f\u00e7i ve K\u00f6yl\u00fc Denetlemesi&#8221; olarak yeniden \u00f6rg\u00fctlendirmeyi hedef tutan son bir kararname, bu partisizler konferanslar\u0131na, bir\u00e7ok i\u015fleri vb. yeniden g\u00f6zden ge\u00e7irecek olan devlet denetleme hizmetleri \u00fcyelerini se\u00e7me hakk\u0131n\u0131 tan\u0131yor.<br \/>Bundan ba\u015fka, bilindi\u011fi gibi, b\u00fct\u00fcn parti \u00e7al\u0131\u015fmas\u0131, meslek ayr\u0131m\u0131 yapmaks\u0131z\u0131n, emek\u00e7i y\u0131\u011f\u0131nlar\u0131 ba\u011fr\u0131nda toplayan sovyetler arac\u0131l\u0131\u011f\u0131yla yap\u0131lmaktad\u0131r. B\u00f6lge sovyet kongreleri, burjuva d\u00fcnyas\u0131n\u0131n en iyi demokratik cumhuriyetlerinde bile \u015fimdiye kadar g\u00f6r\u00fclmemi\u015f olan \u00f6l\u00e7\u00fcde demokratik bir kurumdur; (partinin \u00e7al\u0131\u015fmalar\u0131n\u0131 b\u00fcy\u00fck ve s\u00fcrekli bir dikkatle izlemeye \u00e7al\u0131\u015ft\u0131\u011f\u0131) bu kongreler arac\u0131l\u0131\u011f\u0131 suretiyledir ki, ve ayn\u0131 zamanda k\u00f6ylere, orada \u00e7e\u015fitli g\u00f6revleri doldurmak i\u00e7in bilin\u00e7li i\u015f\u00e7ileri durmadan yollamak suretiyledir ki, proletarya, k\u00f6yl\u00fcye kar\u015f\u0131 y\u00f6netici rol\u00fcn\u00fc yerine getirmektedir; \u015fehir proletaryas\u0131n\u0131n diktat\u00f6rl\u00fc\u011f\u00fc ger\u00e7ekle\u015fmekte, zengin k\u00f6yl\u00fclere, burjuvalara, s\u00f6m\u00fcr\u00fcc\u00fclere, spek\u00fclat\u00f6rlere vb. kar\u015f\u0131 sistemli sava\u015f y\u00fcr\u00fct\u00fclmektedir.<\/p>\n<p style=\"text-align: justify;\">&#8220;Yukardan&#8221; bak\u0131ld\u0131\u011f\u0131nda, proleter devlet iktidar\u0131n\u0131n, diktat\u00f6rl\u00fc\u011f\u00fcn pratikte uygulanmas\u0131 bak\u0131m\u0131ndan, genel mekanizmas\u0131 b\u00f6yledir. Okurun, bu mekanizmay\u0131 tan\u0131yan, k\u00fc\u00e7\u00fck illegal gruplardan ba\u015flayarak yirmibe\u015f y\u0131l i\u00e7inde do\u011fup geli\u015fti\u011fini g\u00f6rm\u00fc\u015f olan Rus bol\u015fevi\u011fine, ni\u00e7in b\u00fct\u00fcn bu &#8220;tepeden inme&#8221; mi yoksa &#8220;tabandan gelme&#8221;\u00a0 mi diktat\u00f6rl\u00fck \u00fczerine, lider mi yoksa y\u0131\u011f\u0131nlar m\u0131 vb. \u00fczerine tart\u0131\u015fmalar\u0131n, \u00f6rne\u011fin insan i\u00e7in sol baca\u011f\u0131n\u0131n m\u0131, yoksa sa\u011f kolunun mu daha gerekli oldu\u011fu konusundaki bir tart\u0131\u015fma kadar \u00e7ocuk\u00e7a ve g\u00fcl\u00fcn\u00e7 g\u00f6r\u00fcnd\u00fc\u011f\u00fcn\u00fc anlayaca\u011f\u0131 umulabilir.<\/p>\n<p style=\"text-align: justify;\">Devrimcilerin gerici sendikalar i\u00e7inde m\u00fccadele etmemeleri gerekti\u011fini, bu \u00e7al\u0131\u015fmadan vazge\u00e7ilebilece\u011fini, sendikalardan \u00e7\u0131k\u0131p, yepyeni, tertemiz, pek sevimli (ve \u00e7o\u011funlukla herhalde gencecik) vb. bir &#8220;i\u015f\u00e7i birli\u011fini&#8221; ihmal etmeden \u00f6rg\u00fctlendirilmesinin gerekti\u011fini iddia eden Alman &#8220;sol&#8221;lar\u0131n\u0131n pek bilgili ve korkun\u00e7 derecede devrimci ciddi beyanlar\u0131 da, bize daha az \u00e7ocuk\u00e7a ve g\u00fcl\u00fcn\u00e7 gelmeyecektir.<\/p>\n<p style=\"text-align: justify;\">Kapitalizm, sosyalizme, zorunlu olarak, bir yandan i\u015f\u00e7iler aras\u0131nda y\u00fczy\u0131llar i\u00e7inde yerle\u015fmi\u015f olan eski mesleki ve lonca ayr\u0131mlar\u0131n\u0131 miras b\u0131rak\u0131rken, \u00f6te yandan (sadece tek zanaat ve meslek kurulu\u015flar\u0131 de\u011fil, b\u00fct\u00fcn sanayii kucaklayan) daha geni\u015f sanayi sendikalar\u0131 haline gelebilmeleri i\u00e7in, y\u0131llar\u0131n ve y\u0131llar\u0131n ge\u00e7mesi gereken sendikalar\u0131 da miras b\u0131rakm\u0131\u015ft\u0131r. Bu sanayi sendikalar\u0131n\u0131n arac\u0131l\u0131\u011f\u0131yla, ilerde, insanlar aras\u0131ndaki i\u015fb\u00f6l\u00fcm\u00fc ortadan kald\u0131r\u0131lacakt\u0131r; her y\u00f6nden geli\u015fmi\u015f evrensel bir haz\u0131rl\u0131ktan ge\u00e7mi\u015f ve her \u015feyi yapabilen insanlar\u0131n e\u011fitimine, \u00f6\u011fretimine ve \u015fekillenmesine ge\u00e7ilecektir. Ve o zaman kom\u00fcnizme var\u0131lm\u0131\u015f olunacakt\u0131r, ama ancak uzun y\u0131llardan sonra. Bug\u00fcn pratik olarak tam geli\u015fmi\u015f olan, k\u00f6k salm\u0131\u015f, \u015fekillenmi\u015f, a\u00e7\u0131l\u0131p serpilmi\u015f ve olgunla\u015fm\u0131\u015f bir kom\u00fcnizmin gelecekteki sonu\u00e7lar\u0131n\u0131 ger\u00e7ekle\u015fmi\u015f sayarak hareket etmek, d\u00f6rt ya\u015f\u0131ndaki bir \u00e7ocu\u011fa y\u00fcksek matematik \u00f6\u011fretmeye benzer.<\/p>\n<p style=\"text-align: justify;\">Biz, sosyalizmi kurma i\u015fine, hayali ya da bu maksatla \u00f6zel olarak te\u015fkil etti\u011fimiz insan malzemesiyle de\u011fil, kapitalizmin bize miras b\u0131rakt\u0131\u011f\u0131yla giri\u015febiliriz ve giri\u015fmeliyiz. Hi\u00e7 \u015f\u00fcphe yok ki, bu, \u00e7ok zor bir i\u015ftir; ama soruna bunun d\u0131\u015f\u0131nda bir yakla\u015f\u0131\u015f, o kadar ciddiyetten uzakt\u0131r ki, bunun s\u00f6z\u00fcn\u00fc bile etmek gereksizdir.<\/p>\n<p style=\"text-align: justify;\">Sendikalar, kapitalizmin geli\u015fmesinin ba\u015flang\u0131c\u0131nda i\u015f\u00e7i s\u0131n\u0131f\u0131na pek b\u00fcy\u00fck bir ilerleme sa\u011flad\u0131lar; bu \u00f6rg\u00fctler, i\u015f\u00e7ilerin da\u011f\u0131n\u0131k ve g\u00fc\u00e7s\u00fcz durumuna son verip onlar\u0131n ilk s\u0131n\u0131f grupla\u015fmalar\u0131n\u0131 ger\u00e7ekle\u015ftirdiler. Proleterlerin en y\u00fcksek s\u0131n\u0131f bile\u015fmesi bi\u00e7imi, proletaryan\u0131n devrimci partisi geli\u015fmeye ba\u015flad\u0131\u011f\u0131 zaman (ki bu parti \u00f6nderleri, s\u0131n\u0131f\u0131 ve y\u0131\u011f\u0131nlar\u0131 homojen ve b\u00f6l\u00fcnmez bir b\u00fct\u00fcn i\u00e7inde birbirine ba\u011flamay\u0131 ba\u015farmadan b\u00f6yle bir ada lay\u0131k olamaz), sendikalar ka\u00e7\u0131n\u0131lmaz olarak baz\u0131 gerici \u00f6zellikler: bir \u00e7e\u015fit meslek \u00f6rg\u00fct\u00fc dar g\u00f6r\u00fc\u015fl\u00fcl\u00fc\u011f\u00fc, siyaset d\u0131\u015f\u0131 kalma e\u011filimi, rutinlere saplanma vb. e\u011filimi g\u00f6stermeye, ba\u015flad\u0131lar. Ama d\u00fcnyan\u0131n hi\u00e7 bir yerinde proletaryan\u0131n geli\u015fmesi, sendikalar olmadan, sendikalar\u0131n ve i\u015f\u00e7i s\u0131n\u0131f\u0131n\u0131n partisinin kar\u015f\u0131l\u0131kl\u0131 aksiyonu olmadan ger\u00e7ekle\u015fmemi\u015ftir ve ger\u00e7ekle\u015femez. Siyasi iktidar\u0131n proletarya taraf\u0131ndan ele ge\u00e7irilmesi, bu s\u0131n\u0131f i\u00e7in ileriye do\u011fru at\u0131lm\u0131\u015f muazzam bir ad\u0131md\u0131r. Onun i\u00e7in parti, eskisinden daha \u00e7ok ve eski tarzla yetinmeyerek yeni bir bi\u00e7imde sendikalar\u0131 e\u011fitmeli ve y\u00f6netmelidir; ama bunu yaparken sendikalar\u0131n uzun s\u00fcre &#8220;proleter kom\u00fcnizm okulu&#8221; olarak ve proleterlerin kendi iktidarlar\u0131n\u0131 uygulamaya yarayan haz\u0131rl\u0131k okullar\u0131 olarak, \u00fclkenin b\u00fct\u00fcn ekonomisinin y\u00f6netimin derece derece, ilk\u00f6nce i\u015f\u00e7i s\u0131n\u0131f\u0131n\u0131n eline (\u015fu ya da bu mesle\u011fin de\u011fil, t\u00fcm i\u015f\u00e7i s\u0131n\u0131f\u0131n\u0131n eline) ve sonra da emek\u00e7ilerin t\u00fcm\u00fcn\u00fcn eline ge\u00e7mesi i\u00e7in gerekli i\u015f\u00e7i grupla\u015fmalar\u0131 olarak varl\u0131klar\u0131n\u0131 s\u00fcrd\u00fcreceklerini unutmamal\u0131d\u0131r.<\/p>\n<p style=\"text-align: justify;\">Sendikalar\u0131n bu anlamda belirli bir &#8220;gerici zihniyet&#8221; g\u00f6stermeleri, proletarya iktidar\u0131 alt\u0131nda, ka\u00e7\u0131n\u0131lmaz bir \u015feydir. Bunu anlamamak, kapitalizmden sosyalizme ge\u00e7i\u015fin temel ko\u015fullar\u0131n\u0131 anlamada tam bir yeteneksizlik g\u00f6stermektir. Bu &#8220;gerici zihniyet&#8221;ten korkmak, ondan\u00a0 ka\u00e7\u0131nmak, onu g\u00f6rmezlikten gelmek, b\u00fcy\u00fck yan\u0131lg\u0131ya d\u00fc\u015fmek olur; \u00e7\u00fcnk\u00fc bu, proletaryan\u0131n \u00f6nc\u00fc olarak rol\u00fcn\u00fc, i\u015f\u00e7i s\u0131n\u0131f\u0131n\u0131n ve k\u00f6yl\u00fcn\u00fcn en geri kat ve y\u0131\u011f\u0131nlar\u0131n\u0131 e\u011fitme, ayd\u0131nlatma, yeni bir ya\u015fant\u0131ya \u00e7a\u011f\u0131rma rol\u00fcn\u00fc benimsemekten \u00e7ekinmek anlam\u0131n\u0131 ta\u015f\u0131r. \u00d6te yandan proletarya diktat\u00f6rl\u00fc\u011f\u00fcn\u00fc, meslek darg\u00f6r\u00fc\u015fl\u00fcl\u00fc\u011f\u00fcne tutulmu\u015f tek bir i\u015f\u00e7inin kalmayaca\u011f\u0131, trade-unionist \u00f6nyarg\u0131lara kap\u0131lm\u0131\u015f tek bir i\u015f\u00e7inin bile kalmayaca\u011f\u0131 zamana b\u0131rakmak daha vahim bir yan\u0131lg\u0131 olur. Politika sanat\u0131 (ve bir kom\u00fcnistin g\u00f6revlerini do\u011fru olarak anlamas\u0131) proletaryan\u0131n \u00f6nc\u00fcs\u00fcn\u00fcn iktidar\u0131 ele ge\u00e7irebilece\u011fi ko\u015fullar\u0131n ve an\u0131n, iktidar\u0131 al\u0131rken ve ald\u0131ktan sonra i\u015f\u00e7i s\u0131n\u0131f\u0131n\u0131n ve proleter olmayan emek\u00e7i y\u0131\u011f\u0131nlar\u0131n yeteri kadar geni\u015f tabakalar\u0131n\u0131n yeterli deste\u011finden yararlanabilece\u011fi, ve iktidara ge\u00e7ince gittik\u00e7e daha geni\u015f emek\u00e7i y\u0131\u011f\u0131nlar\u0131n\u0131 e\u011fiterek ve kendine \u00e7ekerek egemenli\u011fini geni\u015fletebilece\u011fi ko\u015fullar\u0131n ve an\u0131n tam ve do\u011fru olarak de\u011ferlendirilmesini gerektirir.<\/p>\n<p style=\"text-align: justify;\">Devam edelim. Rusya&#8217;dan daha ileri olan \u00fclkelerdeki sendikalarda, belirli bir gerici zihniyet bizdekinden daha g\u00fc\u00e7l\u00fc olarak belirdi ve belirmesi de ka\u00e7\u0131n\u0131lmazd\u0131. Rusya&#8217;da, men\u015fevikler, bu lonca darg\u00f6r\u00fc\u015fl\u00fcl\u00fc\u011f\u00fc, mesleki ve oport\u00fcnist bencillik y\u00fcz\u00fcnden sendikalarda bir destek sa\u011flam\u0131\u015flard\u0131 (ve \u015fimdi bile az say\u0131da baz\u0131 sendikalarda b\u00f6yle bir deste\u011fe k\u0131smen sahiptirler). Bat\u0131n\u0131n men\u015fevikleri sendikalarda daha derinden &#8220;k\u00f6k salm\u0131\u015flard\u0131r&#8221;, ve bu \u00fclkelerde bizdekinden daha g\u00fc\u00e7l\u00fc, darg\u00f6r\u00fc\u015fl\u00fc, bencil, y\u00fcreksiz, \u00e7\u0131karc\u0131 k\u00fc\u00e7\u00fck-burjuva ve emperyalist zihniyetli, emperyalizmin sat\u0131n ald\u0131\u011f\u0131, ahlaks\u0131z bir &#8220;i\u015f\u00e7i aristokrasisi&#8221; ortaya \u00e7\u0131km\u0131\u015ft\u0131r. Bu, tart\u0131\u015fma g\u00f6t\u00fcrmez Gompers&#8217;lere kar\u015f\u0131, Bat\u0131 Avrupa&#8217;da Jouhaux, Henderson, Merrheim, Legien ve \u015f\u00fcrekas\u0131na kar\u015f\u0131 m\u00fccadele, siyasi ve toplumsal bak\u0131mdan tam olarak benzerleri bir tip olan bizim men\u015feviklerimize kar\u015f\u0131 m\u00fccadeleden \u00e7ok daha\u00a0 zordur. Bu m\u00fccadele, amans\u0131z bir m\u00fccadele olacakt\u0131r ve m\u00fccadeleyi bizim yapt\u0131\u011f\u0131m\u0131z gibi oport\u00fcnizmin ve sosyal-\u015fovenizmin islah olmaz liderlerinin ipli\u011fini tam olarak pazara \u00e7\u0131karana ve b\u00f6ylelerini sendikalardan kovana dek s\u00fcrd\u00fcr\u00fclmelidir. Bu m\u00fccadele belirli bir noktaya vard\u0131r\u0131lmadan siyasi iktidar\u0131 elde etmek olanaks\u0131zd\u0131r (ve bu yap\u0131lmadan iktidar\u0131 alma yolunda bir \u00e7aba g\u00f6sterilmemelidir de); ve bu, her yerde bir de\u011fildir, m\u00fccadelenin hangi dereceye kadar vard\u0131r\u0131laca\u011f\u0131n\u0131, ancak her \u00fclkenin proletaryas\u0131n\u0131n akl\u0131 ba\u015f\u0131nda, tecr\u00fcbeli ve yetkili siyasi y\u00f6neticileri tayin edeceklerdir. (Rusya&#8217;da bu m\u00fccadelenin ne \u00f6l\u00e7\u00fcde ba\u015far\u0131l\u0131 olaca\u011f\u0131 konusunda ipucunu bize 25 Ekim 1917 proleter devriminden birka\u00e7 g\u00fcn sonra, 1917 Kas\u0131m\u0131nda Kurucu Meclis se\u00e7imleri verdi. Bu se\u00e7imlerde, men\u015fevikler, tam bir yenilgiye u\u011frad\u0131lar, bol\u015feviklerin elde ettikleri 9 milyon oya kar\u015f\u0131l\u0131k 700 bin \u2013Vladi-Kafkas oylar\u0131n\u0131 da eklersek 1 milyon 400 bin\u2013 oy ald\u0131lar. Bu konuyla ilgili Kom\u00fcnist Enternasyonal dergisinin 7-8. say\u0131lar\u0131ndaki &#8220;Kurucu Meclis Se\u00e7imleri ve Proletarya Diktat\u00f6rl\u00fc\u011f\u00fc&#8221; ba\u015fl\u0131kl\u0131 yaz\u0131ma bak\u0131n\u0131z.)<\/p>\n<p style=\"text-align: justify;\">Ama biz, m\u00fccadeleyi, &#8220;i\u015f\u00e7i aristokrasisi&#8221;ne kar\u015f\u0131 m\u00fccadeleyi, i\u015f\u00e7i y\u0131\u011f\u0131nlar\u0131 ad\u0131na, bu y\u0131\u011f\u0131nlar\u0131 kendi taraf\u0131m\u0131za kazanmak i\u00e7in yapar\u0131z: i\u015f\u00e7i s\u0131n\u0131f\u0131n\u0131 kendi yan\u0131m\u0131za \u00e7ekmek i\u00e7in oport\u00fcnist ve sosyal-\u015foven liderlerle sava\u015f\u0131r\u0131z. Bu kadar a\u00e7\u0131k ve belli bir ilkel ger\u00e7e\u011fi g\u00f6rmemek sa\u00e7mal\u0131k olur. Sendika y\u00f6netici \u00e7evrelerinin gerici ve kar\u015f\u0131-devrimci zihniyetinden, kom\u00fcnistlerin sendikalardan \u00e7\u0131kmalar\u0131 gerekti\u011fi!! ve sendikalarda \u00e7al\u0131\u015f\u0131lmamas\u0131!! sonucuna varan ve kendi ke\u015fifleri!! olan yeni i\u015f\u00e7i \u00f6rg\u00fct bi\u00e7imleri yaratmak isteyen &#8220;sol&#8221; Alman kom\u00fcnistleri i\u015fte bu hatay\u0131 i\u015fliyorlar. Bu, burjuvaziye hizmet etmeye e\u015fit affedilmez bir sa\u00e7mal\u0131kt\u0131r. \u00c7\u00fcnk\u00fc, bizim men\u015feviklerimiz olsun, sendikalardaki b\u00fct\u00fcn oport\u00fcnist sosyal-\u015foven ve kautskici liderler olsun, (bizim, men\u015fevikler\u00a0 i\u00e7in her zaman dedi\u011fimiz gibi) &#8220;i\u015f\u00e7i s\u0131n\u0131f\u0131n\u0131n i\u00e7inde burjuvazinin ajanlar\u0131&#8221;ndan, ya da Daniel de L\u00e9one&#8217;un Amerikal\u0131 taraftarlar\u0131n\u0131n g\u00fczel ve son derece do\u011fru deyi\u015fiyle &#8220;kapitalist s\u0131n\u0131f\u0131n i\u015f\u00e7i kahyalar\u0131&#8221;ndan (labour lieutenants of the capitalist class) ba\u015fka bir \u015fey de\u011fillerdir. Gerici sendikalarda \u00e7al\u0131\u015fmamak demek, gerekti\u011fi kadar geli\u015fmemi\u015f olan ya da hen\u00fcz geri olan i\u015f\u00e7i y\u0131\u011f\u0131nlar\u0131n\u0131, gerici liderlerin etkisine, burjuvazi ajanlar\u0131n\u0131n, aristokrat i\u015f\u00e7ilerin ya da &#8220;burjuvala\u015fm\u0131\u015f i\u015f\u00e7ilerin&#8221; etkisine terketmek demektir (bu konuyla ilgili Engels&#8217;in Marx&#8217;a \u0130ngiliz i\u015f\u00e7ilerinin durumuyla ilgili mektubuna ba\u015fvurunuz, 1858 ).<\/p>\n<p style=\"text-align: justify;\">Kom\u00fcnistlerin gerici sendikalara kat\u0131lmamas\u0131n\u0131 savunan g\u00fcl\u00fcn\u00e7 &#8220;teori&#8221;, &#8220;sol&#8221; kom\u00fcnistlerin &#8220;y\u0131\u011f\u0131nlar&#8221; \u00fczerinde etki sorununu nas\u0131l hafiflikle ele ald\u0131klar\u0131n\u0131 ve bu y\u00fczden &#8220;y\u0131\u011f\u0131nlar&#8221; kelimesini nas\u0131l k\u00f6t\u00fcye kulland\u0131klar\u0131n\u0131 g\u00f6sterir. &#8220;Y\u0131\u011f\u0131nlara&#8221; yard\u0131mc\u0131 olabilmek i\u00e7in, onlar\u0131n sevgisini kazanabilmek i\u00e7in, davaya kat\u0131lmalar\u0131n\u0131 ve desteklerini sa\u011flayabilmek i\u00e7in, oport\u00fcnist ve sosyal-\u015foven olarak, \u00e7o\u011funlukla \u2013do\u011frudan do\u011fruya ya da dolayl\u0131 olarak\u2013 burjuvaziyle ve polisle ba\u011flant\u0131lar\u0131 olan &#8220;liderlerin&#8221; \u00f6n\u00fcm\u00fcze \u00e7\u0131karacaklar\u0131 g\u00fc\u00e7l\u00fcklerden, ba\u015fvuracaklar\u0131 hilelerden, kuracaklar\u0131 tuzaklardan, hakaretlerden, bask\u0131lardan y\u0131lmamak gerekir. Ve mutlaka y\u0131\u011f\u0131nlar\u0131n oldu\u011fu yerde \u00e7al\u0131\u015fmak gerekir. As\u0131l, kurumlarda, derneklerde, \u00f6rg\u00fctlerde, proleter ya da yar\u0131-proleter y\u0131\u011f\u0131nlar\u0131n bulundu\u011fu her yerde (bunlar en gerici e\u011filimde olsalar bile) y\u00f6ntemli, azimli, inat\u00e7\u0131,ve sab\u0131rl\u0131 bir bilin\u00e7lendirme \u00e7al\u0131\u015fmas\u0131yla b\u00fct\u00fcn fedakarl\u0131klar\u0131 g\u00f6ze almak, en b\u00fcy\u00fck engelleri g\u00f6\u011f\u00fcslemeyi bilmek gerekir. Sendikalar ve (baz\u0131 durumlarda) i\u015f\u00e7i kooperatifleri ise, y\u0131\u011f\u0131nlar\u0131n bulundu\u011fu \u00f6rg\u00fctlerin ta kendileridirler. 10 Mart 1920 tarihli Folkets Dagblad Politiken ad\u0131ndaki \u0130sve\u00e7 gazetesinin yazd\u0131\u011f\u0131na g\u00f6re, \u0130ngiltere&#8217;de sendika \u00fcyeleri say\u0131s\u0131, 1917 y\u0131l\u0131 sonundan 1918 y\u0131l\u0131 sonuna kadar, %19 bir art\u0131\u015f\u00a0 g\u00f6stererek, 5.500.000&#8217;den 6.600.000&#8217;e ula\u015fm\u0131\u015ft\u0131r. 1919 y\u0131l\u0131n\u0131n sonunda bu say\u0131, 7.500.000&#8217;e varm\u0131\u015ft\u0131r. Fransa ve Almanya i\u00e7in bu konuda elimde rakam yok, ama herkesin bildi\u011fi tart\u0131\u015fma g\u00f6t\u00fcrmez ger\u00e7ekler, bu \u00fclkelerde de sendikal\u0131 i\u015f\u00e7ilerin \u00f6nemli \u00f6l\u00e7\u00fcde art\u0131\u015f\u0131na tan\u0131kl\u0131k etmektedir.<\/p>\n<p style=\"text-align: justify;\">Bu ger\u00e7ekler ba\u015fka binlerce belirtinin de do\u011frulad\u0131\u011f\u0131 bir \u015feyi a\u00e7\u0131k\u00e7a g\u00f6stermektedir: proletarya y\u0131\u011f\u0131nlar\u0131n\u0131n geri &#8220;alt katlar\u0131nda&#8221; beliren bilin\u00e7lenme ve \u00f6rg\u00fctlenmeye do\u011fru artan bir e\u011filim, \u0130ngiltere&#8217;de, Fransa&#8217;da, Almanya&#8217;da milyonlarca i\u015f\u00e7i ilk defa olarak tam bir \u00f6rg\u00fcts\u00fczl\u00fck durumundan, ilkel, a\u015fa\u011f\u0131, en basit ve burjuva demokratik \u00f6nyarg\u0131lardan hen\u00fcz kurtulmam\u0131\u015f olanlar i\u00e7in en kolayca ula\u015f\u0131labilir \u00f6rg\u00fct bi\u00e7imine, sendikalara ge\u00e7mektedirler. Ve devrimci, ama ak\u0131ls\u0131z olan &#8220;sol&#8221; kom\u00fcnistler, &#8220;y\u0131\u011f\u0131nlar! y\u0131\u011f\u0131nlar!&#8221; diye ba\u011f\u0131r\u0131rlarken, \u00f6te yandan, &#8220;gerici zihniyet&#8221;lerini!! bahane ederek sendikalar\u00a0\u00a0 i\u00e7inde m\u00fccadeleyi reddediyorlar!! Ve yepyeni, tertemiz, burjuva demokratik \u00f6nyarg\u0131lardan, mesleki darg\u00f6r\u00fc\u015fl\u00fcl\u00fck g\u00fcnahlar\u0131ndan ar\u0131nm\u0131\u015f bir &#8220;i\u015f\u00e7i birli\u011fi&#8221;ni ileri s\u00fcr\u00fcyorlar, \u2013 iddialar\u0131na g\u00f6re bu birlik geni\u015f bir \u00f6rg\u00fct olacakt\u0131r (&#8220;olacakt\u0131r&#8221; diyorum) ve buna kat\u0131lmak i\u00e7in sadece (sadece!) &#8220;Sovyet sistemini ve diktat\u00f6rl\u00fc\u011f\u00fc kabul etmek&#8221; gerekiyor, (yukarda aktar\u0131lan pasaja bak\u0131n\u0131z)!!<br \/>&#8220;Sol&#8221; devrimcilerin bundan daha b\u00fcy\u00fck ak\u0131ls\u0131zl\u0131k etmeleri, devrime bundan daha \u00e7ok zarar getirmeleri d\u00fc\u015f\u00fcn\u00fclemez! Ama biz, Rusya&#8217;da, Rusya&#8217;n\u0131n ve Antant\u0131n burjuvazisine kar\u015f\u0131 ikibu\u00e7uk y\u0131l s\u00fcresince sa\u011flad\u0131\u011f\u0131m\u0131z emsalsiz zaferlerden sonra bile, b\u00fct\u00fcn sendikalara girmek i\u00e7in &#8220;diktat\u00f6rl\u00fc\u011f\u00fcn tan\u0131nmas\u0131&#8221; \u015fart\u0131n\u0131 ko\u015fsayd\u0131k, b\u00fcy\u00fck ak\u0131ls\u0131zl\u0131k ederdik, y\u0131\u011f\u0131nlar \u00fczerindeki etkimizi zay\u0131flat\u0131rd\u0131k, men\u015feviklerin oyununa gelmi\u015f olurduk. \u00c7\u00fcnk\u00fc kom\u00fcnistlerin b\u00fct\u00fcn g\u00f6revi, bilin\u00e7lenmede ge\u00e7 kalanlar\u0131 inand\u0131rmay\u0131 bilmek, onlar\u0131n aras\u0131nda \u00e7al\u0131\u015fmay\u0131 bilmektir, yoksa \u00e7ocuk\u00e7a uydurmalardan ba\u015fka bir \u015fey\u00a0 olmayan &#8220;sol&#8221; sloganlar ileri s\u00fcrerek onlardan ayr\u0131lmak de\u011fildir.<\/p>\n<p style=\"text-align: justify;\">Hi\u00e7 \u015f\u00fcphe yok ki, Bay Gompers gibileri, Henderson, Jouhaux, Legien ve \u015f\u00fcrekas\u0131 Alman &#8220;ilke&#8221; muhalefetindekiler gibi (tanr\u0131 bizi b\u00f6yle &#8220;ilkeler&#8221;den korusun!), ya da IWW (D\u00fcnya Sanayi \u0130\u015f\u00e7ileri) \u00f6rg\u00fct\u00fcndeki baz\u0131 Amerikal\u0131 devrimciler gibi, gerici sendikalar\u0131n terkedilmesini savunan ve bunlarda \u00e7al\u0131\u015fmay\u0131 reddeden o &#8220;sol&#8221; devrimcilere pek minnettard\u0131rlar. Hi\u00e7 \u015f\u00fcphemiz olmas\u0131n ki, oport\u00fcnizmin &#8220;liderleri&#8221; olan baylar, sendikalar\u0131n kap\u0131s\u0131n\u0131 devrimcilere kapamak i\u00e7in, onlar\u0131 her \u00e7areye ba\u015fvurarak sendikalarda safd\u0131\u015f\u0131 edebilmek i\u00e7in, kom\u00fcnistlerin sendikalarda \u00e7al\u0131\u015fmalar\u0131n\u0131 m\u00fcmk\u00fcn oldu\u011fu kadar tats\u0131z hale getirebilmek i\u00e7in, onlar\u0131 hakaretlere u\u011fratmak, rahats\u0131z etmek ve bask\u0131 alt\u0131nda tutmak i\u00e7in, burjuva diplomasisinin b\u00fct\u00fcn manevralar\u0131na ba\u015fvuracaklar, burjuva h\u00fck\u00fcmetlerin, papazlar\u0131n, polisin, mahkemelerin yard\u0131m\u0131n\u0131 bu yolda sa\u011flamak i\u00e7in ellerinden geleni yapacaklard\u0131r. Sendikalara girebilmek, sendikalar i\u00e7inde kalabilmek ve her ne pahas\u0131na olursa olsun devrimci eylemi bu \u00f6rg\u00fctler i\u00e7inde y\u00fcr\u00fctebilmek i\u00e7in b\u00fct\u00fcn bunlara g\u00f6\u011f\u00fcs vermek gerekir, her t\u00fcrl\u00fc fedakarl\u0131\u011fa raz\u0131 olmak, (e\u011fer gerekirse) sava\u015f hilelerine ba\u015fvurmak, gizli eylem y\u00f6ntemlerini uygulamak gerekir. 1905&#8217;e kadar \u00e7arl\u0131k d\u00fczeninde &#8220;hi\u00e7 bir legal olana\u011f\u0131m\u0131z&#8221; yoktu; ama Zubatov ad\u0131ndaki polis, devrimcileri tuza\u011fa d\u00fc\u015f\u00fcrmek ve yenilgiye u\u011fratmak i\u00e7in a\u015f\u0131r\u0131 gerici i\u015f\u00e7i toplant\u0131lar\u0131n\u0131 yapt\u0131\u011f\u0131 ve i\u015f\u00e7i derneklerini \u00f6rg\u00fctlendirdi\u011fi zaman, bu toplant\u0131lara ve bu derneklere partimizin \u00fcyelerini biz yolluyorduk (bunlar aras\u0131nda yaman bir militan olan ve 1906&#8217;da \u00e7ar\u0131n generalleri taraf\u0131ndan kur\u015funa dizilen Petersburglu i\u015f\u00e7i Babu\u015fkin&#8217;i hat\u0131rlar\u0131m), bunlar, y\u0131\u011f\u0131nlarla ba\u011flant\u0131 kuruyorlard\u0131, propaganda eylemlerini ustaca y\u00fcr\u00fct\u00fcyorlard\u0131 ve i\u015f\u00e7ileri Zubatov&#8217;un adamlar\u0131n\u0131n etkisinden\u00a0 kurtar\u0131yorlard\u0131. Hi\u00e7 \u015f\u00fcphe yok ki, k\u00f6k salm\u0131\u015f, legalci, anayasac\u0131, burjuva demokratik \u00f6nyarg\u0131lar\u0131 iyice benimsemi\u015f olan Bat\u0131 Avrupa \u00fclkelerinde ayn\u0131 \u015feyi yapmak daha zordur. Ama gene de bu yap\u0131labilir ve bunu sistematik olarak yapmak gerekir.<\/p>\n<p style=\"text-align: justify;\">Bence III. Enternasyonalin Y\u00fcr\u00fctme Komitesi, gerici sendikalara kat\u0131lmama politikas\u0131n\u0131 a\u00e7\u0131k\u00e7a su\u00e7lamal\u0131 ve Enternasyonalin \u00f6n\u00fcm\u00fczdeki kongresinde bu politikan\u0131n genel bir tarzda su\u00e7lanmas\u0131n\u0131 sa\u011flamak i\u00e7in harekete ge\u00e7melidir (b\u00f6yle bir kat\u0131lmama politikas\u0131n\u0131n ak\u0131ls\u0131zca ve proletarya devrimine ni\u00e7in son derece zararl\u0131 oldu\u011fu b\u00fct\u00fcn ayr\u0131nt\u0131lar\u0131yla a\u00e7\u0131klanarak g\u00f6sterilmelidir), ve Y\u00fcr\u00fctme Komitesi bu yanl\u0131\u015f politikay\u0131 \u2013do\u011frudan do\u011fruya ya da dolayl\u0131 olarak, a\u00e7\u0131k\u00e7a ya da \u00fcst\u00fc \u00f6rt\u00fcl\u00fc bir bi\u00e7imde tam olarak ya da k\u0131smen, bu \u00f6nemli de\u011fildir\u2013 desteklemi\u015f olanlar\u0131n davran\u0131\u015f\u0131n\u0131 da su\u00e7lamal\u0131d\u0131r. III. Enternasyonal, II. Enternasyonalin takti\u011fini k\u0131rmal\u0131d\u0131r, \u00e7\u00f6z\u00fcm\u00fc zor sorunlardan ka\u00e7mamal\u0131d\u0131r, bunlar\u0131 \u00f6rtbas etmemelidir, tam tersine, bunlara cepheden a\u00e7\u0131k\u00e7a kar\u015f\u0131 koyabilmelidir. &#8220;Ba\u011f\u0131ms\u0131zlara&#8221; (Almanya Ba\u011f\u0131ms\u0131z Sosyal-Demokrat Partisine) b\u00fct\u00fcn ger\u00e7e\u011fi, hem de y\u00fczlerine kar\u015f\u0131 s\u00f6ylemi\u015f bulunuyoruz; bu ger\u00e7e\u011fi, &#8220;sol&#8221; kom\u00fcnistlere de ayn\u0131 \u015fekilde s\u00f6ylemeliyiz.<\/p>\n<p style=\"text-align: justify;\">Vladimir \u0130lyi\u00e7 Lenin | &#8220;Sol&#8221; Kom\u00fcnizm Bir \u00c7ocukluk Hastal\u0131\u011f\u0131<\/p>\n","protected":false},"excerpt":{"rendered":"<p>Alman &#8220;sollar\u0131&#8221; bu soruya, teredd\u00fcts\u00fcz olumsuz cevap verilmesi gerekti\u011fi kan\u0131s\u0131ndad\u0131rlar. Onlara g\u00f6re &#8220;gerici&#8221; ve &#8220;kar\u015f\u0131-devrimci&#8221; sendikalara kar\u015f\u0131 \u00f6fkeyle savrulan k\u00fcf\u00fcrler ve bu cinsten parlak beyanlar, devrimcilerin sar\u0131 sendikalarda, kar\u015f\u0131-devrimci sendikalarda, sosyal-\u015fovenlerin, uzla\u015f\u0131c\u0131lar\u0131n, Legien&#8217;lerin sendikalar\u0131nda m\u00fccadele etmelerinin gereksizli\u011fini &#8220;tan\u0131tlamaya&#8221; yeter (K. Horner, bu g\u00f6r\u00fc\u015f\u00fc, \u00f6zel ve ahmak\u00e7a bir &#8220;a\u011f\u0131rba\u015fl\u0131l\u0131kla&#8221; do\u011frulamaktad\u0131r). Ama Alman &#8220;sollar\u0131&#8221;, bu takti\u011fin devrimci [&hellip;]<\/p>\n","protected":false},"author":1,"featured_media":0,"comment_status":"open","ping_status":"open","sticky":false,"template":"","format":"standard","meta":{"footnotes":""},"categories":[57],"tags":[],"class_list":{"0":"post-6833","1":"post","2":"type-post","3":"status-publish","4":"format-standard","6":"category-vladimir-ilyic-lenin"},"yoast_head":"<!-- This site is optimized with the Yoast SEO Premium plugin v24.9 (Yoast SEO v24.9) - https:\/\/yoast.com\/wordpress\/plugins\/seo\/ -->\n<title>Devrimciler Gerici Sendikalara Girip M\u00fccadele Etmeli midirler ? | V.\u0130.Lenin - narteks.net<\/title>\n<meta name=\"robots\" content=\"index, follow, max-snippet:-1, max-image-preview:large, max-video-preview:-1\" \/>\n<link rel=\"canonical\" href=\"https:\/\/narteks.net\/index.php\/2011\/10\/05\/devrimciler-gerici-sendikalara-girip-mucadele-etmeli-midirler-vilenin\/\" \/>\n<meta property=\"og:locale\" content=\"tr_TR\" \/>\n<meta property=\"og:type\" content=\"article\" \/>\n<meta property=\"og:title\" content=\"Devrimciler Gerici Sendikalara Girip M\u00fccadele Etmeli midirler ? | V.\u0130.Lenin\" \/>\n<meta property=\"og:description\" content=\"Alman &#8220;sollar\u0131&#8221; bu soruya, teredd\u00fcts\u00fcz olumsuz cevap verilmesi gerekti\u011fi kan\u0131s\u0131ndad\u0131rlar. Onlara g\u00f6re &#8220;gerici&#8221; ve &#8220;kar\u015f\u0131-devrimci&#8221; sendikalara kar\u015f\u0131 \u00f6fkeyle savrulan k\u00fcf\u00fcrler ve bu cinsten parlak beyanlar, devrimcilerin sar\u0131 sendikalarda, kar\u015f\u0131-devrimci sendikalarda, sosyal-\u015fovenlerin, uzla\u015f\u0131c\u0131lar\u0131n, Legien&#8217;lerin sendikalar\u0131nda m\u00fccadele etmelerinin gereksizli\u011fini &#8220;tan\u0131tlamaya&#8221; yeter (K. Horner, bu g\u00f6r\u00fc\u015f\u00fc, \u00f6zel ve ahmak\u00e7a bir &#8220;a\u011f\u0131rba\u015fl\u0131l\u0131kla&#8221; do\u011frulamaktad\u0131r). Ama Alman &#8220;sollar\u0131&#8221;, bu takti\u011fin devrimci [&hellip;]\" \/>\n<meta property=\"og:url\" content=\"https:\/\/narteks.net\/index.php\/2011\/10\/05\/devrimciler-gerici-sendikalara-girip-mucadele-etmeli-midirler-vilenin\/\" \/>\n<meta property=\"og:site_name\" content=\"narteks.net\" \/>\n<meta property=\"article:published_time\" content=\"2011-10-05T07:52:40+00:00\" \/>\n<meta property=\"og:image\" content=\"https:\/\/narteks.net\/wp-content\/uploads\/narteks.png\" \/>\n\t<meta property=\"og:image:width\" content=\"300\" \/>\n\t<meta property=\"og:image:height\" content=\"90\" \/>\n\t<meta property=\"og:image:type\" content=\"image\/png\" \/>\n<meta name=\"author\" content=\"Tar\u0131k\" \/>\n<meta name=\"twitter:card\" content=\"summary_large_image\" \/>\n<meta name=\"twitter:creator\" content=\"@narteks\" \/>\n<meta name=\"twitter:site\" content=\"@narteks\" \/>\n<meta name=\"twitter:label1\" content=\"Yazan:\" \/>\n\t<meta name=\"twitter:data1\" content=\"Tar\u0131k\" \/>\n\t<meta name=\"twitter:label2\" content=\"Tahmini okuma s\u00fcresi\" \/>\n\t<meta name=\"twitter:data2\" content=\"19 dakika\" \/>\n<script type=\"application\/ld+json\" class=\"yoast-schema-graph\">{\"@context\":\"https:\/\/schema.org\",\"@graph\":[{\"@type\":\"Article\",\"@id\":\"https:\/\/narteks.net\/index.php\/2011\/10\/05\/devrimciler-gerici-sendikalara-girip-mucadele-etmeli-midirler-vilenin\/#article\",\"isPartOf\":{\"@id\":\"https:\/\/narteks.net\/index.php\/2011\/10\/05\/devrimciler-gerici-sendikalara-girip-mucadele-etmeli-midirler-vilenin\/\"},\"author\":{\"name\":\"Tar\u0131k\",\"@id\":\"https:\/\/narteks.net\/#\/schema\/person\/61f37d9834294b72d31d274e7ed79bca\"},\"headline\":\"Devrimciler Gerici Sendikalara Girip M\u00fccadele Etmeli midirler ? | V.\u0130.Lenin\",\"datePublished\":\"2011-10-05T07:52:40+00:00\",\"mainEntityOfPage\":{\"@id\":\"https:\/\/narteks.net\/index.php\/2011\/10\/05\/devrimciler-gerici-sendikalara-girip-mucadele-etmeli-midirler-vilenin\/\"},\"wordCount\":3721,\"commentCount\":0,\"publisher\":{\"@id\":\"https:\/\/narteks.net\/#organization\"},\"articleSection\":[\"Vladimir \u0130lyi\u00e7 Lenin\"],\"inLanguage\":\"tr\",\"potentialAction\":[{\"@type\":\"CommentAction\",\"name\":\"Comment\",\"target\":[\"https:\/\/narteks.net\/index.php\/2011\/10\/05\/devrimciler-gerici-sendikalara-girip-mucadele-etmeli-midirler-vilenin\/#respond\"]}]},{\"@type\":\"WebPage\",\"@id\":\"https:\/\/narteks.net\/index.php\/2011\/10\/05\/devrimciler-gerici-sendikalara-girip-mucadele-etmeli-midirler-vilenin\/\",\"url\":\"https:\/\/narteks.net\/index.php\/2011\/10\/05\/devrimciler-gerici-sendikalara-girip-mucadele-etmeli-midirler-vilenin\/\",\"name\":\"Devrimciler Gerici Sendikalara Girip M\u00fccadele Etmeli midirler ? | V.\u0130.Lenin - narteks.net\",\"isPartOf\":{\"@id\":\"https:\/\/narteks.net\/#website\"},\"datePublished\":\"2011-10-05T07:52:40+00:00\",\"breadcrumb\":{\"@id\":\"https:\/\/narteks.net\/index.php\/2011\/10\/05\/devrimciler-gerici-sendikalara-girip-mucadele-etmeli-midirler-vilenin\/#breadcrumb\"},\"inLanguage\":\"tr\",\"potentialAction\":[{\"@type\":\"ReadAction\",\"target\":[\"https:\/\/narteks.net\/index.php\/2011\/10\/05\/devrimciler-gerici-sendikalara-girip-mucadele-etmeli-midirler-vilenin\/\"]}]},{\"@type\":\"BreadcrumbList\",\"@id\":\"https:\/\/narteks.net\/index.php\/2011\/10\/05\/devrimciler-gerici-sendikalara-girip-mucadele-etmeli-midirler-vilenin\/#breadcrumb\",\"itemListElement\":[{\"@type\":\"ListItem\",\"position\":1,\"name\":\"Anasayfa\",\"item\":\"https:\/\/narteks.net\/\"},{\"@type\":\"ListItem\",\"position\":2,\"name\":\"Devrimciler Gerici Sendikalara Girip M\u00fccadele Etmeli midirler ? | V.\u0130.Lenin\"}]},{\"@type\":\"WebSite\",\"@id\":\"https:\/\/narteks.net\/#website\",\"url\":\"https:\/\/narteks.net\/\",\"name\":\"narteks.net\",\"description\":\"K\u00fclt\u00fcr Sanat Edebiyat Felsefe\",\"publisher\":{\"@id\":\"https:\/\/narteks.net\/#organization\"},\"alternateName\":\"K\u00fclt\u00fcr Sanat Edebiyat Felsefe\",\"potentialAction\":[{\"@type\":\"SearchAction\",\"target\":{\"@type\":\"EntryPoint\",\"urlTemplate\":\"https:\/\/narteks.net\/?s={search_term_string}\"},\"query-input\":{\"@type\":\"PropertyValueSpecification\",\"valueRequired\":true,\"valueName\":\"search_term_string\"}}],\"inLanguage\":\"tr\"},{\"@type\":\"Organization\",\"@id\":\"https:\/\/narteks.net\/#organization\",\"name\":\"narteks.net\",\"url\":\"https:\/\/narteks.net\/\",\"logo\":{\"@type\":\"ImageObject\",\"inLanguage\":\"tr\",\"@id\":\"https:\/\/narteks.net\/#\/schema\/logo\/image\/\",\"url\":\"https:\/\/narteks.net\/wp-content\/uploads\/narteks.png\",\"contentUrl\":\"https:\/\/narteks.net\/wp-content\/uploads\/narteks.png\",\"width\":300,\"height\":90,\"caption\":\"narteks.net\"},\"image\":{\"@id\":\"https:\/\/narteks.net\/#\/schema\/logo\/image\/\"},\"sameAs\":[\"https:\/\/x.com\/narteks\",\"https:\/\/instagram.com\/narteksnet\"]},{\"@type\":\"Person\",\"@id\":\"https:\/\/narteks.net\/#\/schema\/person\/61f37d9834294b72d31d274e7ed79bca\",\"name\":\"Tar\u0131k\",\"image\":{\"@type\":\"ImageObject\",\"inLanguage\":\"tr\",\"@id\":\"https:\/\/narteks.net\/#\/schema\/person\/image\/\",\"url\":\"https:\/\/secure.gravatar.com\/avatar\/50865afb55632c4ae467e0af0930f6510aa2297d8014be502a55b14f3b7550cf?s=96&d=mm&r=g\",\"contentUrl\":\"https:\/\/secure.gravatar.com\/avatar\/50865afb55632c4ae467e0af0930f6510aa2297d8014be502a55b14f3b7550cf?s=96&d=mm&r=g\",\"caption\":\"Tar\u0131k\"},\"sameAs\":[\"http:\/\/narteks.net\"],\"url\":\"https:\/\/narteks.net\/index.php\/author\/narbak\/\"}]}<\/script>\n<!-- \/ Yoast SEO Premium plugin. -->","yoast_head_json":{"title":"Devrimciler Gerici Sendikalara Girip M\u00fccadele Etmeli midirler ? | V.\u0130.Lenin - narteks.net","robots":{"index":"index","follow":"follow","max-snippet":"max-snippet:-1","max-image-preview":"max-image-preview:large","max-video-preview":"max-video-preview:-1"},"canonical":"https:\/\/narteks.net\/index.php\/2011\/10\/05\/devrimciler-gerici-sendikalara-girip-mucadele-etmeli-midirler-vilenin\/","og_locale":"tr_TR","og_type":"article","og_title":"Devrimciler Gerici Sendikalara Girip M\u00fccadele Etmeli midirler ? | V.\u0130.Lenin","og_description":"Alman &#8220;sollar\u0131&#8221; bu soruya, teredd\u00fcts\u00fcz olumsuz cevap verilmesi gerekti\u011fi kan\u0131s\u0131ndad\u0131rlar. Onlara g\u00f6re &#8220;gerici&#8221; ve &#8220;kar\u015f\u0131-devrimci&#8221; sendikalara kar\u015f\u0131 \u00f6fkeyle savrulan k\u00fcf\u00fcrler ve bu cinsten parlak beyanlar, devrimcilerin sar\u0131 sendikalarda, kar\u015f\u0131-devrimci sendikalarda, sosyal-\u015fovenlerin, uzla\u015f\u0131c\u0131lar\u0131n, Legien&#8217;lerin sendikalar\u0131nda m\u00fccadele etmelerinin gereksizli\u011fini &#8220;tan\u0131tlamaya&#8221; yeter (K. Horner, bu g\u00f6r\u00fc\u015f\u00fc, \u00f6zel ve ahmak\u00e7a bir &#8220;a\u011f\u0131rba\u015fl\u0131l\u0131kla&#8221; do\u011frulamaktad\u0131r). Ama Alman &#8220;sollar\u0131&#8221;, bu takti\u011fin devrimci [&hellip;]","og_url":"https:\/\/narteks.net\/index.php\/2011\/10\/05\/devrimciler-gerici-sendikalara-girip-mucadele-etmeli-midirler-vilenin\/","og_site_name":"narteks.net","article_published_time":"2011-10-05T07:52:40+00:00","og_image":[{"width":300,"height":90,"url":"https:\/\/narteks.net\/wp-content\/uploads\/narteks.png","type":"image\/png"}],"author":"Tar\u0131k","twitter_card":"summary_large_image","twitter_creator":"@narteks","twitter_site":"@narteks","twitter_misc":{"Yazan:":"Tar\u0131k","Tahmini okuma s\u00fcresi":"19 dakika"},"schema":{"@context":"https:\/\/schema.org","@graph":[{"@type":"Article","@id":"https:\/\/narteks.net\/index.php\/2011\/10\/05\/devrimciler-gerici-sendikalara-girip-mucadele-etmeli-midirler-vilenin\/#article","isPartOf":{"@id":"https:\/\/narteks.net\/index.php\/2011\/10\/05\/devrimciler-gerici-sendikalara-girip-mucadele-etmeli-midirler-vilenin\/"},"author":{"name":"Tar\u0131k","@id":"https:\/\/narteks.net\/#\/schema\/person\/61f37d9834294b72d31d274e7ed79bca"},"headline":"Devrimciler Gerici Sendikalara Girip M\u00fccadele Etmeli midirler ? | V.\u0130.Lenin","datePublished":"2011-10-05T07:52:40+00:00","mainEntityOfPage":{"@id":"https:\/\/narteks.net\/index.php\/2011\/10\/05\/devrimciler-gerici-sendikalara-girip-mucadele-etmeli-midirler-vilenin\/"},"wordCount":3721,"commentCount":0,"publisher":{"@id":"https:\/\/narteks.net\/#organization"},"articleSection":["Vladimir \u0130lyi\u00e7 Lenin"],"inLanguage":"tr","potentialAction":[{"@type":"CommentAction","name":"Comment","target":["https:\/\/narteks.net\/index.php\/2011\/10\/05\/devrimciler-gerici-sendikalara-girip-mucadele-etmeli-midirler-vilenin\/#respond"]}]},{"@type":"WebPage","@id":"https:\/\/narteks.net\/index.php\/2011\/10\/05\/devrimciler-gerici-sendikalara-girip-mucadele-etmeli-midirler-vilenin\/","url":"https:\/\/narteks.net\/index.php\/2011\/10\/05\/devrimciler-gerici-sendikalara-girip-mucadele-etmeli-midirler-vilenin\/","name":"Devrimciler Gerici Sendikalara Girip M\u00fccadele Etmeli midirler ? | V.\u0130.Lenin - narteks.net","isPartOf":{"@id":"https:\/\/narteks.net\/#website"},"datePublished":"2011-10-05T07:52:40+00:00","breadcrumb":{"@id":"https:\/\/narteks.net\/index.php\/2011\/10\/05\/devrimciler-gerici-sendikalara-girip-mucadele-etmeli-midirler-vilenin\/#breadcrumb"},"inLanguage":"tr","potentialAction":[{"@type":"ReadAction","target":["https:\/\/narteks.net\/index.php\/2011\/10\/05\/devrimciler-gerici-sendikalara-girip-mucadele-etmeli-midirler-vilenin\/"]}]},{"@type":"BreadcrumbList","@id":"https:\/\/narteks.net\/index.php\/2011\/10\/05\/devrimciler-gerici-sendikalara-girip-mucadele-etmeli-midirler-vilenin\/#breadcrumb","itemListElement":[{"@type":"ListItem","position":1,"name":"Anasayfa","item":"https:\/\/narteks.net\/"},{"@type":"ListItem","position":2,"name":"Devrimciler Gerici Sendikalara Girip M\u00fccadele Etmeli midirler ? | V.\u0130.Lenin"}]},{"@type":"WebSite","@id":"https:\/\/narteks.net\/#website","url":"https:\/\/narteks.net\/","name":"narteks.net","description":"K\u00fclt\u00fcr Sanat Edebiyat Felsefe","publisher":{"@id":"https:\/\/narteks.net\/#organization"},"alternateName":"K\u00fclt\u00fcr Sanat Edebiyat Felsefe","potentialAction":[{"@type":"SearchAction","target":{"@type":"EntryPoint","urlTemplate":"https:\/\/narteks.net\/?s={search_term_string}"},"query-input":{"@type":"PropertyValueSpecification","valueRequired":true,"valueName":"search_term_string"}}],"inLanguage":"tr"},{"@type":"Organization","@id":"https:\/\/narteks.net\/#organization","name":"narteks.net","url":"https:\/\/narteks.net\/","logo":{"@type":"ImageObject","inLanguage":"tr","@id":"https:\/\/narteks.net\/#\/schema\/logo\/image\/","url":"https:\/\/narteks.net\/wp-content\/uploads\/narteks.png","contentUrl":"https:\/\/narteks.net\/wp-content\/uploads\/narteks.png","width":300,"height":90,"caption":"narteks.net"},"image":{"@id":"https:\/\/narteks.net\/#\/schema\/logo\/image\/"},"sameAs":["https:\/\/x.com\/narteks","https:\/\/instagram.com\/narteksnet"]},{"@type":"Person","@id":"https:\/\/narteks.net\/#\/schema\/person\/61f37d9834294b72d31d274e7ed79bca","name":"Tar\u0131k","image":{"@type":"ImageObject","inLanguage":"tr","@id":"https:\/\/narteks.net\/#\/schema\/person\/image\/","url":"https:\/\/secure.gravatar.com\/avatar\/50865afb55632c4ae467e0af0930f6510aa2297d8014be502a55b14f3b7550cf?s=96&d=mm&r=g","contentUrl":"https:\/\/secure.gravatar.com\/avatar\/50865afb55632c4ae467e0af0930f6510aa2297d8014be502a55b14f3b7550cf?s=96&d=mm&r=g","caption":"Tar\u0131k"},"sameAs":["http:\/\/narteks.net"],"url":"https:\/\/narteks.net\/index.php\/author\/narbak\/"}]}},"_links":{"self":[{"href":"https:\/\/narteks.net\/index.php\/wp-json\/wp\/v2\/posts\/6833","targetHints":{"allow":["GET"]}}],"collection":[{"href":"https:\/\/narteks.net\/index.php\/wp-json\/wp\/v2\/posts"}],"about":[{"href":"https:\/\/narteks.net\/index.php\/wp-json\/wp\/v2\/types\/post"}],"author":[{"embeddable":true,"href":"https:\/\/narteks.net\/index.php\/wp-json\/wp\/v2\/users\/1"}],"replies":[{"embeddable":true,"href":"https:\/\/narteks.net\/index.php\/wp-json\/wp\/v2\/comments?post=6833"}],"version-history":[{"count":0,"href":"https:\/\/narteks.net\/index.php\/wp-json\/wp\/v2\/posts\/6833\/revisions"}],"wp:attachment":[{"href":"https:\/\/narteks.net\/index.php\/wp-json\/wp\/v2\/media?parent=6833"}],"wp:term":[{"taxonomy":"category","embeddable":true,"href":"https:\/\/narteks.net\/index.php\/wp-json\/wp\/v2\/categories?post=6833"},{"taxonomy":"post_tag","embeddable":true,"href":"https:\/\/narteks.net\/index.php\/wp-json\/wp\/v2\/tags?post=6833"}],"curies":[{"name":"wp","href":"https:\/\/api.w.org\/{rel}","templated":true}]}}