{"id":6836,"date":"2011-10-06T13:51:05","date_gmt":"2011-10-06T10:51:05","guid":{"rendered":"http:\/\/localhost\/wordpress\/2011\/10\/06\/johann-wolfgang-von-goetheye-ait-aforizmalar\/"},"modified":"2011-10-06T13:51:05","modified_gmt":"2011-10-06T10:51:05","slug":"johann-wolfgang-von-goetheye-ait-aforizmalar","status":"publish","type":"post","link":"https:\/\/narteks.net\/index.php\/2011\/10\/06\/johann-wolfgang-von-goetheye-ait-aforizmalar\/","title":{"rendered":"Johann Wolfgang von Goethe&#8217;ye ait Aforizmalar"},"content":{"rendered":"<p><img loading=\"lazy\" decoding=\"async\" src=\"http:\/\/www.biyografim.net\/images\/person\/orjinal\/johann-wolfgang-von-goethe.jpg\" border=\"0\" width=\"155\" height=\"205\" \/><\/p>\n<p>*\u00a0\u00a0\u00a0 A\u015fa\u011f\u0131 d\u00fczeydeki yarat\u0131klar\u0131n zek\u00e2s\u0131n\u0131 yaln\u0131z a\u00e7l\u0131k keskinle\u015ftirir. Tok bir hayvan korkun\u00e7 aptald\u0131r<br \/>*\u00a0\u00a0\u00a0 Anlamayacaklara anlatma sak\u0131n bilebilece\u011fin en g\u00fczel \u015feyleri.<br \/>*\u00a0\u00a0\u00a0 Ancak az \u015fey bildi\u011fimiz zaman bilgimizden emin olabiliriz. Ku\u015fku, bilgi artt\u0131k\u00e7a artar.<br \/>*\u00a0\u00a0\u00a0 Ana-baba iyi terbiye alm\u0131\u015flarsa, \u00e7ocuklar da terbiyeli olur.<br \/>*\u00a0\u00a0\u00a0 Ahlaka ayk\u0131r\u0131 unsurlar, hislerimizi rahats\u0131z etmeyecek \u015fekilde dile getirildikleri zaman, bunlar\u0131 g\u00fcl\u00fcn\u00e7 buluruz.<br \/>*\u00a0\u00a0\u00a0 A\u015fk\u0131m i\u00e7in her\u015feyden vazge\u00e7erim, fakat \u00f6zg\u00fcrl\u00fc\u011f\u00fcm i\u00e7in a\u015fk\u0131mdan da vazge\u00e7erim.<br \/>*\u00a0\u00a0\u00a0 A\u00e7l\u0131k, en ak\u0131ll\u0131 bal\u0131klar\u0131 bile oltaya getirir.<br \/>*\u00a0\u00a0\u00a0 Ak\u0131ls\u0131zlar h\u0131rs\u0131zlar\u0131n en zararl\u0131lar\u0131d\u0131r. Zaman\u0131n\u0131z\u0131 ve ne\u015fenizi \u00e7alarlar.<br \/>*\u00a0\u00a0\u00a0 A\u015fk imkans\u0131z olan bir\u00e7ok \u015feyi m\u00fcmk\u00fcn k\u0131lar.<br \/>*\u00a0\u00a0\u00a0 Adettir; baban\u0131n toplad\u0131\u011f\u0131n\u0131 o\u011flu sa\u00e7ar.<br \/>*\u00a0\u00a0\u00a0 Bask\u0131 ve \u015fiddet yaln\u0131zl\u0131ktan do\u011far, karakter d\u00fcnyan\u0131n f\u0131rt\u0131nalar\u0131 ve dalgalar\u0131 aras\u0131nda \u015fekil al\u0131r.<br \/>*\u00a0\u00a0\u00a0 Ba\u015fkalar\u0131na kendimizden s\u00f6z etmek gayet do\u011fald\u0131r; ba\u015fkalar\u0131n\u0131n kendileri hakk\u0131nda s\u00f6yledi\u011fi \u015feyleri, onlar\u0131n kast etti\u011fi bi\u00e7imde anlamaksa bir k\u00fclt\u00fcr meselesidir.<br \/>*\u00a0\u00a0\u00a0 Ba\u015flang\u0131\u00e7ta eylem vard\u0131. (Faust)<br \/>*\u00a0\u00a0\u00a0 Baz\u0131 kusurlar bir insan\u0131n var olu\u015fu i\u00e7in gereklidir. Eski dostlar\u0131m\u0131z\u0131n baz\u0131 tuhaf \u00f6zellikleri ortadan kalkm\u0131\u015f olsa bu ho\u015fumuza gitmezdi.<br \/>*\u00a0\u00a0\u00a0 Bilgi artt\u0131k\u00e7a huzursuzluk da artar.<br \/>*\u00a0\u00a0\u00a0 Bir adamda azim olmazsa bilgisi \u00f6l\u00fcd\u00fcr.<br \/>*\u00a0\u00a0\u00a0 Bir insan\u0131 tan\u0131mak i\u00e7in neyi g\u00fcl\u00fcn\u00e7 buldu\u011fundan daha iyi bir g\u00f6sterge olamaz.<br \/>*\u00a0\u00a0\u00a0 Bir tart\u0131\u015fma s\u0131ras\u0131nda, k\u0131zd\u0131\u011f\u0131m\u0131z anda ger\u00e7ek i\u00e7in u\u011fra\u015fmay\u0131 b\u0131rak\u0131r, kendimiz i\u00e7in u\u011fra\u015fmaya ba\u015flar\u0131z.<br \/>*\u00a0\u00a0\u00a0 Bir yetenek s\u00fckunet i\u00e7inde meydana gelir, karakter ise d\u00fcnyan\u0131n f\u0131rt\u0131nalar\u0131 i\u00e7inde.<br \/>*\u00a0\u00a0\u00a0 Biraz daha \u0131\u015f\u0131k.(Son s\u00f6z\u00fc)<br \/>*\u00a0\u00a0\u00a0 Bize te\u015fekk\u00fcr borcu olan biriyle kar\u015f\u0131la\u015ft\u0131\u011f\u0131m\u0131zda hemen bunu d\u00fc\u015f\u00fcn\u00fcr\u00fcz. Te\u015fekk\u00fcr bor\u00e7lu oldu\u011fumuz ve bunu hi\u00e7 akl\u0131m\u0131za getirmedi\u011fimiz ki\u015filerle ise ne kadar s\u0131k kar\u015f\u0131la\u015f\u0131r\u0131z?<br \/>*\u00a0\u00a0\u00a0 Bizi kimse aldatamaz; kendi kendimizi aldat\u0131r\u0131z.<br \/>*\u00a0\u00a0\u00a0 B\u00fct\u00fcn dikkatiniz kendinizdeyse mutlulu\u011fu garanti ettiniz demektir.<br \/>*\u00a0\u00a0\u00a0 B\u00fcy\u00fck tutkular umutsuz birer hastal\u0131kt\u0131r. Onlar\u0131 tedavi edebilecek olan \u015fey, onlar\u0131 ger\u00e7ekten tehlikeli hale de sokabilir.<br \/>*\u00a0\u00a0\u00a0 \u00c7\u00f6z\u00fcmde g\u00f6rev almayanlar problemin bir par\u00e7as\u0131 olurlar.<br \/>*\u00a0\u00a0\u00a0 \u00c7eli\u015fki ve dalkavukluk; ikisi de sohbetin de\u011ferini d\u00fc\u015f\u00fcr\u00fcr.<br \/>*\u00a0\u00a0\u00a0 \u00c7i\u00e7e\u011fin dikeni var diye \u00fcz\u00fclece\u011fimize, dikenin \u00e7i\u00e7e\u011fi var diye sevinelim.<br \/>*\u00a0\u00a0\u00a0 D\u00fcnya o kadar b\u00fcy\u00fck ve zengin ki, ya\u015fam da \u00f6ylesine \u00e7e\u015fitli ki insan her zaman bunlardan \u015fiir \u00e7\u0131karma f\u0131rsat\u0131n\u0131 bulabilir. Ama her \u015fiirin bir durumdan do\u011fmas\u0131 gerekir, yani \u015fiirin maddesi ger\u00e7ek olmal\u0131d\u0131r. Hi\u00e7bir \u015fey \u00fczerine dayanmayan bir \u015fiirin iyi olaca\u011f\u0131n\u0131 sanm\u0131yorum.<br \/>*\u00a0\u00a0\u00a0 D\u00fc\u015f\u00fcnmek kolayd\u0131r, yapmak zordur. D\u00fcnyada en g\u00fc\u00e7 olan \u015fey de d\u00fc\u015f\u00fcn\u00fcleni yapmakt\u0131r.<br \/>*\u00a0\u00a0\u00a0 Duydu\u011fumuz \u015feyleri ba\u015fkalar\u0131na anlat\u0131rken onlar\u0131 tahrif etmemizin nedeni zaten ba\u015fta tam anlayamam\u0131\u015f olu\u015fumuzdur.<br \/>*\u00a0\u00a0\u00a0 D\u00fcnya g\u00fczeldir, ama bir \u015fairin g\u00f6z\u00fcyle daha da g\u00fczel olur.<br \/>*\u00a0\u00a0\u00a0 Deliler ve ak\u0131ll\u0131lar ayn\u0131 derecede zarars\u0131zd\u0131rlar. Yaln\u0131z yar\u0131 delilerle yar\u0131 ak\u0131ll\u0131lar \u00e7ok tehlikelidir.<br \/>*\u00a0\u00a0\u00a0 En iyi devlet nedir? Bize kendimizi y\u00f6netmemizi \u00f6\u011fretendir.<br \/>*\u00a0\u00a0\u00a0 En huzurlu toplumlar, \u00fcyeleri aras\u0131nda kar\u015f\u0131l\u0131kl\u0131 g\u00fcler y\u00fcz ve sayg\u0131n\u0131n eksik olmad\u0131\u011f\u0131 toplumlard\u0131r.<br \/>*\u00a0\u00a0\u00a0 En iyi y\u00f6netim kendi kendimizi y\u00f6netmeyi bize \u00f6\u011fretebilecek y\u00f6netimdir.<br \/>*\u00a0\u00a0\u00a0 E\u011fer bir insan kendi karakterine ayk\u0131r\u0131 davran\u0131rsa \u2018Fazla zaman\u0131 kalmad\u0131\u2019 diye yorumlar\u0131z bunu.<br \/>*\u00a0\u00a0\u00a0 E\u011fer Tanr\u0131 ba\u015fka t\u00fcrl\u00fc olmam\u0131 isteseydi, beni ba\u015fka t\u00fcrl\u00fc yarat\u0131rd\u0131.<br \/>*\u00a0\u00a0\u00a0 Faydas\u0131z bir hayat erken bir \u00f6l\u00fcmd\u00fcr.<br \/>*\u00a0\u00a0\u00a0 G\u00fcl\u00fcn dikeni var diye \u00fcz\u00fclece\u011fine, dikenin g\u00fcl\u00fc var diye sevin&#8230;<br \/>*\u00a0\u00a0\u00a0 Gelece\u011fe bakmay\u0131 severiz \u00e7\u00fcnk\u00fc \u00f6n\u00fcm\u00fczde \u015fekilsizce u\u00e7u\u015fmakta olan olaylara diledi\u011fimiz gibi \u015fekil vermek isteriz.<br \/>*\u00a0\u00a0\u00a0 Ger\u00e7e\u011fin g\u00fcc\u00fc ile ya\u015fad\u0131\u011f\u0131m s\u00fcrece kainat\u0131 bile fethedebilirim.<br \/>*\u00a0\u00a0\u00a0 &#8220;G\u00f6nl\u00fcn\u00fc, ne kadar b\u00fcy\u00fck olursa olsun,<br \/> O g\u00f6r\u00fcnmez nesneyle doldur.<br \/> Y\u00fcre\u011fin mutluluktan dolup ta\u015f\u0131nca,<br \/> Ona istedi\u011fin ad\u0131 ver;<br \/> Mutluluk, Sevgi, G\u00f6n\u00fcl, I\u015f\u0131k, Tanr\u0131\u2026<br \/> \u0130sim g\u00fcr\u00fclt\u00fcden ba\u015fka bir\u015fey de\u011fildir.<br \/> G\u00f6klerin ihti\u015fam\u0131n\u0131 bizden gizleyen bir sistir\u2026&#8221;<br \/>*\u00a0\u00a0\u00a0 Her zaman g\u00fcvensizlik g\u00f6stermek, her zaman g\u00fcvenmek kadar b\u00fcy\u00fck bir yanl\u0131\u015fl\u0131kt\u0131r.<br \/>*\u00a0\u00a0\u00a0 Hatalar\u0131m\u0131z\u0131n y\u00fcz\u00fcm\u00fcze vurulmas\u0131ndan , bunlardan \u00f6t\u00fcr\u00fc cezaland\u0131r\u0131lmaktan rahats\u0131z olmay\u0131z, sab\u0131rla bunlar\u0131n ac\u0131s\u0131n\u0131 \u00e7ekeriz; ama kendimizi bu hatalardan ar\u0131nd\u0131rmam\u0131z gerekti\u011finde sabr\u0131m\u0131z ortadan kalkar.<br \/>*\u00a0\u00a0\u00a0 Hangi kusurlar\u0131m\u0131z\u0131 muhafaza edip, kendi i\u00e7imizde dizginleyebiliriz? Di\u011ferlerine zarar vermektense, onlar\u0131n ho\u015funa gidenleri.<br \/>*\u00a0\u00a0\u00a0 Hastal\u0131kl\u0131 bir topluma uyum sa\u011flamak demek, sa\u011fl\u0131kl\u0131 olmak demek de\u011fildir.<br \/>*\u00a0\u00a0\u00a0 Herkes kendi i\u015fini g\u00f6rse, toplumun b\u00fct\u00fcn i\u015fleri d\u00fczg\u00fcn gider.<br \/>*\u00a0\u00a0\u00a0 Hi\u00e7bir \u015fey, zevkten yoksun bir hayalg\u00fcc\u00fcnden daha korkun\u00e7 de\u011fildir.<br \/>*\u00a0\u00a0\u00a0 \u0130nsan\u0131n bilgisi artt\u0131k\u00e7a, huzursuzlu\u011fu da artar.<br \/>*\u00a0\u00a0\u00a0 \u0130nsan her g\u00fcn bir par\u00e7a m\u00fczik dinlemeli, iyi bir \u015fiir okumal\u0131, g\u00fczel bir tablo g\u00f6rmeli ve m\u00fcmk\u00fcnse birka\u00e7 mant\u0131kl\u0131 c\u00fcmle s\u00f6ylemelidir.<br \/>*\u00a0\u00a0\u00a0 \u0130nsanlar\u0131 birle\u015ftiren duygular, ay\u0131ran ise fikirlerdir.<br \/>*\u00a0\u00a0\u00a0 \u0130yilik, insanlar\u0131 birbirine ba\u011flayan alt\u0131n zincirdir.<br \/>*\u00a0\u00a0\u00a0 \u0130nsan kendini yaln\u0131zca insanda tan\u0131r.<br \/>*\u00a0\u00a0\u00a0 \u0130nsanlara olduklar\u0131 gibi muamele edersek, onlar\u0131 daha k\u00f6t\u00fc k\u0131lar\u0131z. E\u011fer onlar\u0131 olmalar\u0131 gerekti\u011fi gibi ele al\u0131rsak, olabilecekleri kadar iyi yapar\u0131z.<br \/>*\u00a0\u00a0\u00a0 \u0130yi bir kar\u0131n m\u0131 olmas\u0131n\u0131 istiyorsun? \u00d6yleyse tam bir koca ol!<br \/>*\u00a0\u00a0\u00a0 \u0130nsan, babas\u0131na bor\u00e7lu oldu\u011fu sayg\u0131y\u0131 ancak baba oldu\u011fu zaman duyar.<br \/>*\u00a0\u00a0\u00a0 \u0130nan\u00e7 ya\u015fam\u0131n g\u00fcc\u00fcd\u00fcr.<br \/>*\u00a0\u00a0\u00a0 Kalp ne ile doluysa, dudaklardan o d\u00f6k\u00fcl\u00fcr gider.<br \/>*\u00a0\u00a0\u00a0 Konu\u015fmak ihtiya\u00e7 olabilir ama susmak bir sanatt\u0131r.<br \/>*\u00a0\u00a0\u00a0 Karde\u015flerimi tanr\u0131 yaratt\u0131 ama dostlar\u0131m\u0131 ben buldum.<br \/>* \u00a0 Kaybedecek bir \u015feyi olmayan insandan korkulur.<br \/>*\u00a0\u00a0\u00a0 Kalabal\u0131k bir toplant\u0131da olup da, bunca insan\u0131 bir araya getiren \u015fans\u0131n kendi dostlar\u0131m\u0131z\u0131 da bir araya getirmesi gerekti\u011fini d\u00fc\u015f\u00fcnmeden edemeyiz.<br \/>*\u00a0\u00a0\u00a0 Kendine h\u00fckmetmeyen u\u015fak kal\u0131r.<br \/>*\u00a0\u00a0\u00a0 Mal\u0131n\u0131 kaybeden, bir \u015fey kaybetmi\u015ftir, onurunu kaybeden bir\u00e7ok \u015fey kaybetmi\u015ftir. Fakat cesaretini kaybeden her \u015feyini kaybetmi\u015ftir.<br \/>*\u00a0\u00a0\u00a0 Mant\u0131kl\u0131 insan s\u0131k s\u0131k g\u00fcl\u00fcnecek bir \u015fey olmad\u0131\u011f\u0131 halde g\u00fcler. Onu k\u0131\u015fk\u0131rtan her ne olursa olsun, verdi\u011fi tepki kendi i\u00e7 huzurunu ifade eder.<br \/>*\u00a0\u00a0\u00a0 Mezardakilerin pi\u015fman olduklari \u015feyler i\u00e7in, d\u00fcnyadakiler birbirlerini yiyorlar!<br \/>*\u00a0\u00a0\u00a0 Niye ki bu bitmek bilmez yarat\u0131l\u0131\u015f,<br \/>*\u00a0\u00a0\u00a0 Yok olacaksa bir g\u00fcn her yarat\u0131lm\u0131\u015f! (Faust)<br \/>*\u00a0\u00a0\u00a0 Ne kadar yal\u0131t\u0131lm\u0131\u015f bir ya\u015fam s\u00fcrerseniz s\u00fcr\u00fcn, haberiniz bile olmadan ya bor\u00e7lu ya da alacakl\u0131 olursunuz&#8230;<br \/>*\u00a0\u00a0\u00a0 Pusulan\u0131n sana do\u011fru yol g\u00f6stermesini mi istiyorsun , \u00f6yleyse onu yan\u0131ndaki m\u0131knat\u0131slardan koru.<br \/>*\u00a0\u00a0\u00a0 Paran\u0131 yitirdin, hi\u00e7bir \u015fey yitirmedin. \u00c7al\u0131\u015f\u0131r kazan\u0131rs\u0131n. Onurunu yitirdin, \u00e7ok \u015fey yitirdin. Ama onu da \u00e7al\u0131\u015f\u0131p kazanabilirsin. Fakat umudunu yitirirsen, hayattaki her\u015feyini yitirirsin.<br \/>*\u00a0\u00a0\u00a0 Sa\u011fduyu, insanl\u0131\u011f\u0131n dehas\u0131d\u0131r.<br \/>*\u00a0\u00a0\u00a0 Sa\u011fduyulu bir insan hemen hemen her \u015feyi g\u00fcl\u00fcn\u00e7 bulur; bilge insansa hemen hemen hi\u00e7bir \u015feyi.<br \/>*\u00a0\u00a0\u00a0 Sald\u0131rganca aptall\u0131k kadar k\u00f6t\u00fc bir \u015fey yoktur.<br \/>*\u00a0\u00a0\u00a0 Samimi olmay\u0131 vaadedebilirim, tarafs\u0131z olmay\u0131 asla.<br \/>*\u00a0\u00a0\u00a0 Sanat\u00e7\u0131lar ve zanaatkarlar, bir insan\u0131n, tamamen kendine mahsus olan \u015feyleri bile kendine mal edemedi\u011finin en a\u00e7\u0131k kan\u0131t\u0131n\u0131 sunarlar. Sanat\u00e7\u0131n\u0131n \u00e7\u0131kard\u0131\u011f\u0131 i\u015fler, do\u011fdu\u011fu yuvay\u0131 terk eden ku\u015flar gibi elinden ka\u00e7\u0131p giderler.<br \/>*\u00a0\u00a0\u00a0 Sevgiye ve tutkuya a\u00e7\u0131k bir kalp kadar d\u00fcnyada de\u011ferli bir \u015fey yoktur.<br \/>*\u00a0\u00a0\u00a0 Sevincin bir ac\u0131 yan\u0131, ac\u0131n\u0131n da bir sevin\u00e7li yan\u0131 olmal\u0131d\u0131r.<br \/>*\u00a0\u00a0\u00a0 S\u00f6ylenen her s\u00f6z kar\u015f\u0131t\u0131n\u0131 k\u0131\u015fk\u0131rt\u0131r.<br \/>*\u00a0\u00a0\u00a0 T\u00fcm erdemlerin temel \u00f6zelli\u011fi, y\u00fckselme yolunda s\u00fcrekli bir \u00e7aba, bizzat kendinle cenkle\u015fme, daha b\u00fcy\u00fck ve derin bir safl\u0131\u011fa, bilgeli\u011fe, iyilik ve sevgiye y\u00f6nelik doymak bilmez bir istek.<br \/>*\u00a0\u00a0\u00a0 Tutkular itiraf edildiklerinde hem \u015fiddetleri artar, hem de yat\u0131\u015f\u0131rlar. Sevdiklerimize s\u00f6ylediklerimiz ve s\u00f6ylemediklerimiz aras\u0131nda bulunacak bir orta yol, belki de ba\u015fka hi\u00e7bir alanda bu kadar arzu edilir bir \u015fey de\u011fildir.<br \/>*\u00a0\u00a0\u00a0 Tutkular\u0131m\u0131z; ya birer kusur ya da birer erdemin daha \u015fiddetli halleridir.<br \/>*\u00a0\u00a0\u00a0 Tutkular\u0131m\u0131z ger\u00e7ek anka ku\u015flar\u0131d\u0131r. Eskisinin k\u00fcllerinden bir yenisi do\u011far.<br \/>*\u00a0\u00a0\u00a0 Tanr\u0131lar bir \u015fark\u0131 i\u00e7in biz o \u015fark\u0131ya d\u00f6n\u00fc\u015f\u00fcnceye kadar, bizden ne \u00e7ok bedel al\u0131rlar!<br \/>*\u00a0\u00a0\u00a0 U\u015fa\u011f\u0131m bile olsa, yanl\u0131\u015flar\u0131m\u0131 d\u00fczelten efendim olur.<br \/>*\u00a0\u00a0\u00a0 Uzun s\u00fcre konu\u015fup da dinleyicilerine yaltaklanmayan ki\u015fi, ho\u015fnutsuzluk uyand\u0131r\u0131r.<br \/>*\u00a0\u00a0\u00a0 \u00dc\u00e7 bin y\u0131l\u0131n hesab\u0131n\u0131 g\u00f6rmeyen karanl\u0131kta yolunu bulamaz, k\u00f6r\u00fc k\u00f6r\u00fcne ya\u015far ancak!<br \/>*\u00a0\u00a0\u00a0 Yapabilirsiniz. \u00c7\u00fcnk\u00fc yapmal\u0131s\u0131n\u0131z!<br \/>*\u00a0\u00a0\u00a0 Yetenek, s\u00fckunet i\u00e7inde ortaya \u00e7\u0131kar. Karakter ise d\u00fcnyan\u0131n f\u0131rt\u0131nalar\u0131 i\u00e7inde.<br \/>*\u00a0\u00a0\u00a0 Yanl\u0131\u015fl\u0131klar denizine g\u00f6m\u00fcld\u00fc\u011f\u00fc halde, umutla bekleyebilen insan ne talihlidir.<br \/>*\u00a0\u00a0\u00a0 Ya\u015fl\u0131 bir adam hala gen\u00e7 kad\u0131nlarla ilgilendi\u011fi i\u00e7in k\u0131nan\u0131nca \u015f\u00f6yle demi\u015fti: \u2018 Bir insan\u0131n kendini gen\u00e7le\u015ftirmesinin tek yolu budur ve bunu yapmay\u0131 herkes ister.\u2019<br \/>*\u00a0\u00a0\u00a0 Y\u00fcz \u00e7e\u015fit \u015feyi yar\u0131m bilmektense bir \u015feyi tam bilip uygulamak insan\u0131 daha iyi yeti\u015ftirir.<br \/>*\u00a0\u00a0\u00a0 Ya\u015famak, kendi kendini adam etmektir. Zeka ve bilgiyi kullanarak etinden kemi\u011finden kendi heykelini yapmakt\u0131r.<br \/>*\u00a0\u00a0\u00a0 Ya\u015fam\u0131mda, fethettim evreni, do\u011frulu\u011fun kudretiyle.(Faust)<\/p>\n","protected":false},"excerpt":{"rendered":"<p>*\u00a0\u00a0\u00a0 A\u015fa\u011f\u0131 d\u00fczeydeki yarat\u0131klar\u0131n zek\u00e2s\u0131n\u0131 yaln\u0131z a\u00e7l\u0131k keskinle\u015ftirir. Tok bir hayvan korkun\u00e7 aptald\u0131r*\u00a0\u00a0\u00a0 Anlamayacaklara anlatma sak\u0131n bilebilece\u011fin en g\u00fczel \u015feyleri.*\u00a0\u00a0\u00a0 Ancak az \u015fey bildi\u011fimiz zaman bilgimizden emin olabiliriz. Ku\u015fku, bilgi artt\u0131k\u00e7a artar.*\u00a0\u00a0\u00a0 Ana-baba iyi terbiye alm\u0131\u015flarsa, \u00e7ocuklar da terbiyeli olur.*\u00a0\u00a0\u00a0 Ahlaka ayk\u0131r\u0131 unsurlar, hislerimizi rahats\u0131z etmeyecek \u015fekilde dile getirildikleri zaman, bunlar\u0131 g\u00fcl\u00fcn\u00e7 buluruz.*\u00a0\u00a0\u00a0 A\u015fk\u0131m i\u00e7in [&hellip;]<\/p>\n","protected":false},"author":1,"featured_media":0,"comment_status":"open","ping_status":"open","sticky":false,"template":"","format":"standard","meta":{"footnotes":""},"categories":[194],"tags":[],"class_list":["post-6836","post","type-post","status-publish","format-standard","category-aforizmalar"],"yoast_head":"<!-- This site is optimized with the Yoast SEO Premium plugin v24.9 (Yoast SEO v24.9) - https:\/\/yoast.com\/wordpress\/plugins\/seo\/ -->\n<title>Johann Wolfgang von Goethe&#039;ye ait Aforizmalar - narteks.net<\/title>\n<meta name=\"robots\" content=\"index, follow, max-snippet:-1, max-image-preview:large, max-video-preview:-1\" \/>\n<link rel=\"canonical\" href=\"https:\/\/narteks.net\/index.php\/2011\/10\/06\/johann-wolfgang-von-goetheye-ait-aforizmalar\/\" \/>\n<meta property=\"og:locale\" content=\"tr_TR\" \/>\n<meta property=\"og:type\" content=\"article\" \/>\n<meta property=\"og:title\" content=\"Johann Wolfgang von Goethe&#039;ye ait Aforizmalar\" \/>\n<meta property=\"og:description\" content=\"*\u00a0\u00a0\u00a0 A\u015fa\u011f\u0131 d\u00fczeydeki yarat\u0131klar\u0131n zek\u00e2s\u0131n\u0131 yaln\u0131z a\u00e7l\u0131k keskinle\u015ftirir. Tok bir hayvan korkun\u00e7 aptald\u0131r*\u00a0\u00a0\u00a0 Anlamayacaklara anlatma sak\u0131n bilebilece\u011fin en g\u00fczel \u015feyleri.*\u00a0\u00a0\u00a0 Ancak az \u015fey bildi\u011fimiz zaman bilgimizden emin olabiliriz. Ku\u015fku, bilgi artt\u0131k\u00e7a artar.*\u00a0\u00a0\u00a0 Ana-baba iyi terbiye alm\u0131\u015flarsa, \u00e7ocuklar da terbiyeli olur.*\u00a0\u00a0\u00a0 Ahlaka ayk\u0131r\u0131 unsurlar, hislerimizi rahats\u0131z etmeyecek \u015fekilde dile getirildikleri zaman, bunlar\u0131 g\u00fcl\u00fcn\u00e7 buluruz.*\u00a0\u00a0\u00a0 A\u015fk\u0131m i\u00e7in [&hellip;]\" \/>\n<meta property=\"og:url\" content=\"https:\/\/narteks.net\/index.php\/2011\/10\/06\/johann-wolfgang-von-goetheye-ait-aforizmalar\/\" \/>\n<meta property=\"og:site_name\" content=\"narteks.net\" \/>\n<meta property=\"article:published_time\" content=\"2011-10-06T10:51:05+00:00\" \/>\n<meta property=\"og:image\" content=\"http:\/\/www.biyografim.net\/images\/person\/orjinal\/johann-wolfgang-von-goethe.jpg\" \/>\n<meta name=\"author\" content=\"Tar\u0131k\" \/>\n<meta name=\"twitter:card\" content=\"summary_large_image\" \/>\n<meta name=\"twitter:creator\" content=\"@narteks\" \/>\n<meta name=\"twitter:site\" content=\"@narteks\" \/>\n<meta name=\"twitter:label1\" content=\"Yazan:\" \/>\n\t<meta name=\"twitter:data1\" content=\"Tar\u0131k\" \/>\n\t<meta name=\"twitter:label2\" content=\"Tahmini okuma s\u00fcresi\" \/>\n\t<meta name=\"twitter:data2\" content=\"8 dakika\" \/>\n<script type=\"application\/ld+json\" class=\"yoast-schema-graph\">{\"@context\":\"https:\/\/schema.org\",\"@graph\":[{\"@type\":\"Article\",\"@id\":\"https:\/\/narteks.net\/index.php\/2011\/10\/06\/johann-wolfgang-von-goetheye-ait-aforizmalar\/#article\",\"isPartOf\":{\"@id\":\"https:\/\/narteks.net\/index.php\/2011\/10\/06\/johann-wolfgang-von-goetheye-ait-aforizmalar\/\"},\"author\":{\"name\":\"Tar\u0131k\",\"@id\":\"https:\/\/narteks.net\/#\/schema\/person\/61f37d9834294b72d31d274e7ed79bca\"},\"headline\":\"Johann Wolfgang von Goethe&#8217;ye ait Aforizmalar\",\"datePublished\":\"2011-10-06T10:51:05+00:00\",\"mainEntityOfPage\":{\"@id\":\"https:\/\/narteks.net\/index.php\/2011\/10\/06\/johann-wolfgang-von-goetheye-ait-aforizmalar\/\"},\"wordCount\":1651,\"commentCount\":0,\"publisher\":{\"@id\":\"https:\/\/narteks.net\/#organization\"},\"image\":{\"@id\":\"https:\/\/narteks.net\/index.php\/2011\/10\/06\/johann-wolfgang-von-goetheye-ait-aforizmalar\/#primaryimage\"},\"thumbnailUrl\":\"http:\/\/www.biyografim.net\/images\/person\/orjinal\/johann-wolfgang-von-goethe.jpg\",\"articleSection\":[\"Aforizmalar\"],\"inLanguage\":\"tr\",\"potentialAction\":[{\"@type\":\"CommentAction\",\"name\":\"Comment\",\"target\":[\"https:\/\/narteks.net\/index.php\/2011\/10\/06\/johann-wolfgang-von-goetheye-ait-aforizmalar\/#respond\"]}]},{\"@type\":\"WebPage\",\"@id\":\"https:\/\/narteks.net\/index.php\/2011\/10\/06\/johann-wolfgang-von-goetheye-ait-aforizmalar\/\",\"url\":\"https:\/\/narteks.net\/index.php\/2011\/10\/06\/johann-wolfgang-von-goetheye-ait-aforizmalar\/\",\"name\":\"Johann Wolfgang von Goethe'ye ait Aforizmalar - narteks.net\",\"isPartOf\":{\"@id\":\"https:\/\/narteks.net\/#website\"},\"primaryImageOfPage\":{\"@id\":\"https:\/\/narteks.net\/index.php\/2011\/10\/06\/johann-wolfgang-von-goetheye-ait-aforizmalar\/#primaryimage\"},\"image\":{\"@id\":\"https:\/\/narteks.net\/index.php\/2011\/10\/06\/johann-wolfgang-von-goetheye-ait-aforizmalar\/#primaryimage\"},\"thumbnailUrl\":\"http:\/\/www.biyografim.net\/images\/person\/orjinal\/johann-wolfgang-von-goethe.jpg\",\"datePublished\":\"2011-10-06T10:51:05+00:00\",\"breadcrumb\":{\"@id\":\"https:\/\/narteks.net\/index.php\/2011\/10\/06\/johann-wolfgang-von-goetheye-ait-aforizmalar\/#breadcrumb\"},\"inLanguage\":\"tr\",\"potentialAction\":[{\"@type\":\"ReadAction\",\"target\":[\"https:\/\/narteks.net\/index.php\/2011\/10\/06\/johann-wolfgang-von-goetheye-ait-aforizmalar\/\"]}]},{\"@type\":\"ImageObject\",\"inLanguage\":\"tr\",\"@id\":\"https:\/\/narteks.net\/index.php\/2011\/10\/06\/johann-wolfgang-von-goetheye-ait-aforizmalar\/#primaryimage\",\"url\":\"http:\/\/www.biyografim.net\/images\/person\/orjinal\/johann-wolfgang-von-goethe.jpg\",\"contentUrl\":\"http:\/\/www.biyografim.net\/images\/person\/orjinal\/johann-wolfgang-von-goethe.jpg\"},{\"@type\":\"BreadcrumbList\",\"@id\":\"https:\/\/narteks.net\/index.php\/2011\/10\/06\/johann-wolfgang-von-goetheye-ait-aforizmalar\/#breadcrumb\",\"itemListElement\":[{\"@type\":\"ListItem\",\"position\":1,\"name\":\"Anasayfa\",\"item\":\"https:\/\/narteks.net\/\"},{\"@type\":\"ListItem\",\"position\":2,\"name\":\"Johann Wolfgang von Goethe&#8217;ye ait Aforizmalar\"}]},{\"@type\":\"WebSite\",\"@id\":\"https:\/\/narteks.net\/#website\",\"url\":\"https:\/\/narteks.net\/\",\"name\":\"narteks.net\",\"description\":\"K\u00fclt\u00fcr Sanat Edebiyat Felsefe\",\"publisher\":{\"@id\":\"https:\/\/narteks.net\/#organization\"},\"alternateName\":\"K\u00fclt\u00fcr Sanat Edebiyat Felsefe\",\"potentialAction\":[{\"@type\":\"SearchAction\",\"target\":{\"@type\":\"EntryPoint\",\"urlTemplate\":\"https:\/\/narteks.net\/?s={search_term_string}\"},\"query-input\":{\"@type\":\"PropertyValueSpecification\",\"valueRequired\":true,\"valueName\":\"search_term_string\"}}],\"inLanguage\":\"tr\"},{\"@type\":\"Organization\",\"@id\":\"https:\/\/narteks.net\/#organization\",\"name\":\"narteks.net\",\"url\":\"https:\/\/narteks.net\/\",\"logo\":{\"@type\":\"ImageObject\",\"inLanguage\":\"tr\",\"@id\":\"https:\/\/narteks.net\/#\/schema\/logo\/image\/\",\"url\":\"https:\/\/narteks.net\/wp-content\/uploads\/narteks.png\",\"contentUrl\":\"https:\/\/narteks.net\/wp-content\/uploads\/narteks.png\",\"width\":300,\"height\":90,\"caption\":\"narteks.net\"},\"image\":{\"@id\":\"https:\/\/narteks.net\/#\/schema\/logo\/image\/\"},\"sameAs\":[\"https:\/\/x.com\/narteks\",\"https:\/\/instagram.com\/narteksnet\"]},{\"@type\":\"Person\",\"@id\":\"https:\/\/narteks.net\/#\/schema\/person\/61f37d9834294b72d31d274e7ed79bca\",\"name\":\"Tar\u0131k\",\"image\":{\"@type\":\"ImageObject\",\"inLanguage\":\"tr\",\"@id\":\"https:\/\/narteks.net\/#\/schema\/person\/image\/\",\"url\":\"https:\/\/secure.gravatar.com\/avatar\/50865afb55632c4ae467e0af0930f6510aa2297d8014be502a55b14f3b7550cf?s=96&d=mm&r=g\",\"contentUrl\":\"https:\/\/secure.gravatar.com\/avatar\/50865afb55632c4ae467e0af0930f6510aa2297d8014be502a55b14f3b7550cf?s=96&d=mm&r=g\",\"caption\":\"Tar\u0131k\"},\"sameAs\":[\"http:\/\/narteks.net\"],\"url\":\"https:\/\/narteks.net\/index.php\/author\/narbak\/\"}]}<\/script>\n<!-- \/ Yoast SEO Premium plugin. -->","yoast_head_json":{"title":"Johann Wolfgang von Goethe'ye ait Aforizmalar - narteks.net","robots":{"index":"index","follow":"follow","max-snippet":"max-snippet:-1","max-image-preview":"max-image-preview:large","max-video-preview":"max-video-preview:-1"},"canonical":"https:\/\/narteks.net\/index.php\/2011\/10\/06\/johann-wolfgang-von-goetheye-ait-aforizmalar\/","og_locale":"tr_TR","og_type":"article","og_title":"Johann Wolfgang von Goethe'ye ait Aforizmalar","og_description":"*\u00a0\u00a0\u00a0 A\u015fa\u011f\u0131 d\u00fczeydeki yarat\u0131klar\u0131n zek\u00e2s\u0131n\u0131 yaln\u0131z a\u00e7l\u0131k keskinle\u015ftirir. Tok bir hayvan korkun\u00e7 aptald\u0131r*\u00a0\u00a0\u00a0 Anlamayacaklara anlatma sak\u0131n bilebilece\u011fin en g\u00fczel \u015feyleri.*\u00a0\u00a0\u00a0 Ancak az \u015fey bildi\u011fimiz zaman bilgimizden emin olabiliriz. Ku\u015fku, bilgi artt\u0131k\u00e7a artar.*\u00a0\u00a0\u00a0 Ana-baba iyi terbiye alm\u0131\u015flarsa, \u00e7ocuklar da terbiyeli olur.*\u00a0\u00a0\u00a0 Ahlaka ayk\u0131r\u0131 unsurlar, hislerimizi rahats\u0131z etmeyecek \u015fekilde dile getirildikleri zaman, bunlar\u0131 g\u00fcl\u00fcn\u00e7 buluruz.*\u00a0\u00a0\u00a0 A\u015fk\u0131m i\u00e7in [&hellip;]","og_url":"https:\/\/narteks.net\/index.php\/2011\/10\/06\/johann-wolfgang-von-goetheye-ait-aforizmalar\/","og_site_name":"narteks.net","article_published_time":"2011-10-06T10:51:05+00:00","og_image":[{"url":"http:\/\/www.biyografim.net\/images\/person\/orjinal\/johann-wolfgang-von-goethe.jpg","type":"","width":"","height":""}],"author":"Tar\u0131k","twitter_card":"summary_large_image","twitter_creator":"@narteks","twitter_site":"@narteks","twitter_misc":{"Yazan:":"Tar\u0131k","Tahmini okuma s\u00fcresi":"8 dakika"},"schema":{"@context":"https:\/\/schema.org","@graph":[{"@type":"Article","@id":"https:\/\/narteks.net\/index.php\/2011\/10\/06\/johann-wolfgang-von-goetheye-ait-aforizmalar\/#article","isPartOf":{"@id":"https:\/\/narteks.net\/index.php\/2011\/10\/06\/johann-wolfgang-von-goetheye-ait-aforizmalar\/"},"author":{"name":"Tar\u0131k","@id":"https:\/\/narteks.net\/#\/schema\/person\/61f37d9834294b72d31d274e7ed79bca"},"headline":"Johann Wolfgang von Goethe&#8217;ye ait Aforizmalar","datePublished":"2011-10-06T10:51:05+00:00","mainEntityOfPage":{"@id":"https:\/\/narteks.net\/index.php\/2011\/10\/06\/johann-wolfgang-von-goetheye-ait-aforizmalar\/"},"wordCount":1651,"commentCount":0,"publisher":{"@id":"https:\/\/narteks.net\/#organization"},"image":{"@id":"https:\/\/narteks.net\/index.php\/2011\/10\/06\/johann-wolfgang-von-goetheye-ait-aforizmalar\/#primaryimage"},"thumbnailUrl":"http:\/\/www.biyografim.net\/images\/person\/orjinal\/johann-wolfgang-von-goethe.jpg","articleSection":["Aforizmalar"],"inLanguage":"tr","potentialAction":[{"@type":"CommentAction","name":"Comment","target":["https:\/\/narteks.net\/index.php\/2011\/10\/06\/johann-wolfgang-von-goetheye-ait-aforizmalar\/#respond"]}]},{"@type":"WebPage","@id":"https:\/\/narteks.net\/index.php\/2011\/10\/06\/johann-wolfgang-von-goetheye-ait-aforizmalar\/","url":"https:\/\/narteks.net\/index.php\/2011\/10\/06\/johann-wolfgang-von-goetheye-ait-aforizmalar\/","name":"Johann Wolfgang von Goethe'ye ait Aforizmalar - narteks.net","isPartOf":{"@id":"https:\/\/narteks.net\/#website"},"primaryImageOfPage":{"@id":"https:\/\/narteks.net\/index.php\/2011\/10\/06\/johann-wolfgang-von-goetheye-ait-aforizmalar\/#primaryimage"},"image":{"@id":"https:\/\/narteks.net\/index.php\/2011\/10\/06\/johann-wolfgang-von-goetheye-ait-aforizmalar\/#primaryimage"},"thumbnailUrl":"http:\/\/www.biyografim.net\/images\/person\/orjinal\/johann-wolfgang-von-goethe.jpg","datePublished":"2011-10-06T10:51:05+00:00","breadcrumb":{"@id":"https:\/\/narteks.net\/index.php\/2011\/10\/06\/johann-wolfgang-von-goetheye-ait-aforizmalar\/#breadcrumb"},"inLanguage":"tr","potentialAction":[{"@type":"ReadAction","target":["https:\/\/narteks.net\/index.php\/2011\/10\/06\/johann-wolfgang-von-goetheye-ait-aforizmalar\/"]}]},{"@type":"ImageObject","inLanguage":"tr","@id":"https:\/\/narteks.net\/index.php\/2011\/10\/06\/johann-wolfgang-von-goetheye-ait-aforizmalar\/#primaryimage","url":"http:\/\/www.biyografim.net\/images\/person\/orjinal\/johann-wolfgang-von-goethe.jpg","contentUrl":"http:\/\/www.biyografim.net\/images\/person\/orjinal\/johann-wolfgang-von-goethe.jpg"},{"@type":"BreadcrumbList","@id":"https:\/\/narteks.net\/index.php\/2011\/10\/06\/johann-wolfgang-von-goetheye-ait-aforizmalar\/#breadcrumb","itemListElement":[{"@type":"ListItem","position":1,"name":"Anasayfa","item":"https:\/\/narteks.net\/"},{"@type":"ListItem","position":2,"name":"Johann Wolfgang von Goethe&#8217;ye ait Aforizmalar"}]},{"@type":"WebSite","@id":"https:\/\/narteks.net\/#website","url":"https:\/\/narteks.net\/","name":"narteks.net","description":"K\u00fclt\u00fcr Sanat Edebiyat Felsefe","publisher":{"@id":"https:\/\/narteks.net\/#organization"},"alternateName":"K\u00fclt\u00fcr Sanat Edebiyat Felsefe","potentialAction":[{"@type":"SearchAction","target":{"@type":"EntryPoint","urlTemplate":"https:\/\/narteks.net\/?s={search_term_string}"},"query-input":{"@type":"PropertyValueSpecification","valueRequired":true,"valueName":"search_term_string"}}],"inLanguage":"tr"},{"@type":"Organization","@id":"https:\/\/narteks.net\/#organization","name":"narteks.net","url":"https:\/\/narteks.net\/","logo":{"@type":"ImageObject","inLanguage":"tr","@id":"https:\/\/narteks.net\/#\/schema\/logo\/image\/","url":"https:\/\/narteks.net\/wp-content\/uploads\/narteks.png","contentUrl":"https:\/\/narteks.net\/wp-content\/uploads\/narteks.png","width":300,"height":90,"caption":"narteks.net"},"image":{"@id":"https:\/\/narteks.net\/#\/schema\/logo\/image\/"},"sameAs":["https:\/\/x.com\/narteks","https:\/\/instagram.com\/narteksnet"]},{"@type":"Person","@id":"https:\/\/narteks.net\/#\/schema\/person\/61f37d9834294b72d31d274e7ed79bca","name":"Tar\u0131k","image":{"@type":"ImageObject","inLanguage":"tr","@id":"https:\/\/narteks.net\/#\/schema\/person\/image\/","url":"https:\/\/secure.gravatar.com\/avatar\/50865afb55632c4ae467e0af0930f6510aa2297d8014be502a55b14f3b7550cf?s=96&d=mm&r=g","contentUrl":"https:\/\/secure.gravatar.com\/avatar\/50865afb55632c4ae467e0af0930f6510aa2297d8014be502a55b14f3b7550cf?s=96&d=mm&r=g","caption":"Tar\u0131k"},"sameAs":["http:\/\/narteks.net"],"url":"https:\/\/narteks.net\/index.php\/author\/narbak\/"}]}},"_links":{"self":[{"href":"https:\/\/narteks.net\/index.php\/wp-json\/wp\/v2\/posts\/6836","targetHints":{"allow":["GET"]}}],"collection":[{"href":"https:\/\/narteks.net\/index.php\/wp-json\/wp\/v2\/posts"}],"about":[{"href":"https:\/\/narteks.net\/index.php\/wp-json\/wp\/v2\/types\/post"}],"author":[{"embeddable":true,"href":"https:\/\/narteks.net\/index.php\/wp-json\/wp\/v2\/users\/1"}],"replies":[{"embeddable":true,"href":"https:\/\/narteks.net\/index.php\/wp-json\/wp\/v2\/comments?post=6836"}],"version-history":[{"count":0,"href":"https:\/\/narteks.net\/index.php\/wp-json\/wp\/v2\/posts\/6836\/revisions"}],"wp:attachment":[{"href":"https:\/\/narteks.net\/index.php\/wp-json\/wp\/v2\/media?parent=6836"}],"wp:term":[{"taxonomy":"category","embeddable":true,"href":"https:\/\/narteks.net\/index.php\/wp-json\/wp\/v2\/categories?post=6836"},{"taxonomy":"post_tag","embeddable":true,"href":"https:\/\/narteks.net\/index.php\/wp-json\/wp\/v2\/tags?post=6836"}],"curies":[{"name":"wp","href":"https:\/\/api.w.org\/{rel}","templated":true}]}}