{"id":6837,"date":"2011-10-07T10:25:12","date_gmt":"2011-10-07T07:25:12","guid":{"rendered":"http:\/\/localhost\/wordpress\/2011\/10\/07\/genc-ve-yasli-kadinlara-dair-friedrich-nietzsche\/"},"modified":"2011-10-07T10:25:12","modified_gmt":"2011-10-07T07:25:12","slug":"genc-ve-yasli-kadinlara-dair-friedrich-nietzsche","status":"publish","type":"post","link":"https:\/\/narteks.net\/index.php\/2011\/10\/07\/genc-ve-yasli-kadinlara-dair-friedrich-nietzsche\/","title":{"rendered":"Gen\u00e7 ve Ya\u015fl\u0131 Kad\u0131nlara Dair | Friedrich Nietzsche"},"content":{"rendered":"<p style=\"text-align: justify;\"><img loading=\"lazy\" decoding=\"async\" src=\"images\/stories\/nietzsche1.jpg\" border=\"0\" width=\"155\" height=\"205\" style=\"float: left;\" \/>&#8220;Alacakaranl\u0131kta \u00f6yle \u00fcrkek \u00fcrkek nereye gidiyorsun Zerd\u00fc\u015ft? Paltonun alt\u0131nda ne sakl\u0131yorsun \u00f6yle itinayla? Servet mi sana bah\u015fedilen?<br \/>Ya da bir \u00e7ocuk, senden d\u00fcnyaya gelen? Yoksa sen de mi h\u0131rs\u0131zlar\u0131n yolunu tuttun ey k\u00f6t\u00fclerin dostu?&#8221;<br \/>&#8220;Hakikaten karde\u015fim&#8221; dedi Zerd\u00fc\u015ft, bana bah\u015fedilmi\u015f bir servettir bu: K\u00fc\u00e7\u00fck bir hakikattir bu ta\u015f\u0131d\u0131\u011f\u0131m \u015fey! Fakat bu hakikat, afacan bir \u00e7ocuk gibidir, a\u011fz\u0131n\u0131 kapamasam avaz\u0131 \u00e7\u0131kt\u0131\u011f\u0131 kadar ba\u011f\u0131r\u0131r.<br \/>Bug\u00fcn, g\u00fcne\u015fin batt\u0131\u011f\u0131 bir vakit, yolda y\u00fcr\u00fcrken ihtiyar bir kad\u0131na rastlad\u0131m. \u015e\u00f6yle seslendi g\u00f6nl\u00fcme;<br \/>-&#8220;\u00c7ok \u015fey s\u00f6yledi Zerd\u00fc\u015ft.Lakin kad\u0131nlar hakk\u0131nda hi\u00e7bir\u015fey s\u00f6ylemedi.&#8221;<br \/>Ben de kar\u015f\u0131l\u0131k verdim kendisine;<br \/>-&#8220;Yanl\u0131z erkeklerle konu\u015furum kad\u0131nlar hakk\u0131nda.&#8221;<br \/>&#8220;Bana da bahset&#8221; dedi kad\u0131n: &#8220;S\u00f6ylediklerini unutacak kadar ihtiyar\u0131m&#8221;<br \/>Ve itaat ettim ya\u015fl\u0131 kad\u0131na, \u015f\u00f6yle konu\u015ftum onunla;<br \/>Her\u015fey bir muammad\u0131r kad\u0131nda ve her\u015feyin tek bir \u00e7\u00f6z\u00fcm\u00fc vard\u0131r: Gebelik! Erkek, kad\u0131n i\u00e7in bir ara\u00e7t\u0131r, ama\u00e7 daima \u00e7ocuktur. Peki kad\u0131n nedir erkek i\u00e7in?<br \/>\u0130ki farkl\u0131 \u015fey ister sahih erkek: Tehlike ve oyun! Bundan \u00f6t\u00fcr\u00fc ister kad\u0131n\u0131, en tehlikeli oyuncak olarak.<br \/>Sava\u015f i\u00e7in e\u011fitilmelidir erkek. Ve kad\u0131nsa sava\u015f\u00e7\u0131y\u0131 dinlendirmek i\u00e7in. Bunun d\u0131\u015f\u0131ndaki her\u015fey deliliktir!<br \/>Fazlas\u0131yla tatl\u0131 meyveleri sevmez sava\u015f\u00e7\u0131. Bu sebeple sever kad\u0131n\u0131. En tatl\u0131 kad\u0131n dahi ac\u0131d\u0131r zira.<br \/>Kad\u0131n, \u00e7ocuklar\u0131 erkekten daha iyi anlar. Lakin erkek, daha \u00e7ocuktur kad\u0131ndan.<br \/>Bir \u00e7ocuk gizlidir sahih erkekte. Oynamak ister. Haydi kad\u0131nlar! Ke\u015ffedin bakal\u0131m erkekteki bu \u00e7ocu\u011fu!<br \/>Bir oyuncak olmal\u0131ym\u0131\u015f kad\u0131n. Saf ve zarif, hen\u00fcz te\u015fekk\u00fcl edilmemi\u015f bir d\u00fcnyan\u0131n erdemleriyle m\u00fccevher misali parlayan.<br \/>Sizin sevginizde parlas\u0131n bir y\u0131ld\u0131z\u0131n \u0131\u015f\u0131\u011f\u0131! Umudunuzun tarifi olsun \u015fu: &#8220;\u0130nsan\u00fcst\u00fcn\u00fc do\u011furabilsem&#8221;<br \/>Cesaret olmal\u0131 sevginizde! Sevginizle y\u00fcr\u00fcmelisiniz \u00fcst\u00fcne, sizde korku uyand\u0131ran\u0131n.<br \/>Haysiyet olmal\u0131 sevginizde! Aksi takdirde haysiyeti yeterince idrak edemez kad\u0131n. Haysiyetiniz, sevildi\u011finizden daha fazla sevmek ve hi\u00e7bir zaman ikinci olmamak olmal\u0131!<br \/>Seven kad\u0131ndan korkmal\u0131 erkek: Sevdi\u011fi u\u011fruna her t\u00fcrl\u00fc fedakarl\u0131kta bulunur ve sevgisi d\u0131\u015f\u0131ndaki her\u015fey kaybeder k\u0131ymetini.<br \/>Kin g\u00fcden kad\u0131ndan kormal\u0131 erkek: Zira erkek ruhunun derinli\u011finde \u00e7ok fenad\u0131r. Kad\u0131n ise orada baya\u011f\u0131d\u0131r.<br \/>En \u00e7ok kimden nefret eder kad\u0131n? -Demir b\u00f6yle sormu\u015f m\u0131knat\u0131sa: &#8220;En \u00e7ok senden nefret ederim, zira \u00e7ekersin,fakat yeterince g\u00fc\u00e7l\u00fc de\u011filsin, kendine tutacak kadar.&#8221;<br \/>Erke\u011fin mutluluk tarifi \u015fudur: Ben isterim! Kad\u0131n\u0131n mutluluk tarifi ise: O ister!<br \/>&#8220;\u0130\u015fte \u015fimdi d\u00fcnya kusursuz oldu!&#8221; -b\u00f6yle d\u00fc\u015f\u00fcn\u00fcr, t\u00fcm sevgisiyle itaat eden her kad\u0131n.<br \/>Ve itaat etmelidir kad\u0131n, ve bir derinlik katmal\u0131d\u0131r y\u00fczeyselli\u011fine. Kad\u0131n\u0131n ruhu bir y\u00fczeydir, bir zard\u0131r, s\u0131\u011f sular \u00fczerinde oynamak, f\u0131rt\u0131nal\u0131!<br \/>Erke\u011fin ruhu ise derindir, \u00e7a\u011flar nehri yeralt\u0131 ma\u011faralar\u0131nda: Kad\u0131n onun g\u00fcc\u00fcn\u00fc sezer, lakin idrak edemez.<br \/>\u0130htiyar kad\u0131n bana \u015fu cevab\u0131 verdi: &#8220;Pek sevimli \u015feyler s\u00f6yledi Zerd\u00fc\u015ft, \u00f6zellikle de bunlara uygun ya\u015ftaki gen\u00e7ler i\u00e7in.&#8221;<br \/>Ne tuhaf ki yeterince tan\u0131maz kad\u0131nlar\u0131 Zerd\u00fc\u015ft, ancak hakl\u0131d\u0131r s\u00f6ylediklerinde. Bunun sebebi, kad\u0131nda imkans\u0131z diye bir \u015feyin olmay\u0131\u015f\u0131 m\u0131d\u0131r?<br \/>Ve \u015fimdi k\u00fc\u00e7\u00fck bir hakikati bir te\u015fekk\u00fcr olarak kabul et. Ben b\u00f6ylesi bir hakikati dile getirebilecek kadar ihtiyar\u0131m.<br \/>Onu sar sarmala ve kapa a\u011fz\u0131n\u0131! Yoksa avaz\u0131 \u00e7\u0131kt\u0131\u011f\u0131 kadar hayk\u0131r\u0131r bu hakikat.<br \/>&#8220;Anlat bana kad\u0131n \u015fu hakikati&#8221; dedim. Bunun \u00fczerine \u015f\u00f6yle buyurdu ihtiyar kad\u0131n;<br \/>-&#8220;Kad\u0131nlara m\u0131 gidiyorsun? K\u0131rbac\u0131n\u0131 unutma!&#8221;<\/p>\n<p>Zerd\u00fc\u015ft b\u00f6yle buyurdu&#8230;<\/p>\n<p>Gen\u00e7 ve Ya\u015fl\u0131 Kad\u0131nlara Dair | Friedrich Nietzsche<\/p>\n","protected":false},"excerpt":{"rendered":"<p>&#8220;Alacakaranl\u0131kta \u00f6yle \u00fcrkek \u00fcrkek nereye gidiyorsun Zerd\u00fc\u015ft? Paltonun alt\u0131nda ne sakl\u0131yorsun \u00f6yle itinayla? Servet mi sana bah\u015fedilen?Ya da bir \u00e7ocuk, senden d\u00fcnyaya gelen? Yoksa sen de mi h\u0131rs\u0131zlar\u0131n yolunu tuttun ey k\u00f6t\u00fclerin dostu?&#8221;&#8220;Hakikaten karde\u015fim&#8221; dedi Zerd\u00fc\u015ft, bana bah\u015fedilmi\u015f bir servettir bu: K\u00fc\u00e7\u00fck bir hakikattir bu ta\u015f\u0131d\u0131\u011f\u0131m \u015fey! Fakat bu hakikat, afacan bir \u00e7ocuk gibidir, a\u011fz\u0131n\u0131 [&hellip;]<\/p>\n","protected":false},"author":1,"featured_media":0,"comment_status":"open","ping_status":"open","sticky":false,"template":"","format":"standard","meta":{"footnotes":""},"categories":[73],"tags":[],"class_list":["post-6837","post","type-post","status-publish","format-standard","category-friedrich-wilhelm-nietzsche"],"yoast_head":"<!-- This site is optimized with the Yoast SEO Premium plugin v24.9 (Yoast SEO v24.9) - https:\/\/yoast.com\/wordpress\/plugins\/seo\/ -->\n<title>Gen\u00e7 ve Ya\u015fl\u0131 Kad\u0131nlara Dair | Friedrich Nietzsche - narteks.net<\/title>\n<meta name=\"robots\" content=\"index, follow, max-snippet:-1, max-image-preview:large, max-video-preview:-1\" \/>\n<link rel=\"canonical\" href=\"https:\/\/narteks.net\/index.php\/2011\/10\/07\/genc-ve-yasli-kadinlara-dair-friedrich-nietzsche\/\" \/>\n<meta property=\"og:locale\" content=\"tr_TR\" \/>\n<meta property=\"og:type\" content=\"article\" \/>\n<meta property=\"og:title\" content=\"Gen\u00e7 ve Ya\u015fl\u0131 Kad\u0131nlara Dair | Friedrich Nietzsche\" \/>\n<meta property=\"og:description\" content=\"&#8220;Alacakaranl\u0131kta \u00f6yle \u00fcrkek \u00fcrkek nereye gidiyorsun Zerd\u00fc\u015ft? Paltonun alt\u0131nda ne sakl\u0131yorsun \u00f6yle itinayla? Servet mi sana bah\u015fedilen?Ya da bir \u00e7ocuk, senden d\u00fcnyaya gelen? Yoksa sen de mi h\u0131rs\u0131zlar\u0131n yolunu tuttun ey k\u00f6t\u00fclerin dostu?&#8221;&#8220;Hakikaten karde\u015fim&#8221; dedi Zerd\u00fc\u015ft, bana bah\u015fedilmi\u015f bir servettir bu: K\u00fc\u00e7\u00fck bir hakikattir bu ta\u015f\u0131d\u0131\u011f\u0131m \u015fey! Fakat bu hakikat, afacan bir \u00e7ocuk gibidir, a\u011fz\u0131n\u0131 [&hellip;]\" \/>\n<meta property=\"og:url\" content=\"https:\/\/narteks.net\/index.php\/2011\/10\/07\/genc-ve-yasli-kadinlara-dair-friedrich-nietzsche\/\" \/>\n<meta property=\"og:site_name\" content=\"narteks.net\" \/>\n<meta property=\"article:published_time\" content=\"2011-10-07T07:25:12+00:00\" \/>\n<meta property=\"og:image\" content=\"https:\/\/narteks.net\/wp-content\/uploads\/narteks.png\" \/>\n\t<meta property=\"og:image:width\" content=\"300\" \/>\n\t<meta property=\"og:image:height\" content=\"90\" \/>\n\t<meta property=\"og:image:type\" content=\"image\/png\" \/>\n<meta name=\"author\" content=\"Tar\u0131k\" \/>\n<meta name=\"twitter:card\" content=\"summary_large_image\" \/>\n<meta name=\"twitter:creator\" content=\"@narteks\" \/>\n<meta name=\"twitter:site\" content=\"@narteks\" \/>\n<meta name=\"twitter:label1\" content=\"Yazan:\" \/>\n\t<meta name=\"twitter:data1\" content=\"Tar\u0131k\" \/>\n\t<meta name=\"twitter:label2\" content=\"Tahmini okuma s\u00fcresi\" \/>\n\t<meta name=\"twitter:data2\" content=\"3 dakika\" \/>\n<script type=\"application\/ld+json\" class=\"yoast-schema-graph\">{\"@context\":\"https:\/\/schema.org\",\"@graph\":[{\"@type\":\"Article\",\"@id\":\"https:\/\/narteks.net\/index.php\/2011\/10\/07\/genc-ve-yasli-kadinlara-dair-friedrich-nietzsche\/#article\",\"isPartOf\":{\"@id\":\"https:\/\/narteks.net\/index.php\/2011\/10\/07\/genc-ve-yasli-kadinlara-dair-friedrich-nietzsche\/\"},\"author\":{\"name\":\"Tar\u0131k\",\"@id\":\"https:\/\/narteks.net\/#\/schema\/person\/61f37d9834294b72d31d274e7ed79bca\"},\"headline\":\"Gen\u00e7 ve Ya\u015fl\u0131 Kad\u0131nlara Dair | Friedrich Nietzsche\",\"datePublished\":\"2011-10-07T07:25:12+00:00\",\"mainEntityOfPage\":{\"@id\":\"https:\/\/narteks.net\/index.php\/2011\/10\/07\/genc-ve-yasli-kadinlara-dair-friedrich-nietzsche\/\"},\"wordCount\":671,\"commentCount\":0,\"publisher\":{\"@id\":\"https:\/\/narteks.net\/#organization\"},\"articleSection\":[\"Friedrich Wilhelm N\u0130ETZSCHE\"],\"inLanguage\":\"tr\",\"potentialAction\":[{\"@type\":\"CommentAction\",\"name\":\"Comment\",\"target\":[\"https:\/\/narteks.net\/index.php\/2011\/10\/07\/genc-ve-yasli-kadinlara-dair-friedrich-nietzsche\/#respond\"]}]},{\"@type\":\"WebPage\",\"@id\":\"https:\/\/narteks.net\/index.php\/2011\/10\/07\/genc-ve-yasli-kadinlara-dair-friedrich-nietzsche\/\",\"url\":\"https:\/\/narteks.net\/index.php\/2011\/10\/07\/genc-ve-yasli-kadinlara-dair-friedrich-nietzsche\/\",\"name\":\"Gen\u00e7 ve Ya\u015fl\u0131 Kad\u0131nlara Dair | Friedrich Nietzsche - narteks.net\",\"isPartOf\":{\"@id\":\"https:\/\/narteks.net\/#website\"},\"datePublished\":\"2011-10-07T07:25:12+00:00\",\"breadcrumb\":{\"@id\":\"https:\/\/narteks.net\/index.php\/2011\/10\/07\/genc-ve-yasli-kadinlara-dair-friedrich-nietzsche\/#breadcrumb\"},\"inLanguage\":\"tr\",\"potentialAction\":[{\"@type\":\"ReadAction\",\"target\":[\"https:\/\/narteks.net\/index.php\/2011\/10\/07\/genc-ve-yasli-kadinlara-dair-friedrich-nietzsche\/\"]}]},{\"@type\":\"BreadcrumbList\",\"@id\":\"https:\/\/narteks.net\/index.php\/2011\/10\/07\/genc-ve-yasli-kadinlara-dair-friedrich-nietzsche\/#breadcrumb\",\"itemListElement\":[{\"@type\":\"ListItem\",\"position\":1,\"name\":\"Anasayfa\",\"item\":\"https:\/\/narteks.net\/\"},{\"@type\":\"ListItem\",\"position\":2,\"name\":\"Gen\u00e7 ve Ya\u015fl\u0131 Kad\u0131nlara Dair | Friedrich Nietzsche\"}]},{\"@type\":\"WebSite\",\"@id\":\"https:\/\/narteks.net\/#website\",\"url\":\"https:\/\/narteks.net\/\",\"name\":\"narteks.net\",\"description\":\"K\u00fclt\u00fcr Sanat Edebiyat Felsefe\",\"publisher\":{\"@id\":\"https:\/\/narteks.net\/#organization\"},\"alternateName\":\"K\u00fclt\u00fcr Sanat Edebiyat Felsefe\",\"potentialAction\":[{\"@type\":\"SearchAction\",\"target\":{\"@type\":\"EntryPoint\",\"urlTemplate\":\"https:\/\/narteks.net\/?s={search_term_string}\"},\"query-input\":{\"@type\":\"PropertyValueSpecification\",\"valueRequired\":true,\"valueName\":\"search_term_string\"}}],\"inLanguage\":\"tr\"},{\"@type\":\"Organization\",\"@id\":\"https:\/\/narteks.net\/#organization\",\"name\":\"narteks.net\",\"url\":\"https:\/\/narteks.net\/\",\"logo\":{\"@type\":\"ImageObject\",\"inLanguage\":\"tr\",\"@id\":\"https:\/\/narteks.net\/#\/schema\/logo\/image\/\",\"url\":\"https:\/\/narteks.net\/wp-content\/uploads\/narteks.png\",\"contentUrl\":\"https:\/\/narteks.net\/wp-content\/uploads\/narteks.png\",\"width\":300,\"height\":90,\"caption\":\"narteks.net\"},\"image\":{\"@id\":\"https:\/\/narteks.net\/#\/schema\/logo\/image\/\"},\"sameAs\":[\"https:\/\/x.com\/narteks\",\"https:\/\/instagram.com\/narteksnet\"]},{\"@type\":\"Person\",\"@id\":\"https:\/\/narteks.net\/#\/schema\/person\/61f37d9834294b72d31d274e7ed79bca\",\"name\":\"Tar\u0131k\",\"image\":{\"@type\":\"ImageObject\",\"inLanguage\":\"tr\",\"@id\":\"https:\/\/narteks.net\/#\/schema\/person\/image\/\",\"url\":\"https:\/\/secure.gravatar.com\/avatar\/50865afb55632c4ae467e0af0930f6510aa2297d8014be502a55b14f3b7550cf?s=96&d=mm&r=g\",\"contentUrl\":\"https:\/\/secure.gravatar.com\/avatar\/50865afb55632c4ae467e0af0930f6510aa2297d8014be502a55b14f3b7550cf?s=96&d=mm&r=g\",\"caption\":\"Tar\u0131k\"},\"sameAs\":[\"http:\/\/narteks.net\"],\"url\":\"https:\/\/narteks.net\/index.php\/author\/narbak\/\"}]}<\/script>\n<!-- \/ Yoast SEO Premium plugin. -->","yoast_head_json":{"title":"Gen\u00e7 ve Ya\u015fl\u0131 Kad\u0131nlara Dair | Friedrich Nietzsche - narteks.net","robots":{"index":"index","follow":"follow","max-snippet":"max-snippet:-1","max-image-preview":"max-image-preview:large","max-video-preview":"max-video-preview:-1"},"canonical":"https:\/\/narteks.net\/index.php\/2011\/10\/07\/genc-ve-yasli-kadinlara-dair-friedrich-nietzsche\/","og_locale":"tr_TR","og_type":"article","og_title":"Gen\u00e7 ve Ya\u015fl\u0131 Kad\u0131nlara Dair | Friedrich Nietzsche","og_description":"&#8220;Alacakaranl\u0131kta \u00f6yle \u00fcrkek \u00fcrkek nereye gidiyorsun Zerd\u00fc\u015ft? Paltonun alt\u0131nda ne sakl\u0131yorsun \u00f6yle itinayla? Servet mi sana bah\u015fedilen?Ya da bir \u00e7ocuk, senden d\u00fcnyaya gelen? Yoksa sen de mi h\u0131rs\u0131zlar\u0131n yolunu tuttun ey k\u00f6t\u00fclerin dostu?&#8221;&#8220;Hakikaten karde\u015fim&#8221; dedi Zerd\u00fc\u015ft, bana bah\u015fedilmi\u015f bir servettir bu: K\u00fc\u00e7\u00fck bir hakikattir bu ta\u015f\u0131d\u0131\u011f\u0131m \u015fey! Fakat bu hakikat, afacan bir \u00e7ocuk gibidir, a\u011fz\u0131n\u0131 [&hellip;]","og_url":"https:\/\/narteks.net\/index.php\/2011\/10\/07\/genc-ve-yasli-kadinlara-dair-friedrich-nietzsche\/","og_site_name":"narteks.net","article_published_time":"2011-10-07T07:25:12+00:00","og_image":[{"width":300,"height":90,"url":"https:\/\/narteks.net\/wp-content\/uploads\/narteks.png","type":"image\/png"}],"author":"Tar\u0131k","twitter_card":"summary_large_image","twitter_creator":"@narteks","twitter_site":"@narteks","twitter_misc":{"Yazan:":"Tar\u0131k","Tahmini okuma s\u00fcresi":"3 dakika"},"schema":{"@context":"https:\/\/schema.org","@graph":[{"@type":"Article","@id":"https:\/\/narteks.net\/index.php\/2011\/10\/07\/genc-ve-yasli-kadinlara-dair-friedrich-nietzsche\/#article","isPartOf":{"@id":"https:\/\/narteks.net\/index.php\/2011\/10\/07\/genc-ve-yasli-kadinlara-dair-friedrich-nietzsche\/"},"author":{"name":"Tar\u0131k","@id":"https:\/\/narteks.net\/#\/schema\/person\/61f37d9834294b72d31d274e7ed79bca"},"headline":"Gen\u00e7 ve Ya\u015fl\u0131 Kad\u0131nlara Dair | Friedrich Nietzsche","datePublished":"2011-10-07T07:25:12+00:00","mainEntityOfPage":{"@id":"https:\/\/narteks.net\/index.php\/2011\/10\/07\/genc-ve-yasli-kadinlara-dair-friedrich-nietzsche\/"},"wordCount":671,"commentCount":0,"publisher":{"@id":"https:\/\/narteks.net\/#organization"},"articleSection":["Friedrich Wilhelm N\u0130ETZSCHE"],"inLanguage":"tr","potentialAction":[{"@type":"CommentAction","name":"Comment","target":["https:\/\/narteks.net\/index.php\/2011\/10\/07\/genc-ve-yasli-kadinlara-dair-friedrich-nietzsche\/#respond"]}]},{"@type":"WebPage","@id":"https:\/\/narteks.net\/index.php\/2011\/10\/07\/genc-ve-yasli-kadinlara-dair-friedrich-nietzsche\/","url":"https:\/\/narteks.net\/index.php\/2011\/10\/07\/genc-ve-yasli-kadinlara-dair-friedrich-nietzsche\/","name":"Gen\u00e7 ve Ya\u015fl\u0131 Kad\u0131nlara Dair | Friedrich Nietzsche - narteks.net","isPartOf":{"@id":"https:\/\/narteks.net\/#website"},"datePublished":"2011-10-07T07:25:12+00:00","breadcrumb":{"@id":"https:\/\/narteks.net\/index.php\/2011\/10\/07\/genc-ve-yasli-kadinlara-dair-friedrich-nietzsche\/#breadcrumb"},"inLanguage":"tr","potentialAction":[{"@type":"ReadAction","target":["https:\/\/narteks.net\/index.php\/2011\/10\/07\/genc-ve-yasli-kadinlara-dair-friedrich-nietzsche\/"]}]},{"@type":"BreadcrumbList","@id":"https:\/\/narteks.net\/index.php\/2011\/10\/07\/genc-ve-yasli-kadinlara-dair-friedrich-nietzsche\/#breadcrumb","itemListElement":[{"@type":"ListItem","position":1,"name":"Anasayfa","item":"https:\/\/narteks.net\/"},{"@type":"ListItem","position":2,"name":"Gen\u00e7 ve Ya\u015fl\u0131 Kad\u0131nlara Dair | Friedrich Nietzsche"}]},{"@type":"WebSite","@id":"https:\/\/narteks.net\/#website","url":"https:\/\/narteks.net\/","name":"narteks.net","description":"K\u00fclt\u00fcr Sanat Edebiyat Felsefe","publisher":{"@id":"https:\/\/narteks.net\/#organization"},"alternateName":"K\u00fclt\u00fcr Sanat Edebiyat Felsefe","potentialAction":[{"@type":"SearchAction","target":{"@type":"EntryPoint","urlTemplate":"https:\/\/narteks.net\/?s={search_term_string}"},"query-input":{"@type":"PropertyValueSpecification","valueRequired":true,"valueName":"search_term_string"}}],"inLanguage":"tr"},{"@type":"Organization","@id":"https:\/\/narteks.net\/#organization","name":"narteks.net","url":"https:\/\/narteks.net\/","logo":{"@type":"ImageObject","inLanguage":"tr","@id":"https:\/\/narteks.net\/#\/schema\/logo\/image\/","url":"https:\/\/narteks.net\/wp-content\/uploads\/narteks.png","contentUrl":"https:\/\/narteks.net\/wp-content\/uploads\/narteks.png","width":300,"height":90,"caption":"narteks.net"},"image":{"@id":"https:\/\/narteks.net\/#\/schema\/logo\/image\/"},"sameAs":["https:\/\/x.com\/narteks","https:\/\/instagram.com\/narteksnet"]},{"@type":"Person","@id":"https:\/\/narteks.net\/#\/schema\/person\/61f37d9834294b72d31d274e7ed79bca","name":"Tar\u0131k","image":{"@type":"ImageObject","inLanguage":"tr","@id":"https:\/\/narteks.net\/#\/schema\/person\/image\/","url":"https:\/\/secure.gravatar.com\/avatar\/50865afb55632c4ae467e0af0930f6510aa2297d8014be502a55b14f3b7550cf?s=96&d=mm&r=g","contentUrl":"https:\/\/secure.gravatar.com\/avatar\/50865afb55632c4ae467e0af0930f6510aa2297d8014be502a55b14f3b7550cf?s=96&d=mm&r=g","caption":"Tar\u0131k"},"sameAs":["http:\/\/narteks.net"],"url":"https:\/\/narteks.net\/index.php\/author\/narbak\/"}]}},"_links":{"self":[{"href":"https:\/\/narteks.net\/index.php\/wp-json\/wp\/v2\/posts\/6837","targetHints":{"allow":["GET"]}}],"collection":[{"href":"https:\/\/narteks.net\/index.php\/wp-json\/wp\/v2\/posts"}],"about":[{"href":"https:\/\/narteks.net\/index.php\/wp-json\/wp\/v2\/types\/post"}],"author":[{"embeddable":true,"href":"https:\/\/narteks.net\/index.php\/wp-json\/wp\/v2\/users\/1"}],"replies":[{"embeddable":true,"href":"https:\/\/narteks.net\/index.php\/wp-json\/wp\/v2\/comments?post=6837"}],"version-history":[{"count":0,"href":"https:\/\/narteks.net\/index.php\/wp-json\/wp\/v2\/posts\/6837\/revisions"}],"wp:attachment":[{"href":"https:\/\/narteks.net\/index.php\/wp-json\/wp\/v2\/media?parent=6837"}],"wp:term":[{"taxonomy":"category","embeddable":true,"href":"https:\/\/narteks.net\/index.php\/wp-json\/wp\/v2\/categories?post=6837"},{"taxonomy":"post_tag","embeddable":true,"href":"https:\/\/narteks.net\/index.php\/wp-json\/wp\/v2\/tags?post=6837"}],"curies":[{"name":"wp","href":"https:\/\/api.w.org\/{rel}","templated":true}]}}