{"id":6838,"date":"2011-10-07T10:59:29","date_gmt":"2011-10-07T07:59:29","guid":{"rendered":"http:\/\/localhost\/wordpress\/2011\/10\/07\/nasil-deli-oldum-halil-cibran\/"},"modified":"2011-10-07T10:59:29","modified_gmt":"2011-10-07T07:59:29","slug":"nasil-deli-oldum-halil-cibran","status":"publish","type":"post","link":"https:\/\/narteks.net\/index.php\/2011\/10\/07\/nasil-deli-oldum-halil-cibran\/","title":{"rendered":"Nas\u0131l Deli Oldum ? | Halil Cibran"},"content":{"rendered":"<p><img decoding=\"async\" src=\"images\/stories\/halilcibran.jpg\" border=\"0\" \/><\/p>\n<p style=\"text-align: justify;\"><span class=\"content\">Bana nas\u0131l deli oldu\u011fumu sordun. \u0130\u015fte b\u00f6yle oldu:  Tanr\u0131lar do\u011fmadan \u00e7ok \u00f6nce bir g\u00fcn, derin bir uykudan uyand\u0131m ve b\u00fct\u00fcn  maskelerimin \u00e7al\u0131nd\u0131\u011f\u0131n\u0131 anlad\u0131m.Yedi ya\u015fam\u0131mda \u015fekil verdi\u011fim ve  giydi\u011fim yedi tane maske; kalabal\u0131k sokaklarda maskesiz ko\u015fup ba\u011f\u0131rmaya  ba\u015flad\u0131m,<\/p>\n<p> \u201cH\u0131rs\u0131zlar, h\u0131rs\u0131zlar, lanet olas\u0131 h\u0131rs\u0131zlar.\u201d<\/p>\n<p> Erkekler ve kad\u0131nlar bana g\u00fcld\u00fcler ve baz\u0131lar\u0131 benden korkup evlerine ka\u00e7t\u0131lar.<\/p>\n<p> Ve pazar yerine ula\u015ft\u0131\u011f\u0131m zaman, bir evin \u00fcst\u00fcnde dikilen gen\u00e7 bir adam ba\u011f\u0131rd\u0131, \u201cBu adam delinin biri.\u201d <\/p>\n<p>Onu  g\u00f6rmek i\u00e7in yukar\u0131 bakt\u0131m; ilk defa olarak g\u00fcne\u015f benim kendi \u00e7\u0131plak  y\u00fcz\u00fcm\u00fc \u00f6pt\u00fc ve ruhum sevgiyle kabard\u0131 g\u00fcne\u015f i\u00e7in, ve maskelerimi art\u0131k  istemedim. Ve sanki kendimden ge\u00e7mi\u015f gibi ba\u011f\u0131rd\u0131m, \u201cM\u00fcbarektir,  m\u00fcbarektir h\u0131rs\u0131zlar, benim maskelerimi \u00e7alan.\u201d<\/p>\n<p> \u0130\u015fte ben b\u00f6yle deli oldum.<\/p>\n<p> Ve delili\u011fimde hem \u00f6zg\u00fcrl\u00fck hem de g\u00fcvenlik buldum; Yaln\u0131z olmaktan  gelen \u00f6zg\u00fcrl\u00fck ve anla\u015f\u0131lmaktan gelen g\u00fcvenlik, \u00e7\u00fcnk\u00fc bizi anlayanlar  i\u00e7imizde bir \u015feyi tutsak al\u0131rlar. Fakat b\u0131rak\u0131n fazla gururlanmayay\u0131m  g\u00fcvenli\u011fimle. Hapiste bir H\u0131rs\u0131z\u0131n bile korkusu yoktur ba\u015fka bir  h\u0131rs\u0131zdan.<\/p>\n<p> Halil Cibran | Nas\u0131l Deli Oldum ?<br \/><\/span><\/p>\n","protected":false},"excerpt":{"rendered":"<p>Bana nas\u0131l deli oldu\u011fumu sordun. \u0130\u015fte b\u00f6yle oldu: Tanr\u0131lar do\u011fmadan \u00e7ok \u00f6nce bir g\u00fcn, derin bir uykudan uyand\u0131m ve b\u00fct\u00fcn maskelerimin \u00e7al\u0131nd\u0131\u011f\u0131n\u0131 anlad\u0131m.Yedi ya\u015fam\u0131mda \u015fekil verdi\u011fim ve giydi\u011fim yedi tane maske; kalabal\u0131k sokaklarda maskesiz ko\u015fup ba\u011f\u0131rmaya ba\u015flad\u0131m, \u201cH\u0131rs\u0131zlar, h\u0131rs\u0131zlar, lanet olas\u0131 h\u0131rs\u0131zlar.\u201d Erkekler ve kad\u0131nlar bana g\u00fcld\u00fcler ve baz\u0131lar\u0131 benden korkup evlerine ka\u00e7t\u0131lar. Ve pazar [&hellip;]<\/p>\n","protected":false},"author":1,"featured_media":0,"comment_status":"open","ping_status":"open","sticky":false,"template":"","format":"standard","meta":{"footnotes":""},"categories":[115],"tags":[],"class_list":["post-6838","post","type-post","status-publish","format-standard","category-ceviri-oykuler"],"yoast_head":"<!-- This site is optimized with the Yoast SEO Premium plugin v24.9 (Yoast SEO v24.9) - https:\/\/yoast.com\/wordpress\/plugins\/seo\/ -->\n<title>Nas\u0131l Deli Oldum ? | Halil Cibran - narteks.net<\/title>\n<meta name=\"robots\" content=\"index, follow, max-snippet:-1, max-image-preview:large, max-video-preview:-1\" \/>\n<link rel=\"canonical\" href=\"https:\/\/narteks.net\/index.php\/2011\/10\/07\/nasil-deli-oldum-halil-cibran\/\" \/>\n<meta property=\"og:locale\" content=\"tr_TR\" \/>\n<meta property=\"og:type\" content=\"article\" \/>\n<meta property=\"og:title\" content=\"Nas\u0131l Deli Oldum ? | Halil Cibran\" \/>\n<meta property=\"og:description\" content=\"Bana nas\u0131l deli oldu\u011fumu sordun. \u0130\u015fte b\u00f6yle oldu: Tanr\u0131lar do\u011fmadan \u00e7ok \u00f6nce bir g\u00fcn, derin bir uykudan uyand\u0131m ve b\u00fct\u00fcn maskelerimin \u00e7al\u0131nd\u0131\u011f\u0131n\u0131 anlad\u0131m.Yedi ya\u015fam\u0131mda \u015fekil verdi\u011fim ve giydi\u011fim yedi tane maske; kalabal\u0131k sokaklarda maskesiz ko\u015fup ba\u011f\u0131rmaya ba\u015flad\u0131m, \u201cH\u0131rs\u0131zlar, h\u0131rs\u0131zlar, lanet olas\u0131 h\u0131rs\u0131zlar.\u201d Erkekler ve kad\u0131nlar bana g\u00fcld\u00fcler ve baz\u0131lar\u0131 benden korkup evlerine ka\u00e7t\u0131lar. Ve pazar [&hellip;]\" \/>\n<meta property=\"og:url\" content=\"https:\/\/narteks.net\/index.php\/2011\/10\/07\/nasil-deli-oldum-halil-cibran\/\" \/>\n<meta property=\"og:site_name\" content=\"narteks.net\" \/>\n<meta property=\"article:published_time\" content=\"2011-10-07T07:59:29+00:00\" \/>\n<meta property=\"og:image\" content=\"https:\/\/narteks.net\/wp-content\/uploads\/narteks.png\" \/>\n\t<meta property=\"og:image:width\" content=\"300\" \/>\n\t<meta property=\"og:image:height\" content=\"90\" \/>\n\t<meta property=\"og:image:type\" content=\"image\/png\" \/>\n<meta name=\"author\" content=\"Tar\u0131k\" \/>\n<meta name=\"twitter:card\" content=\"summary_large_image\" \/>\n<meta name=\"twitter:creator\" content=\"@narteks\" \/>\n<meta name=\"twitter:site\" content=\"@narteks\" \/>\n<meta name=\"twitter:label1\" content=\"Yazan:\" \/>\n\t<meta name=\"twitter:data1\" content=\"Tar\u0131k\" \/>\n\t<meta name=\"twitter:label2\" content=\"Tahmini okuma s\u00fcresi\" \/>\n\t<meta name=\"twitter:data2\" content=\"1 dakika\" \/>\n<script type=\"application\/ld+json\" class=\"yoast-schema-graph\">{\"@context\":\"https:\/\/schema.org\",\"@graph\":[{\"@type\":\"Article\",\"@id\":\"https:\/\/narteks.net\/index.php\/2011\/10\/07\/nasil-deli-oldum-halil-cibran\/#article\",\"isPartOf\":{\"@id\":\"https:\/\/narteks.net\/index.php\/2011\/10\/07\/nasil-deli-oldum-halil-cibran\/\"},\"author\":{\"name\":\"Tar\u0131k\",\"@id\":\"https:\/\/narteks.net\/#\/schema\/person\/61f37d9834294b72d31d274e7ed79bca\"},\"headline\":\"Nas\u0131l Deli Oldum ? | Halil Cibran\",\"datePublished\":\"2011-10-07T07:59:29+00:00\",\"mainEntityOfPage\":{\"@id\":\"https:\/\/narteks.net\/index.php\/2011\/10\/07\/nasil-deli-oldum-halil-cibran\/\"},\"wordCount\":238,\"commentCount\":0,\"publisher\":{\"@id\":\"https:\/\/narteks.net\/#organization\"},\"articleSection\":[\"\u00c7eviri \u00d6yk\u00fcler\"],\"inLanguage\":\"tr\",\"potentialAction\":[{\"@type\":\"CommentAction\",\"name\":\"Comment\",\"target\":[\"https:\/\/narteks.net\/index.php\/2011\/10\/07\/nasil-deli-oldum-halil-cibran\/#respond\"]}]},{\"@type\":\"WebPage\",\"@id\":\"https:\/\/narteks.net\/index.php\/2011\/10\/07\/nasil-deli-oldum-halil-cibran\/\",\"url\":\"https:\/\/narteks.net\/index.php\/2011\/10\/07\/nasil-deli-oldum-halil-cibran\/\",\"name\":\"Nas\u0131l Deli Oldum ? | Halil Cibran - narteks.net\",\"isPartOf\":{\"@id\":\"https:\/\/narteks.net\/#website\"},\"datePublished\":\"2011-10-07T07:59:29+00:00\",\"breadcrumb\":{\"@id\":\"https:\/\/narteks.net\/index.php\/2011\/10\/07\/nasil-deli-oldum-halil-cibran\/#breadcrumb\"},\"inLanguage\":\"tr\",\"potentialAction\":[{\"@type\":\"ReadAction\",\"target\":[\"https:\/\/narteks.net\/index.php\/2011\/10\/07\/nasil-deli-oldum-halil-cibran\/\"]}]},{\"@type\":\"BreadcrumbList\",\"@id\":\"https:\/\/narteks.net\/index.php\/2011\/10\/07\/nasil-deli-oldum-halil-cibran\/#breadcrumb\",\"itemListElement\":[{\"@type\":\"ListItem\",\"position\":1,\"name\":\"Anasayfa\",\"item\":\"https:\/\/narteks.net\/\"},{\"@type\":\"ListItem\",\"position\":2,\"name\":\"Nas\u0131l Deli Oldum ? | Halil Cibran\"}]},{\"@type\":\"WebSite\",\"@id\":\"https:\/\/narteks.net\/#website\",\"url\":\"https:\/\/narteks.net\/\",\"name\":\"narteks.net\",\"description\":\"K\u00fclt\u00fcr Sanat Edebiyat Felsefe\",\"publisher\":{\"@id\":\"https:\/\/narteks.net\/#organization\"},\"alternateName\":\"K\u00fclt\u00fcr Sanat Edebiyat Felsefe\",\"potentialAction\":[{\"@type\":\"SearchAction\",\"target\":{\"@type\":\"EntryPoint\",\"urlTemplate\":\"https:\/\/narteks.net\/?s={search_term_string}\"},\"query-input\":{\"@type\":\"PropertyValueSpecification\",\"valueRequired\":true,\"valueName\":\"search_term_string\"}}],\"inLanguage\":\"tr\"},{\"@type\":\"Organization\",\"@id\":\"https:\/\/narteks.net\/#organization\",\"name\":\"narteks.net\",\"url\":\"https:\/\/narteks.net\/\",\"logo\":{\"@type\":\"ImageObject\",\"inLanguage\":\"tr\",\"@id\":\"https:\/\/narteks.net\/#\/schema\/logo\/image\/\",\"url\":\"https:\/\/narteks.net\/wp-content\/uploads\/narteks.png\",\"contentUrl\":\"https:\/\/narteks.net\/wp-content\/uploads\/narteks.png\",\"width\":300,\"height\":90,\"caption\":\"narteks.net\"},\"image\":{\"@id\":\"https:\/\/narteks.net\/#\/schema\/logo\/image\/\"},\"sameAs\":[\"https:\/\/x.com\/narteks\",\"https:\/\/instagram.com\/narteksnet\"]},{\"@type\":\"Person\",\"@id\":\"https:\/\/narteks.net\/#\/schema\/person\/61f37d9834294b72d31d274e7ed79bca\",\"name\":\"Tar\u0131k\",\"image\":{\"@type\":\"ImageObject\",\"inLanguage\":\"tr\",\"@id\":\"https:\/\/narteks.net\/#\/schema\/person\/image\/\",\"url\":\"https:\/\/secure.gravatar.com\/avatar\/50865afb55632c4ae467e0af0930f6510aa2297d8014be502a55b14f3b7550cf?s=96&d=mm&r=g\",\"contentUrl\":\"https:\/\/secure.gravatar.com\/avatar\/50865afb55632c4ae467e0af0930f6510aa2297d8014be502a55b14f3b7550cf?s=96&d=mm&r=g\",\"caption\":\"Tar\u0131k\"},\"sameAs\":[\"http:\/\/narteks.net\"],\"url\":\"https:\/\/narteks.net\/index.php\/author\/narbak\/\"}]}<\/script>\n<!-- \/ Yoast SEO Premium plugin. -->","yoast_head_json":{"title":"Nas\u0131l Deli Oldum ? | Halil Cibran - narteks.net","robots":{"index":"index","follow":"follow","max-snippet":"max-snippet:-1","max-image-preview":"max-image-preview:large","max-video-preview":"max-video-preview:-1"},"canonical":"https:\/\/narteks.net\/index.php\/2011\/10\/07\/nasil-deli-oldum-halil-cibran\/","og_locale":"tr_TR","og_type":"article","og_title":"Nas\u0131l Deli Oldum ? | Halil Cibran","og_description":"Bana nas\u0131l deli oldu\u011fumu sordun. \u0130\u015fte b\u00f6yle oldu: Tanr\u0131lar do\u011fmadan \u00e7ok \u00f6nce bir g\u00fcn, derin bir uykudan uyand\u0131m ve b\u00fct\u00fcn maskelerimin \u00e7al\u0131nd\u0131\u011f\u0131n\u0131 anlad\u0131m.Yedi ya\u015fam\u0131mda \u015fekil verdi\u011fim ve giydi\u011fim yedi tane maske; kalabal\u0131k sokaklarda maskesiz ko\u015fup ba\u011f\u0131rmaya ba\u015flad\u0131m, \u201cH\u0131rs\u0131zlar, h\u0131rs\u0131zlar, lanet olas\u0131 h\u0131rs\u0131zlar.\u201d Erkekler ve kad\u0131nlar bana g\u00fcld\u00fcler ve baz\u0131lar\u0131 benden korkup evlerine ka\u00e7t\u0131lar. Ve pazar [&hellip;]","og_url":"https:\/\/narteks.net\/index.php\/2011\/10\/07\/nasil-deli-oldum-halil-cibran\/","og_site_name":"narteks.net","article_published_time":"2011-10-07T07:59:29+00:00","og_image":[{"width":300,"height":90,"url":"https:\/\/narteks.net\/wp-content\/uploads\/narteks.png","type":"image\/png"}],"author":"Tar\u0131k","twitter_card":"summary_large_image","twitter_creator":"@narteks","twitter_site":"@narteks","twitter_misc":{"Yazan:":"Tar\u0131k","Tahmini okuma s\u00fcresi":"1 dakika"},"schema":{"@context":"https:\/\/schema.org","@graph":[{"@type":"Article","@id":"https:\/\/narteks.net\/index.php\/2011\/10\/07\/nasil-deli-oldum-halil-cibran\/#article","isPartOf":{"@id":"https:\/\/narteks.net\/index.php\/2011\/10\/07\/nasil-deli-oldum-halil-cibran\/"},"author":{"name":"Tar\u0131k","@id":"https:\/\/narteks.net\/#\/schema\/person\/61f37d9834294b72d31d274e7ed79bca"},"headline":"Nas\u0131l Deli Oldum ? | Halil Cibran","datePublished":"2011-10-07T07:59:29+00:00","mainEntityOfPage":{"@id":"https:\/\/narteks.net\/index.php\/2011\/10\/07\/nasil-deli-oldum-halil-cibran\/"},"wordCount":238,"commentCount":0,"publisher":{"@id":"https:\/\/narteks.net\/#organization"},"articleSection":["\u00c7eviri \u00d6yk\u00fcler"],"inLanguage":"tr","potentialAction":[{"@type":"CommentAction","name":"Comment","target":["https:\/\/narteks.net\/index.php\/2011\/10\/07\/nasil-deli-oldum-halil-cibran\/#respond"]}]},{"@type":"WebPage","@id":"https:\/\/narteks.net\/index.php\/2011\/10\/07\/nasil-deli-oldum-halil-cibran\/","url":"https:\/\/narteks.net\/index.php\/2011\/10\/07\/nasil-deli-oldum-halil-cibran\/","name":"Nas\u0131l Deli Oldum ? | Halil Cibran - narteks.net","isPartOf":{"@id":"https:\/\/narteks.net\/#website"},"datePublished":"2011-10-07T07:59:29+00:00","breadcrumb":{"@id":"https:\/\/narteks.net\/index.php\/2011\/10\/07\/nasil-deli-oldum-halil-cibran\/#breadcrumb"},"inLanguage":"tr","potentialAction":[{"@type":"ReadAction","target":["https:\/\/narteks.net\/index.php\/2011\/10\/07\/nasil-deli-oldum-halil-cibran\/"]}]},{"@type":"BreadcrumbList","@id":"https:\/\/narteks.net\/index.php\/2011\/10\/07\/nasil-deli-oldum-halil-cibran\/#breadcrumb","itemListElement":[{"@type":"ListItem","position":1,"name":"Anasayfa","item":"https:\/\/narteks.net\/"},{"@type":"ListItem","position":2,"name":"Nas\u0131l Deli Oldum ? | Halil Cibran"}]},{"@type":"WebSite","@id":"https:\/\/narteks.net\/#website","url":"https:\/\/narteks.net\/","name":"narteks.net","description":"K\u00fclt\u00fcr Sanat Edebiyat Felsefe","publisher":{"@id":"https:\/\/narteks.net\/#organization"},"alternateName":"K\u00fclt\u00fcr Sanat Edebiyat Felsefe","potentialAction":[{"@type":"SearchAction","target":{"@type":"EntryPoint","urlTemplate":"https:\/\/narteks.net\/?s={search_term_string}"},"query-input":{"@type":"PropertyValueSpecification","valueRequired":true,"valueName":"search_term_string"}}],"inLanguage":"tr"},{"@type":"Organization","@id":"https:\/\/narteks.net\/#organization","name":"narteks.net","url":"https:\/\/narteks.net\/","logo":{"@type":"ImageObject","inLanguage":"tr","@id":"https:\/\/narteks.net\/#\/schema\/logo\/image\/","url":"https:\/\/narteks.net\/wp-content\/uploads\/narteks.png","contentUrl":"https:\/\/narteks.net\/wp-content\/uploads\/narteks.png","width":300,"height":90,"caption":"narteks.net"},"image":{"@id":"https:\/\/narteks.net\/#\/schema\/logo\/image\/"},"sameAs":["https:\/\/x.com\/narteks","https:\/\/instagram.com\/narteksnet"]},{"@type":"Person","@id":"https:\/\/narteks.net\/#\/schema\/person\/61f37d9834294b72d31d274e7ed79bca","name":"Tar\u0131k","image":{"@type":"ImageObject","inLanguage":"tr","@id":"https:\/\/narteks.net\/#\/schema\/person\/image\/","url":"https:\/\/secure.gravatar.com\/avatar\/50865afb55632c4ae467e0af0930f6510aa2297d8014be502a55b14f3b7550cf?s=96&d=mm&r=g","contentUrl":"https:\/\/secure.gravatar.com\/avatar\/50865afb55632c4ae467e0af0930f6510aa2297d8014be502a55b14f3b7550cf?s=96&d=mm&r=g","caption":"Tar\u0131k"},"sameAs":["http:\/\/narteks.net"],"url":"https:\/\/narteks.net\/index.php\/author\/narbak\/"}]}},"_links":{"self":[{"href":"https:\/\/narteks.net\/index.php\/wp-json\/wp\/v2\/posts\/6838","targetHints":{"allow":["GET"]}}],"collection":[{"href":"https:\/\/narteks.net\/index.php\/wp-json\/wp\/v2\/posts"}],"about":[{"href":"https:\/\/narteks.net\/index.php\/wp-json\/wp\/v2\/types\/post"}],"author":[{"embeddable":true,"href":"https:\/\/narteks.net\/index.php\/wp-json\/wp\/v2\/users\/1"}],"replies":[{"embeddable":true,"href":"https:\/\/narteks.net\/index.php\/wp-json\/wp\/v2\/comments?post=6838"}],"version-history":[{"count":0,"href":"https:\/\/narteks.net\/index.php\/wp-json\/wp\/v2\/posts\/6838\/revisions"}],"wp:attachment":[{"href":"https:\/\/narteks.net\/index.php\/wp-json\/wp\/v2\/media?parent=6838"}],"wp:term":[{"taxonomy":"category","embeddable":true,"href":"https:\/\/narteks.net\/index.php\/wp-json\/wp\/v2\/categories?post=6838"},{"taxonomy":"post_tag","embeddable":true,"href":"https:\/\/narteks.net\/index.php\/wp-json\/wp\/v2\/tags?post=6838"}],"curies":[{"name":"wp","href":"https:\/\/api.w.org\/{rel}","templated":true}]}}