{"id":6839,"date":"2011-10-08T11:27:06","date_gmt":"2011-10-08T08:27:06","guid":{"rendered":"http:\/\/localhost\/wordpress\/2011\/10\/08\/kayip-araniyor-sait-faik-abasiyanik\/"},"modified":"2011-10-08T11:27:06","modified_gmt":"2011-10-08T08:27:06","slug":"kayip-araniyor-sait-faik-abasiyanik","status":"publish","type":"post","link":"https:\/\/narteks.net\/index.php\/2011\/10\/08\/kayip-araniyor-sait-faik-abasiyanik\/","title":{"rendered":"Kay\u0131p Aran\u0131yor | Sait Faik Abas\u0131yan\u0131k"},"content":{"rendered":"<p style=\"text-align: justify;\"><img loading=\"lazy\" decoding=\"async\" src=\"http:\/\/www.nkfu.com\/resimler\/kayip-araniyor.jpg\" border=\"0\" width=\"155\" height=\"205\" style=\"float: left;\" \/>&#8220;Riyak\u00e2rl\u0131k a\u015fa\u011f\u0131l\u0131\u011f\u0131n en son haddidir. Sahiden iyi insanlar, k\u00f6t\u00fcler  hakk\u0131nda laf s\u00f6ylemezlerdi. (&#8230;) Riyay\u0131 kald\u0131r\u0131rsan\u0131z mesele yoktur,  k\u00f6t\u00fcler hemen saflar\u0131na iyiyi al\u0131verirler. \u00d6nemli olan k\u00f6t\u00fcl\u00fc\u011f\u00fc iyilikle  beraber ortadan kald\u0131rmakt\u0131r. O zaman insanl\u0131k denilen \u015fey kafas\u0131n\u0131  kald\u0131r\u0131r: &#8216;Durun bakal\u0131m&#8217;, der, &#8216;biz de var\u0131z'&#8221;<\/p>\n<p style=\"text-align: justify;\">***<\/p>\n<p> K\u00f6y halk\u0131 meziyetli insanlard\u0131. Haks\u0131zl\u0131ktan ve yalandan \u00fcrkerlerdi.  \u00dcrkmeyenler de kuvvetli bir delil buluncaya kadar beklemeyi daha makul  bulur, beklerlerdi. Yalandan \u00e7ekinmeyen birini beklerlerdi. \u0130\u015fte Kamarot  \u0130rfan tam onlar\u0131n bekledi\u011fi gibi biriydi. Evvelki sene ni\u015fanlanm\u0131\u015f,  gelip k\u00f6yde bir Rum kar\u0131s\u0131n\u0131n evine yerle\u015fmi\u015fti. Cart curt etmeyi, k\u00f6yde  a\u011fa ge\u00e7inmeyi, herkese y\u00fcksekten bakarak laubali olmay\u0131, kendine b\u00fcy\u00fck  k\u00fc\u00e7\u00fck k\u00f6y sakininin &#8220;\u0130rfan A\u011fabey&#8221; demesini, okumu\u015f, yazm\u0131\u015fl\u0131k  taslamay\u0131, kavgalara m\u00fcdahale edip haks\u0131z\u0131 de\u011fil zay\u0131f\u0131 ezmesini seven  bir adamd\u0131. \u0130\u015fte \u0130rfan&#8217;\u0131n \u00f6nce gizli gizli sonra erkeklik taslarcas\u0131na  a\u015fik\u00e2re anlatt\u0131\u011f\u0131 pek korkun\u00e7 bir hik\u00e2ye k\u00f6y sakinlerinden bir k\u0131sm\u0131n\u0131n  Nevin hakk\u0131ndaki &#8220;Konsolos&#8217;un deli k\u0131z\u0131&#8221;ndan \u00f6teye ge\u00e7meyen m\u00fcsamahak\u00e2r  k\u0131zg\u0131nl\u0131klar\u0131n\u0131n birdenbire \u015fimdiye kadar uyuklam\u0131\u015f bir kine, bir  zalimli\u011fe \u00e7evrilmesine sebep oldu. Nevin b\u00e2b\u0131nda \u00fc\u00e7 t\u00fcrl\u00fc bir d\u00fc\u015f\u00fcnce  toplulu\u011fu meydana geldi.<\/p>\n<p style=\"text-align: justify;\">Birinciler hi\u00e7bir dedikoduya kar\u0131\u015fmayan,  Nevin&#8217;in hallerini serbest yeti\u015fmesine veren, kabahati babas\u0131na y\u00fckleyen  namuslu insanlard\u0131. \u0130kinciler onun bu halini kendileri yapamakd\u0131klar\u0131  i\u00e7in \u015fimdilik ho\u015f g\u00f6renlerdi. \u00dc\u00e7\u00fcnc\u00fc b\u00f6l\u00fc\u011fe gelince Nevin onlarla icap  etmeyince konu\u015fmazd\u0131. Bunlar g\u00f6r\u00fcn\u00fc\u015fte Nevin hakk\u0131nda d\u00fc\u015f\u00fcnen ikinci  k\u0131sma benzer, ho\u015fg\u00f6r\u00fcr tak\u0131m\u0131ndand\u0131lar. Ama Nevin onlar\u0131n i\u00e7in i\u00e7in ne  kadar zalim, k\u0131skan\u00e7, kindar ve f\u0131rsat kollar olduklar\u0131n\u0131, adeta be\u015f  hissiyle kar\u0131\u015f\u0131k bir ilave hisle, kavray\u0131vermi\u015fti. B\u00f6yleleriyle fazla  konu\u015fmaz, \u00e7ekingen durur, istemeyerek kendili\u011finden bir kay\u0131ts\u0131zl\u0131k  gelir bir yerine yerle\u015firdi.<\/p>\n<p style=\"text-align: justify;\">Bu kay\u0131ts\u0131zl\u0131\u011f\u0131nda bilmeyerek o kadar ileri  giderdi ki, bu hal, sonunda bir \u00f6nem vermeyi\u015f gibi g\u00f6z\u00fckmeye ba\u015flard\u0131.  B\u00f6yle bir \u00f6nem vermemek halinin onlar\u0131n kin ve zalimli\u011fini art\u0131raca\u011f\u0131n\u0131  Nevin anlamayacak kadar onlara kar\u015f\u0131 hareketlerinde kendili\u011findendi.  Mademki onu sevmiyorlar, hareketlerini \u00e7irkin g\u00f6r\u00fcyorlar, ahbapl\u0131\u011fa  l\u00fczum yoktur, diye bile d\u00fc\u015f\u00fcnmemi\u015fti. Ge\u00e7erlerken onlar\u0131 \u015fimdiye kadar  hi\u00e7 tan\u0131mam\u0131\u015f, bilmemi\u015f gibi ba\u015fka tarafa bakar, selam vermezdi. Bu  hissinde de samimi idi. Bu ilgisizli\u011fi hi\u00e7 hesapl\u0131, d\u00fc\u015f\u00fcnceli bir \u015fey  de\u011fildi. Garip bir surette kendili\u011findendi. \u0130\u015fte bu k\u0131s\u0131m Kamarot  \u0130rfan&#8217;\u0131n hik\u00e2yesiyle birdenbire i\u015fi az\u0131tt\u0131lar. O ge\u00e7erken yerlere  t\u00fck\u00fcrd\u00fcler. \u00d6yle ki bir\u00e7oklar\u0131 pis, adi kar\u0131, \u015f\u0131ll\u0131k kelimelerinden  \u00f6ks\u00fcr\u00fck, aks\u0131r\u0131k, t\u0131ks\u0131r\u0131k seslerinden ve nidalar\u0131ndan yuvarlad\u0131klar\u0131  bir homurtuyu o ge\u00e7erken homurdanmaya ba\u015flad\u0131lar. Nevin bir zaman  bunlara ne yapt\u0131\u011f\u0131n\u0131, neden ona bu kadar d\u00fc\u015fman kesildiklerini  anlayamad\u0131.<\/p>\n<p style=\"text-align: justify;\">Hani istedikleri de olmu\u015ftu: Nevin onlar hakk\u0131nda d\u00fc\u015f\u00fcnmeye  koyuldu. Ama yine de eski halinde fazla bir de\u011fi\u015fiklik g\u00f6r\u00fclmedi. Yaln\u0131z  bu sefer eskiden oldu\u011fu gibi onlar yan\u0131ndan ge\u00e7erken kay\u0131ts\u0131z  duram\u0131yor, bir uykudan uyand\u0131r\u0131lm\u0131\u015f gibi onlar\u0131 tan\u0131yor, g\u00fcl\u00fcmseyecek  bir muhaverede ise donakal\u0131yor, g\u00fclemiyordu. S\u00f6yleyece\u011fi bir \u015fey varsa  s\u00f6yleyemiyordu. Bir yerde rastlarsa hafif\u00e7e, pek belli belirsiz bir  rahats\u0131zl\u0131k duyuyor, yanlar\u0131ndan uzakla\u015fabilmek i\u00e7in tela\u015f g\u00f6steriyor,  acele ediyordu. En korktu\u011fu \u015fey k\u00fc\u00e7\u00fck g\u00f6r\u00fclmekti. \u0130nsanlardan her zaman  kendini a\u015fa\u011f\u0131 g\u00f6rm\u00fc\u015ft\u00fc. Hatt\u00e2 k\u00fc\u00e7\u00fck g\u00f6rm\u00fc\u015ft\u00fc. G\u00f6rm\u00fc\u015ft\u00fc ama ba\u015fkas\u0131  taraf\u0131ndan \u00f6yle g\u00f6r\u00fclmek onu \u00e7ok \u00fczerdi. Buna da tahamm\u00fcl etmek, ald\u0131r\u0131\u015f  etmemek gerekiyordu. O pis kamarot kendini insanlardan nas\u0131l \u00fcst\u00fcn  say\u0131yordu, bir g\u00f6rmeliydi. &#8220;\u0130rfan A\u011fabey! \u0130rfan A\u011fabey,&#8221; dedikleri zaman  ni\u015fanl\u0131s\u0131 i\u00e7in bile de\u011fil, elbiseleri i\u00e7in iftihar edercesine g\u00fcnde \u00fc\u00e7  defa urba de\u011fi\u015ftiriyordu.<\/p>\n<p style=\"text-align: justify;\">Kanada&#8217;dan ald\u0131\u011f\u0131 kal\u0131n g\u00f6mlekleri, eski  ayakkab\u0131lar\u0131n\u0131, kar k\u00fclah\u0131n\u0131 giyer, geyik ba\u015fl\u0131 bastonunu koltu\u011funun  alt\u0131na s\u0131k\u0131\u015ft\u0131r\u0131r. Zulmedecek, kendi \u00fcst\u00fcnl\u00fck hastal\u0131\u011f\u0131n\u0131 \u015fehvet gibi  tatmin edecek bir bi\u00e7are insan arard\u0131. Y\u00fcz\u00fc ve dudaklar\u0131 al al,  b\u0131y\u0131klar\u0131 k\u0131pk\u0131rm\u0131z\u0131 oldu\u011fu halde bir ye\u015fil g\u00fcl\u00fcmseme ile d\u00f6rt yan\u0131na  bakard\u0131, \u00fcst\u00fc ba\u015f\u0131, omuzu k\u0131\u00e7\u0131 bir hizada korkun\u00e7 bir mahl\u00fbktu. Hi\u00e7bir  hayvan, onun kadar \u00e7irkin olamazd\u0131. \u0130htiyar \u00e7\u00f6p\u00e7\u00fc atlar\u0131 g\u00fczeldi. Uyuz  e\u015fekler g\u00fczeldi. Her taraf\u0131 y\u0131rt\u0131k, g\u00f6zleri irinli hasta kediler  g\u00fczeldi. Sokak k\u00f6pekleri ne g\u00fczeldi! Hamamb\u00f6cekleri, zinalar harikulade  idi. Bizim \u00e7irkin dedi\u011fimiz; y\u00fczleri, bilinmi\u015f, tad\u0131lm\u0131\u015f, resmi \u00e7izilmi\u015f  olmayan kendi halinde insanc\u0131klar g\u00fczeldi. Ama o, s\u0131hhatli yanaklar\u0131na,  beyaz di\u015flerine, k\u0131rm\u0131z\u0131 b\u0131y\u0131klar\u0131na, kumral sa\u00e7lar\u0131na ra\u011fmen \u00e7irkindi.  \u00c7irkinli\u011fin en korkuncu ile \u00e7irkindi. O bu k\u00f6yde bulunduk\u00e7a hani  insan\u0131n \u00fcst\u00fcne kazara bir yerden bir pislik s\u00fcr\u00fcn\u00fcr de insan neresinde  oldu\u011funu kestiremez, arada s\u0131rada birdenbire keskin ve \u00f6\u011f\u00fcrt\u00fcc\u00fc bir koku  duyar. \u0130\u015fte onun k\u00f6yde bulundu\u011fu g\u00fcnleri Nevin, kokusundan, bu pislik  kokusundan tan\u0131rd\u0131&#8230;<\/p>\n<p style=\"text-align: justify;\">***<\/p>\n<p style=\"text-align: justify;\">Bir Pazartesi g\u00fcn\u00fc idi. G\u00fcnler, \u015fu garip g\u00fcnler! Uykumuzun i\u00e7inde saatleri ba\u015flayan g\u00fcnler! Uyand\u0131\u011f\u0131m\u0131z zaman \u00fc\u00e7te birini arkada b\u0131rakm\u0131\u015f\u0131zd\u0131r ba\u015flayan g\u00fcn\u00fcn, kald\u0131 m\u0131 \u00fc\u00e7te ikisi.. Yap bakal\u0131m hesab\u0131n\u0131. <\/p>\n<p>Hey gidi Pazartesi hey! Kald\u0131 on alt\u0131 saatin. Bir saat kavgaya say, bir saat konu\u015fmaya, iki saat y\u00fcr\u00fcmeye, yar\u0131m saat d\u00fc\u015f\u00fcnmeye koy, yeme\u011fe i\u00e7me\u011fe de bir saat, yar\u0131m saat el y\u0131kama aptes bozmaya, yar\u0131m saat oldu\u011fun yerde kestirmeye, \u00e7eyrek saat bilet almaya, t\u00fcnele, tramvaya, vapura binmeye&#8230; Say sayabildi\u011fin kadar. Koy bu on saatin i\u00e7ine bo\u015fluklar\u0131 doldur. Sevi\u015fmeye koyabiliyor musun on dakika?<\/p>\n<p>Yaz\u0131 makinelerine, kalem tutan parmaklara, ne\u015fterlere, ila\u00e7lara, selam vermeye, kitap okumaya, iki kadeh i\u00e7meye&#8230; Vakit mi kal\u0131yor insano\u011fluna? Bunu yaparsan onu edemiyorsun.<\/p>\n<p>Kimine dar, kimine bolsun; pazartesi! pazartesi! sanki pazar bir\u015feymi\u015f de onun bir de yar\u0131n\u0131 var, ertesi g\u00fcn\u00fc var. ertesi g\u00fcn\u00fc yapacak i\u015flerin i\u00e7inde hep ayn\u0131 olan\u0131 bir yana b\u0131rak\u0131rsak bize saat olarak ne kal\u0131r?<\/p>\n<p>Ge\u00e7 git Pazartesi sen de! Sende de i\u015f yok. Sen de Sal\u0131&#8217;ya do\u011fru kalem tutarak, apteshaneye giderek, daktilo yazarak, otob\u00fcse binerek, s\u00fcmk\u00fcrerek, burnunu \u00e7ekerek, vapura atlayarak, merhaba diyerek, bilet alarak, pazarl\u0131k ederek, bir \u015fark\u0131 bile m\u0131r\u0131ldanmadan, \u0131sl\u0131k \u00e7almay\u0131 bile hat\u0131rlamadan, a\u015fktan g\u00f6z a\u00e7amadan, bir g\u00fczel y\u00fcz bile g\u00f6remeden; yalan s\u00f6yleyerek, insano\u011flundan insano\u011fluna k\u00f6t\u00fc haberler ileterek, \u00c7ar\u015famba&#8217;ya do\u011fru y\u00fcr\u00fcyen budala bir Sal\u0131 ile kol kola ge\u00e7ip gideceksin.<\/p>\n<p>Lalettayin bir Mart g\u00fcn\u00fcn\u00fcn lalettayin bir Pazartesisi. Gideceksen git! Pencereye \u00fc\u00e7 be\u015f damla insan\u0131n i\u00e7ini \u00fcrperten buz gibi su, mangall\u0131 odan\u0131n bir isim yazd\u0131\u011f\u0131m, bir \u015fekil \u00e7izdi\u011fim cam\u0131na bu\u011fudan ba\u015fka g\u00fczel ne getirdin?<\/p>\n<p>Kim bilir, belki de bu saatte Beyo\u011flu&#8217;nda bir evde bir kad\u0131n bir erkekle kavga ediyordur. Onun da ismi Nevin&#8217;dir.<\/p>\n<p>Az sonra, Pazartesi isimli saatlerin on dakikas\u0131 ge\u00e7inceye kadar bir zaman i\u00e7inde, kanl\u0131 canl\u0131, ond\u00fcleli, rujlu Nevin on alt\u0131 yerinden b\u0131\u00e7aklan\u0131verecek. Fransa&#8217;da kabine d\u00fc\u015fecek. \u0130ngiltere&#8217;de bir Lord evlenecek, bir u\u00e7ak d\u00fc\u015fecek, bir di\u011feri Roma Hava Meydan\u0131&#8217;ndan Paris&#8217;e kalkacak.<\/p>\n<p>Da\u011flar\u0131n i\u00e7inde bir tren gidiyor bak! Tam t\u00fcnele girmek \u00fczere. Bak\u0131n \u015fu dolmu\u015fta bir \u015feyler oldu. Bir adam ezilmi\u015f mi? Bay\u0131lm\u0131\u015f m\u0131? Nedir? Eczaneye g\u00f6t\u00fcr\u00fcyorlar. Hastanenin birinde bir adam\u0131n kalbine ameliyat yap\u0131yorlar; bir ba\u015fkas\u0131n\u0131n karn\u0131ndan su al\u0131yorlar; birine narkoz veriyorlar, birinin aya\u011f\u0131n\u0131 kesiyorlar&#8230;<\/p>\n<p>D\u00fc\u015f\u00fcn\u00fcr\u00fcm, d\u00fc\u015f\u00fcn\u00fcr\u00fcm bunu da: \u0130ki ki\u015fiyi, tenha bir sinemada, yan yana, i\u00e7leri hazdan \u0131\u015f\u0131klar i\u00e7inde, y\u00fcrekleri dudaklar\u0131nda, \u015fehvet \u0131sl\u0131k gibi, y\u0131lan gibi, Temmuz geceleri gibi y\u0131ld\u0131zl\u0131, s\u0131cak, a\u011f\u0131r kokulu, dudak duda\u011fa, eller ellerde, bir kad\u0131nla kaybolmu\u015f bir erkek.<\/p>\n<p>Hey Pazartesi! \u00d6v\u00fcnebilirsin, isminle de\u011fil; yukar\u0131da sayd\u0131klar\u0131mla.<\/p>\n<p>Ulan Pazartesi! Sen bir tarafta Pazar, bir tarafta Sal\u0131s\u0131n; serseri herif! Ne diye \u0130stanbul&#8217;da bize &#8220;Pazartesiyim&#8221; diye kafa tutars\u0131n. Elimde olsa tutar\u0131m seni \u015fu saniyede; bakar\u0131m sonra d\u00fcnya y\u00fcz\u00fcne: Bir \u00e7ocu\u011fun yaln\u0131z kafas\u0131 \u00e7\u0131km\u0131\u015ft\u0131r, bir adam durmadan son nefesinde.<\/p>\n<p>Bir kad\u0131n hep o sars\u0131lma an\u0131ndad\u0131r, bir parmak kalkm\u0131\u015f daktilonun ba\u015f\u0131nda; bekliyor. Hep seni bekliyorlar ge\u00e7sin gitsin diye, k\u00f6pek! Giden bir araba durmayaca\u011f\u0131na g\u00f6re ne yapar acaba? B\u0131rak bizim t\u00fcneli, bir u\u00e7a\u011f\u0131 d\u00fc\u015f\u00fcn; duramaz, ehh gidemez de. K\u00f6pek hep mi havlayacak? Hani buna havlamak da denmez. Tavuk yumurtay\u0131 yumurtlayamayacak, ben ben ben ben ben&#8230;<\/p>\n<p>Nevin, i\u015fte Pazartesi g\u00fcn\u00fcn\u00fc yerden yere vurarak k\u00f6y\u00fcn i\u00e7inde dola\u015f\u0131yordu. G\u00fcnler bir sayfa i\u00e7ine s\u0131\u011fd\u0131rabilece\u011fi bir tak\u0131m hareketlerle, vapura binmek, Beyo\u011flu&#8217;na \u00e7\u0131kmak, sinemaya gitmek, bir arkada\u015f g\u00f6rmek&#8230; Pek az d\u00fc\u015f\u00fcn\u00fclmeyen de\u011fi\u015fikliklerle ge\u00e7ip gidiyordu.<\/p>\n<p>Sait Faik Abas\u0131yan\u0131k | Kay\u0131p Aran\u0131yor<\/p>\n","protected":false},"excerpt":{"rendered":"<p>&#8220;Riyak\u00e2rl\u0131k a\u015fa\u011f\u0131l\u0131\u011f\u0131n en son haddidir. Sahiden iyi insanlar, k\u00f6t\u00fcler hakk\u0131nda laf s\u00f6ylemezlerdi. (&#8230;) Riyay\u0131 kald\u0131r\u0131rsan\u0131z mesele yoktur, k\u00f6t\u00fcler hemen saflar\u0131na iyiyi al\u0131verirler. \u00d6nemli olan k\u00f6t\u00fcl\u00fc\u011f\u00fc iyilikle beraber ortadan kald\u0131rmakt\u0131r. O zaman insanl\u0131k denilen \u015fey kafas\u0131n\u0131 kald\u0131r\u0131r: &#8216;Durun bakal\u0131m&#8217;, der, &#8216;biz de var\u0131z&#8217;&#8221; *** K\u00f6y halk\u0131 meziyetli insanlard\u0131. Haks\u0131zl\u0131ktan ve yalandan \u00fcrkerlerdi. \u00dcrkmeyenler de kuvvetli bir [&hellip;]<\/p>\n","protected":false},"author":1,"featured_media":0,"comment_status":"open","ping_status":"open","sticky":false,"template":"","format":"standard","meta":{"footnotes":""},"categories":[137],"tags":[],"class_list":["post-6839","post","type-post","status-publish","format-standard","category-edebiyat-turkiye"],"yoast_head":"<!-- This site is optimized with the Yoast SEO Premium plugin v24.9 (Yoast SEO v24.9) - https:\/\/yoast.com\/wordpress\/plugins\/seo\/ -->\n<title>Kay\u0131p Aran\u0131yor | Sait Faik Abas\u0131yan\u0131k - narteks.net<\/title>\n<meta name=\"robots\" content=\"index, follow, max-snippet:-1, max-image-preview:large, max-video-preview:-1\" \/>\n<link rel=\"canonical\" href=\"https:\/\/narteks.net\/index.php\/2011\/10\/08\/kayip-araniyor-sait-faik-abasiyanik\/\" \/>\n<meta property=\"og:locale\" content=\"tr_TR\" \/>\n<meta property=\"og:type\" content=\"article\" \/>\n<meta property=\"og:title\" content=\"Kay\u0131p Aran\u0131yor | Sait Faik Abas\u0131yan\u0131k\" \/>\n<meta property=\"og:description\" content=\"&#8220;Riyak\u00e2rl\u0131k a\u015fa\u011f\u0131l\u0131\u011f\u0131n en son haddidir. Sahiden iyi insanlar, k\u00f6t\u00fcler hakk\u0131nda laf s\u00f6ylemezlerdi. (&#8230;) Riyay\u0131 kald\u0131r\u0131rsan\u0131z mesele yoktur, k\u00f6t\u00fcler hemen saflar\u0131na iyiyi al\u0131verirler. \u00d6nemli olan k\u00f6t\u00fcl\u00fc\u011f\u00fc iyilikle beraber ortadan kald\u0131rmakt\u0131r. O zaman insanl\u0131k denilen \u015fey kafas\u0131n\u0131 kald\u0131r\u0131r: &#8216;Durun bakal\u0131m&#8217;, der, &#8216;biz de var\u0131z&#039;&#8221; *** K\u00f6y halk\u0131 meziyetli insanlard\u0131. Haks\u0131zl\u0131ktan ve yalandan \u00fcrkerlerdi. \u00dcrkmeyenler de kuvvetli bir [&hellip;]\" \/>\n<meta property=\"og:url\" content=\"https:\/\/narteks.net\/index.php\/2011\/10\/08\/kayip-araniyor-sait-faik-abasiyanik\/\" \/>\n<meta property=\"og:site_name\" content=\"narteks.net\" \/>\n<meta property=\"article:published_time\" content=\"2011-10-08T08:27:06+00:00\" \/>\n<meta property=\"og:image\" content=\"http:\/\/www.nkfu.com\/resimler\/kayip-araniyor.jpg\" \/>\n<meta name=\"author\" content=\"Tar\u0131k\" \/>\n<meta name=\"twitter:card\" content=\"summary_large_image\" \/>\n<meta name=\"twitter:creator\" content=\"@narteks\" \/>\n<meta name=\"twitter:site\" content=\"@narteks\" \/>\n<meta name=\"twitter:label1\" content=\"Yazan:\" \/>\n\t<meta name=\"twitter:data1\" content=\"Tar\u0131k\" \/>\n\t<meta name=\"twitter:label2\" content=\"Tahmini okuma s\u00fcresi\" \/>\n\t<meta name=\"twitter:data2\" content=\"8 dakika\" \/>\n<script type=\"application\/ld+json\" class=\"yoast-schema-graph\">{\"@context\":\"https:\/\/schema.org\",\"@graph\":[{\"@type\":\"Article\",\"@id\":\"https:\/\/narteks.net\/index.php\/2011\/10\/08\/kayip-araniyor-sait-faik-abasiyanik\/#article\",\"isPartOf\":{\"@id\":\"https:\/\/narteks.net\/index.php\/2011\/10\/08\/kayip-araniyor-sait-faik-abasiyanik\/\"},\"author\":{\"name\":\"Tar\u0131k\",\"@id\":\"https:\/\/narteks.net\/#\/schema\/person\/61f37d9834294b72d31d274e7ed79bca\"},\"headline\":\"Kay\u0131p Aran\u0131yor | Sait Faik Abas\u0131yan\u0131k\",\"datePublished\":\"2011-10-08T08:27:06+00:00\",\"mainEntityOfPage\":{\"@id\":\"https:\/\/narteks.net\/index.php\/2011\/10\/08\/kayip-araniyor-sait-faik-abasiyanik\/\"},\"wordCount\":1652,\"commentCount\":0,\"publisher\":{\"@id\":\"https:\/\/narteks.net\/#organization\"},\"image\":{\"@id\":\"https:\/\/narteks.net\/index.php\/2011\/10\/08\/kayip-araniyor-sait-faik-abasiyanik\/#primaryimage\"},\"thumbnailUrl\":\"http:\/\/www.nkfu.com\/resimler\/kayip-araniyor.jpg\",\"articleSection\":[\"Edebiyat ( T\u00fcrkiye )\"],\"inLanguage\":\"tr\",\"potentialAction\":[{\"@type\":\"CommentAction\",\"name\":\"Comment\",\"target\":[\"https:\/\/narteks.net\/index.php\/2011\/10\/08\/kayip-araniyor-sait-faik-abasiyanik\/#respond\"]}]},{\"@type\":\"WebPage\",\"@id\":\"https:\/\/narteks.net\/index.php\/2011\/10\/08\/kayip-araniyor-sait-faik-abasiyanik\/\",\"url\":\"https:\/\/narteks.net\/index.php\/2011\/10\/08\/kayip-araniyor-sait-faik-abasiyanik\/\",\"name\":\"Kay\u0131p Aran\u0131yor | Sait Faik Abas\u0131yan\u0131k - narteks.net\",\"isPartOf\":{\"@id\":\"https:\/\/narteks.net\/#website\"},\"primaryImageOfPage\":{\"@id\":\"https:\/\/narteks.net\/index.php\/2011\/10\/08\/kayip-araniyor-sait-faik-abasiyanik\/#primaryimage\"},\"image\":{\"@id\":\"https:\/\/narteks.net\/index.php\/2011\/10\/08\/kayip-araniyor-sait-faik-abasiyanik\/#primaryimage\"},\"thumbnailUrl\":\"http:\/\/www.nkfu.com\/resimler\/kayip-araniyor.jpg\",\"datePublished\":\"2011-10-08T08:27:06+00:00\",\"breadcrumb\":{\"@id\":\"https:\/\/narteks.net\/index.php\/2011\/10\/08\/kayip-araniyor-sait-faik-abasiyanik\/#breadcrumb\"},\"inLanguage\":\"tr\",\"potentialAction\":[{\"@type\":\"ReadAction\",\"target\":[\"https:\/\/narteks.net\/index.php\/2011\/10\/08\/kayip-araniyor-sait-faik-abasiyanik\/\"]}]},{\"@type\":\"ImageObject\",\"inLanguage\":\"tr\",\"@id\":\"https:\/\/narteks.net\/index.php\/2011\/10\/08\/kayip-araniyor-sait-faik-abasiyanik\/#primaryimage\",\"url\":\"http:\/\/www.nkfu.com\/resimler\/kayip-araniyor.jpg\",\"contentUrl\":\"http:\/\/www.nkfu.com\/resimler\/kayip-araniyor.jpg\"},{\"@type\":\"BreadcrumbList\",\"@id\":\"https:\/\/narteks.net\/index.php\/2011\/10\/08\/kayip-araniyor-sait-faik-abasiyanik\/#breadcrumb\",\"itemListElement\":[{\"@type\":\"ListItem\",\"position\":1,\"name\":\"Anasayfa\",\"item\":\"https:\/\/narteks.net\/\"},{\"@type\":\"ListItem\",\"position\":2,\"name\":\"Kay\u0131p Aran\u0131yor | Sait Faik Abas\u0131yan\u0131k\"}]},{\"@type\":\"WebSite\",\"@id\":\"https:\/\/narteks.net\/#website\",\"url\":\"https:\/\/narteks.net\/\",\"name\":\"narteks.net\",\"description\":\"K\u00fclt\u00fcr Sanat Edebiyat Felsefe\",\"publisher\":{\"@id\":\"https:\/\/narteks.net\/#organization\"},\"alternateName\":\"K\u00fclt\u00fcr Sanat Edebiyat Felsefe\",\"potentialAction\":[{\"@type\":\"SearchAction\",\"target\":{\"@type\":\"EntryPoint\",\"urlTemplate\":\"https:\/\/narteks.net\/?s={search_term_string}\"},\"query-input\":{\"@type\":\"PropertyValueSpecification\",\"valueRequired\":true,\"valueName\":\"search_term_string\"}}],\"inLanguage\":\"tr\"},{\"@type\":\"Organization\",\"@id\":\"https:\/\/narteks.net\/#organization\",\"name\":\"narteks.net\",\"url\":\"https:\/\/narteks.net\/\",\"logo\":{\"@type\":\"ImageObject\",\"inLanguage\":\"tr\",\"@id\":\"https:\/\/narteks.net\/#\/schema\/logo\/image\/\",\"url\":\"https:\/\/narteks.net\/wp-content\/uploads\/narteks.png\",\"contentUrl\":\"https:\/\/narteks.net\/wp-content\/uploads\/narteks.png\",\"width\":300,\"height\":90,\"caption\":\"narteks.net\"},\"image\":{\"@id\":\"https:\/\/narteks.net\/#\/schema\/logo\/image\/\"},\"sameAs\":[\"https:\/\/x.com\/narteks\",\"https:\/\/instagram.com\/narteksnet\"]},{\"@type\":\"Person\",\"@id\":\"https:\/\/narteks.net\/#\/schema\/person\/61f37d9834294b72d31d274e7ed79bca\",\"name\":\"Tar\u0131k\",\"image\":{\"@type\":\"ImageObject\",\"inLanguage\":\"tr\",\"@id\":\"https:\/\/narteks.net\/#\/schema\/person\/image\/\",\"url\":\"https:\/\/secure.gravatar.com\/avatar\/50865afb55632c4ae467e0af0930f6510aa2297d8014be502a55b14f3b7550cf?s=96&d=mm&r=g\",\"contentUrl\":\"https:\/\/secure.gravatar.com\/avatar\/50865afb55632c4ae467e0af0930f6510aa2297d8014be502a55b14f3b7550cf?s=96&d=mm&r=g\",\"caption\":\"Tar\u0131k\"},\"sameAs\":[\"http:\/\/narteks.net\"],\"url\":\"https:\/\/narteks.net\/index.php\/author\/narbak\/\"}]}<\/script>\n<!-- \/ Yoast SEO Premium plugin. -->","yoast_head_json":{"title":"Kay\u0131p Aran\u0131yor | Sait Faik Abas\u0131yan\u0131k - narteks.net","robots":{"index":"index","follow":"follow","max-snippet":"max-snippet:-1","max-image-preview":"max-image-preview:large","max-video-preview":"max-video-preview:-1"},"canonical":"https:\/\/narteks.net\/index.php\/2011\/10\/08\/kayip-araniyor-sait-faik-abasiyanik\/","og_locale":"tr_TR","og_type":"article","og_title":"Kay\u0131p Aran\u0131yor | Sait Faik Abas\u0131yan\u0131k","og_description":"&#8220;Riyak\u00e2rl\u0131k a\u015fa\u011f\u0131l\u0131\u011f\u0131n en son haddidir. Sahiden iyi insanlar, k\u00f6t\u00fcler hakk\u0131nda laf s\u00f6ylemezlerdi. (&#8230;) Riyay\u0131 kald\u0131r\u0131rsan\u0131z mesele yoktur, k\u00f6t\u00fcler hemen saflar\u0131na iyiyi al\u0131verirler. \u00d6nemli olan k\u00f6t\u00fcl\u00fc\u011f\u00fc iyilikle beraber ortadan kald\u0131rmakt\u0131r. O zaman insanl\u0131k denilen \u015fey kafas\u0131n\u0131 kald\u0131r\u0131r: &#8216;Durun bakal\u0131m&#8217;, der, &#8216;biz de var\u0131z'&#8221; *** K\u00f6y halk\u0131 meziyetli insanlard\u0131. Haks\u0131zl\u0131ktan ve yalandan \u00fcrkerlerdi. \u00dcrkmeyenler de kuvvetli bir [&hellip;]","og_url":"https:\/\/narteks.net\/index.php\/2011\/10\/08\/kayip-araniyor-sait-faik-abasiyanik\/","og_site_name":"narteks.net","article_published_time":"2011-10-08T08:27:06+00:00","og_image":[{"url":"http:\/\/www.nkfu.com\/resimler\/kayip-araniyor.jpg","type":"","width":"","height":""}],"author":"Tar\u0131k","twitter_card":"summary_large_image","twitter_creator":"@narteks","twitter_site":"@narteks","twitter_misc":{"Yazan:":"Tar\u0131k","Tahmini okuma s\u00fcresi":"8 dakika"},"schema":{"@context":"https:\/\/schema.org","@graph":[{"@type":"Article","@id":"https:\/\/narteks.net\/index.php\/2011\/10\/08\/kayip-araniyor-sait-faik-abasiyanik\/#article","isPartOf":{"@id":"https:\/\/narteks.net\/index.php\/2011\/10\/08\/kayip-araniyor-sait-faik-abasiyanik\/"},"author":{"name":"Tar\u0131k","@id":"https:\/\/narteks.net\/#\/schema\/person\/61f37d9834294b72d31d274e7ed79bca"},"headline":"Kay\u0131p Aran\u0131yor | Sait Faik Abas\u0131yan\u0131k","datePublished":"2011-10-08T08:27:06+00:00","mainEntityOfPage":{"@id":"https:\/\/narteks.net\/index.php\/2011\/10\/08\/kayip-araniyor-sait-faik-abasiyanik\/"},"wordCount":1652,"commentCount":0,"publisher":{"@id":"https:\/\/narteks.net\/#organization"},"image":{"@id":"https:\/\/narteks.net\/index.php\/2011\/10\/08\/kayip-araniyor-sait-faik-abasiyanik\/#primaryimage"},"thumbnailUrl":"http:\/\/www.nkfu.com\/resimler\/kayip-araniyor.jpg","articleSection":["Edebiyat ( T\u00fcrkiye )"],"inLanguage":"tr","potentialAction":[{"@type":"CommentAction","name":"Comment","target":["https:\/\/narteks.net\/index.php\/2011\/10\/08\/kayip-araniyor-sait-faik-abasiyanik\/#respond"]}]},{"@type":"WebPage","@id":"https:\/\/narteks.net\/index.php\/2011\/10\/08\/kayip-araniyor-sait-faik-abasiyanik\/","url":"https:\/\/narteks.net\/index.php\/2011\/10\/08\/kayip-araniyor-sait-faik-abasiyanik\/","name":"Kay\u0131p Aran\u0131yor | Sait Faik Abas\u0131yan\u0131k - narteks.net","isPartOf":{"@id":"https:\/\/narteks.net\/#website"},"primaryImageOfPage":{"@id":"https:\/\/narteks.net\/index.php\/2011\/10\/08\/kayip-araniyor-sait-faik-abasiyanik\/#primaryimage"},"image":{"@id":"https:\/\/narteks.net\/index.php\/2011\/10\/08\/kayip-araniyor-sait-faik-abasiyanik\/#primaryimage"},"thumbnailUrl":"http:\/\/www.nkfu.com\/resimler\/kayip-araniyor.jpg","datePublished":"2011-10-08T08:27:06+00:00","breadcrumb":{"@id":"https:\/\/narteks.net\/index.php\/2011\/10\/08\/kayip-araniyor-sait-faik-abasiyanik\/#breadcrumb"},"inLanguage":"tr","potentialAction":[{"@type":"ReadAction","target":["https:\/\/narteks.net\/index.php\/2011\/10\/08\/kayip-araniyor-sait-faik-abasiyanik\/"]}]},{"@type":"ImageObject","inLanguage":"tr","@id":"https:\/\/narteks.net\/index.php\/2011\/10\/08\/kayip-araniyor-sait-faik-abasiyanik\/#primaryimage","url":"http:\/\/www.nkfu.com\/resimler\/kayip-araniyor.jpg","contentUrl":"http:\/\/www.nkfu.com\/resimler\/kayip-araniyor.jpg"},{"@type":"BreadcrumbList","@id":"https:\/\/narteks.net\/index.php\/2011\/10\/08\/kayip-araniyor-sait-faik-abasiyanik\/#breadcrumb","itemListElement":[{"@type":"ListItem","position":1,"name":"Anasayfa","item":"https:\/\/narteks.net\/"},{"@type":"ListItem","position":2,"name":"Kay\u0131p Aran\u0131yor | Sait Faik Abas\u0131yan\u0131k"}]},{"@type":"WebSite","@id":"https:\/\/narteks.net\/#website","url":"https:\/\/narteks.net\/","name":"narteks.net","description":"K\u00fclt\u00fcr Sanat Edebiyat Felsefe","publisher":{"@id":"https:\/\/narteks.net\/#organization"},"alternateName":"K\u00fclt\u00fcr Sanat Edebiyat Felsefe","potentialAction":[{"@type":"SearchAction","target":{"@type":"EntryPoint","urlTemplate":"https:\/\/narteks.net\/?s={search_term_string}"},"query-input":{"@type":"PropertyValueSpecification","valueRequired":true,"valueName":"search_term_string"}}],"inLanguage":"tr"},{"@type":"Organization","@id":"https:\/\/narteks.net\/#organization","name":"narteks.net","url":"https:\/\/narteks.net\/","logo":{"@type":"ImageObject","inLanguage":"tr","@id":"https:\/\/narteks.net\/#\/schema\/logo\/image\/","url":"https:\/\/narteks.net\/wp-content\/uploads\/narteks.png","contentUrl":"https:\/\/narteks.net\/wp-content\/uploads\/narteks.png","width":300,"height":90,"caption":"narteks.net"},"image":{"@id":"https:\/\/narteks.net\/#\/schema\/logo\/image\/"},"sameAs":["https:\/\/x.com\/narteks","https:\/\/instagram.com\/narteksnet"]},{"@type":"Person","@id":"https:\/\/narteks.net\/#\/schema\/person\/61f37d9834294b72d31d274e7ed79bca","name":"Tar\u0131k","image":{"@type":"ImageObject","inLanguage":"tr","@id":"https:\/\/narteks.net\/#\/schema\/person\/image\/","url":"https:\/\/secure.gravatar.com\/avatar\/50865afb55632c4ae467e0af0930f6510aa2297d8014be502a55b14f3b7550cf?s=96&d=mm&r=g","contentUrl":"https:\/\/secure.gravatar.com\/avatar\/50865afb55632c4ae467e0af0930f6510aa2297d8014be502a55b14f3b7550cf?s=96&d=mm&r=g","caption":"Tar\u0131k"},"sameAs":["http:\/\/narteks.net"],"url":"https:\/\/narteks.net\/index.php\/author\/narbak\/"}]}},"_links":{"self":[{"href":"https:\/\/narteks.net\/index.php\/wp-json\/wp\/v2\/posts\/6839","targetHints":{"allow":["GET"]}}],"collection":[{"href":"https:\/\/narteks.net\/index.php\/wp-json\/wp\/v2\/posts"}],"about":[{"href":"https:\/\/narteks.net\/index.php\/wp-json\/wp\/v2\/types\/post"}],"author":[{"embeddable":true,"href":"https:\/\/narteks.net\/index.php\/wp-json\/wp\/v2\/users\/1"}],"replies":[{"embeddable":true,"href":"https:\/\/narteks.net\/index.php\/wp-json\/wp\/v2\/comments?post=6839"}],"version-history":[{"count":0,"href":"https:\/\/narteks.net\/index.php\/wp-json\/wp\/v2\/posts\/6839\/revisions"}],"wp:attachment":[{"href":"https:\/\/narteks.net\/index.php\/wp-json\/wp\/v2\/media?parent=6839"}],"wp:term":[{"taxonomy":"category","embeddable":true,"href":"https:\/\/narteks.net\/index.php\/wp-json\/wp\/v2\/categories?post=6839"},{"taxonomy":"post_tag","embeddable":true,"href":"https:\/\/narteks.net\/index.php\/wp-json\/wp\/v2\/tags?post=6839"}],"curies":[{"name":"wp","href":"https:\/\/api.w.org\/{rel}","templated":true}]}}