{"id":684,"date":"2009-04-17T09:59:24","date_gmt":"2009-04-17T06:59:24","guid":{"rendered":"http:\/\/localhost\/wordpress\/2009\/04\/17\/necati-cumali-biyografisi\/"},"modified":"2009-04-17T09:59:24","modified_gmt":"2009-04-17T06:59:24","slug":"necati-cumali-biyografisi","status":"publish","type":"post","link":"https:\/\/narteks.net\/index.php\/2009\/04\/17\/necati-cumali-biyografisi\/","title":{"rendered":"Necati CUMALI Biyografisi"},"content":{"rendered":"<div class=\"thumb tleft\">\n<div class=\"thumbinner\" style=\"width: 152px;\"><span class=\"image\"><img loading=\"lazy\" decoding=\"async\" class=\"thumbimage\" src=\"http:\/\/upload.wikimedia.org\/wikipedia\/tr\/b\/ba\/Necaticumali2-1-.jpg\" border=\"0\" width=\"155\" height=\"205\" style=\"border: 0;\" \/><\/span><\/p>\n<div class=\"thumbcaption\">\n<div class=\"magnify\"><span class=\"internal\"><br \/><\/span><\/div>\n<\/div>\n<\/div>\n<\/div>\n<p style=\"text-align: justify;\">Necati Cumal\u0131 edebiyata yal\u0131n \u015fiirlerle ve g\u00fc\u00e7l\u00fc Sabahattin Ali etkileri ta\u015f\u0131yan hik\u00e2yelerle girmi\u015f, giderek \u00f6zg\u00fcn bir soluk olu\u015fturmu\u015f usta bir T\u00fcrk edebiyat\u00e7\u0131s\u0131d\u0131r.<\/p>\n<p>1921 y\u0131l\u0131nda bug\u00fcn Yunanistan s\u0131n\u0131rlar\u0131 i\u00e7inde bulunan o d\u00f6nemin Rumeli Vilayet-i Celilesine(Manasd\u0131r&#8217;a) ba\u011fl\u0131 ve Cuma beyleriyle me\u015fhur olan Cuma&#8217;kazas\u0131nda do\u011fmu\u015f, ailesi 1923 T\u00fcrkiye-Yunanistan N\u00fcfus M\u00fcbadelesi kapsam\u0131nda T\u00fcrkiye&#8217;ye g\u00f6\u00e7 ederek \u0130zmir&#8217;in Urla il\u00e7esine yerle\u015fmi\u015ftir. Orta\u00f6\u011frenimini \u0130zmir Atat\u00fcrk Lisesi&#8217;nde (1938), y\u00fcksek \u00f6\u011frenimini ise Ankara \u00dcniversitesi Hukuk Fak\u00fcltesi&#8217;nde (1941) tamamlam\u0131\u015ft\u0131r. Ankara&#8217;da Toprak Mahsulleri Ofisi&#8217;nde (1941-1942), G\u00fczel Sanatlar Genel M\u00fcd\u00fcrl\u00fc\u011f\u00fc&#8217;nde (1945) \u00e7al\u0131\u015fm\u0131\u015ft\u0131r. Askerlik sonras\u0131 Urla ve \u0130zmir&#8217;de avukatl\u0131k ve memurluk yapm\u0131\u015ft\u0131r (1945-1957). 1957-1959 y\u0131llar\u0131nda T\u00fcrkiye&#8217;nin Paris B\u00fcy\u00fckel\u00e7ili\u011fi Bas\u0131n Ata\u015feli\u011fi&#8217;nde \u00e7al\u0131\u015fm\u0131\u015ft\u0131r. 1959 &#8211; 1963 y\u0131llar\u0131nda \u0130stanbul Radyosu&#8217;nda redakt\u00f6rl\u00fck yapan Cumal\u0131, sonraki y\u0131llarda ya\u015fam\u0131n\u0131 roman ve oyun yazarl\u0131\u011f\u0131 ile s\u00fcrd\u00fcrd\u00fc. 10 Ocak 2001 tarihinde yakaland\u0131\u011f\u0131 karaci\u011fer kanserinden kurtulamayarak \u0130stanbul&#8217;da hayata veda etti.<\/p>\n<p>1940&#8217;lardan itibaren Varl\u0131k, Servet-i F\u00fcnun &#8211; Uyan\u0131\u015f, Yeni \u0130nsanl\u0131k gibi dergilerde \u015fiirler yay\u0131mlam\u0131\u015ft\u0131r. \u0130lk kitab\u0131 &#8220;K\u0131z\u0131l\u00e7ullu Yolu&#8221; 1943 tarihlidir. \u0130kinci kitab\u0131 askerli\u011fi esnas\u0131nda terhisine yak\u0131n ge\u00e7irdi\u011fi &#8220;zehirli s\u0131tma&#8221; hastal\u0131\u011f\u0131 y\u00fcz\u00fcnden g\u00f6nderildi\u011fi hava de\u011fi\u015fikli\u011finde yaz\u0131lm\u0131\u015f olan Harbe Gidenin \u015eark\u0131lar\u0131&#8217;d\u0131r (1945). 1945 y\u0131l\u0131ndan itibaren \u015fiir, \u00f6yk\u00fc, roman ve tiyatro t\u00fcrlerinin hepsinde birden \u00fcr\u00fcn veren Necati Cumal\u0131, zaman zaman deneme alan\u0131na da el atm\u0131\u015ft\u0131r.<\/p>\n<p><strong>Eserleri<\/strong><\/p>\n<p>\u015eiirleri<\/p>\n<p> 1943 K\u0131z\u0131l\u00e7ullu Yolu,<br \/> 1945 Harbe Gidenin \u015eark\u0131lar\u0131,<br \/> 1947 May\u0131s Ay\u0131 Notlar\u0131,<br \/> 1951 G\u00fczel Ayd\u0131nl\u0131k,<br \/> 1954 Denizin \u0130lk Y\u00fckseli\u015fi (\u0130lk \u00fc\u00e7 kitab\u0131 ve yeni \u015fiirleri),<br \/> 1955 \u0130mbatla Gelen,<br \/> 1957 G\u00fcne\u015f \u00c7izgisi,<br \/> 1968 Ya\u011fmurlu Deniz (Son iki kitab\u0131 ile yeni \u015fiirler),<br \/> 1970 Ba\u015faklar Gebe,<br \/> 1974 Ceylan A\u011f\u0131d\u0131,<br \/> 1980 A\u00e7 G\u00fcne\u015f,<br \/> 1981 Bozk\u0131rda Bir Atl\u0131,<br \/> 1982 Yaras\u0131n Beyler.<\/p>\n<p>Necati CUMALI<\/p>\n<p>\u00d6LD\u00dcRMEYECEKS\u0130N<\/p>\n<p>&#8220;Asla \u00f6ld\u00fcrmeyeceksin&#8221; Tevrat, G\u00f6\u00e7 20 &#8220;Senden \u00f6nce inenlere, sana inen kitaba da inan\u0131rlar&#8230;Onlar Tanr\u0131n\u0131n g\u00f6sterdi\u011fi do\u011fru yoldad\u0131r, onlar kurtulurlar&#8230;&#8221; Kur&#8217;an, Bakara Suresi<\/p>\n<p>Dinlerin buyru\u011fuydu \u00d6ld\u00fcrmeyeceksin Tap\u0131naklarda \u00e7akt\u0131lar \u00e7arm\u0131hlar\u0131 Elleri kanl\u0131 camilerden \u00e7\u0131kt\u0131lar Kalem k\u0131rd\u0131lar yarg\u0131 yerlerinde Peygamberlerini dinlemediler<\/p>\n<p>Kudurgan dalgalar Tekneleri yutar denizlerde \u00c7\u00f6llerden esen yeller Ekinleri kurutur Bil ki umut ye\u015fildedir Yenilmeyen ye\u015filde<\/p>\n<p>Benim k\u00fc\u00e7\u00fck ser\u00e7em Kanaryam b\u00fclb\u00fcl\u00fcm Kuru dal \u00e7al\u0131 diken Konmu\u015f \u00f6tersin<\/p>\n<p>\u00d6t sen, \u00f6t, karde\u015f sesin Sulara r\u00fczg\u00e2rlara kar\u0131\u015fs\u0131n Zalim \u00fcrks\u00fcn sa\u011f\u0131r i\u015fitsin \u00d6ld\u00fcrmeyeceksin! Necati CUMALI<\/p>\n<p>Her Dilde T\u00fcrk\u00fclerin Meram\u0131 Bir<\/p>\n<p>Her dilde t\u00fcrk\u00fclerin meram\u0131 bir S\u0131la, iki g\u00f6zl\u00fc bir ev, bir gelin Kovboyun dilinde yavuz bir at, bir kement Doguda, bizim \u00e7obanlar\u0131n dilinde Taze ekmek, taze peynir<\/p>\n<p>Mutlu olmak her vakit elimizdedir B\u00fct\u00fcn istedigimiz bundan ibaret K\u00f6yl\u00fcye toprak, kovboya kement Her \u015feyin ba\u015f\u0131nda, her\u015feyden \u00f6nce H\u00fcrriyet<\/p>\n<p>Necati Cumal\u0131<\/p>\n<p>\u015eark\u0131lar<\/p>\n<p>A\u011flad\u0131\u011f\u0131n\u0131 istemem ben \u00f6l\u00fcrsem Beni en sevdi\u011fin halinle hat\u0131rla Uzak bir yerde \u00e7al\u0131\u015ft\u0131\u011f\u0131m\u0131 d\u00fc\u015f\u00fcn Hayatta oldu\u011fuma inan Bir g\u00fcn gelir kendili\u011finden Ge\u00e7er b\u00fct\u00fcn \u00fcz\u00fcnt\u00fcn<\/p>\n<p>Her yeni gelen g\u00fcn\u00fc Yeni bir \u00fcmitle beklemeli Her yeni g\u00fcn Yeni havalarla gelir Gece, ya\u011fan ya\u011fmurla uyursun Sabah bir de bakars\u0131n odan g\u00fcne\u015fli<\/p>\n<p>Her gelen vapuru, treni Yeni bir \u00fcmitle beklemeli Her gelen vapur, tren Yeni insanlarla gelir Ben esmerdim g\u00fczelim Bu sefer sar\u0131\u015f\u0131n\u0131 seversin A\u015fk ya\u015fayanlar i\u00e7indir. \u015eair Necati Cumal\u0131<\/p>\n<p>Hikayeleri<\/p>\n<p> 1955 Yaln\u0131z Kad\u0131n,<br \/> 1956 De\u011fi\u015fik G\u00f6zle,<br \/> 1962 Susuz Yaz, (Kitaba ad\u0131n\u0131 veren ilk \u00f6yk\u00fc Metin Erksan taraf\u0131ndan 1963&#8217;de beyaz perdeye aktar\u0131lm\u0131\u015f ve b\u00fcy\u00fck ba\u015far\u0131 kazanm\u0131\u015ft\u0131r, ayr\u0131ca oyunla\u015ft\u0131r\u0131larak \u0130stanbul \u015eehir Tiyatrolar\u0131&#8217;nda sahneye konulmu\u015ftur (1968).<br \/> 1969 Ay B\u00fcy\u00fcrken Uyuyamam,<br \/> 1976 Viran Da\u011flar: Makedonya 1900 (2005 y\u0131l\u0131nda Frans\u0131z televizyonu taraf\u0131ndan &#8220;Le dernier seigneur des Balkans&#8221; ad\u0131yla 4 b\u00f6l\u00fcml\u00fck bir mini dizi halinde yay\u0131nlanm\u0131\u015ft\u0131r.)<br \/> 1976 Kente \u0130nen Kaplanlar.<\/p>\n<p>Romanlar\u0131<\/p>\n<p> 1959 T\u00fct\u00fcn Zaman\u0131 (Zeli\u015f ad\u0131yla 1971),<br \/> 1973 Ya\u011fmurlar ve Topraklar,<br \/> 1974 Ac\u0131 T\u00fct\u00fcn,<br \/> 1975 A\u015fk da Gezer,<br \/> &#8230; Susuz Yaz.<\/p>\n<p>Oyunlar\u0131<\/p>\n<p> 1959 Mine,<br \/> 1959 Oyunlar I (Bo\u015f Be\u015fik, Ezik Otlar, Vur Emri),<br \/> 1969 Oyunlar II (Susuz Yaz, Tehlikeli G\u00fcvercin, Yeni \u00c7\u0131kan \u015eark\u0131lar),<br \/> 1969 Oyunlar III (Nal\u0131nlar, Masallar, Kaynana Ci\u011feri),<br \/> 1969 Oyunlar IV (Derya G\u00fcl\u00fc, A\u015fk Duvar\u0131, Zorla \u0130spanyol),<br \/> 1973 Oyunlar V (G\u00f6m\u00fc, Bakan\u0131 Bekliyoruz, Kristof Kolomb&#8217;un Yumurtas\u0131),<br \/> 1981 Oyunlar VI (Mine, Y\u00fcr\u00fcyen Geceyi Dinle, \u0130\u015f Karar Vermekte, Yaral\u0131 Geyik).<\/p>\n<p>Denemeleri<\/p>\n<p> 1971 Ni\u00e7in A\u015fk,<br \/> 1976 Senin \u0130\u00e7in Ey Demokrasi,<br \/> 1982 Etiler Mektuplar\u0131.<\/p>\n<p>G\u00fcnce<\/p>\n<p> 1987 Ye\u015fil Bir At S\u0131rt\u0131nda<\/p>\n<p>\u00d6d\u00fclleri<\/p>\n<p> 1957 Sait Faik Hikaye Arma\u011fan\u0131 (De\u011fi\u015fik G\u00f6zle adl\u0131 kitab\u0131yla)<br \/> 1969 T\u00fcrk Dili Kurumu \u015eiir \u00d6d\u00fcl\u00fc (Ya\u011fmurlu Deniz adl\u0131 kitab\u0131yla)<br \/> 1984 Yeditepe \u015eiir \u00d6d\u00fcl\u00fc (B\u00fct\u00fcn \u015eiirleri I ile)<\/p>\n","protected":false},"excerpt":{"rendered":"<p>Necati Cumal\u0131 edebiyata yal\u0131n \u015fiirlerle ve g\u00fc\u00e7l\u00fc Sabahattin Ali etkileri ta\u015f\u0131yan hik\u00e2yelerle girmi\u015f, giderek \u00f6zg\u00fcn bir soluk olu\u015fturmu\u015f usta bir T\u00fcrk edebiyat\u00e7\u0131s\u0131d\u0131r. 1921 y\u0131l\u0131nda bug\u00fcn Yunanistan s\u0131n\u0131rlar\u0131 i\u00e7inde bulunan o d\u00f6nemin Rumeli Vilayet-i Celilesine(Manasd\u0131r&#8217;a) ba\u011fl\u0131 ve Cuma beyleriyle me\u015fhur olan Cuma&#8217;kazas\u0131nda do\u011fmu\u015f, ailesi 1923 T\u00fcrkiye-Yunanistan N\u00fcfus M\u00fcbadelesi kapsam\u0131nda T\u00fcrkiye&#8217;ye g\u00f6\u00e7 ederek \u0130zmir&#8217;in Urla il\u00e7esine yerle\u015fmi\u015ftir. [&hellip;]<\/p>\n","protected":false},"author":1,"featured_media":0,"comment_status":"open","ping_status":"open","sticky":false,"template":"","format":"standard","meta":{"footnotes":""},"categories":[24],"tags":[],"class_list":{"0":"post-684","1":"post","2":"type-post","3":"status-publish","4":"format-standard","6":"category-necati-cumali"},"yoast_head":"<!-- This site is optimized with the Yoast SEO Premium plugin v24.9 (Yoast SEO v24.9) - https:\/\/yoast.com\/wordpress\/plugins\/seo\/ -->\n<title>Necati CUMALI Biyografisi - narteks.net<\/title>\n<meta name=\"robots\" content=\"index, follow, max-snippet:-1, max-image-preview:large, max-video-preview:-1\" \/>\n<link rel=\"canonical\" href=\"https:\/\/narteks.net\/index.php\/2009\/04\/17\/necati-cumali-biyografisi\/\" \/>\n<meta property=\"og:locale\" content=\"tr_TR\" \/>\n<meta property=\"og:type\" content=\"article\" \/>\n<meta property=\"og:title\" content=\"Necati CUMALI Biyografisi\" \/>\n<meta property=\"og:description\" content=\"Necati Cumal\u0131 edebiyata yal\u0131n \u015fiirlerle ve g\u00fc\u00e7l\u00fc Sabahattin Ali etkileri ta\u015f\u0131yan hik\u00e2yelerle girmi\u015f, giderek \u00f6zg\u00fcn bir soluk olu\u015fturmu\u015f usta bir T\u00fcrk edebiyat\u00e7\u0131s\u0131d\u0131r. 1921 y\u0131l\u0131nda bug\u00fcn Yunanistan s\u0131n\u0131rlar\u0131 i\u00e7inde bulunan o d\u00f6nemin Rumeli Vilayet-i Celilesine(Manasd\u0131r&#8217;a) ba\u011fl\u0131 ve Cuma beyleriyle me\u015fhur olan Cuma&#8217;kazas\u0131nda do\u011fmu\u015f, ailesi 1923 T\u00fcrkiye-Yunanistan N\u00fcfus M\u00fcbadelesi kapsam\u0131nda T\u00fcrkiye&#8217;ye g\u00f6\u00e7 ederek \u0130zmir&#8217;in Urla il\u00e7esine yerle\u015fmi\u015ftir. [&hellip;]\" \/>\n<meta property=\"og:url\" content=\"https:\/\/narteks.net\/index.php\/2009\/04\/17\/necati-cumali-biyografisi\/\" \/>\n<meta property=\"og:site_name\" content=\"narteks.net\" \/>\n<meta property=\"article:published_time\" content=\"2009-04-17T06:59:24+00:00\" \/>\n<meta property=\"og:image\" content=\"http:\/\/upload.wikimedia.org\/wikipedia\/tr\/b\/ba\/Necaticumali2-1-.jpg\" \/>\n<meta name=\"author\" content=\"Tar\u0131k\" \/>\n<meta name=\"twitter:card\" content=\"summary_large_image\" \/>\n<meta name=\"twitter:creator\" content=\"@narteks\" \/>\n<meta name=\"twitter:site\" content=\"@narteks\" \/>\n<meta name=\"twitter:label1\" content=\"Yazan:\" \/>\n\t<meta name=\"twitter:data1\" content=\"Tar\u0131k\" \/>\n\t<meta name=\"twitter:label2\" content=\"Tahmini okuma s\u00fcresi\" \/>\n\t<meta name=\"twitter:data2\" content=\"4 dakika\" \/>\n<script type=\"application\/ld+json\" class=\"yoast-schema-graph\">{\"@context\":\"https:\/\/schema.org\",\"@graph\":[{\"@type\":\"Article\",\"@id\":\"https:\/\/narteks.net\/index.php\/2009\/04\/17\/necati-cumali-biyografisi\/#article\",\"isPartOf\":{\"@id\":\"https:\/\/narteks.net\/index.php\/2009\/04\/17\/necati-cumali-biyografisi\/\"},\"author\":{\"name\":\"Tar\u0131k\",\"@id\":\"https:\/\/narteks.net\/#\/schema\/person\/61f37d9834294b72d31d274e7ed79bca\"},\"headline\":\"Necati CUMALI Biyografisi\",\"datePublished\":\"2009-04-17T06:59:24+00:00\",\"mainEntityOfPage\":{\"@id\":\"https:\/\/narteks.net\/index.php\/2009\/04\/17\/necati-cumali-biyografisi\/\"},\"wordCount\":861,\"commentCount\":0,\"publisher\":{\"@id\":\"https:\/\/narteks.net\/#organization\"},\"image\":{\"@id\":\"https:\/\/narteks.net\/index.php\/2009\/04\/17\/necati-cumali-biyografisi\/#primaryimage\"},\"thumbnailUrl\":\"http:\/\/upload.wikimedia.org\/wikipedia\/tr\/b\/ba\/Necaticumali2-1-.jpg\",\"articleSection\":[\"Necati CUMALI\"],\"inLanguage\":\"tr\",\"potentialAction\":[{\"@type\":\"CommentAction\",\"name\":\"Comment\",\"target\":[\"https:\/\/narteks.net\/index.php\/2009\/04\/17\/necati-cumali-biyografisi\/#respond\"]}]},{\"@type\":\"WebPage\",\"@id\":\"https:\/\/narteks.net\/index.php\/2009\/04\/17\/necati-cumali-biyografisi\/\",\"url\":\"https:\/\/narteks.net\/index.php\/2009\/04\/17\/necati-cumali-biyografisi\/\",\"name\":\"Necati CUMALI Biyografisi - narteks.net\",\"isPartOf\":{\"@id\":\"https:\/\/narteks.net\/#website\"},\"primaryImageOfPage\":{\"@id\":\"https:\/\/narteks.net\/index.php\/2009\/04\/17\/necati-cumali-biyografisi\/#primaryimage\"},\"image\":{\"@id\":\"https:\/\/narteks.net\/index.php\/2009\/04\/17\/necati-cumali-biyografisi\/#primaryimage\"},\"thumbnailUrl\":\"http:\/\/upload.wikimedia.org\/wikipedia\/tr\/b\/ba\/Necaticumali2-1-.jpg\",\"datePublished\":\"2009-04-17T06:59:24+00:00\",\"breadcrumb\":{\"@id\":\"https:\/\/narteks.net\/index.php\/2009\/04\/17\/necati-cumali-biyografisi\/#breadcrumb\"},\"inLanguage\":\"tr\",\"potentialAction\":[{\"@type\":\"ReadAction\",\"target\":[\"https:\/\/narteks.net\/index.php\/2009\/04\/17\/necati-cumali-biyografisi\/\"]}]},{\"@type\":\"ImageObject\",\"inLanguage\":\"tr\",\"@id\":\"https:\/\/narteks.net\/index.php\/2009\/04\/17\/necati-cumali-biyografisi\/#primaryimage\",\"url\":\"http:\/\/upload.wikimedia.org\/wikipedia\/tr\/b\/ba\/Necaticumali2-1-.jpg\",\"contentUrl\":\"http:\/\/upload.wikimedia.org\/wikipedia\/tr\/b\/ba\/Necaticumali2-1-.jpg\"},{\"@type\":\"BreadcrumbList\",\"@id\":\"https:\/\/narteks.net\/index.php\/2009\/04\/17\/necati-cumali-biyografisi\/#breadcrumb\",\"itemListElement\":[{\"@type\":\"ListItem\",\"position\":1,\"name\":\"Anasayfa\",\"item\":\"https:\/\/narteks.net\/\"},{\"@type\":\"ListItem\",\"position\":2,\"name\":\"Necati CUMALI Biyografisi\"}]},{\"@type\":\"WebSite\",\"@id\":\"https:\/\/narteks.net\/#website\",\"url\":\"https:\/\/narteks.net\/\",\"name\":\"narteks.net\",\"description\":\"K\u00fclt\u00fcr Sanat Edebiyat Felsefe\",\"publisher\":{\"@id\":\"https:\/\/narteks.net\/#organization\"},\"alternateName\":\"K\u00fclt\u00fcr Sanat Edebiyat Felsefe\",\"potentialAction\":[{\"@type\":\"SearchAction\",\"target\":{\"@type\":\"EntryPoint\",\"urlTemplate\":\"https:\/\/narteks.net\/?s={search_term_string}\"},\"query-input\":{\"@type\":\"PropertyValueSpecification\",\"valueRequired\":true,\"valueName\":\"search_term_string\"}}],\"inLanguage\":\"tr\"},{\"@type\":\"Organization\",\"@id\":\"https:\/\/narteks.net\/#organization\",\"name\":\"narteks.net\",\"url\":\"https:\/\/narteks.net\/\",\"logo\":{\"@type\":\"ImageObject\",\"inLanguage\":\"tr\",\"@id\":\"https:\/\/narteks.net\/#\/schema\/logo\/image\/\",\"url\":\"https:\/\/narteks.net\/wp-content\/uploads\/narteks.png\",\"contentUrl\":\"https:\/\/narteks.net\/wp-content\/uploads\/narteks.png\",\"width\":300,\"height\":90,\"caption\":\"narteks.net\"},\"image\":{\"@id\":\"https:\/\/narteks.net\/#\/schema\/logo\/image\/\"},\"sameAs\":[\"https:\/\/x.com\/narteks\",\"https:\/\/instagram.com\/narteksnet\"]},{\"@type\":\"Person\",\"@id\":\"https:\/\/narteks.net\/#\/schema\/person\/61f37d9834294b72d31d274e7ed79bca\",\"name\":\"Tar\u0131k\",\"image\":{\"@type\":\"ImageObject\",\"inLanguage\":\"tr\",\"@id\":\"https:\/\/narteks.net\/#\/schema\/person\/image\/\",\"url\":\"https:\/\/secure.gravatar.com\/avatar\/50865afb55632c4ae467e0af0930f6510aa2297d8014be502a55b14f3b7550cf?s=96&d=mm&r=g\",\"contentUrl\":\"https:\/\/secure.gravatar.com\/avatar\/50865afb55632c4ae467e0af0930f6510aa2297d8014be502a55b14f3b7550cf?s=96&d=mm&r=g\",\"caption\":\"Tar\u0131k\"},\"sameAs\":[\"http:\/\/narteks.net\"],\"url\":\"https:\/\/narteks.net\/index.php\/author\/narbak\/\"}]}<\/script>\n<!-- \/ Yoast SEO Premium plugin. -->","yoast_head_json":{"title":"Necati CUMALI Biyografisi - narteks.net","robots":{"index":"index","follow":"follow","max-snippet":"max-snippet:-1","max-image-preview":"max-image-preview:large","max-video-preview":"max-video-preview:-1"},"canonical":"https:\/\/narteks.net\/index.php\/2009\/04\/17\/necati-cumali-biyografisi\/","og_locale":"tr_TR","og_type":"article","og_title":"Necati CUMALI Biyografisi","og_description":"Necati Cumal\u0131 edebiyata yal\u0131n \u015fiirlerle ve g\u00fc\u00e7l\u00fc Sabahattin Ali etkileri ta\u015f\u0131yan hik\u00e2yelerle girmi\u015f, giderek \u00f6zg\u00fcn bir soluk olu\u015fturmu\u015f usta bir T\u00fcrk edebiyat\u00e7\u0131s\u0131d\u0131r. 1921 y\u0131l\u0131nda bug\u00fcn Yunanistan s\u0131n\u0131rlar\u0131 i\u00e7inde bulunan o d\u00f6nemin Rumeli Vilayet-i Celilesine(Manasd\u0131r&#8217;a) ba\u011fl\u0131 ve Cuma beyleriyle me\u015fhur olan Cuma&#8217;kazas\u0131nda do\u011fmu\u015f, ailesi 1923 T\u00fcrkiye-Yunanistan N\u00fcfus M\u00fcbadelesi kapsam\u0131nda T\u00fcrkiye&#8217;ye g\u00f6\u00e7 ederek \u0130zmir&#8217;in Urla il\u00e7esine yerle\u015fmi\u015ftir. [&hellip;]","og_url":"https:\/\/narteks.net\/index.php\/2009\/04\/17\/necati-cumali-biyografisi\/","og_site_name":"narteks.net","article_published_time":"2009-04-17T06:59:24+00:00","og_image":[{"url":"http:\/\/upload.wikimedia.org\/wikipedia\/tr\/b\/ba\/Necaticumali2-1-.jpg","type":"","width":"","height":""}],"author":"Tar\u0131k","twitter_card":"summary_large_image","twitter_creator":"@narteks","twitter_site":"@narteks","twitter_misc":{"Yazan:":"Tar\u0131k","Tahmini okuma s\u00fcresi":"4 dakika"},"schema":{"@context":"https:\/\/schema.org","@graph":[{"@type":"Article","@id":"https:\/\/narteks.net\/index.php\/2009\/04\/17\/necati-cumali-biyografisi\/#article","isPartOf":{"@id":"https:\/\/narteks.net\/index.php\/2009\/04\/17\/necati-cumali-biyografisi\/"},"author":{"name":"Tar\u0131k","@id":"https:\/\/narteks.net\/#\/schema\/person\/61f37d9834294b72d31d274e7ed79bca"},"headline":"Necati CUMALI Biyografisi","datePublished":"2009-04-17T06:59:24+00:00","mainEntityOfPage":{"@id":"https:\/\/narteks.net\/index.php\/2009\/04\/17\/necati-cumali-biyografisi\/"},"wordCount":861,"commentCount":0,"publisher":{"@id":"https:\/\/narteks.net\/#organization"},"image":{"@id":"https:\/\/narteks.net\/index.php\/2009\/04\/17\/necati-cumali-biyografisi\/#primaryimage"},"thumbnailUrl":"http:\/\/upload.wikimedia.org\/wikipedia\/tr\/b\/ba\/Necaticumali2-1-.jpg","articleSection":["Necati CUMALI"],"inLanguage":"tr","potentialAction":[{"@type":"CommentAction","name":"Comment","target":["https:\/\/narteks.net\/index.php\/2009\/04\/17\/necati-cumali-biyografisi\/#respond"]}]},{"@type":"WebPage","@id":"https:\/\/narteks.net\/index.php\/2009\/04\/17\/necati-cumali-biyografisi\/","url":"https:\/\/narteks.net\/index.php\/2009\/04\/17\/necati-cumali-biyografisi\/","name":"Necati CUMALI Biyografisi - narteks.net","isPartOf":{"@id":"https:\/\/narteks.net\/#website"},"primaryImageOfPage":{"@id":"https:\/\/narteks.net\/index.php\/2009\/04\/17\/necati-cumali-biyografisi\/#primaryimage"},"image":{"@id":"https:\/\/narteks.net\/index.php\/2009\/04\/17\/necati-cumali-biyografisi\/#primaryimage"},"thumbnailUrl":"http:\/\/upload.wikimedia.org\/wikipedia\/tr\/b\/ba\/Necaticumali2-1-.jpg","datePublished":"2009-04-17T06:59:24+00:00","breadcrumb":{"@id":"https:\/\/narteks.net\/index.php\/2009\/04\/17\/necati-cumali-biyografisi\/#breadcrumb"},"inLanguage":"tr","potentialAction":[{"@type":"ReadAction","target":["https:\/\/narteks.net\/index.php\/2009\/04\/17\/necati-cumali-biyografisi\/"]}]},{"@type":"ImageObject","inLanguage":"tr","@id":"https:\/\/narteks.net\/index.php\/2009\/04\/17\/necati-cumali-biyografisi\/#primaryimage","url":"http:\/\/upload.wikimedia.org\/wikipedia\/tr\/b\/ba\/Necaticumali2-1-.jpg","contentUrl":"http:\/\/upload.wikimedia.org\/wikipedia\/tr\/b\/ba\/Necaticumali2-1-.jpg"},{"@type":"BreadcrumbList","@id":"https:\/\/narteks.net\/index.php\/2009\/04\/17\/necati-cumali-biyografisi\/#breadcrumb","itemListElement":[{"@type":"ListItem","position":1,"name":"Anasayfa","item":"https:\/\/narteks.net\/"},{"@type":"ListItem","position":2,"name":"Necati CUMALI Biyografisi"}]},{"@type":"WebSite","@id":"https:\/\/narteks.net\/#website","url":"https:\/\/narteks.net\/","name":"narteks.net","description":"K\u00fclt\u00fcr Sanat Edebiyat Felsefe","publisher":{"@id":"https:\/\/narteks.net\/#organization"},"alternateName":"K\u00fclt\u00fcr Sanat Edebiyat Felsefe","potentialAction":[{"@type":"SearchAction","target":{"@type":"EntryPoint","urlTemplate":"https:\/\/narteks.net\/?s={search_term_string}"},"query-input":{"@type":"PropertyValueSpecification","valueRequired":true,"valueName":"search_term_string"}}],"inLanguage":"tr"},{"@type":"Organization","@id":"https:\/\/narteks.net\/#organization","name":"narteks.net","url":"https:\/\/narteks.net\/","logo":{"@type":"ImageObject","inLanguage":"tr","@id":"https:\/\/narteks.net\/#\/schema\/logo\/image\/","url":"https:\/\/narteks.net\/wp-content\/uploads\/narteks.png","contentUrl":"https:\/\/narteks.net\/wp-content\/uploads\/narteks.png","width":300,"height":90,"caption":"narteks.net"},"image":{"@id":"https:\/\/narteks.net\/#\/schema\/logo\/image\/"},"sameAs":["https:\/\/x.com\/narteks","https:\/\/instagram.com\/narteksnet"]},{"@type":"Person","@id":"https:\/\/narteks.net\/#\/schema\/person\/61f37d9834294b72d31d274e7ed79bca","name":"Tar\u0131k","image":{"@type":"ImageObject","inLanguage":"tr","@id":"https:\/\/narteks.net\/#\/schema\/person\/image\/","url":"https:\/\/secure.gravatar.com\/avatar\/50865afb55632c4ae467e0af0930f6510aa2297d8014be502a55b14f3b7550cf?s=96&d=mm&r=g","contentUrl":"https:\/\/secure.gravatar.com\/avatar\/50865afb55632c4ae467e0af0930f6510aa2297d8014be502a55b14f3b7550cf?s=96&d=mm&r=g","caption":"Tar\u0131k"},"sameAs":["http:\/\/narteks.net"],"url":"https:\/\/narteks.net\/index.php\/author\/narbak\/"}]}},"_links":{"self":[{"href":"https:\/\/narteks.net\/index.php\/wp-json\/wp\/v2\/posts\/684","targetHints":{"allow":["GET"]}}],"collection":[{"href":"https:\/\/narteks.net\/index.php\/wp-json\/wp\/v2\/posts"}],"about":[{"href":"https:\/\/narteks.net\/index.php\/wp-json\/wp\/v2\/types\/post"}],"author":[{"embeddable":true,"href":"https:\/\/narteks.net\/index.php\/wp-json\/wp\/v2\/users\/1"}],"replies":[{"embeddable":true,"href":"https:\/\/narteks.net\/index.php\/wp-json\/wp\/v2\/comments?post=684"}],"version-history":[{"count":0,"href":"https:\/\/narteks.net\/index.php\/wp-json\/wp\/v2\/posts\/684\/revisions"}],"wp:attachment":[{"href":"https:\/\/narteks.net\/index.php\/wp-json\/wp\/v2\/media?parent=684"}],"wp:term":[{"taxonomy":"category","embeddable":true,"href":"https:\/\/narteks.net\/index.php\/wp-json\/wp\/v2\/categories?post=684"},{"taxonomy":"post_tag","embeddable":true,"href":"https:\/\/narteks.net\/index.php\/wp-json\/wp\/v2\/tags?post=684"}],"curies":[{"name":"wp","href":"https:\/\/api.w.org\/{rel}","templated":true}]}}